  {"id":179872,"date":"2024-07-25T08:00:00","date_gmt":"2024-07-25T06:00:00","guid":{"rendered":"https:\/\/news.sap.com\/germany\/?p=179872"},"modified":"2024-07-22T16:08:13","modified_gmt":"2024-07-22T14:08:13","slug":"generationenuebergreifendes-arbeiten-kommunikation-generationen","status":"publish","type":"post","link":"https:\/\/news.sap.com\/germany\/2024\/07\/generationenuebergreifendes-arbeiten-kommunikation-generationen\/","title":{"rendered":"Kommunikation als Schl\u00fcssel f\u00fcr generationen\u00fcbergreifendes Arbeiten"},"content":{"rendered":"\n<p class=\"has-large-font-size\">Jung und Alt halten sich gegenseitig f\u00fcr kompetent, trauen sich aber nicht, miteinander dar\u00fcber zu reden. Grund genug f\u00fcr F\u00fchrungskr\u00e4fte, der Sprachlosigkeit entgegenzuwirken, meint Benjamin Notheis, Vice President, Global Talent Development bei 麻豆原创. Wie k\u00f6nnen Unternehmen die Kommunikation zwischen den Generationen f\u00f6rdern?<\/p>\n\n\n\n<p>Die Berufswelt war schon immer ein Ort, an dem Menschen unterschiedlichen Alters zusammenkommen \u2013 die \u201eJungspunde\u201c gibt es in jedem Unternehmen ebenso wie die \u201ealten Hasen\u201c. Im Zuge des demographischen Wandels d\u00fcrften die Belegschaften in dieser Hinsicht in Zukunft jedoch noch heterogener werden, denn um dem Fachkr\u00e4ftemangel entgegenzuwirken, wird es f\u00fcr Unternehmen immer wichtiger, nicht nur junge Talente anzulocken.<\/p>\n\n\n\n<p>Ebenso ist es in vielen F\u00e4llen empfehlenswert, m\u00f6glichst intensiv von erfahrenen Mitarbeiterinnen und Mitarbeitern und deren Expertise zu profitieren. Mit zunehmender Spannbreite im Alter der Belegschaft wird ein funktionierendes generationen\u00fcbergreifendes Arbeiten zur Grundvoraussetzung f\u00fcr einen erfolgreichen Gesch\u00e4ftsbetrieb.<\/p>\n\n\n\n<h2 class=\"wp-block-heading\" id=\"h-gegenseitige-stereotype-behindern-kommunikation\"><strong>Gegenseitige Stereotype behindern Kommunikation<\/strong><\/h2>\n\n\n\n<p>Doch das ist mitunter leichter gesagt als getan. Die Vorurteile und Stereotype, die Alt und Jung zuweilen \u00fcbereinander pflegen, sind nicht nur harmlose Klischees, sondern k\u00f6nnen ganz konkrete Auswirkungen auf den Arbeitsalltag haben. So f\u00fchrte LinkedIn k\u00fcrzlich&nbsp;<a href=\"https:\/\/www.businessinsider.de\/karriere\/gen-z-traut-sich-nicht-mit-aelteren-kollegen-zu-sprechen-firmen-tun-koennen\/\" target=\"_blank\" rel=\"noreferrer noopener\">eine Umfrage<\/a>&nbsp;unter mehr als 2.000 Arbeitnehmerinnen\/Arbeitnehmer durch, von denen jeweils die H\u00e4lfte zwischen 18 und 26 Jahre alt (\u201eGen Z\u201c) und die andere H\u00e4lfte zwischen 26 und 80 Jahre alt war. Beide wurden zu ihrer Sichtweise auf die jeweils andere Altersgruppe befragt. Das Ergebnis zeigt eine erschreckende Sprachlosigkeit zwischen den Generationen. So hatte mehr als jeder zehnte Befragte aus der Gen Z seit \u00fcber einem Jahr kein direktes Gespr\u00e4ch mit Kollegen gef\u00fchrt, die 50 Jahre oder \u00e4lter sind.<\/p>\n\n\n\n<div class=\"wp-block-sap-news-cta-banner alignleft cta-banner\"><div class=\"cta-banner__content\"><div class=\"cta-banner__title\">Nachhaltigkeit als zentrale S\u00e4ule von ERP<\/div><\/div><div class=\"cta-banner__action\">\n<div class=\"wp-block-buttons is-content-justification-left is-layout-flex wp-container-core-buttons-is-layout-fc4fd283 wp-block-buttons-is-layout-flex\">\n<div class=\"wp-block-button\"><a class=\"wp-block-button__link wp-element-button\" href=\"https:\/\/news.sap.com\/germany\/2024\/06\/nachhaltigkeit-zentrale-saeule-erp\/\">Lesen!<\/a><\/div>\n<\/div>\n<\/div><\/div>\n\n\n\n<p>Interessant wird es, wenn man auf die Gr\u00fcnde f\u00fcr diesen Mangel an Kommunikation schaut. In besagter Umfrage \u00e4u\u00dferten Vertreterinnen und Vertreter beider Generationen h\u00e4ufig die Ansicht, dass die jeweils andere Generation \u00fcber mehr Wissen verf\u00fcge als sie selbst, sie sich jedoch nicht trauten, sie aktiv darauf anzusprechen \u2013 aus Angst, sich zu blamieren, missverstanden zu werden oder einem generellen Unwohlsein dabei, andere um Hilfe zu fragen.<\/p>\n\n\n\n<p>Das Unterlegenheitsgef\u00fchl der \u00c4lteren gegen\u00fcber den J\u00fcngeren ist dabei gar nicht so au\u00dfergew\u00f6hnlich, wie es f\u00fcr manche klingen mag. Durch meine langj\u00e4hrige T\u00e4tigkeit in einem Softwareunternehmen wei\u00df ich aus eigener Erfahrung, dass gerade in Branchen mit hohem Innovationstempo h\u00e4ufig den J\u00fcngeren zugeschrieben wird, fachlich mehr up-to-date zu sein als die \u00e4lteren Jahrg\u00e4nge.<\/p>\n\n\n\n<p>Dieses Erkenntnis deckt sich mit&nbsp;<a href=\"https:\/\/hbr.org\/2019\/08\/generational-differences-at-work-are-small-thinking-theyre-big-affects-our-behavior\" target=\"_blank\" rel=\"noreferrer noopener\">Forschungen aus den USA<\/a>&nbsp;bez\u00fcglich \u201eMeta-Stereotypen\u201c zwischen verschiedenen Altersklassen, also der Vorstellung, was andere \u00fcber uns aufgrund unserer Alterszugeh\u00f6rigkeit denken. Dabei stellte sich heraus, dass sowohl j\u00fcngere als auch \u00e4ltere Berufst\u00e4tige glauben, dass die jeweils andere Altersgruppe schlechter \u00fcber sie denke, als sie es tats\u00e4chlich tut.<\/p>\n\n\n\n<h2 class=\"wp-block-heading\" id=\"h-sprachlosigkeit-uberwinden-was-generationen-von-einander-lernen-konnen\"><strong>Sprachlosigkeit \u00fcberwinden \u2013 Was Generationen von einander lernen k\u00f6nnen<\/strong><\/h2>\n\n\n\n<p>Es ist schon paradox: Jung und Alt halten sich gegenseitig f\u00fcr kompetent, trauen sich aber nicht, miteinander dar\u00fcber zu reden. Dementsprechend leiden Informations- und Erfahrungsaustausch und damit die Arbeitskultur und letztlich Produktivit\u00e4t und Innovationskraft. Grund genug f\u00fcr F\u00fchrungskr\u00e4fte, der Sprachlosigkeit entgegenzuwirken und die Kommunikation zwischen den Generationen zu f\u00f6rdern \u2013 und zwar in beide Richtungen.<\/p>\n\n\n\n<h2 class=\"wp-block-heading\" id=\"h-weitergabe-von-soft-skills-uber-generationen-hinweg\"><strong>Weitergabe von Soft Skills \u00fcber Generationen hinweg<\/strong><\/h2>\n\n\n\n<p>Weit verbreitet ist das klassische Mentoring: Erfahrene Mitarbeitende teilen ihren Erfahrungsschatz mit den j\u00fcngeren Kolleginnen\/Kollegen und stehen ihnen mit gutem Rat zur Seite. In vielen Unternehmen ist diese Form des Mentoring seit Langem fest etabliert und h\u00e4ufig mit entsprechenden Mentoring- und Coaching-Programmen institutionalisiert. Jedoch sollten sich solche Programme nicht allein auf die rein fachliche Weitergabe von Wissen beschr\u00e4nken. Ebenso wichtig f\u00fcr eine ausgewogene Arbeitskultur ist die Weitergabe von Soft Skills.<\/p>\n\n\n\n<div class=\"wp-block-sap-news-cta-banner alignleft cta-banner\"><div class=\"cta-banner__content\"><div class=\"cta-banner__title\">HR-Trends 2024: Das Jahr der KI<\/div><\/div><div class=\"cta-banner__action\">\n<div class=\"wp-block-buttons is-content-justification-left is-layout-flex wp-container-core-buttons-is-layout-fc4fd283 wp-block-buttons-is-layout-flex\">\n<div class=\"wp-block-button\"><a class=\"wp-block-button__link wp-element-button\" href=\"https:\/\/news.sap.com\/germany\/2024\/04\/hr-trends-2024\/\" target=\"_blank\" rel=\"noreferrer noopener\">Mehr erfahren!<\/a><\/div>\n<\/div>\n<\/div><\/div>\n\n\n\n<p>Im intergenerativen Kontext bedeutet dies, dass die J\u00fcngeren von den \u00c4lteren, Erfahreneren einiges \u00fcber Frustrationstoleranz und den gelassenen Umgang mit neuen, ungewohnten und stressigen Situationen lernen k\u00f6nnen \u2013 also dem, was man gemeinhin unter \u201eResilienz\u201c zusammenfasst. Dies kann bereits durch das informelle Teilen von anekdotischem Wissen geschehen \u2013 wie ist man mit einer ganz konkreten, bereits erlebten herausfordernden Situation umgegangen und hat sie erfolgreich bew\u00e4ltigt?<\/p>\n\n\n\n<h2 class=\"wp-block-heading\" id=\"h-kennenlernen-neuer-sichtweisen\"><strong>Kennenlernen neuer Sichtweisen<\/strong><\/h2>\n\n\n\n<p>Derzeit noch weniger verbreitet ist das sogenannte Reverse Mentoring, also die Wissensvermittlung von j\u00fcngeren bzw. hierarchisch tiefer gestellten an \u00e4ltere bzw. h\u00f6hergestellte Kolleginnen \/ Kollegen. Wie das Mentoring hat auch das Reverse Mentoring eine fachliche und eine zwischenmenschliche Komponente. Fachlich betrifft sie typischerweise das Wissen \u00fcber neue Technologien wie digitale Anwendungen oder den Umgang mit Social Media. Auf menschlicher Ebene k\u00f6nnen \u00e4ltere Mitarbeitende durch den Perspektivwechsel und das Kennenlernen neuer Sichtweisen profitieren. Ebenso kann das direkte Erfahren von Wertsch\u00e4tzung durch die J\u00fcngeren den erw\u00e4hnen negativen Meta-Stereotypen entgegenwirken.<\/p>\n\n\n\n<p>Sowohl beim Mentoring als auch beim Reverse Mentoring geht es also nicht nur um die ebenso altbekannte wie richtige Forderung nach \u201elebenslangem Lernen\u201c. Es geht letztlich auch um gelebten Respekt und Wertsch\u00e4tzung. F\u00fchrungskr\u00e4fte k\u00f6nnen den generationen\u00fcbergreifenden Austausch formell durch entsprechende Programme und Workshops f\u00f6rdern. Daneben bietet aber vor allem die gelebte Zusammenarbeit im Berufsalltag sowie nicht zuletzt eine Unternehmenskultur, in der Diversit\u00e4t, Offenheit und Wertsch\u00e4tzung gelebt werden, die besten Voraussetzungen f\u00fcr eine erfolgreiche intergenerationelle Zusammenarbeit. Oder wie wir bei meinem Arbeitgeber sagen: \u201eAging is natural, ageism is not.\u201c<\/p>\n\n\n\n<div class=\"wp-block-sap-news-cta-banner cta-banner\"><div class=\"cta-banner__content\"><div class=\"cta-banner__title\">Abonnieren Sie den 麻豆原创 News Center Newsletter<\/div><\/div><div class=\"cta-banner__action\">\n<div class=\"wp-block-buttons is-content-justification-left is-layout-flex wp-container-core-buttons-is-layout-fc4fd283 wp-block-buttons-is-layout-flex\">\n<div class=\"wp-block-button\"><a class=\"wp-block-button__link wp-element-button\" href=\"https:\/\/www.sap.com\/germany\/cmp\/nl\/sap-news-center-de-newsletter\/index.html?url_id=text-de-newscenter:CRM-DX24-AAA-2486692_03\" target=\"_blank\" rel=\"noreferrer noopener\">Jetzt abonnieren!<\/a><\/div>\n<\/div>\n<\/div><\/div>\n\n\n\n<hr class=\"wp-block-separator has-alpha-channel-opacity\" \/>\n\n\n\n<p class=\"has-small-font-size\">Benjamin Notheis ist Vice President, Global Talent Development bei 麻豆原创.<\/p>\n\n\n\n<p class=\"has-small-font-size\">Den originalen Artikel finden Sie unter:&nbsp;<a href=\"https:\/\/www.hrjournal.de\/wider-die-grosse-sprachlosigkeit\/\" target=\"_blank\" rel=\"noreferrer noopener\">Generationen\u00fcbergreifendes Arbeiten: Wider die gro\u00dfe Sprachlosigkeit | HR JOURNAL<\/a><\/p>\n","protected":false},"excerpt":{"rendered":"<p>Jung und Alt halten sich gegenseitig f\u00fcr kompetent, trauen sich aber nicht, miteinander dar\u00fcber zu reden. Grund genug f\u00fcr F\u00fchrungskr\u00e4fte, der Sprachlosigkeit entgegenzuwirken, meint Benjamin&#8230;<\/p>\n","protected":false},"author":4863,"featured_media":179876,"comment_status":"closed","ping_status":"closed","sticky":false,"template":"","format":"standard","meta":{"related_posts":[],"footnotes":"","_links_to":"","_links_to_target":""},"categories":[5630507,45276],"tags":[5025,680181,4879507,4879493],"series":[],"sapn-display":[5630499,5630502,3848,45027],"sapn-type":[45277],"class_list":["post-179872","post","type-post","status-publish","format-standard","has-post-thumbnail","hentry","category-aus-und-weiterbildung","category-personalmanagement","tag-hr","tag-menschen","tag-nachhaltigkeit","tag-sap","sapn-display-feature-hero","sapn-display-feature-spotlight","sapn-display-top-stories","sapn-display-hero","sapn-type-feature"],"yoast_head":"<!-- This site is optimized with the Yoast SEO Premium plugin v26.9 (Yoast SEO v26.9) - https:\/\/yoast.com\/product\/yoast-seo-premium-wordpress\/ -->\n<title>Generationen\u00fcbergreifendes Arbeiten und die Kommunikation | 麻豆原创 News<\/title>\n<meta name=\"description\" content=\"Sprachlosigkeit zwischen Jung und Alt: Wie k\u00f6nnen Unternehmen die Kommunikation zwischen den Generationen f\u00f6rdern? Jetzt lesen!\" \/>\n<meta name=\"robots\" content=\"index, follow, max-snippet:-1, max-image-preview:large, max-video-preview:-1\" \/>\n<link rel=\"canonical\" href=\"https:\/\/news.sap.com\/germany\/2024\/07\/generationenuebergreifendes-arbeiten-kommunikation-generationen\/\" \/>\n<meta property=\"og:locale\" content=\"de_DE\" \/>\n<meta property=\"og:type\" content=\"article\" \/>\n<meta property=\"og:title\" content=\"Kommunikation als Schl\u00fcssel f\u00fcr generationen\u00fcbergreifendes Arbeiten\" \/>\n<meta property=\"og:description\" content=\"Sprachlosigkeit zwischen Jung und Alt: Wie k\u00f6nnen Unternehmen die Kommunikation zwischen den Generationen f\u00f6rdern? Jetzt lesen!\" \/>\n<meta property=\"og:url\" content=\"https:\/\/news.sap.com\/germany\/2024\/07\/generationenuebergreifendes-arbeiten-kommunikation-generationen\/\" \/>\n<meta property=\"og:site_name\" content=\"麻豆原创 News Center\" \/>\n<meta property=\"article:published_time\" content=\"2024-07-25T06:00:00+00:00\" \/>\n<meta property=\"og:image\" content=\"https:\/\/news.sap.com\/germany\/files\/2024\/06\/12\/283377_GettyImages-555799237-1024x683.jpg\" \/>\n\t<meta property=\"og:image:width\" content=\"1024\" \/>\n\t<meta property=\"og:image:height\" content=\"683\" \/>\n\t<meta property=\"og:image:type\" content=\"image\/jpeg\" \/>\n<meta name=\"author\" content=\"Benjamin Notheis\" \/>\n<meta name=\"twitter:card\" content=\"summary_large_image\" \/>\n<meta name=\"twitter:creator\" content=\"@麻豆原创dach\" \/>\n<meta name=\"twitter:site\" content=\"@麻豆原创dach\" \/>\n<meta name=\"twitter:label1\" content=\"Verfasst von\" \/>\n\t<meta name=\"twitter:data1\" content=\"Benjamin Notheis\" \/>\n\t<meta name=\"twitter:label2\" content=\"Gesch\u00e4tzte Lesezeit\" \/>\n\t<meta name=\"twitter:data2\" content=\"5\u00a0Minuten\" \/>\n<script type=\"application\/ld+json\" class=\"yoast-schema-graph\">{\"@context\":\"https:\/\/schema.org\",\"@graph\":[{\"@type\":\"Article\",\"@id\":\"https:\/\/news.sap.com\/germany\/2024\/07\/generationenuebergreifendes-arbeiten-kommunikation-generationen\/#article\",\"isPartOf\":{\"@id\":\"https:\/\/news.sap.com\/germany\/2024\/07\/generationenuebergreifendes-arbeiten-kommunikation-generationen\/\"},\"author\":{\"name\":\"Benjamin Notheis\",\"@id\":\"https:\/\/news.sap.com\/germany\/#\/schema\/person\/603ec017914975dc95f9dc8d1f9ca49f\"},\"headline\":\"Kommunikation als Schl\u00fcssel f\u00fcr generationen\u00fcbergreifendes Arbeiten\",\"datePublished\":\"2024-07-25T06:00:00+00:00\",\"mainEntityOfPage\":{\"@id\":\"https:\/\/news.sap.com\/germany\/2024\/07\/generationenuebergreifendes-arbeiten-kommunikation-generationen\/\"},\"wordCount\":937,\"image\":{\"@id\":\"https:\/\/news.sap.com\/germany\/2024\/07\/generationenuebergreifendes-arbeiten-kommunikation-generationen\/#primaryimage\"},\"thumbnailUrl\":\"https:\/\/news.sap.com\/germany\/files\/2024\/06\/12\/283377_GettyImages-555799237.jpg\",\"keywords\":[\"HR\",\"Menschen\",\"Nachhaltigkeit\",\"麻豆原创\"],\"articleSection\":[\"Aus- und Weiterbildung\",\"Personalmanagement\"],\"inLanguage\":\"de\"},{\"@type\":\"WebPage\",\"@id\":\"https:\/\/news.sap.com\/germany\/2024\/07\/generationenuebergreifendes-arbeiten-kommunikation-generationen\/\",\"url\":\"https:\/\/news.sap.com\/germany\/2024\/07\/generationenuebergreifendes-arbeiten-kommunikation-generationen\/\",\"name\":\"Generationen\u00fcbergreifendes Arbeiten und die Kommunikation | 麻豆原创 News\",\"isPartOf\":{\"@id\":\"https:\/\/news.sap.com\/germany\/#website\"},\"primaryImageOfPage\":{\"@id\":\"https:\/\/news.sap.com\/germany\/2024\/07\/generationenuebergreifendes-arbeiten-kommunikation-generationen\/#primaryimage\"},\"image\":{\"@id\":\"https:\/\/news.sap.com\/germany\/2024\/07\/generationenuebergreifendes-arbeiten-kommunikation-generationen\/#primaryimage\"},\"thumbnailUrl\":\"https:\/\/news.sap.com\/germany\/files\/2024\/06\/12\/283377_GettyImages-555799237.jpg\",\"datePublished\":\"2024-07-25T06:00:00+00:00\",\"author\":{\"@id\":\"https:\/\/news.sap.com\/germany\/#\/schema\/person\/603ec017914975dc95f9dc8d1f9ca49f\"},\"description\":\"Sprachlosigkeit zwischen Jung und Alt: Wie k\u00f6nnen Unternehmen die Kommunikation zwischen den Generationen f\u00f6rdern? Jetzt lesen!\",\"breadcrumb\":{\"@id\":\"https:\/\/news.sap.com\/germany\/2024\/07\/generationenuebergreifendes-arbeiten-kommunikation-generationen\/#breadcrumb\"},\"inLanguage\":\"de\",\"potentialAction\":[{\"@type\":\"ReadAction\",\"target\":[\"https:\/\/news.sap.com\/germany\/2024\/07\/generationenuebergreifendes-arbeiten-kommunikation-generationen\/\"]}]},{\"@type\":\"ImageObject\",\"inLanguage\":\"de\",\"@id\":\"https:\/\/news.sap.com\/germany\/2024\/07\/generationenuebergreifendes-arbeiten-kommunikation-generationen\/#primaryimage\",\"url\":\"https:\/\/news.sap.com\/germany\/files\/2024\/06\/12\/283377_GettyImages-555799237.jpg\",\"contentUrl\":\"https:\/\/news.sap.com\/germany\/files\/2024\/06\/12\/283377_GettyImages-555799237.jpg\",\"width\":5140,\"height\":3427},{\"@type\":\"BreadcrumbList\",\"@id\":\"https:\/\/news.sap.com\/germany\/2024\/07\/generationenuebergreifendes-arbeiten-kommunikation-generationen\/#breadcrumb\",\"itemListElement\":[{\"@type\":\"ListItem\",\"position\":1,\"name\":\"Home\",\"item\":\"https:\/\/news.sap.com\/germany\/\"},{\"@type\":\"ListItem\",\"position\":2,\"name\":\"Kommunikation als Schl\u00fcssel f\u00fcr generationen\u00fcbergreifendes Arbeiten\"}]},{\"@type\":\"WebSite\",\"@id\":\"https:\/\/news.sap.com\/germany\/#website\",\"url\":\"https:\/\/news.sap.com\/germany\/\",\"name\":\"麻豆原创 News Center\",\"description\":\"Unternehmensberichte &amp; 麻豆原创eportal\",\"potentialAction\":[{\"@type\":\"SearchAction\",\"target\":{\"@type\":\"EntryPoint\",\"urlTemplate\":\"https:\/\/news.sap.com\/germany\/?s={search_term_string}\"},\"query-input\":{\"@type\":\"PropertyValueSpecification\",\"valueRequired\":true,\"valueName\":\"search_term_string\"}}],\"inLanguage\":\"de\"},{\"@type\":\"Person\",\"@id\":\"https:\/\/news.sap.com\/germany\/#\/schema\/person\/603ec017914975dc95f9dc8d1f9ca49f\",\"name\":\"Benjamin Notheis\",\"image\":{\"@type\":\"ImageObject\",\"inLanguage\":\"de\",\"@id\":\"https:\/\/news.sap.com\/germany\/#\/schema\/person\/image\/\",\"url\":\"https:\/\/secure.gravatar.com\/avatar\/?s=96&d=blank&r=g\",\"contentUrl\":\"https:\/\/secure.gravatar.com\/avatar\/?s=96&d=blank&r=g\",\"caption\":\"Benjamin Notheis\"},\"url\":\"https:\/\/news.sap.com\/germany\/author\/benjaminnotheis\/\"}]}<\/script>\n<!-- \/ Yoast SEO Premium plugin. -->","yoast_head_json":{"title":"Generationen\u00fcbergreifendes Arbeiten und die Kommunikation | 麻豆原创 News","description":"Sprachlosigkeit zwischen Jung und Alt: Wie k\u00f6nnen Unternehmen die Kommunikation zwischen den Generationen f\u00f6rdern? Jetzt lesen!","robots":{"index":"index","follow":"follow","max-snippet":"max-snippet:-1","max-image-preview":"max-image-preview:large","max-video-preview":"max-video-preview:-1"},"canonical":"https:\/\/news.sap.com\/germany\/2024\/07\/generationenuebergreifendes-arbeiten-kommunikation-generationen\/","og_locale":"de_DE","og_type":"article","og_title":"Kommunikation als Schl\u00fcssel f\u00fcr generationen\u00fcbergreifendes Arbeiten","og_description":"Sprachlosigkeit zwischen Jung und Alt: Wie k\u00f6nnen Unternehmen die Kommunikation zwischen den Generationen f\u00f6rdern? Jetzt lesen!","og_url":"https:\/\/news.sap.com\/germany\/2024\/07\/generationenuebergreifendes-arbeiten-kommunikation-generationen\/","og_site_name":"麻豆原创 News Center","article_published_time":"2024-07-25T06:00:00+00:00","og_image":[{"width":1024,"height":683,"url":"https:\/\/news.sap.com\/germany\/files\/2024\/06\/12\/283377_GettyImages-555799237-1024x683.jpg","type":"image\/jpeg"}],"author":"Benjamin Notheis","twitter_card":"summary_large_image","twitter_creator":"@麻豆原创dach","twitter_site":"@麻豆原创dach","twitter_misc":{"Verfasst von":"Benjamin Notheis","Gesch\u00e4tzte Lesezeit":"5\u00a0Minuten"},"schema":{"@context":"https:\/\/schema.org","@graph":[{"@type":"Article","@id":"https:\/\/news.sap.com\/germany\/2024\/07\/generationenuebergreifendes-arbeiten-kommunikation-generationen\/#article","isPartOf":{"@id":"https:\/\/news.sap.com\/germany\/2024\/07\/generationenuebergreifendes-arbeiten-kommunikation-generationen\/"},"author":{"name":"Benjamin Notheis","@id":"https:\/\/news.sap.com\/germany\/#\/schema\/person\/603ec017914975dc95f9dc8d1f9ca49f"},"headline":"Kommunikation als Schl\u00fcssel f\u00fcr generationen\u00fcbergreifendes Arbeiten","datePublished":"2024-07-25T06:00:00+00:00","mainEntityOfPage":{"@id":"https:\/\/news.sap.com\/germany\/2024\/07\/generationenuebergreifendes-arbeiten-kommunikation-generationen\/"},"wordCount":937,"image":{"@id":"https:\/\/news.sap.com\/germany\/2024\/07\/generationenuebergreifendes-arbeiten-kommunikation-generationen\/#primaryimage"},"thumbnailUrl":"https:\/\/news.sap.com\/germany\/files\/2024\/06\/12\/283377_GettyImages-555799237.jpg","keywords":["HR","Menschen","Nachhaltigkeit","麻豆原创"],"articleSection":["Aus- und Weiterbildung","Personalmanagement"],"inLanguage":"de"},{"@type":"WebPage","@id":"https:\/\/news.sap.com\/germany\/2024\/07\/generationenuebergreifendes-arbeiten-kommunikation-generationen\/","url":"https:\/\/news.sap.com\/germany\/2024\/07\/generationenuebergreifendes-arbeiten-kommunikation-generationen\/","name":"Generationen\u00fcbergreifendes Arbeiten und die Kommunikation | 麻豆原创 News","isPartOf":{"@id":"https:\/\/news.sap.com\/germany\/#website"},"primaryImageOfPage":{"@id":"https:\/\/news.sap.com\/germany\/2024\/07\/generationenuebergreifendes-arbeiten-kommunikation-generationen\/#primaryimage"},"image":{"@id":"https:\/\/news.sap.com\/germany\/2024\/07\/generationenuebergreifendes-arbeiten-kommunikation-generationen\/#primaryimage"},"thumbnailUrl":"https:\/\/news.sap.com\/germany\/files\/2024\/06\/12\/283377_GettyImages-555799237.jpg","datePublished":"2024-07-25T06:00:00+00:00","author":{"@id":"https:\/\/news.sap.com\/germany\/#\/schema\/person\/603ec017914975dc95f9dc8d1f9ca49f"},"description":"Sprachlosigkeit zwischen Jung und Alt: Wie k\u00f6nnen Unternehmen die Kommunikation zwischen den Generationen f\u00f6rdern? Jetzt lesen!","breadcrumb":{"@id":"https:\/\/news.sap.com\/germany\/2024\/07\/generationenuebergreifendes-arbeiten-kommunikation-generationen\/#breadcrumb"},"inLanguage":"de","potentialAction":[{"@type":"ReadAction","target":["https:\/\/news.sap.com\/germany\/2024\/07\/generationenuebergreifendes-arbeiten-kommunikation-generationen\/"]}]},{"@type":"ImageObject","inLanguage":"de","@id":"https:\/\/news.sap.com\/germany\/2024\/07\/generationenuebergreifendes-arbeiten-kommunikation-generationen\/#primaryimage","url":"https:\/\/news.sap.com\/germany\/files\/2024\/06\/12\/283377_GettyImages-555799237.jpg","contentUrl":"https:\/\/news.sap.com\/germany\/files\/2024\/06\/12\/283377_GettyImages-555799237.jpg","width":5140,"height":3427},{"@type":"BreadcrumbList","@id":"https:\/\/news.sap.com\/germany\/2024\/07\/generationenuebergreifendes-arbeiten-kommunikation-generationen\/#breadcrumb","itemListElement":[{"@type":"ListItem","position":1,"name":"Home","item":"https:\/\/news.sap.com\/germany\/"},{"@type":"ListItem","position":2,"name":"Kommunikation als Schl\u00fcssel f\u00fcr generationen\u00fcbergreifendes Arbeiten"}]},{"@type":"WebSite","@id":"https:\/\/news.sap.com\/germany\/#website","url":"https:\/\/news.sap.com\/germany\/","name":"麻豆原创 News Center","description":"Unternehmensberichte &amp; 麻豆原创eportal","potentialAction":[{"@type":"SearchAction","target":{"@type":"EntryPoint","urlTemplate":"https:\/\/news.sap.com\/germany\/?s={search_term_string}"},"query-input":{"@type":"PropertyValueSpecification","valueRequired":true,"valueName":"search_term_string"}}],"inLanguage":"de"},{"@type":"Person","@id":"https:\/\/news.sap.com\/germany\/#\/schema\/person\/603ec017914975dc95f9dc8d1f9ca49f","name":"Benjamin Notheis","image":{"@type":"ImageObject","inLanguage":"de","@id":"https:\/\/news.sap.com\/germany\/#\/schema\/person\/image\/","url":"https:\/\/secure.gravatar.com\/avatar\/?s=96&d=blank&r=g","contentUrl":"https:\/\/secure.gravatar.com\/avatar\/?s=96&d=blank&r=g","caption":"Benjamin Notheis"},"url":"https:\/\/news.sap.com\/germany\/author\/benjaminnotheis\/"}]}},"amp_enabled":true,"_links":{"self":[{"href":"https:\/\/news.sap.com\/germany\/wp-json\/wp\/v2\/posts\/179872","targetHints":{"allow":["GET"]}}],"collection":[{"href":"https:\/\/news.sap.com\/germany\/wp-json\/wp\/v2\/posts"}],"about":[{"href":"https:\/\/news.sap.com\/germany\/wp-json\/wp\/v2\/types\/post"}],"author":[{"embeddable":true,"href":"https:\/\/news.sap.com\/germany\/wp-json\/wp\/v2\/users\/4863"}],"replies":[{"embeddable":true,"href":"https:\/\/news.sap.com\/germany\/wp-json\/wp\/v2\/comments?post=179872"}],"version-history":[{"count":0,"href":"https:\/\/news.sap.com\/germany\/wp-json\/wp\/v2\/posts\/179872\/revisions"}],"wp:featuredmedia":[{"embeddable":true,"href":"https:\/\/news.sap.com\/germany\/wp-json\/wp\/v2\/media\/179876"}],"wp:attachment":[{"href":"https:\/\/news.sap.com\/germany\/wp-json\/wp\/v2\/media?parent=179872"}],"wp:term":[{"taxonomy":"category","embeddable":true,"href":"https:\/\/news.sap.com\/germany\/wp-json\/wp\/v2\/categories?post=179872"},{"taxonomy":"post_tag","embeddable":true,"href":"https:\/\/news.sap.com\/germany\/wp-json\/wp\/v2\/tags?post=179872"},{"taxonomy":"series","embeddable":true,"href":"https:\/\/news.sap.com\/germany\/wp-json\/wp\/v2\/series?post=179872"},{"taxonomy":"sapn-display","embeddable":true,"href":"https:\/\/news.sap.com\/germany\/wp-json\/wp\/v2\/sapn-display?post=179872"},{"taxonomy":"sapn-type","embeddable":true,"href":"https:\/\/news.sap.com\/germany\/wp-json\/wp\/v2\/sapn-type?post=179872"}],"curies":[{"name":"wp","href":"https:\/\/api.w.org\/{rel}","templated":true}]}}