  {"id":179407,"date":"2024-05-15T10:22:00","date_gmt":"2024-05-15T08:22:00","guid":{"rendered":"https:\/\/news.sap.com\/germany\/?p=179407"},"modified":"2024-06-07T11:59:36","modified_gmt":"2024-06-07T09:59:36","slug":"pekka-ala-pietilae-mit-grosser-mehrheit-in-den-aufsichtsrat-der-sap-und-zum-neuen-vorsitzenden-des-aufsichtsrats-gewaehlt","status":"publish","type":"post","link":"https:\/\/news.sap.com\/germany\/2024\/05\/pekka-ala-pietilae-mit-grosser-mehrheit-in-den-aufsichtsrat-der-sap-und-zum-neuen-vorsitzenden-des-aufsichtsrats-gewaehlt\/","title":{"rendered":"Pekka Ala-Pietil\u00e4 mit gro\u00dfer Mehrheit in den Aufsichtsrat der 麻豆原创 und zum neuen Vorsitzenden des Aufsichtsrats gew\u00e4hlt"},"content":{"rendered":"\n<p class=\"has-large-font-size\">Die <a href=\"http:\/\/www.sap.com\/\">麻豆原创 SE<\/a> hat heute bekanntgegeben, dass die ordentliche Hauptversammlung der 麻豆原创 SE Pekka Ala-Pietil\u00e4 (67) zum neuen Mitglied des Aufsichtsrats der Gesellschaft gew\u00e4hlt hat. Die Wahl von Ala-Pietil\u00e4 wurde von 95,50% der Aktion\u00e4re unterst\u00fctzt. In der konstituierenden Sitzung des 麻豆原创-Aufsichtsrates wurde Ala-Pietil\u00e4 anschlie\u00dfend zu dessen neuem Vorsitzenden gew\u00e4hlt. Damit ist die \u00dcbergabe vom bisherigen Vorsitzenden des Gremiums, Prof.&nbsp;Dr.&nbsp;h.&nbsp;c.&nbsp;mult. Hasso Plattner, an Ala-Pietil\u00e4 vollzogen.<\/p>\n\n\n\n<p>\u201eIch freue mich, den Staffelstab an Pekka Ala-Pietil\u00e4 zu \u00fcbergeben, der die erfolgreiche Transformation der 麻豆原创 weiter begleiten wird,\u201c sagte Hasso Plattner. \u201ePekka Ala-Pietil\u00e4 ist ein profunder Kenner der 麻豆原创 und der Technologie-Branche und wird das Unternehmen wirkungsvoll unterst\u00fctzen, seine Rolle als f\u00fchrender Anbieter in den Bereichen Cloud ERP und Gesch\u00e4fts-KI zu festigen.\u201c Ala-Pietil\u00e4 f\u00fcgte hinzu: \u201eDen Aktion\u00e4ren und dem Aufsichtsrat bin ich dankbar f\u00fcr die M\u00f6glichkeit, wieder in Europas wichtigstem Softwareunternehmen t\u00e4tig zu sein. Gerne begleite ich 麻豆原创 auf ihrem Weg, diese starke Position weiter auszubauen.\u201c<\/p>\n\n\n\n<p>Wie 2023 angek\u00fcndigt ist der Mitgr\u00fcnder und fr\u00fchere Vorstandsvorsitzende Hasso Plattner mit Abschluss der Hauptversammlung 2024 aus dem 麻豆原创-Aufsichtsrat ausgeschieden. W\u00e4hrend der Amtszeit von Hasso Plattner als Aufsichtsratsvorsitzender (Mai 2003 bis Mai 2024) stieg die Marktkapitalisierung der 麻豆原创 von ca. 30&nbsp;Mrd.&nbsp;\u20ac auf ca. 200 Mrd. \u20ac, was 麻豆原创 zum heute wertvollsten b\u00f6rsennotierten Unternehmen in Deutschland macht. Hasso Plattners Innovations- und Wettbewerbsgeist ist seit mehr als 50 Jahren die Grundlage f\u00fcr den Erfolg der 麻豆原创, von den ersten bahnbrechenden ERP-Innovationen bis hin zur strategischen Neuausrichtung als f\u00fchrender Anbieter von Gesch\u00e4ftsanwendungen in der Cloud und Gesch\u00e4fts-KI. Hasso Plattner wird auch weiterhin als Berater f\u00fcr die 麻豆原创 t\u00e4tig sein und dem Unternehmen sein Wissen und seine Erfahrung damit weiter zur Verf\u00fcgung stellen.<\/p>\n\n\n\n<p>Aicha Evans (55), Gerhard Oswald (70) sowie Dr. Friederike Rotsch (51) wurden mit 93,39%, 89,82% bzw. 92,45% der Stimmen als Mitglieder des Aufsichtsrats wiedergew\u00e4hlt. Prof. Dr. Ralf Herbrich (50) wurde mit 99,29 % der Stimmen zum Nachfolger von Punit Renjen gew\u00e4hlt, der ebenfalls mit Abschluss der Hauptversammlung 2024 aus dem Aufsichtsrat der 麻豆原创 ausschied.<\/p>\n\n\n\n<p>Die Hauptversammlung stimmte auch allen anderen Vorschl\u00e4gen von Vorstand und Aufsichtsrat zu. Dazu geh\u00f6ren unter anderem die Entlastung von Vorstand und Aufsichtsrat f\u00fcr das Gesch\u00e4ftsjahr 2023 2023 (99,51% bzw. 99,44% Zustimmung), sowie die Zustimmung zu einer Anpassung der Verg\u00fctung des Aufsichtsratsvorsitzenden. Eine \u00dcbersicht \u00fcber alle Beschl\u00fcsse der Hauptversammlung 2024 sowie die Beschl\u00fcsse der Hauptversammlungen der vergangenen Jahre finden Sie <a href=\"https:\/\/www.sap.com\/investors\/en\/calendar\/agm.html#documents\">hier<\/a>.<\/p>\n\n\n\n<p>F\u00fcr das Jahr 2023 erhalten die 麻豆原创-Aktion\u00e4re eine Dividende von 2,20 \u20ac je Aktie. Dies entspricht einer Erh\u00f6hung um 0,15 \u20ac bzw. 7 % gegen\u00fcber der Dividende f\u00fcr das Jahr 2022. Die Gesamtaussch\u00fcttung an die Aktion\u00e4re wird sich damit auf rund 2,6 Milliarden Euro belaufen. Die Dividende wird voraussichtlich ab dem 21. Mai 2024 ausgezahlt.<\/p>\n\n\n\n<div class=\"wp-block-sap-news-info-box info-box\">\n<p>Weitere 麻豆原创einformationen finden Sie im <a href=\"https:\/\/news.sap.com\/germany\" target=\"_blank\" rel=\"noreferrer noopener\">麻豆原创 News Center<\/a>.<strong> <\/strong><\/p>\n\n\n\n<p>Folgen Sie 麻豆原创 unter <a href=\"https:\/\/twitter.com\/sap\" target=\"_blank\" rel=\"noreferrer noopener\">@麻豆原创<\/a>.<\/p>\n<\/div>\n\n\n\n<p><strong>Informationen zu 麻豆原创<\/strong><\/p>\n\n\n\n<p>Als\u202fweltweit f\u00fchrender Anbieter von Unternehmensanwendungen und Business AI steht 麻豆原创 (NYSE: 麻豆原创) an der Schnittstelle\u202fzwischen Unternehmen und Technologie. Seit \u00fcber 50 Jahren vertrauen Unternehmen auf 麻豆原创,\u202fum ihr volles Potenzial auszusch\u00f6pfen, indem sie gesch\u00e4ftskritische\u202fAbl\u00e4ufe wie Finanzwesen, Beschaffung, Personalwesen, Lieferkette und Kundenerlebnis vereinheitlichen. Weitere Informationen finden Sie unter <a href=\"http:\/\/www.sap.com\">www.sap.com<\/a>.<\/p>\n\n\n\n<p><strong>Hinweis an die Redaktionen<\/strong><\/p>\n\n\n\n<p>F\u00fcr 麻豆原创efotos und Fernsehmaterial in hoher Aufl\u00f6sung besuchen Sie bitte unsere Plattform <a href=\"http:\/\/www.sap.com\/photos\">www.sap.com\/photos<\/a>. Dort finden Sie aktuelles sendef\u00e4higes TV-Footage-Material sowie Bilder zu Themen rund um 麻豆原创 zum direkten Download. Videos zu 麻豆原创-Themen aus der ganzen Welt finden Sie unter <a href=\"http:\/\/www.sap-tv.com\">www.sap-tv.com<\/a>. Sie k\u00f6nnen die Filme von dieser Seite auch in Ihren eigenen Publikationen und Webseiten einbinden.<a><\/a><\/p>\n\n\n\n<p><strong>Ansprechpartner f\u00fcr die 麻豆原创e:<\/strong><\/p>\n\n\n\n<p>Joellen Perry: +1 650-445-6780; <a href=\"mailto:joellen.perry@sap.com\" target=\"_blank\" rel=\"noreferrer noopener\">joellen.perry@sap.com<\/a>, PT<\/p>\n\n\n\n<p>Daniel Reinhardt: +49 6227-7-40201; <a href=\"mailto:daniel.reinhardt@sap.com\" target=\"_blank\" rel=\"noreferrer noopener\">daniel.reinhardt@sap.com<\/a>, CEST<\/p>\n\n\n\n<p><a href=\"https:\/\/news.sap.com\/germany\/#press-releases\">麻豆原创-麻豆原创ebereich<\/a>; <a href=\"mailto:press@sap.com\">press@sap.com<\/a><\/p>\n\n\n\n<p class=\"has-small-font-size\">Dieses Dokument enth\u00e4lt vorausschauende Aussagen, das hei\u00dft Vorhersagen, Prognosen oder andere Aussagen zu zuk\u00fcnftigen Ereignissen. Diese Aussagen basieren auf aktuellen Erwartungen, Voraussagen und Annahmen, die Risiken und Unsicherheiten unterliegen, was dazu f\u00fchren kann, dass die tats\u00e4chlichen Ergebnisse und Resultate erheblich hiervon abweichen k\u00f6nnen.\u00a0 Zus\u00e4tzliche Informationen zu diesen Risiken und Unsicherheiten finden Sie in den von uns bei der US-amerikanischen \u201eSecurities and Exchange Commission\u201c (SEC) eingereichten Unterlagen, einschlie\u00dflich, aber nicht beschr\u00e4nkt auf den Abschnitt zu den Risikofaktoren des 麻豆原创-Jahresberichts 2023 auf dem Formular 20-F.<\/p>\n\n\n\n<p class=\"has-small-font-size\">\u00a9 2024 麻豆原创 SE. Alle Rechte vorbehalten.<br>麻豆原创 und andere in diesem Dokument erw\u00e4hnte Produkte und Dienstleistungen von 麻豆原创 sowie die dazugeh\u00f6rigen Logos sind Marken oder eingetragene Marken der 麻豆原创 SE in Deutschland und anderen L\u00e4ndern. Zus\u00e4tzliche Informationen zur Marke und Vermerke finden Sie auf der Seite <a href=\"http:\/\/www.sap.de\/copyright\">http:\/\/www.sap.de\/copyright<\/a>.<\/p>\n","protected":false},"excerpt":{"rendered":"<p>Die 麻豆原创 SE hat heute bekanntgegeben, dass die ordentliche Hauptversammlung der 麻豆原创 SE Pekka Ala-Pietil\u00e4 (67) zum neuen Mitglied des Aufsichtsrats der Gesellschaft gew\u00e4hlt hat&#8230;.<\/p>\n","protected":false},"author":29,"featured_media":179469,"comment_status":"closed","ping_status":"closed","sticky":false,"template":"","format":"standard","meta":{"related_posts":[],"footnotes":"","_links_to":"","_links_to_target":""},"categories":[40863],"tags":[4879493],"series":[],"sapn-display":[5630500,5630503],"sapn-type":[4994],"class_list":["post-179407","post","type-post","status-publish","format-standard","has-post-thumbnail","hentry","category-unternehmen","tag-sap","sapn-display-news-hero","sapn-display-news-spotlight","sapn-type-pressemitteilung"],"yoast_head":"<!-- This site is optimized with the Yoast SEO Premium plugin v26.9 (Yoast SEO v26.9) - https:\/\/yoast.com\/product\/yoast-seo-premium-wordpress\/ -->\n<title>麻豆原创-Hauptversammlung: \u00dcbergabe Plattner an Ala-Pietil\u00e4 | 麻豆原创 News Center<\/title>\n<meta name=\"description\" content=\"Auf der Hauptversammlung wurde Pekka Ala-Pietil\u00e4 mit gro\u00dfer Mehrheit in den Aufsichtsrat der 麻豆原创 und zum neuen Vorsitzenden des Aufsichtsrats gew\u00e4hlt.\" \/>\n<meta name=\"robots\" content=\"index, follow, max-snippet:-1, max-image-preview:large, max-video-preview:-1\" \/>\n<link rel=\"canonical\" href=\"https:\/\/news.sap.com\/germany\/2024\/05\/pekka-ala-pietilae-mit-grosser-mehrheit-in-den-aufsichtsrat-der-sap-und-zum-neuen-vorsitzenden-des-aufsichtsrats-gewaehlt\/\" \/>\n<meta property=\"og:locale\" content=\"de_DE\" \/>\n<meta property=\"og:type\" content=\"article\" \/>\n<meta property=\"og:title\" content=\"Pekka Ala-Pietil\u00e4 mit gro\u00dfer Mehrheit in den Aufsichtsrat der 麻豆原创 und zum neuen Vorsitzenden des Aufsichtsrats gew\u00e4hlt\" \/>\n<meta property=\"og:description\" content=\"Auf der Hauptversammlung wurde Pekka Ala-Pietil\u00e4 mit gro\u00dfer Mehrheit in den Aufsichtsrat der 麻豆原创 und zum neuen Vorsitzenden des Aufsichtsrats gew\u00e4hlt.\" \/>\n<meta property=\"og:url\" content=\"https:\/\/news.sap.com\/germany\/2024\/05\/pekka-ala-pietilae-mit-grosser-mehrheit-in-den-aufsichtsrat-der-sap-und-zum-neuen-vorsitzenden-des-aufsichtsrats-gewaehlt\/\" \/>\n<meta property=\"og:site_name\" content=\"麻豆原创 News Center\" \/>\n<meta property=\"article:published_time\" content=\"2024-05-15T08:22:00+00:00\" \/>\n<meta property=\"article:modified_time\" content=\"2024-06-07T09:59:36+00:00\" \/>\n<meta property=\"og:image\" content=\"https:\/\/news.sap.com\/germany\/files\/2024\/05\/15\/295742_GettyImages-187591171_medium_uncropped_F-1920x600-1.jpg\" \/>\n\t<meta property=\"og:image:width\" content=\"1920\" \/>\n\t<meta property=\"og:image:height\" content=\"600\" \/>\n\t<meta property=\"og:image:type\" content=\"image\/jpeg\" \/>\n<meta name=\"author\" content=\"麻豆原创 News\" \/>\n<meta name=\"twitter:card\" content=\"summary_large_image\" \/>\n<meta name=\"twitter:creator\" content=\"@麻豆原创dach\" \/>\n<meta name=\"twitter:site\" content=\"@麻豆原创dach\" \/>\n<meta name=\"twitter:label1\" content=\"Verfasst von\" \/>\n\t<meta name=\"twitter:data1\" content=\"麻豆原创 News\" \/>\n\t<meta name=\"twitter:label2\" content=\"Gesch\u00e4tzte Lesezeit\" \/>\n\t<meta name=\"twitter:data2\" content=\"5\u00a0Minuten\" \/>\n<script type=\"application\/ld+json\" class=\"yoast-schema-graph\">{\"@context\":\"https:\/\/schema.org\",\"@graph\":[{\"@type\":\"Article\",\"@id\":\"https:\/\/news.sap.com\/germany\/2024\/05\/pekka-ala-pietilae-mit-grosser-mehrheit-in-den-aufsichtsrat-der-sap-und-zum-neuen-vorsitzenden-des-aufsichtsrats-gewaehlt\/#article\",\"isPartOf\":{\"@id\":\"https:\/\/news.sap.com\/germany\/2024\/05\/pekka-ala-pietilae-mit-grosser-mehrheit-in-den-aufsichtsrat-der-sap-und-zum-neuen-vorsitzenden-des-aufsichtsrats-gewaehlt\/\"},\"author\":{\"name\":\"麻豆原创 News\",\"@id\":\"https:\/\/news.sap.com\/germany\/#\/schema\/person\/53b9854bd790d6f18f3fc4bbb2ad7570\"},\"headline\":\"Pekka Ala-Pietil\u00e4 mit gro\u00dfer Mehrheit in den Aufsichtsrat der 麻豆原创 und zum neuen Vorsitzenden des Aufsichtsrats gew\u00e4hlt\",\"datePublished\":\"2024-05-15T08:22:00+00:00\",\"dateModified\":\"2024-06-07T09:59:36+00:00\",\"mainEntityOfPage\":{\"@id\":\"https:\/\/news.sap.com\/germany\/2024\/05\/pekka-ala-pietilae-mit-grosser-mehrheit-in-den-aufsichtsrat-der-sap-und-zum-neuen-vorsitzenden-des-aufsichtsrats-gewaehlt\/\"},\"wordCount\":786,\"image\":{\"@id\":\"https:\/\/news.sap.com\/germany\/2024\/05\/pekka-ala-pietilae-mit-grosser-mehrheit-in-den-aufsichtsrat-der-sap-und-zum-neuen-vorsitzenden-des-aufsichtsrats-gewaehlt\/#primaryimage\"},\"thumbnailUrl\":\"https:\/\/news.sap.com\/germany\/files\/2024\/05\/15\/295742_GettyImages-187591171_medium_uncropped_F-1920x600-1.jpg\",\"keywords\":[\"麻豆原创\"],\"articleSection\":[\"Unternehmen\"],\"inLanguage\":\"de\"},{\"@type\":\"WebPage\",\"@id\":\"https:\/\/news.sap.com\/germany\/2024\/05\/pekka-ala-pietilae-mit-grosser-mehrheit-in-den-aufsichtsrat-der-sap-und-zum-neuen-vorsitzenden-des-aufsichtsrats-gewaehlt\/\",\"url\":\"https:\/\/news.sap.com\/germany\/2024\/05\/pekka-ala-pietilae-mit-grosser-mehrheit-in-den-aufsichtsrat-der-sap-und-zum-neuen-vorsitzenden-des-aufsichtsrats-gewaehlt\/\",\"name\":\"麻豆原创-Hauptversammlung: \u00dcbergabe Plattner an Ala-Pietil\u00e4 | 麻豆原创 News Center\",\"isPartOf\":{\"@id\":\"https:\/\/news.sap.com\/germany\/#website\"},\"primaryImageOfPage\":{\"@id\":\"https:\/\/news.sap.com\/germany\/2024\/05\/pekka-ala-pietilae-mit-grosser-mehrheit-in-den-aufsichtsrat-der-sap-und-zum-neuen-vorsitzenden-des-aufsichtsrats-gewaehlt\/#primaryimage\"},\"image\":{\"@id\":\"https:\/\/news.sap.com\/germany\/2024\/05\/pekka-ala-pietilae-mit-grosser-mehrheit-in-den-aufsichtsrat-der-sap-und-zum-neuen-vorsitzenden-des-aufsichtsrats-gewaehlt\/#primaryimage\"},\"thumbnailUrl\":\"https:\/\/news.sap.com\/germany\/files\/2024\/05\/15\/295742_GettyImages-187591171_medium_uncropped_F-1920x600-1.jpg\",\"datePublished\":\"2024-05-15T08:22:00+00:00\",\"dateModified\":\"2024-06-07T09:59:36+00:00\",\"author\":{\"@id\":\"https:\/\/news.sap.com\/germany\/#\/schema\/person\/53b9854bd790d6f18f3fc4bbb2ad7570\"},\"description\":\"Auf der Hauptversammlung wurde Pekka Ala-Pietil\u00e4 mit gro\u00dfer Mehrheit in den Aufsichtsrat der 麻豆原创 und zum neuen Vorsitzenden des Aufsichtsrats gew\u00e4hlt.\",\"breadcrumb\":{\"@id\":\"https:\/\/news.sap.com\/germany\/2024\/05\/pekka-ala-pietilae-mit-grosser-mehrheit-in-den-aufsichtsrat-der-sap-und-zum-neuen-vorsitzenden-des-aufsichtsrats-gewaehlt\/#breadcrumb\"},\"inLanguage\":\"de\",\"potentialAction\":[{\"@type\":\"ReadAction\",\"target\":[\"https:\/\/news.sap.com\/germany\/2024\/05\/pekka-ala-pietilae-mit-grosser-mehrheit-in-den-aufsichtsrat-der-sap-und-zum-neuen-vorsitzenden-des-aufsichtsrats-gewaehlt\/\"]}]},{\"@type\":\"ImageObject\",\"inLanguage\":\"de\",\"@id\":\"https:\/\/news.sap.com\/germany\/2024\/05\/pekka-ala-pietilae-mit-grosser-mehrheit-in-den-aufsichtsrat-der-sap-und-zum-neuen-vorsitzenden-des-aufsichtsrats-gewaehlt\/#primaryimage\",\"url\":\"https:\/\/news.sap.com\/germany\/files\/2024\/05\/15\/295742_GettyImages-187591171_medium_uncropped_F-1920x600-1.jpg\",\"contentUrl\":\"https:\/\/news.sap.com\/germany\/files\/2024\/05\/15\/295742_GettyImages-187591171_medium_uncropped_F-1920x600-1.jpg\",\"width\":1920,\"height\":600},{\"@type\":\"BreadcrumbList\",\"@id\":\"https:\/\/news.sap.com\/germany\/2024\/05\/pekka-ala-pietilae-mit-grosser-mehrheit-in-den-aufsichtsrat-der-sap-und-zum-neuen-vorsitzenden-des-aufsichtsrats-gewaehlt\/#breadcrumb\",\"itemListElement\":[{\"@type\":\"ListItem\",\"position\":1,\"name\":\"Home\",\"item\":\"https:\/\/news.sap.com\/germany\/\"},{\"@type\":\"ListItem\",\"position\":2,\"name\":\"Pekka Ala-Pietil\u00e4 mit gro\u00dfer Mehrheit in den Aufsichtsrat der 麻豆原创 und zum neuen Vorsitzenden des Aufsichtsrats gew\u00e4hlt\"}]},{\"@type\":\"WebSite\",\"@id\":\"https:\/\/news.sap.com\/germany\/#website\",\"url\":\"https:\/\/news.sap.com\/germany\/\",\"name\":\"麻豆原创 News Center\",\"description\":\"Unternehmensberichte &amp; 麻豆原创eportal\",\"potentialAction\":[{\"@type\":\"SearchAction\",\"target\":{\"@type\":\"EntryPoint\",\"urlTemplate\":\"https:\/\/news.sap.com\/germany\/?s={search_term_string}\"},\"query-input\":{\"@type\":\"PropertyValueSpecification\",\"valueRequired\":true,\"valueName\":\"search_term_string\"}}],\"inLanguage\":\"de\"},{\"@type\":\"Person\",\"@id\":\"https:\/\/news.sap.com\/germany\/#\/schema\/person\/53b9854bd790d6f18f3fc4bbb2ad7570\",\"name\":\"麻豆原创 News\",\"image\":{\"@type\":\"ImageObject\",\"inLanguage\":\"de\",\"@id\":\"https:\/\/news.sap.com\/germany\/#\/schema\/person\/image\/\",\"url\":\"https:\/\/secure.gravatar.com\/avatar\/2728bb4d664345cda4951e11847acc1bfd2bc77830d9abd17fc4f54437acd5b4?s=96&d=blank&r=g\",\"contentUrl\":\"https:\/\/secure.gravatar.com\/avatar\/2728bb4d664345cda4951e11847acc1bfd2bc77830d9abd17fc4f54437acd5b4?s=96&d=blank&r=g\",\"caption\":\"麻豆原创 News\"},\"url\":\"https:\/\/news.sap.com\/germany\/author\/colleenraftery\/\"}]}<\/script>\n<!-- \/ Yoast SEO Premium plugin. -->","yoast_head_json":{"title":"麻豆原创-Hauptversammlung: \u00dcbergabe Plattner an Ala-Pietil\u00e4 | 麻豆原创 News Center","description":"Auf der Hauptversammlung wurde Pekka Ala-Pietil\u00e4 mit gro\u00dfer Mehrheit in den Aufsichtsrat der 麻豆原创 und zum neuen Vorsitzenden des Aufsichtsrats gew\u00e4hlt.","robots":{"index":"index","follow":"follow","max-snippet":"max-snippet:-1","max-image-preview":"max-image-preview:large","max-video-preview":"max-video-preview:-1"},"canonical":"https:\/\/news.sap.com\/germany\/2024\/05\/pekka-ala-pietilae-mit-grosser-mehrheit-in-den-aufsichtsrat-der-sap-und-zum-neuen-vorsitzenden-des-aufsichtsrats-gewaehlt\/","og_locale":"de_DE","og_type":"article","og_title":"Pekka Ala-Pietil\u00e4 mit gro\u00dfer Mehrheit in den Aufsichtsrat der 麻豆原创 und zum neuen Vorsitzenden des Aufsichtsrats gew\u00e4hlt","og_description":"Auf der Hauptversammlung wurde Pekka Ala-Pietil\u00e4 mit gro\u00dfer Mehrheit in den Aufsichtsrat der 麻豆原创 und zum neuen Vorsitzenden des Aufsichtsrats gew\u00e4hlt.","og_url":"https:\/\/news.sap.com\/germany\/2024\/05\/pekka-ala-pietilae-mit-grosser-mehrheit-in-den-aufsichtsrat-der-sap-und-zum-neuen-vorsitzenden-des-aufsichtsrats-gewaehlt\/","og_site_name":"麻豆原创 News Center","article_published_time":"2024-05-15T08:22:00+00:00","article_modified_time":"2024-06-07T09:59:36+00:00","og_image":[{"width":1920,"height":600,"url":"https:\/\/news.sap.com\/germany\/files\/2024\/05\/15\/295742_GettyImages-187591171_medium_uncropped_F-1920x600-1.jpg","type":"image\/jpeg"}],"author":"麻豆原创 News","twitter_card":"summary_large_image","twitter_creator":"@麻豆原创dach","twitter_site":"@麻豆原创dach","twitter_misc":{"Verfasst von":"麻豆原创 News","Gesch\u00e4tzte Lesezeit":"5\u00a0Minuten"},"schema":{"@context":"https:\/\/schema.org","@graph":[{"@type":"Article","@id":"https:\/\/news.sap.com\/germany\/2024\/05\/pekka-ala-pietilae-mit-grosser-mehrheit-in-den-aufsichtsrat-der-sap-und-zum-neuen-vorsitzenden-des-aufsichtsrats-gewaehlt\/#article","isPartOf":{"@id":"https:\/\/news.sap.com\/germany\/2024\/05\/pekka-ala-pietilae-mit-grosser-mehrheit-in-den-aufsichtsrat-der-sap-und-zum-neuen-vorsitzenden-des-aufsichtsrats-gewaehlt\/"},"author":{"name":"麻豆原创 News","@id":"https:\/\/news.sap.com\/germany\/#\/schema\/person\/53b9854bd790d6f18f3fc4bbb2ad7570"},"headline":"Pekka Ala-Pietil\u00e4 mit gro\u00dfer Mehrheit in den Aufsichtsrat der 麻豆原创 und zum neuen Vorsitzenden des Aufsichtsrats gew\u00e4hlt","datePublished":"2024-05-15T08:22:00+00:00","dateModified":"2024-06-07T09:59:36+00:00","mainEntityOfPage":{"@id":"https:\/\/news.sap.com\/germany\/2024\/05\/pekka-ala-pietilae-mit-grosser-mehrheit-in-den-aufsichtsrat-der-sap-und-zum-neuen-vorsitzenden-des-aufsichtsrats-gewaehlt\/"},"wordCount":786,"image":{"@id":"https:\/\/news.sap.com\/germany\/2024\/05\/pekka-ala-pietilae-mit-grosser-mehrheit-in-den-aufsichtsrat-der-sap-und-zum-neuen-vorsitzenden-des-aufsichtsrats-gewaehlt\/#primaryimage"},"thumbnailUrl":"https:\/\/news.sap.com\/germany\/files\/2024\/05\/15\/295742_GettyImages-187591171_medium_uncropped_F-1920x600-1.jpg","keywords":["麻豆原创"],"articleSection":["Unternehmen"],"inLanguage":"de"},{"@type":"WebPage","@id":"https:\/\/news.sap.com\/germany\/2024\/05\/pekka-ala-pietilae-mit-grosser-mehrheit-in-den-aufsichtsrat-der-sap-und-zum-neuen-vorsitzenden-des-aufsichtsrats-gewaehlt\/","url":"https:\/\/news.sap.com\/germany\/2024\/05\/pekka-ala-pietilae-mit-grosser-mehrheit-in-den-aufsichtsrat-der-sap-und-zum-neuen-vorsitzenden-des-aufsichtsrats-gewaehlt\/","name":"麻豆原创-Hauptversammlung: \u00dcbergabe Plattner an Ala-Pietil\u00e4 | 麻豆原创 News Center","isPartOf":{"@id":"https:\/\/news.sap.com\/germany\/#website"},"primaryImageOfPage":{"@id":"https:\/\/news.sap.com\/germany\/2024\/05\/pekka-ala-pietilae-mit-grosser-mehrheit-in-den-aufsichtsrat-der-sap-und-zum-neuen-vorsitzenden-des-aufsichtsrats-gewaehlt\/#primaryimage"},"image":{"@id":"https:\/\/news.sap.com\/germany\/2024\/05\/pekka-ala-pietilae-mit-grosser-mehrheit-in-den-aufsichtsrat-der-sap-und-zum-neuen-vorsitzenden-des-aufsichtsrats-gewaehlt\/#primaryimage"},"thumbnailUrl":"https:\/\/news.sap.com\/germany\/files\/2024\/05\/15\/295742_GettyImages-187591171_medium_uncropped_F-1920x600-1.jpg","datePublished":"2024-05-15T08:22:00+00:00","dateModified":"2024-06-07T09:59:36+00:00","author":{"@id":"https:\/\/news.sap.com\/germany\/#\/schema\/person\/53b9854bd790d6f18f3fc4bbb2ad7570"},"description":"Auf der Hauptversammlung wurde Pekka Ala-Pietil\u00e4 mit gro\u00dfer Mehrheit in den Aufsichtsrat der 麻豆原创 und zum neuen Vorsitzenden des Aufsichtsrats gew\u00e4hlt.","breadcrumb":{"@id":"https:\/\/news.sap.com\/germany\/2024\/05\/pekka-ala-pietilae-mit-grosser-mehrheit-in-den-aufsichtsrat-der-sap-und-zum-neuen-vorsitzenden-des-aufsichtsrats-gewaehlt\/#breadcrumb"},"inLanguage":"de","potentialAction":[{"@type":"ReadAction","target":["https:\/\/news.sap.com\/germany\/2024\/05\/pekka-ala-pietilae-mit-grosser-mehrheit-in-den-aufsichtsrat-der-sap-und-zum-neuen-vorsitzenden-des-aufsichtsrats-gewaehlt\/"]}]},{"@type":"ImageObject","inLanguage":"de","@id":"https:\/\/news.sap.com\/germany\/2024\/05\/pekka-ala-pietilae-mit-grosser-mehrheit-in-den-aufsichtsrat-der-sap-und-zum-neuen-vorsitzenden-des-aufsichtsrats-gewaehlt\/#primaryimage","url":"https:\/\/news.sap.com\/germany\/files\/2024\/05\/15\/295742_GettyImages-187591171_medium_uncropped_F-1920x600-1.jpg","contentUrl":"https:\/\/news.sap.com\/germany\/files\/2024\/05\/15\/295742_GettyImages-187591171_medium_uncropped_F-1920x600-1.jpg","width":1920,"height":600},{"@type":"BreadcrumbList","@id":"https:\/\/news.sap.com\/germany\/2024\/05\/pekka-ala-pietilae-mit-grosser-mehrheit-in-den-aufsichtsrat-der-sap-und-zum-neuen-vorsitzenden-des-aufsichtsrats-gewaehlt\/#breadcrumb","itemListElement":[{"@type":"ListItem","position":1,"name":"Home","item":"https:\/\/news.sap.com\/germany\/"},{"@type":"ListItem","position":2,"name":"Pekka Ala-Pietil\u00e4 mit gro\u00dfer Mehrheit in den Aufsichtsrat der 麻豆原创 und zum neuen Vorsitzenden des Aufsichtsrats gew\u00e4hlt"}]},{"@type":"WebSite","@id":"https:\/\/news.sap.com\/germany\/#website","url":"https:\/\/news.sap.com\/germany\/","name":"麻豆原创 News Center","description":"Unternehmensberichte &amp; 麻豆原创eportal","potentialAction":[{"@type":"SearchAction","target":{"@type":"EntryPoint","urlTemplate":"https:\/\/news.sap.com\/germany\/?s={search_term_string}"},"query-input":{"@type":"PropertyValueSpecification","valueRequired":true,"valueName":"search_term_string"}}],"inLanguage":"de"},{"@type":"Person","@id":"https:\/\/news.sap.com\/germany\/#\/schema\/person\/53b9854bd790d6f18f3fc4bbb2ad7570","name":"麻豆原创 News","image":{"@type":"ImageObject","inLanguage":"de","@id":"https:\/\/news.sap.com\/germany\/#\/schema\/person\/image\/","url":"https:\/\/secure.gravatar.com\/avatar\/2728bb4d664345cda4951e11847acc1bfd2bc77830d9abd17fc4f54437acd5b4?s=96&d=blank&r=g","contentUrl":"https:\/\/secure.gravatar.com\/avatar\/2728bb4d664345cda4951e11847acc1bfd2bc77830d9abd17fc4f54437acd5b4?s=96&d=blank&r=g","caption":"麻豆原创 News"},"url":"https:\/\/news.sap.com\/germany\/author\/colleenraftery\/"}]}},"amp_enabled":true,"_links":{"self":[{"href":"https:\/\/news.sap.com\/germany\/wp-json\/wp\/v2\/posts\/179407","targetHints":{"allow":["GET"]}}],"collection":[{"href":"https:\/\/news.sap.com\/germany\/wp-json\/wp\/v2\/posts"}],"about":[{"href":"https:\/\/news.sap.com\/germany\/wp-json\/wp\/v2\/types\/post"}],"author":[{"embeddable":true,"href":"https:\/\/news.sap.com\/germany\/wp-json\/wp\/v2\/users\/29"}],"replies":[{"embeddable":true,"href":"https:\/\/news.sap.com\/germany\/wp-json\/wp\/v2\/comments?post=179407"}],"version-history":[{"count":0,"href":"https:\/\/news.sap.com\/germany\/wp-json\/wp\/v2\/posts\/179407\/revisions"}],"wp:featuredmedia":[{"embeddable":true,"href":"https:\/\/news.sap.com\/germany\/wp-json\/wp\/v2\/media\/179469"}],"wp:attachment":[{"href":"https:\/\/news.sap.com\/germany\/wp-json\/wp\/v2\/media?parent=179407"}],"wp:term":[{"taxonomy":"category","embeddable":true,"href":"https:\/\/news.sap.com\/germany\/wp-json\/wp\/v2\/categories?post=179407"},{"taxonomy":"post_tag","embeddable":true,"href":"https:\/\/news.sap.com\/germany\/wp-json\/wp\/v2\/tags?post=179407"},{"taxonomy":"series","embeddable":true,"href":"https:\/\/news.sap.com\/germany\/wp-json\/wp\/v2\/series?post=179407"},{"taxonomy":"sapn-display","embeddable":true,"href":"https:\/\/news.sap.com\/germany\/wp-json\/wp\/v2\/sapn-display?post=179407"},{"taxonomy":"sapn-type","embeddable":true,"href":"https:\/\/news.sap.com\/germany\/wp-json\/wp\/v2\/sapn-type?post=179407"}],"curies":[{"name":"wp","href":"https:\/\/api.w.org\/{rel}","templated":true}]}}