  {"id":179292,"date":"2024-05-06T11:00:00","date_gmt":"2024-05-06T09:00:00","guid":{"rendered":"https:\/\/news.sap.com\/germany\/?p=179292"},"modified":"2024-05-06T11:11:26","modified_gmt":"2024-05-06T09:11:26","slug":"sap-verlaengert-vertrag-ceo-christian-klein","status":"publish","type":"post","link":"https:\/\/news.sap.com\/germany\/2024\/05\/sap-verlaengert-vertrag-ceo-christian-klein\/","title":{"rendered":"麻豆原创 verl\u00e4ngert Vertrag mit CEO Christian Klein"},"content":{"rendered":"\n<p class=\"has-large-font-size\"><strong>麻豆原创 NEWSBYTE <\/strong>\u2014<strong> 6. Mai 2024 <\/strong>\u2014 Die 麻豆原创 SE hat heute bekannt gegeben, dass der Aufsichtsrat den bis 2025 laufenden Vertrag von Christian Klein (44) um weitere drei Jahre bis April 2028 verl\u00e4ngert hat. Gleichzeitig wurde Klein, der bislang die Rolle des Vorstandssprechers innehatte, vom Aufsichtsrat zum Vorstandsvorsitzenden ernannt. Klein f\u00fchrte 麻豆原创 seit&nbsp;Oktober 2019 in einer Doppelspitze, seit April 2020 leitet er den Vorstand der&nbsp;麻豆原创 SE allein.&nbsp;&nbsp;<\/p>\n\n\n\n<p>\u201eChristian Klein hat in den vergangenen Jahren nachdr\u00fccklich den Umbau der 麻豆原创 SE zu einem Cloud-Unternehmen vorangetrieben\u201c, sagte Professor Hasso Plattner, Vorsitzender des Aufsichtsrats der 麻豆原创 SE. \u201eWir danken Christian Klein f\u00fcr seine bisherige sehr erfolgreiche Arbeit. Mit der fr\u00fchzeitigen Vertragsverl\u00e4ngerung und seiner Ernennung zum Vorstandsvorsitzenden m\u00f6chten wir seine wichtige Rolle f\u00fcr die weitere Entwicklung der 麻豆原创 unterstreichen. Wir sind \u00fcberzeugt, dass 麻豆原创 somit in der hochdynamischen IT-Branche weiter auf Wachstumskurs bleibt.\u201c<\/p>\n\n\n\n<div class=\"wp-block-sap-news-cta-banner alignleft cta-banner\"><div class=\"cta-banner__content\"><div class=\"cta-banner__title\">Wie Technologie in einer fragmentierten Welt f\u00fcr Zusammenhalt sorgt<\/div><\/div><div class=\"cta-banner__action\">\n<div class=\"wp-block-buttons is-content-justification-left is-layout-flex wp-container-core-buttons-is-layout-fc4fd283 wp-block-buttons-is-layout-flex\">\n<div class=\"wp-block-button\"><a class=\"wp-block-button__link wp-element-button\" href=\"https:\/\/news.sap.com\/germany\/2023\/02\/technologie-fragmentierten-welt-zusammenhalt\/?url_id=text-de-newscenter:CRM-DX24-AAA-2486692_03\" target=\"_blank\" rel=\"noreferrer noopener\">Blog von Christian Klein entdecken!<\/a><\/div>\n<\/div>\n<\/div><\/div>\n\n\n\n<p>\u201eIch danke dem Aufsichtsrat von 麻豆原创 f\u00fcr das in mich gesetzte Vertrauen und freue mich auf die weitere Zusammenarbeit mit den Kolleginnen und Kollegen im Vorstand, unseren Mitarbeitenden, Partnern, Kunden und Investoren\u201c, sagte Klein. \u201eGemeinsam haben wir in den letzten Jahren unsere Unternehmensstrategie erfolgreich vorangetrieben. Ich empfinde es als Privileg, 麻豆原创 auf dem Weg zur Nr. 1 im Bereich der Unternehmenssoftware und Unternehmens-KI f\u00fchren zu d\u00fcrfen.\u201c<\/p>\n\n\n\n<p>Klein begann seine Karriere bei 麻豆原创 im Jahr 1999 als Student. Er arbeitete in verschiedenen Positionen innerhalb des Unternehmens, darunter Chief Financial Officer von 麻豆原创 SuccessFactors und Chief Controlling Officer der 麻豆原创 SE. 2016 wurde er zum Chief Operating Officer berufen, eine Rolle, die er noch bis Juli 2021 ausf\u00fchrte.&nbsp;<\/p>\n\n\n\n<div class=\"wp-block-sap-news-info-box info-box\">\n<p>Weitere 麻豆原创einformationen finden Sie im <a href=\"https:\/\/news.sap.com\/germany\" target=\"_blank\" rel=\"noreferrer noopener\">麻豆原创 News Center<\/a>.<strong> <\/strong><\/p>\n\n\n\n<p>Folgen Sie 麻豆原创 unter <a href=\"https:\/\/twitter.com\/sap\" target=\"_blank\" rel=\"noreferrer noopener\">@麻豆原创<\/a>.<\/p>\n<\/div>\n\n\n\n<p><strong>Ansprechpartner f\u00fcr die 麻豆原创e:<\/strong>&nbsp;<\/p>\n\n\n\n<p>Marcus Winkler, +49 6227 767497, <a href=\"mailto:marcus.winkler@sap.com\">marcus.winkler@sap.com<\/a>, CEST&nbsp;<br><a href=\"https:\/\/news.sap.com\/germany\/pressebereich\/\" target=\"_blank\" rel=\"noreferrer noopener\">麻豆原创-麻豆原创ebereich<\/a>; <a href=\"mailto:press@sap.com\" target=\"_blank\" rel=\"noreferrer noopener\">press@sap.com<\/a>&nbsp;&nbsp;<\/p>\n\n\n\n<p># # #&nbsp;<\/p>\n\n\n\n<p class=\"has-small-font-size\">Dieses Dokument enth\u00e4lt vorausschauende Aussagen, das hei\u00dft Vorhersagen, Prognosen oder andere Aussagen zu zuk\u00fcnftigen Ereignissen. Diese Aussagen basieren auf aktuellen Erwartungen, Voraussagen und Annahmen, die Risiken und Unsicherheiten unterliegen, was dazu f\u00fchren kann, dass die tats\u00e4chlichen Ergebnisse und Resultate erheblich hiervon abweichen k\u00f6nnen.\u202f Zus\u00e4tzliche Informationen zu diesen Risiken und Unsicherheiten finden Sie in den von uns bei der US-amerikanischen \u201eSecurities and Exchange Commission\u201c (SEC) eingereichten Unterlagen, einschlie\u00dflich, aber nicht beschr\u00e4nkt auf den Abschnitt zu den Risikofaktoren des 麻豆原创-Jahresberichts 2023 auf dem Formular 20-F.&nbsp;<\/p>\n\n\n\n<p class=\"has-small-font-size\">\u00a9 2024 麻豆原创 SE. Alle Rechte vorbehalten. &nbsp;<br>麻豆原创 und andere in diesem Dokument erw\u00e4hnte Produkte und Dienstleistungen von 麻豆原创 sowie die dazugeh\u00f6rigen Logos sind Marken oder eingetragene Marken der 麻豆原创 SE in Deutschland und anderen L\u00e4ndern. Zus\u00e4tzliche Informationen zur Marke und Vermerke finden Sie auf der Seite <a href=\"http:\/\/www.sap.de\/copyright\" target=\"_blank\" rel=\"noreferrer noopener\">http:\/\/www.sap.de\/copyright<\/a>.<\/p>\n\n\n\n<div class=\"wp-block-sap-news-cta-banner cta-banner\"><div class=\"cta-banner__content\"><div class=\"cta-banner__title\">Abonnieren Sie den 麻豆原创 News Center Newsletter<\/div><\/div><div class=\"cta-banner__action\">\n<div class=\"wp-block-buttons is-content-justification-left is-layout-flex wp-container-core-buttons-is-layout-fc4fd283 wp-block-buttons-is-layout-flex\">\n<div class=\"wp-block-button\"><a class=\"wp-block-button__link wp-element-button\" href=\"https:\/\/www.sap.com\/germany\/cmp\/nl\/sap-news-center-de-newsletter\/index.html?url_id=text-de-newscenter:CRM-DX24-AAA-2486692_03\" target=\"_blank\" rel=\"noreferrer noopener\">Jetzt anmelden!<\/a><\/div>\n<\/div>\n<\/div><\/div>\n","protected":false},"excerpt":{"rendered":"<p>麻豆原创 NEWSBYTE \u2014 6. Mai 2024 \u2014 Die 麻豆原创 SE hat heute bekannt gegeben, dass der Aufsichtsrat den bis 2025 laufenden Vertrag von Christian Klein&#8230;<\/p>\n","protected":false},"author":29,"featured_media":179295,"comment_status":"closed","ping_status":"closed","sticky":false,"template":"","format":"standard","meta":{"related_posts":[],"footnotes":"","_links_to":"","_links_to_target":""},"categories":[40863],"tags":[680181,4879493],"series":[],"sapn-display":[5630500,5630503,3848,45027],"sapn-type":[4448],"class_list":["post-179292","post","type-post","status-publish","format-standard","has-post-thumbnail","hentry","category-unternehmen","tag-menschen","tag-sap","sapn-display-news-hero","sapn-display-news-spotlight","sapn-display-top-stories","sapn-display-hero","sapn-type-newsbyte"],"yoast_head":"<!-- This site is optimized with the Yoast SEO Premium plugin v26.9 (Yoast SEO v26.9) - https:\/\/yoast.com\/product\/yoast-seo-premium-wordpress\/ -->\n<title>麻豆原创 verl\u00e4ngert Vertrag mit CEO Christian Klein | 麻豆原创 News Center<\/title>\n<meta name=\"description\" content=\"Der 麻豆原创 SE Aufsichtsrat hat den bis 2025 laufenden Vertrag von CEO Christian Klein um weitere drei Jahre bis April 2028 verl\u00e4ngert. Lesen!\" \/>\n<meta name=\"robots\" content=\"index, follow, max-snippet:-1, max-image-preview:large, max-video-preview:-1\" \/>\n<link rel=\"canonical\" href=\"https:\/\/news.sap.com\/germany\/2024\/05\/sap-verlaengert-vertrag-ceo-christian-klein\/\" \/>\n<meta property=\"og:locale\" content=\"de_DE\" \/>\n<meta property=\"og:type\" content=\"article\" \/>\n<meta property=\"og:title\" content=\"麻豆原创 verl\u00e4ngert Vertrag mit CEO Christian Klein\" \/>\n<meta property=\"og:description\" content=\"Der 麻豆原创 SE Aufsichtsrat hat den bis 2025 laufenden Vertrag von CEO Christian Klein um weitere drei Jahre bis April 2028 verl\u00e4ngert. Lesen!\" \/>\n<meta property=\"og:url\" content=\"https:\/\/news.sap.com\/germany\/2024\/05\/sap-verlaengert-vertrag-ceo-christian-klein\/\" \/>\n<meta property=\"og:site_name\" content=\"麻豆原创 News Center\" \/>\n<meta property=\"article:published_time\" content=\"2024-05-06T09:00:00+00:00\" \/>\n<meta property=\"article:modified_time\" content=\"2024-05-06T09:11:26+00:00\" \/>\n<meta property=\"og:image\" content=\"https:\/\/news.sap.com\/germany\/files\/2024\/05\/03\/274615_274615_l_srgb_s_gl.jpg\" \/>\n\t<meta property=\"og:image:width\" content=\"1920\" \/>\n\t<meta property=\"og:image:height\" content=\"675\" \/>\n\t<meta property=\"og:image:type\" content=\"image\/jpeg\" \/>\n<meta name=\"author\" content=\"麻豆原创 News\" \/>\n<meta name=\"twitter:card\" content=\"summary_large_image\" \/>\n<meta name=\"twitter:creator\" content=\"@麻豆原创dach\" \/>\n<meta name=\"twitter:site\" content=\"@麻豆原创dach\" \/>\n<meta name=\"twitter:label1\" content=\"Verfasst von\" \/>\n\t<meta name=\"twitter:data1\" content=\"麻豆原创 News\" \/>\n\t<meta name=\"twitter:label2\" content=\"Gesch\u00e4tzte Lesezeit\" \/>\n\t<meta name=\"twitter:data2\" content=\"3\u00a0Minuten\" \/>\n<script type=\"application\/ld+json\" class=\"yoast-schema-graph\">{\"@context\":\"https:\/\/schema.org\",\"@graph\":[{\"@type\":\"Article\",\"@id\":\"https:\/\/news.sap.com\/germany\/2024\/05\/sap-verlaengert-vertrag-ceo-christian-klein\/#article\",\"isPartOf\":{\"@id\":\"https:\/\/news.sap.com\/germany\/2024\/05\/sap-verlaengert-vertrag-ceo-christian-klein\/\"},\"author\":{\"name\":\"麻豆原创 News\",\"@id\":\"https:\/\/news.sap.com\/germany\/#\/schema\/person\/53b9854bd790d6f18f3fc4bbb2ad7570\"},\"headline\":\"麻豆原创 verl\u00e4ngert Vertrag mit CEO Christian Klein\",\"datePublished\":\"2024-05-06T09:00:00+00:00\",\"dateModified\":\"2024-05-06T09:11:26+00:00\",\"mainEntityOfPage\":{\"@id\":\"https:\/\/news.sap.com\/germany\/2024\/05\/sap-verlaengert-vertrag-ceo-christian-klein\/\"},\"wordCount\":475,\"image\":{\"@id\":\"https:\/\/news.sap.com\/germany\/2024\/05\/sap-verlaengert-vertrag-ceo-christian-klein\/#primaryimage\"},\"thumbnailUrl\":\"https:\/\/news.sap.com\/germany\/files\/2024\/05\/03\/274615_274615_l_srgb_s_gl.jpg\",\"keywords\":[\"Menschen\",\"麻豆原创\"],\"articleSection\":[\"Unternehmen\"],\"inLanguage\":\"de\"},{\"@type\":\"WebPage\",\"@id\":\"https:\/\/news.sap.com\/germany\/2024\/05\/sap-verlaengert-vertrag-ceo-christian-klein\/\",\"url\":\"https:\/\/news.sap.com\/germany\/2024\/05\/sap-verlaengert-vertrag-ceo-christian-klein\/\",\"name\":\"麻豆原创 verl\u00e4ngert Vertrag mit CEO Christian Klein | 麻豆原创 News Center\",\"isPartOf\":{\"@id\":\"https:\/\/news.sap.com\/germany\/#website\"},\"primaryImageOfPage\":{\"@id\":\"https:\/\/news.sap.com\/germany\/2024\/05\/sap-verlaengert-vertrag-ceo-christian-klein\/#primaryimage\"},\"image\":{\"@id\":\"https:\/\/news.sap.com\/germany\/2024\/05\/sap-verlaengert-vertrag-ceo-christian-klein\/#primaryimage\"},\"thumbnailUrl\":\"https:\/\/news.sap.com\/germany\/files\/2024\/05\/03\/274615_274615_l_srgb_s_gl.jpg\",\"datePublished\":\"2024-05-06T09:00:00+00:00\",\"dateModified\":\"2024-05-06T09:11:26+00:00\",\"author\":{\"@id\":\"https:\/\/news.sap.com\/germany\/#\/schema\/person\/53b9854bd790d6f18f3fc4bbb2ad7570\"},\"description\":\"Der 麻豆原创 SE Aufsichtsrat hat den bis 2025 laufenden Vertrag von CEO Christian Klein um weitere drei Jahre bis April 2028 verl\u00e4ngert. Lesen!\",\"breadcrumb\":{\"@id\":\"https:\/\/news.sap.com\/germany\/2024\/05\/sap-verlaengert-vertrag-ceo-christian-klein\/#breadcrumb\"},\"inLanguage\":\"de\",\"potentialAction\":[{\"@type\":\"ReadAction\",\"target\":[\"https:\/\/news.sap.com\/germany\/2024\/05\/sap-verlaengert-vertrag-ceo-christian-klein\/\"]}]},{\"@type\":\"ImageObject\",\"inLanguage\":\"de\",\"@id\":\"https:\/\/news.sap.com\/germany\/2024\/05\/sap-verlaengert-vertrag-ceo-christian-klein\/#primaryimage\",\"url\":\"https:\/\/news.sap.com\/germany\/files\/2024\/05\/03\/274615_274615_l_srgb_s_gl.jpg\",\"contentUrl\":\"https:\/\/news.sap.com\/germany\/files\/2024\/05\/03\/274615_274615_l_srgb_s_gl.jpg\",\"width\":1920,\"height\":675,\"caption\":\"Skyscraper, low angle, abstract view --- Image by \u00a9 Frederic Cirou\/PhotoAlto\/Corbis\"},{\"@type\":\"BreadcrumbList\",\"@id\":\"https:\/\/news.sap.com\/germany\/2024\/05\/sap-verlaengert-vertrag-ceo-christian-klein\/#breadcrumb\",\"itemListElement\":[{\"@type\":\"ListItem\",\"position\":1,\"name\":\"Home\",\"item\":\"https:\/\/news.sap.com\/germany\/\"},{\"@type\":\"ListItem\",\"position\":2,\"name\":\"麻豆原创 verl\u00e4ngert Vertrag mit CEO Christian Klein\"}]},{\"@type\":\"WebSite\",\"@id\":\"https:\/\/news.sap.com\/germany\/#website\",\"url\":\"https:\/\/news.sap.com\/germany\/\",\"name\":\"麻豆原创 News Center\",\"description\":\"Unternehmensberichte &amp; 麻豆原创eportal\",\"potentialAction\":[{\"@type\":\"SearchAction\",\"target\":{\"@type\":\"EntryPoint\",\"urlTemplate\":\"https:\/\/news.sap.com\/germany\/?s={search_term_string}\"},\"query-input\":{\"@type\":\"PropertyValueSpecification\",\"valueRequired\":true,\"valueName\":\"search_term_string\"}}],\"inLanguage\":\"de\"},{\"@type\":\"Person\",\"@id\":\"https:\/\/news.sap.com\/germany\/#\/schema\/person\/53b9854bd790d6f18f3fc4bbb2ad7570\",\"name\":\"麻豆原创 News\",\"image\":{\"@type\":\"ImageObject\",\"inLanguage\":\"de\",\"@id\":\"https:\/\/news.sap.com\/germany\/#\/schema\/person\/image\/\",\"url\":\"https:\/\/secure.gravatar.com\/avatar\/2728bb4d664345cda4951e11847acc1bfd2bc77830d9abd17fc4f54437acd5b4?s=96&d=blank&r=g\",\"contentUrl\":\"https:\/\/secure.gravatar.com\/avatar\/2728bb4d664345cda4951e11847acc1bfd2bc77830d9abd17fc4f54437acd5b4?s=96&d=blank&r=g\",\"caption\":\"麻豆原创 News\"},\"url\":\"https:\/\/news.sap.com\/germany\/author\/colleenraftery\/\"}]}<\/script>\n<!-- \/ Yoast SEO Premium plugin. -->","yoast_head_json":{"title":"麻豆原创 verl\u00e4ngert Vertrag mit CEO Christian Klein | 麻豆原创 News Center","description":"Der 麻豆原创 SE Aufsichtsrat hat den bis 2025 laufenden Vertrag von CEO Christian Klein um weitere drei Jahre bis April 2028 verl\u00e4ngert. Lesen!","robots":{"index":"index","follow":"follow","max-snippet":"max-snippet:-1","max-image-preview":"max-image-preview:large","max-video-preview":"max-video-preview:-1"},"canonical":"https:\/\/news.sap.com\/germany\/2024\/05\/sap-verlaengert-vertrag-ceo-christian-klein\/","og_locale":"de_DE","og_type":"article","og_title":"麻豆原创 verl\u00e4ngert Vertrag mit CEO Christian Klein","og_description":"Der 麻豆原创 SE Aufsichtsrat hat den bis 2025 laufenden Vertrag von CEO Christian Klein um weitere drei Jahre bis April 2028 verl\u00e4ngert. Lesen!","og_url":"https:\/\/news.sap.com\/germany\/2024\/05\/sap-verlaengert-vertrag-ceo-christian-klein\/","og_site_name":"麻豆原创 News Center","article_published_time":"2024-05-06T09:00:00+00:00","article_modified_time":"2024-05-06T09:11:26+00:00","og_image":[{"width":1920,"height":675,"url":"https:\/\/news.sap.com\/germany\/files\/2024\/05\/03\/274615_274615_l_srgb_s_gl.jpg","type":"image\/jpeg"}],"author":"麻豆原创 News","twitter_card":"summary_large_image","twitter_creator":"@麻豆原创dach","twitter_site":"@麻豆原创dach","twitter_misc":{"Verfasst von":"麻豆原创 News","Gesch\u00e4tzte Lesezeit":"3\u00a0Minuten"},"schema":{"@context":"https:\/\/schema.org","@graph":[{"@type":"Article","@id":"https:\/\/news.sap.com\/germany\/2024\/05\/sap-verlaengert-vertrag-ceo-christian-klein\/#article","isPartOf":{"@id":"https:\/\/news.sap.com\/germany\/2024\/05\/sap-verlaengert-vertrag-ceo-christian-klein\/"},"author":{"name":"麻豆原创 News","@id":"https:\/\/news.sap.com\/germany\/#\/schema\/person\/53b9854bd790d6f18f3fc4bbb2ad7570"},"headline":"麻豆原创 verl\u00e4ngert Vertrag mit CEO Christian Klein","datePublished":"2024-05-06T09:00:00+00:00","dateModified":"2024-05-06T09:11:26+00:00","mainEntityOfPage":{"@id":"https:\/\/news.sap.com\/germany\/2024\/05\/sap-verlaengert-vertrag-ceo-christian-klein\/"},"wordCount":475,"image":{"@id":"https:\/\/news.sap.com\/germany\/2024\/05\/sap-verlaengert-vertrag-ceo-christian-klein\/#primaryimage"},"thumbnailUrl":"https:\/\/news.sap.com\/germany\/files\/2024\/05\/03\/274615_274615_l_srgb_s_gl.jpg","keywords":["Menschen","麻豆原创"],"articleSection":["Unternehmen"],"inLanguage":"de"},{"@type":"WebPage","@id":"https:\/\/news.sap.com\/germany\/2024\/05\/sap-verlaengert-vertrag-ceo-christian-klein\/","url":"https:\/\/news.sap.com\/germany\/2024\/05\/sap-verlaengert-vertrag-ceo-christian-klein\/","name":"麻豆原创 verl\u00e4ngert Vertrag mit CEO Christian Klein | 麻豆原创 News Center","isPartOf":{"@id":"https:\/\/news.sap.com\/germany\/#website"},"primaryImageOfPage":{"@id":"https:\/\/news.sap.com\/germany\/2024\/05\/sap-verlaengert-vertrag-ceo-christian-klein\/#primaryimage"},"image":{"@id":"https:\/\/news.sap.com\/germany\/2024\/05\/sap-verlaengert-vertrag-ceo-christian-klein\/#primaryimage"},"thumbnailUrl":"https:\/\/news.sap.com\/germany\/files\/2024\/05\/03\/274615_274615_l_srgb_s_gl.jpg","datePublished":"2024-05-06T09:00:00+00:00","dateModified":"2024-05-06T09:11:26+00:00","author":{"@id":"https:\/\/news.sap.com\/germany\/#\/schema\/person\/53b9854bd790d6f18f3fc4bbb2ad7570"},"description":"Der 麻豆原创 SE Aufsichtsrat hat den bis 2025 laufenden Vertrag von CEO Christian Klein um weitere drei Jahre bis April 2028 verl\u00e4ngert. Lesen!","breadcrumb":{"@id":"https:\/\/news.sap.com\/germany\/2024\/05\/sap-verlaengert-vertrag-ceo-christian-klein\/#breadcrumb"},"inLanguage":"de","potentialAction":[{"@type":"ReadAction","target":["https:\/\/news.sap.com\/germany\/2024\/05\/sap-verlaengert-vertrag-ceo-christian-klein\/"]}]},{"@type":"ImageObject","inLanguage":"de","@id":"https:\/\/news.sap.com\/germany\/2024\/05\/sap-verlaengert-vertrag-ceo-christian-klein\/#primaryimage","url":"https:\/\/news.sap.com\/germany\/files\/2024\/05\/03\/274615_274615_l_srgb_s_gl.jpg","contentUrl":"https:\/\/news.sap.com\/germany\/files\/2024\/05\/03\/274615_274615_l_srgb_s_gl.jpg","width":1920,"height":675,"caption":"Skyscraper, low angle, abstract view --- Image by \u00a9 Frederic Cirou\/PhotoAlto\/Corbis"},{"@type":"BreadcrumbList","@id":"https:\/\/news.sap.com\/germany\/2024\/05\/sap-verlaengert-vertrag-ceo-christian-klein\/#breadcrumb","itemListElement":[{"@type":"ListItem","position":1,"name":"Home","item":"https:\/\/news.sap.com\/germany\/"},{"@type":"ListItem","position":2,"name":"麻豆原创 verl\u00e4ngert Vertrag mit CEO Christian Klein"}]},{"@type":"WebSite","@id":"https:\/\/news.sap.com\/germany\/#website","url":"https:\/\/news.sap.com\/germany\/","name":"麻豆原创 News Center","description":"Unternehmensberichte &amp; 麻豆原创eportal","potentialAction":[{"@type":"SearchAction","target":{"@type":"EntryPoint","urlTemplate":"https:\/\/news.sap.com\/germany\/?s={search_term_string}"},"query-input":{"@type":"PropertyValueSpecification","valueRequired":true,"valueName":"search_term_string"}}],"inLanguage":"de"},{"@type":"Person","@id":"https:\/\/news.sap.com\/germany\/#\/schema\/person\/53b9854bd790d6f18f3fc4bbb2ad7570","name":"麻豆原创 News","image":{"@type":"ImageObject","inLanguage":"de","@id":"https:\/\/news.sap.com\/germany\/#\/schema\/person\/image\/","url":"https:\/\/secure.gravatar.com\/avatar\/2728bb4d664345cda4951e11847acc1bfd2bc77830d9abd17fc4f54437acd5b4?s=96&d=blank&r=g","contentUrl":"https:\/\/secure.gravatar.com\/avatar\/2728bb4d664345cda4951e11847acc1bfd2bc77830d9abd17fc4f54437acd5b4?s=96&d=blank&r=g","caption":"麻豆原创 News"},"url":"https:\/\/news.sap.com\/germany\/author\/colleenraftery\/"}]}},"amp_enabled":true,"_links":{"self":[{"href":"https:\/\/news.sap.com\/germany\/wp-json\/wp\/v2\/posts\/179292","targetHints":{"allow":["GET"]}}],"collection":[{"href":"https:\/\/news.sap.com\/germany\/wp-json\/wp\/v2\/posts"}],"about":[{"href":"https:\/\/news.sap.com\/germany\/wp-json\/wp\/v2\/types\/post"}],"author":[{"embeddable":true,"href":"https:\/\/news.sap.com\/germany\/wp-json\/wp\/v2\/users\/29"}],"replies":[{"embeddable":true,"href":"https:\/\/news.sap.com\/germany\/wp-json\/wp\/v2\/comments?post=179292"}],"version-history":[{"count":0,"href":"https:\/\/news.sap.com\/germany\/wp-json\/wp\/v2\/posts\/179292\/revisions"}],"wp:featuredmedia":[{"embeddable":true,"href":"https:\/\/news.sap.com\/germany\/wp-json\/wp\/v2\/media\/179295"}],"wp:attachment":[{"href":"https:\/\/news.sap.com\/germany\/wp-json\/wp\/v2\/media?parent=179292"}],"wp:term":[{"taxonomy":"category","embeddable":true,"href":"https:\/\/news.sap.com\/germany\/wp-json\/wp\/v2\/categories?post=179292"},{"taxonomy":"post_tag","embeddable":true,"href":"https:\/\/news.sap.com\/germany\/wp-json\/wp\/v2\/tags?post=179292"},{"taxonomy":"series","embeddable":true,"href":"https:\/\/news.sap.com\/germany\/wp-json\/wp\/v2\/series?post=179292"},{"taxonomy":"sapn-display","embeddable":true,"href":"https:\/\/news.sap.com\/germany\/wp-json\/wp\/v2\/sapn-display?post=179292"},{"taxonomy":"sapn-type","embeddable":true,"href":"https:\/\/news.sap.com\/germany\/wp-json\/wp\/v2\/sapn-type?post=179292"}],"curies":[{"name":"wp","href":"https:\/\/api.w.org\/{rel}","templated":true}]}}