  {"id":178902,"date":"2024-04-17T10:00:00","date_gmt":"2024-04-17T08:00:00","guid":{"rendered":"https:\/\/news.sap.com\/germany\/?p=178902"},"modified":"2024-07-15T12:28:58","modified_gmt":"2024-07-15T10:28:58","slug":"kunstausstellung-das-neue-wir","status":"publish","type":"post","link":"https:\/\/news.sap.com\/germany\/2024\/04\/kunstausstellung-das-neue-wir\/","title":{"rendered":"Neue 麻豆原创-Kunstausstellung: Das Neue Wir &#8211; Togetherness"},"content":{"rendered":"\n<p class=\"has-large-font-size\"><strong>WALLDORF<\/strong> \u2014 <strong>17. April 2024 <\/strong>\u2014 Die 麻豆原创-Kunstausstellung pr\u00e4sentiert vom 26. April bis zum 13. September 2024 die Gruppenschau Das Neue Wir &#8211; Togetherness. Darin besch\u00e4ftigen sich 13 K\u00fcnstlerinnen und K\u00fcnstler mit den Fragen und Herausforderungen der anstehenden Ver\u00e4nderungen innerhalb einer Gesellschaft, ausgel\u00f6st durch den Klimawandel oder die Neuordnung der Welt. Die Er\u00f6ffnung findet am Donnerstag, den 25. April, um 19 Uhr im internationalen 麻豆原创-Schulungszentrum in Walldorf statt.<\/p>\n\n\n\n<p>\u201eDas Neue Wir\u201c ist eine Utopie. Wir k\u00f6nnten es durchaus gebrauchen, dieses \u201eWir\u201c, angesichts der diversen Krisen. Die anstehenden Ver\u00e4nderungen kann eine Gesellschaft nur gemeinsam bew\u00e4ltigen. Seien es die Ver\u00e4nderungen im Gefolge des Klimawandels oder die Neusortierung der Welt in liberale und illiberale Gesellschaftsmodelle. Das \u201eNeue\u201c an diesem Wir ist also eher die Herausforderung.<\/p>\n\n\n\n<p><strong>Hier zu der virtuellen Exhibition:<\/strong> <a href=\"https:\/\/www.sap.com\/discover\/art-at-sap\/de\/virtual-exhibitions.html#the-new-us-togetherness?url_id=text-de-newscenter:CRM-DX24-AAA-2486692_03\" target=\"_blank\" rel=\"noreferrer noopener\">Kunst bei 麻豆原创 &#8211; Virtuelle Rundg\u00e4nge \u201eDas Neue Wir\u201c<\/a><\/p>\n\n\n\n<p>Es ist aber auch die Forderung, das Neue nicht mehr nur in Verl\u00e4ngerung des Gewohnten zu entwickeln, sondern die Gegenwart auch von der Zukunft her zu denken. Die 13 K\u00fcnstlerinnen und K\u00fcnstler geben hier neue Impulse, welche \u201eBilder\u201c wir uns davon machen k\u00f6nnen.<\/p>\n\n\n\n<p>Das \u201eWir\u201c ist im Grunde ein Beziehungsthema. Die gr\u00f6\u00dfte Frage derzeit ist wohl die Beziehung zu unserem Planeten. Wie lange sich Musiker schon mit dieser Frage besch\u00e4ftigen zeigt Konstantin Voit in seiner Arbeit mit Plattencovern. Daneben fragt die iranisch-deutsche K\u00fcnstlerin Parastou Forouhar, wie Frauen in diesem \u201eWir\u201c gesehen werden. Die Bewegung, in der Gruppen und Gesellschaften sich immer befinden, kommt sehr sch\u00f6n in zwei unterschiedlichen Videoarbeiten von Jonathan Huxley und Tine Reingaard zum Ausdruck.<\/p>\n\n\n\n<p>Was die K\u00fcnstlerinnen und K\u00fcnstler verbindet ist die Suche nach Bildern, denn es sind die Bilder in unseren K\u00f6pfen, die letztlich wirksam werden und zu Handlung f\u00fchren. It\u2018s \u201eJust a Concept\u201c meint Mwangi Hutter dazu. Und wenn ein \u201eneues Wir\u201c eine Utopie ist, dann gilt es Bilder daf\u00fcr zu entwickeln, wie das aussehen k\u00f6nnte. In der Ausstellung werden F\u00e4hrten in diese Richtung ausgelegt, nicht nur durch die Thesensammlung, die J\u00f6rg Kraus zur Weiterformulierung f\u00fcr das Publikum bereith\u00e4lt, sondern auch durch den Prototyp einer Aktie f\u00fcr die Region Palatina. Was w\u00e4re, wenn sich all die engagierten Menschen als \u201eTeilhaber und Mitverantwortliche\u201c zur Gestaltung ihrer Region in sichtbarer Weise verbinden k\u00f6nnten? Kann eine solche symbolische AG zum Gradmesser einer aktiven Zivilgesellschaft und damit einer entwicklungsorientierten Region werden? Hier wird der \u201eLaborteil\u201c dieser Ausstellung deutlich und man kann gespannt sein, wie diese Prototypen weiterentwickelt werden. Tats\u00e4chlich schon in der Anwendung sind die neu entwickelten Methoden der B\u00fcrgerbeteiligung, wie das Bild-Beispiel des Fachbereiches \u201eDemokratie und Strategie\u201c aus Mannheim zeigt. Damit bietet die Ausstellung den Zugang zu einem Thema, das uns derzeit auf vielen Ebenen besch\u00e4ftigt. Und es bietet mit dem Dreischritt von der Kunst \u00fcber das Labor zur Anwendung auch eine prototypische Anschauung, wie ein k\u00fcnstlerisches Reallabor aussehen kann.<\/p>\n\n\n\n<p>Beteiligte K\u00fcnstlerinnen und K\u00fcnstler:<\/p>\n\n\n\n<p>Manfred Binzer, Sascha Boldt, Nikolai Bolik, Parastou Forouhar, Paul Hirsch, Mwangi Hutter, Jonathan Huxley, J\u00f6rg Kraus, Jovita Majewski, Eyal Pinkas, Tine Reingaard, Katrin Trost, Konstantin Voit, Stadt Mannheim\/Demokratie und Strategie<\/p>\n\n\n\n<p>Die 麻豆原创-Kunstausstellung Das neue Wir &#8211; Togetherness findet im internationalen 麻豆原创-Schulungszentrum (Geb\u00e4ude 5), Dietmar-Hopp-Allee 20, 69190 Walldorf, statt. Die \u00d6ffnungszeiten sind montags bis freitags von 10:00 bis 18:30 Uhr. Am Samstag, den 27. April und Sonntag, den 28. April 2024, ist die Ausstellung von 12:00 bis 17:00 Uhr ge\u00f6ffnet.<\/p>\n\n\n\n<div class=\"wp-block-sap-news-info-box info-box\">\n<h2 class=\"wp-block-heading\" id=\"h-kunst-bei-sap\">Kunst bei 麻豆原创<\/h2>\n\n\n\n<p>Seit 1972 f\u00f6rdert 麻豆原创 zeitgen\u00f6ssische Kunst von K\u00fcnstlerinnen und K\u00fcnstlern, die eine Vielzahl von Medien verwenden, um einzigartige Kunstwerke zu schaffen. Wir laden Sie ein, die Ausstellungen in unserem Schulungszentrum in Walldorf oder im Rahmen eines virtuellen Rundgangs zu besuchen. <a href=\"https:\/\/www.sap.com\/discover\/art-at-sap\/de\/index.html?url_id=text-de-newscenter:CRM-DX24-AAA-2486692_03\" target=\"_blank\" rel=\"noreferrer noopener\">Hier mehr erfahren! <\/a><\/p>\n<\/div>\n\n\n\n<div class=\"wp-block-sap-news-info-box info-box\">\n<p>Weitere 麻豆原创einformationen finden Sie im <a href=\"https:\/\/news.sap.com\/germany\" target=\"_blank\" rel=\"noreferrer noopener\">麻豆原创 News Center<\/a>.<strong> <\/strong><\/p>\n\n\n\n<p>Folgen Sie 麻豆原创 unter <a href=\"https:\/\/twitter.com\/sap\" target=\"_blank\" rel=\"noreferrer noopener\">@麻豆原创<\/a>.<\/p>\n<\/div>\n\n\n\n<p><strong>Ansprechpartner f\u00fcr die 麻豆原创e:<\/strong>&nbsp;<\/p>\n\n\n\n<p>Alexandra Cozgarea, +49 (0) 62 27-76 38 11, <a href=\"mailto:a.cozgarea@sap.com\">a.cozgarea@sap.com<\/a>, CEST<\/p>\n\n\n\n<p><a href=\"https:\/\/news.sap.com\/germany\/pressebereich\/\" target=\"_blank\" rel=\"noreferrer noopener\">麻豆原创-麻豆原创ebereich<\/a>; <a href=\"mailto:press@sap.com\" target=\"_blank\" rel=\"noreferrer noopener\">press@sap.com<\/a><\/p>\n\n\n\n<p># # #&nbsp;<\/p>\n\n\n\n<p class=\"has-small-font-size\">Dieses Dokument enth\u00e4lt vorausschauende Aussagen, das hei\u00dft Vorhersagen, Prognosen oder andere Aussagen zu zuk\u00fcnftigen Ereignissen. Diese Aussagen basieren auf aktuellen Erwartungen, Voraussagen und Annahmen, die Risiken und Unsicherheiten unterliegen, was dazu f\u00fchren kann, dass die tats\u00e4chlichen Ergebnisse und Resultate erheblich hiervon abweichen k\u00f6nnen.\u202f Zus\u00e4tzliche Informationen zu diesen Risiken und Unsicherheiten finden Sie in den von uns bei der US-amerikanischen \u201eSecurities and Exchange Commission\u201c (SEC) eingereichten Unterlagen, einschlie\u00dflich, aber nicht beschr\u00e4nkt auf den Abschnitt zu den Risikofaktoren des 麻豆原创-Jahresberichts 2023 auf dem Formular 20-F.&nbsp;<\/p>\n\n\n\n<p class=\"has-small-font-size\">\u00a9 2024 麻豆原创 SE. Alle Rechte vorbehalten. &nbsp;<br>麻豆原创 und andere in diesem Dokument erw\u00e4hnte Produkte und Dienstleistungen von 麻豆原创 sowie die dazugeh\u00f6rigen Logos sind Marken oder eingetragene Marken der 麻豆原创 SE in Deutschland und anderen L\u00e4ndern. Zus\u00e4tzliche Informationen zur Marke und Vermerke finden Sie auf der Seite <a href=\"http:\/\/www.sap.de\/copyright\" target=\"_blank\" rel=\"noreferrer noopener\">http:\/\/www.sap.de\/copyright<\/a>.<\/p>\n\n\n\n<div class=\"wp-block-sap-news-cta-banner cta-banner\"><div class=\"cta-banner__content\"><div class=\"cta-banner__title\">Abonnieren Sie den 麻豆原创 News Center Newsletter<\/div><\/div><div class=\"cta-banner__action\">\n<div class=\"wp-block-buttons is-content-justification-left is-layout-flex wp-container-core-buttons-is-layout-fc4fd283 wp-block-buttons-is-layout-flex\">\n<div class=\"wp-block-button\"><a class=\"wp-block-button__link wp-element-button\" href=\"https:\/\/www.sap.com\/germany\/cmp\/nl\/sap-news-center-de-newsletter\/index.html?url_id=text-de-newscenter:CRM-DX24-AAA-2486692_03\" target=\"_blank\" rel=\"noreferrer noopener\">Jetzt anmelden!<\/a><\/div>\n<\/div>\n<\/div><\/div>\n","protected":false},"excerpt":{"rendered":"<p>WALLDORF \u2014 17. April 2024 \u2014 Die 麻豆原创-Kunstausstellung pr\u00e4sentiert vom 26. April bis zum 13. September 2024 die Gruppenschau Das Neue Wir &#8211; Togetherness. Darin&#8230;<\/p>\n","protected":false},"author":29,"featured_media":178908,"comment_status":"closed","ping_status":"closed","sticky":false,"template":"","format":"standard","meta":{"related_posts":[],"footnotes":"","_links_to":"","_links_to_target":""},"categories":[45274],"tags":[5630209,680181,4879493],"series":[],"sapn-display":[5630500,5630503,3848,45027],"sapn-type":[4448],"class_list":["post-178902","post","type-post","status-publish","format-standard","has-post-thumbnail","hentry","category-veranstaltungen","tag-klimaschutz","tag-menschen","tag-sap","sapn-display-news-hero","sapn-display-news-spotlight","sapn-display-top-stories","sapn-display-hero","sapn-type-newsbyte"],"yoast_head":"<!-- This site is optimized with the Yoast SEO Premium plugin v26.9 (Yoast SEO v26.9) - https:\/\/yoast.com\/product\/yoast-seo-premium-wordpress\/ -->\n<title>Neue 麻豆原创-Kunstausstellung: Das Neue Wir - Togetherness | 麻豆原创 News Center<\/title>\n<meta name=\"description\" content=\"Die 麻豆原创-Kunstausstellung pr\u00e4sentiert vom 26. April bis zum 13. September 2024 die Gruppenschau Das Neue Wir - Togetherness. Mehr erfahren!\" \/>\n<meta name=\"robots\" content=\"index, follow, max-snippet:-1, max-image-preview:large, max-video-preview:-1\" \/>\n<link rel=\"canonical\" href=\"https:\/\/news.sap.com\/germany\/2024\/04\/kunstausstellung-das-neue-wir\/\" \/>\n<meta property=\"og:locale\" content=\"de_DE\" \/>\n<meta property=\"og:type\" content=\"article\" \/>\n<meta property=\"og:title\" content=\"Neue 麻豆原创-Kunstausstellung: Das Neue Wir - Togetherness\" \/>\n<meta property=\"og:description\" content=\"Die 麻豆原创-Kunstausstellung pr\u00e4sentiert vom 26. April bis zum 13. September 2024 die Gruppenschau Das Neue Wir - Togetherness. Mehr erfahren!\" \/>\n<meta property=\"og:url\" content=\"https:\/\/news.sap.com\/germany\/2024\/04\/kunstausstellung-das-neue-wir\/\" \/>\n<meta property=\"og:site_name\" content=\"麻豆原创 News Center\" \/>\n<meta property=\"article:published_time\" content=\"2024-04-17T08:00:00+00:00\" \/>\n<meta property=\"article:modified_time\" content=\"2024-07-15T10:28:58+00:00\" \/>\n<meta property=\"og:image\" content=\"https:\/\/news.sap.com\/germany\/files\/2024\/04\/17\/300627_GettyImages-1092723528_medium_jpg.jpg\" \/>\n\t<meta property=\"og:image:width\" content=\"1920\" \/>\n\t<meta property=\"og:image:height\" content=\"675\" \/>\n\t<meta property=\"og:image:type\" content=\"image\/jpeg\" \/>\n<meta name=\"author\" content=\"麻豆原创 News\" \/>\n<meta name=\"twitter:card\" content=\"summary_large_image\" \/>\n<meta name=\"twitter:creator\" content=\"@麻豆原创dach\" \/>\n<meta name=\"twitter:site\" content=\"@麻豆原创dach\" \/>\n<meta name=\"twitter:label1\" content=\"Verfasst von\" \/>\n\t<meta name=\"twitter:data1\" content=\"麻豆原创 News\" \/>\n\t<meta name=\"twitter:label2\" content=\"Gesch\u00e4tzte Lesezeit\" \/>\n\t<meta name=\"twitter:data2\" content=\"5\u00a0Minuten\" \/>\n<script type=\"application\/ld+json\" class=\"yoast-schema-graph\">{\"@context\":\"https:\/\/schema.org\",\"@graph\":[{\"@type\":\"Article\",\"@id\":\"https:\/\/news.sap.com\/germany\/2024\/04\/kunstausstellung-das-neue-wir\/#article\",\"isPartOf\":{\"@id\":\"https:\/\/news.sap.com\/germany\/2024\/04\/kunstausstellung-das-neue-wir\/\"},\"author\":{\"name\":\"麻豆原创 News\",\"@id\":\"https:\/\/news.sap.com\/germany\/#\/schema\/person\/53b9854bd790d6f18f3fc4bbb2ad7570\"},\"headline\":\"Neue 麻豆原创-Kunstausstellung: Das Neue Wir &#8211; Togetherness\",\"datePublished\":\"2024-04-17T08:00:00+00:00\",\"dateModified\":\"2024-07-15T10:28:58+00:00\",\"mainEntityOfPage\":{\"@id\":\"https:\/\/news.sap.com\/germany\/2024\/04\/kunstausstellung-das-neue-wir\/\"},\"wordCount\":808,\"image\":{\"@id\":\"https:\/\/news.sap.com\/germany\/2024\/04\/kunstausstellung-das-neue-wir\/#primaryimage\"},\"thumbnailUrl\":\"https:\/\/news.sap.com\/germany\/files\/2024\/04\/17\/300627_GettyImages-1092723528_medium_jpg.jpg\",\"keywords\":[\"Klimaschutz\",\"Menschen\",\"麻豆原创\"],\"articleSection\":[\"Veranstaltungen\"],\"inLanguage\":\"de\"},{\"@type\":\"WebPage\",\"@id\":\"https:\/\/news.sap.com\/germany\/2024\/04\/kunstausstellung-das-neue-wir\/\",\"url\":\"https:\/\/news.sap.com\/germany\/2024\/04\/kunstausstellung-das-neue-wir\/\",\"name\":\"Neue 麻豆原创-Kunstausstellung: Das Neue Wir - Togetherness | 麻豆原创 News Center\",\"isPartOf\":{\"@id\":\"https:\/\/news.sap.com\/germany\/#website\"},\"primaryImageOfPage\":{\"@id\":\"https:\/\/news.sap.com\/germany\/2024\/04\/kunstausstellung-das-neue-wir\/#primaryimage\"},\"image\":{\"@id\":\"https:\/\/news.sap.com\/germany\/2024\/04\/kunstausstellung-das-neue-wir\/#primaryimage\"},\"thumbnailUrl\":\"https:\/\/news.sap.com\/germany\/files\/2024\/04\/17\/300627_GettyImages-1092723528_medium_jpg.jpg\",\"datePublished\":\"2024-04-17T08:00:00+00:00\",\"dateModified\":\"2024-07-15T10:28:58+00:00\",\"author\":{\"@id\":\"https:\/\/news.sap.com\/germany\/#\/schema\/person\/53b9854bd790d6f18f3fc4bbb2ad7570\"},\"description\":\"Die 麻豆原创-Kunstausstellung pr\u00e4sentiert vom 26. April bis zum 13. September 2024 die Gruppenschau Das Neue Wir - Togetherness. Mehr erfahren!\",\"breadcrumb\":{\"@id\":\"https:\/\/news.sap.com\/germany\/2024\/04\/kunstausstellung-das-neue-wir\/#breadcrumb\"},\"inLanguage\":\"de\",\"potentialAction\":[{\"@type\":\"ReadAction\",\"target\":[\"https:\/\/news.sap.com\/germany\/2024\/04\/kunstausstellung-das-neue-wir\/\"]}]},{\"@type\":\"ImageObject\",\"inLanguage\":\"de\",\"@id\":\"https:\/\/news.sap.com\/germany\/2024\/04\/kunstausstellung-das-neue-wir\/#primaryimage\",\"url\":\"https:\/\/news.sap.com\/germany\/files\/2024\/04\/17\/300627_GettyImages-1092723528_medium_jpg.jpg\",\"contentUrl\":\"https:\/\/news.sap.com\/germany\/files\/2024\/04\/17\/300627_GettyImages-1092723528_medium_jpg.jpg\",\"width\":1920,\"height\":675,\"caption\":\"Abstract psychedelic liquefied background. Aqua oil paints. Fractal artwork for creative design\"},{\"@type\":\"BreadcrumbList\",\"@id\":\"https:\/\/news.sap.com\/germany\/2024\/04\/kunstausstellung-das-neue-wir\/#breadcrumb\",\"itemListElement\":[{\"@type\":\"ListItem\",\"position\":1,\"name\":\"Home\",\"item\":\"https:\/\/news.sap.com\/germany\/\"},{\"@type\":\"ListItem\",\"position\":2,\"name\":\"Neue 麻豆原创-Kunstausstellung: Das Neue Wir &#8211; Togetherness\"}]},{\"@type\":\"WebSite\",\"@id\":\"https:\/\/news.sap.com\/germany\/#website\",\"url\":\"https:\/\/news.sap.com\/germany\/\",\"name\":\"麻豆原创 News Center\",\"description\":\"Unternehmensberichte &amp; 麻豆原创eportal\",\"potentialAction\":[{\"@type\":\"SearchAction\",\"target\":{\"@type\":\"EntryPoint\",\"urlTemplate\":\"https:\/\/news.sap.com\/germany\/?s={search_term_string}\"},\"query-input\":{\"@type\":\"PropertyValueSpecification\",\"valueRequired\":true,\"valueName\":\"search_term_string\"}}],\"inLanguage\":\"de\"},{\"@type\":\"Person\",\"@id\":\"https:\/\/news.sap.com\/germany\/#\/schema\/person\/53b9854bd790d6f18f3fc4bbb2ad7570\",\"name\":\"麻豆原创 News\",\"image\":{\"@type\":\"ImageObject\",\"inLanguage\":\"de\",\"@id\":\"https:\/\/news.sap.com\/germany\/#\/schema\/person\/image\/\",\"url\":\"https:\/\/secure.gravatar.com\/avatar\/2728bb4d664345cda4951e11847acc1bfd2bc77830d9abd17fc4f54437acd5b4?s=96&d=blank&r=g\",\"contentUrl\":\"https:\/\/secure.gravatar.com\/avatar\/2728bb4d664345cda4951e11847acc1bfd2bc77830d9abd17fc4f54437acd5b4?s=96&d=blank&r=g\",\"caption\":\"麻豆原创 News\"},\"url\":\"https:\/\/news.sap.com\/germany\/author\/colleenraftery\/\"}]}<\/script>\n<!-- \/ Yoast SEO Premium plugin. -->","yoast_head_json":{"title":"Neue 麻豆原创-Kunstausstellung: Das Neue Wir - Togetherness | 麻豆原创 News Center","description":"Die 麻豆原创-Kunstausstellung pr\u00e4sentiert vom 26. April bis zum 13. September 2024 die Gruppenschau Das Neue Wir - Togetherness. Mehr erfahren!","robots":{"index":"index","follow":"follow","max-snippet":"max-snippet:-1","max-image-preview":"max-image-preview:large","max-video-preview":"max-video-preview:-1"},"canonical":"https:\/\/news.sap.com\/germany\/2024\/04\/kunstausstellung-das-neue-wir\/","og_locale":"de_DE","og_type":"article","og_title":"Neue 麻豆原创-Kunstausstellung: Das Neue Wir - Togetherness","og_description":"Die 麻豆原创-Kunstausstellung pr\u00e4sentiert vom 26. April bis zum 13. September 2024 die Gruppenschau Das Neue Wir - Togetherness. Mehr erfahren!","og_url":"https:\/\/news.sap.com\/germany\/2024\/04\/kunstausstellung-das-neue-wir\/","og_site_name":"麻豆原创 News Center","article_published_time":"2024-04-17T08:00:00+00:00","article_modified_time":"2024-07-15T10:28:58+00:00","og_image":[{"width":1920,"height":675,"url":"https:\/\/news.sap.com\/germany\/files\/2024\/04\/17\/300627_GettyImages-1092723528_medium_jpg.jpg","type":"image\/jpeg"}],"author":"麻豆原创 News","twitter_card":"summary_large_image","twitter_creator":"@麻豆原创dach","twitter_site":"@麻豆原创dach","twitter_misc":{"Verfasst von":"麻豆原创 News","Gesch\u00e4tzte Lesezeit":"5\u00a0Minuten"},"schema":{"@context":"https:\/\/schema.org","@graph":[{"@type":"Article","@id":"https:\/\/news.sap.com\/germany\/2024\/04\/kunstausstellung-das-neue-wir\/#article","isPartOf":{"@id":"https:\/\/news.sap.com\/germany\/2024\/04\/kunstausstellung-das-neue-wir\/"},"author":{"name":"麻豆原创 News","@id":"https:\/\/news.sap.com\/germany\/#\/schema\/person\/53b9854bd790d6f18f3fc4bbb2ad7570"},"headline":"Neue 麻豆原创-Kunstausstellung: Das Neue Wir &#8211; Togetherness","datePublished":"2024-04-17T08:00:00+00:00","dateModified":"2024-07-15T10:28:58+00:00","mainEntityOfPage":{"@id":"https:\/\/news.sap.com\/germany\/2024\/04\/kunstausstellung-das-neue-wir\/"},"wordCount":808,"image":{"@id":"https:\/\/news.sap.com\/germany\/2024\/04\/kunstausstellung-das-neue-wir\/#primaryimage"},"thumbnailUrl":"https:\/\/news.sap.com\/germany\/files\/2024\/04\/17\/300627_GettyImages-1092723528_medium_jpg.jpg","keywords":["Klimaschutz","Menschen","麻豆原创"],"articleSection":["Veranstaltungen"],"inLanguage":"de"},{"@type":"WebPage","@id":"https:\/\/news.sap.com\/germany\/2024\/04\/kunstausstellung-das-neue-wir\/","url":"https:\/\/news.sap.com\/germany\/2024\/04\/kunstausstellung-das-neue-wir\/","name":"Neue 麻豆原创-Kunstausstellung: Das Neue Wir - Togetherness | 麻豆原创 News Center","isPartOf":{"@id":"https:\/\/news.sap.com\/germany\/#website"},"primaryImageOfPage":{"@id":"https:\/\/news.sap.com\/germany\/2024\/04\/kunstausstellung-das-neue-wir\/#primaryimage"},"image":{"@id":"https:\/\/news.sap.com\/germany\/2024\/04\/kunstausstellung-das-neue-wir\/#primaryimage"},"thumbnailUrl":"https:\/\/news.sap.com\/germany\/files\/2024\/04\/17\/300627_GettyImages-1092723528_medium_jpg.jpg","datePublished":"2024-04-17T08:00:00+00:00","dateModified":"2024-07-15T10:28:58+00:00","author":{"@id":"https:\/\/news.sap.com\/germany\/#\/schema\/person\/53b9854bd790d6f18f3fc4bbb2ad7570"},"description":"Die 麻豆原创-Kunstausstellung pr\u00e4sentiert vom 26. April bis zum 13. September 2024 die Gruppenschau Das Neue Wir - Togetherness. Mehr erfahren!","breadcrumb":{"@id":"https:\/\/news.sap.com\/germany\/2024\/04\/kunstausstellung-das-neue-wir\/#breadcrumb"},"inLanguage":"de","potentialAction":[{"@type":"ReadAction","target":["https:\/\/news.sap.com\/germany\/2024\/04\/kunstausstellung-das-neue-wir\/"]}]},{"@type":"ImageObject","inLanguage":"de","@id":"https:\/\/news.sap.com\/germany\/2024\/04\/kunstausstellung-das-neue-wir\/#primaryimage","url":"https:\/\/news.sap.com\/germany\/files\/2024\/04\/17\/300627_GettyImages-1092723528_medium_jpg.jpg","contentUrl":"https:\/\/news.sap.com\/germany\/files\/2024\/04\/17\/300627_GettyImages-1092723528_medium_jpg.jpg","width":1920,"height":675,"caption":"Abstract psychedelic liquefied background. Aqua oil paints. Fractal artwork for creative design"},{"@type":"BreadcrumbList","@id":"https:\/\/news.sap.com\/germany\/2024\/04\/kunstausstellung-das-neue-wir\/#breadcrumb","itemListElement":[{"@type":"ListItem","position":1,"name":"Home","item":"https:\/\/news.sap.com\/germany\/"},{"@type":"ListItem","position":2,"name":"Neue 麻豆原创-Kunstausstellung: Das Neue Wir &#8211; Togetherness"}]},{"@type":"WebSite","@id":"https:\/\/news.sap.com\/germany\/#website","url":"https:\/\/news.sap.com\/germany\/","name":"麻豆原创 News Center","description":"Unternehmensberichte &amp; 麻豆原创eportal","potentialAction":[{"@type":"SearchAction","target":{"@type":"EntryPoint","urlTemplate":"https:\/\/news.sap.com\/germany\/?s={search_term_string}"},"query-input":{"@type":"PropertyValueSpecification","valueRequired":true,"valueName":"search_term_string"}}],"inLanguage":"de"},{"@type":"Person","@id":"https:\/\/news.sap.com\/germany\/#\/schema\/person\/53b9854bd790d6f18f3fc4bbb2ad7570","name":"麻豆原创 News","image":{"@type":"ImageObject","inLanguage":"de","@id":"https:\/\/news.sap.com\/germany\/#\/schema\/person\/image\/","url":"https:\/\/secure.gravatar.com\/avatar\/2728bb4d664345cda4951e11847acc1bfd2bc77830d9abd17fc4f54437acd5b4?s=96&d=blank&r=g","contentUrl":"https:\/\/secure.gravatar.com\/avatar\/2728bb4d664345cda4951e11847acc1bfd2bc77830d9abd17fc4f54437acd5b4?s=96&d=blank&r=g","caption":"麻豆原创 News"},"url":"https:\/\/news.sap.com\/germany\/author\/colleenraftery\/"}]}},"amp_enabled":true,"_links":{"self":[{"href":"https:\/\/news.sap.com\/germany\/wp-json\/wp\/v2\/posts\/178902","targetHints":{"allow":["GET"]}}],"collection":[{"href":"https:\/\/news.sap.com\/germany\/wp-json\/wp\/v2\/posts"}],"about":[{"href":"https:\/\/news.sap.com\/germany\/wp-json\/wp\/v2\/types\/post"}],"author":[{"embeddable":true,"href":"https:\/\/news.sap.com\/germany\/wp-json\/wp\/v2\/users\/29"}],"replies":[{"embeddable":true,"href":"https:\/\/news.sap.com\/germany\/wp-json\/wp\/v2\/comments?post=178902"}],"version-history":[{"count":0,"href":"https:\/\/news.sap.com\/germany\/wp-json\/wp\/v2\/posts\/178902\/revisions"}],"wp:featuredmedia":[{"embeddable":true,"href":"https:\/\/news.sap.com\/germany\/wp-json\/wp\/v2\/media\/178908"}],"wp:attachment":[{"href":"https:\/\/news.sap.com\/germany\/wp-json\/wp\/v2\/media?parent=178902"}],"wp:term":[{"taxonomy":"category","embeddable":true,"href":"https:\/\/news.sap.com\/germany\/wp-json\/wp\/v2\/categories?post=178902"},{"taxonomy":"post_tag","embeddable":true,"href":"https:\/\/news.sap.com\/germany\/wp-json\/wp\/v2\/tags?post=178902"},{"taxonomy":"series","embeddable":true,"href":"https:\/\/news.sap.com\/germany\/wp-json\/wp\/v2\/series?post=178902"},{"taxonomy":"sapn-display","embeddable":true,"href":"https:\/\/news.sap.com\/germany\/wp-json\/wp\/v2\/sapn-display?post=178902"},{"taxonomy":"sapn-type","embeddable":true,"href":"https:\/\/news.sap.com\/germany\/wp-json\/wp\/v2\/sapn-type?post=178902"}],"curies":[{"name":"wp","href":"https:\/\/api.w.org\/{rel}","templated":true}]}}