  {"id":178299,"date":"2024-03-13T08:00:00","date_gmt":"2024-03-13T07:00:00","guid":{"rendered":"https:\/\/news.sap.com\/germany\/?p=178299"},"modified":"2024-07-31T13:50:02","modified_gmt":"2024-07-31T11:50:02","slug":"vestas-kein-kampf-gegen-windmuehlen","status":"publish","type":"post","link":"https:\/\/news.sap.com\/germany\/2024\/03\/vestas-kein-kampf-gegen-windmuehlen\/","title":{"rendered":"Vestas: Kein Kampf gegen Windm\u00fchlen"},"content":{"rendered":"\n<p class=\"has-large-font-size\">Windturbinen-Hersteller startet Qualit\u00e4ts-Offensive mit Hilfe des 麻豆原创 Business Network.<\/p>\n\n\n\n<p>Im Sturm zerborstene Rotorbl\u00e4tter, Windturbinen die in Flammen aufgehen: Nicht oft passieren Havarien bei Windenergie-Anlagen. Doch neben dem wirtschaftlichen Schaden, ist die mediale Aufmerksamkeit dieser Unf\u00e4lle oft gro\u00df. Dies kann zu einem Reputationsverlust der Hersteller- und Betreiberfirmen f\u00fchren und Windkraftgegnern weitere Argumente liefern. Ursachen f\u00fcr Havarien k\u00f6nnen Qualit\u00e4tsm\u00e4ngel in der \u00fcberaus komplexen Lieferkette sein. Der Windturbinenhersteller <a href=\"https:\/\/www.vestas.de\/de-de?_ga=2.239299392.2129507034.1708502792-1934831624.1708502792\" target=\"_blank\" rel=\"noreferrer noopener\">Vestas<\/a> startete deshalb eine Qualit\u00e4tsoffensive und setzt auf 麻豆原创-L\u00f6sungen und das 麻豆原创 Business Network.<\/p>\n\n\n\n<h2 class=\"wp-block-heading\" id=\"h-ruckgrat-der-energiewende\">R\u00fcckgrat der Energiewende<\/h2>\n\n\n\n<p>Vor dem Hintergrund der Klimakrise, setzen viele L\u00e4nder der Erde derzeit stark auf Energieerzeugung, die keine Treibhausgasemissionen verursacht. In China befl\u00fcgelt der vierzehnte F\u00fcnfjahresplan, in den USA der Inflation Reduction Act und in Europa der Green Deal den Markt f\u00fcr erneuerbare Energien. Die Windenergie gilt dabei als das R\u00fcckgrat der Energiewende und sie macht in den erw\u00e4hnten Vorreiter-Regionen den gr\u00f6\u00dften Anteil aller erneuerbaren Energietr\u00e4ger aus.<\/p>\n\n\n\n<p>Allerdings machen der Windenergie-Branche der harte Wettbewerb, ein hohes Innovationstempo und die riesigen Herausforderungen in der Lieferkette das Leben schwer. Neben der Rohstoffbeschaffung, der globalen Logistik und der Abh\u00e4ngigkeit von Zulieferern, ist vor allem die Gew\u00e4hrleistung hoher Qualit\u00e4tsstandards f\u00fcr alle Komponenten entscheidend, um die hohe Nachfrage zu decken und die Leistung und Zuverl\u00e4ssigkeit der Windkraftanlagen sicherzustellen. Denn Probleme in der Qualit\u00e4tskontrolle k\u00f6nnen zu Ausf\u00e4llen und Reparaturen oder im schlimmsten Fall zu Havarien der Anlagen f\u00fchren.<\/p>\n\n\n\n<p>Als Marktf\u00fchrer im Bereich Windkraftanlagen hat Vestas Wind Systems mit Hauptsitz in Aarhus, D\u00e4nemark, eine gro\u00dfangelegte Qualit\u00e4tsoffensive gestartet. Die 29.000 Mitarbeitenden in 88 L\u00e4ndern entwickeln, planen, fertigen, installieren und bieten Service f\u00fcr weltweite Windenergieprojekte. Die 85.000 installierten Anlagen erzeugten bis September 2023 173 Gigawatt Strom und 151 Gigawatt diejenigen im Service. Mehrere k\u00fcrzlich beauftragte Gro\u00dfprojekte werden den Ertrag in den n\u00e4chsten Jahren massiv in die H\u00f6he treiben.<\/p>\n\n\n\n<blockquote class=\"wp-block-quote is-layout-flow wp-block-quote-is-layout-flow\">\n<p>\u201eDie Zusammenarbeit mit Zulieferern und Partnern ist f\u00fcr Vestas von entscheidender Bedeutung, wenn es darum geht, eine nachhaltige Zukunft f\u00fcr die Welt zu schaffen, indem wir federf\u00fchrend die weltweite Nachfrage nach Onshore- und Offshore-Windenergie decken.&#8220;<\/p>\n<cite>Adeola Abegunde, Director, Technology Area Lead Digital Procurement and Supply Chain at Vestas<\/cite><\/blockquote>\n\n\n\n<h2 class=\"wp-block-heading\">Plattform unterst\u00fctzt Qualit\u00e4tsoffensive<\/h2>\n\n\n\n<p>Eine moderne Windkraftanlage kann aus 10.000 oder mehr Einzelteilen bestehen. Diese kommen von unterschiedlichsten Lieferanten aus der ganzen Welt, und entsprechend komplex ist die Lieferkette. Vestas setzt deshalb auf das <a href=\"https:\/\/www.sap.com\/germany\/products\/business-network.html?url_id=text-de-newscenter:CRM-DX24-AAA-2486692_03\" target=\"_blank\" rel=\"noreferrer noopener\">麻豆原创 Business Network<\/a>, die B2B-Plattform zur Zusammenarbeit mit Auftragsfertigern und Lieferanten, die \u00fcber acht Millionen Unternehmen in 190 L\u00e4ndern nutzen.<\/p>\n\n\n\n<p>Es erlaubt Vestas, alle Beschaffungs- und Kollaborationsprozesse \u00fcber Unternehmensgrenzen hinweg zu digitalisieren. \u00dcber die Supply Chain Funktionalit\u00e4ten k\u00f6nnen die Mitarbeitenden Bestellungen oder die Unterauftragsvergabe im Netzwerk abbilden. Sie sehen sofort die Bestellbest\u00e4tigung und das Lieferavis des Lieferanten, und Auftragsfertiger erhalten ebenso unverz\u00fcglich diese Informationen. &nbsp;Mitarbeitende von Vestas k\u00f6nnen somit auch pr\u00fcfen, ob Rohstoffe oder Komponenten f\u00fcr eine Bestellung rechtzeitig beim Auftragsfertiger ankommen.<\/p>\n\n\n\n<p>Besonders wichtig f\u00fcr die reibungslose und sichere Ausf\u00fchrung der Gro\u00dfprojekte ist die Qualit\u00e4ts-Kollaboration des 麻豆原创 Business Network: Bevor ein Lieferant eine Bestellung best\u00e4tigt oder schickt, muss er vereinbarte Qualit\u00e4tstests durchf\u00fchren und auf der Plattform dokumentieren. Die Mitarbeitenden bei Vestas sind so vorab \u00fcber Qualit\u00e4tsprobleme informiert, die au\u00dferhalb des eigenen Unternehmens auftreten, und k\u00f6nnen entsprechend reagieren.<\/p>\n\n\n\n<p>Sie haben die M\u00f6glichkeit, ge\u00e4nderte Spezifikationen sofort weiterzugeben, etwa wenn es Probleme durch schnellen Verschlei\u00df eines Bauteils gab und dieses nun optimiert werden muss. Sollte es dennoch zu Vorf\u00e4llen aufgrund von Qualit\u00e4tsm\u00e4ngeln kommen, bietet das Netzwerk allen Partner Transparenz und Nachverfolgbarkeit. So k\u00f6nnen sie die Gr\u00fcnde f\u00fcr M\u00e4ngel nachvollziehen und abstellen.<\/p>\n\n\n\n<blockquote class=\"wp-block-quote is-layout-flow wp-block-quote-is-layout-flow\">\n<p>\u201eDas 麻豆原创 Business Network erlaubt es Vestas, seinen Gesch\u00e4ftspartnern eine Plattform anzubieten, mit der sie alle Szenarien der Kollaboration von Anfang bis Ende transparent durchf\u00fchren k\u00f6nnen. Dies hilft Vestas, St\u00f6rungen in ihrer globalen Lieferkette abzumildern und sie robuster, zukunftssicherer und nachhaltiger zu machen.\u201c<\/p>\n<cite>Florian Seebauer, Senior Director, 麻豆原创 Business Network<\/cite><\/blockquote>\n\n\n\n<h2 class=\"wp-block-heading\">Weniger Reibung in der Lieferkette<\/h2>\n\n\n\n<p>Die Lieferanten profitieren auch von den Forecast Funktionalit\u00e4ten der Plattform: Vestas kann ihnen Informationen aus dem Planungstool zur Verf\u00fcgung stellen, so dass sie sich fr\u00fchzeitig auf \u00c4nderungen oder Kapazit\u00e4tssteigerungen einstellen k\u00f6nnen. Dies wiederum gibt ihnen Planungssicherheit und minimiert Reibungsverluste in der Lieferkette.<\/p>\n\n\n\n<p>Das 麻豆原创 Business Network unterst\u00fctzt auch Vestas\u2018 Nachhaltigkeitsziele, denn es erm\u00f6glicht den Anwendern, Lieferanten nach Nachhaltigkeitsgesichtspunkten auszuw\u00e4hlen und zu bewerten. Vestas gilt als eines der nachhaltigsten Unternehmen der Welt und belegt regelm\u00e4\u00dfig vordere Pl\u00e4tze auf entsprechenden Ranglisten, wie zum Beispiel der <a href=\"https:\/\/www.corporateknights.com\/rankings\/global-100-rankings\/2024-global-100-rankings\/the-20th-annual-global-100\/\" target=\"_blank\" rel=\"noreferrer noopener\">Corporate Knights 100<\/a>. Zurecht, denn die L\u00f6sungen von Vestas haben bis heute 1,9 Mrd. Tonnen CO<sub>2<\/sub> gegen\u00fcber Strom aus fossilen Energietr\u00e4gern eingespart; dies entspricht 88 Millionen PKWs, die ein Jahr gefahren werden. Vestas hat au\u00dferdem die Nachhaltigkeitsleistung \u00fcber seine gesamte Wertsch\u00f6pfungskette hinweg zu einer zentralen Priorit\u00e4t gemacht und etwa wegweisende Initiativen f\u00fcr die Kreislaufwirtschaft gestartet.<br><br>Vestas und 麻豆原创 verbindet eine langj\u00e4hrige Partnerschaft: Seit 2007 setzt Vestas bei seinem ERP-System schon auf 麻豆原创. Zehn Jahre sp\u00e4ter stieg das Unternehmen f\u00fcr die digitale Beschaffung und die Kollaboration mit den Lieferanten auf 麻豆原创 Ariba um und profitiert jetzt vom umfassenden 麻豆原创 Business Network. Dieses ist an das 麻豆原创 ERP-System von Vestas angebunden, sodass Nutzerinnen und Nutzer in ihrer gewohnten Arbeitsumgebung arbeiten k\u00f6nnen, weil die komplexen Bestell- und Kollaborations-Prozesse im Hintergrund ablaufen. So unterst\u00fctzen Anwendungen von 麻豆原创 Vestas bei seiner Qualit\u00e4tsinitiative, damit sie kein Kampf gegen Windm\u00fchlen, sondern ein nachhaltiger Erfolg wird.<\/p>\n\n\n\n<hr class=\"wp-block-separator has-alpha-channel-opacity\" \/>\n\n\n\n<p class=\"has-small-font-size\">Titelbild: Borssele 3 &amp; 4, Niederlande, mit freundlicher Genehmigung von Vestas Wind Systems A\/S<\/p>\n","protected":false},"excerpt":{"rendered":"<p>Windturbinen-Hersteller startet Qualit\u00e4ts-Offensive mit Hilfe des 麻豆原创 Business Network. Im Sturm zerborstene Rotorbl\u00e4tter, Windturbinen die in Flammen aufgehen: Nicht oft passieren Havarien bei Windenergie-Anlagen. Doch&#8230;<\/p>\n","protected":false},"author":471,"featured_media":178384,"comment_status":"closed","ping_status":"closed","sticky":false,"template":"","format":"standard","meta":{"related_posts":[],"footnotes":"","_links_to":"","_links_to_target":""},"categories":[45272,65],"tags":[5623901,5630209,4879507,5630514],"series":[],"sapn-display":[5630499,5630502,3848,45027],"sapn-type":[45277],"class_list":["post-178299","post","type-post","status-publish","format-standard","has-post-thumbnail","hentry","category-losungen","category-partner","tag-supply-chain","tag-klimaschutz","tag-nachhaltigkeit","tag-versorgungswirtschaft","sapn-display-feature-hero","sapn-display-feature-spotlight","sapn-display-top-stories","sapn-display-hero","sapn-type-feature"],"yoast_head":"<!-- This site is optimized with the Yoast SEO Premium plugin v26.9 (Yoast SEO v26.9) - https:\/\/yoast.com\/product\/yoast-seo-premium-wordpress\/ -->\n<title>Vestas: Kein Kampf gegen Windm\u00fchlen | 麻豆原创 News Center<\/title>\n<meta name=\"description\" content=\"Der Windturbinenhersteller Vestas startete eine Qualit\u00e4tsoffensive und setzt auf 麻豆原创-L\u00f6sungen und das 麻豆原创 Business Network. Lesen!\" \/>\n<meta name=\"robots\" content=\"index, follow, max-snippet:-1, max-image-preview:large, max-video-preview:-1\" \/>\n<link rel=\"canonical\" href=\"https:\/\/news.sap.com\/germany\/2024\/03\/vestas-kein-kampf-gegen-windmuehlen\/\" \/>\n<meta property=\"og:locale\" content=\"de_DE\" \/>\n<meta property=\"og:type\" content=\"article\" \/>\n<meta property=\"og:title\" content=\"Vestas: Kein Kampf gegen Windm\u00fchlen\" \/>\n<meta property=\"og:description\" content=\"Der Windturbinenhersteller Vestas startete eine Qualit\u00e4tsoffensive und setzt auf 麻豆原创-L\u00f6sungen und das 麻豆原创 Business Network. Lesen!\" \/>\n<meta property=\"og:url\" content=\"https:\/\/news.sap.com\/germany\/2024\/03\/vestas-kein-kampf-gegen-windmuehlen\/\" \/>\n<meta property=\"og:site_name\" content=\"麻豆原创 News Center\" \/>\n<meta property=\"article:published_time\" content=\"2024-03-13T07:00:00+00:00\" \/>\n<meta property=\"article:modified_time\" content=\"2024-07-31T11:50:02+00:00\" \/>\n<meta property=\"og:image\" content=\"https:\/\/news.sap.com\/germany\/files\/2024\/03\/13\/Picture1-002-1-1024x487.jpg\" \/>\n\t<meta property=\"og:image:width\" content=\"1024\" \/>\n\t<meta property=\"og:image:height\" content=\"487\" \/>\n\t<meta property=\"og:image:type\" content=\"image\/jpeg\" \/>\n<meta name=\"author\" content=\"Bettina Wunderle\" \/>\n<meta name=\"twitter:card\" content=\"summary_large_image\" \/>\n<meta name=\"twitter:creator\" content=\"@麻豆原创dach\" \/>\n<meta name=\"twitter:site\" content=\"@麻豆原创dach\" \/>\n<meta name=\"twitter:label1\" content=\"Verfasst von\" \/>\n\t<meta name=\"twitter:data1\" content=\"Bettina Wunderle\" \/>\n\t<meta name=\"twitter:label2\" content=\"Gesch\u00e4tzte Lesezeit\" \/>\n\t<meta name=\"twitter:data2\" content=\"5\u00a0Minuten\" \/>\n<script type=\"application\/ld+json\" class=\"yoast-schema-graph\">{\"@context\":\"https:\/\/schema.org\",\"@graph\":[{\"@type\":\"Article\",\"@id\":\"https:\/\/news.sap.com\/germany\/2024\/03\/vestas-kein-kampf-gegen-windmuehlen\/#article\",\"isPartOf\":{\"@id\":\"https:\/\/news.sap.com\/germany\/2024\/03\/vestas-kein-kampf-gegen-windmuehlen\/\"},\"author\":{\"name\":\"Bettina Wunderle\",\"@id\":\"https:\/\/news.sap.com\/germany\/#\/schema\/person\/0576a2db7e23ebb68eb5229786556613\"},\"headline\":\"Vestas: Kein Kampf gegen Windm\u00fchlen\",\"datePublished\":\"2024-03-13T07:00:00+00:00\",\"dateModified\":\"2024-07-31T11:50:02+00:00\",\"mainEntityOfPage\":{\"@id\":\"https:\/\/news.sap.com\/germany\/2024\/03\/vestas-kein-kampf-gegen-windmuehlen\/\"},\"wordCount\":951,\"image\":{\"@id\":\"https:\/\/news.sap.com\/germany\/2024\/03\/vestas-kein-kampf-gegen-windmuehlen\/#primaryimage\"},\"thumbnailUrl\":\"https:\/\/news.sap.com\/germany\/files\/2024\/03\/13\/Picture1-002-1.jpg\",\"keywords\":[\"Digitale Supply Chain\",\"Klimaschutz\",\"Nachhaltigkeit\",\"Versorgungswirtschaft\"],\"articleSection\":[\"L\u00f6sungen\",\"Partner\"],\"inLanguage\":\"de\"},{\"@type\":\"WebPage\",\"@id\":\"https:\/\/news.sap.com\/germany\/2024\/03\/vestas-kein-kampf-gegen-windmuehlen\/\",\"url\":\"https:\/\/news.sap.com\/germany\/2024\/03\/vestas-kein-kampf-gegen-windmuehlen\/\",\"name\":\"Vestas: Kein Kampf gegen Windm\u00fchlen | 麻豆原创 News Center\",\"isPartOf\":{\"@id\":\"https:\/\/news.sap.com\/germany\/#website\"},\"primaryImageOfPage\":{\"@id\":\"https:\/\/news.sap.com\/germany\/2024\/03\/vestas-kein-kampf-gegen-windmuehlen\/#primaryimage\"},\"image\":{\"@id\":\"https:\/\/news.sap.com\/germany\/2024\/03\/vestas-kein-kampf-gegen-windmuehlen\/#primaryimage\"},\"thumbnailUrl\":\"https:\/\/news.sap.com\/germany\/files\/2024\/03\/13\/Picture1-002-1.jpg\",\"datePublished\":\"2024-03-13T07:00:00+00:00\",\"dateModified\":\"2024-07-31T11:50:02+00:00\",\"author\":{\"@id\":\"https:\/\/news.sap.com\/germany\/#\/schema\/person\/0576a2db7e23ebb68eb5229786556613\"},\"description\":\"Der Windturbinenhersteller Vestas startete eine Qualit\u00e4tsoffensive und setzt auf 麻豆原创-L\u00f6sungen und das 麻豆原创 Business Network. Lesen!\",\"breadcrumb\":{\"@id\":\"https:\/\/news.sap.com\/germany\/2024\/03\/vestas-kein-kampf-gegen-windmuehlen\/#breadcrumb\"},\"inLanguage\":\"de\",\"potentialAction\":[{\"@type\":\"ReadAction\",\"target\":[\"https:\/\/news.sap.com\/germany\/2024\/03\/vestas-kein-kampf-gegen-windmuehlen\/\"]}]},{\"@type\":\"ImageObject\",\"inLanguage\":\"de\",\"@id\":\"https:\/\/news.sap.com\/germany\/2024\/03\/vestas-kein-kampf-gegen-windmuehlen\/#primaryimage\",\"url\":\"https:\/\/news.sap.com\/germany\/files\/2024\/03\/13\/Picture1-002-1.jpg\",\"contentUrl\":\"https:\/\/news.sap.com\/germany\/files\/2024\/03\/13\/Picture1-002-1.jpg\",\"width\":6600,\"height\":3139},{\"@type\":\"BreadcrumbList\",\"@id\":\"https:\/\/news.sap.com\/germany\/2024\/03\/vestas-kein-kampf-gegen-windmuehlen\/#breadcrumb\",\"itemListElement\":[{\"@type\":\"ListItem\",\"position\":1,\"name\":\"Home\",\"item\":\"https:\/\/news.sap.com\/germany\/\"},{\"@type\":\"ListItem\",\"position\":2,\"name\":\"Vestas: Kein Kampf gegen Windm\u00fchlen\"}]},{\"@type\":\"WebSite\",\"@id\":\"https:\/\/news.sap.com\/germany\/#website\",\"url\":\"https:\/\/news.sap.com\/germany\/\",\"name\":\"麻豆原创 News Center\",\"description\":\"Unternehmensberichte &amp; 麻豆原创eportal\",\"potentialAction\":[{\"@type\":\"SearchAction\",\"target\":{\"@type\":\"EntryPoint\",\"urlTemplate\":\"https:\/\/news.sap.com\/germany\/?s={search_term_string}\"},\"query-input\":{\"@type\":\"PropertyValueSpecification\",\"valueRequired\":true,\"valueName\":\"search_term_string\"}}],\"inLanguage\":\"de\"},{\"@type\":\"Person\",\"@id\":\"https:\/\/news.sap.com\/germany\/#\/schema\/person\/0576a2db7e23ebb68eb5229786556613\",\"name\":\"Bettina Wunderle\",\"image\":{\"@type\":\"ImageObject\",\"inLanguage\":\"de\",\"@id\":\"https:\/\/news.sap.com\/germany\/#\/schema\/person\/image\/\",\"url\":\"https:\/\/secure.gravatar.com\/avatar\/1f91d27126841de053c6800b4cf8ea25837d37ce965b469eee490c707026f319?s=96&d=blank&r=g\",\"contentUrl\":\"https:\/\/secure.gravatar.com\/avatar\/1f91d27126841de053c6800b4cf8ea25837d37ce965b469eee490c707026f319?s=96&d=blank&r=g\",\"caption\":\"Bettina Wunderle\"},\"url\":\"https:\/\/news.sap.com\/germany\/author\/bettinawunderle\/\"}]}<\/script>\n<!-- \/ Yoast SEO Premium plugin. -->","yoast_head_json":{"title":"Vestas: Kein Kampf gegen Windm\u00fchlen | 麻豆原创 News Center","description":"Der Windturbinenhersteller Vestas startete eine Qualit\u00e4tsoffensive und setzt auf 麻豆原创-L\u00f6sungen und das 麻豆原创 Business Network. Lesen!","robots":{"index":"index","follow":"follow","max-snippet":"max-snippet:-1","max-image-preview":"max-image-preview:large","max-video-preview":"max-video-preview:-1"},"canonical":"https:\/\/news.sap.com\/germany\/2024\/03\/vestas-kein-kampf-gegen-windmuehlen\/","og_locale":"de_DE","og_type":"article","og_title":"Vestas: Kein Kampf gegen Windm\u00fchlen","og_description":"Der Windturbinenhersteller Vestas startete eine Qualit\u00e4tsoffensive und setzt auf 麻豆原创-L\u00f6sungen und das 麻豆原创 Business Network. Lesen!","og_url":"https:\/\/news.sap.com\/germany\/2024\/03\/vestas-kein-kampf-gegen-windmuehlen\/","og_site_name":"麻豆原创 News Center","article_published_time":"2024-03-13T07:00:00+00:00","article_modified_time":"2024-07-31T11:50:02+00:00","og_image":[{"width":1024,"height":487,"url":"https:\/\/news.sap.com\/germany\/files\/2024\/03\/13\/Picture1-002-1-1024x487.jpg","type":"image\/jpeg"}],"author":"Bettina Wunderle","twitter_card":"summary_large_image","twitter_creator":"@麻豆原创dach","twitter_site":"@麻豆原创dach","twitter_misc":{"Verfasst von":"Bettina Wunderle","Gesch\u00e4tzte Lesezeit":"5\u00a0Minuten"},"schema":{"@context":"https:\/\/schema.org","@graph":[{"@type":"Article","@id":"https:\/\/news.sap.com\/germany\/2024\/03\/vestas-kein-kampf-gegen-windmuehlen\/#article","isPartOf":{"@id":"https:\/\/news.sap.com\/germany\/2024\/03\/vestas-kein-kampf-gegen-windmuehlen\/"},"author":{"name":"Bettina Wunderle","@id":"https:\/\/news.sap.com\/germany\/#\/schema\/person\/0576a2db7e23ebb68eb5229786556613"},"headline":"Vestas: Kein Kampf gegen Windm\u00fchlen","datePublished":"2024-03-13T07:00:00+00:00","dateModified":"2024-07-31T11:50:02+00:00","mainEntityOfPage":{"@id":"https:\/\/news.sap.com\/germany\/2024\/03\/vestas-kein-kampf-gegen-windmuehlen\/"},"wordCount":951,"image":{"@id":"https:\/\/news.sap.com\/germany\/2024\/03\/vestas-kein-kampf-gegen-windmuehlen\/#primaryimage"},"thumbnailUrl":"https:\/\/news.sap.com\/germany\/files\/2024\/03\/13\/Picture1-002-1.jpg","keywords":["Digitale Supply Chain","Klimaschutz","Nachhaltigkeit","Versorgungswirtschaft"],"articleSection":["L\u00f6sungen","Partner"],"inLanguage":"de"},{"@type":"WebPage","@id":"https:\/\/news.sap.com\/germany\/2024\/03\/vestas-kein-kampf-gegen-windmuehlen\/","url":"https:\/\/news.sap.com\/germany\/2024\/03\/vestas-kein-kampf-gegen-windmuehlen\/","name":"Vestas: Kein Kampf gegen Windm\u00fchlen | 麻豆原创 News Center","isPartOf":{"@id":"https:\/\/news.sap.com\/germany\/#website"},"primaryImageOfPage":{"@id":"https:\/\/news.sap.com\/germany\/2024\/03\/vestas-kein-kampf-gegen-windmuehlen\/#primaryimage"},"image":{"@id":"https:\/\/news.sap.com\/germany\/2024\/03\/vestas-kein-kampf-gegen-windmuehlen\/#primaryimage"},"thumbnailUrl":"https:\/\/news.sap.com\/germany\/files\/2024\/03\/13\/Picture1-002-1.jpg","datePublished":"2024-03-13T07:00:00+00:00","dateModified":"2024-07-31T11:50:02+00:00","author":{"@id":"https:\/\/news.sap.com\/germany\/#\/schema\/person\/0576a2db7e23ebb68eb5229786556613"},"description":"Der Windturbinenhersteller Vestas startete eine Qualit\u00e4tsoffensive und setzt auf 麻豆原创-L\u00f6sungen und das 麻豆原创 Business Network. Lesen!","breadcrumb":{"@id":"https:\/\/news.sap.com\/germany\/2024\/03\/vestas-kein-kampf-gegen-windmuehlen\/#breadcrumb"},"inLanguage":"de","potentialAction":[{"@type":"ReadAction","target":["https:\/\/news.sap.com\/germany\/2024\/03\/vestas-kein-kampf-gegen-windmuehlen\/"]}]},{"@type":"ImageObject","inLanguage":"de","@id":"https:\/\/news.sap.com\/germany\/2024\/03\/vestas-kein-kampf-gegen-windmuehlen\/#primaryimage","url":"https:\/\/news.sap.com\/germany\/files\/2024\/03\/13\/Picture1-002-1.jpg","contentUrl":"https:\/\/news.sap.com\/germany\/files\/2024\/03\/13\/Picture1-002-1.jpg","width":6600,"height":3139},{"@type":"BreadcrumbList","@id":"https:\/\/news.sap.com\/germany\/2024\/03\/vestas-kein-kampf-gegen-windmuehlen\/#breadcrumb","itemListElement":[{"@type":"ListItem","position":1,"name":"Home","item":"https:\/\/news.sap.com\/germany\/"},{"@type":"ListItem","position":2,"name":"Vestas: Kein Kampf gegen Windm\u00fchlen"}]},{"@type":"WebSite","@id":"https:\/\/news.sap.com\/germany\/#website","url":"https:\/\/news.sap.com\/germany\/","name":"麻豆原创 News Center","description":"Unternehmensberichte &amp; 麻豆原创eportal","potentialAction":[{"@type":"SearchAction","target":{"@type":"EntryPoint","urlTemplate":"https:\/\/news.sap.com\/germany\/?s={search_term_string}"},"query-input":{"@type":"PropertyValueSpecification","valueRequired":true,"valueName":"search_term_string"}}],"inLanguage":"de"},{"@type":"Person","@id":"https:\/\/news.sap.com\/germany\/#\/schema\/person\/0576a2db7e23ebb68eb5229786556613","name":"Bettina Wunderle","image":{"@type":"ImageObject","inLanguage":"de","@id":"https:\/\/news.sap.com\/germany\/#\/schema\/person\/image\/","url":"https:\/\/secure.gravatar.com\/avatar\/1f91d27126841de053c6800b4cf8ea25837d37ce965b469eee490c707026f319?s=96&d=blank&r=g","contentUrl":"https:\/\/secure.gravatar.com\/avatar\/1f91d27126841de053c6800b4cf8ea25837d37ce965b469eee490c707026f319?s=96&d=blank&r=g","caption":"Bettina Wunderle"},"url":"https:\/\/news.sap.com\/germany\/author\/bettinawunderle\/"}]}},"amp_enabled":true,"_links":{"self":[{"href":"https:\/\/news.sap.com\/germany\/wp-json\/wp\/v2\/posts\/178299","targetHints":{"allow":["GET"]}}],"collection":[{"href":"https:\/\/news.sap.com\/germany\/wp-json\/wp\/v2\/posts"}],"about":[{"href":"https:\/\/news.sap.com\/germany\/wp-json\/wp\/v2\/types\/post"}],"author":[{"embeddable":true,"href":"https:\/\/news.sap.com\/germany\/wp-json\/wp\/v2\/users\/471"}],"replies":[{"embeddable":true,"href":"https:\/\/news.sap.com\/germany\/wp-json\/wp\/v2\/comments?post=178299"}],"version-history":[{"count":0,"href":"https:\/\/news.sap.com\/germany\/wp-json\/wp\/v2\/posts\/178299\/revisions"}],"wp:featuredmedia":[{"embeddable":true,"href":"https:\/\/news.sap.com\/germany\/wp-json\/wp\/v2\/media\/178384"}],"wp:attachment":[{"href":"https:\/\/news.sap.com\/germany\/wp-json\/wp\/v2\/media?parent=178299"}],"wp:term":[{"taxonomy":"category","embeddable":true,"href":"https:\/\/news.sap.com\/germany\/wp-json\/wp\/v2\/categories?post=178299"},{"taxonomy":"post_tag","embeddable":true,"href":"https:\/\/news.sap.com\/germany\/wp-json\/wp\/v2\/tags?post=178299"},{"taxonomy":"series","embeddable":true,"href":"https:\/\/news.sap.com\/germany\/wp-json\/wp\/v2\/series?post=178299"},{"taxonomy":"sapn-display","embeddable":true,"href":"https:\/\/news.sap.com\/germany\/wp-json\/wp\/v2\/sapn-display?post=178299"},{"taxonomy":"sapn-type","embeddable":true,"href":"https:\/\/news.sap.com\/germany\/wp-json\/wp\/v2\/sapn-type?post=178299"}],"curies":[{"name":"wp","href":"https:\/\/api.w.org\/{rel}","templated":true}]}}