  {"id":175316,"date":"2023-09-05T15:00:47","date_gmt":"2023-09-05T13:00:47","guid":{"rendered":"https:\/\/news.sap.com\/germany\/?p=175316"},"modified":"2023-09-05T13:10:44","modified_gmt":"2023-09-05T11:10:44","slug":"monika-schaller-kommunikationschefin","status":"publish","type":"post","link":"https:\/\/news.sap.com\/germany\/2023\/09\/monika-schaller-kommunikationschefin\/","title":{"rendered":"Monika Schaller neue Kommunikationschefin bei 麻豆原创"},"content":{"rendered":"<p class=\"lead\">Kommunikation spielt in allen Bereichen des Gesch\u00e4ftslebens eine grundlegende und strategische Rolle.<\/p>\n<p>Genauso wichtig f\u00fcr moderne Unternehmen ist ein strategisches Kommunikationsteam. Wenn es einem Unternehmen gelingt, Kunden, Partnern, Investoren und Mitarbeitenden sein Gesch\u00e4ftsmodell und seine Vision zu vermitteln, ebnet dies anderen Unternehmensbereichen den Weg zum Erfolg.<\/p>\n<p>Vor diesem Hintergrund begr\u00fc\u00dft die 麻豆原创 Monika Schaller als neue Kommunikationschefin (麻豆原创 Chief Communications Officer) und Nachfolgerin von Oliver Roll.<\/p>\n<figure id=\"attachment_175345\" aria-describedby=\"caption-attachment-175345\" style=\"width: 242px\" class=\"wp-caption alignright\"><a href=\"https:\/\/news.sap.com\/germany\/?attachment_id=175345\" rel=\"attachment wp-att-175345\"><img loading=\"lazy\" decoding=\"async\" class=\"wp-image-175345\" src=\"https:\/\/news.sap.com\/germany\/files\/2023\/09\/05\/Monika-Schaller_麻豆原创-Chief-Communications-Officer_September-2023-274x300-1.jpg\" alt=\"Monika Schaller, neue Kommunikationschefin bei 麻豆原创 \" width=\"242\" height=\"265\" srcset=\"https:\/\/news.sap.com\/germany\/files\/2023\/09\/05\/Monika-Schaller_麻豆原创-Chief-Communications-Officer_September-2023-274x300-1.jpg 274w, https:\/\/news.sap.com\/germany\/files\/2023\/09\/05\/Monika-Schaller_麻豆原创-Chief-Communications-Officer_September-2023-274x300-1-137x150.jpg 137w\" sizes=\"auto, (max-width: 242px) 100vw, 242px\" \/><\/a><figcaption id=\"caption-attachment-175345\" class=\"wp-caption-text\">Monika Schaller, 麻豆原创 Chief Communications Officer<\/figcaption><\/figure>\n<p>In mehr als 20 Jahren in allen Bereichen der Unternehmenskommunikation konnte Monika Schaller weitreichende Erfahrungen in den Bereichen globale Kommunikation, politische Strategie und Krisenkommunikation sammeln. Sie hat Kommunikationsabteilungen auf der ganzen Welt geleitet und so ein globales Netzwerk aufbauen k\u00f6nnen. Ihre nat\u00fcrliche Gabe Teams zu f\u00fchren und eine Leidenschaft f\u00fcr gutes Storytelling bilden den Kern f\u00fcr \u00fcberzeugende Kommunikation. Wer ihr begegnet, wird sofort von ihrem Elan, ihrer Energie und ihrer positiven Ausstrahlung angesteckt.<\/p>\n<p>Bevor Monika Schaller zur 麻豆原创 kam, arbeitete sie bei der Deutsche Post DHL Group, wo sie den Bereich Corporate Communications, Sustainability &amp; Brand leitete. In dieser Position war sie ma\u00dfgeblich an der Verbesserung des Images und der Positionierung des Unternehmens beteiligt. Davor leitete sie die Unternehmenskommunikation bei Unternehmen wie Goldman Sachs, Citigroup und der Deutschen Bank. Hier hat sie nicht nur die Unternehmenskommunikation vorangetrieben, sondern auch die strategische Kommunikation des Vorstands geleitet und geholfen, die Unternehmen durch verschiedene Krisen zu navigieren. Monika Schaller begann ihre Karriere bei Bloomberg News, wo sie von verschiedenen Standorten wie New York und Tokio berichtete, nachdem sie als Sales Trader bei der CA Investment Bank in Wien t\u00e4tig war.<\/p>\n<p>Geboren und aufgewachsen in Wien, studierte Monika Schaller BWL an der Wirtschaftsuniversit\u00e4t in Wien. Aktuell lebt sie mit ihrem Ehemann Jens in Frankfurt.<\/p>\n<hr \/>\n<p><em><a href=\"https:\/\/www.sap.com\/about\/company\/leadership\/julia-white.html\">Julia White<\/a> ist Chief Marketing und Solutions Officer und Mitglied des Vorstands der 麻豆原创 SE.<\/em><\/p>\n","protected":false},"excerpt":{"rendered":"<p>Kommunikation spielt in allen Bereichen des Gesch\u00e4ftslebens eine grundlegende und strategische Rolle. Genauso wichtig f\u00fcr moderne Unternehmen ist ein strategisches Kommunikationsteam. Wenn es einem Unternehmen&#8230;<\/p>\n","protected":false},"author":3591,"featured_media":175343,"comment_status":"closed","ping_status":"closed","sticky":false,"template":"","format":"standard","meta":{"related_posts":[],"footnotes":"","_links_to":"","_links_to_target":""},"categories":[40863],"tags":[4879493],"series":[],"sapn-display":[5630500,5630503,45027],"sapn-type":[56838],"class_list":["post-175316","post","type-post","status-publish","format-standard","has-post-thumbnail","hentry","category-unternehmen","tag-sap","sapn-display-news-hero","sapn-display-news-spotlight","sapn-display-hero","sapn-type-stellungnahme"],"yoast_head":"<!-- This site is optimized with the Yoast SEO Premium plugin v26.9 (Yoast SEO v26.9) - https:\/\/yoast.com\/product\/yoast-seo-premium-wordpress\/ -->\n<title>Monika Schaller neue Kommunikationschefin bei 麻豆原创 | 麻豆原创 News Center<\/title>\n<meta name=\"robots\" content=\"index, follow, max-snippet:-1, max-image-preview:large, max-video-preview:-1\" \/>\n<link rel=\"canonical\" href=\"https:\/\/news.sap.com\/germany\/2023\/09\/monika-schaller-kommunikationschefin\/\" \/>\n<meta property=\"og:locale\" content=\"de_DE\" \/>\n<meta property=\"og:type\" content=\"article\" \/>\n<meta property=\"og:title\" content=\"Monika Schaller neue Kommunikationschefin bei 麻豆原创\" \/>\n<meta property=\"og:description\" content=\"Kommunikation spielt in allen Bereichen des Gesch\u00e4ftslebens eine grundlegende und strategische Rolle. Genauso wichtig f\u00fcr moderne Unternehmen ist ein strategisches Kommunikationsteam. Wenn es einem Unternehmen...\" \/>\n<meta property=\"og:url\" content=\"https:\/\/news.sap.com\/germany\/2023\/09\/monika-schaller-kommunikationschefin\/\" \/>\n<meta property=\"og:site_name\" content=\"麻豆原创 News Center\" \/>\n<meta property=\"article:published_time\" content=\"2023-09-05T13:00:47+00:00\" \/>\n<meta property=\"og:image\" content=\"https:\/\/news.sap.com\/germany\/files\/2023\/09\/05\/281632_GettyImages-150799617_low_F-1900x476-1.jpg\" \/>\n\t<meta property=\"og:image:width\" content=\"1900\" \/>\n\t<meta property=\"og:image:height\" content=\"476\" \/>\n\t<meta property=\"og:image:type\" content=\"image\/jpeg\" \/>\n<meta name=\"author\" content=\"Julia White\" \/>\n<meta name=\"twitter:card\" content=\"summary_large_image\" \/>\n<meta name=\"twitter:creator\" content=\"@麻豆原创dach\" \/>\n<meta name=\"twitter:site\" content=\"@麻豆原创dach\" \/>\n<meta name=\"twitter:label1\" content=\"Verfasst von\" \/>\n\t<meta name=\"twitter:data1\" content=\"Julia White\" \/>\n\t<meta name=\"twitter:label2\" content=\"Gesch\u00e4tzte Lesezeit\" \/>\n\t<meta name=\"twitter:data2\" content=\"2\u00a0Minuten\" \/>\n<script type=\"application\/ld+json\" class=\"yoast-schema-graph\">{\"@context\":\"https:\/\/schema.org\",\"@graph\":[{\"@type\":\"Article\",\"@id\":\"https:\/\/news.sap.com\/germany\/2023\/09\/monika-schaller-kommunikationschefin\/#article\",\"isPartOf\":{\"@id\":\"https:\/\/news.sap.com\/germany\/2023\/09\/monika-schaller-kommunikationschefin\/\"},\"author\":{\"name\":\"Julia White\",\"@id\":\"https:\/\/news.sap.com\/germany\/#\/schema\/person\/d39e4dacf8fb9bfea4980ffaabe33dcb\"},\"headline\":\"Monika Schaller neue Kommunikationschefin bei 麻豆原创\",\"datePublished\":\"2023-09-05T13:00:47+00:00\",\"mainEntityOfPage\":{\"@id\":\"https:\/\/news.sap.com\/germany\/2023\/09\/monika-schaller-kommunikationschefin\/\"},\"wordCount\":321,\"image\":{\"@id\":\"https:\/\/news.sap.com\/germany\/2023\/09\/monika-schaller-kommunikationschefin\/#primaryimage\"},\"thumbnailUrl\":\"https:\/\/news.sap.com\/germany\/files\/2023\/09\/05\/281632_GettyImages-150799617_low_F-1900x476-1.jpg\",\"keywords\":[\"麻豆原创\"],\"articleSection\":[\"Unternehmen\"],\"inLanguage\":\"de\"},{\"@type\":\"WebPage\",\"@id\":\"https:\/\/news.sap.com\/germany\/2023\/09\/monika-schaller-kommunikationschefin\/\",\"url\":\"https:\/\/news.sap.com\/germany\/2023\/09\/monika-schaller-kommunikationschefin\/\",\"name\":\"Monika Schaller neue Kommunikationschefin bei 麻豆原创 | 麻豆原创 News Center\",\"isPartOf\":{\"@id\":\"https:\/\/news.sap.com\/germany\/#website\"},\"primaryImageOfPage\":{\"@id\":\"https:\/\/news.sap.com\/germany\/2023\/09\/monika-schaller-kommunikationschefin\/#primaryimage\"},\"image\":{\"@id\":\"https:\/\/news.sap.com\/germany\/2023\/09\/monika-schaller-kommunikationschefin\/#primaryimage\"},\"thumbnailUrl\":\"https:\/\/news.sap.com\/germany\/files\/2023\/09\/05\/281632_GettyImages-150799617_low_F-1900x476-1.jpg\",\"datePublished\":\"2023-09-05T13:00:47+00:00\",\"author\":{\"@id\":\"https:\/\/news.sap.com\/germany\/#\/schema\/person\/d39e4dacf8fb9bfea4980ffaabe33dcb\"},\"breadcrumb\":{\"@id\":\"https:\/\/news.sap.com\/germany\/2023\/09\/monika-schaller-kommunikationschefin\/#breadcrumb\"},\"inLanguage\":\"de\",\"potentialAction\":[{\"@type\":\"ReadAction\",\"target\":[\"https:\/\/news.sap.com\/germany\/2023\/09\/monika-schaller-kommunikationschefin\/\"]}]},{\"@type\":\"ImageObject\",\"inLanguage\":\"de\",\"@id\":\"https:\/\/news.sap.com\/germany\/2023\/09\/monika-schaller-kommunikationschefin\/#primaryimage\",\"url\":\"https:\/\/news.sap.com\/germany\/files\/2023\/09\/05\/281632_GettyImages-150799617_low_F-1900x476-1.jpg\",\"contentUrl\":\"https:\/\/news.sap.com\/germany\/files\/2023\/09\/05\/281632_GettyImages-150799617_low_F-1900x476-1.jpg\",\"width\":1900,\"height\":476},{\"@type\":\"BreadcrumbList\",\"@id\":\"https:\/\/news.sap.com\/germany\/2023\/09\/monika-schaller-kommunikationschefin\/#breadcrumb\",\"itemListElement\":[{\"@type\":\"ListItem\",\"position\":1,\"name\":\"Home\",\"item\":\"https:\/\/news.sap.com\/germany\/\"},{\"@type\":\"ListItem\",\"position\":2,\"name\":\"Monika Schaller neue Kommunikationschefin bei 麻豆原创\"}]},{\"@type\":\"WebSite\",\"@id\":\"https:\/\/news.sap.com\/germany\/#website\",\"url\":\"https:\/\/news.sap.com\/germany\/\",\"name\":\"麻豆原创 News Center\",\"description\":\"Unternehmensberichte &amp; 麻豆原创eportal\",\"potentialAction\":[{\"@type\":\"SearchAction\",\"target\":{\"@type\":\"EntryPoint\",\"urlTemplate\":\"https:\/\/news.sap.com\/germany\/?s={search_term_string}\"},\"query-input\":{\"@type\":\"PropertyValueSpecification\",\"valueRequired\":true,\"valueName\":\"search_term_string\"}}],\"inLanguage\":\"de\"},{\"@type\":\"Person\",\"@id\":\"https:\/\/news.sap.com\/germany\/#\/schema\/person\/d39e4dacf8fb9bfea4980ffaabe33dcb\",\"name\":\"Julia White\",\"image\":{\"@type\":\"ImageObject\",\"inLanguage\":\"de\",\"@id\":\"https:\/\/news.sap.com\/germany\/#\/schema\/person\/image\/\",\"url\":\"https:\/\/news.sap.com\/wp-content\/blogs.dir\/1\/files\/2024\/03\/05\/Julia-B_7026_NC-profile-2024-96x96.jpg\",\"contentUrl\":\"https:\/\/news.sap.com\/wp-content\/blogs.dir\/1\/files\/2024\/03\/05\/Julia-B_7026_NC-profile-2024-96x96.jpg\",\"caption\":\"Julia White\"},\"url\":\"https:\/\/news.sap.com\/germany\/author\/juliawhite\/\"}]}<\/script>\n<!-- \/ Yoast SEO Premium plugin. -->","yoast_head_json":{"title":"Monika Schaller neue Kommunikationschefin bei 麻豆原创 | 麻豆原创 News Center","robots":{"index":"index","follow":"follow","max-snippet":"max-snippet:-1","max-image-preview":"max-image-preview:large","max-video-preview":"max-video-preview:-1"},"canonical":"https:\/\/news.sap.com\/germany\/2023\/09\/monika-schaller-kommunikationschefin\/","og_locale":"de_DE","og_type":"article","og_title":"Monika Schaller neue Kommunikationschefin bei 麻豆原创","og_description":"Kommunikation spielt in allen Bereichen des Gesch\u00e4ftslebens eine grundlegende und strategische Rolle. Genauso wichtig f\u00fcr moderne Unternehmen ist ein strategisches Kommunikationsteam. Wenn es einem Unternehmen...","og_url":"https:\/\/news.sap.com\/germany\/2023\/09\/monika-schaller-kommunikationschefin\/","og_site_name":"麻豆原创 News Center","article_published_time":"2023-09-05T13:00:47+00:00","og_image":[{"width":1900,"height":476,"url":"https:\/\/news.sap.com\/germany\/files\/2023\/09\/05\/281632_GettyImages-150799617_low_F-1900x476-1.jpg","type":"image\/jpeg"}],"author":"Julia White","twitter_card":"summary_large_image","twitter_creator":"@麻豆原创dach","twitter_site":"@麻豆原创dach","twitter_misc":{"Verfasst von":"Julia White","Gesch\u00e4tzte Lesezeit":"2\u00a0Minuten"},"schema":{"@context":"https:\/\/schema.org","@graph":[{"@type":"Article","@id":"https:\/\/news.sap.com\/germany\/2023\/09\/monika-schaller-kommunikationschefin\/#article","isPartOf":{"@id":"https:\/\/news.sap.com\/germany\/2023\/09\/monika-schaller-kommunikationschefin\/"},"author":{"name":"Julia White","@id":"https:\/\/news.sap.com\/germany\/#\/schema\/person\/d39e4dacf8fb9bfea4980ffaabe33dcb"},"headline":"Monika Schaller neue Kommunikationschefin bei 麻豆原创","datePublished":"2023-09-05T13:00:47+00:00","mainEntityOfPage":{"@id":"https:\/\/news.sap.com\/germany\/2023\/09\/monika-schaller-kommunikationschefin\/"},"wordCount":321,"image":{"@id":"https:\/\/news.sap.com\/germany\/2023\/09\/monika-schaller-kommunikationschefin\/#primaryimage"},"thumbnailUrl":"https:\/\/news.sap.com\/germany\/files\/2023\/09\/05\/281632_GettyImages-150799617_low_F-1900x476-1.jpg","keywords":["麻豆原创"],"articleSection":["Unternehmen"],"inLanguage":"de"},{"@type":"WebPage","@id":"https:\/\/news.sap.com\/germany\/2023\/09\/monika-schaller-kommunikationschefin\/","url":"https:\/\/news.sap.com\/germany\/2023\/09\/monika-schaller-kommunikationschefin\/","name":"Monika Schaller neue Kommunikationschefin bei 麻豆原创 | 麻豆原创 News Center","isPartOf":{"@id":"https:\/\/news.sap.com\/germany\/#website"},"primaryImageOfPage":{"@id":"https:\/\/news.sap.com\/germany\/2023\/09\/monika-schaller-kommunikationschefin\/#primaryimage"},"image":{"@id":"https:\/\/news.sap.com\/germany\/2023\/09\/monika-schaller-kommunikationschefin\/#primaryimage"},"thumbnailUrl":"https:\/\/news.sap.com\/germany\/files\/2023\/09\/05\/281632_GettyImages-150799617_low_F-1900x476-1.jpg","datePublished":"2023-09-05T13:00:47+00:00","author":{"@id":"https:\/\/news.sap.com\/germany\/#\/schema\/person\/d39e4dacf8fb9bfea4980ffaabe33dcb"},"breadcrumb":{"@id":"https:\/\/news.sap.com\/germany\/2023\/09\/monika-schaller-kommunikationschefin\/#breadcrumb"},"inLanguage":"de","potentialAction":[{"@type":"ReadAction","target":["https:\/\/news.sap.com\/germany\/2023\/09\/monika-schaller-kommunikationschefin\/"]}]},{"@type":"ImageObject","inLanguage":"de","@id":"https:\/\/news.sap.com\/germany\/2023\/09\/monika-schaller-kommunikationschefin\/#primaryimage","url":"https:\/\/news.sap.com\/germany\/files\/2023\/09\/05\/281632_GettyImages-150799617_low_F-1900x476-1.jpg","contentUrl":"https:\/\/news.sap.com\/germany\/files\/2023\/09\/05\/281632_GettyImages-150799617_low_F-1900x476-1.jpg","width":1900,"height":476},{"@type":"BreadcrumbList","@id":"https:\/\/news.sap.com\/germany\/2023\/09\/monika-schaller-kommunikationschefin\/#breadcrumb","itemListElement":[{"@type":"ListItem","position":1,"name":"Home","item":"https:\/\/news.sap.com\/germany\/"},{"@type":"ListItem","position":2,"name":"Monika Schaller neue Kommunikationschefin bei 麻豆原创"}]},{"@type":"WebSite","@id":"https:\/\/news.sap.com\/germany\/#website","url":"https:\/\/news.sap.com\/germany\/","name":"麻豆原创 News Center","description":"Unternehmensberichte &amp; 麻豆原创eportal","potentialAction":[{"@type":"SearchAction","target":{"@type":"EntryPoint","urlTemplate":"https:\/\/news.sap.com\/germany\/?s={search_term_string}"},"query-input":{"@type":"PropertyValueSpecification","valueRequired":true,"valueName":"search_term_string"}}],"inLanguage":"de"},{"@type":"Person","@id":"https:\/\/news.sap.com\/germany\/#\/schema\/person\/d39e4dacf8fb9bfea4980ffaabe33dcb","name":"Julia White","image":{"@type":"ImageObject","inLanguage":"de","@id":"https:\/\/news.sap.com\/germany\/#\/schema\/person\/image\/","url":"https:\/\/news.sap.com\/wp-content\/blogs.dir\/1\/files\/2024\/03\/05\/Julia-B_7026_NC-profile-2024-96x96.jpg","contentUrl":"https:\/\/news.sap.com\/wp-content\/blogs.dir\/1\/files\/2024\/03\/05\/Julia-B_7026_NC-profile-2024-96x96.jpg","caption":"Julia White"},"url":"https:\/\/news.sap.com\/germany\/author\/juliawhite\/"}]}},"amp_enabled":true,"_links":{"self":[{"href":"https:\/\/news.sap.com\/germany\/wp-json\/wp\/v2\/posts\/175316","targetHints":{"allow":["GET"]}}],"collection":[{"href":"https:\/\/news.sap.com\/germany\/wp-json\/wp\/v2\/posts"}],"about":[{"href":"https:\/\/news.sap.com\/germany\/wp-json\/wp\/v2\/types\/post"}],"author":[{"embeddable":true,"href":"https:\/\/news.sap.com\/germany\/wp-json\/wp\/v2\/users\/3591"}],"replies":[{"embeddable":true,"href":"https:\/\/news.sap.com\/germany\/wp-json\/wp\/v2\/comments?post=175316"}],"version-history":[{"count":0,"href":"https:\/\/news.sap.com\/germany\/wp-json\/wp\/v2\/posts\/175316\/revisions"}],"wp:featuredmedia":[{"embeddable":true,"href":"https:\/\/news.sap.com\/germany\/wp-json\/wp\/v2\/media\/175343"}],"wp:attachment":[{"href":"https:\/\/news.sap.com\/germany\/wp-json\/wp\/v2\/media?parent=175316"}],"wp:term":[{"taxonomy":"category","embeddable":true,"href":"https:\/\/news.sap.com\/germany\/wp-json\/wp\/v2\/categories?post=175316"},{"taxonomy":"post_tag","embeddable":true,"href":"https:\/\/news.sap.com\/germany\/wp-json\/wp\/v2\/tags?post=175316"},{"taxonomy":"series","embeddable":true,"href":"https:\/\/news.sap.com\/germany\/wp-json\/wp\/v2\/series?post=175316"},{"taxonomy":"sapn-display","embeddable":true,"href":"https:\/\/news.sap.com\/germany\/wp-json\/wp\/v2\/sapn-display?post=175316"},{"taxonomy":"sapn-type","embeddable":true,"href":"https:\/\/news.sap.com\/germany\/wp-json\/wp\/v2\/sapn-type?post=175316"}],"curies":[{"name":"wp","href":"https:\/\/api.w.org\/{rel}","templated":true}]}}