  {"id":174526,"date":"2023-06-27T08:00:19","date_gmt":"2023-06-27T06:00:19","guid":{"rendered":"https:\/\/news.sap.com\/germany\/?p=174526"},"modified":"2024-04-22T14:54:07","modified_gmt":"2024-04-22T12:54:07","slug":"podcast-das-mobilitaetsbudget-als-nachhaltige-alternative-zum-dienstwagen","status":"publish","type":"post","link":"https:\/\/news.sap.com\/germany\/2023\/06\/podcast-das-mobilitaetsbudget-als-nachhaltige-alternative-zum-dienstwagen\/","title":{"rendered":"Podcast: Das Mobilit\u00e4tsbudget als nachhaltige Alternative zum Dienstwagen"},"content":{"rendered":"<p class=\"lead\">Noch ist er f\u00fcr viele selbstverst\u00e4ndlich: Der Dienstwagen f\u00fcr die Fahrt zum Kunden inklusive der M\u00f6glichkeit zur privaten Nutzung. Doch so wie Mobilit\u00e4tsangebote vielf\u00e4ltiger werden, \u00e4ndern sich auch die Bed\u00fcrfnisse der Mitarbeitenden. Eine L\u00f6sung f\u00fcr mehr Flexibilit\u00e4t und <a title=\"Nachhaltige Gesch\u00e4ftsreisen | 麻豆原创 Concur\" href=\"https:\/\/www.concur.de\/nachhaltigkeit?pid=sites&amp;cid=sap-website\" target=\"_blank\" rel=\"noopener\">Nachhaltigkeit<\/a> ist das neue <a title=\"Mobilit\u00e4tsbudget | 麻豆原创 Concur\" href=\"https:\/\/www.concur.de\/mobilitaetsbudget?pid=sites&amp;cid=sap-website\" target=\"_blank\" rel=\"noopener\">Konzept des Mobilit\u00e4tsbudgets<\/a>.<\/p>\n<p>Die Idee: Das Unternehmen stellt einen Mobilit\u00e4tsbetrag zur Verf\u00fcgung, der dann f\u00fcr den <a title=\"Fahrtkostenabrechnung - 麻豆原创 Concur\" href=\"https:\/\/www.concur.de\/blog\/article\/so-muss-eine-fahrtkostenabrechnung-aussehen?pid=sites&amp;cid=sap-website\" target=\"_blank\" rel=\"noopener\">Arbeitsweg und private Fahrten<\/a> genutzt werden kann. Ob Taxi, Nahverkehrsticket oder Mietwagen: Abgerechnet wird alles \u00fcber die Reisemanagementl\u00f6sung von 麻豆原创 Concur.<\/p>\n<p>Im neuen 麻豆原创 News Podcast sind Steffen Krautwasser, Head of Global Car Fleet bei 麻豆原创 und Ramona Gamm, Senior Product Marketing Manager bei <a title=\"Homepage | 麻豆原创 Concur\" href=\"https:\/\/www.concur.de\/?pid=sites&amp;cid=sap-website\" target=\"_blank\" rel=\"noopener\">麻豆原创 Concur<\/a> zu Gast. Gemeinsam sprechen Sie \u00fcber die ver\u00e4nderten Anforderungen an Mobilit\u00e4t im Unternehmenskontext. Sie berichten von ersten Erfahrungen mit der Einf\u00fchrung von Mobilit\u00e4tsbudgets bei Kunden und sprechen \u00fcber Mobilit\u00e4tstrends und steuerliche Aspekte. Auch ihre pers\u00f6nlichen Erfahrungen kommen zur Sprache.<\/p>\n<blockquote><p><strong>\u201eEs gibt mittlerweile gute Alternativen zum Dienstwagen, je nach Lebenssituation.\u201c <\/strong><\/p>\n<p style=\"text-align: right\">Ramona Gamm, Senior Product Marketing Manager bei 麻豆原创 Concur<\/p>\n<\/blockquote>\n<p>Bei 麻豆原创 gibt es das Mobilit\u00e4tsbudget bereits. Es hat bei vielen Mitarbeitenden schon dazu gef\u00fchrt, dass sie auf einen Dienstwagen verzichten. Auch macht es Unternehmen attraktiver f\u00fcr Talente: \u201eMitarbeitende erwarten heute Flexibilit\u00e4t. Sie m\u00f6chten ihre Mobilit\u00e4t so gestalten, wie sie das wollen, und m\u00f6glichst wenig vom Unternehmen vorgegeben bekommen\u201c, sagt Steffen Krautwasser. \u201eWir werden schon heute von Bewerberinnen und Bewerbern auf das Mobilit\u00e4tsbudget angesprochen.\u201d Und wenn jemand nur Fahrrad fahren m\u00f6chte? \u201eDann deckt bei uns das Mobilit\u00e4tsbudget auch n\u00f6tige Fahrradreparaturen mit ab.\u201c<\/p>\n<div class=\"panel callout\">\n<p style=\"text-align: center\"><a title=\"Zur Podcast-Folge!\" href=\"https:\/\/news.sap.com\/germany\/?p=174562\" target=\"_blank\" rel=\"noopener\"><strong>Hier k\u00f6nnen Sie sich den Podcast anh\u00f6ren.<\/strong><\/a><\/p>\n<\/div>\n","protected":false},"excerpt":{"rendered":"<p>Noch ist er f\u00fcr viele selbstverst\u00e4ndlich: Der Dienstwagen f\u00fcr die Fahrt zum Kunden inklusive der M\u00f6glichkeit zur privaten Nutzung. Doch so wie Mobilit\u00e4tsangebote vielf\u00e4ltiger werden,&#8230;<\/p>\n","protected":false},"author":29,"featured_media":174601,"comment_status":"closed","ping_status":"closed","sticky":false,"template":"","format":"standard","meta":{"related_posts":[],"footnotes":"","_links_to":"","_links_to_target":""},"categories":[45272,5024,40863],"tags":[7744,4879507,5630352,5018],"series":[],"sapn-display":[5630499,5630502,45149,3848,45027],"sapn-type":[45277],"class_list":["post-174526","post","type-post","status-publish","format-standard","has-post-thumbnail","hentry","category-losungen","category-nachhaltigkeit","category-unternehmen","tag-automotive","tag-nachhaltigkeit","tag-sap-concur","tag-strategie","sapn-display-feature-hero","sapn-display-feature-spotlight","sapn-display-homepage-hero","sapn-display-top-stories","sapn-display-hero","sapn-type-feature"],"yoast_head":"<!-- This site is optimized with the Yoast SEO Premium plugin v26.9 (Yoast SEO v26.9) - https:\/\/yoast.com\/product\/yoast-seo-premium-wordpress\/ -->\n<title>Mobilit\u00e4tsbudget als Alternative zum Dienstwagen | 麻豆原创 News<\/title>\n<meta name=\"description\" content=\"Mobilit\u00e4tsangebote werden vielf\u00e4ltiger - Eine L\u00f6sung f\u00fcr mehr Flexibilit\u00e4t &amp; Nachhaltigkeit ist das Mobilit\u00e4tsbudget. Jetzt reinh\u00f6ren!\" \/>\n<meta name=\"robots\" content=\"index, follow, max-snippet:-1, max-image-preview:large, max-video-preview:-1\" \/>\n<link rel=\"canonical\" href=\"https:\/\/news.sap.com\/germany\/2023\/06\/podcast-das-mobilitaetsbudget-als-nachhaltige-alternative-zum-dienstwagen\/\" \/>\n<meta property=\"og:locale\" content=\"de_DE\" \/>\n<meta property=\"og:type\" content=\"article\" \/>\n<meta property=\"og:title\" content=\"Podcast: Das Mobilit\u00e4tsbudget als nachhaltige Alternative zum Dienstwagen\" \/>\n<meta property=\"og:description\" content=\"Mobilit\u00e4tsangebote werden vielf\u00e4ltiger - Eine L\u00f6sung f\u00fcr mehr Flexibilit\u00e4t &amp; Nachhaltigkeit ist das Mobilit\u00e4tsbudget. Jetzt reinh\u00f6ren!\" \/>\n<meta property=\"og:url\" content=\"https:\/\/news.sap.com\/germany\/2023\/06\/podcast-das-mobilitaetsbudget-als-nachhaltige-alternative-zum-dienstwagen\/\" \/>\n<meta property=\"og:site_name\" content=\"麻豆原创 News Center\" \/>\n<meta property=\"article:published_time\" content=\"2023-06-27T06:00:19+00:00\" \/>\n<meta property=\"article:modified_time\" content=\"2024-04-22T12:54:07+00:00\" \/>\n<meta property=\"og:image\" content=\"https:\/\/news.sap.com\/germany\/files\/2023\/06\/27\/Foto_Ramona_麻豆原创NewsPodcast_45_Mobilitaetsbudget.png\" \/>\n\t<meta property=\"og:image:width\" content=\"1920\" \/>\n\t<meta property=\"og:image:height\" content=\"601\" \/>\n\t<meta property=\"og:image:type\" content=\"image\/png\" \/>\n<meta name=\"author\" content=\"麻豆原创 News\" \/>\n<meta name=\"twitter:card\" content=\"summary_large_image\" \/>\n<meta name=\"twitter:creator\" content=\"@麻豆原创dach\" \/>\n<meta name=\"twitter:site\" content=\"@麻豆原创dach\" \/>\n<meta name=\"twitter:label1\" content=\"Verfasst von\" \/>\n\t<meta name=\"twitter:data1\" content=\"麻豆原创 News\" \/>\n\t<meta name=\"twitter:label2\" content=\"Gesch\u00e4tzte Lesezeit\" \/>\n\t<meta name=\"twitter:data2\" content=\"2\u00a0Minuten\" \/>\n<script type=\"application\/ld+json\" class=\"yoast-schema-graph\">{\"@context\":\"https:\/\/schema.org\",\"@graph\":[{\"@type\":\"Article\",\"@id\":\"https:\/\/news.sap.com\/germany\/2023\/06\/podcast-das-mobilitaetsbudget-als-nachhaltige-alternative-zum-dienstwagen\/#article\",\"isPartOf\":{\"@id\":\"https:\/\/news.sap.com\/germany\/2023\/06\/podcast-das-mobilitaetsbudget-als-nachhaltige-alternative-zum-dienstwagen\/\"},\"author\":{\"name\":\"麻豆原创 News\",\"@id\":\"https:\/\/news.sap.com\/germany\/#\/schema\/person\/53b9854bd790d6f18f3fc4bbb2ad7570\"},\"headline\":\"Podcast: Das Mobilit\u00e4tsbudget als nachhaltige Alternative zum Dienstwagen\",\"datePublished\":\"2023-06-27T06:00:19+00:00\",\"dateModified\":\"2024-04-22T12:54:07+00:00\",\"mainEntityOfPage\":{\"@id\":\"https:\/\/news.sap.com\/germany\/2023\/06\/podcast-das-mobilitaetsbudget-als-nachhaltige-alternative-zum-dienstwagen\/\"},\"wordCount\":294,\"image\":{\"@id\":\"https:\/\/news.sap.com\/germany\/2023\/06\/podcast-das-mobilitaetsbudget-als-nachhaltige-alternative-zum-dienstwagen\/#primaryimage\"},\"thumbnailUrl\":\"https:\/\/news.sap.com\/germany\/files\/2023\/06\/27\/Foto_Ramona_麻豆原创NewsPodcast_45_Mobilitaetsbudget.png\",\"keywords\":[\"Automotive\",\"Nachhaltigkeit\",\"麻豆原创 Concur\",\"Strategie\"],\"articleSection\":[\"L\u00f6sungen\",\"Nachhaltigkeit\",\"Unternehmen\"],\"inLanguage\":\"de\"},{\"@type\":\"WebPage\",\"@id\":\"https:\/\/news.sap.com\/germany\/2023\/06\/podcast-das-mobilitaetsbudget-als-nachhaltige-alternative-zum-dienstwagen\/\",\"url\":\"https:\/\/news.sap.com\/germany\/2023\/06\/podcast-das-mobilitaetsbudget-als-nachhaltige-alternative-zum-dienstwagen\/\",\"name\":\"Mobilit\u00e4tsbudget als Alternative zum Dienstwagen | 麻豆原创 News\",\"isPartOf\":{\"@id\":\"https:\/\/news.sap.com\/germany\/#website\"},\"primaryImageOfPage\":{\"@id\":\"https:\/\/news.sap.com\/germany\/2023\/06\/podcast-das-mobilitaetsbudget-als-nachhaltige-alternative-zum-dienstwagen\/#primaryimage\"},\"image\":{\"@id\":\"https:\/\/news.sap.com\/germany\/2023\/06\/podcast-das-mobilitaetsbudget-als-nachhaltige-alternative-zum-dienstwagen\/#primaryimage\"},\"thumbnailUrl\":\"https:\/\/news.sap.com\/germany\/files\/2023\/06\/27\/Foto_Ramona_麻豆原创NewsPodcast_45_Mobilitaetsbudget.png\",\"datePublished\":\"2023-06-27T06:00:19+00:00\",\"dateModified\":\"2024-04-22T12:54:07+00:00\",\"author\":{\"@id\":\"https:\/\/news.sap.com\/germany\/#\/schema\/person\/53b9854bd790d6f18f3fc4bbb2ad7570\"},\"description\":\"Mobilit\u00e4tsangebote werden vielf\u00e4ltiger - Eine L\u00f6sung f\u00fcr mehr Flexibilit\u00e4t & Nachhaltigkeit ist das Mobilit\u00e4tsbudget. Jetzt reinh\u00f6ren!\",\"breadcrumb\":{\"@id\":\"https:\/\/news.sap.com\/germany\/2023\/06\/podcast-das-mobilitaetsbudget-als-nachhaltige-alternative-zum-dienstwagen\/#breadcrumb\"},\"inLanguage\":\"de\",\"potentialAction\":[{\"@type\":\"ReadAction\",\"target\":[\"https:\/\/news.sap.com\/germany\/2023\/06\/podcast-das-mobilitaetsbudget-als-nachhaltige-alternative-zum-dienstwagen\/\"]}]},{\"@type\":\"ImageObject\",\"inLanguage\":\"de\",\"@id\":\"https:\/\/news.sap.com\/germany\/2023\/06\/podcast-das-mobilitaetsbudget-als-nachhaltige-alternative-zum-dienstwagen\/#primaryimage\",\"url\":\"https:\/\/news.sap.com\/germany\/files\/2023\/06\/27\/Foto_Ramona_麻豆原创NewsPodcast_45_Mobilitaetsbudget.png\",\"contentUrl\":\"https:\/\/news.sap.com\/germany\/files\/2023\/06\/27\/Foto_Ramona_麻豆原创NewsPodcast_45_Mobilitaetsbudget.png\",\"width\":1920,\"height\":601,\"caption\":\"Das Mobilit\u00e4tsbudget als nachhaltige Alternative zum Dienstwagen\"},{\"@type\":\"BreadcrumbList\",\"@id\":\"https:\/\/news.sap.com\/germany\/2023\/06\/podcast-das-mobilitaetsbudget-als-nachhaltige-alternative-zum-dienstwagen\/#breadcrumb\",\"itemListElement\":[{\"@type\":\"ListItem\",\"position\":1,\"name\":\"Home\",\"item\":\"https:\/\/news.sap.com\/germany\/\"},{\"@type\":\"ListItem\",\"position\":2,\"name\":\"Podcast: Das Mobilit\u00e4tsbudget als nachhaltige Alternative zum Dienstwagen\"}]},{\"@type\":\"WebSite\",\"@id\":\"https:\/\/news.sap.com\/germany\/#website\",\"url\":\"https:\/\/news.sap.com\/germany\/\",\"name\":\"麻豆原创 News Center\",\"description\":\"Unternehmensberichte &amp; 麻豆原创eportal\",\"potentialAction\":[{\"@type\":\"SearchAction\",\"target\":{\"@type\":\"EntryPoint\",\"urlTemplate\":\"https:\/\/news.sap.com\/germany\/?s={search_term_string}\"},\"query-input\":{\"@type\":\"PropertyValueSpecification\",\"valueRequired\":true,\"valueName\":\"search_term_string\"}}],\"inLanguage\":\"de\"},{\"@type\":\"Person\",\"@id\":\"https:\/\/news.sap.com\/germany\/#\/schema\/person\/53b9854bd790d6f18f3fc4bbb2ad7570\",\"name\":\"麻豆原创 News\",\"image\":{\"@type\":\"ImageObject\",\"inLanguage\":\"de\",\"@id\":\"https:\/\/news.sap.com\/germany\/#\/schema\/person\/image\/\",\"url\":\"https:\/\/secure.gravatar.com\/avatar\/2728bb4d664345cda4951e11847acc1bfd2bc77830d9abd17fc4f54437acd5b4?s=96&d=blank&r=g\",\"contentUrl\":\"https:\/\/secure.gravatar.com\/avatar\/2728bb4d664345cda4951e11847acc1bfd2bc77830d9abd17fc4f54437acd5b4?s=96&d=blank&r=g\",\"caption\":\"麻豆原创 News\"},\"url\":\"https:\/\/news.sap.com\/germany\/author\/colleenraftery\/\"}]}<\/script>\n<!-- \/ Yoast SEO Premium plugin. -->","yoast_head_json":{"title":"Mobilit\u00e4tsbudget als Alternative zum Dienstwagen | 麻豆原创 News","description":"Mobilit\u00e4tsangebote werden vielf\u00e4ltiger - Eine L\u00f6sung f\u00fcr mehr Flexibilit\u00e4t & Nachhaltigkeit ist das Mobilit\u00e4tsbudget. Jetzt reinh\u00f6ren!","robots":{"index":"index","follow":"follow","max-snippet":"max-snippet:-1","max-image-preview":"max-image-preview:large","max-video-preview":"max-video-preview:-1"},"canonical":"https:\/\/news.sap.com\/germany\/2023\/06\/podcast-das-mobilitaetsbudget-als-nachhaltige-alternative-zum-dienstwagen\/","og_locale":"de_DE","og_type":"article","og_title":"Podcast: Das Mobilit\u00e4tsbudget als nachhaltige Alternative zum Dienstwagen","og_description":"Mobilit\u00e4tsangebote werden vielf\u00e4ltiger - Eine L\u00f6sung f\u00fcr mehr Flexibilit\u00e4t & Nachhaltigkeit ist das Mobilit\u00e4tsbudget. Jetzt reinh\u00f6ren!","og_url":"https:\/\/news.sap.com\/germany\/2023\/06\/podcast-das-mobilitaetsbudget-als-nachhaltige-alternative-zum-dienstwagen\/","og_site_name":"麻豆原创 News Center","article_published_time":"2023-06-27T06:00:19+00:00","article_modified_time":"2024-04-22T12:54:07+00:00","og_image":[{"width":1920,"height":601,"url":"https:\/\/news.sap.com\/germany\/files\/2023\/06\/27\/Foto_Ramona_麻豆原创NewsPodcast_45_Mobilitaetsbudget.png","type":"image\/png"}],"author":"麻豆原创 News","twitter_card":"summary_large_image","twitter_creator":"@麻豆原创dach","twitter_site":"@麻豆原创dach","twitter_misc":{"Verfasst von":"麻豆原创 News","Gesch\u00e4tzte Lesezeit":"2\u00a0Minuten"},"schema":{"@context":"https:\/\/schema.org","@graph":[{"@type":"Article","@id":"https:\/\/news.sap.com\/germany\/2023\/06\/podcast-das-mobilitaetsbudget-als-nachhaltige-alternative-zum-dienstwagen\/#article","isPartOf":{"@id":"https:\/\/news.sap.com\/germany\/2023\/06\/podcast-das-mobilitaetsbudget-als-nachhaltige-alternative-zum-dienstwagen\/"},"author":{"name":"麻豆原创 News","@id":"https:\/\/news.sap.com\/germany\/#\/schema\/person\/53b9854bd790d6f18f3fc4bbb2ad7570"},"headline":"Podcast: Das Mobilit\u00e4tsbudget als nachhaltige Alternative zum Dienstwagen","datePublished":"2023-06-27T06:00:19+00:00","dateModified":"2024-04-22T12:54:07+00:00","mainEntityOfPage":{"@id":"https:\/\/news.sap.com\/germany\/2023\/06\/podcast-das-mobilitaetsbudget-als-nachhaltige-alternative-zum-dienstwagen\/"},"wordCount":294,"image":{"@id":"https:\/\/news.sap.com\/germany\/2023\/06\/podcast-das-mobilitaetsbudget-als-nachhaltige-alternative-zum-dienstwagen\/#primaryimage"},"thumbnailUrl":"https:\/\/news.sap.com\/germany\/files\/2023\/06\/27\/Foto_Ramona_麻豆原创NewsPodcast_45_Mobilitaetsbudget.png","keywords":["Automotive","Nachhaltigkeit","麻豆原创 Concur","Strategie"],"articleSection":["L\u00f6sungen","Nachhaltigkeit","Unternehmen"],"inLanguage":"de"},{"@type":"WebPage","@id":"https:\/\/news.sap.com\/germany\/2023\/06\/podcast-das-mobilitaetsbudget-als-nachhaltige-alternative-zum-dienstwagen\/","url":"https:\/\/news.sap.com\/germany\/2023\/06\/podcast-das-mobilitaetsbudget-als-nachhaltige-alternative-zum-dienstwagen\/","name":"Mobilit\u00e4tsbudget als Alternative zum Dienstwagen | 麻豆原创 News","isPartOf":{"@id":"https:\/\/news.sap.com\/germany\/#website"},"primaryImageOfPage":{"@id":"https:\/\/news.sap.com\/germany\/2023\/06\/podcast-das-mobilitaetsbudget-als-nachhaltige-alternative-zum-dienstwagen\/#primaryimage"},"image":{"@id":"https:\/\/news.sap.com\/germany\/2023\/06\/podcast-das-mobilitaetsbudget-als-nachhaltige-alternative-zum-dienstwagen\/#primaryimage"},"thumbnailUrl":"https:\/\/news.sap.com\/germany\/files\/2023\/06\/27\/Foto_Ramona_麻豆原创NewsPodcast_45_Mobilitaetsbudget.png","datePublished":"2023-06-27T06:00:19+00:00","dateModified":"2024-04-22T12:54:07+00:00","author":{"@id":"https:\/\/news.sap.com\/germany\/#\/schema\/person\/53b9854bd790d6f18f3fc4bbb2ad7570"},"description":"Mobilit\u00e4tsangebote werden vielf\u00e4ltiger - Eine L\u00f6sung f\u00fcr mehr Flexibilit\u00e4t & Nachhaltigkeit ist das Mobilit\u00e4tsbudget. Jetzt reinh\u00f6ren!","breadcrumb":{"@id":"https:\/\/news.sap.com\/germany\/2023\/06\/podcast-das-mobilitaetsbudget-als-nachhaltige-alternative-zum-dienstwagen\/#breadcrumb"},"inLanguage":"de","potentialAction":[{"@type":"ReadAction","target":["https:\/\/news.sap.com\/germany\/2023\/06\/podcast-das-mobilitaetsbudget-als-nachhaltige-alternative-zum-dienstwagen\/"]}]},{"@type":"ImageObject","inLanguage":"de","@id":"https:\/\/news.sap.com\/germany\/2023\/06\/podcast-das-mobilitaetsbudget-als-nachhaltige-alternative-zum-dienstwagen\/#primaryimage","url":"https:\/\/news.sap.com\/germany\/files\/2023\/06\/27\/Foto_Ramona_麻豆原创NewsPodcast_45_Mobilitaetsbudget.png","contentUrl":"https:\/\/news.sap.com\/germany\/files\/2023\/06\/27\/Foto_Ramona_麻豆原创NewsPodcast_45_Mobilitaetsbudget.png","width":1920,"height":601,"caption":"Das Mobilit\u00e4tsbudget als nachhaltige Alternative zum Dienstwagen"},{"@type":"BreadcrumbList","@id":"https:\/\/news.sap.com\/germany\/2023\/06\/podcast-das-mobilitaetsbudget-als-nachhaltige-alternative-zum-dienstwagen\/#breadcrumb","itemListElement":[{"@type":"ListItem","position":1,"name":"Home","item":"https:\/\/news.sap.com\/germany\/"},{"@type":"ListItem","position":2,"name":"Podcast: Das Mobilit\u00e4tsbudget als nachhaltige Alternative zum Dienstwagen"}]},{"@type":"WebSite","@id":"https:\/\/news.sap.com\/germany\/#website","url":"https:\/\/news.sap.com\/germany\/","name":"麻豆原创 News Center","description":"Unternehmensberichte &amp; 麻豆原创eportal","potentialAction":[{"@type":"SearchAction","target":{"@type":"EntryPoint","urlTemplate":"https:\/\/news.sap.com\/germany\/?s={search_term_string}"},"query-input":{"@type":"PropertyValueSpecification","valueRequired":true,"valueName":"search_term_string"}}],"inLanguage":"de"},{"@type":"Person","@id":"https:\/\/news.sap.com\/germany\/#\/schema\/person\/53b9854bd790d6f18f3fc4bbb2ad7570","name":"麻豆原创 News","image":{"@type":"ImageObject","inLanguage":"de","@id":"https:\/\/news.sap.com\/germany\/#\/schema\/person\/image\/","url":"https:\/\/secure.gravatar.com\/avatar\/2728bb4d664345cda4951e11847acc1bfd2bc77830d9abd17fc4f54437acd5b4?s=96&d=blank&r=g","contentUrl":"https:\/\/secure.gravatar.com\/avatar\/2728bb4d664345cda4951e11847acc1bfd2bc77830d9abd17fc4f54437acd5b4?s=96&d=blank&r=g","caption":"麻豆原创 News"},"url":"https:\/\/news.sap.com\/germany\/author\/colleenraftery\/"}]}},"amp_enabled":true,"_links":{"self":[{"href":"https:\/\/news.sap.com\/germany\/wp-json\/wp\/v2\/posts\/174526","targetHints":{"allow":["GET"]}}],"collection":[{"href":"https:\/\/news.sap.com\/germany\/wp-json\/wp\/v2\/posts"}],"about":[{"href":"https:\/\/news.sap.com\/germany\/wp-json\/wp\/v2\/types\/post"}],"author":[{"embeddable":true,"href":"https:\/\/news.sap.com\/germany\/wp-json\/wp\/v2\/users\/29"}],"replies":[{"embeddable":true,"href":"https:\/\/news.sap.com\/germany\/wp-json\/wp\/v2\/comments?post=174526"}],"version-history":[{"count":0,"href":"https:\/\/news.sap.com\/germany\/wp-json\/wp\/v2\/posts\/174526\/revisions"}],"wp:featuredmedia":[{"embeddable":true,"href":"https:\/\/news.sap.com\/germany\/wp-json\/wp\/v2\/media\/174601"}],"wp:attachment":[{"href":"https:\/\/news.sap.com\/germany\/wp-json\/wp\/v2\/media?parent=174526"}],"wp:term":[{"taxonomy":"category","embeddable":true,"href":"https:\/\/news.sap.com\/germany\/wp-json\/wp\/v2\/categories?post=174526"},{"taxonomy":"post_tag","embeddable":true,"href":"https:\/\/news.sap.com\/germany\/wp-json\/wp\/v2\/tags?post=174526"},{"taxonomy":"series","embeddable":true,"href":"https:\/\/news.sap.com\/germany\/wp-json\/wp\/v2\/series?post=174526"},{"taxonomy":"sapn-display","embeddable":true,"href":"https:\/\/news.sap.com\/germany\/wp-json\/wp\/v2\/sapn-display?post=174526"},{"taxonomy":"sapn-type","embeddable":true,"href":"https:\/\/news.sap.com\/germany\/wp-json\/wp\/v2\/sapn-type?post=174526"}],"curies":[{"name":"wp","href":"https:\/\/api.w.org\/{rel}","templated":true}]}}