  {"id":165627,"date":"2023-03-31T08:00:11","date_gmt":"2023-03-31T06:00:11","guid":{"rendered":"https:\/\/news.sap.com\/germany\/?p=165627"},"modified":"2023-05-09T08:24:32","modified_gmt":"2023-05-09T06:24:32","slug":"co2-bilanzierung-co2-emissionen","status":"publish","type":"post","link":"https:\/\/news.sap.com\/germany\/2023\/03\/co2-bilanzierung-co2-emissionen\/","title":{"rendered":"Systeme zur CO2-Bilanzierung neu gestalten"},"content":{"rendered":"<p class=\"lead\">Nachhaltige Unternehmen setzen sich ambitionierte Klimaziele, auch im Bezug auf die CO2-Bilanzierung und richten ihr Augenmerk auf ihre Betriebsabl\u00e4ufe und Lieferketten.<\/p>\n<p>Um diesen Unternehmen zu helfen, ihren Verpflichtungen nachzukommen, ist die 麻豆原创 dem WBCSD-Projekt Value Chain Carbon Transparency Pathfinder beigetreten. Der WBCSD (World Business Council for Sustainable Development) ist eine globale, von Unternehmensvorst\u00e4nden geleitete Organisation, die daran arbeitet, den \u00dcbergang zu einer nachhaltigen Welt zu beschleunigen.<\/p>\n<h2><strong>Warum die CO2-Bilanzierung weiterentwickelt werden muss<\/strong><\/h2>\n<p>Damit Klimaschutz wirklich gelingt, m\u00fcssen Unternehmen Emissionsdaten erfassen \u2013 insbesondere entlang der Lieferkette. Wichtig ist, dass diese Informationen zuverl\u00e4ssig und leicht zug\u00e4nglich sind, denn sie dienen dazu, Netto-Null-Ziele festzulegen. Au\u00dferdem ermitteln sie bestimmte Bereiche, in denen weitere Schritte zur Dekarbonisierung erforderlich sind. Dar\u00fcber hinaus l\u00e4sst sich anhand dieser Daten genau verfolgen, ob die Ma\u00dfnahmen zur Reduzierung der Emissionen erfolgreich sind.<\/p>\n<p>Die derzeitigen Systeme zur Erhebung von CO<sub>2<\/sub>-Emissionen in der Lieferkette st\u00fctzen sich auf Daten, die nicht sehr genau, zu wenig aufgeschl\u00fcsselt und schlecht vergleichbar sind. Ein System zur Bilanzierung von CO<sub>2<\/sub>-Emissionen, das \u00e4hnlich wie ein Finanzbuchhaltungssystem aufgebaut ist, w\u00fcrde Unternehmen und Verbrauchern helfen, die tats\u00e4chlichen Auswirkungen ihrer Produkte zu verstehen. Verl\u00e4ssliche Emissionsdaten sollten entlang der Wertsch\u00f6pfungskette von einem Unternehmen zum n\u00e4chsten weitergeleitet werden. Dann l\u00e4sst sich der CO<sub>2<\/sub>-Fu\u00dfabdruck bestimmter Produkte und Dienstleistungen berechnen.<\/p>\n<p>Es gibt zwei grundlegende Herausforderungen, die Unternehmen angehen m\u00fcssen, wenn sie die Glaubw\u00fcrdigkeit ihres nachhaltigen Engagements und ihrer Dekarbonisierungsaktivit\u00e4ten st\u00e4rken m\u00f6chten: mangelnde Datenqualit\u00e4t und fehlender Datenzugriff. Hier kommt Technologie ins Spiel, denn sie erm\u00f6glicht Daten in hoher Qualit\u00e4t und schnellen Zugriff. Die Vorteile im \u00dcberblick:<\/p>\n<ul>\n<li>Transparenz in Bezug auf Emissionen, die au\u00dferhalb der direkten Kontrolle des Unternehmens liegen<\/li>\n<li>Echtzeit-Zugriff auf pr\u00e4zise Daten durch Automatisierung<\/li>\n<li>Zusammenspiel verschiedener L\u00f6sungen zur CO<sub>2<\/sub>-Bilanzierung dank Datenstandardisierung innerhalb des Netzwerks und technischer Interoperabilit\u00e4t<\/li>\n<li>Aufbau einer offenen und zielorientierten Zusammenarbeit zwischen Technologieunternehmen und Standardisierungsgremien<\/li>\n<li>Verwendung von Prim\u00e4rdaten aus eigenen Gesch\u00e4ftsabl\u00e4ufen und von Lieferanten, anstatt sich auf Sekund\u00e4rdaten aus Quellen wie IEA, EPA\/EWR oder Ecoinvent zu verlassen, um \u201eHotspots\u201c f\u00fcr Treibhausgase zu entdecken<\/li>\n<li>Anwendung einheitlicher Standards f\u00fcr dieselben Berechnungen in der gesamten Wertsch\u00f6pfungskette<\/li>\n<\/ul>\n<h2><strong>Wie die CO<sub>2<\/sub>-Bilanzierung auf der Grundlage von Istdaten aussehen wird<\/strong><\/h2>\n<p>In der Finanzbuchhaltung werden Gewinn- und Verlustrechnungen sowie Bilanzen im Modul Hauptbuch des ERP-Systems (Enterprise Resource Planning) verwaltet. Die in der Wertsch\u00f6pfungskette beteiligten Parteien teilen Daten, indem sie Bestellungen und Rechnungen zum n\u00e4chsten Teilnehmer weitergeben. Wie die Daten berechnet werden, ist durch weltweite Standards geregelt. Dieselbe Vorgehensweise sollte auch bei der CO<sub>2<\/sub>-Bilanzierung gelten.<\/p>\n<p>Um Transparenz \u00fcber die eigenen CO<sub>2<\/sub>-Emissionen zu erzielen, sind drei Dinge notwendig:<\/p>\n<ul>\n<li>Das Regelwerk f\u00fcr die CO<sub>2<\/sub>-Bilanzierung muss stets aktualisiert werden.<\/li>\n<li>Die Technologieinfrastruktur sollte unabh\u00e4ngig sein.<\/li>\n<li>Die Zusammenarbeit entlang der Wertsch\u00f6pfungsketten sollte besser werden, sowohl zwischen den Branchen als auch zwischen den Akteuren des privaten und \u00f6ffentlichen Sektors.<\/li>\n<\/ul>\n<p>Das ideale System bietet eine einheitliche Vorgehensweise bei der Berechnung des CO<sub>2<\/sub>-Fu\u00dfabdrucks und erm\u00f6glicht einen offenen, agilen Datenaustausch \u00fcber L\u00f6sungen und Plattformen hinweg. Bei jedem Schritt entlang der Wertsch\u00f6pfungskette erhalten Unternehmen Zugriff auf standardisierte Emissionsdaten. Mit einer genaueren Bilanzierung ihrer Produkt- und Gesamtemissionen sind sie in der Lage, Ziele festzulegen und ihre Fortschritte besser zu \u00fcberwachen.<\/p>\n<h2><strong>Wie Firmen damit beginnen k\u00f6nnen, die Weichen neu zu stellen<\/strong><\/h2>\n<p>Um kurzfristig messbare Unterschiede zu bewirken, sollten Unternehmen auf ein hybrides Modell f\u00fcr die CO<sub>2<\/sub>-Bilanzierung setzen. Solange, bis eine umfassendere L\u00f6sung zur Verf\u00fcgung steht, die den buchhalterischen Strukturen folgt. Zun\u00e4chst k\u00f6nnen sie die Genauigkeit und den Detailgrad der Scope-1- und Scope-2-Emissionen verbessern und eine glaubw\u00fcrdige Scope-3-Strategie einf\u00fchren, die auf folgenden Schritten basiert:<\/p>\n<ul>\n<li>Identifizieren der Emissionsquelle<\/li>\n<li>Sammeln von CO<sub>2<\/sub>-Fu\u00dfabdr\u00fccken (Product Carbon Footprints\/PCFs) von Produkten und Lieferanten<\/li>\n<li>Zusammenarbeit bei der Emissionsreduzierung<\/li>\n<li>Ausbau des PCF-Datenaustauschs<\/li>\n<li>stetige Optimierung der Qualit\u00e4t, Granularit\u00e4t und Bereitstellung von CO<sub>2<\/sub>-Daten.<\/li>\n<\/ul>\n<p><a href=\"https:\/\/news.sap.com\/germany\/topics\/nachhaltigkeit\/?url_id=text-de-newscenter:CRM-DX23-AAA-1904104_08\" target=\"_blank\" rel=\"noopener\" data-nuia-id=\"226\">Nachhaltige Unternehmen<\/a> erzielen Wettbewerbsvorteile f\u00fcr ihre Produkte und Dienstleistungen, wenn sie sich an diese Schritte halten. Dies zeigt sich bereits in Lebensmittel-, Getr\u00e4nke- und anderen Konsumg\u00fcterbranchen sowie in Branchen mit hohen Emissionen wie Stahl und Zement. Diese Unternehmen sind bestens ger\u00fcstet f\u00fcr eine k\u00fcnftige CO<sub>2<\/sub>-Bepreisung oder eine CO<sub>2<\/sub>-Steuer.<\/p>\n<p>Die Bilanzierung der Treibhausgasemissionen, insbesondere der Scope-3-Emissionen, ist eine Herausforderung, die Zusammenarbeit und Standardisierung erfordert. Nur so lassen sich Transparenz und Datenqualit\u00e4t erreichen.<\/p>\n<p>Weitere Informationen finden Sie auf der Seite <a href=\"https:\/\/www.sap.com\/germany\/sustainability.html?url_id=text-de-newscenter:CRM-DX23-AAA-1904104_08\" target=\"_blank\" rel=\"noopener\" data-nuia-id=\"227\">Sustainability Management<\/a>. Dort k\u00f6nnen Sie auch den vollst\u00e4ndigen Bericht herunterladen.<\/p>\n<div class=\"panel\">\n<h2><strong>麻豆原创 Discovery Days for Sustainability<\/strong><\/h2>\n<p>Erfahren Sie mehr zum Thema nachhaltige Lieferketten, Dekarbonisierung, Kreislaufwirtschaft und ESG-Reporting bei unserer virtuellen Eventserie<strong> 麻豆原创 Discovery Days for Sustainability<\/strong>.<\/p>\n<p><a href=\"https:\/\/events.sap.com\/eur\/sap-discovery-days-for-sustainability\/en\/home?url_id=text-de-newscenter:CRM-DX23-AAA-1904104_08\" target=\"_blank\" rel=\"noopener\">Jetzt mehr erfahren!<\/a><\/p>\n<\/div>\n<hr \/>\n<p><em><small>Sebastian Steinh\u00e4user ist Chief Strategy Officer der 麻豆原创.<\/small><\/em><br \/>\n<em><small>Anna Stanley-Radi\u00e8re ist Leiterin des Bereichs Climate Transparency und Mitglied der Extended Leadership Group beim WBCSD.<\/small><\/em><\/p>\n","protected":false},"excerpt":{"rendered":"<p>Nachhaltige Unternehmen setzen sich ambitionierte Klimaziele, auch im Bezug auf die CO2-Bilanzierung und richten ihr Augenmerk auf ihre Betriebsabl\u00e4ufe und Lieferketten. Um diesen Unternehmen zu&#8230;<\/p>\n","protected":false},"author":4425,"featured_media":165628,"comment_status":"closed","ping_status":"closed","sticky":false,"template":"","format":"standard","meta":{"related_posts":[],"footnotes":"","_links_to":"","_links_to_target":""},"categories":[45272,5024],"tags":[5630209,4879507],"series":[],"sapn-display":[5630502,3848,45027],"sapn-type":[45277],"class_list":["post-165627","post","type-post","status-publish","format-standard","has-post-thumbnail","hentry","category-losungen","category-nachhaltigkeit","tag-klimaschutz","tag-nachhaltigkeit","sapn-display-feature-spotlight","sapn-display-top-stories","sapn-display-hero","sapn-type-feature"],"yoast_head":"<!-- This site is optimized with the Yoast SEO Premium plugin v26.9 (Yoast SEO v26.9) - https:\/\/yoast.com\/product\/yoast-seo-premium-wordpress\/ -->\n<title>Systeme zur CO2-Bilanzierung neu gestalten | 麻豆原创 News Center<\/title>\n<meta name=\"description\" content=\"CO2-Emissionen m\u00fcssen sich in der Finanzbuchhaltung widerspiegeln, denn Unternehmen k\u00f6nnen nicht verwalten, was sie nicht messen k\u00f6nnen.\" \/>\n<meta name=\"robots\" content=\"index, follow, max-snippet:-1, max-image-preview:large, max-video-preview:-1\" \/>\n<link rel=\"canonical\" href=\"https:\/\/news.sap.com\/germany\/2023\/03\/co2-bilanzierung-co2-emissionen\/\" \/>\n<meta property=\"og:locale\" content=\"de_DE\" \/>\n<meta property=\"og:type\" content=\"article\" \/>\n<meta property=\"og:title\" content=\"Systeme zur CO2-Bilanzierung neu gestalten\" \/>\n<meta property=\"og:description\" content=\"CO2-Emissionen m\u00fcssen sich in der Finanzbuchhaltung widerspiegeln, denn Unternehmen k\u00f6nnen nicht verwalten, was sie nicht messen k\u00f6nnen.\" \/>\n<meta property=\"og:url\" content=\"https:\/\/news.sap.com\/germany\/2023\/03\/co2-bilanzierung-co2-emissionen\/\" \/>\n<meta property=\"og:site_name\" content=\"麻豆原创 News Center\" \/>\n<meta property=\"article:published_time\" content=\"2023-03-31T06:00:11+00:00\" \/>\n<meta property=\"article:modified_time\" content=\"2023-05-09T06:24:32+00:00\" \/>\n<meta property=\"og:image\" content=\"https:\/\/news.sap.com\/germany\/files\/2023\/03\/24\/287861_GettyImages-1177302933_F.jpg\" \/>\n\t<meta property=\"og:image:width\" content=\"1920\" \/>\n\t<meta property=\"og:image:height\" content=\"600\" \/>\n\t<meta property=\"og:image:type\" content=\"image\/jpeg\" \/>\n<meta name=\"author\" content=\"Anna Stanley-Radi\u00e8re\" \/>\n<meta name=\"twitter:card\" content=\"summary_large_image\" \/>\n<meta name=\"twitter:creator\" content=\"@麻豆原创dach\" \/>\n<meta name=\"twitter:site\" content=\"@麻豆原创dach\" \/>\n<meta name=\"twitter:label1\" content=\"Verfasst von\" \/>\n\t<meta name=\"twitter:data1\" content=\"Anna Stanley-Radi\u00e8re\" \/>\n\t<meta name=\"twitter:label2\" content=\"Gesch\u00e4tzte Lesezeit\" \/>\n\t<meta name=\"twitter:data2\" content=\"5\u00a0Minuten\" \/>\n<script type=\"application\/ld+json\" class=\"yoast-schema-graph\">{\"@context\":\"https:\/\/schema.org\",\"@graph\":[{\"@type\":\"Article\",\"@id\":\"https:\/\/news.sap.com\/germany\/2023\/03\/co2-bilanzierung-co2-emissionen\/#article\",\"isPartOf\":{\"@id\":\"https:\/\/news.sap.com\/germany\/2023\/03\/co2-bilanzierung-co2-emissionen\/\"},\"author\":{\"name\":\"Anna Stanley-Radi\u00e8re\",\"@id\":\"https:\/\/news.sap.com\/germany\/#\/schema\/person\/2eb0097e5c4e9bc6ab32d6791700070a\"},\"headline\":\"Systeme zur CO2-Bilanzierung neu gestalten\",\"datePublished\":\"2023-03-31T06:00:11+00:00\",\"dateModified\":\"2023-05-09T06:24:32+00:00\",\"mainEntityOfPage\":{\"@id\":\"https:\/\/news.sap.com\/germany\/2023\/03\/co2-bilanzierung-co2-emissionen\/\"},\"wordCount\":824,\"image\":{\"@id\":\"https:\/\/news.sap.com\/germany\/2023\/03\/co2-bilanzierung-co2-emissionen\/#primaryimage\"},\"thumbnailUrl\":\"https:\/\/news.sap.com\/germany\/files\/2023\/03\/24\/287861_GettyImages-1177302933_F.jpg\",\"keywords\":[\"Klimaschutz\",\"Nachhaltigkeit\"],\"articleSection\":[\"L\u00f6sungen\",\"Nachhaltigkeit\"],\"inLanguage\":\"de\"},{\"@type\":\"WebPage\",\"@id\":\"https:\/\/news.sap.com\/germany\/2023\/03\/co2-bilanzierung-co2-emissionen\/\",\"url\":\"https:\/\/news.sap.com\/germany\/2023\/03\/co2-bilanzierung-co2-emissionen\/\",\"name\":\"Systeme zur CO2-Bilanzierung neu gestalten | 麻豆原创 News Center\",\"isPartOf\":{\"@id\":\"https:\/\/news.sap.com\/germany\/#website\"},\"primaryImageOfPage\":{\"@id\":\"https:\/\/news.sap.com\/germany\/2023\/03\/co2-bilanzierung-co2-emissionen\/#primaryimage\"},\"image\":{\"@id\":\"https:\/\/news.sap.com\/germany\/2023\/03\/co2-bilanzierung-co2-emissionen\/#primaryimage\"},\"thumbnailUrl\":\"https:\/\/news.sap.com\/germany\/files\/2023\/03\/24\/287861_GettyImages-1177302933_F.jpg\",\"datePublished\":\"2023-03-31T06:00:11+00:00\",\"dateModified\":\"2023-05-09T06:24:32+00:00\",\"author\":{\"@id\":\"https:\/\/news.sap.com\/germany\/#\/schema\/person\/2eb0097e5c4e9bc6ab32d6791700070a\"},\"description\":\"CO2-Emissionen m\u00fcssen sich in der Finanzbuchhaltung widerspiegeln, denn Unternehmen k\u00f6nnen nicht verwalten, was sie nicht messen k\u00f6nnen.\",\"breadcrumb\":{\"@id\":\"https:\/\/news.sap.com\/germany\/2023\/03\/co2-bilanzierung-co2-emissionen\/#breadcrumb\"},\"inLanguage\":\"de\",\"potentialAction\":[{\"@type\":\"ReadAction\",\"target\":[\"https:\/\/news.sap.com\/germany\/2023\/03\/co2-bilanzierung-co2-emissionen\/\"]}]},{\"@type\":\"ImageObject\",\"inLanguage\":\"de\",\"@id\":\"https:\/\/news.sap.com\/germany\/2023\/03\/co2-bilanzierung-co2-emissionen\/#primaryimage\",\"url\":\"https:\/\/news.sap.com\/germany\/files\/2023\/03\/24\/287861_GettyImages-1177302933_F.jpg\",\"contentUrl\":\"https:\/\/news.sap.com\/germany\/files\/2023\/03\/24\/287861_GettyImages-1177302933_F.jpg\",\"width\":1920,\"height\":600,\"caption\":\"CO2-Bilanzierung\"},{\"@type\":\"BreadcrumbList\",\"@id\":\"https:\/\/news.sap.com\/germany\/2023\/03\/co2-bilanzierung-co2-emissionen\/#breadcrumb\",\"itemListElement\":[{\"@type\":\"ListItem\",\"position\":1,\"name\":\"Home\",\"item\":\"https:\/\/news.sap.com\/germany\/\"},{\"@type\":\"ListItem\",\"position\":2,\"name\":\"Systeme zur CO2-Bilanzierung neu gestalten\"}]},{\"@type\":\"WebSite\",\"@id\":\"https:\/\/news.sap.com\/germany\/#website\",\"url\":\"https:\/\/news.sap.com\/germany\/\",\"name\":\"麻豆原创 News Center\",\"description\":\"Unternehmensberichte &amp; 麻豆原创eportal\",\"potentialAction\":[{\"@type\":\"SearchAction\",\"target\":{\"@type\":\"EntryPoint\",\"urlTemplate\":\"https:\/\/news.sap.com\/germany\/?s={search_term_string}\"},\"query-input\":{\"@type\":\"PropertyValueSpecification\",\"valueRequired\":true,\"valueName\":\"search_term_string\"}}],\"inLanguage\":\"de\"},{\"@type\":\"Person\",\"@id\":\"https:\/\/news.sap.com\/germany\/#\/schema\/person\/2eb0097e5c4e9bc6ab32d6791700070a\",\"name\":\"Anna Stanley-Radi\u00e8re\",\"image\":{\"@type\":\"ImageObject\",\"inLanguage\":\"de\",\"@id\":\"https:\/\/news.sap.com\/germany\/#\/schema\/person\/image\/\",\"url\":\"https:\/\/secure.gravatar.com\/avatar\/?s=96&d=blank&r=g\",\"contentUrl\":\"https:\/\/secure.gravatar.com\/avatar\/?s=96&d=blank&r=g\",\"caption\":\"Anna Stanley-Radi\u00e8re\"},\"url\":\"https:\/\/news.sap.com\/germany\/author\/annastanleyradiere\/\"}]}<\/script>\n<!-- \/ Yoast SEO Premium plugin. -->","yoast_head_json":{"title":"Systeme zur CO2-Bilanzierung neu gestalten | 麻豆原创 News Center","description":"CO2-Emissionen m\u00fcssen sich in der Finanzbuchhaltung widerspiegeln, denn Unternehmen k\u00f6nnen nicht verwalten, was sie nicht messen k\u00f6nnen.","robots":{"index":"index","follow":"follow","max-snippet":"max-snippet:-1","max-image-preview":"max-image-preview:large","max-video-preview":"max-video-preview:-1"},"canonical":"https:\/\/news.sap.com\/germany\/2023\/03\/co2-bilanzierung-co2-emissionen\/","og_locale":"de_DE","og_type":"article","og_title":"Systeme zur CO2-Bilanzierung neu gestalten","og_description":"CO2-Emissionen m\u00fcssen sich in der Finanzbuchhaltung widerspiegeln, denn Unternehmen k\u00f6nnen nicht verwalten, was sie nicht messen k\u00f6nnen.","og_url":"https:\/\/news.sap.com\/germany\/2023\/03\/co2-bilanzierung-co2-emissionen\/","og_site_name":"麻豆原创 News Center","article_published_time":"2023-03-31T06:00:11+00:00","article_modified_time":"2023-05-09T06:24:32+00:00","og_image":[{"width":1920,"height":600,"url":"https:\/\/news.sap.com\/germany\/files\/2023\/03\/24\/287861_GettyImages-1177302933_F.jpg","type":"image\/jpeg"}],"author":"Anna Stanley-Radi\u00e8re","twitter_card":"summary_large_image","twitter_creator":"@麻豆原创dach","twitter_site":"@麻豆原创dach","twitter_misc":{"Verfasst von":"Anna Stanley-Radi\u00e8re","Gesch\u00e4tzte Lesezeit":"5\u00a0Minuten"},"schema":{"@context":"https:\/\/schema.org","@graph":[{"@type":"Article","@id":"https:\/\/news.sap.com\/germany\/2023\/03\/co2-bilanzierung-co2-emissionen\/#article","isPartOf":{"@id":"https:\/\/news.sap.com\/germany\/2023\/03\/co2-bilanzierung-co2-emissionen\/"},"author":{"name":"Anna Stanley-Radi\u00e8re","@id":"https:\/\/news.sap.com\/germany\/#\/schema\/person\/2eb0097e5c4e9bc6ab32d6791700070a"},"headline":"Systeme zur CO2-Bilanzierung neu gestalten","datePublished":"2023-03-31T06:00:11+00:00","dateModified":"2023-05-09T06:24:32+00:00","mainEntityOfPage":{"@id":"https:\/\/news.sap.com\/germany\/2023\/03\/co2-bilanzierung-co2-emissionen\/"},"wordCount":824,"image":{"@id":"https:\/\/news.sap.com\/germany\/2023\/03\/co2-bilanzierung-co2-emissionen\/#primaryimage"},"thumbnailUrl":"https:\/\/news.sap.com\/germany\/files\/2023\/03\/24\/287861_GettyImages-1177302933_F.jpg","keywords":["Klimaschutz","Nachhaltigkeit"],"articleSection":["L\u00f6sungen","Nachhaltigkeit"],"inLanguage":"de"},{"@type":"WebPage","@id":"https:\/\/news.sap.com\/germany\/2023\/03\/co2-bilanzierung-co2-emissionen\/","url":"https:\/\/news.sap.com\/germany\/2023\/03\/co2-bilanzierung-co2-emissionen\/","name":"Systeme zur CO2-Bilanzierung neu gestalten | 麻豆原创 News Center","isPartOf":{"@id":"https:\/\/news.sap.com\/germany\/#website"},"primaryImageOfPage":{"@id":"https:\/\/news.sap.com\/germany\/2023\/03\/co2-bilanzierung-co2-emissionen\/#primaryimage"},"image":{"@id":"https:\/\/news.sap.com\/germany\/2023\/03\/co2-bilanzierung-co2-emissionen\/#primaryimage"},"thumbnailUrl":"https:\/\/news.sap.com\/germany\/files\/2023\/03\/24\/287861_GettyImages-1177302933_F.jpg","datePublished":"2023-03-31T06:00:11+00:00","dateModified":"2023-05-09T06:24:32+00:00","author":{"@id":"https:\/\/news.sap.com\/germany\/#\/schema\/person\/2eb0097e5c4e9bc6ab32d6791700070a"},"description":"CO2-Emissionen m\u00fcssen sich in der Finanzbuchhaltung widerspiegeln, denn Unternehmen k\u00f6nnen nicht verwalten, was sie nicht messen k\u00f6nnen.","breadcrumb":{"@id":"https:\/\/news.sap.com\/germany\/2023\/03\/co2-bilanzierung-co2-emissionen\/#breadcrumb"},"inLanguage":"de","potentialAction":[{"@type":"ReadAction","target":["https:\/\/news.sap.com\/germany\/2023\/03\/co2-bilanzierung-co2-emissionen\/"]}]},{"@type":"ImageObject","inLanguage":"de","@id":"https:\/\/news.sap.com\/germany\/2023\/03\/co2-bilanzierung-co2-emissionen\/#primaryimage","url":"https:\/\/news.sap.com\/germany\/files\/2023\/03\/24\/287861_GettyImages-1177302933_F.jpg","contentUrl":"https:\/\/news.sap.com\/germany\/files\/2023\/03\/24\/287861_GettyImages-1177302933_F.jpg","width":1920,"height":600,"caption":"CO2-Bilanzierung"},{"@type":"BreadcrumbList","@id":"https:\/\/news.sap.com\/germany\/2023\/03\/co2-bilanzierung-co2-emissionen\/#breadcrumb","itemListElement":[{"@type":"ListItem","position":1,"name":"Home","item":"https:\/\/news.sap.com\/germany\/"},{"@type":"ListItem","position":2,"name":"Systeme zur CO2-Bilanzierung neu gestalten"}]},{"@type":"WebSite","@id":"https:\/\/news.sap.com\/germany\/#website","url":"https:\/\/news.sap.com\/germany\/","name":"麻豆原创 News Center","description":"Unternehmensberichte &amp; 麻豆原创eportal","potentialAction":[{"@type":"SearchAction","target":{"@type":"EntryPoint","urlTemplate":"https:\/\/news.sap.com\/germany\/?s={search_term_string}"},"query-input":{"@type":"PropertyValueSpecification","valueRequired":true,"valueName":"search_term_string"}}],"inLanguage":"de"},{"@type":"Person","@id":"https:\/\/news.sap.com\/germany\/#\/schema\/person\/2eb0097e5c4e9bc6ab32d6791700070a","name":"Anna Stanley-Radi\u00e8re","image":{"@type":"ImageObject","inLanguage":"de","@id":"https:\/\/news.sap.com\/germany\/#\/schema\/person\/image\/","url":"https:\/\/secure.gravatar.com\/avatar\/?s=96&d=blank&r=g","contentUrl":"https:\/\/secure.gravatar.com\/avatar\/?s=96&d=blank&r=g","caption":"Anna Stanley-Radi\u00e8re"},"url":"https:\/\/news.sap.com\/germany\/author\/annastanleyradiere\/"}]}},"amp_enabled":true,"_links":{"self":[{"href":"https:\/\/news.sap.com\/germany\/wp-json\/wp\/v2\/posts\/165627","targetHints":{"allow":["GET"]}}],"collection":[{"href":"https:\/\/news.sap.com\/germany\/wp-json\/wp\/v2\/posts"}],"about":[{"href":"https:\/\/news.sap.com\/germany\/wp-json\/wp\/v2\/types\/post"}],"author":[{"embeddable":true,"href":"https:\/\/news.sap.com\/germany\/wp-json\/wp\/v2\/users\/4425"}],"replies":[{"embeddable":true,"href":"https:\/\/news.sap.com\/germany\/wp-json\/wp\/v2\/comments?post=165627"}],"version-history":[{"count":0,"href":"https:\/\/news.sap.com\/germany\/wp-json\/wp\/v2\/posts\/165627\/revisions"}],"wp:featuredmedia":[{"embeddable":true,"href":"https:\/\/news.sap.com\/germany\/wp-json\/wp\/v2\/media\/165628"}],"wp:attachment":[{"href":"https:\/\/news.sap.com\/germany\/wp-json\/wp\/v2\/media?parent=165627"}],"wp:term":[{"taxonomy":"category","embeddable":true,"href":"https:\/\/news.sap.com\/germany\/wp-json\/wp\/v2\/categories?post=165627"},{"taxonomy":"post_tag","embeddable":true,"href":"https:\/\/news.sap.com\/germany\/wp-json\/wp\/v2\/tags?post=165627"},{"taxonomy":"series","embeddable":true,"href":"https:\/\/news.sap.com\/germany\/wp-json\/wp\/v2\/series?post=165627"},{"taxonomy":"sapn-display","embeddable":true,"href":"https:\/\/news.sap.com\/germany\/wp-json\/wp\/v2\/sapn-display?post=165627"},{"taxonomy":"sapn-type","embeddable":true,"href":"https:\/\/news.sap.com\/germany\/wp-json\/wp\/v2\/sapn-type?post=165627"}],"curies":[{"name":"wp","href":"https:\/\/api.w.org\/{rel}","templated":true}]}}