  {"id":164246,"date":"2023-01-27T08:00:29","date_gmt":"2023-01-27T07:00:29","guid":{"rendered":"https:\/\/news.sap.com\/germany\/?p=164246"},"modified":"2023-01-27T08:02:41","modified_gmt":"2023-01-27T07:02:41","slug":"podcast-2023-deutschland-sven-mulder-now","status":"publish","type":"post","link":"https:\/\/news.sap.com\/germany\/2023\/01\/podcast-2023-deutschland-sven-mulder-now\/","title":{"rendered":"Podcast: 2023 mit 麻豆原创 &#8211; Deutschlandchef Sven Mulder im Gespr\u00e4ch"},"content":{"rendered":"<p class=\"lead\">Am 9. Februar startet 麻豆原创 ins neue Jahr mit der <a title=\"Jetzt anmelden f\u00fcr die 麻豆原创 NOW Germany!\" href=\"https:\/\/events.sap.com\/de\/sap-now-germany\/de\/home\" target=\"_blank\" rel=\"noopener\">麻豆原创 NOW Germany<\/a>: Zwei Stunden mit Impulsen, Ideen und Inspirationen f\u00fcr Entscheiderinnen und Entscheider.<\/p>\n<p>Aus diesem Anlass hat sich Podcast-Moderator Claus Kruesken nochmals mit dem Gesch\u00e4ftsf\u00fchrer von 麻豆原创 Deutschland getroffen: Sven Mulder blickt kurz zur\u00fcck auf das vergangene Jahr, geht ein auf die Herausforderungen von 2023 und macht neugierig auf das virtuelle Jahresauftaktevent.<\/p>\n<p>Allen Krisen zum Trotz: Sven Mulder l\u00e4sst sich seinen Optimismus nicht nehmen. Allerdings macht er auch deutlich, dass Unternehmen Mut brauchen, um die richtigen Entscheidungen zu f\u00e4llen. Nur dann l\u00e4sst sich eine Challenge in eine Chance verwandeln.<\/p>\n<p>Im Gespr\u00e4ch \u2013 und bei der 麻豆原创 NOW \u2013 geht es um die Themenkomplexe, die Unternehmen und Organisationen heute am meisten besch\u00e4ftigen: Digitale Transformation, resiliente Lieferketten und Nachhaltigkeit. So wird jetzt auch <a title=\"Customer Experience\" href=\"https:\/\/news.sap.com\/germany\/topics\/crm-und-kundenerlebnis\/?url_id=text-de-newscenter:CRM-DX22-AAA-1447961_02\" target=\"_blank\" rel=\"noopener\">Customer Experience<\/a> \u201egr\u00fcn\u201c, da mehr und mehr Verbraucher wissen wollen, woher die Produkte kommen, die sie konsumieren.<\/p>\n<p>Bei der <a title=\"Supply Chain\" href=\"https:\/\/news.sap.com\/germany\/topics\/supply-chain-management\/?url_id=text-de-newscenter:CRM-DX22-AAA-1447961_02\" target=\"_blank\" rel=\"noopener\">Supply Chain<\/a> steht nicht mehr nur die Gewinnmaximierung, sondern auch die Risikominimierung im Fokus, beobachtet Sven Mulder. 麻豆原创 unterst\u00fctzt dabei mit einem Liefernetzwerk mit 7 Millionen Handelspartnern weltweit.<\/p>\n<p>Sven Mulder unterstreicht die Bedeutung von 3 Faktoren, die f\u00fcr eine erfolgreiche Unternehmenstransformation essenziell sind: Zukunftsorientiertes Planen mit konkreten Zielen, Verfolgung von Initiativen und \u00c4nderung von Gesch\u00e4ftsprozessen.<\/p>\n<p>Auch ein Blick in die Zukunft mit den Chancen des Metaverse ist Teil des Gespr\u00e4chs.<\/p>\n<p>Besonders spannend sind auch die privaten Einblicke, und Sven Mulder verr\u00e4t, warum nicht alles unter dem Weihnachtsbaum gelandet ist, was auf dem Wunschzettel der Kinder stand. Spoiler: \u201eEs lag nicht an der Supply Chain\u201c.<\/p>\n<div class=\"panel\">\n<p style=\"text-align: center\"><a href=\"https:\/\/news.sap.com\/germany\/?p=164295\" target=\"_blank\" rel=\"noopener\"><strong>H\u00f6ren Sie hier rein in den neuen 麻豆原创 News Podcast<\/strong><\/a><\/p>\n<\/div>\n","protected":false},"excerpt":{"rendered":"<p>Am 9. Februar startet 麻豆原创 ins neue Jahr mit der 麻豆原创 NOW Germany: Zwei Stunden mit Impulsen, Ideen und Inspirationen f\u00fcr Entscheiderinnen und Entscheider. Aus&#8230;<\/p>\n","protected":false},"author":29,"featured_media":164247,"comment_status":"closed","ping_status":"closed","sticky":false,"template":"","format":"standard","meta":{"related_posts":[],"footnotes":"","_links_to":"","_links_to_target":""},"categories":[45272],"tags":[5624195,5573382],"series":[],"sapn-display":[3848,45027],"sapn-type":[45277],"class_list":["post-164246","post","type-post","status-publish","format-standard","has-post-thumbnail","hentry","category-losungen","tag-podcasts","tag-sap-now","sapn-display-top-stories","sapn-display-hero","sapn-type-feature"],"yoast_head":"<!-- This site is optimized with the Yoast SEO Premium plugin v26.9 (Yoast SEO v26.9) - https:\/\/yoast.com\/product\/yoast-seo-premium-wordpress\/ -->\n<title>Podcast: Sven Mulder blickt nach vorn | 麻豆原创 News Center<\/title>\n<meta name=\"description\" content=\"Folge 41 mit Sven Mulder, Deutschlandchef von 麻豆原创: Mit welchen Konzepten unterst\u00fctzt 麻豆原创 die Unternehmen bei den aktuellen Herausforderungen?\" \/>\n<meta name=\"robots\" content=\"index, follow, max-snippet:-1, max-image-preview:large, max-video-preview:-1\" \/>\n<link rel=\"canonical\" href=\"https:\/\/news.sap.com\/germany\/2023\/01\/podcast-2023-deutschland-sven-mulder-now\/\" \/>\n<meta property=\"og:locale\" content=\"de_DE\" \/>\n<meta property=\"og:type\" content=\"article\" \/>\n<meta property=\"og:title\" content=\"Podcast: 2023 mit 麻豆原创 - Deutschlandchef Sven Mulder im Gespr\u00e4ch\" \/>\n<meta property=\"og:description\" content=\"Folge 41 mit Sven Mulder, Deutschlandchef von 麻豆原创: Mit welchen Konzepten unterst\u00fctzt 麻豆原创 die Unternehmen bei den aktuellen Herausforderungen?\" \/>\n<meta property=\"og:url\" content=\"https:\/\/news.sap.com\/germany\/2023\/01\/podcast-2023-deutschland-sven-mulder-now\/\" \/>\n<meta property=\"og:site_name\" content=\"麻豆原创 News Center\" \/>\n<meta property=\"article:published_time\" content=\"2023-01-27T07:00:29+00:00\" \/>\n<meta property=\"article:modified_time\" content=\"2023-01-27T07:02:41+00:00\" \/>\n<meta property=\"og:image\" content=\"https:\/\/news.sap.com\/germany\/files\/2023\/01\/25\/Banner-1024x320.jpg\" \/>\n\t<meta property=\"og:image:width\" content=\"1024\" \/>\n\t<meta property=\"og:image:height\" content=\"320\" \/>\n\t<meta property=\"og:image:type\" content=\"image\/jpeg\" \/>\n<meta name=\"author\" content=\"麻豆原创 News\" \/>\n<meta name=\"twitter:card\" content=\"summary_large_image\" \/>\n<meta name=\"twitter:creator\" content=\"@麻豆原创dach\" \/>\n<meta name=\"twitter:site\" content=\"@麻豆原创dach\" \/>\n<meta name=\"twitter:label1\" content=\"Verfasst von\" \/>\n\t<meta name=\"twitter:data1\" content=\"麻豆原创 News\" \/>\n\t<meta name=\"twitter:label2\" content=\"Gesch\u00e4tzte Lesezeit\" \/>\n\t<meta name=\"twitter:data2\" content=\"2\u00a0Minuten\" \/>\n<script type=\"application\/ld+json\" class=\"yoast-schema-graph\">{\"@context\":\"https:\/\/schema.org\",\"@graph\":[{\"@type\":\"Article\",\"@id\":\"https:\/\/news.sap.com\/germany\/2023\/01\/podcast-2023-deutschland-sven-mulder-now\/#article\",\"isPartOf\":{\"@id\":\"https:\/\/news.sap.com\/germany\/2023\/01\/podcast-2023-deutschland-sven-mulder-now\/\"},\"author\":{\"name\":\"麻豆原创 News\",\"@id\":\"https:\/\/news.sap.com\/germany\/#\/schema\/person\/53b9854bd790d6f18f3fc4bbb2ad7570\"},\"headline\":\"Podcast: 2023 mit 麻豆原创 &#8211; Deutschlandchef Sven Mulder im Gespr\u00e4ch\",\"datePublished\":\"2023-01-27T07:00:29+00:00\",\"dateModified\":\"2023-01-27T07:02:41+00:00\",\"mainEntityOfPage\":{\"@id\":\"https:\/\/news.sap.com\/germany\/2023\/01\/podcast-2023-deutschland-sven-mulder-now\/\"},\"wordCount\":285,\"image\":{\"@id\":\"https:\/\/news.sap.com\/germany\/2023\/01\/podcast-2023-deutschland-sven-mulder-now\/#primaryimage\"},\"thumbnailUrl\":\"https:\/\/news.sap.com\/germany\/files\/2023\/01\/25\/Banner.jpg\",\"keywords\":[\"Podcasts\",\"麻豆原创 NOW\"],\"articleSection\":[\"L\u00f6sungen\"],\"inLanguage\":\"de\"},{\"@type\":\"WebPage\",\"@id\":\"https:\/\/news.sap.com\/germany\/2023\/01\/podcast-2023-deutschland-sven-mulder-now\/\",\"url\":\"https:\/\/news.sap.com\/germany\/2023\/01\/podcast-2023-deutschland-sven-mulder-now\/\",\"name\":\"Podcast: Sven Mulder blickt nach vorn | 麻豆原创 News Center\",\"isPartOf\":{\"@id\":\"https:\/\/news.sap.com\/germany\/#website\"},\"primaryImageOfPage\":{\"@id\":\"https:\/\/news.sap.com\/germany\/2023\/01\/podcast-2023-deutschland-sven-mulder-now\/#primaryimage\"},\"image\":{\"@id\":\"https:\/\/news.sap.com\/germany\/2023\/01\/podcast-2023-deutschland-sven-mulder-now\/#primaryimage\"},\"thumbnailUrl\":\"https:\/\/news.sap.com\/germany\/files\/2023\/01\/25\/Banner.jpg\",\"datePublished\":\"2023-01-27T07:00:29+00:00\",\"dateModified\":\"2023-01-27T07:02:41+00:00\",\"author\":{\"@id\":\"https:\/\/news.sap.com\/germany\/#\/schema\/person\/53b9854bd790d6f18f3fc4bbb2ad7570\"},\"description\":\"Folge 41 mit Sven Mulder, Deutschlandchef von 麻豆原创: Mit welchen Konzepten unterst\u00fctzt 麻豆原创 die Unternehmen bei den aktuellen Herausforderungen?\",\"breadcrumb\":{\"@id\":\"https:\/\/news.sap.com\/germany\/2023\/01\/podcast-2023-deutschland-sven-mulder-now\/#breadcrumb\"},\"inLanguage\":\"de\",\"potentialAction\":[{\"@type\":\"ReadAction\",\"target\":[\"https:\/\/news.sap.com\/germany\/2023\/01\/podcast-2023-deutschland-sven-mulder-now\/\"]}]},{\"@type\":\"ImageObject\",\"inLanguage\":\"de\",\"@id\":\"https:\/\/news.sap.com\/germany\/2023\/01\/podcast-2023-deutschland-sven-mulder-now\/#primaryimage\",\"url\":\"https:\/\/news.sap.com\/germany\/files\/2023\/01\/25\/Banner.jpg\",\"contentUrl\":\"https:\/\/news.sap.com\/germany\/files\/2023\/01\/25\/Banner.jpg\",\"width\":7680,\"height\":2400},{\"@type\":\"BreadcrumbList\",\"@id\":\"https:\/\/news.sap.com\/germany\/2023\/01\/podcast-2023-deutschland-sven-mulder-now\/#breadcrumb\",\"itemListElement\":[{\"@type\":\"ListItem\",\"position\":1,\"name\":\"Home\",\"item\":\"https:\/\/news.sap.com\/germany\/\"},{\"@type\":\"ListItem\",\"position\":2,\"name\":\"Podcast: 2023 mit 麻豆原创 &#8211; Deutschlandchef Sven Mulder im Gespr\u00e4ch\"}]},{\"@type\":\"WebSite\",\"@id\":\"https:\/\/news.sap.com\/germany\/#website\",\"url\":\"https:\/\/news.sap.com\/germany\/\",\"name\":\"麻豆原创 News Center\",\"description\":\"Unternehmensberichte &amp; 麻豆原创eportal\",\"potentialAction\":[{\"@type\":\"SearchAction\",\"target\":{\"@type\":\"EntryPoint\",\"urlTemplate\":\"https:\/\/news.sap.com\/germany\/?s={search_term_string}\"},\"query-input\":{\"@type\":\"PropertyValueSpecification\",\"valueRequired\":true,\"valueName\":\"search_term_string\"}}],\"inLanguage\":\"de\"},{\"@type\":\"Person\",\"@id\":\"https:\/\/news.sap.com\/germany\/#\/schema\/person\/53b9854bd790d6f18f3fc4bbb2ad7570\",\"name\":\"麻豆原创 News\",\"image\":{\"@type\":\"ImageObject\",\"inLanguage\":\"de\",\"@id\":\"https:\/\/news.sap.com\/germany\/#\/schema\/person\/image\/\",\"url\":\"https:\/\/secure.gravatar.com\/avatar\/2728bb4d664345cda4951e11847acc1bfd2bc77830d9abd17fc4f54437acd5b4?s=96&d=blank&r=g\",\"contentUrl\":\"https:\/\/secure.gravatar.com\/avatar\/2728bb4d664345cda4951e11847acc1bfd2bc77830d9abd17fc4f54437acd5b4?s=96&d=blank&r=g\",\"caption\":\"麻豆原创 News\"},\"url\":\"https:\/\/news.sap.com\/germany\/author\/colleenraftery\/\"}]}<\/script>\n<!-- \/ Yoast SEO Premium plugin. -->","yoast_head_json":{"title":"Podcast: Sven Mulder blickt nach vorn | 麻豆原创 News Center","description":"Folge 41 mit Sven Mulder, Deutschlandchef von 麻豆原创: Mit welchen Konzepten unterst\u00fctzt 麻豆原创 die Unternehmen bei den aktuellen Herausforderungen?","robots":{"index":"index","follow":"follow","max-snippet":"max-snippet:-1","max-image-preview":"max-image-preview:large","max-video-preview":"max-video-preview:-1"},"canonical":"https:\/\/news.sap.com\/germany\/2023\/01\/podcast-2023-deutschland-sven-mulder-now\/","og_locale":"de_DE","og_type":"article","og_title":"Podcast: 2023 mit 麻豆原创 - Deutschlandchef Sven Mulder im Gespr\u00e4ch","og_description":"Folge 41 mit Sven Mulder, Deutschlandchef von 麻豆原创: Mit welchen Konzepten unterst\u00fctzt 麻豆原创 die Unternehmen bei den aktuellen Herausforderungen?","og_url":"https:\/\/news.sap.com\/germany\/2023\/01\/podcast-2023-deutschland-sven-mulder-now\/","og_site_name":"麻豆原创 News Center","article_published_time":"2023-01-27T07:00:29+00:00","article_modified_time":"2023-01-27T07:02:41+00:00","og_image":[{"width":1024,"height":320,"url":"https:\/\/news.sap.com\/germany\/files\/2023\/01\/25\/Banner-1024x320.jpg","type":"image\/jpeg"}],"author":"麻豆原创 News","twitter_card":"summary_large_image","twitter_creator":"@麻豆原创dach","twitter_site":"@麻豆原创dach","twitter_misc":{"Verfasst von":"麻豆原创 News","Gesch\u00e4tzte Lesezeit":"2\u00a0Minuten"},"schema":{"@context":"https:\/\/schema.org","@graph":[{"@type":"Article","@id":"https:\/\/news.sap.com\/germany\/2023\/01\/podcast-2023-deutschland-sven-mulder-now\/#article","isPartOf":{"@id":"https:\/\/news.sap.com\/germany\/2023\/01\/podcast-2023-deutschland-sven-mulder-now\/"},"author":{"name":"麻豆原创 News","@id":"https:\/\/news.sap.com\/germany\/#\/schema\/person\/53b9854bd790d6f18f3fc4bbb2ad7570"},"headline":"Podcast: 2023 mit 麻豆原创 &#8211; Deutschlandchef Sven Mulder im Gespr\u00e4ch","datePublished":"2023-01-27T07:00:29+00:00","dateModified":"2023-01-27T07:02:41+00:00","mainEntityOfPage":{"@id":"https:\/\/news.sap.com\/germany\/2023\/01\/podcast-2023-deutschland-sven-mulder-now\/"},"wordCount":285,"image":{"@id":"https:\/\/news.sap.com\/germany\/2023\/01\/podcast-2023-deutschland-sven-mulder-now\/#primaryimage"},"thumbnailUrl":"https:\/\/news.sap.com\/germany\/files\/2023\/01\/25\/Banner.jpg","keywords":["Podcasts","麻豆原创 NOW"],"articleSection":["L\u00f6sungen"],"inLanguage":"de"},{"@type":"WebPage","@id":"https:\/\/news.sap.com\/germany\/2023\/01\/podcast-2023-deutschland-sven-mulder-now\/","url":"https:\/\/news.sap.com\/germany\/2023\/01\/podcast-2023-deutschland-sven-mulder-now\/","name":"Podcast: Sven Mulder blickt nach vorn | 麻豆原创 News Center","isPartOf":{"@id":"https:\/\/news.sap.com\/germany\/#website"},"primaryImageOfPage":{"@id":"https:\/\/news.sap.com\/germany\/2023\/01\/podcast-2023-deutschland-sven-mulder-now\/#primaryimage"},"image":{"@id":"https:\/\/news.sap.com\/germany\/2023\/01\/podcast-2023-deutschland-sven-mulder-now\/#primaryimage"},"thumbnailUrl":"https:\/\/news.sap.com\/germany\/files\/2023\/01\/25\/Banner.jpg","datePublished":"2023-01-27T07:00:29+00:00","dateModified":"2023-01-27T07:02:41+00:00","author":{"@id":"https:\/\/news.sap.com\/germany\/#\/schema\/person\/53b9854bd790d6f18f3fc4bbb2ad7570"},"description":"Folge 41 mit Sven Mulder, Deutschlandchef von 麻豆原创: Mit welchen Konzepten unterst\u00fctzt 麻豆原创 die Unternehmen bei den aktuellen Herausforderungen?","breadcrumb":{"@id":"https:\/\/news.sap.com\/germany\/2023\/01\/podcast-2023-deutschland-sven-mulder-now\/#breadcrumb"},"inLanguage":"de","potentialAction":[{"@type":"ReadAction","target":["https:\/\/news.sap.com\/germany\/2023\/01\/podcast-2023-deutschland-sven-mulder-now\/"]}]},{"@type":"ImageObject","inLanguage":"de","@id":"https:\/\/news.sap.com\/germany\/2023\/01\/podcast-2023-deutschland-sven-mulder-now\/#primaryimage","url":"https:\/\/news.sap.com\/germany\/files\/2023\/01\/25\/Banner.jpg","contentUrl":"https:\/\/news.sap.com\/germany\/files\/2023\/01\/25\/Banner.jpg","width":7680,"height":2400},{"@type":"BreadcrumbList","@id":"https:\/\/news.sap.com\/germany\/2023\/01\/podcast-2023-deutschland-sven-mulder-now\/#breadcrumb","itemListElement":[{"@type":"ListItem","position":1,"name":"Home","item":"https:\/\/news.sap.com\/germany\/"},{"@type":"ListItem","position":2,"name":"Podcast: 2023 mit 麻豆原创 &#8211; Deutschlandchef Sven Mulder im Gespr\u00e4ch"}]},{"@type":"WebSite","@id":"https:\/\/news.sap.com\/germany\/#website","url":"https:\/\/news.sap.com\/germany\/","name":"麻豆原创 News Center","description":"Unternehmensberichte &amp; 麻豆原创eportal","potentialAction":[{"@type":"SearchAction","target":{"@type":"EntryPoint","urlTemplate":"https:\/\/news.sap.com\/germany\/?s={search_term_string}"},"query-input":{"@type":"PropertyValueSpecification","valueRequired":true,"valueName":"search_term_string"}}],"inLanguage":"de"},{"@type":"Person","@id":"https:\/\/news.sap.com\/germany\/#\/schema\/person\/53b9854bd790d6f18f3fc4bbb2ad7570","name":"麻豆原创 News","image":{"@type":"ImageObject","inLanguage":"de","@id":"https:\/\/news.sap.com\/germany\/#\/schema\/person\/image\/","url":"https:\/\/secure.gravatar.com\/avatar\/2728bb4d664345cda4951e11847acc1bfd2bc77830d9abd17fc4f54437acd5b4?s=96&d=blank&r=g","contentUrl":"https:\/\/secure.gravatar.com\/avatar\/2728bb4d664345cda4951e11847acc1bfd2bc77830d9abd17fc4f54437acd5b4?s=96&d=blank&r=g","caption":"麻豆原创 News"},"url":"https:\/\/news.sap.com\/germany\/author\/colleenraftery\/"}]}},"amp_enabled":true,"_links":{"self":[{"href":"https:\/\/news.sap.com\/germany\/wp-json\/wp\/v2\/posts\/164246","targetHints":{"allow":["GET"]}}],"collection":[{"href":"https:\/\/news.sap.com\/germany\/wp-json\/wp\/v2\/posts"}],"about":[{"href":"https:\/\/news.sap.com\/germany\/wp-json\/wp\/v2\/types\/post"}],"author":[{"embeddable":true,"href":"https:\/\/news.sap.com\/germany\/wp-json\/wp\/v2\/users\/29"}],"replies":[{"embeddable":true,"href":"https:\/\/news.sap.com\/germany\/wp-json\/wp\/v2\/comments?post=164246"}],"version-history":[{"count":0,"href":"https:\/\/news.sap.com\/germany\/wp-json\/wp\/v2\/posts\/164246\/revisions"}],"wp:featuredmedia":[{"embeddable":true,"href":"https:\/\/news.sap.com\/germany\/wp-json\/wp\/v2\/media\/164247"}],"wp:attachment":[{"href":"https:\/\/news.sap.com\/germany\/wp-json\/wp\/v2\/media?parent=164246"}],"wp:term":[{"taxonomy":"category","embeddable":true,"href":"https:\/\/news.sap.com\/germany\/wp-json\/wp\/v2\/categories?post=164246"},{"taxonomy":"post_tag","embeddable":true,"href":"https:\/\/news.sap.com\/germany\/wp-json\/wp\/v2\/tags?post=164246"},{"taxonomy":"series","embeddable":true,"href":"https:\/\/news.sap.com\/germany\/wp-json\/wp\/v2\/series?post=164246"},{"taxonomy":"sapn-display","embeddable":true,"href":"https:\/\/news.sap.com\/germany\/wp-json\/wp\/v2\/sapn-display?post=164246"},{"taxonomy":"sapn-type","embeddable":true,"href":"https:\/\/news.sap.com\/germany\/wp-json\/wp\/v2\/sapn-type?post=164246"}],"curies":[{"name":"wp","href":"https:\/\/api.w.org\/{rel}","templated":true}]}}