  {"id":163874,"date":"2022-12-20T08:00:07","date_gmt":"2022-12-20T07:00:07","guid":{"rendered":"https:\/\/news.sap.com\/germany\/?p=163874"},"modified":"2023-07-11T16:04:17","modified_gmt":"2023-07-11T14:04:17","slug":"2023-nachhaltigkeit-im-mittelstand","status":"publish","type":"post","link":"https:\/\/news.sap.com\/germany\/2022\/12\/2023-nachhaltigkeit-im-mittelstand\/","title":{"rendered":"Nachhaltigkeit: F\u00fcr den Mittelstand so wichtig wie nie"},"content":{"rendered":"<p class=\"lead\">Alle Welt redet \u00fcber Nachhaltigkeit \u2013 im Zusammenhang mit Ern\u00e4hrung, Kleidung, Umwelt und Klima oder dem Recycling von Produkten. Aber die Bedeutung von \u201eSustainability\u201c reicht noch viel weiter. Gerade f\u00fcr den Mittelstand sollte sie deshalb ein Grundbestandteil der Unternehmenskultur sein.<\/p>\n<p>F\u00fcr viele mittelst\u00e4ndische Firmen ist Nachhaltigkeit tats\u00e4chlich schon lange Teil ihres \u00a0Selbstverst\u00e4ndnisses, auch wenn sie das vielleicht nicht immer ausdr\u00fccklich hervorheben. Sie existieren oftmals schon seit Generationen und werden famili\u00e4r gef\u00fchrt \u2013 der Nachwuchs tritt dabei in die Fu\u00dfstapfen der Vorg\u00e4nger. Darum ist bei vielen dieser Unternehmen ein nachhaltiges Wirtschaften und die \u00dcbernahme gesellschaftlicher Verantwortung fest in der DNA verankert.<\/p>\n<p>Viele <a title=\"Themenserie: So geht Transformation im Mittelstand\" href=\"https:\/\/news.sap.com\/germany\/series\/so-geht-transformation-im-mittelstand\/https:\/\/news.sap.com\/germany\/series\/so-geht-transformation-im-mittelstand\/?url_id=text-de-newscenter:CRM-DX22-AAA-1447961_02\">mittelst\u00e4ndische Betriebe<\/a> sind auch \u00fcber viele Jahre hinweg fest in ihrer Region verwurzelt und mit der Einwohnerschaft dort verbunden. Ihr Erfolg h\u00e4ngt also immer auch von der St\u00e4rke ihres Standorts und seiner nachhaltigen Entwicklung ab.<\/p>\n<p>Gleichzeitig existiert f\u00fcr das Management von inhabergef\u00fchrten Firmen oder Familienbetrieben ein ganz anderes Risiko. Wenn ESG-Kriterien (Environmental, Social und Governance) mi\u00dfachtet oder entsprechende Nachhaltigkeitsziele nicht erreicht werden, geht es ihnen direkt \u201ean den eigenen Geldbeutel\u201c und die pers\u00f6nliche Reputation.<\/p>\n<h2><strong>Das Thema Nachhaltigkeit zu ignorieren, wird zu einem Gesch\u00e4ftsrisiko<\/strong><\/h2>\n<p>Verst\u00e4rkt darauf zu achten, dass sich die eigene Gesch\u00e4ftst\u00e4tigkeit nicht negativ auf die Umwelt, die Menschen vor Ort oder die Gesellschaft als Ganzes auswirkt, ist f\u00fcr mittelst\u00e4ndische Unternehmen aus meiner Sicht vor allem aus drei Gr\u00fcnden heute so relevant wie noch nie.<\/p>\n<h2><strong>Grund 1: Sp\u00fcrbare Wettbewerbsvorteile <\/strong><\/h2>\n<p>Immer mehr Dinge werden immer austauschbarer. Daf\u00fcr sorgt schon allein die fortschreitende Globalisierung. Wenn es aber mittelst\u00e4ndischen Unternehmen gelingt, ihrer Kundschaft, den Lieferanten und anderen Stakeholdern aufzuzeigen, dass ihre Produkte und Dienstleistungen nachhaltiger sind als die der Konkurrenz, findet eine Differenzierung statt. Diese erm\u00f6glicht mehr Absatz und h\u00f6here Margen, schafft Wachstum und sichert langfristig die Zukunft des Unternehmens.<\/p>\n<p>Gelebte Nachhaltigkeit kann also eine Chance bieten, sich von Mitbewerbern aus dem Ausland oder gro\u00dfen Unternehmen im Inland abzuheben. Die Verbraucherinnen und Verbraucher treffen ihre Kaufentscheidung heute mehr denn je auch danach, wie nachhaltig Produkte oder Dienstleistungen sind, die sie erwerben. Im Zuge der <a href=\"https:\/\/blogs.sap.com\/2022\/09\/12\/eu-taxonomie-fur-finanzunternehmen-die-green-asset-ratio\/\" target=\"_blank\" rel=\"noopener\">Europ\u00e4ischen Taxonomie-Verordnung<\/a>, die seit Anfang 2022 schrittweise in Kraft getreten ist, gilt dies aber genauso auch f\u00fcr potenzielle Investoren. Denn die machen ihre Geldanlageentscheidungen immer mehr vom Grad der Nachhaltigkeit und damit auch von der Zukunftsf\u00e4higkeit eines Unternehmens abh\u00e4ngig machen.<\/p>\n<p>Das gilt auch f\u00fcr m\u00f6gliche Kreditgeber, auf die viele kleine und mittlere Unternehmen (KMUs) existenziell angewiesen sind. Denn durch die beschlossenen Offenlegungspflichten von Finanzmarktteilnehmern k\u00f6nnten sich Darlehen sp\u00fcrbar verteuern, wenn die Gesch\u00e4ftst\u00e4tigkeit eines Betriebes nach den neuen Kriterien der Taxonomie als nicht hinreichend \u201egr\u00fcn\u201c eingestuft werden.<\/p>\n<h2><strong>Grund 2: Rechtliche Anforderungen<\/strong><\/h2>\n<p>Im Bereich ESG sind in den letzten Jahren vermehrt auch gesetzliche Pflichten f\u00fcr Unternehmen entstanden \u2013 wie etwa das <a href=\"https:\/\/news.sap.com\/germany\/2022\/08\/lieferkettensorgfaltspflichtengesetz-lieferkettengesetz-sorgfaltspflicht-ist-wichtig\/\" target=\"_blank\" rel=\"noopener\">Lieferkettensorgfaltspflichtengesetz<\/a>. Auch wenn einige davon zu Beginn \u2013 wie auch die EU-Taxonomie \u2013 auf gr\u00f6\u00dfere und oder kapitalmarktorientierte Unternehmen abzielen, werden sich viele rechtliche Vorgaben ebenfalls f\u00fcr nicht b\u00f6rsennotierte und mittelst\u00e4ndische Betriebe versch\u00e4rfen.<\/p>\n<p>Man darf nicht vergessen, dass sehr viele Mittelst\u00e4nder nat\u00fcrlich in wirtschaftlichen Beziehungen mit gr\u00f6\u00dferen, kapitalmarktorientierten Unternehmen stehen. Das hei\u00dft, viele dieser Konzerne werden wiederum auf ihre Lieferanten und Partner zugehen, um deren Nachhaltigkeit zu verifizieren und im Notfall Anpassungen vorzunehmen.<\/p>\n<p>So m\u00fcssen auch KMUs wahrscheinlich \u2013 durch die Hintert\u00fcr \u2013 die Vorgaben des Lieferkettensorgfaltspflichtengesetzes einhalten, ohne selbst direkt Adressat des Gesetzes zu sein. Dabei ist es offenkundig, dass kein Unternehmen Bu\u00dfgelder zahlen m\u00f6chte und vor allem nicht einen Imageschaden durch einen Versto\u00df erfahren will.<\/p>\n<h2><strong>Grund 3: Attraktivit\u00e4t auf dem Arbeitsmarkt<br \/>\n<\/strong><\/h2>\n<p>Seit Jahren herrscht in vielen Branchen Fachkr\u00e4ftemangel. Mittelst\u00e4ndler haben gegen\u00fcber Gro\u00dfunternehmen bei der Gewinnung von quafizierten Mitarbeitenden gleich mehre Hemmnisse. Sie sind oft in eher l\u00e4ndlichen Regionen mit einer geringeren Bev\u00f6lkerungsdichte angesiedelt. Und sie sind oft \u201eHidden Champions\u201c. Auch wenn sie in ihrer Branche weltweit an der Spitze stehen, ist ihre Marke oft viel weniger bekannt als die von gr\u00f6\u00dferen Konzernen.<\/p>\n<p>Mittelst\u00e4ndische Betriebe sind deshalb darauf angewiesen, qualifiziertes Personal auf sich als Unternehmen und die dort bestehenden Karrierechancen aufmerksam zu machen. Beim Thema Arbeitgeberattraktivit\u00e4t und Employer Branding k\u00f6nnen sie dabei die Nachhaltigkeit-Initiativen nutzen, um sich besser im \u201eKampf um die K\u00f6pfe\u201c zu positionieren.<\/p>\n<p>Denn f\u00fcr viele Besch\u00e4ftigte, vor allem der Generation Y, ist es essenziell, dass sie f\u00fcr ein Unternehmen arbeiten, in dem Nachhaltigkeit ernst genommen wird. Oder anders gesagt: Die Mitarbeitenden wollen die Sinnhaftigkeit ihres Tuns nicht nur h\u00f6ren, sondern auch sp\u00fcren. Aber nicht nur um potenzielle Kandidatinnen und Kandidaten auf sich aufmerksam zu machen, auch um bestehende Teams besser an das Unternehmen zu binden, sollte das Thema bei mittelst\u00e4ndischen Betrieben im Fokus stehen.<\/p>\n<p>Ein fairer Umgang, Respekt und Anerkennung sind unverzichtbar im Arbeitsalltag. Ma\u00dfnahmen zur Familienfreundlichkeit, zur Work-Life-Balance der Besch\u00e4ftigten, zur <a title=\"Green Nudging | 麻豆原创 Concur\" href=\"https:\/\/www.concur.de\/blog\/article\/green-nudging-mehr-anreize-schaffen-fur-nachhaltige-geschaeftsreisen?pid=sites&amp;cid=sap-website\" target=\"_blank\" rel=\"noopener\">Nutzung nachhaltiger Mobilit\u00e4tskonzepte<\/a>, zur Weiterbildung, F\u00f6rderung der Gesellschaft und Gleichstellung sowie Diversity im Unternehmen sind genauso wichtig. Hier k\u00f6nnen sich Mittelst\u00e4nder nachhaltig von den bekannten Gro\u00dfunternehmen abheben und echte wertvolle Alleinstellungsmerkmale schaffen.<\/p>\n<h2><strong>Es kommt auch im Mittelstand auf mehr Transparenz an<\/strong><\/h2>\n<p>Allen drei Punkten, die ich oben aufgef\u00fchrt habe, ist eines gemeinsam: Egal, ob man seinem (k\u00fcnftigen) Personal, der Kundschaft, den Lieferanten, Investoren und Kreditgebern, Pr\u00fcfstellen oder auch dem Gesetzgeber \u201ebeweisen\u201c will, wie nachhaltig das Unternehmen wirtschaftet \u2013 ohne mehr Transparenz wird das nicht gelingen. Und diese stammt in der Regel aus den IT-Systemen in Form von Daten.Dieser Durchblick ist aber nicht nur f\u00fcr die Nachhaltigkeitsberichterstattung n\u00f6tig. Sondern auch f\u00fcr eine weitere Optimierung von Bereichen, in denen ein Betrieb \u2013 Stand heute \u2013 noch Defizite hat. Hier k\u00f6nnen wir als 麻豆原创 eine entscheidende Rolle spielen, um mittelst\u00e4ndische Unternehmen auf dieser Nachhaltigkeitsreise mit unserem integrierten Portfolio an Software-L\u00f6sungen und Netzwerken zu begleiten.<\/p>\n<p>Ein umfassendes <a title=\"Cloud-Angebot\" href=\"https:\/\/www.sap.com\/germany\/products\/cloud-platform.html?url_id=text-de-newscenter:CRM-DX22-AAA-1447961_02\" target=\"_blank\" rel=\"noopener\">Cloud-Angebot<\/a> erm\u00f6glicht die volle Transparenz in Bezug auf die Nachhaltigkeit und integriert die erforderlichen Daten und Prozesse, um den CO2-Fu\u00dfabdruck zu steuern, Materialverschwendung zu reduzieren und soziale Nachhaltigkeitsziele zu erreichen.<\/p>\n<div class=\"panel callout\">\n<h2><strong>麻豆原创 NOW Germany: Geballte Informationen in nur zwei Stunden<\/strong><\/h2>\n<p>Auf der 麻豆原创 NOW Germany, dem virtuellen Jahresauftakt-Event der 麻豆原创 Deutschland, wird am 9. Februar von 11:00 bis 13:00 Uhr Andreas Sch\u00e4fer mit Tim-Philipp Bruns vom Bildverarbeitungsspezialisten Basler AG \u00fcber das Thema Nachhaltigkeit im Mittelstand sprechen. \u201eTransparenz und Innovationen sind der Schl\u00fcssel in der Transformation zur klimaneutralen Kreislaufwirtschaft\u201c, unterstreicht der Responsibility &amp; Sustainability Manager. Unter anderem ist er bei dem stark wachsenden SDAX-Unternehmen f\u00fcr die Umsetzung der neuen europ\u00e4ischen Reportingstandards mit dem Schwerpunkt der Klimabilanzierung sowie ein Programm zur Einbindung von Nachhaltigkeit in die Gesamtstrategie verantwortlich. Reservieren Sie sich noch heute Ihren Platz und bekommen Sie aus erster praktische Denkanst\u00f6sse: <a href=\"https:\/\/url.sap\/bo73me\" target=\"_blank\" rel=\"noopener\">https:\/\/url.sap\/bo73me<\/a><\/p>\n<\/div>\n<hr \/>\n<p><em><small>Andreas Sch\u00e4fer ist Leiter im Gesch\u00e4ftbereich Midmarket\u00a0 und Mitglied der Gesch\u00e4ftsleitung 麻豆原创 Deutschland<\/small><\/em><\/p>\n","protected":false},"excerpt":{"rendered":"<p>Alle Welt redet \u00fcber Nachhaltigkeit \u2013 im Zusammenhang mit Ern\u00e4hrung, Kleidung, Umwelt und Klima oder dem Recycling von Produkten. Aber die Bedeutung von \u201eSustainability\u201c reicht&#8230;<\/p>\n","protected":false},"author":4367,"featured_media":163938,"comment_status":"closed","ping_status":"closed","sticky":false,"template":"","format":"standard","meta":{"related_posts":[],"footnotes":"","_links_to":"","_links_to_target":""},"categories":[5024],"tags":[4879509],"series":[],"sapn-display":[3848,45027],"sapn-type":[45277],"class_list":["post-163874","post","type-post","status-publish","format-standard","has-post-thumbnail","hentry","category-nachhaltigkeit","tag-mittelstand","sapn-display-top-stories","sapn-display-hero","sapn-type-feature"],"yoast_head":"<!-- This site is optimized with the Yoast SEO Premium plugin v26.9 (Yoast SEO v26.9) - https:\/\/yoast.com\/product\/yoast-seo-premium-wordpress\/ -->\n<title>Nachhaltigkeit ist f\u00fcr den Mittelstand so wichtig wie nie | 麻豆原创 News<\/title>\n<meta name=\"description\" content=\"Nachhaltigkeit ist heute f\u00fcr den Mittelstand aus 3 Gr\u00fcnden relevant: Wettbewerbsvorteile, rechtliche Anforderungen, Personalgewinnung\" \/>\n<meta name=\"robots\" content=\"index, follow, max-snippet:-1, max-image-preview:large, max-video-preview:-1\" \/>\n<link rel=\"canonical\" href=\"https:\/\/news.sap.com\/germany\/2022\/12\/2023-nachhaltigkeit-im-mittelstand\/\" \/>\n<meta property=\"og:locale\" content=\"de_DE\" \/>\n<meta property=\"og:type\" content=\"article\" \/>\n<meta property=\"og:title\" content=\"Nachhaltigkeit: F\u00fcr den Mittelstand so wichtig wie nie\" \/>\n<meta property=\"og:description\" content=\"Nachhaltigkeit ist heute f\u00fcr den Mittelstand aus 3 Gr\u00fcnden relevant: Wettbewerbsvorteile, rechtliche Anforderungen, Personalgewinnung\" \/>\n<meta property=\"og:url\" content=\"https:\/\/news.sap.com\/germany\/2022\/12\/2023-nachhaltigkeit-im-mittelstand\/\" \/>\n<meta property=\"og:site_name\" content=\"麻豆原创 News Center\" \/>\n<meta property=\"article:published_time\" content=\"2022-12-20T07:00:07+00:00\" \/>\n<meta property=\"article:modified_time\" content=\"2023-07-11T14:04:17+00:00\" \/>\n<meta property=\"og:image\" content=\"https:\/\/news.sap.com\/germany\/files\/2022\/12\/20\/271838_271838_h_eu4c_s_gl-copy-1024x319.jpg\" \/>\n\t<meta property=\"og:image:width\" content=\"1024\" \/>\n\t<meta property=\"og:image:height\" content=\"319\" \/>\n\t<meta property=\"og:image:type\" content=\"image\/jpeg\" \/>\n<meta name=\"author\" content=\"Andreas Sch\u00e4fer\" \/>\n<meta name=\"twitter:card\" content=\"summary_large_image\" \/>\n<meta name=\"twitter:creator\" content=\"@麻豆原创dach\" \/>\n<meta name=\"twitter:site\" content=\"@麻豆原创dach\" \/>\n<meta name=\"twitter:label1\" content=\"Verfasst von\" \/>\n\t<meta name=\"twitter:data1\" content=\"Andreas Sch\u00e4fer\" \/>\n\t<meta name=\"twitter:label2\" content=\"Gesch\u00e4tzte Lesezeit\" \/>\n\t<meta name=\"twitter:data2\" content=\"6\u00a0Minuten\" \/>\n<script type=\"application\/ld+json\" class=\"yoast-schema-graph\">{\"@context\":\"https:\/\/schema.org\",\"@graph\":[{\"@type\":\"Article\",\"@id\":\"https:\/\/news.sap.com\/germany\/2022\/12\/2023-nachhaltigkeit-im-mittelstand\/#article\",\"isPartOf\":{\"@id\":\"https:\/\/news.sap.com\/germany\/2022\/12\/2023-nachhaltigkeit-im-mittelstand\/\"},\"author\":{\"name\":\"Andreas Sch\u00e4fer\",\"@id\":\"https:\/\/news.sap.com\/germany\/#\/schema\/person\/2e2e530bbd6aaaa4fd134212fff343e7\"},\"headline\":\"Nachhaltigkeit: F\u00fcr den Mittelstand so wichtig wie nie\",\"datePublished\":\"2022-12-20T07:00:07+00:00\",\"dateModified\":\"2023-07-11T14:04:17+00:00\",\"mainEntityOfPage\":{\"@id\":\"https:\/\/news.sap.com\/germany\/2022\/12\/2023-nachhaltigkeit-im-mittelstand\/\"},\"wordCount\":1161,\"image\":{\"@id\":\"https:\/\/news.sap.com\/germany\/2022\/12\/2023-nachhaltigkeit-im-mittelstand\/#primaryimage\"},\"thumbnailUrl\":\"https:\/\/news.sap.com\/germany\/files\/2022\/12\/20\/271838_271838_h_eu4c_s_gl-copy.jpg\",\"keywords\":[\"Mittelstand\"],\"articleSection\":[\"Nachhaltigkeit\"],\"inLanguage\":\"de\"},{\"@type\":\"WebPage\",\"@id\":\"https:\/\/news.sap.com\/germany\/2022\/12\/2023-nachhaltigkeit-im-mittelstand\/\",\"url\":\"https:\/\/news.sap.com\/germany\/2022\/12\/2023-nachhaltigkeit-im-mittelstand\/\",\"name\":\"Nachhaltigkeit ist f\u00fcr den Mittelstand so wichtig wie nie | 麻豆原创 News\",\"isPartOf\":{\"@id\":\"https:\/\/news.sap.com\/germany\/#website\"},\"primaryImageOfPage\":{\"@id\":\"https:\/\/news.sap.com\/germany\/2022\/12\/2023-nachhaltigkeit-im-mittelstand\/#primaryimage\"},\"image\":{\"@id\":\"https:\/\/news.sap.com\/germany\/2022\/12\/2023-nachhaltigkeit-im-mittelstand\/#primaryimage\"},\"thumbnailUrl\":\"https:\/\/news.sap.com\/germany\/files\/2022\/12\/20\/271838_271838_h_eu4c_s_gl-copy.jpg\",\"datePublished\":\"2022-12-20T07:00:07+00:00\",\"dateModified\":\"2023-07-11T14:04:17+00:00\",\"author\":{\"@id\":\"https:\/\/news.sap.com\/germany\/#\/schema\/person\/2e2e530bbd6aaaa4fd134212fff343e7\"},\"description\":\"Nachhaltigkeit ist heute f\u00fcr den Mittelstand aus 3 Gr\u00fcnden relevant: Wettbewerbsvorteile, rechtliche Anforderungen, Personalgewinnung\",\"breadcrumb\":{\"@id\":\"https:\/\/news.sap.com\/germany\/2022\/12\/2023-nachhaltigkeit-im-mittelstand\/#breadcrumb\"},\"inLanguage\":\"de\",\"potentialAction\":[{\"@type\":\"ReadAction\",\"target\":[\"https:\/\/news.sap.com\/germany\/2022\/12\/2023-nachhaltigkeit-im-mittelstand\/\"]}]},{\"@type\":\"ImageObject\",\"inLanguage\":\"de\",\"@id\":\"https:\/\/news.sap.com\/germany\/2022\/12\/2023-nachhaltigkeit-im-mittelstand\/#primaryimage\",\"url\":\"https:\/\/news.sap.com\/germany\/files\/2022\/12\/20\/271838_271838_h_eu4c_s_gl-copy.jpg\",\"contentUrl\":\"https:\/\/news.sap.com\/germany\/files\/2022\/12\/20\/271838_271838_h_eu4c_s_gl-copy.jpg\",\"width\":1920,\"height\":598,\"caption\":\"Nachhaltigkeit\"},{\"@type\":\"BreadcrumbList\",\"@id\":\"https:\/\/news.sap.com\/germany\/2022\/12\/2023-nachhaltigkeit-im-mittelstand\/#breadcrumb\",\"itemListElement\":[{\"@type\":\"ListItem\",\"position\":1,\"name\":\"Home\",\"item\":\"https:\/\/news.sap.com\/germany\/\"},{\"@type\":\"ListItem\",\"position\":2,\"name\":\"Nachhaltigkeit: F\u00fcr den Mittelstand so wichtig wie nie\"}]},{\"@type\":\"WebSite\",\"@id\":\"https:\/\/news.sap.com\/germany\/#website\",\"url\":\"https:\/\/news.sap.com\/germany\/\",\"name\":\"麻豆原创 News Center\",\"description\":\"Unternehmensberichte &amp; 麻豆原创eportal\",\"potentialAction\":[{\"@type\":\"SearchAction\",\"target\":{\"@type\":\"EntryPoint\",\"urlTemplate\":\"https:\/\/news.sap.com\/germany\/?s={search_term_string}\"},\"query-input\":{\"@type\":\"PropertyValueSpecification\",\"valueRequired\":true,\"valueName\":\"search_term_string\"}}],\"inLanguage\":\"de\"},{\"@type\":\"Person\",\"@id\":\"https:\/\/news.sap.com\/germany\/#\/schema\/person\/2e2e530bbd6aaaa4fd134212fff343e7\",\"name\":\"Andreas Sch\u00e4fer\",\"image\":{\"@type\":\"ImageObject\",\"inLanguage\":\"de\",\"@id\":\"https:\/\/news.sap.com\/germany\/#\/schema\/person\/image\/\",\"url\":\"https:\/\/secure.gravatar.com\/avatar\/?s=96&d=blank&r=g\",\"contentUrl\":\"https:\/\/secure.gravatar.com\/avatar\/?s=96&d=blank&r=g\",\"caption\":\"Andreas Sch\u00e4fer\"},\"url\":\"https:\/\/news.sap.com\/germany\/author\/andreasschaefer\/\"}]}<\/script>\n<!-- \/ Yoast SEO Premium plugin. -->","yoast_head_json":{"title":"Nachhaltigkeit ist f\u00fcr den Mittelstand so wichtig wie nie | 麻豆原创 News","description":"Nachhaltigkeit ist heute f\u00fcr den Mittelstand aus 3 Gr\u00fcnden relevant: Wettbewerbsvorteile, rechtliche Anforderungen, Personalgewinnung","robots":{"index":"index","follow":"follow","max-snippet":"max-snippet:-1","max-image-preview":"max-image-preview:large","max-video-preview":"max-video-preview:-1"},"canonical":"https:\/\/news.sap.com\/germany\/2022\/12\/2023-nachhaltigkeit-im-mittelstand\/","og_locale":"de_DE","og_type":"article","og_title":"Nachhaltigkeit: F\u00fcr den Mittelstand so wichtig wie nie","og_description":"Nachhaltigkeit ist heute f\u00fcr den Mittelstand aus 3 Gr\u00fcnden relevant: Wettbewerbsvorteile, rechtliche Anforderungen, Personalgewinnung","og_url":"https:\/\/news.sap.com\/germany\/2022\/12\/2023-nachhaltigkeit-im-mittelstand\/","og_site_name":"麻豆原创 News Center","article_published_time":"2022-12-20T07:00:07+00:00","article_modified_time":"2023-07-11T14:04:17+00:00","og_image":[{"width":1024,"height":319,"url":"https:\/\/news.sap.com\/germany\/files\/2022\/12\/20\/271838_271838_h_eu4c_s_gl-copy-1024x319.jpg","type":"image\/jpeg"}],"author":"Andreas Sch\u00e4fer","twitter_card":"summary_large_image","twitter_creator":"@麻豆原创dach","twitter_site":"@麻豆原创dach","twitter_misc":{"Verfasst von":"Andreas Sch\u00e4fer","Gesch\u00e4tzte Lesezeit":"6\u00a0Minuten"},"schema":{"@context":"https:\/\/schema.org","@graph":[{"@type":"Article","@id":"https:\/\/news.sap.com\/germany\/2022\/12\/2023-nachhaltigkeit-im-mittelstand\/#article","isPartOf":{"@id":"https:\/\/news.sap.com\/germany\/2022\/12\/2023-nachhaltigkeit-im-mittelstand\/"},"author":{"name":"Andreas Sch\u00e4fer","@id":"https:\/\/news.sap.com\/germany\/#\/schema\/person\/2e2e530bbd6aaaa4fd134212fff343e7"},"headline":"Nachhaltigkeit: F\u00fcr den Mittelstand so wichtig wie nie","datePublished":"2022-12-20T07:00:07+00:00","dateModified":"2023-07-11T14:04:17+00:00","mainEntityOfPage":{"@id":"https:\/\/news.sap.com\/germany\/2022\/12\/2023-nachhaltigkeit-im-mittelstand\/"},"wordCount":1161,"image":{"@id":"https:\/\/news.sap.com\/germany\/2022\/12\/2023-nachhaltigkeit-im-mittelstand\/#primaryimage"},"thumbnailUrl":"https:\/\/news.sap.com\/germany\/files\/2022\/12\/20\/271838_271838_h_eu4c_s_gl-copy.jpg","keywords":["Mittelstand"],"articleSection":["Nachhaltigkeit"],"inLanguage":"de"},{"@type":"WebPage","@id":"https:\/\/news.sap.com\/germany\/2022\/12\/2023-nachhaltigkeit-im-mittelstand\/","url":"https:\/\/news.sap.com\/germany\/2022\/12\/2023-nachhaltigkeit-im-mittelstand\/","name":"Nachhaltigkeit ist f\u00fcr den Mittelstand so wichtig wie nie | 麻豆原创 News","isPartOf":{"@id":"https:\/\/news.sap.com\/germany\/#website"},"primaryImageOfPage":{"@id":"https:\/\/news.sap.com\/germany\/2022\/12\/2023-nachhaltigkeit-im-mittelstand\/#primaryimage"},"image":{"@id":"https:\/\/news.sap.com\/germany\/2022\/12\/2023-nachhaltigkeit-im-mittelstand\/#primaryimage"},"thumbnailUrl":"https:\/\/news.sap.com\/germany\/files\/2022\/12\/20\/271838_271838_h_eu4c_s_gl-copy.jpg","datePublished":"2022-12-20T07:00:07+00:00","dateModified":"2023-07-11T14:04:17+00:00","author":{"@id":"https:\/\/news.sap.com\/germany\/#\/schema\/person\/2e2e530bbd6aaaa4fd134212fff343e7"},"description":"Nachhaltigkeit ist heute f\u00fcr den Mittelstand aus 3 Gr\u00fcnden relevant: Wettbewerbsvorteile, rechtliche Anforderungen, Personalgewinnung","breadcrumb":{"@id":"https:\/\/news.sap.com\/germany\/2022\/12\/2023-nachhaltigkeit-im-mittelstand\/#breadcrumb"},"inLanguage":"de","potentialAction":[{"@type":"ReadAction","target":["https:\/\/news.sap.com\/germany\/2022\/12\/2023-nachhaltigkeit-im-mittelstand\/"]}]},{"@type":"ImageObject","inLanguage":"de","@id":"https:\/\/news.sap.com\/germany\/2022\/12\/2023-nachhaltigkeit-im-mittelstand\/#primaryimage","url":"https:\/\/news.sap.com\/germany\/files\/2022\/12\/20\/271838_271838_h_eu4c_s_gl-copy.jpg","contentUrl":"https:\/\/news.sap.com\/germany\/files\/2022\/12\/20\/271838_271838_h_eu4c_s_gl-copy.jpg","width":1920,"height":598,"caption":"Nachhaltigkeit"},{"@type":"BreadcrumbList","@id":"https:\/\/news.sap.com\/germany\/2022\/12\/2023-nachhaltigkeit-im-mittelstand\/#breadcrumb","itemListElement":[{"@type":"ListItem","position":1,"name":"Home","item":"https:\/\/news.sap.com\/germany\/"},{"@type":"ListItem","position":2,"name":"Nachhaltigkeit: F\u00fcr den Mittelstand so wichtig wie nie"}]},{"@type":"WebSite","@id":"https:\/\/news.sap.com\/germany\/#website","url":"https:\/\/news.sap.com\/germany\/","name":"麻豆原创 News Center","description":"Unternehmensberichte &amp; 麻豆原创eportal","potentialAction":[{"@type":"SearchAction","target":{"@type":"EntryPoint","urlTemplate":"https:\/\/news.sap.com\/germany\/?s={search_term_string}"},"query-input":{"@type":"PropertyValueSpecification","valueRequired":true,"valueName":"search_term_string"}}],"inLanguage":"de"},{"@type":"Person","@id":"https:\/\/news.sap.com\/germany\/#\/schema\/person\/2e2e530bbd6aaaa4fd134212fff343e7","name":"Andreas Sch\u00e4fer","image":{"@type":"ImageObject","inLanguage":"de","@id":"https:\/\/news.sap.com\/germany\/#\/schema\/person\/image\/","url":"https:\/\/secure.gravatar.com\/avatar\/?s=96&d=blank&r=g","contentUrl":"https:\/\/secure.gravatar.com\/avatar\/?s=96&d=blank&r=g","caption":"Andreas Sch\u00e4fer"},"url":"https:\/\/news.sap.com\/germany\/author\/andreasschaefer\/"}]}},"amp_enabled":true,"_links":{"self":[{"href":"https:\/\/news.sap.com\/germany\/wp-json\/wp\/v2\/posts\/163874","targetHints":{"allow":["GET"]}}],"collection":[{"href":"https:\/\/news.sap.com\/germany\/wp-json\/wp\/v2\/posts"}],"about":[{"href":"https:\/\/news.sap.com\/germany\/wp-json\/wp\/v2\/types\/post"}],"author":[{"embeddable":true,"href":"https:\/\/news.sap.com\/germany\/wp-json\/wp\/v2\/users\/4367"}],"replies":[{"embeddable":true,"href":"https:\/\/news.sap.com\/germany\/wp-json\/wp\/v2\/comments?post=163874"}],"version-history":[{"count":0,"href":"https:\/\/news.sap.com\/germany\/wp-json\/wp\/v2\/posts\/163874\/revisions"}],"wp:featuredmedia":[{"embeddable":true,"href":"https:\/\/news.sap.com\/germany\/wp-json\/wp\/v2\/media\/163938"}],"wp:attachment":[{"href":"https:\/\/news.sap.com\/germany\/wp-json\/wp\/v2\/media?parent=163874"}],"wp:term":[{"taxonomy":"category","embeddable":true,"href":"https:\/\/news.sap.com\/germany\/wp-json\/wp\/v2\/categories?post=163874"},{"taxonomy":"post_tag","embeddable":true,"href":"https:\/\/news.sap.com\/germany\/wp-json\/wp\/v2\/tags?post=163874"},{"taxonomy":"series","embeddable":true,"href":"https:\/\/news.sap.com\/germany\/wp-json\/wp\/v2\/series?post=163874"},{"taxonomy":"sapn-display","embeddable":true,"href":"https:\/\/news.sap.com\/germany\/wp-json\/wp\/v2\/sapn-display?post=163874"},{"taxonomy":"sapn-type","embeddable":true,"href":"https:\/\/news.sap.com\/germany\/wp-json\/wp\/v2\/sapn-type?post=163874"}],"curies":[{"name":"wp","href":"https:\/\/api.w.org\/{rel}","templated":true}]}}