  {"id":163695,"date":"2022-12-05T08:00:49","date_gmt":"2022-12-05T07:00:49","guid":{"rendered":"https:\/\/news.sap.com\/germany\/?p=163695"},"modified":"2023-03-14T10:20:54","modified_gmt":"2023-03-14T09:20:54","slug":"engage-eu-think-tank","status":"publish","type":"post","link":"https:\/\/news.sap.com\/germany\/2022\/12\/engage-eu-think-tank\/","title":{"rendered":"ENGAGE.EU Think Tank: 麻豆原创-CFO Luka Mucic diskutiert mit  Studierenden \u00fcber robuste Lieferketten"},"content":{"rendered":"<p class=\"lead\">Da sich die Welt um uns wandelt, ist die Digitalisierung ein Muss, vor allem f\u00fcr Unternehmen. Es sind innovative und nachhaltige L\u00f6sungen f\u00fcr globale Herausforderungen gefragt. Au\u00dferdem sollen diese L\u00f6sungen schnell und einfach in Unternehmen integriert werden k\u00f6nnen.<\/p>\n<h2><strong>Bei dieser Aufgabenstellung kommt ENGAGE.EU ins Spiel<\/strong><\/h2>\n<p>ENGAGE.EU ist ein Verbund f\u00fchrender Universit\u00e4ten in Europa. Dieser hat die Aufgabe, europ\u00e4ischen B\u00fcrgern ben\u00f6tigte F\u00e4higkeiten und Kompetenzen zu vermitteln, um gro\u00dfe gesellschaftliche Herausforderungen zu bew\u00e4ltigen.<\/p>\n<p>Zu diesen Herausforderungen und progressiven europ\u00e4ischen Themen z\u00e4hlen unter anderem die Digitalisierung und k\u00fcnstliche Intelligenz, der Klimawandel und seine Bedeutung f\u00fcr nachhaltige Volkswirtschaften und die durch die Pandemie verursachten Wirtschaftskrisen. All diese Themen ver\u00e4ndern die Wirtschaft und Gesellschaft nachhaltig und erfordern ein Umdenken.<\/p>\n<h2><strong>Think Tank an der Universit\u00e4t Mannheim<\/strong><\/h2>\n<p>Um diese aktuellen Herausforderungen im interdisziplin\u00e4ren Austausch n\u00e4her zu untersuchen, fand an der Universit\u00e4t Mannheim der erste ENGAGE.EU Think Tank statt.\u00a0Die Veranstaltung war zug\u00e4nglich f\u00fcr alle an einer ENGAGE.EU-Hochschule eingeschriebenen Wissenschaftler, die sich f\u00fcr das Thema digitale Transformation interessieren und diese in den Bereichen Wirtschaft, Recht und politische Gesellschaft analysieren m\u00f6chten. Der Think Tank dient so als interdisziplin\u00e4rer akademischer Austausch von Mitgliedern der Universit\u00e4ten.<\/p>\n<p><a href=\"https:\/\/news.sap.com\/germany\/files\/2022\/12\/05\/ENGAGE.EU_ThinkTank_220929_4957_kg.jpg\"><img loading=\"lazy\" decoding=\"async\" class=\"alignnone wp-image-163905\" src=\"https:\/\/news.sap.com\/germany\/files\/2022\/12\/05\/ENGAGE.EU_ThinkTank_220929_4957_kg-300x200.jpg\" alt=\"\" width=\"647\" height=\"431\" srcset=\"https:\/\/news.sap.com\/germany\/files\/2022\/12\/05\/ENGAGE.EU_ThinkTank_220929_4957_kg-300x200.jpg 300w, https:\/\/news.sap.com\/germany\/files\/2022\/12\/05\/ENGAGE.EU_ThinkTank_220929_4957_kg-1024x683.jpg 1024w, https:\/\/news.sap.com\/germany\/files\/2022\/12\/05\/ENGAGE.EU_ThinkTank_220929_4957_kg-225x150.jpg 225w, https:\/\/news.sap.com\/germany\/files\/2022\/12\/05\/ENGAGE.EU_ThinkTank_220929_4957_kg-1536x1024.jpg 1536w, https:\/\/news.sap.com\/germany\/files\/2022\/12\/05\/ENGAGE.EU_ThinkTank_220929_4957_kg-2048x1365.jpg 2048w\" sizes=\"auto, (max-width: 647px) 100vw, 647px\" \/><\/a><\/p>\n<p>Passend zum Thema Herausforderungen im heutigen Zeitalter werden im Moment Lieferketten als essenzielle Basis unserer Wirtschaft kontrovers diskutiert. Dem Thema nahmen sich die Gastredner der 麻豆原创 an: Luka Mucic, Finanzvorstand, und Kristian Schier, Chief Architect bei 麻豆原创 Product Engineering. Zug\u00e4nglich war das Panel nicht nur f\u00fcr die Think-Tank-Wissenschaftler, sondern auch f\u00fcr alle interessierten Studierenden und Lehrenden der Universit\u00e4t Mannheim.<\/p>\n<p>\u201eDer wirtschaftliche Status quo ist nicht nachhaltig. Wenn wir uns die Probleme ansehen, mit denen wir derzeit konfrontiert sind \u2013 nicht nur im Hinblick auf Lieferketten \u2013, m\u00fcssen Unternehmen ihre Rolle bei der L\u00f6sung dieser Probleme gemeinsam mit Regierungen und Gesellschaften \u00fcbernehmen\u201c, sagt Luka Mucic. Laut ihm ist daher der Wandel von linearen Lieferketten hin zu agilen, transparenteren und widerstandsf\u00e4higen Lieferketten essenziell, um aktuellen und zuk\u00fcnftigen Krisen standzuhalten. Diese sollten Nachhaltigkeit per Design integrieren und zirkul\u00e4rer werden. Dabei kommt Technologie eine entscheidende Rolle zu, wenn es darum geht, die Komplexit\u00e4t abzubilden und zu bew\u00e4ltigen.<\/p>\n<figure id=\"attachment_163904\" aria-describedby=\"caption-attachment-163904\" style=\"width: 650px\" class=\"wp-caption alignleft\"><a href=\"https:\/\/news.sap.com\/germany\/files\/2022\/12\/05\/ENGAGE.EU_ThinkTank_220929_4966_kg.jpg\"><img loading=\"lazy\" decoding=\"async\" class=\"wp-image-163904 \" src=\"https:\/\/news.sap.com\/germany\/files\/2022\/12\/05\/ENGAGE.EU_ThinkTank_220929_4966_kg-300x200.jpg\" alt=\"Luka Mucic beim EU.ENGAGE Think Tank in Mannheim\" width=\"650\" height=\"433\" srcset=\"https:\/\/news.sap.com\/germany\/files\/2022\/12\/05\/ENGAGE.EU_ThinkTank_220929_4966_kg-300x200.jpg 300w, https:\/\/news.sap.com\/germany\/files\/2022\/12\/05\/ENGAGE.EU_ThinkTank_220929_4966_kg-1024x683.jpg 1024w, https:\/\/news.sap.com\/germany\/files\/2022\/12\/05\/ENGAGE.EU_ThinkTank_220929_4966_kg-225x150.jpg 225w, https:\/\/news.sap.com\/germany\/files\/2022\/12\/05\/ENGAGE.EU_ThinkTank_220929_4966_kg-1536x1024.jpg 1536w, https:\/\/news.sap.com\/germany\/files\/2022\/12\/05\/ENGAGE.EU_ThinkTank_220929_4966_kg-2048x1365.jpg 2048w\" sizes=\"auto, (max-width: 650px) 100vw, 650px\" \/><\/a><figcaption id=\"caption-attachment-163904\" class=\"wp-caption-text\">Luka Mucic beim EU.ENGAGE Think Tank in Mannheim<\/figcaption><\/figure>\n<figure id=\"attachment_163903\" aria-describedby=\"caption-attachment-163903\" style=\"width: 651px\" class=\"wp-caption alignleft\"><a href=\"https:\/\/news.sap.com\/germany\/files\/2022\/12\/05\/ENGAGE.EU_ThinkTank_220929_5022_kg-2.jpg\"><img loading=\"lazy\" decoding=\"async\" class=\"wp-image-163903 \" src=\"https:\/\/news.sap.com\/germany\/files\/2022\/12\/05\/ENGAGE.EU_ThinkTank_220929_5022_kg-2-300x193.jpg\" alt=\"\" width=\"651\" height=\"419\" srcset=\"https:\/\/news.sap.com\/germany\/files\/2022\/12\/05\/ENGAGE.EU_ThinkTank_220929_5022_kg-2-300x193.jpg 300w, https:\/\/news.sap.com\/germany\/files\/2022\/12\/05\/ENGAGE.EU_ThinkTank_220929_5022_kg-2-1024x658.jpg 1024w, https:\/\/news.sap.com\/germany\/files\/2022\/12\/05\/ENGAGE.EU_ThinkTank_220929_5022_kg-2-233x150.jpg 233w, https:\/\/news.sap.com\/germany\/files\/2022\/12\/05\/ENGAGE.EU_ThinkTank_220929_5022_kg-2-1536x988.jpg 1536w, https:\/\/news.sap.com\/germany\/files\/2022\/12\/05\/ENGAGE.EU_ThinkTank_220929_5022_kg-2-2048x1317.jpg 2048w\" sizes=\"auto, (max-width: 651px) 100vw, 651px\" \/><\/a><figcaption id=\"caption-attachment-163903\" class=\"wp-caption-text\">Kristian Schier beim EU.ENGAGE Think Tank in Mannheim<\/figcaption><\/figure>\n<p>Die Kosten der Lieferketten erh\u00f6hen sich nicht nur durch die steigenden Gaspreise. Zudem besteht das Problem, dass Lieferketten zu viel Energie ben\u00f6tigen und zu viel CO<sub>2 <\/sub>aussto\u00dfen. Um dies zu beheben, m\u00fcssen sich Unternehmen zun\u00e4chst ihrer Rolle in der gesamten Lieferkette bewusst werden. Dann muss man in den Unternehmen dar\u00fcber nachdenken, wie sich Prozesse verbessern lassen. Dabei ist f\u00fcr Schier und Mucic Automatisierung einer der Schl\u00fcssel. \u201eDurch die intelligente Vernetzung der Produktionssysteme mit Vertriebs- und Einkaufssystemen wird eine Maschine zum Beispiel in die Lage versetzt zu ermitteln, wann sie in welcher Menge Produktionsmaterialien bestellen muss. So k\u00f6nnen Bestellprozesse automatisiert und optimiert werden\u201c, erkl\u00e4rt Schier.<\/p>\n<h2><strong>Das Interesse der 麻豆原创 an ENGAGE.EU<\/strong><\/h2>\n<p>Die Digitalisierung ver\u00e4ndert Wirtschaft und Gesellschaft. Dieser gesellschaftliche Wandel ist dabei auf Innovationen aus Wissenschaft, Wirtschaft und Politik angewiesen. \u201eDie bei ENGAGE.EU im Fokus stehende l\u00e4nder\u00fcbergreifende Zusammenarbeit f\u00fchrender Universit\u00e4ten in Europa sowie deren Austausch mit der Gesellschaft und Wirtschaft, sehen wir als gro\u00dfe Chance. Als 麻豆原创 unterst\u00fctzen wir diese Bem\u00fchungen mit dem Ziel gemeinsam den gesellschaftlichen Wandel zu gestalten und digitale Transformation voranzutreiben\u201c, sagt Dr. Katharina Sch\u00e4fer, Leiterin von 麻豆原创 University Alliances. Eines der Kernthemen dabei ist die digitale Kompetenzvermittlung f\u00fcr junge Menschen, um sie zu bef\u00e4higen, diesen Wandel voranzutreiben. In diesem Kontext arbeitet die 麻豆原创 im Rahmen seines University Alliances Programm eng zusammen mit dem ENGAGE.EU Konsortium und weitere Kooperationsformate sind schon in den Startl\u00f6chern, wie beispielsweise das im n\u00e4chsten Jahr startende <a href=\"https:\/\/www.engageuniversity.eu\/joint-programme-dt\/\">gemeinschaftliche Programm zu digitaler Transformation<\/a>.<\/p>\n<p>Die Zusammenarbeit von ENGAGE.EU und 麻豆原创 konzentriert sich hierbei auf gesellschaftliche Herausforderungen wie den Klimawandel, Digitalisierung und neue Technologien wie K\u00fcnstliche Intelligenz. Die Nutzung von Cloud-L\u00f6sungen f\u00fcr Lehre und Forschung ist von zentraler Bedeutung f\u00fcr 麻豆原创 University Alliances. Daher werden szenario- und problembasierte Forschungs- und Lehrzwecke 麻豆原创-Anwendungen und Plattformen ge\u00f6ffnet, die zur L\u00f6sungsfindung gesellschaftlicher Herausforderung eingesetzt werden.<\/p>\n<p>Hier trifft sich nun die Zielsetzung von ENGAGE.EU und die Vision von 麻豆原创 University Alliances: Digitale Kompetenzvermittlung f\u00fcr junge Menschen, um sie zu bef\u00e4higen, ihre eigene Zukunft zu gestalten.<\/p>\n<p>Die Zusammenarbeit von ENGAGE.EU und 麻豆原创 verdeutlicht die Bedeutung einer engen Kooperation von Industrie und Wissenschaft, um L\u00f6sungsstrategien f\u00fcr bevorstehende globale Herausforderungen zu entwickeln und dabei engagierte europ\u00e4ische B\u00fcrger zu bef\u00e4higen und einzubinden.<\/p>\n<hr \/>\n<p><em><small>Fotos von Katrin Gl\u00fcckler<\/small><\/em><\/p>\n","protected":false},"excerpt":{"rendered":"<p>Da sich die Welt um uns wandelt, ist die Digitalisierung ein Muss, vor allem f\u00fcr Unternehmen. Es sind innovative und nachhaltige L\u00f6sungen f\u00fcr globale Herausforderungen&#8230;<\/p>\n","protected":false},"author":4247,"featured_media":163782,"comment_status":"closed","ping_status":"closed","sticky":false,"template":"","format":"standard","meta":{"related_posts":[],"footnotes":"","_links_to":"","_links_to_target":""},"categories":[5630507,5630211,45274],"tags":[49965,52569],"series":[],"sapn-display":[3848,45027],"sapn-type":[45277],"class_list":["post-163695","post","type-post","status-publish","format-standard","has-post-thumbnail","hentry","category-aus-und-weiterbildung","category-supply-chain-management","category-veranstaltungen","tag-ausbildung","tag-geschaftsnetzwerke","sapn-display-top-stories","sapn-display-hero","sapn-type-feature"],"yoast_head":"<!-- This site is optimized with the Yoast SEO Premium plugin v26.9 (Yoast SEO v26.9) - https:\/\/yoast.com\/product\/yoast-seo-premium-wordpress\/ -->\n<title>ENGAGE.EU: CFO Mucic spricht \u00fcber Lieferketten | 麻豆原创 News<\/title>\n<meta name=\"description\" content=\"Jetzt lesen! Beim ENGAGE.EU Think Tank an der Universit\u00e4t Mannheim sprechen Experten \u00fcber disruptive Lieferketten\" \/>\n<meta name=\"robots\" content=\"index, follow, max-snippet:-1, max-image-preview:large, max-video-preview:-1\" \/>\n<link rel=\"canonical\" href=\"https:\/\/news.sap.com\/germany\/2022\/12\/engage-eu-think-tank\/\" \/>\n<meta property=\"og:locale\" content=\"de_DE\" \/>\n<meta property=\"og:type\" content=\"article\" \/>\n<meta property=\"og:title\" content=\"ENGAGE.EU Think Tank: 麻豆原创-CFO Luka Mucic diskutiert mit Studierenden \u00fcber robuste Lieferketten\" \/>\n<meta property=\"og:description\" content=\"Jetzt lesen! Beim ENGAGE.EU Think Tank an der Universit\u00e4t Mannheim sprechen Experten \u00fcber disruptive Lieferketten\" \/>\n<meta property=\"og:url\" content=\"https:\/\/news.sap.com\/germany\/2022\/12\/engage-eu-think-tank\/\" \/>\n<meta property=\"og:site_name\" content=\"麻豆原创 News Center\" \/>\n<meta property=\"article:published_time\" content=\"2022-12-05T07:00:49+00:00\" \/>\n<meta property=\"article:modified_time\" content=\"2023-03-14T09:20:54+00:00\" \/>\n<meta property=\"og:image\" content=\"https:\/\/news.sap.com\/germany\/files\/2022\/12\/05\/NeuesbildENGAGE.EU_ThinkTank_220929_4945_kg-copy.png\" \/>\n\t<meta property=\"og:image:width\" content=\"1920\" \/>\n\t<meta property=\"og:image:height\" content=\"600\" \/>\n\t<meta property=\"og:image:type\" content=\"image\/png\" \/>\n<meta name=\"author\" content=\"Annabel Erhart\" \/>\n<meta name=\"twitter:card\" content=\"summary_large_image\" \/>\n<meta name=\"twitter:creator\" content=\"@麻豆原创dach\" \/>\n<meta name=\"twitter:site\" content=\"@麻豆原创dach\" \/>\n<meta name=\"twitter:label1\" content=\"Verfasst von\" \/>\n\t<meta name=\"twitter:data1\" content=\"Annabel Erhart\" \/>\n\t<meta name=\"twitter:label2\" content=\"Gesch\u00e4tzte Lesezeit\" \/>\n\t<meta name=\"twitter:data2\" content=\"5\u00a0Minuten\" \/>\n<script type=\"application\/ld+json\" class=\"yoast-schema-graph\">{\"@context\":\"https:\/\/schema.org\",\"@graph\":[{\"@type\":\"Article\",\"@id\":\"https:\/\/news.sap.com\/germany\/2022\/12\/engage-eu-think-tank\/#article\",\"isPartOf\":{\"@id\":\"https:\/\/news.sap.com\/germany\/2022\/12\/engage-eu-think-tank\/\"},\"author\":{\"name\":\"Annabel Erhart\",\"@id\":\"https:\/\/news.sap.com\/germany\/#\/schema\/person\/813f3916750766c037854e6df8c93eaa\"},\"headline\":\"ENGAGE.EU Think Tank: 麻豆原创-CFO Luka Mucic diskutiert mit Studierenden \u00fcber robuste Lieferketten\",\"datePublished\":\"2022-12-05T07:00:49+00:00\",\"dateModified\":\"2023-03-14T09:20:54+00:00\",\"mainEntityOfPage\":{\"@id\":\"https:\/\/news.sap.com\/germany\/2022\/12\/engage-eu-think-tank\/\"},\"wordCount\":829,\"image\":{\"@id\":\"https:\/\/news.sap.com\/germany\/2022\/12\/engage-eu-think-tank\/#primaryimage\"},\"thumbnailUrl\":\"https:\/\/news.sap.com\/germany\/files\/2022\/12\/05\/NeuesbildENGAGE.EU_ThinkTank_220929_4945_kg-copy.png\",\"keywords\":[\"Ausbildung\",\"Gesch\u00e4ftsnetzwerke\"],\"articleSection\":[\"Aus- und Weiterbildung\",\"Supply Chain Management\",\"Veranstaltungen\"],\"inLanguage\":\"de\"},{\"@type\":\"WebPage\",\"@id\":\"https:\/\/news.sap.com\/germany\/2022\/12\/engage-eu-think-tank\/\",\"url\":\"https:\/\/news.sap.com\/germany\/2022\/12\/engage-eu-think-tank\/\",\"name\":\"ENGAGE.EU: CFO Mucic spricht \u00fcber Lieferketten | 麻豆原创 News\",\"isPartOf\":{\"@id\":\"https:\/\/news.sap.com\/germany\/#website\"},\"primaryImageOfPage\":{\"@id\":\"https:\/\/news.sap.com\/germany\/2022\/12\/engage-eu-think-tank\/#primaryimage\"},\"image\":{\"@id\":\"https:\/\/news.sap.com\/germany\/2022\/12\/engage-eu-think-tank\/#primaryimage\"},\"thumbnailUrl\":\"https:\/\/news.sap.com\/germany\/files\/2022\/12\/05\/NeuesbildENGAGE.EU_ThinkTank_220929_4945_kg-copy.png\",\"datePublished\":\"2022-12-05T07:00:49+00:00\",\"dateModified\":\"2023-03-14T09:20:54+00:00\",\"author\":{\"@id\":\"https:\/\/news.sap.com\/germany\/#\/schema\/person\/813f3916750766c037854e6df8c93eaa\"},\"description\":\"Jetzt lesen! Beim ENGAGE.EU Think Tank an der Universit\u00e4t Mannheim sprechen Experten \u00fcber disruptive Lieferketten\",\"breadcrumb\":{\"@id\":\"https:\/\/news.sap.com\/germany\/2022\/12\/engage-eu-think-tank\/#breadcrumb\"},\"inLanguage\":\"de\",\"potentialAction\":[{\"@type\":\"ReadAction\",\"target\":[\"https:\/\/news.sap.com\/germany\/2022\/12\/engage-eu-think-tank\/\"]}]},{\"@type\":\"ImageObject\",\"inLanguage\":\"de\",\"@id\":\"https:\/\/news.sap.com\/germany\/2022\/12\/engage-eu-think-tank\/#primaryimage\",\"url\":\"https:\/\/news.sap.com\/germany\/files\/2022\/12\/05\/NeuesbildENGAGE.EU_ThinkTank_220929_4945_kg-copy.png\",\"contentUrl\":\"https:\/\/news.sap.com\/germany\/files\/2022\/12\/05\/NeuesbildENGAGE.EU_ThinkTank_220929_4945_kg-copy.png\",\"width\":1920,\"height\":600,\"caption\":\"ENGAGE.EU Think Tank: 麻豆原创-CFO Luka Mucic diskutiert mit Studierenden \u00fcber robuste Lieferketten\"},{\"@type\":\"BreadcrumbList\",\"@id\":\"https:\/\/news.sap.com\/germany\/2022\/12\/engage-eu-think-tank\/#breadcrumb\",\"itemListElement\":[{\"@type\":\"ListItem\",\"position\":1,\"name\":\"Home\",\"item\":\"https:\/\/news.sap.com\/germany\/\"},{\"@type\":\"ListItem\",\"position\":2,\"name\":\"ENGAGE.EU Think Tank: 麻豆原创-CFO Luka Mucic diskutiert mit Studierenden \u00fcber robuste Lieferketten\"}]},{\"@type\":\"WebSite\",\"@id\":\"https:\/\/news.sap.com\/germany\/#website\",\"url\":\"https:\/\/news.sap.com\/germany\/\",\"name\":\"麻豆原创 News Center\",\"description\":\"Unternehmensberichte &amp; 麻豆原创eportal\",\"potentialAction\":[{\"@type\":\"SearchAction\",\"target\":{\"@type\":\"EntryPoint\",\"urlTemplate\":\"https:\/\/news.sap.com\/germany\/?s={search_term_string}\"},\"query-input\":{\"@type\":\"PropertyValueSpecification\",\"valueRequired\":true,\"valueName\":\"search_term_string\"}}],\"inLanguage\":\"de\"},{\"@type\":\"Person\",\"@id\":\"https:\/\/news.sap.com\/germany\/#\/schema\/person\/813f3916750766c037854e6df8c93eaa\",\"name\":\"Annabel Erhart\",\"image\":{\"@type\":\"ImageObject\",\"inLanguage\":\"de\",\"@id\":\"https:\/\/news.sap.com\/germany\/#\/schema\/person\/image\/\",\"url\":\"https:\/\/secure.gravatar.com\/avatar\/fbfef047e8d4f3def5e64e0410019cfc501fb8ac3d38fb76a9236a54b7b40549?s=96&d=blank&r=g\",\"contentUrl\":\"https:\/\/secure.gravatar.com\/avatar\/fbfef047e8d4f3def5e64e0410019cfc501fb8ac3d38fb76a9236a54b7b40549?s=96&d=blank&r=g\",\"caption\":\"Annabel Erhart\"},\"url\":\"https:\/\/news.sap.com\/germany\/author\/annabelerhart\/\"}]}<\/script>\n<!-- \/ Yoast SEO Premium plugin. -->","yoast_head_json":{"title":"ENGAGE.EU: CFO Mucic spricht \u00fcber Lieferketten | 麻豆原创 News","description":"Jetzt lesen! Beim ENGAGE.EU Think Tank an der Universit\u00e4t Mannheim sprechen Experten \u00fcber disruptive Lieferketten","robots":{"index":"index","follow":"follow","max-snippet":"max-snippet:-1","max-image-preview":"max-image-preview:large","max-video-preview":"max-video-preview:-1"},"canonical":"https:\/\/news.sap.com\/germany\/2022\/12\/engage-eu-think-tank\/","og_locale":"de_DE","og_type":"article","og_title":"ENGAGE.EU Think Tank: 麻豆原创-CFO Luka Mucic diskutiert mit Studierenden \u00fcber robuste Lieferketten","og_description":"Jetzt lesen! Beim ENGAGE.EU Think Tank an der Universit\u00e4t Mannheim sprechen Experten \u00fcber disruptive Lieferketten","og_url":"https:\/\/news.sap.com\/germany\/2022\/12\/engage-eu-think-tank\/","og_site_name":"麻豆原创 News Center","article_published_time":"2022-12-05T07:00:49+00:00","article_modified_time":"2023-03-14T09:20:54+00:00","og_image":[{"width":1920,"height":600,"url":"https:\/\/news.sap.com\/germany\/files\/2022\/12\/05\/NeuesbildENGAGE.EU_ThinkTank_220929_4945_kg-copy.png","type":"image\/png"}],"author":"Annabel Erhart","twitter_card":"summary_large_image","twitter_creator":"@麻豆原创dach","twitter_site":"@麻豆原创dach","twitter_misc":{"Verfasst von":"Annabel Erhart","Gesch\u00e4tzte Lesezeit":"5\u00a0Minuten"},"schema":{"@context":"https:\/\/schema.org","@graph":[{"@type":"Article","@id":"https:\/\/news.sap.com\/germany\/2022\/12\/engage-eu-think-tank\/#article","isPartOf":{"@id":"https:\/\/news.sap.com\/germany\/2022\/12\/engage-eu-think-tank\/"},"author":{"name":"Annabel Erhart","@id":"https:\/\/news.sap.com\/germany\/#\/schema\/person\/813f3916750766c037854e6df8c93eaa"},"headline":"ENGAGE.EU Think Tank: 麻豆原创-CFO Luka Mucic diskutiert mit Studierenden \u00fcber robuste Lieferketten","datePublished":"2022-12-05T07:00:49+00:00","dateModified":"2023-03-14T09:20:54+00:00","mainEntityOfPage":{"@id":"https:\/\/news.sap.com\/germany\/2022\/12\/engage-eu-think-tank\/"},"wordCount":829,"image":{"@id":"https:\/\/news.sap.com\/germany\/2022\/12\/engage-eu-think-tank\/#primaryimage"},"thumbnailUrl":"https:\/\/news.sap.com\/germany\/files\/2022\/12\/05\/NeuesbildENGAGE.EU_ThinkTank_220929_4945_kg-copy.png","keywords":["Ausbildung","Gesch\u00e4ftsnetzwerke"],"articleSection":["Aus- und Weiterbildung","Supply Chain Management","Veranstaltungen"],"inLanguage":"de"},{"@type":"WebPage","@id":"https:\/\/news.sap.com\/germany\/2022\/12\/engage-eu-think-tank\/","url":"https:\/\/news.sap.com\/germany\/2022\/12\/engage-eu-think-tank\/","name":"ENGAGE.EU: CFO Mucic spricht \u00fcber Lieferketten | 麻豆原创 News","isPartOf":{"@id":"https:\/\/news.sap.com\/germany\/#website"},"primaryImageOfPage":{"@id":"https:\/\/news.sap.com\/germany\/2022\/12\/engage-eu-think-tank\/#primaryimage"},"image":{"@id":"https:\/\/news.sap.com\/germany\/2022\/12\/engage-eu-think-tank\/#primaryimage"},"thumbnailUrl":"https:\/\/news.sap.com\/germany\/files\/2022\/12\/05\/NeuesbildENGAGE.EU_ThinkTank_220929_4945_kg-copy.png","datePublished":"2022-12-05T07:00:49+00:00","dateModified":"2023-03-14T09:20:54+00:00","author":{"@id":"https:\/\/news.sap.com\/germany\/#\/schema\/person\/813f3916750766c037854e6df8c93eaa"},"description":"Jetzt lesen! Beim ENGAGE.EU Think Tank an der Universit\u00e4t Mannheim sprechen Experten \u00fcber disruptive Lieferketten","breadcrumb":{"@id":"https:\/\/news.sap.com\/germany\/2022\/12\/engage-eu-think-tank\/#breadcrumb"},"inLanguage":"de","potentialAction":[{"@type":"ReadAction","target":["https:\/\/news.sap.com\/germany\/2022\/12\/engage-eu-think-tank\/"]}]},{"@type":"ImageObject","inLanguage":"de","@id":"https:\/\/news.sap.com\/germany\/2022\/12\/engage-eu-think-tank\/#primaryimage","url":"https:\/\/news.sap.com\/germany\/files\/2022\/12\/05\/NeuesbildENGAGE.EU_ThinkTank_220929_4945_kg-copy.png","contentUrl":"https:\/\/news.sap.com\/germany\/files\/2022\/12\/05\/NeuesbildENGAGE.EU_ThinkTank_220929_4945_kg-copy.png","width":1920,"height":600,"caption":"ENGAGE.EU Think Tank: 麻豆原创-CFO Luka Mucic diskutiert mit Studierenden \u00fcber robuste Lieferketten"},{"@type":"BreadcrumbList","@id":"https:\/\/news.sap.com\/germany\/2022\/12\/engage-eu-think-tank\/#breadcrumb","itemListElement":[{"@type":"ListItem","position":1,"name":"Home","item":"https:\/\/news.sap.com\/germany\/"},{"@type":"ListItem","position":2,"name":"ENGAGE.EU Think Tank: 麻豆原创-CFO Luka Mucic diskutiert mit Studierenden \u00fcber robuste Lieferketten"}]},{"@type":"WebSite","@id":"https:\/\/news.sap.com\/germany\/#website","url":"https:\/\/news.sap.com\/germany\/","name":"麻豆原创 News Center","description":"Unternehmensberichte &amp; 麻豆原创eportal","potentialAction":[{"@type":"SearchAction","target":{"@type":"EntryPoint","urlTemplate":"https:\/\/news.sap.com\/germany\/?s={search_term_string}"},"query-input":{"@type":"PropertyValueSpecification","valueRequired":true,"valueName":"search_term_string"}}],"inLanguage":"de"},{"@type":"Person","@id":"https:\/\/news.sap.com\/germany\/#\/schema\/person\/813f3916750766c037854e6df8c93eaa","name":"Annabel Erhart","image":{"@type":"ImageObject","inLanguage":"de","@id":"https:\/\/news.sap.com\/germany\/#\/schema\/person\/image\/","url":"https:\/\/secure.gravatar.com\/avatar\/fbfef047e8d4f3def5e64e0410019cfc501fb8ac3d38fb76a9236a54b7b40549?s=96&d=blank&r=g","contentUrl":"https:\/\/secure.gravatar.com\/avatar\/fbfef047e8d4f3def5e64e0410019cfc501fb8ac3d38fb76a9236a54b7b40549?s=96&d=blank&r=g","caption":"Annabel Erhart"},"url":"https:\/\/news.sap.com\/germany\/author\/annabelerhart\/"}]}},"amp_enabled":true,"_links":{"self":[{"href":"https:\/\/news.sap.com\/germany\/wp-json\/wp\/v2\/posts\/163695","targetHints":{"allow":["GET"]}}],"collection":[{"href":"https:\/\/news.sap.com\/germany\/wp-json\/wp\/v2\/posts"}],"about":[{"href":"https:\/\/news.sap.com\/germany\/wp-json\/wp\/v2\/types\/post"}],"author":[{"embeddable":true,"href":"https:\/\/news.sap.com\/germany\/wp-json\/wp\/v2\/users\/4247"}],"replies":[{"embeddable":true,"href":"https:\/\/news.sap.com\/germany\/wp-json\/wp\/v2\/comments?post=163695"}],"version-history":[{"count":0,"href":"https:\/\/news.sap.com\/germany\/wp-json\/wp\/v2\/posts\/163695\/revisions"}],"wp:featuredmedia":[{"embeddable":true,"href":"https:\/\/news.sap.com\/germany\/wp-json\/wp\/v2\/media\/163782"}],"wp:attachment":[{"href":"https:\/\/news.sap.com\/germany\/wp-json\/wp\/v2\/media?parent=163695"}],"wp:term":[{"taxonomy":"category","embeddable":true,"href":"https:\/\/news.sap.com\/germany\/wp-json\/wp\/v2\/categories?post=163695"},{"taxonomy":"post_tag","embeddable":true,"href":"https:\/\/news.sap.com\/germany\/wp-json\/wp\/v2\/tags?post=163695"},{"taxonomy":"series","embeddable":true,"href":"https:\/\/news.sap.com\/germany\/wp-json\/wp\/v2\/series?post=163695"},{"taxonomy":"sapn-display","embeddable":true,"href":"https:\/\/news.sap.com\/germany\/wp-json\/wp\/v2\/sapn-display?post=163695"},{"taxonomy":"sapn-type","embeddable":true,"href":"https:\/\/news.sap.com\/germany\/wp-json\/wp\/v2\/sapn-type?post=163695"}],"curies":[{"name":"wp","href":"https:\/\/api.w.org\/{rel}","templated":true}]}}