  {"id":162968,"date":"2022-10-18T09:00:27","date_gmt":"2022-10-18T07:00:27","guid":{"rendered":"https:\/\/news.sap.com\/germany\/?p=162968"},"modified":"2023-03-09T15:54:38","modified_gmt":"2023-03-09T14:54:38","slug":"podcast-integration-stationaerer-handel-von-zalando","status":"publish","type":"post","link":"https:\/\/news.sap.com\/germany\/2022\/10\/podcast-integration-stationaerer-handel-von-zalando\/","title":{"rendered":"Podcast: Die Integration des station\u00e4ren Handels von Zalando"},"content":{"rendered":"<p class=\"lead\">Hand auf&#8217;s Herz: Wer hat noch nie bei Zalando bestellt? Ob gro\u00dfe Marke oder kleines Gesch\u00e4ft an der Ecke: Mit \u00fcber 7.000 Partner Stores Marken bringt Zalando Mode und mehr zum Kunden. Wer ein station\u00e4res Gesch\u00e4ft, Ware und eine Warenwirtschaft hat, der kann seit 2018 sein Gesch\u00e4ft an Zalando anschlie\u00dfen und an Millionen Kunden online verkaufen.<\/p>\n<p>\u201eWir sind auf dem Weg zum Starting Point for Fashion,\u201c sagt Dr. Carsten Keller, Vice President Direct to Consumer bei Zalando. Er ist zu Gast im 麻豆原创 News Podcast und stellt das Konzept von Connected Retail vor. \u201e80 Prozent des Umsatzes in der Mode werden in station\u00e4ren Gesch\u00e4ften get\u00e4tigt \u2013 die Ware ist in den Innenst\u00e4dten, in den Malls.\u201c Zalando kann auch diese Produkte \u00fcber die Plattform anbieten. F\u00fcr die Zalando-Kunden bedeutet das: Breitere Auswahl, h\u00f6here Verf\u00fcgbarkeit und oft auch k\u00fcrzere Lieferwege.<\/p>\n<h2>Gemeinsam mit 麻豆原创 entwickelte Plattform erm\u00f6glicht Connected Retail<\/h2>\n<p>Dieter Becker, Enterprise Customer Success Partner bei 麻豆原创, erl\u00e4utert im Podcast, wie gro\u00dfe Unternehmen, die 麻豆原创 bereits im Hause haben, noch schneller und leichter auf die Zalando-Plattform kommen k\u00f6nnen. In einer gemeinsamen Partnerschaft hat man eine L\u00f6sung entwickelt, mit der Stores, die 麻豆原创-Software nutzen, in nur zwei Wochen mit ihrem Angebot angeschlossen werden k\u00f6nnen. \u201eAuch wenn viele Unternehmen sehr unterschiedlich sind, so sind doch viele Prozesse gleich,\u201c erkl\u00e4rt Becker.<\/p>\n<p>Connected Retail, ein Konzept, das \u00fcber die Branche hinaus Schule machen kann, wie Dr. Carsten Keller sagt: \u201eDas Konzept hat unsere Industrie ver\u00e4ndert, andere stehen da noch am Anfang, auch da wird der Plattformgedanke gro\u00dfe Ver\u00e4nderungen bringen.<\/p>\n<div class=\"panel callout\">\n<p style=\"text-align: center\"><strong><a href=\"https:\/\/news.sap.com\/germany\/?p=163001\" target=\"_blank\" rel=\"noopener\">H\u00f6ren Sie rein in den neuen 麻豆原创 News Podcast<\/a><\/strong><\/p>\n<\/div>\n","protected":false},"excerpt":{"rendered":"<p>Hand auf&#8217;s Herz: Wer hat noch nie bei Zalando bestellt? Ob gro\u00dfe Marke oder kleines Gesch\u00e4ft an der Ecke: Mit \u00fcber 7.000 Partner Stores Marken&#8230;<\/p>\n","protected":false},"author":29,"featured_media":163049,"comment_status":"closed","ping_status":"closed","sticky":false,"template":"","format":"standard","meta":{"related_posts":[],"footnotes":"","_links_to":"","_links_to_target":""},"categories":[45271],"tags":[5624195,92,4879493],"series":[],"sapn-display":[45149,3848,45027],"sapn-type":[45277],"class_list":["post-162968","post","type-post","status-publish","format-standard","has-post-thumbnail","hentry","category-branchen","tag-podcasts","tag-retail","tag-sap","sapn-display-homepage-hero","sapn-display-top-stories","sapn-display-hero","sapn-type-feature"],"yoast_head":"<!-- This site is optimized with the Yoast SEO Premium plugin v26.9 (Yoast SEO v26.9) - https:\/\/yoast.com\/product\/yoast-seo-premium-wordpress\/ -->\n<title>Podcast: Der station\u00e4re Handel von Zalando | 麻豆原创 News Center<\/title>\n<meta name=\"description\" content=\"H\u00f6ren Sie die neue Podcast-Folge \u00fcber die Integration des station\u00e4ren Handels bei Zalando mit Dr. Carsten Keller.\" \/>\n<meta name=\"robots\" content=\"index, follow, max-snippet:-1, max-image-preview:large, max-video-preview:-1\" \/>\n<link rel=\"canonical\" href=\"https:\/\/news.sap.com\/germany\/2022\/10\/podcast-integration-stationaerer-handel-von-zalando\/\" \/>\n<meta property=\"og:locale\" content=\"de_DE\" \/>\n<meta property=\"og:type\" content=\"article\" \/>\n<meta property=\"og:title\" content=\"Podcast: Die Integration des station\u00e4ren Handels von Zalando\" \/>\n<meta property=\"og:description\" content=\"H\u00f6ren Sie die neue Podcast-Folge \u00fcber die Integration des station\u00e4ren Handels bei Zalando mit Dr. Carsten Keller.\" \/>\n<meta property=\"og:url\" content=\"https:\/\/news.sap.com\/germany\/2022\/10\/podcast-integration-stationaerer-handel-von-zalando\/\" \/>\n<meta property=\"og:site_name\" content=\"麻豆原创 News Center\" \/>\n<meta property=\"article:published_time\" content=\"2022-10-18T07:00:27+00:00\" \/>\n<meta property=\"article:modified_time\" content=\"2023-03-09T14:54:38+00:00\" \/>\n<meta property=\"og:image\" content=\"https:\/\/news.sap.com\/germany\/files\/2022\/10\/18\/Dr.-Carsten-Keller-Headerbild-Podcast-copy-4.png\" \/>\n\t<meta property=\"og:image:width\" content=\"1920\" \/>\n\t<meta property=\"og:image:height\" content=\"600\" \/>\n\t<meta property=\"og:image:type\" content=\"image\/png\" \/>\n<meta name=\"author\" content=\"麻豆原创 News\" \/>\n<meta name=\"twitter:card\" content=\"summary_large_image\" \/>\n<meta name=\"twitter:creator\" content=\"@麻豆原创dach\" \/>\n<meta name=\"twitter:site\" content=\"@麻豆原创dach\" \/>\n<meta name=\"twitter:label1\" content=\"Verfasst von\" \/>\n\t<meta name=\"twitter:data1\" content=\"麻豆原创 News\" \/>\n\t<meta name=\"twitter:label2\" content=\"Gesch\u00e4tzte Lesezeit\" \/>\n\t<meta name=\"twitter:data2\" content=\"2\u00a0Minuten\" \/>\n<script type=\"application\/ld+json\" class=\"yoast-schema-graph\">{\"@context\":\"https:\/\/schema.org\",\"@graph\":[{\"@type\":\"Article\",\"@id\":\"https:\/\/news.sap.com\/germany\/2022\/10\/podcast-integration-stationaerer-handel-von-zalando\/#article\",\"isPartOf\":{\"@id\":\"https:\/\/news.sap.com\/germany\/2022\/10\/podcast-integration-stationaerer-handel-von-zalando\/\"},\"author\":{\"name\":\"麻豆原创 News\",\"@id\":\"https:\/\/news.sap.com\/germany\/#\/schema\/person\/53b9854bd790d6f18f3fc4bbb2ad7570\"},\"headline\":\"Podcast: Die Integration des station\u00e4ren Handels von Zalando\",\"datePublished\":\"2022-10-18T07:00:27+00:00\",\"dateModified\":\"2023-03-09T14:54:38+00:00\",\"mainEntityOfPage\":{\"@id\":\"https:\/\/news.sap.com\/germany\/2022\/10\/podcast-integration-stationaerer-handel-von-zalando\/\"},\"wordCount\":292,\"image\":{\"@id\":\"https:\/\/news.sap.com\/germany\/2022\/10\/podcast-integration-stationaerer-handel-von-zalando\/#primaryimage\"},\"thumbnailUrl\":\"https:\/\/news.sap.com\/germany\/files\/2022\/10\/18\/Dr.-Carsten-Keller-Headerbild-Podcast-copy-4.png\",\"keywords\":[\"Podcasts\",\"Retail\",\"麻豆原创\"],\"articleSection\":[\"Branchen\"],\"inLanguage\":\"de\"},{\"@type\":\"WebPage\",\"@id\":\"https:\/\/news.sap.com\/germany\/2022\/10\/podcast-integration-stationaerer-handel-von-zalando\/\",\"url\":\"https:\/\/news.sap.com\/germany\/2022\/10\/podcast-integration-stationaerer-handel-von-zalando\/\",\"name\":\"Podcast: Der station\u00e4re Handel von Zalando | 麻豆原创 News Center\",\"isPartOf\":{\"@id\":\"https:\/\/news.sap.com\/germany\/#website\"},\"primaryImageOfPage\":{\"@id\":\"https:\/\/news.sap.com\/germany\/2022\/10\/podcast-integration-stationaerer-handel-von-zalando\/#primaryimage\"},\"image\":{\"@id\":\"https:\/\/news.sap.com\/germany\/2022\/10\/podcast-integration-stationaerer-handel-von-zalando\/#primaryimage\"},\"thumbnailUrl\":\"https:\/\/news.sap.com\/germany\/files\/2022\/10\/18\/Dr.-Carsten-Keller-Headerbild-Podcast-copy-4.png\",\"datePublished\":\"2022-10-18T07:00:27+00:00\",\"dateModified\":\"2023-03-09T14:54:38+00:00\",\"author\":{\"@id\":\"https:\/\/news.sap.com\/germany\/#\/schema\/person\/53b9854bd790d6f18f3fc4bbb2ad7570\"},\"description\":\"H\u00f6ren Sie die neue Podcast-Folge \u00fcber die Integration des station\u00e4ren Handels bei Zalando mit Dr. Carsten Keller.\",\"breadcrumb\":{\"@id\":\"https:\/\/news.sap.com\/germany\/2022\/10\/podcast-integration-stationaerer-handel-von-zalando\/#breadcrumb\"},\"inLanguage\":\"de\",\"potentialAction\":[{\"@type\":\"ReadAction\",\"target\":[\"https:\/\/news.sap.com\/germany\/2022\/10\/podcast-integration-stationaerer-handel-von-zalando\/\"]}]},{\"@type\":\"ImageObject\",\"inLanguage\":\"de\",\"@id\":\"https:\/\/news.sap.com\/germany\/2022\/10\/podcast-integration-stationaerer-handel-von-zalando\/#primaryimage\",\"url\":\"https:\/\/news.sap.com\/germany\/files\/2022\/10\/18\/Dr.-Carsten-Keller-Headerbild-Podcast-copy-4.png\",\"contentUrl\":\"https:\/\/news.sap.com\/germany\/files\/2022\/10\/18\/Dr.-Carsten-Keller-Headerbild-Podcast-copy-4.png\",\"width\":1920,\"height\":600,\"caption\":\"Dr. Carsten Keller spricht \u00fcber die Integration des station\u00e4ren Handels von Zalando\"},{\"@type\":\"BreadcrumbList\",\"@id\":\"https:\/\/news.sap.com\/germany\/2022\/10\/podcast-integration-stationaerer-handel-von-zalando\/#breadcrumb\",\"itemListElement\":[{\"@type\":\"ListItem\",\"position\":1,\"name\":\"Home\",\"item\":\"https:\/\/news.sap.com\/germany\/\"},{\"@type\":\"ListItem\",\"position\":2,\"name\":\"Podcast: Die Integration des station\u00e4ren Handels von Zalando\"}]},{\"@type\":\"WebSite\",\"@id\":\"https:\/\/news.sap.com\/germany\/#website\",\"url\":\"https:\/\/news.sap.com\/germany\/\",\"name\":\"麻豆原创 News Center\",\"description\":\"Unternehmensberichte &amp; 麻豆原创eportal\",\"potentialAction\":[{\"@type\":\"SearchAction\",\"target\":{\"@type\":\"EntryPoint\",\"urlTemplate\":\"https:\/\/news.sap.com\/germany\/?s={search_term_string}\"},\"query-input\":{\"@type\":\"PropertyValueSpecification\",\"valueRequired\":true,\"valueName\":\"search_term_string\"}}],\"inLanguage\":\"de\"},{\"@type\":\"Person\",\"@id\":\"https:\/\/news.sap.com\/germany\/#\/schema\/person\/53b9854bd790d6f18f3fc4bbb2ad7570\",\"name\":\"麻豆原创 News\",\"image\":{\"@type\":\"ImageObject\",\"inLanguage\":\"de\",\"@id\":\"https:\/\/news.sap.com\/germany\/#\/schema\/person\/image\/\",\"url\":\"https:\/\/secure.gravatar.com\/avatar\/2728bb4d664345cda4951e11847acc1bfd2bc77830d9abd17fc4f54437acd5b4?s=96&d=blank&r=g\",\"contentUrl\":\"https:\/\/secure.gravatar.com\/avatar\/2728bb4d664345cda4951e11847acc1bfd2bc77830d9abd17fc4f54437acd5b4?s=96&d=blank&r=g\",\"caption\":\"麻豆原创 News\"},\"url\":\"https:\/\/news.sap.com\/germany\/author\/colleenraftery\/\"}]}<\/script>\n<!-- \/ Yoast SEO Premium plugin. -->","yoast_head_json":{"title":"Podcast: Der station\u00e4re Handel von Zalando | 麻豆原创 News Center","description":"H\u00f6ren Sie die neue Podcast-Folge \u00fcber die Integration des station\u00e4ren Handels bei Zalando mit Dr. Carsten Keller.","robots":{"index":"index","follow":"follow","max-snippet":"max-snippet:-1","max-image-preview":"max-image-preview:large","max-video-preview":"max-video-preview:-1"},"canonical":"https:\/\/news.sap.com\/germany\/2022\/10\/podcast-integration-stationaerer-handel-von-zalando\/","og_locale":"de_DE","og_type":"article","og_title":"Podcast: Die Integration des station\u00e4ren Handels von Zalando","og_description":"H\u00f6ren Sie die neue Podcast-Folge \u00fcber die Integration des station\u00e4ren Handels bei Zalando mit Dr. Carsten Keller.","og_url":"https:\/\/news.sap.com\/germany\/2022\/10\/podcast-integration-stationaerer-handel-von-zalando\/","og_site_name":"麻豆原创 News Center","article_published_time":"2022-10-18T07:00:27+00:00","article_modified_time":"2023-03-09T14:54:38+00:00","og_image":[{"width":1920,"height":600,"url":"https:\/\/news.sap.com\/germany\/files\/2022\/10\/18\/Dr.-Carsten-Keller-Headerbild-Podcast-copy-4.png","type":"image\/png"}],"author":"麻豆原创 News","twitter_card":"summary_large_image","twitter_creator":"@麻豆原创dach","twitter_site":"@麻豆原创dach","twitter_misc":{"Verfasst von":"麻豆原创 News","Gesch\u00e4tzte Lesezeit":"2\u00a0Minuten"},"schema":{"@context":"https:\/\/schema.org","@graph":[{"@type":"Article","@id":"https:\/\/news.sap.com\/germany\/2022\/10\/podcast-integration-stationaerer-handel-von-zalando\/#article","isPartOf":{"@id":"https:\/\/news.sap.com\/germany\/2022\/10\/podcast-integration-stationaerer-handel-von-zalando\/"},"author":{"name":"麻豆原创 News","@id":"https:\/\/news.sap.com\/germany\/#\/schema\/person\/53b9854bd790d6f18f3fc4bbb2ad7570"},"headline":"Podcast: Die Integration des station\u00e4ren Handels von Zalando","datePublished":"2022-10-18T07:00:27+00:00","dateModified":"2023-03-09T14:54:38+00:00","mainEntityOfPage":{"@id":"https:\/\/news.sap.com\/germany\/2022\/10\/podcast-integration-stationaerer-handel-von-zalando\/"},"wordCount":292,"image":{"@id":"https:\/\/news.sap.com\/germany\/2022\/10\/podcast-integration-stationaerer-handel-von-zalando\/#primaryimage"},"thumbnailUrl":"https:\/\/news.sap.com\/germany\/files\/2022\/10\/18\/Dr.-Carsten-Keller-Headerbild-Podcast-copy-4.png","keywords":["Podcasts","Retail","麻豆原创"],"articleSection":["Branchen"],"inLanguage":"de"},{"@type":"WebPage","@id":"https:\/\/news.sap.com\/germany\/2022\/10\/podcast-integration-stationaerer-handel-von-zalando\/","url":"https:\/\/news.sap.com\/germany\/2022\/10\/podcast-integration-stationaerer-handel-von-zalando\/","name":"Podcast: Der station\u00e4re Handel von Zalando | 麻豆原创 News Center","isPartOf":{"@id":"https:\/\/news.sap.com\/germany\/#website"},"primaryImageOfPage":{"@id":"https:\/\/news.sap.com\/germany\/2022\/10\/podcast-integration-stationaerer-handel-von-zalando\/#primaryimage"},"image":{"@id":"https:\/\/news.sap.com\/germany\/2022\/10\/podcast-integration-stationaerer-handel-von-zalando\/#primaryimage"},"thumbnailUrl":"https:\/\/news.sap.com\/germany\/files\/2022\/10\/18\/Dr.-Carsten-Keller-Headerbild-Podcast-copy-4.png","datePublished":"2022-10-18T07:00:27+00:00","dateModified":"2023-03-09T14:54:38+00:00","author":{"@id":"https:\/\/news.sap.com\/germany\/#\/schema\/person\/53b9854bd790d6f18f3fc4bbb2ad7570"},"description":"H\u00f6ren Sie die neue Podcast-Folge \u00fcber die Integration des station\u00e4ren Handels bei Zalando mit Dr. Carsten Keller.","breadcrumb":{"@id":"https:\/\/news.sap.com\/germany\/2022\/10\/podcast-integration-stationaerer-handel-von-zalando\/#breadcrumb"},"inLanguage":"de","potentialAction":[{"@type":"ReadAction","target":["https:\/\/news.sap.com\/germany\/2022\/10\/podcast-integration-stationaerer-handel-von-zalando\/"]}]},{"@type":"ImageObject","inLanguage":"de","@id":"https:\/\/news.sap.com\/germany\/2022\/10\/podcast-integration-stationaerer-handel-von-zalando\/#primaryimage","url":"https:\/\/news.sap.com\/germany\/files\/2022\/10\/18\/Dr.-Carsten-Keller-Headerbild-Podcast-copy-4.png","contentUrl":"https:\/\/news.sap.com\/germany\/files\/2022\/10\/18\/Dr.-Carsten-Keller-Headerbild-Podcast-copy-4.png","width":1920,"height":600,"caption":"Dr. Carsten Keller spricht \u00fcber die Integration des station\u00e4ren Handels von Zalando"},{"@type":"BreadcrumbList","@id":"https:\/\/news.sap.com\/germany\/2022\/10\/podcast-integration-stationaerer-handel-von-zalando\/#breadcrumb","itemListElement":[{"@type":"ListItem","position":1,"name":"Home","item":"https:\/\/news.sap.com\/germany\/"},{"@type":"ListItem","position":2,"name":"Podcast: Die Integration des station\u00e4ren Handels von Zalando"}]},{"@type":"WebSite","@id":"https:\/\/news.sap.com\/germany\/#website","url":"https:\/\/news.sap.com\/germany\/","name":"麻豆原创 News Center","description":"Unternehmensberichte &amp; 麻豆原创eportal","potentialAction":[{"@type":"SearchAction","target":{"@type":"EntryPoint","urlTemplate":"https:\/\/news.sap.com\/germany\/?s={search_term_string}"},"query-input":{"@type":"PropertyValueSpecification","valueRequired":true,"valueName":"search_term_string"}}],"inLanguage":"de"},{"@type":"Person","@id":"https:\/\/news.sap.com\/germany\/#\/schema\/person\/53b9854bd790d6f18f3fc4bbb2ad7570","name":"麻豆原创 News","image":{"@type":"ImageObject","inLanguage":"de","@id":"https:\/\/news.sap.com\/germany\/#\/schema\/person\/image\/","url":"https:\/\/secure.gravatar.com\/avatar\/2728bb4d664345cda4951e11847acc1bfd2bc77830d9abd17fc4f54437acd5b4?s=96&d=blank&r=g","contentUrl":"https:\/\/secure.gravatar.com\/avatar\/2728bb4d664345cda4951e11847acc1bfd2bc77830d9abd17fc4f54437acd5b4?s=96&d=blank&r=g","caption":"麻豆原创 News"},"url":"https:\/\/news.sap.com\/germany\/author\/colleenraftery\/"}]}},"amp_enabled":true,"_links":{"self":[{"href":"https:\/\/news.sap.com\/germany\/wp-json\/wp\/v2\/posts\/162968","targetHints":{"allow":["GET"]}}],"collection":[{"href":"https:\/\/news.sap.com\/germany\/wp-json\/wp\/v2\/posts"}],"about":[{"href":"https:\/\/news.sap.com\/germany\/wp-json\/wp\/v2\/types\/post"}],"author":[{"embeddable":true,"href":"https:\/\/news.sap.com\/germany\/wp-json\/wp\/v2\/users\/29"}],"replies":[{"embeddable":true,"href":"https:\/\/news.sap.com\/germany\/wp-json\/wp\/v2\/comments?post=162968"}],"version-history":[{"count":0,"href":"https:\/\/news.sap.com\/germany\/wp-json\/wp\/v2\/posts\/162968\/revisions"}],"wp:featuredmedia":[{"embeddable":true,"href":"https:\/\/news.sap.com\/germany\/wp-json\/wp\/v2\/media\/163049"}],"wp:attachment":[{"href":"https:\/\/news.sap.com\/germany\/wp-json\/wp\/v2\/media?parent=162968"}],"wp:term":[{"taxonomy":"category","embeddable":true,"href":"https:\/\/news.sap.com\/germany\/wp-json\/wp\/v2\/categories?post=162968"},{"taxonomy":"post_tag","embeddable":true,"href":"https:\/\/news.sap.com\/germany\/wp-json\/wp\/v2\/tags?post=162968"},{"taxonomy":"series","embeddable":true,"href":"https:\/\/news.sap.com\/germany\/wp-json\/wp\/v2\/series?post=162968"},{"taxonomy":"sapn-display","embeddable":true,"href":"https:\/\/news.sap.com\/germany\/wp-json\/wp\/v2\/sapn-display?post=162968"},{"taxonomy":"sapn-type","embeddable":true,"href":"https:\/\/news.sap.com\/germany\/wp-json\/wp\/v2\/sapn-type?post=162968"}],"curies":[{"name":"wp","href":"https:\/\/api.w.org\/{rel}","templated":true}]}}