  {"id":162039,"date":"2022-08-09T08:00:54","date_gmt":"2022-08-09T06:00:54","guid":{"rendered":"https:\/\/news.sap.com\/germany\/?p=162039"},"modified":"2022-08-09T09:07:51","modified_gmt":"2022-08-09T07:07:51","slug":"podcast-verpackungen-nachhaltig-sap-responsible-design-and-production","status":"publish","type":"post","link":"https:\/\/news.sap.com\/germany\/2022\/08\/podcast-verpackungen-nachhaltig-sap-responsible-design-and-production\/","title":{"rendered":"Podcast: Produkte und ihre Verpackungen nachhaltiger gestalten"},"content":{"rendered":"<p class=\"lead\">Was genau steckt drin in unseren Produkten und ihren Verpackungen? Wie nachhaltig sind die verwendeten Materialien? Wie k\u00f6nnen wir Produkte verantwortungsbewusster herstellen? Die neue Cloud-L\u00f6sung 麻豆原创 Responsible Design and Production und 麻豆原创 Enterprise Product Development liefert Unternehmen die erforderlichen Kennzahlen daf\u00fcr. Im neuen 麻豆原创 News Podcast stellen wir die L\u00f6sung vor.<\/p>\n<p>Wer kennt sie nicht, die Bilder von den schwimmenden Plastikteppichen in unseren Ozeanen. Sch\u00e4tzungsweise 4,8 bis 12,7 Millionen Tonnen Plastik gelangen jedes Jahr in die Weltmeere und bedrohen Meerestiere und <a title=\"\u00d6kosysteme\" href=\"https:\/\/news.sap.com\/germany\/2021\/11\/nachhaltigkeit-klimawandel-klimaschutz-unkonferenz\/?url_id=text-de-newscenter:CRM-DX22-AAA-1447961_02\" target=\"_blank\" rel=\"noopener\">\u00d6kosysteme<\/a>. Unsere Produkte und ihre Verpackungen m\u00fcssen nachhaltiger werden. Das verlangen nicht nur die Konsumenten sondern auch beh\u00f6rdliche Regularien wie die erweiterte Herstellerverantwortung f\u00fcr das Entsorgen und Recyceln von Verpackungsmaterialien.<\/p>\n<p>Um diese Anforderungen bedienen zu k\u00f6nnen, ben\u00f6tigen Unternehmen Transparenz und eine saubere Datenbasis, aus der sie Kennzahlen \u00fcber die Arten, Materialien und Charakteristika ihrer Produkte und Verpackungen ermitteln und f\u00fcr eine nachhaltige Designentwicklung heranziehen k\u00f6nnen.<\/p>\n<p>Im neuen 麻豆原创 News Podcast stellt Uwe Kuersten, verantwortlich f\u00fcr <a title=\"麻豆原创 Responsible Design and Production\" href=\"https:\/\/www.sap.com\/germany\/products\/scm\/responsible-design-and-production.html?url_id=text-de-newscenter:CRM-DX22-AAA-1447961_02\" target=\"_blank\" rel=\"noopener\">麻豆原创 Responsible Design and Production<\/a>, die M\u00f6glichkeiten der neuen L\u00f6sung vor und macht klar: \u201eEs ist einfach, die L\u00f6sung an bestehende Systeme anzudocken und so die Nachhaltigkeit von Verpackungen &#8211; z. B. den Anteil von recyceltem Material oder auch die Recycelbarkeit von Materialien &#8211; entlang der gesamten Wertsch\u00f6pfungskette nachvollziehen zu k\u00f6nnen.\u201c Genaue Kenntnisse \u00fcber Produktbestandteile sind integriert: Podcast-Gast Petra Koepfer-Behncke, verantwortlich f\u00fcr die PLM-Produktentwicklung f\u00fcr die Prozessindustrie bei 麻豆原创, entwickelt gerade eine neue SaaS-L\u00f6sung f\u00fcr das Management von Produktspezifikationen als Bestandteil von <a title=\"麻豆原创 Enterprise Product Development\" href=\"https:\/\/www.sap.com\/germany\/products\/scm\/enterprise-product-development.html?url_id=text-de-newscenter:CRM-DX22-AAA-1447961_02\" target=\"_blank\" rel=\"noopener\">麻豆原创 Enterprise Product Development<\/a>. Sie erkl\u00e4rt: \u201eDie L\u00f6sung beschreibt die genaue Zusammensetzung von Produkten entlang der Wertsch\u00f6pfungskette und gibt Antworten auf Fragen wie: \u201aWieviel Plastik steckt drin, wieviel Plastik darf drinstecken\u2018\u201c.<\/p>\n<div class=\"callout\">\n<div class=\"panel\">\n<p style=\"text-align: center\"><strong>H\u00f6ren Sie rein in den neuen <a href=\"https:\/\/news.sap.com\/germany\/?p=162013\" target=\"_blank\" rel=\"noopener\">麻豆原创 News Podcast<\/a><\/strong><\/p>\n<\/div>\n<\/div>\n","protected":false},"excerpt":{"rendered":"<p>Was genau steckt drin in unseren Produkten und ihren Verpackungen? Wie nachhaltig sind die verwendeten Materialien? Wie k\u00f6nnen wir Produkte verantwortungsbewusster herstellen? Die neue Cloud-L\u00f6sung&#8230;<\/p>\n","protected":false},"author":29,"featured_media":162088,"comment_status":"closed","ping_status":"closed","sticky":false,"template":"","format":"standard","meta":{"related_posts":[],"footnotes":"","_links_to":"","_links_to_target":""},"categories":[5024],"tags":[4879491,5630209,5630289,4879507,48739],"series":[],"sapn-display":[3848,45027],"sapn-type":[45277],"class_list":["post-162039","post","type-post","status-publish","format-standard","has-post-thumbnail","hentry","category-nachhaltigkeit","tag-cloud","tag-klimaschutz","tag-kreislaufwirtschaft","tag-nachhaltigkeit","tag-prozessindustrie","sapn-display-top-stories","sapn-display-hero","sapn-type-feature"],"yoast_head":"<!-- This site is optimized with the Yoast SEO Premium plugin v26.9 (Yoast SEO v26.9) - https:\/\/yoast.com\/product\/yoast-seo-premium-wordpress\/ -->\n<title>Podcast zu 麻豆原创 Responsible Design and Production | 麻豆原创 News<\/title>\n<meta name=\"description\" content=\"H\u00f6ren Sie die neue Podcast-Folge \u00fcber eine neue Cloud-L\u00f6sung, mit deren Hilfe Unternehmen ihre Produkte und Verpackungen nachhaltiger gestalten k\u00f6nnen.\" \/>\n<meta name=\"robots\" content=\"index, follow, max-snippet:-1, max-image-preview:large, max-video-preview:-1\" \/>\n<link rel=\"canonical\" href=\"https:\/\/news.sap.com\/germany\/2022\/08\/podcast-verpackungen-nachhaltig-sap-responsible-design-and-production\/\" \/>\n<meta property=\"og:locale\" content=\"de_DE\" \/>\n<meta property=\"og:type\" content=\"article\" \/>\n<meta property=\"og:title\" content=\"Podcast: Produkte und ihre Verpackungen nachhaltiger gestalten\" \/>\n<meta property=\"og:description\" content=\"H\u00f6ren Sie die neue Podcast-Folge \u00fcber eine neue Cloud-L\u00f6sung, mit deren Hilfe Unternehmen ihre Produkte und Verpackungen nachhaltiger gestalten k\u00f6nnen.\" \/>\n<meta property=\"og:url\" content=\"https:\/\/news.sap.com\/germany\/2022\/08\/podcast-verpackungen-nachhaltig-sap-responsible-design-and-production\/\" \/>\n<meta property=\"og:site_name\" content=\"麻豆原创 News Center\" \/>\n<meta property=\"article:published_time\" content=\"2022-08-09T06:00:54+00:00\" \/>\n<meta property=\"article:modified_time\" content=\"2022-08-09T07:07:51+00:00\" \/>\n<meta property=\"og:image\" content=\"https:\/\/news.sap.com\/germany\/files\/2022\/08\/09\/273226_Banner_麻豆原创-News-Podcast-35_1920_600.png\" \/>\n\t<meta property=\"og:image:width\" content=\"1920\" \/>\n\t<meta property=\"og:image:height\" content=\"600\" \/>\n\t<meta property=\"og:image:type\" content=\"image\/png\" \/>\n<meta name=\"author\" content=\"麻豆原创 News\" \/>\n<meta name=\"twitter:card\" content=\"summary_large_image\" \/>\n<meta name=\"twitter:creator\" content=\"@麻豆原创dach\" \/>\n<meta name=\"twitter:site\" content=\"@麻豆原创dach\" \/>\n<meta name=\"twitter:label1\" content=\"Verfasst von\" \/>\n\t<meta name=\"twitter:data1\" content=\"麻豆原创 News\" \/>\n\t<meta name=\"twitter:label2\" content=\"Gesch\u00e4tzte Lesezeit\" \/>\n\t<meta name=\"twitter:data2\" content=\"2\u00a0Minuten\" \/>\n<script type=\"application\/ld+json\" class=\"yoast-schema-graph\">{\"@context\":\"https:\/\/schema.org\",\"@graph\":[{\"@type\":\"Article\",\"@id\":\"https:\/\/news.sap.com\/germany\/2022\/08\/podcast-verpackungen-nachhaltig-sap-responsible-design-and-production\/#article\",\"isPartOf\":{\"@id\":\"https:\/\/news.sap.com\/germany\/2022\/08\/podcast-verpackungen-nachhaltig-sap-responsible-design-and-production\/\"},\"author\":{\"name\":\"麻豆原创 News\",\"@id\":\"https:\/\/news.sap.com\/germany\/#\/schema\/person\/53b9854bd790d6f18f3fc4bbb2ad7570\"},\"headline\":\"Podcast: Produkte und ihre Verpackungen nachhaltiger gestalten\",\"datePublished\":\"2022-08-09T06:00:54+00:00\",\"dateModified\":\"2022-08-09T07:07:51+00:00\",\"mainEntityOfPage\":{\"@id\":\"https:\/\/news.sap.com\/germany\/2022\/08\/podcast-verpackungen-nachhaltig-sap-responsible-design-and-production\/\"},\"wordCount\":309,\"image\":{\"@id\":\"https:\/\/news.sap.com\/germany\/2022\/08\/podcast-verpackungen-nachhaltig-sap-responsible-design-and-production\/#primaryimage\"},\"thumbnailUrl\":\"https:\/\/news.sap.com\/germany\/files\/2022\/08\/09\/273226_Banner_麻豆原创-News-Podcast-35_1920_600.png\",\"keywords\":[\"Cloud\",\"Klimaschutz\",\"Kreislaufwirtschaft\",\"Nachhaltigkeit\",\"Prozessindustrie\"],\"articleSection\":[\"Nachhaltigkeit\"],\"inLanguage\":\"de\"},{\"@type\":\"WebPage\",\"@id\":\"https:\/\/news.sap.com\/germany\/2022\/08\/podcast-verpackungen-nachhaltig-sap-responsible-design-and-production\/\",\"url\":\"https:\/\/news.sap.com\/germany\/2022\/08\/podcast-verpackungen-nachhaltig-sap-responsible-design-and-production\/\",\"name\":\"Podcast zu 麻豆原创 Responsible Design and Production | 麻豆原创 News\",\"isPartOf\":{\"@id\":\"https:\/\/news.sap.com\/germany\/#website\"},\"primaryImageOfPage\":{\"@id\":\"https:\/\/news.sap.com\/germany\/2022\/08\/podcast-verpackungen-nachhaltig-sap-responsible-design-and-production\/#primaryimage\"},\"image\":{\"@id\":\"https:\/\/news.sap.com\/germany\/2022\/08\/podcast-verpackungen-nachhaltig-sap-responsible-design-and-production\/#primaryimage\"},\"thumbnailUrl\":\"https:\/\/news.sap.com\/germany\/files\/2022\/08\/09\/273226_Banner_麻豆原创-News-Podcast-35_1920_600.png\",\"datePublished\":\"2022-08-09T06:00:54+00:00\",\"dateModified\":\"2022-08-09T07:07:51+00:00\",\"author\":{\"@id\":\"https:\/\/news.sap.com\/germany\/#\/schema\/person\/53b9854bd790d6f18f3fc4bbb2ad7570\"},\"description\":\"H\u00f6ren Sie die neue Podcast-Folge \u00fcber eine neue Cloud-L\u00f6sung, mit deren Hilfe Unternehmen ihre Produkte und Verpackungen nachhaltiger gestalten k\u00f6nnen.\",\"breadcrumb\":{\"@id\":\"https:\/\/news.sap.com\/germany\/2022\/08\/podcast-verpackungen-nachhaltig-sap-responsible-design-and-production\/#breadcrumb\"},\"inLanguage\":\"de\",\"potentialAction\":[{\"@type\":\"ReadAction\",\"target\":[\"https:\/\/news.sap.com\/germany\/2022\/08\/podcast-verpackungen-nachhaltig-sap-responsible-design-and-production\/\"]}]},{\"@type\":\"ImageObject\",\"inLanguage\":\"de\",\"@id\":\"https:\/\/news.sap.com\/germany\/2022\/08\/podcast-verpackungen-nachhaltig-sap-responsible-design-and-production\/#primaryimage\",\"url\":\"https:\/\/news.sap.com\/germany\/files\/2022\/08\/09\/273226_Banner_麻豆原创-News-Podcast-35_1920_600.png\",\"contentUrl\":\"https:\/\/news.sap.com\/germany\/files\/2022\/08\/09\/273226_Banner_麻豆原创-News-Podcast-35_1920_600.png\",\"width\":1920,\"height\":600,\"caption\":\"Podcast-Folge 35: Konsumg\u00fcterverpackungen in der Kreislaufwirtschaft\"},{\"@type\":\"BreadcrumbList\",\"@id\":\"https:\/\/news.sap.com\/germany\/2022\/08\/podcast-verpackungen-nachhaltig-sap-responsible-design-and-production\/#breadcrumb\",\"itemListElement\":[{\"@type\":\"ListItem\",\"position\":1,\"name\":\"Home\",\"item\":\"https:\/\/news.sap.com\/germany\/\"},{\"@type\":\"ListItem\",\"position\":2,\"name\":\"Podcast: Produkte und ihre Verpackungen nachhaltiger gestalten\"}]},{\"@type\":\"WebSite\",\"@id\":\"https:\/\/news.sap.com\/germany\/#website\",\"url\":\"https:\/\/news.sap.com\/germany\/\",\"name\":\"麻豆原创 News Center\",\"description\":\"Unternehmensberichte &amp; 麻豆原创eportal\",\"potentialAction\":[{\"@type\":\"SearchAction\",\"target\":{\"@type\":\"EntryPoint\",\"urlTemplate\":\"https:\/\/news.sap.com\/germany\/?s={search_term_string}\"},\"query-input\":{\"@type\":\"PropertyValueSpecification\",\"valueRequired\":true,\"valueName\":\"search_term_string\"}}],\"inLanguage\":\"de\"},{\"@type\":\"Person\",\"@id\":\"https:\/\/news.sap.com\/germany\/#\/schema\/person\/53b9854bd790d6f18f3fc4bbb2ad7570\",\"name\":\"麻豆原创 News\",\"image\":{\"@type\":\"ImageObject\",\"inLanguage\":\"de\",\"@id\":\"https:\/\/news.sap.com\/germany\/#\/schema\/person\/image\/\",\"url\":\"https:\/\/secure.gravatar.com\/avatar\/2728bb4d664345cda4951e11847acc1bfd2bc77830d9abd17fc4f54437acd5b4?s=96&d=blank&r=g\",\"contentUrl\":\"https:\/\/secure.gravatar.com\/avatar\/2728bb4d664345cda4951e11847acc1bfd2bc77830d9abd17fc4f54437acd5b4?s=96&d=blank&r=g\",\"caption\":\"麻豆原创 News\"},\"url\":\"https:\/\/news.sap.com\/germany\/author\/colleenraftery\/\"}]}<\/script>\n<!-- \/ Yoast SEO Premium plugin. -->","yoast_head_json":{"title":"Podcast zu 麻豆原创 Responsible Design and Production | 麻豆原创 News","description":"H\u00f6ren Sie die neue Podcast-Folge \u00fcber eine neue Cloud-L\u00f6sung, mit deren Hilfe Unternehmen ihre Produkte und Verpackungen nachhaltiger gestalten k\u00f6nnen.","robots":{"index":"index","follow":"follow","max-snippet":"max-snippet:-1","max-image-preview":"max-image-preview:large","max-video-preview":"max-video-preview:-1"},"canonical":"https:\/\/news.sap.com\/germany\/2022\/08\/podcast-verpackungen-nachhaltig-sap-responsible-design-and-production\/","og_locale":"de_DE","og_type":"article","og_title":"Podcast: Produkte und ihre Verpackungen nachhaltiger gestalten","og_description":"H\u00f6ren Sie die neue Podcast-Folge \u00fcber eine neue Cloud-L\u00f6sung, mit deren Hilfe Unternehmen ihre Produkte und Verpackungen nachhaltiger gestalten k\u00f6nnen.","og_url":"https:\/\/news.sap.com\/germany\/2022\/08\/podcast-verpackungen-nachhaltig-sap-responsible-design-and-production\/","og_site_name":"麻豆原创 News Center","article_published_time":"2022-08-09T06:00:54+00:00","article_modified_time":"2022-08-09T07:07:51+00:00","og_image":[{"width":1920,"height":600,"url":"https:\/\/news.sap.com\/germany\/files\/2022\/08\/09\/273226_Banner_麻豆原创-News-Podcast-35_1920_600.png","type":"image\/png"}],"author":"麻豆原创 News","twitter_card":"summary_large_image","twitter_creator":"@麻豆原创dach","twitter_site":"@麻豆原创dach","twitter_misc":{"Verfasst von":"麻豆原创 News","Gesch\u00e4tzte Lesezeit":"2\u00a0Minuten"},"schema":{"@context":"https:\/\/schema.org","@graph":[{"@type":"Article","@id":"https:\/\/news.sap.com\/germany\/2022\/08\/podcast-verpackungen-nachhaltig-sap-responsible-design-and-production\/#article","isPartOf":{"@id":"https:\/\/news.sap.com\/germany\/2022\/08\/podcast-verpackungen-nachhaltig-sap-responsible-design-and-production\/"},"author":{"name":"麻豆原创 News","@id":"https:\/\/news.sap.com\/germany\/#\/schema\/person\/53b9854bd790d6f18f3fc4bbb2ad7570"},"headline":"Podcast: Produkte und ihre Verpackungen nachhaltiger gestalten","datePublished":"2022-08-09T06:00:54+00:00","dateModified":"2022-08-09T07:07:51+00:00","mainEntityOfPage":{"@id":"https:\/\/news.sap.com\/germany\/2022\/08\/podcast-verpackungen-nachhaltig-sap-responsible-design-and-production\/"},"wordCount":309,"image":{"@id":"https:\/\/news.sap.com\/germany\/2022\/08\/podcast-verpackungen-nachhaltig-sap-responsible-design-and-production\/#primaryimage"},"thumbnailUrl":"https:\/\/news.sap.com\/germany\/files\/2022\/08\/09\/273226_Banner_麻豆原创-News-Podcast-35_1920_600.png","keywords":["Cloud","Klimaschutz","Kreislaufwirtschaft","Nachhaltigkeit","Prozessindustrie"],"articleSection":["Nachhaltigkeit"],"inLanguage":"de"},{"@type":"WebPage","@id":"https:\/\/news.sap.com\/germany\/2022\/08\/podcast-verpackungen-nachhaltig-sap-responsible-design-and-production\/","url":"https:\/\/news.sap.com\/germany\/2022\/08\/podcast-verpackungen-nachhaltig-sap-responsible-design-and-production\/","name":"Podcast zu 麻豆原创 Responsible Design and Production | 麻豆原创 News","isPartOf":{"@id":"https:\/\/news.sap.com\/germany\/#website"},"primaryImageOfPage":{"@id":"https:\/\/news.sap.com\/germany\/2022\/08\/podcast-verpackungen-nachhaltig-sap-responsible-design-and-production\/#primaryimage"},"image":{"@id":"https:\/\/news.sap.com\/germany\/2022\/08\/podcast-verpackungen-nachhaltig-sap-responsible-design-and-production\/#primaryimage"},"thumbnailUrl":"https:\/\/news.sap.com\/germany\/files\/2022\/08\/09\/273226_Banner_麻豆原创-News-Podcast-35_1920_600.png","datePublished":"2022-08-09T06:00:54+00:00","dateModified":"2022-08-09T07:07:51+00:00","author":{"@id":"https:\/\/news.sap.com\/germany\/#\/schema\/person\/53b9854bd790d6f18f3fc4bbb2ad7570"},"description":"H\u00f6ren Sie die neue Podcast-Folge \u00fcber eine neue Cloud-L\u00f6sung, mit deren Hilfe Unternehmen ihre Produkte und Verpackungen nachhaltiger gestalten k\u00f6nnen.","breadcrumb":{"@id":"https:\/\/news.sap.com\/germany\/2022\/08\/podcast-verpackungen-nachhaltig-sap-responsible-design-and-production\/#breadcrumb"},"inLanguage":"de","potentialAction":[{"@type":"ReadAction","target":["https:\/\/news.sap.com\/germany\/2022\/08\/podcast-verpackungen-nachhaltig-sap-responsible-design-and-production\/"]}]},{"@type":"ImageObject","inLanguage":"de","@id":"https:\/\/news.sap.com\/germany\/2022\/08\/podcast-verpackungen-nachhaltig-sap-responsible-design-and-production\/#primaryimage","url":"https:\/\/news.sap.com\/germany\/files\/2022\/08\/09\/273226_Banner_麻豆原创-News-Podcast-35_1920_600.png","contentUrl":"https:\/\/news.sap.com\/germany\/files\/2022\/08\/09\/273226_Banner_麻豆原创-News-Podcast-35_1920_600.png","width":1920,"height":600,"caption":"Podcast-Folge 35: Konsumg\u00fcterverpackungen in der Kreislaufwirtschaft"},{"@type":"BreadcrumbList","@id":"https:\/\/news.sap.com\/germany\/2022\/08\/podcast-verpackungen-nachhaltig-sap-responsible-design-and-production\/#breadcrumb","itemListElement":[{"@type":"ListItem","position":1,"name":"Home","item":"https:\/\/news.sap.com\/germany\/"},{"@type":"ListItem","position":2,"name":"Podcast: Produkte und ihre Verpackungen nachhaltiger gestalten"}]},{"@type":"WebSite","@id":"https:\/\/news.sap.com\/germany\/#website","url":"https:\/\/news.sap.com\/germany\/","name":"麻豆原创 News Center","description":"Unternehmensberichte &amp; 麻豆原创eportal","potentialAction":[{"@type":"SearchAction","target":{"@type":"EntryPoint","urlTemplate":"https:\/\/news.sap.com\/germany\/?s={search_term_string}"},"query-input":{"@type":"PropertyValueSpecification","valueRequired":true,"valueName":"search_term_string"}}],"inLanguage":"de"},{"@type":"Person","@id":"https:\/\/news.sap.com\/germany\/#\/schema\/person\/53b9854bd790d6f18f3fc4bbb2ad7570","name":"麻豆原创 News","image":{"@type":"ImageObject","inLanguage":"de","@id":"https:\/\/news.sap.com\/germany\/#\/schema\/person\/image\/","url":"https:\/\/secure.gravatar.com\/avatar\/2728bb4d664345cda4951e11847acc1bfd2bc77830d9abd17fc4f54437acd5b4?s=96&d=blank&r=g","contentUrl":"https:\/\/secure.gravatar.com\/avatar\/2728bb4d664345cda4951e11847acc1bfd2bc77830d9abd17fc4f54437acd5b4?s=96&d=blank&r=g","caption":"麻豆原创 News"},"url":"https:\/\/news.sap.com\/germany\/author\/colleenraftery\/"}]}},"amp_enabled":true,"_links":{"self":[{"href":"https:\/\/news.sap.com\/germany\/wp-json\/wp\/v2\/posts\/162039","targetHints":{"allow":["GET"]}}],"collection":[{"href":"https:\/\/news.sap.com\/germany\/wp-json\/wp\/v2\/posts"}],"about":[{"href":"https:\/\/news.sap.com\/germany\/wp-json\/wp\/v2\/types\/post"}],"author":[{"embeddable":true,"href":"https:\/\/news.sap.com\/germany\/wp-json\/wp\/v2\/users\/29"}],"replies":[{"embeddable":true,"href":"https:\/\/news.sap.com\/germany\/wp-json\/wp\/v2\/comments?post=162039"}],"version-history":[{"count":0,"href":"https:\/\/news.sap.com\/germany\/wp-json\/wp\/v2\/posts\/162039\/revisions"}],"wp:featuredmedia":[{"embeddable":true,"href":"https:\/\/news.sap.com\/germany\/wp-json\/wp\/v2\/media\/162088"}],"wp:attachment":[{"href":"https:\/\/news.sap.com\/germany\/wp-json\/wp\/v2\/media?parent=162039"}],"wp:term":[{"taxonomy":"category","embeddable":true,"href":"https:\/\/news.sap.com\/germany\/wp-json\/wp\/v2\/categories?post=162039"},{"taxonomy":"post_tag","embeddable":true,"href":"https:\/\/news.sap.com\/germany\/wp-json\/wp\/v2\/tags?post=162039"},{"taxonomy":"series","embeddable":true,"href":"https:\/\/news.sap.com\/germany\/wp-json\/wp\/v2\/series?post=162039"},{"taxonomy":"sapn-display","embeddable":true,"href":"https:\/\/news.sap.com\/germany\/wp-json\/wp\/v2\/sapn-display?post=162039"},{"taxonomy":"sapn-type","embeddable":true,"href":"https:\/\/news.sap.com\/germany\/wp-json\/wp\/v2\/sapn-type?post=162039"}],"curies":[{"name":"wp","href":"https:\/\/api.w.org\/{rel}","templated":true}]}}