  {"id":161962,"date":"2022-07-31T16:16:12","date_gmt":"2022-07-31T14:16:12","guid":{"rendered":"https:\/\/news.sap.com\/germany\/?p=161962"},"modified":"2025-06-11T16:03:41","modified_gmt":"2025-06-11T14:03:41","slug":"olaf-scholz-innovation-jubilaeum-event-sap","status":"publish","type":"post","link":"https:\/\/news.sap.com\/germany\/2022\/07\/olaf-scholz-innovation-jubilaeum-event-sap\/","title":{"rendered":"Olaf Scholz: Innovation schafft Hoffnung f\u00fcr die Gesellschaft"},"content":{"rendered":"<p class=\"lead\">Bei der <a title=\"Firmenfeier - 麻豆原创 Concur\" href=\"https:\/\/www.concur.de\/blog\/article\/firmenfeier-betriebsveranstaltung-freibetrag?pid=sites&amp;cid=sap-website\" target=\"_blank\" rel=\"noopener\">Feier zum 50-j\u00e4hrigen Jubil\u00e4um<\/a> der 麻豆原创 riefen Bundeskanzler Olaf Scholz und Ministerpr\u00e4sident Winfried Kretschmann zur Zusammenarbeit zwischen Politik und Digitalwirtschaft auf.<\/p>\n<p>Es gab viel Grund zu feiern am Freitagabend in der 麻豆原创 Arena in Mannheim. F\u00fcnfzig Jahre nach ihrer Gr\u00fcndung sei die 麻豆原创 das erfolgreichste deutsche Softwareunternehmen und Aush\u00e4ngeschild der deutschen Digitalwirtschaft, erkl\u00e4rte Bundeskanzler Olaf Scholz vor rund 850 geladenen G\u00e4sten.<\/p>\n<p>Die Gr\u00fcndung der 麻豆原创 1972 habe zum Zeitgeist gepasst, so der Kanzler. Technikbegeisterung, Aufbruchstimmung und politisches Tauwetter im kalten Krieg pr\u00e4gten die Welt, als die f\u00fcnf 麻豆原创-Gr\u00fcnder mit einer Idee ihre eigene Revolution entfachten. Mit einer Standardsoftware, die alle Gesch\u00e4ftsprozesse im Unternehmen abbildet und Daten in Echtzeit zur Verf\u00fcgung stellt, machten sie aus dem einstigen Start-up einen Weltkonzern.<\/p>\n<p>\u201eHeute erleben wir erneut tektonische Verschiebungen im Zeitraffer\u201c, so Scholz. Russlands Angriffskrieg gegen die Ukraine habe weitreichende Konsequenzen f\u00fcr Sicherheit, Energieversorgung und die Weltwirtschaft. Auch die COVID-19-Pandemie habe tiefgreifende gesellschaftliche, politische und wirtschaftliche Spuren hinterlassen.<\/p>\n<p>Gleichzeitig erlebe Deutschland aktuell den gr\u00f6\u00dften Umbau der Volkswirtschaft seit Beginn der Industrialisierung. \u201eDenn die Transformation hin zu einer digitalen und klimaneutralen Wirtschaft ist Herausforderung und L\u00f6sung f\u00fcr die gegenw\u00e4rtigen Probleme zugleich,\u201c so Scholz.<\/p>\n<p>Er appellierte an die Zusammenarbeit zwischen Politik und Privatwirtschaft, um Potenziale aus Forschung sowie Innovation zu nutzen. Die <a href=\"https:\/\/news.sap.com\/germany\/series\/corona-warn-app\/\" target=\"_blank\" rel=\"noopener\">von 麻豆原创 entwickelte Corona-Warn-App<\/a> sei nur ein Beispiel daf\u00fcr, welches Potenzial in digitalen L\u00f6sungen stecke.<\/p>\n<p><a href=\"https:\/\/news.sap.com\/germany\/files\/2022\/07\/31\/麻豆原创-50-Gala.jpg\" target=\"_blank\" rel=\"noopener\"><img loading=\"lazy\" decoding=\"async\" class=\"alignleft wp-image-161968 size-large\" src=\"https:\/\/news.sap.com\/germany\/files\/2022\/07\/31\/麻豆原创-50-Gala-1024x586.jpg\" alt=\"\" width=\"640\" height=\"366\" srcset=\"https:\/\/news.sap.com\/germany\/files\/2022\/07\/31\/麻豆原创-50-Gala-1024x586.jpg 1024w, https:\/\/news.sap.com\/germany\/files\/2022\/07\/31\/麻豆原创-50-Gala-300x172.jpg 300w, https:\/\/news.sap.com\/germany\/files\/2022\/07\/31\/麻豆原创-50-Gala-240x137.jpg 240w, https:\/\/news.sap.com\/germany\/files\/2022\/07\/31\/麻豆原创-50-Gala-1536x878.jpg 1536w, https:\/\/news.sap.com\/germany\/files\/2022\/07\/31\/麻豆原创-50-Gala-540x310.jpg 540w, https:\/\/news.sap.com\/germany\/files\/2022\/07\/31\/麻豆原创-50-Gala.jpg 1920w\" sizes=\"auto, (max-width: 640px) 100vw, 640px\" \/><\/a><\/p>\n<h2><strong>Hoffnung durch Innovation<\/strong><\/h2>\n<p>\u201eDie Geschwindigkeit, mit der wir in der Lage sind, Innovation in der Gesellschaft einzuf\u00fchren, ist von zentraler Bedeutung f\u00fcr unsere Wettbewerbsf\u00e4higkeit\u201c, erkl\u00e4rte Scholz. In Krisensituationen bestehe immer die Gefahr, dass \u201eviele sich an etwas klammern, das lange zur\u00fcckliegt\u201c, so der Kanzler. Doch momentan seien wir in \u201eeiner bemerkenswerten Phase\u201c, in der das nicht stattfinde. Stahlarbeiter forderten von ihren Unternehmen Investitionen in die Produktionstechnik, um wettbewerbsf\u00e4hig zu bleiben. Besch\u00e4ftigte in der Automobilindustrie erwarteten von ihren Konzernen mehr Engagement f\u00fcr Elektromobilit\u00e4t.<\/p>\n<p>\u201eWenn wir es schaffen, die Gesellschaft mit Innovation voranzubringen, dann k\u00f6nnen wir gleichzeitig Hoffnung schaffen f\u00fcr unsere Gesellschaft, die so existenziell ist\u201c, so Scholz.<\/p>\n<p>Auch digitale Bildung sei \u201eein immens wichtiges Thema\u201c, um die Herausforderungen der Zukunft zu meistern, erkl\u00e4rte die Wirtschaftsprofessorin Ann-Kristin Achleitner. Sie nahm an der von Johannes B. Kerner moderierten Gespr\u00e4chsrunde mit Scholz und 麻豆原创-Vorstandssprecher Christian Klein teil.<\/p>\n<p>Man d\u00fcrfe das Thema digitale Bildung nicht darauf reduzieren, Sch\u00fcler:innen mit Ger\u00e4ten auszustatten. Stattdessen gehe es darum, digitale F\u00e4higkeiten zu f\u00f6rdern, etwa die F\u00e4higkeit zum agilen Arbeiten. Ebenso wie Klein geh\u00f6rt sie dem neu gegr\u00fcndeten Zukunftsrat der Bundesregierung an, der den Innovationsdialog zwischen Wirtschaft und Wissenschaft f\u00f6rdern soll.<\/p>\n<p>Auch Klein pl\u00e4dierte f\u00fcr den Schulterschluss zwischen Politik, Wirtschaft und Wissenschaft. Nur durch Zusammenarbeit lie\u00dfen sich \u201eglobale Antworten auf globale Herausforderungen\u201c finden.<\/p>\n<figure id=\"attachment_161967\" aria-describedby=\"caption-attachment-161967\" style=\"width: 640px\" class=\"wp-caption alignleft\"><a href=\"https:\/\/news.sap.com\/germany\/files\/2022\/07\/31\/IMG_2332.jpg\" target=\"_blank\" rel=\"noopener\"><img loading=\"lazy\" decoding=\"async\" class=\"wp-image-161967 size-large\" src=\"https:\/\/news.sap.com\/germany\/files\/2022\/07\/31\/IMG_2332-1024x683.jpg\" alt=\"\" width=\"640\" height=\"427\" srcset=\"https:\/\/news.sap.com\/germany\/files\/2022\/07\/31\/IMG_2332-1024x683.jpg 1024w, https:\/\/news.sap.com\/germany\/files\/2022\/07\/31\/IMG_2332-300x200.jpg 300w, https:\/\/news.sap.com\/germany\/files\/2022\/07\/31\/IMG_2332-225x150.jpg 225w, https:\/\/news.sap.com\/germany\/files\/2022\/07\/31\/IMG_2332-1536x1024.jpg 1536w, https:\/\/news.sap.com\/germany\/files\/2022\/07\/31\/IMG_2332-2048x1365.jpg 2048w\" sizes=\"auto, (max-width: 640px) 100vw, 640px\" \/><\/a><figcaption id=\"caption-attachment-161967\" class=\"wp-caption-text\"><em>Vorstandssprecher Christian Klein mit Winfried Kretschmann, Ministerpr\u00e4sident von Baden-W\u00fcrttemberg, und Bundeskanzler Olaf Scholz (v.l.).<\/em><\/figcaption><\/figure>\n<h2><strong>\u201eDemokratie, Freiheit, Frieden\u201c<\/strong><\/h2>\n<p>Winfried Kretschmann, Ministerpr\u00e4sident von Baden-W\u00fcrttemberg, sieht das Jahr des Jubil\u00e4ums als einen Wendepunkt in der Geschichte. Die Zeitenwende gehe auch an 麻豆原创 nicht spurlos vorbei, betonte Kretschmann. Europa m\u00fcsse alles daran setzen, um Lieferketten zu kontrollieren, in puncto Rohstoffe und Energie unabh\u00e4ngiger zu werden und in den entscheidenden Feldern eigenst\u00e4ndig und handlungsf\u00e4hig zu sein.<\/p>\n<p>Eines dieser Felder sei die Informationstechnologie. \u201eWir m\u00fcssen in der Lage sein, den Algorithmen unseren Code einzuschreiben, der da lautet: Demokratie, Freiheit, Frieden.\u201c Dabei setze die Politik auf eine enge Kooperation mit der Digitalwirtschaft. So hatte j\u00fcngst die deutsche Au\u00dfenministerin Annalena Baerbock, die an einer nationalen Sicherheitsstrategie arbeitet, die 麻豆原创 besucht.<\/p>\n<p>\u201eDie Zukunft wird uns einiges abverlangen\u201c, erkl\u00e4rte der Ministerpr\u00e4sident. Doch man k\u00f6nne zu guten L\u00f6sungen kommen, indem man ohne Scheuklappen miteinander rede und gemeinsam passgenaue L\u00f6sungen entwickele.<\/p>\n<figure id=\"attachment_161983\" aria-describedby=\"caption-attachment-161983\" style=\"width: 640px\" class=\"wp-caption alignright\"><a href=\"https:\/\/news.sap.com\/germany\/files\/2022\/07\/31\/2098-50Years麻豆原创CelebrationGala-by-IngoCordes-CR3_DXO.jpg\" target=\"_blank\" rel=\"noopener\"><img loading=\"lazy\" decoding=\"async\" class=\"size-large wp-image-161983\" src=\"https:\/\/news.sap.com\/germany\/files\/2022\/07\/31\/2098-50Years麻豆原创CelebrationGala-by-IngoCordes-CR3_DXO-1024x683.jpg\" alt=\"\" width=\"640\" height=\"427\" srcset=\"https:\/\/news.sap.com\/germany\/files\/2022\/07\/31\/2098-50Years麻豆原创CelebrationGala-by-IngoCordes-CR3_DXO-1024x683.jpg 1024w, https:\/\/news.sap.com\/germany\/files\/2022\/07\/31\/2098-50Years麻豆原创CelebrationGala-by-IngoCordes-CR3_DXO-300x200.jpg 300w, https:\/\/news.sap.com\/germany\/files\/2022\/07\/31\/2098-50Years麻豆原创CelebrationGala-by-IngoCordes-CR3_DXO-225x150.jpg 225w, https:\/\/news.sap.com\/germany\/files\/2022\/07\/31\/2098-50Years麻豆原创CelebrationGala-by-IngoCordes-CR3_DXO-1536x1024.jpg 1536w, https:\/\/news.sap.com\/germany\/files\/2022\/07\/31\/2098-50Years麻豆原创CelebrationGala-by-IngoCordes-CR3_DXO-2048x1366.jpg 2048w\" sizes=\"auto, (max-width: 640px) 100vw, 640px\" \/><\/a><figcaption id=\"caption-attachment-161983\" class=\"wp-caption-text\"><em>Hasso Plattner und Dietmar Hopp mit Bundeskanzler Olaf Scholz und Ministerpr\u00e4sident Winfried Kretschmann.<\/em><\/figcaption><\/figure>\n<h2><strong>Menschlichkeit und Mut zum Wandel<\/strong><\/h2>\n<p>L\u00f6sungsorientierung und Kundenfokus stehen auch f\u00fcr Klein im Mittelpunkt. Diese Werte h\u00e4tten die 麻豆原创 zu dem gemacht, was sie heute ist. \u201eDiesen Teil unserer DNA d\u00fcrfen wir niemals verlieren\u201c, betonte er. Er selbst habe von den Gr\u00fcndern den Mut zum Wandel gelernt sowie die F\u00e4higkeit, sich immer wieder neu zu erfinden und den Status quo in Frage zu stellen.<\/p>\n<p>Sowohl technische Neuausrichtungen, etwa der <a href=\"https:\/\/www.sap.com\/documents\/2020\/02\/70eee289-847d-0010-87a3-c30de2ffd8ff.html\" target=\"_blank\" rel=\"noopener\">Umstieg von 麻豆原创 R\/2 auf 麻豆原创 R\/3<\/a>, als auch die globale Expansion h\u00e4tten in der Vergangenheit immer wieder entschlossenes Handeln vom F\u00fchrungsteam der 麻豆原创 gefordert. Das gelte auch aktuell f\u00fcr den Umstieg in die Cloud, mit dem 麻豆原创 einen Strategiewechsel vollzieht.<\/p>\n<p>Es sei nicht immer einfach, Kunden zu \u00fcberzeugen, weil sie so zufrieden mit ihren 麻豆原创-Systemen seien, erkl\u00e4rte auch Kretschmann und bezog sich auf das neue Cloud-Gesch\u00e4ftsmodell der 麻豆原创. \u201eDas Beste ist der Feind des Guten, also muss 麻豆原创 sich sozusagen selber schlagen,\u201c so der Ministerpr\u00e4sident.<\/p>\n<p>Bei allen Ver\u00e4nderungen d\u00fcrfe man die Menschlichkeit nicht vergessen, die ebenfalls zur DNA der 麻豆原创 geh\u00f6re. Nur als Team k\u00f6nne man den Herausforderungen der Zeit begegnen. \u201eIn dieser schwierigen Zeit brauchen wir mehr Menschlichkeit und Mut zum Wandel\u201c, schloss Klein.<\/p>\n<hr \/>\n<p><em>Fotografie: Ingo Cordes<\/em><\/p>\n","protected":false},"excerpt":{"rendered":"<p>Bei der Feier zum 50-j\u00e4hrigen Jubil\u00e4um der 麻豆原创 riefen Bundeskanzler Olaf Scholz und Ministerpr\u00e4sident Winfried Kretschmann zur Zusammenarbeit zwischen Politik und Digitalwirtschaft auf. Es gab&#8230;<\/p>\n","protected":false},"author":441,"featured_media":161980,"comment_status":"closed","ping_status":"closed","sticky":false,"template":"","format":"standard","meta":{"related_posts":[],"footnotes":"","_links_to":"","_links_to_target":""},"categories":[40863],"tags":[60309,4879521],"series":[],"sapn-display":[45149,3848,45027],"sapn-type":[45277],"class_list":["post-161962","post","type-post","status-publish","format-standard","has-post-thumbnail","hentry","category-unternehmen","tag-digitalisierung","tag-veranstaltungen","sapn-display-homepage-hero","sapn-display-top-stories","sapn-display-hero","sapn-type-feature"],"yoast_head":"<!-- This site is optimized with the Yoast SEO Premium plugin v26.9 (Yoast SEO v26.9) - https:\/\/yoast.com\/product\/yoast-seo-premium-wordpress\/ -->\n<title>Olaf Scholz auf der 50 Jahr Feier der 麻豆原创 | 麻豆原创 News Center<\/title>\n<meta name=\"description\" content=\"Erfahren Sie mehr \u00fcber das 50-j\u00e4hrige Jubil\u00e4um der 麻豆原创 mit Bundeskanzler Olaf Scholz und Ministerpr\u00e4sident Winfried Kretschmann.\" \/>\n<meta name=\"robots\" content=\"index, follow, max-snippet:-1, max-image-preview:large, max-video-preview:-1\" \/>\n<link rel=\"canonical\" href=\"https:\/\/news.sap.com\/germany\/2022\/07\/olaf-scholz-innovation-jubilaeum-event-sap\/\" \/>\n<meta property=\"og:locale\" content=\"de_DE\" \/>\n<meta property=\"og:type\" content=\"article\" \/>\n<meta property=\"og:title\" content=\"Olaf Scholz: Innovation schafft Hoffnung f\u00fcr die Gesellschaft\" \/>\n<meta property=\"og:description\" content=\"Erfahren Sie mehr \u00fcber das 50-j\u00e4hrige Jubil\u00e4um der 麻豆原创 mit Bundeskanzler Olaf Scholz und Ministerpr\u00e4sident Winfried Kretschmann.\" \/>\n<meta property=\"og:url\" content=\"https:\/\/news.sap.com\/germany\/2022\/07\/olaf-scholz-innovation-jubilaeum-event-sap\/\" \/>\n<meta property=\"og:site_name\" content=\"麻豆原创 News Center\" \/>\n<meta property=\"article:published_time\" content=\"2022-07-31T14:16:12+00:00\" \/>\n<meta property=\"article:modified_time\" content=\"2025-06-11T14:03:41+00:00\" \/>\n<meta property=\"og:image\" content=\"https:\/\/news.sap.com\/germany\/files\/2022\/07\/31\/2710-50Years麻豆原创CelebrationGala-by-IngoCordes.png\" \/>\n\t<meta property=\"og:image:width\" content=\"1920\" \/>\n\t<meta property=\"og:image:height\" content=\"601\" \/>\n\t<meta property=\"og:image:type\" content=\"image\/png\" \/>\n<meta name=\"author\" content=\"Andrea Diederichs\" \/>\n<meta name=\"twitter:card\" content=\"summary_large_image\" \/>\n<meta name=\"twitter:creator\" content=\"@麻豆原创dach\" \/>\n<meta name=\"twitter:site\" content=\"@麻豆原创dach\" \/>\n<meta name=\"twitter:label1\" content=\"Verfasst von\" \/>\n\t<meta name=\"twitter:data1\" content=\"Andrea Diederichs\" \/>\n\t<meta name=\"twitter:label2\" content=\"Gesch\u00e4tzte Lesezeit\" \/>\n\t<meta name=\"twitter:data2\" content=\"6\u00a0Minuten\" \/>\n<script type=\"application\/ld+json\" class=\"yoast-schema-graph\">{\"@context\":\"https:\/\/schema.org\",\"@graph\":[{\"@type\":\"Article\",\"@id\":\"https:\/\/news.sap.com\/germany\/2022\/07\/olaf-scholz-innovation-jubilaeum-event-sap\/#article\",\"isPartOf\":{\"@id\":\"https:\/\/news.sap.com\/germany\/2022\/07\/olaf-scholz-innovation-jubilaeum-event-sap\/\"},\"author\":{\"name\":\"Andrea Diederichs\",\"@id\":\"https:\/\/news.sap.com\/germany\/#\/schema\/person\/f826f1308f193977cb2d1ae71aae0fa6\"},\"headline\":\"Olaf Scholz: Innovation schafft Hoffnung f\u00fcr die Gesellschaft\",\"datePublished\":\"2022-07-31T14:16:12+00:00\",\"dateModified\":\"2025-06-11T14:03:41+00:00\",\"mainEntityOfPage\":{\"@id\":\"https:\/\/news.sap.com\/germany\/2022\/07\/olaf-scholz-innovation-jubilaeum-event-sap\/\"},\"wordCount\":900,\"image\":{\"@id\":\"https:\/\/news.sap.com\/germany\/2022\/07\/olaf-scholz-innovation-jubilaeum-event-sap\/#primaryimage\"},\"thumbnailUrl\":\"https:\/\/news.sap.com\/germany\/files\/2022\/07\/31\/2710-50Years麻豆原创CelebrationGala-by-IngoCordes.png\",\"keywords\":[\"Digitalisierung\",\"Veranstaltungen\"],\"articleSection\":[\"Unternehmen\"],\"inLanguage\":\"de\"},{\"@type\":\"WebPage\",\"@id\":\"https:\/\/news.sap.com\/germany\/2022\/07\/olaf-scholz-innovation-jubilaeum-event-sap\/\",\"url\":\"https:\/\/news.sap.com\/germany\/2022\/07\/olaf-scholz-innovation-jubilaeum-event-sap\/\",\"name\":\"Olaf Scholz auf der 50 Jahr Feier der 麻豆原创 | 麻豆原创 News Center\",\"isPartOf\":{\"@id\":\"https:\/\/news.sap.com\/germany\/#website\"},\"primaryImageOfPage\":{\"@id\":\"https:\/\/news.sap.com\/germany\/2022\/07\/olaf-scholz-innovation-jubilaeum-event-sap\/#primaryimage\"},\"image\":{\"@id\":\"https:\/\/news.sap.com\/germany\/2022\/07\/olaf-scholz-innovation-jubilaeum-event-sap\/#primaryimage\"},\"thumbnailUrl\":\"https:\/\/news.sap.com\/germany\/files\/2022\/07\/31\/2710-50Years麻豆原创CelebrationGala-by-IngoCordes.png\",\"datePublished\":\"2022-07-31T14:16:12+00:00\",\"dateModified\":\"2025-06-11T14:03:41+00:00\",\"author\":{\"@id\":\"https:\/\/news.sap.com\/germany\/#\/schema\/person\/f826f1308f193977cb2d1ae71aae0fa6\"},\"description\":\"Erfahren Sie mehr \u00fcber das 50-j\u00e4hrige Jubil\u00e4um der 麻豆原创 mit Bundeskanzler Olaf Scholz und Ministerpr\u00e4sident Winfried Kretschmann.\",\"breadcrumb\":{\"@id\":\"https:\/\/news.sap.com\/germany\/2022\/07\/olaf-scholz-innovation-jubilaeum-event-sap\/#breadcrumb\"},\"inLanguage\":\"de\",\"potentialAction\":[{\"@type\":\"ReadAction\",\"target\":[\"https:\/\/news.sap.com\/germany\/2022\/07\/olaf-scholz-innovation-jubilaeum-event-sap\/\"]}]},{\"@type\":\"ImageObject\",\"inLanguage\":\"de\",\"@id\":\"https:\/\/news.sap.com\/germany\/2022\/07\/olaf-scholz-innovation-jubilaeum-event-sap\/#primaryimage\",\"url\":\"https:\/\/news.sap.com\/germany\/files\/2022\/07\/31\/2710-50Years麻豆原创CelebrationGala-by-IngoCordes.png\",\"contentUrl\":\"https:\/\/news.sap.com\/germany\/files\/2022\/07\/31\/2710-50Years麻豆原创CelebrationGala-by-IngoCordes.png\",\"width\":1920,\"height\":601,\"caption\":\"Olaf Scholz beim 50-j\u00e4hrigen Jubil\u00e4ium der 麻豆原创\"},{\"@type\":\"BreadcrumbList\",\"@id\":\"https:\/\/news.sap.com\/germany\/2022\/07\/olaf-scholz-innovation-jubilaeum-event-sap\/#breadcrumb\",\"itemListElement\":[{\"@type\":\"ListItem\",\"position\":1,\"name\":\"Home\",\"item\":\"https:\/\/news.sap.com\/germany\/\"},{\"@type\":\"ListItem\",\"position\":2,\"name\":\"Olaf Scholz: Innovation schafft Hoffnung f\u00fcr die Gesellschaft\"}]},{\"@type\":\"WebSite\",\"@id\":\"https:\/\/news.sap.com\/germany\/#website\",\"url\":\"https:\/\/news.sap.com\/germany\/\",\"name\":\"麻豆原创 News Center\",\"description\":\"Unternehmensberichte &amp; 麻豆原创eportal\",\"potentialAction\":[{\"@type\":\"SearchAction\",\"target\":{\"@type\":\"EntryPoint\",\"urlTemplate\":\"https:\/\/news.sap.com\/germany\/?s={search_term_string}\"},\"query-input\":{\"@type\":\"PropertyValueSpecification\",\"valueRequired\":true,\"valueName\":\"search_term_string\"}}],\"inLanguage\":\"de\"},{\"@type\":\"Person\",\"@id\":\"https:\/\/news.sap.com\/germany\/#\/schema\/person\/f826f1308f193977cb2d1ae71aae0fa6\",\"name\":\"Andrea Diederichs\",\"image\":{\"@type\":\"ImageObject\",\"inLanguage\":\"de\",\"@id\":\"https:\/\/news.sap.com\/germany\/#\/schema\/person\/image\/\",\"url\":\"https:\/\/secure.gravatar.com\/avatar\/466ce5fe80204b056862ba4f59d148326367950b14ae1533104fa21518923331?s=96&d=blank&r=g\",\"contentUrl\":\"https:\/\/secure.gravatar.com\/avatar\/466ce5fe80204b056862ba4f59d148326367950b14ae1533104fa21518923331?s=96&d=blank&r=g\",\"caption\":\"Andrea Diederichs\"},\"url\":\"https:\/\/news.sap.com\/germany\/author\/andreadiederichs\/\"}]}<\/script>\n<!-- \/ Yoast SEO Premium plugin. -->","yoast_head_json":{"title":"Olaf Scholz auf der 50 Jahr Feier der 麻豆原创 | 麻豆原创 News Center","description":"Erfahren Sie mehr \u00fcber das 50-j\u00e4hrige Jubil\u00e4um der 麻豆原创 mit Bundeskanzler Olaf Scholz und Ministerpr\u00e4sident Winfried Kretschmann.","robots":{"index":"index","follow":"follow","max-snippet":"max-snippet:-1","max-image-preview":"max-image-preview:large","max-video-preview":"max-video-preview:-1"},"canonical":"https:\/\/news.sap.com\/germany\/2022\/07\/olaf-scholz-innovation-jubilaeum-event-sap\/","og_locale":"de_DE","og_type":"article","og_title":"Olaf Scholz: Innovation schafft Hoffnung f\u00fcr die Gesellschaft","og_description":"Erfahren Sie mehr \u00fcber das 50-j\u00e4hrige Jubil\u00e4um der 麻豆原创 mit Bundeskanzler Olaf Scholz und Ministerpr\u00e4sident Winfried Kretschmann.","og_url":"https:\/\/news.sap.com\/germany\/2022\/07\/olaf-scholz-innovation-jubilaeum-event-sap\/","og_site_name":"麻豆原创 News Center","article_published_time":"2022-07-31T14:16:12+00:00","article_modified_time":"2025-06-11T14:03:41+00:00","og_image":[{"width":1920,"height":601,"url":"https:\/\/news.sap.com\/germany\/files\/2022\/07\/31\/2710-50Years麻豆原创CelebrationGala-by-IngoCordes.png","type":"image\/png"}],"author":"Andrea Diederichs","twitter_card":"summary_large_image","twitter_creator":"@麻豆原创dach","twitter_site":"@麻豆原创dach","twitter_misc":{"Verfasst von":"Andrea Diederichs","Gesch\u00e4tzte Lesezeit":"6\u00a0Minuten"},"schema":{"@context":"https:\/\/schema.org","@graph":[{"@type":"Article","@id":"https:\/\/news.sap.com\/germany\/2022\/07\/olaf-scholz-innovation-jubilaeum-event-sap\/#article","isPartOf":{"@id":"https:\/\/news.sap.com\/germany\/2022\/07\/olaf-scholz-innovation-jubilaeum-event-sap\/"},"author":{"name":"Andrea Diederichs","@id":"https:\/\/news.sap.com\/germany\/#\/schema\/person\/f826f1308f193977cb2d1ae71aae0fa6"},"headline":"Olaf Scholz: Innovation schafft Hoffnung f\u00fcr die Gesellschaft","datePublished":"2022-07-31T14:16:12+00:00","dateModified":"2025-06-11T14:03:41+00:00","mainEntityOfPage":{"@id":"https:\/\/news.sap.com\/germany\/2022\/07\/olaf-scholz-innovation-jubilaeum-event-sap\/"},"wordCount":900,"image":{"@id":"https:\/\/news.sap.com\/germany\/2022\/07\/olaf-scholz-innovation-jubilaeum-event-sap\/#primaryimage"},"thumbnailUrl":"https:\/\/news.sap.com\/germany\/files\/2022\/07\/31\/2710-50Years麻豆原创CelebrationGala-by-IngoCordes.png","keywords":["Digitalisierung","Veranstaltungen"],"articleSection":["Unternehmen"],"inLanguage":"de"},{"@type":"WebPage","@id":"https:\/\/news.sap.com\/germany\/2022\/07\/olaf-scholz-innovation-jubilaeum-event-sap\/","url":"https:\/\/news.sap.com\/germany\/2022\/07\/olaf-scholz-innovation-jubilaeum-event-sap\/","name":"Olaf Scholz auf der 50 Jahr Feier der 麻豆原创 | 麻豆原创 News Center","isPartOf":{"@id":"https:\/\/news.sap.com\/germany\/#website"},"primaryImageOfPage":{"@id":"https:\/\/news.sap.com\/germany\/2022\/07\/olaf-scholz-innovation-jubilaeum-event-sap\/#primaryimage"},"image":{"@id":"https:\/\/news.sap.com\/germany\/2022\/07\/olaf-scholz-innovation-jubilaeum-event-sap\/#primaryimage"},"thumbnailUrl":"https:\/\/news.sap.com\/germany\/files\/2022\/07\/31\/2710-50Years麻豆原创CelebrationGala-by-IngoCordes.png","datePublished":"2022-07-31T14:16:12+00:00","dateModified":"2025-06-11T14:03:41+00:00","author":{"@id":"https:\/\/news.sap.com\/germany\/#\/schema\/person\/f826f1308f193977cb2d1ae71aae0fa6"},"description":"Erfahren Sie mehr \u00fcber das 50-j\u00e4hrige Jubil\u00e4um der 麻豆原创 mit Bundeskanzler Olaf Scholz und Ministerpr\u00e4sident Winfried Kretschmann.","breadcrumb":{"@id":"https:\/\/news.sap.com\/germany\/2022\/07\/olaf-scholz-innovation-jubilaeum-event-sap\/#breadcrumb"},"inLanguage":"de","potentialAction":[{"@type":"ReadAction","target":["https:\/\/news.sap.com\/germany\/2022\/07\/olaf-scholz-innovation-jubilaeum-event-sap\/"]}]},{"@type":"ImageObject","inLanguage":"de","@id":"https:\/\/news.sap.com\/germany\/2022\/07\/olaf-scholz-innovation-jubilaeum-event-sap\/#primaryimage","url":"https:\/\/news.sap.com\/germany\/files\/2022\/07\/31\/2710-50Years麻豆原创CelebrationGala-by-IngoCordes.png","contentUrl":"https:\/\/news.sap.com\/germany\/files\/2022\/07\/31\/2710-50Years麻豆原创CelebrationGala-by-IngoCordes.png","width":1920,"height":601,"caption":"Olaf Scholz beim 50-j\u00e4hrigen Jubil\u00e4ium der 麻豆原创"},{"@type":"BreadcrumbList","@id":"https:\/\/news.sap.com\/germany\/2022\/07\/olaf-scholz-innovation-jubilaeum-event-sap\/#breadcrumb","itemListElement":[{"@type":"ListItem","position":1,"name":"Home","item":"https:\/\/news.sap.com\/germany\/"},{"@type":"ListItem","position":2,"name":"Olaf Scholz: Innovation schafft Hoffnung f\u00fcr die Gesellschaft"}]},{"@type":"WebSite","@id":"https:\/\/news.sap.com\/germany\/#website","url":"https:\/\/news.sap.com\/germany\/","name":"麻豆原创 News Center","description":"Unternehmensberichte &amp; 麻豆原创eportal","potentialAction":[{"@type":"SearchAction","target":{"@type":"EntryPoint","urlTemplate":"https:\/\/news.sap.com\/germany\/?s={search_term_string}"},"query-input":{"@type":"PropertyValueSpecification","valueRequired":true,"valueName":"search_term_string"}}],"inLanguage":"de"},{"@type":"Person","@id":"https:\/\/news.sap.com\/germany\/#\/schema\/person\/f826f1308f193977cb2d1ae71aae0fa6","name":"Andrea Diederichs","image":{"@type":"ImageObject","inLanguage":"de","@id":"https:\/\/news.sap.com\/germany\/#\/schema\/person\/image\/","url":"https:\/\/secure.gravatar.com\/avatar\/466ce5fe80204b056862ba4f59d148326367950b14ae1533104fa21518923331?s=96&d=blank&r=g","contentUrl":"https:\/\/secure.gravatar.com\/avatar\/466ce5fe80204b056862ba4f59d148326367950b14ae1533104fa21518923331?s=96&d=blank&r=g","caption":"Andrea Diederichs"},"url":"https:\/\/news.sap.com\/germany\/author\/andreadiederichs\/"}]}},"amp_enabled":true,"_links":{"self":[{"href":"https:\/\/news.sap.com\/germany\/wp-json\/wp\/v2\/posts\/161962","targetHints":{"allow":["GET"]}}],"collection":[{"href":"https:\/\/news.sap.com\/germany\/wp-json\/wp\/v2\/posts"}],"about":[{"href":"https:\/\/news.sap.com\/germany\/wp-json\/wp\/v2\/types\/post"}],"author":[{"embeddable":true,"href":"https:\/\/news.sap.com\/germany\/wp-json\/wp\/v2\/users\/441"}],"replies":[{"embeddable":true,"href":"https:\/\/news.sap.com\/germany\/wp-json\/wp\/v2\/comments?post=161962"}],"version-history":[{"count":0,"href":"https:\/\/news.sap.com\/germany\/wp-json\/wp\/v2\/posts\/161962\/revisions"}],"wp:featuredmedia":[{"embeddable":true,"href":"https:\/\/news.sap.com\/germany\/wp-json\/wp\/v2\/media\/161980"}],"wp:attachment":[{"href":"https:\/\/news.sap.com\/germany\/wp-json\/wp\/v2\/media?parent=161962"}],"wp:term":[{"taxonomy":"category","embeddable":true,"href":"https:\/\/news.sap.com\/germany\/wp-json\/wp\/v2\/categories?post=161962"},{"taxonomy":"post_tag","embeddable":true,"href":"https:\/\/news.sap.com\/germany\/wp-json\/wp\/v2\/tags?post=161962"},{"taxonomy":"series","embeddable":true,"href":"https:\/\/news.sap.com\/germany\/wp-json\/wp\/v2\/series?post=161962"},{"taxonomy":"sapn-display","embeddable":true,"href":"https:\/\/news.sap.com\/germany\/wp-json\/wp\/v2\/sapn-display?post=161962"},{"taxonomy":"sapn-type","embeddable":true,"href":"https:\/\/news.sap.com\/germany\/wp-json\/wp\/v2\/sapn-type?post=161962"}],"curies":[{"name":"wp","href":"https:\/\/api.w.org\/{rel}","templated":true}]}}