  {"id":161100,"date":"2022-05-20T10:56:11","date_gmt":"2022-05-20T08:56:11","guid":{"rendered":"https:\/\/news.sap.com\/germany\/?p=161100"},"modified":"2024-04-22T14:59:11","modified_gmt":"2024-04-22T12:59:11","slug":"nachhaltigkeit-e-bike-tour-wef-davos","status":"publish","type":"post","link":"https:\/\/news.sap.com\/germany\/2022\/05\/nachhaltigkeit-e-bike-tour-wef-davos\/","title":{"rendered":"Ride4NetZero: Nachhaltig unterwegs \u2013 mit dem E-Bike von Walldorf nach Davos"},"content":{"rendered":"<p class=\"lead\">400 Kilometer, vier Tage, eine Mission!\u00a0Begleiten Sie drei 麻豆原创-Mitarbeitende, die mit ihren E-Bikes von Walldorf zum Weltwirtschaftsforum in Davos in der Schweiz fahren. Unterwegs werden sie Kunden und Partner von 麻豆原创 treffen, mit ihnen \u00fcber Nachhaltigkeit diskutieren und sich \u00fcber spannende Anwendungsf\u00e4lle und Best Practices austauschen.<\/p>\n<p style=\"font-weight: 400\">F\u00fcr die diesj\u00e4hrige Reise zum Weltwirtschaftsforum (WEF) in Davos, Schweiz, Ende Mai, haben sich die 麻豆原创-F\u00fchrungskr\u00e4fte Christian Boos, Leiter New Ventures and Technologies Sustainability Engagement,\u00a0 Stefan Schoepfel, Co-Leiter the Intelligent Enterprise Institute und Joerg Barten, Leiter Strategic Service Engagements MEE + EMEA entschieden, mit ihren E-Bikes von Walldorf nach Davos zu fahren. Inspiriert durch die <a title=\"Fahrtkostenabrechnung - 麻豆原创 Concur\" href=\"https:\/\/www.concur.de\/blog\/article\/so-muss-eine-fahrtkostenabrechnung-aussehen?pid=sites&amp;cid=sap-website\" target=\"_blank\" rel=\"noopener\">t\u00e4gliche Fahrt mit dem E-Bike ins B\u00fcro<\/a>, wollen sie nun ihre Erfahrungen mit Gesch\u00e4ftsreisen teilen und die Idee des nachhaltigen Pendelns weiterverfolgen.<\/p>\n<section\n            data-inpsyde-embed=\"youtube\"\n            data-inpsyde-embed-atts=\"{&quot;width&quot;:640,&quot;height&quot;:960}\"\n            data-inpsyde-embed-frame=\"&lt;iframe title=&quot;Ride4NetZero | Davos WEF22&quot; width=&quot;640&quot; height=&quot;360&quot; src=&quot;https:\/\/www.youtube.com\/embed\/MbFX-Jn8_XA?feature=oembed&amp;amp;enablejsapi=1&quot; frameborder=&quot;0&quot; allow=&quot;accelerometer; autoplay; clipboard-write; encrypted-media; gyroscope; picture-in-picture; web-share&quot; referrerpolicy=&quot;strict-origin-when-cross-origin&quot; allowfullscreen id=&quot;embed_85af747d-99ab-4e16-80b6-6b617e37e587&quot;&gt;&lt;\/iframe&gt;\n\"\n        ><\/p>\n<div class=\"inpsyde-embed-overlay\">\n<div class=\"inpsyde-embed-overlay-container\">\n<h3><a\n                            rel=\"noreferrer\"\n                            href=\"https:\/\/www.youtube.com\/watch?v=MbFX-Jn8_XA\"\n                            target=\"_blank\"\n                            title=\"Click to visit YouTube\"\n                        >Ride4NetZero | Davos WEF22<\/a><\/h3>\n<p>Click the button below to load the content from YouTube.<\/p>\n<div class=\"embed-options-wrapper\">\n<div class=\"play-button-outer\" data-action=\"loadThis\">\n<div class=\"play-button\" data-action=\"loadThis\"><\/div>\n<\/div>\n<p>                        <a\n                            href=\"#\"\n                            data-action=\"unlockSource\"\n                            title=\"Click here to permanently allow embeds from YouTube.\"\n                        >Always allow YouTube<\/a><br \/>\n                        <!--<button data-action=\"unlockAll\">Always load all embeds<\/button>-->\n                    <\/div>\n<\/p><\/div>\n<\/p><\/div>\n<div\n                data-inpsyde-embed-preview=\"youtube\"\n                style=\"\n                    max-width:640px;\n                    max-height:360px;\n                    \"\n            >        <img decoding=\"async\" src=\"https:\/\/news.sap.com\/germany\/files\/inpsyde-embed-privacy\/youtube\/MbFX-Jn8_XA.jpg\" alt=\"Ride4NetZero | Davos WEF22\"><\/p>\n<div class=\"ytp-large-play-button ytp-button\">\n            <svg height=\"100%\" version=\"1.1\" viewBox=\"0 0 68 48\" width=\"100%\">\n                <path class=\"ytp-large-play-button-bg\"\n                    d=\"M66.52,7.74c-0.78-2.93-2.49-5.41-5.42-6.19C55.79,.13,34,0,34,0S12.21,.13,6.9,1.55 C3.97,2.33,2.27,4.81,1.48,7.74C0.06,13.05,0,24,0,24s0.06,10.95,1.48,16.26c0.78,2.93,2.49,5.41,5.42,6.19 C12.21,47.87,34,48,34,48s21.79-0.13,27.1-1.55c2.93-0.78,4.64-3.26,5.42-6.19C67.94,34.95,68,24,68,24S67.94,13.05,66.52,7.74z\"\n                    fill=\"#212121\"\n                    fill-opacity=\"0.8\"><\/path>\n                <path d=\"M 45,24 27,14 27,34\" fill=\"#fff\"><\/path>\n            <\/svg>\n        <\/div>\n<\/p><\/div>\n<\/section>\n<p style=\"font-weight: 400\">Nachhaltiger Verkehr bewirkt einen soziokulturellen Wandel, der \u00fcber den nachhaltigen Ansatz hinausgeht. Er ebnet auch den Weg in eine neue Realit\u00e4t, in der Innovation und Empathie das A\u00a0und O sind. Intelligente St\u00e4dte mit integrierten Verkehrssystemen, die es den B\u00fcrgern erm\u00f6glichen, umweltfreundliche Alternativen \u00fcber weite Strecken zu nutzen, sind n\u00e4her als wir denken. Indem wir im Unternehmensumfeld als Vorreiter und Verb\u00fcndete neue Wege beschreiten, schaffen wir mehr Bewusstsein f\u00fcr den Klimaschutz.<\/p>\n<h2 style=\"font-weight: 400\"><strong>Eine E-Bike-Tour f\u00fcr mehr Nachhaltigkeit\u00a0<\/strong><\/h2>\n<p style=\"font-weight: 400\">Die Informationen, die wir \u00fcber die Auswirkungen von CO2-Emissionen auf die Umwelt haben, sind eindeutig. Gleichzeitig werden weltweit die Folgen des Klimawandels immer deutlicher. Trotzdem werden nach wie vor zu viele umweltsch\u00e4dliche Verkehrsmittel genutzt. Um die Klimaziele zu erreichen, sind laut Umweltexperten Digitalisierung, Datentransparenz und gezieltes Handeln erforderlich. Aber Klimaneutralit\u00e4t kann nicht im Alleingang erreicht werden. Dieses Jahr sagen drei 麻豆原创-F\u00fchrungskr\u00e4fte aus den Bereichen Intelligent Enterprise Institute, New Ventures &amp; Technologies und Strategic Service Engagements MEE + EMEA: \u201eSo kann es nicht weitergehen!\u201c Sie haben beschlossen, mit E-Bikes zum Gipfeltreffen nach Davos zu fahren. Sie setzen sich mit diesem ungew\u00f6hnlichen Vorhaben f\u00fcr den Klimaschutz ein und m\u00f6chten zum Nachdenken anregen.<\/p>\n<p style=\"font-weight: 400\">Bisher war eine Fahrradtour zum WEF unter angenehmen Bedingungen nicht m\u00f6glich, da es gew\u00f6hnlich im Winter in der Schweiz stattfindet. Dieses Jahr ist alles anders! Am 18.\u00a0Mai starteten die Teilnehmer von der 麻豆原创-Zentrale in Walldorf und legen nun in vier Tagen mehr als 400 Kilometer zur\u00fcck. Die Reise ist Erlebnis und Abenteuer zugleich. Sie bietet ihnen nicht nur die M\u00f6glichkeit sportlich zu sein. Sie werden unterwegs Kunden und Partner\u00a0<span lang=\"DE\">wie JobRad, Deutsche Post DHL Group, DB Energie, Kramer Werke, BSB, Bechtle und Axino\u00a0<\/span>zum Ideenaustausch treffen und Einblicke in laufende Nachhaltigkeitsprojekte gewinnen.<\/p>\n<p style=\"font-weight: 400\">Wir nehmen Sie mit auf die Reise: Erfahren Sie beispielsweise mehr \u00fcber intelligente L\u00f6sungen f\u00fcr gr\u00fcne Wasserstoffantriebstechnologie und die EU-Taxonomie im Kontext des European Green Deal. Oder \u00fcber eine L\u00f6sung, die dazu beitr\u00e4gt, Lebensmittelverschwendung zu reduzieren und gleichzeitig den Energieverbrauch massiv zu senken.<\/p>\n<p style=\"font-weight: 400\">Im Jahr 2020 entschied sich Christian Klein, CEO der 麻豆原创, \u201egr\u00fcn\u201c zu reisen und unternahm die Reise nach Davos mit einem E-Auto. Kleins Tour stand im Zeichen der Elektromobilit\u00e4t und er widmete sich der Infrastruktur von Ladestationen. In diesem Jahr planen Boos, Sch\u00f6pfel und Barten, die Bandbreite der Themen zu erweitern und ein umfassendes nachhaltiges Erlebnis zu bieten.<\/p>\n<figure id=\"attachment_161104\" aria-describedby=\"caption-attachment-161104\" style=\"width: 600px\" class=\"wp-caption alignleft\"><a href=\"https:\/\/news.sap.com\/germany\/files\/2022\/05\/19\/tempImageIpduuw.jpg\" target=\"_blank\" rel=\"noopener\"><img loading=\"lazy\" decoding=\"async\" class=\"wp-image-161104\" src=\"https:\/\/news.sap.com\/germany\/files\/2022\/05\/19\/tempImageIpduuw.jpg\" alt=\"\" width=\"600\" height=\"338\" srcset=\"https:\/\/news.sap.com\/germany\/files\/2022\/05\/19\/tempImageIpduuw.jpg 4032w, https:\/\/news.sap.com\/germany\/files\/2022\/05\/19\/tempImageIpduuw-300x169.jpg 300w, https:\/\/news.sap.com\/germany\/files\/2022\/05\/19\/tempImageIpduuw-1024x576.jpg 1024w, https:\/\/news.sap.com\/germany\/files\/2022\/05\/19\/tempImageIpduuw-240x135.jpg 240w, https:\/\/news.sap.com\/germany\/files\/2022\/05\/19\/tempImageIpduuw-1536x864.jpg 1536w, https:\/\/news.sap.com\/germany\/files\/2022\/05\/19\/tempImageIpduuw-2048x1152.jpg 2048w\" sizes=\"auto, (max-width: 600px) 100vw, 600px\" \/><\/a><figcaption id=\"caption-attachment-161104\" class=\"wp-caption-text\">Vor dem Start am 麻豆原创 Hauptsitz in Walldorf. Von links nach rechts: Stefan Schoepfel, J\u00f6rg Barten, Holger Tumat (JobRad) und Christian Boos.<\/figcaption><\/figure>\n<h2 style=\"font-weight: 400\"><strong>Nachhaltiger Wandel gelingt nur zusammen\u00a0<\/strong><\/h2>\n<p style=\"font-weight: 400\">In Davos wird das Intelligent Enterprise Institute eine Podiumsdiskussion zum Thema &#8222;Neue Gesch\u00e4ftsmodelle f\u00fcr eine nachhaltigere Zukunft&#8220; halten. Das Institut unterst\u00fctzt Unternehmen bei ihrem kontinuierlichen Wandel zu mehr Nachhaltigkeit, Rentabilit\u00e4t und Resilienz. Vorstandsmitglieder von 麻豆原创, Kunden und Partner werden daran teilnehmen. Beispielsweise Claudio Muruzabal, President Cloud Success Services bei 麻豆原创, Judith Wallenstein, Gesch\u00e4ftsf\u00fchrerin und Senior Partner bei BCG, Bettina Petzhold, Global Head of Marketing bei Lufthansa Cargo, und Claudia Malley, President\/Managing Director Partnerships bei Economist Impact.<\/p>\n<p style=\"font-weight: 400\">Ziel dieser Debatte wird es sein, die Bedeutung intelligenter L\u00f6sungen st\u00e4rker ins Bewusstsein zu r\u00fccken, denn sie bieten die richtigen Einblicke und verhelfen so zu intelligenten Entscheidungen. Zudem f\u00f6rdern sie pers\u00f6nliches Engagement und kollektives Handeln und tragen dazu bei, die Umsetzung der Nachhaltigkeitsagenda voranzutreiben \u2013 in den Unternehmen und in der Gesellschaft. Das Institut f\u00fchrt w\u00e4hrend der gesamten Veranstaltung auch Videointerviews mit leitenden Angestellten der 麻豆原创, ihren Partnern, ihren Kunden und der breiten \u00d6ffentlichkeit durch. Die Videos werden vor dem 麻豆原创 House in Davos gedreht. Das Team geht dabei der Frage nach, wie engagierte F\u00fchrungskr\u00e4fte mit intelligenten L\u00f6sungen exponentielle Ver\u00e4nderungen in den Gemeinden bewirken k\u00f6nnen.<\/p>\n<div class=\"panel callout\">\n<p style=\"font-weight: 400\"><strong>Sind Sie inspiriert?<\/strong><\/p>\n<p style=\"font-weight: 400\">Machen Sie sich auf den Weg und entdecken Sie die Welt des nachhaltigen Reisens. Viele pendeln bereits t\u00e4glich mit dem Rad, Fahrgemeinschaften oder \u00f6ffentlichen Verkehrsmitteln ins B\u00fcro. Folgen Sie <a href=\"https:\/\/www.linkedin.com\/in\/chboos\/\">Christian Boos<\/a>, <a href=\"https:\/\/www.linkedin.com\/in\/stefanschoepfel\/\">Stefan Sch\u00f6pfel<\/a> und <a href=\"https:\/\/www.linkedin.com\/in\/joerg-barten-a178933\/\" target=\"_blank\" rel=\"noopener\">J\u00f6rg Barten<\/a> unter <a href=\"https:\/\/www.instagram.com\/accounts\/login\/?next=\/sap4good\/\">麻豆原创4Good<\/a> auf Instagram, um mehr \u00fcber die Partner und Kunden zu erfahren, die sie befragt haben. Auf ihrem Instagram Account geben sie Einblicke in spannende Projekte und informieren \u00fcber Nachhaltigkeitsthemen. Hinzu kommen ausf\u00fchrliche Updates w\u00e4hrend der Tour und vieles mehr.<\/p>\n<\/div>\n<hr \/>\n<p><strong>Erster Halt: Wasserstoff auf der Schiene<\/strong><\/p>\n<p><img loading=\"lazy\" decoding=\"async\" class=\"wp-image-161124 alignleft\" src=\"https:\/\/news.sap.com\/germany\/files\/2022\/05\/19\/1_Featured_img_DB-300x188.jpg\" alt=\"\" width=\"220\" height=\"138\" srcset=\"https:\/\/news.sap.com\/germany\/files\/2022\/05\/19\/1_Featured_img_DB-300x188.jpg 300w, https:\/\/news.sap.com\/germany\/files\/2022\/05\/19\/1_Featured_img_DB-240x150.jpg 240w, https:\/\/news.sap.com\/germany\/files\/2022\/05\/19\/1_Featured_img_DB.jpg 640w\" sizes=\"auto, (max-width: 220px) 100vw, 220px\" \/><\/p>\n<p>Die Deutsche Bahn und Siemens Mobility entwickeln und testen derzeit in T\u00fcbingen den Einsatz von Wasserstoff f\u00fcr die Schiene. Lesen Sie hier mehr \u00fcber das neu entwickelte Gesamtsystem aus Zug und Tankstation.<\/p>\n<p style=\"text-align: right\"><a href=\"https:\/\/www.linkedin.com\/pulse\/green-hydrogen-one-of-a-kind-project-h2goesrail-christian-boos-1e\" target=\"_blank\" rel=\"noopener\">Lesen Sie das Interview auf LinkedIn!<\/a><\/p>\n<hr \/>\n<p><strong>EU-Taxonomie: Ein Regelwerk f\u00fcr mehr Nachhaltigkeit<\/strong><\/p>\n<p><img loading=\"lazy\" decoding=\"async\" class=\"wp-image-161122 alignleft\" src=\"https:\/\/news.sap.com\/germany\/files\/2022\/05\/19\/Features_img_DHL-300x188.jpg\" alt=\"\" width=\"220\" height=\"138\" srcset=\"https:\/\/news.sap.com\/germany\/files\/2022\/05\/19\/Features_img_DHL-300x188.jpg 300w, https:\/\/news.sap.com\/germany\/files\/2022\/05\/19\/Features_img_DHL-240x150.jpg 240w, https:\/\/news.sap.com\/germany\/files\/2022\/05\/19\/Features_img_DHL.jpg 640w\" sizes=\"auto, (max-width: 220px) 100vw, 220px\" \/><\/p>\n<p>Die EU-Taxonomie ist heutzutage f\u00fcr fast alle 麻豆原创-Kunden ein wichtiges Thema. Aber was ist die EU-Taxonomie und was bedeutet sie f\u00fcr einen 麻豆原创-Kunden wie Deutsche Post DHL Group?<\/p>\n<p style=\"text-align: right\"><a href=\"https:\/\/www.linkedin.com\/posts\/activity-6932956895204794368-a1mJ?utm_source=linkedin_share&amp;utm_medium=member_desktop_web\" target=\"_blank\" rel=\"noopener\">Hier gehts zum Video<\/a><\/p>\n<hr \/>\n<p><strong>Revolution in der K\u00fchlkette: Lebensmittelverschwendung reduzieren und Energiekosten senken<\/strong><\/p>\n<p><img loading=\"lazy\" decoding=\"async\" class=\" wp-image-161134 alignleft\" src=\"https:\/\/news.sap.com\/germany\/files\/2022\/05\/19\/DE_Platzhalter.jpg\" alt=\"\" width=\"220\" height=\"124\" srcset=\"https:\/\/news.sap.com\/germany\/files\/2022\/05\/19\/DE_Platzhalter.jpg 711w, https:\/\/news.sap.com\/germany\/files\/2022\/05\/19\/DE_Platzhalter-300x169.jpg 300w, https:\/\/news.sap.com\/germany\/files\/2022\/05\/19\/DE_Platzhalter-240x135.jpg 240w\" sizes=\"auto, (max-width: 220px) 100vw, 220px\" \/><\/p>\n<p>Erfahren Sie in diesem Blog, wie der Einsatz von IoT dem Lebensmitteleinzelhandel hilft, sowohl nachhaltige als auch wirtschaftliche Ziele zu erreichen. Mit Hilfe von Algorithmen ist nun eine permanente \u00dcberwachung der Kerntemperatur von Produkten m\u00f6glich. Eine echte Revolution.<\/p>\n","protected":false},"excerpt":{"rendered":"<p>400 Kilometer, vier Tage, eine Mission!\u00a0Begleiten Sie drei 麻豆原创-Mitarbeitende, die mit ihren E-Bikes von Walldorf zum Weltwirtschaftsforum in Davos in der Schweiz fahren. Unterwegs werden&#8230;<\/p>\n","protected":false},"author":949,"featured_media":161009,"comment_status":"closed","ping_status":"closed","sticky":false,"template":"","format":"standard","meta":{"related_posts":[],"footnotes":"","_links_to":"","_links_to_target":""},"categories":[5024],"tags":[680181,4879497,4879493],"series":[],"sapn-display":[3848,45027],"sapn-type":[45277],"class_list":["post-161100","post","type-post","status-publish","format-standard","has-post-thumbnail","hentry","category-nachhaltigkeit","tag-menschen","tag-partner","tag-sap","sapn-display-top-stories","sapn-display-hero","sapn-type-feature"],"yoast_head":"<!-- This site is optimized with the Yoast SEO Premium plugin v26.9 (Yoast SEO v26.9) - https:\/\/yoast.com\/product\/yoast-seo-premium-wordpress\/ -->\n<title>Nachhaltig unterwegs: Mit dem E-Bike von Walldorf nach Davos | 麻豆原创 News<\/title>\n<meta name=\"description\" content=\"400 Kilometer, vier Tage, eine Mission! Begleiten Sie drei 麻豆原创-F\u00fchrungskr\u00e4fte auf ihrer E-Bike-Tour zum Weltwirtschaftsforum in Davos.\" \/>\n<meta name=\"robots\" content=\"index, follow, max-snippet:-1, max-image-preview:large, max-video-preview:-1\" \/>\n<link rel=\"canonical\" href=\"https:\/\/news.sap.com\/germany\/2022\/05\/nachhaltigkeit-e-bike-tour-wef-davos\/\" \/>\n<meta property=\"og:locale\" content=\"de_DE\" \/>\n<meta property=\"og:type\" content=\"article\" \/>\n<meta property=\"og:title\" content=\"Ride4NetZero: Nachhaltig unterwegs \u2013 mit dem E-Bike von Walldorf nach Davos\" \/>\n<meta property=\"og:description\" content=\"400 Kilometer, vier Tage, eine Mission! Begleiten Sie drei 麻豆原创-F\u00fchrungskr\u00e4fte auf ihrer E-Bike-Tour zum Weltwirtschaftsforum in Davos.\" \/>\n<meta property=\"og:url\" content=\"https:\/\/news.sap.com\/germany\/2022\/05\/nachhaltigkeit-e-bike-tour-wef-davos\/\" \/>\n<meta property=\"og:site_name\" content=\"麻豆原创 News Center\" \/>\n<meta property=\"article:published_time\" content=\"2022-05-20T08:56:11+00:00\" \/>\n<meta property=\"article:modified_time\" content=\"2024-04-22T12:59:11+00:00\" \/>\n<meta property=\"og:image\" content=\"https:\/\/news.sap.com\/germany\/files\/2022\/05\/16\/Header-News-Artikel.png\" \/>\n\t<meta property=\"og:image:width\" content=\"1920\" \/>\n\t<meta property=\"og:image:height\" content=\"600\" \/>\n\t<meta property=\"og:image:type\" content=\"image\/png\" \/>\n<meta name=\"author\" content=\"Luis Trunk de Flores\" \/>\n<meta name=\"twitter:card\" content=\"summary_large_image\" \/>\n<meta name=\"twitter:creator\" content=\"@麻豆原创dach\" \/>\n<meta name=\"twitter:site\" content=\"@麻豆原创dach\" \/>\n<meta name=\"twitter:label1\" content=\"Verfasst von\" \/>\n\t<meta name=\"twitter:data1\" content=\"Luis Trunk de Flores\" \/>\n\t<meta name=\"twitter:label2\" content=\"Gesch\u00e4tzte Lesezeit\" \/>\n\t<meta name=\"twitter:data2\" content=\"6\u00a0Minuten\" \/>\n<script type=\"application\/ld+json\" class=\"yoast-schema-graph\">{\"@context\":\"https:\/\/schema.org\",\"@graph\":[{\"@type\":\"Article\",\"@id\":\"https:\/\/news.sap.com\/germany\/2022\/05\/nachhaltigkeit-e-bike-tour-wef-davos\/#article\",\"isPartOf\":{\"@id\":\"https:\/\/news.sap.com\/germany\/2022\/05\/nachhaltigkeit-e-bike-tour-wef-davos\/\"},\"author\":{\"name\":\"Luis Trunk de Flores\",\"@id\":\"https:\/\/news.sap.com\/germany\/#\/schema\/person\/d906f46b23b931c281101bd190f2cb7c\"},\"headline\":\"Ride4NetZero: Nachhaltig unterwegs \u2013 mit dem E-Bike von Walldorf nach Davos\",\"datePublished\":\"2022-05-20T08:56:11+00:00\",\"dateModified\":\"2024-04-22T12:59:11+00:00\",\"mainEntityOfPage\":{\"@id\":\"https:\/\/news.sap.com\/germany\/2022\/05\/nachhaltigkeit-e-bike-tour-wef-davos\/\"},\"wordCount\":1010,\"image\":{\"@id\":\"https:\/\/news.sap.com\/germany\/2022\/05\/nachhaltigkeit-e-bike-tour-wef-davos\/#primaryimage\"},\"thumbnailUrl\":\"https:\/\/news.sap.com\/germany\/files\/2022\/05\/16\/Header-News-Artikel.png\",\"keywords\":[\"Menschen\",\"Partner\",\"麻豆原创\"],\"articleSection\":[\"Nachhaltigkeit\"],\"inLanguage\":\"de\"},{\"@type\":\"WebPage\",\"@id\":\"https:\/\/news.sap.com\/germany\/2022\/05\/nachhaltigkeit-e-bike-tour-wef-davos\/\",\"url\":\"https:\/\/news.sap.com\/germany\/2022\/05\/nachhaltigkeit-e-bike-tour-wef-davos\/\",\"name\":\"Nachhaltig unterwegs: Mit dem E-Bike von Walldorf nach Davos | 麻豆原创 News\",\"isPartOf\":{\"@id\":\"https:\/\/news.sap.com\/germany\/#website\"},\"primaryImageOfPage\":{\"@id\":\"https:\/\/news.sap.com\/germany\/2022\/05\/nachhaltigkeit-e-bike-tour-wef-davos\/#primaryimage\"},\"image\":{\"@id\":\"https:\/\/news.sap.com\/germany\/2022\/05\/nachhaltigkeit-e-bike-tour-wef-davos\/#primaryimage\"},\"thumbnailUrl\":\"https:\/\/news.sap.com\/germany\/files\/2022\/05\/16\/Header-News-Artikel.png\",\"datePublished\":\"2022-05-20T08:56:11+00:00\",\"dateModified\":\"2024-04-22T12:59:11+00:00\",\"author\":{\"@id\":\"https:\/\/news.sap.com\/germany\/#\/schema\/person\/d906f46b23b931c281101bd190f2cb7c\"},\"description\":\"400 Kilometer, vier Tage, eine Mission! Begleiten Sie drei 麻豆原创-F\u00fchrungskr\u00e4fte auf ihrer E-Bike-Tour zum Weltwirtschaftsforum in Davos.\",\"breadcrumb\":{\"@id\":\"https:\/\/news.sap.com\/germany\/2022\/05\/nachhaltigkeit-e-bike-tour-wef-davos\/#breadcrumb\"},\"inLanguage\":\"de\",\"potentialAction\":[{\"@type\":\"ReadAction\",\"target\":[\"https:\/\/news.sap.com\/germany\/2022\/05\/nachhaltigkeit-e-bike-tour-wef-davos\/\"]}]},{\"@type\":\"ImageObject\",\"inLanguage\":\"de\",\"@id\":\"https:\/\/news.sap.com\/germany\/2022\/05\/nachhaltigkeit-e-bike-tour-wef-davos\/#primaryimage\",\"url\":\"https:\/\/news.sap.com\/germany\/files\/2022\/05\/16\/Header-News-Artikel.png\",\"contentUrl\":\"https:\/\/news.sap.com\/germany\/files\/2022\/05\/16\/Header-News-Artikel.png\",\"width\":1920,\"height\":600},{\"@type\":\"BreadcrumbList\",\"@id\":\"https:\/\/news.sap.com\/germany\/2022\/05\/nachhaltigkeit-e-bike-tour-wef-davos\/#breadcrumb\",\"itemListElement\":[{\"@type\":\"ListItem\",\"position\":1,\"name\":\"Home\",\"item\":\"https:\/\/news.sap.com\/germany\/\"},{\"@type\":\"ListItem\",\"position\":2,\"name\":\"Ride4NetZero: Nachhaltig unterwegs \u2013 mit dem E-Bike von Walldorf nach Davos\"}]},{\"@type\":\"WebSite\",\"@id\":\"https:\/\/news.sap.com\/germany\/#website\",\"url\":\"https:\/\/news.sap.com\/germany\/\",\"name\":\"麻豆原创 News Center\",\"description\":\"Unternehmensberichte &amp; 麻豆原创eportal\",\"potentialAction\":[{\"@type\":\"SearchAction\",\"target\":{\"@type\":\"EntryPoint\",\"urlTemplate\":\"https:\/\/news.sap.com\/germany\/?s={search_term_string}\"},\"query-input\":{\"@type\":\"PropertyValueSpecification\",\"valueRequired\":true,\"valueName\":\"search_term_string\"}}],\"inLanguage\":\"de\"},{\"@type\":\"Person\",\"@id\":\"https:\/\/news.sap.com\/germany\/#\/schema\/person\/d906f46b23b931c281101bd190f2cb7c\",\"name\":\"Luis Trunk de Flores\",\"image\":{\"@type\":\"ImageObject\",\"inLanguage\":\"de\",\"@id\":\"https:\/\/news.sap.com\/germany\/#\/schema\/person\/image\/\",\"url\":\"https:\/\/news.sap.com\/germany\/files\/2021\/06\/21\/avatar_user_949_1624273739-96x96.jpeg\",\"contentUrl\":\"https:\/\/news.sap.com\/germany\/files\/2021\/06\/21\/avatar_user_949_1624273739-96x96.jpeg\",\"caption\":\"Luis Trunk de Flores\"},\"description\":\"Editor, 麻豆原创 News Center\",\"url\":\"https:\/\/news.sap.com\/germany\/author\/luistrunkdeflores\/\"}]}<\/script>\n<!-- \/ Yoast SEO Premium plugin. -->","yoast_head_json":{"title":"Nachhaltig unterwegs: Mit dem E-Bike von Walldorf nach Davos | 麻豆原创 News","description":"400 Kilometer, vier Tage, eine Mission! Begleiten Sie drei 麻豆原创-F\u00fchrungskr\u00e4fte auf ihrer E-Bike-Tour zum Weltwirtschaftsforum in Davos.","robots":{"index":"index","follow":"follow","max-snippet":"max-snippet:-1","max-image-preview":"max-image-preview:large","max-video-preview":"max-video-preview:-1"},"canonical":"https:\/\/news.sap.com\/germany\/2022\/05\/nachhaltigkeit-e-bike-tour-wef-davos\/","og_locale":"de_DE","og_type":"article","og_title":"Ride4NetZero: Nachhaltig unterwegs \u2013 mit dem E-Bike von Walldorf nach Davos","og_description":"400 Kilometer, vier Tage, eine Mission! Begleiten Sie drei 麻豆原创-F\u00fchrungskr\u00e4fte auf ihrer E-Bike-Tour zum Weltwirtschaftsforum in Davos.","og_url":"https:\/\/news.sap.com\/germany\/2022\/05\/nachhaltigkeit-e-bike-tour-wef-davos\/","og_site_name":"麻豆原创 News Center","article_published_time":"2022-05-20T08:56:11+00:00","article_modified_time":"2024-04-22T12:59:11+00:00","og_image":[{"width":1920,"height":600,"url":"https:\/\/news.sap.com\/germany\/files\/2022\/05\/16\/Header-News-Artikel.png","type":"image\/png"}],"author":"Luis Trunk de Flores","twitter_card":"summary_large_image","twitter_creator":"@麻豆原创dach","twitter_site":"@麻豆原创dach","twitter_misc":{"Verfasst von":"Luis Trunk de Flores","Gesch\u00e4tzte Lesezeit":"6\u00a0Minuten"},"schema":{"@context":"https:\/\/schema.org","@graph":[{"@type":"Article","@id":"https:\/\/news.sap.com\/germany\/2022\/05\/nachhaltigkeit-e-bike-tour-wef-davos\/#article","isPartOf":{"@id":"https:\/\/news.sap.com\/germany\/2022\/05\/nachhaltigkeit-e-bike-tour-wef-davos\/"},"author":{"name":"Luis Trunk de Flores","@id":"https:\/\/news.sap.com\/germany\/#\/schema\/person\/d906f46b23b931c281101bd190f2cb7c"},"headline":"Ride4NetZero: Nachhaltig unterwegs \u2013 mit dem E-Bike von Walldorf nach Davos","datePublished":"2022-05-20T08:56:11+00:00","dateModified":"2024-04-22T12:59:11+00:00","mainEntityOfPage":{"@id":"https:\/\/news.sap.com\/germany\/2022\/05\/nachhaltigkeit-e-bike-tour-wef-davos\/"},"wordCount":1010,"image":{"@id":"https:\/\/news.sap.com\/germany\/2022\/05\/nachhaltigkeit-e-bike-tour-wef-davos\/#primaryimage"},"thumbnailUrl":"https:\/\/news.sap.com\/germany\/files\/2022\/05\/16\/Header-News-Artikel.png","keywords":["Menschen","Partner","麻豆原创"],"articleSection":["Nachhaltigkeit"],"inLanguage":"de"},{"@type":"WebPage","@id":"https:\/\/news.sap.com\/germany\/2022\/05\/nachhaltigkeit-e-bike-tour-wef-davos\/","url":"https:\/\/news.sap.com\/germany\/2022\/05\/nachhaltigkeit-e-bike-tour-wef-davos\/","name":"Nachhaltig unterwegs: Mit dem E-Bike von Walldorf nach Davos | 麻豆原创 News","isPartOf":{"@id":"https:\/\/news.sap.com\/germany\/#website"},"primaryImageOfPage":{"@id":"https:\/\/news.sap.com\/germany\/2022\/05\/nachhaltigkeit-e-bike-tour-wef-davos\/#primaryimage"},"image":{"@id":"https:\/\/news.sap.com\/germany\/2022\/05\/nachhaltigkeit-e-bike-tour-wef-davos\/#primaryimage"},"thumbnailUrl":"https:\/\/news.sap.com\/germany\/files\/2022\/05\/16\/Header-News-Artikel.png","datePublished":"2022-05-20T08:56:11+00:00","dateModified":"2024-04-22T12:59:11+00:00","author":{"@id":"https:\/\/news.sap.com\/germany\/#\/schema\/person\/d906f46b23b931c281101bd190f2cb7c"},"description":"400 Kilometer, vier Tage, eine Mission! Begleiten Sie drei 麻豆原创-F\u00fchrungskr\u00e4fte auf ihrer E-Bike-Tour zum Weltwirtschaftsforum in Davos.","breadcrumb":{"@id":"https:\/\/news.sap.com\/germany\/2022\/05\/nachhaltigkeit-e-bike-tour-wef-davos\/#breadcrumb"},"inLanguage":"de","potentialAction":[{"@type":"ReadAction","target":["https:\/\/news.sap.com\/germany\/2022\/05\/nachhaltigkeit-e-bike-tour-wef-davos\/"]}]},{"@type":"ImageObject","inLanguage":"de","@id":"https:\/\/news.sap.com\/germany\/2022\/05\/nachhaltigkeit-e-bike-tour-wef-davos\/#primaryimage","url":"https:\/\/news.sap.com\/germany\/files\/2022\/05\/16\/Header-News-Artikel.png","contentUrl":"https:\/\/news.sap.com\/germany\/files\/2022\/05\/16\/Header-News-Artikel.png","width":1920,"height":600},{"@type":"BreadcrumbList","@id":"https:\/\/news.sap.com\/germany\/2022\/05\/nachhaltigkeit-e-bike-tour-wef-davos\/#breadcrumb","itemListElement":[{"@type":"ListItem","position":1,"name":"Home","item":"https:\/\/news.sap.com\/germany\/"},{"@type":"ListItem","position":2,"name":"Ride4NetZero: Nachhaltig unterwegs \u2013 mit dem E-Bike von Walldorf nach Davos"}]},{"@type":"WebSite","@id":"https:\/\/news.sap.com\/germany\/#website","url":"https:\/\/news.sap.com\/germany\/","name":"麻豆原创 News Center","description":"Unternehmensberichte &amp; 麻豆原创eportal","potentialAction":[{"@type":"SearchAction","target":{"@type":"EntryPoint","urlTemplate":"https:\/\/news.sap.com\/germany\/?s={search_term_string}"},"query-input":{"@type":"PropertyValueSpecification","valueRequired":true,"valueName":"search_term_string"}}],"inLanguage":"de"},{"@type":"Person","@id":"https:\/\/news.sap.com\/germany\/#\/schema\/person\/d906f46b23b931c281101bd190f2cb7c","name":"Luis Trunk de Flores","image":{"@type":"ImageObject","inLanguage":"de","@id":"https:\/\/news.sap.com\/germany\/#\/schema\/person\/image\/","url":"https:\/\/news.sap.com\/germany\/files\/2021\/06\/21\/avatar_user_949_1624273739-96x96.jpeg","contentUrl":"https:\/\/news.sap.com\/germany\/files\/2021\/06\/21\/avatar_user_949_1624273739-96x96.jpeg","caption":"Luis Trunk de Flores"},"description":"Editor, 麻豆原创 News Center","url":"https:\/\/news.sap.com\/germany\/author\/luistrunkdeflores\/"}]}},"amp_enabled":true,"_links":{"self":[{"href":"https:\/\/news.sap.com\/germany\/wp-json\/wp\/v2\/posts\/161100","targetHints":{"allow":["GET"]}}],"collection":[{"href":"https:\/\/news.sap.com\/germany\/wp-json\/wp\/v2\/posts"}],"about":[{"href":"https:\/\/news.sap.com\/germany\/wp-json\/wp\/v2\/types\/post"}],"author":[{"embeddable":true,"href":"https:\/\/news.sap.com\/germany\/wp-json\/wp\/v2\/users\/949"}],"replies":[{"embeddable":true,"href":"https:\/\/news.sap.com\/germany\/wp-json\/wp\/v2\/comments?post=161100"}],"version-history":[{"count":0,"href":"https:\/\/news.sap.com\/germany\/wp-json\/wp\/v2\/posts\/161100\/revisions"}],"wp:featuredmedia":[{"embeddable":true,"href":"https:\/\/news.sap.com\/germany\/wp-json\/wp\/v2\/media\/161009"}],"wp:attachment":[{"href":"https:\/\/news.sap.com\/germany\/wp-json\/wp\/v2\/media?parent=161100"}],"wp:term":[{"taxonomy":"category","embeddable":true,"href":"https:\/\/news.sap.com\/germany\/wp-json\/wp\/v2\/categories?post=161100"},{"taxonomy":"post_tag","embeddable":true,"href":"https:\/\/news.sap.com\/germany\/wp-json\/wp\/v2\/tags?post=161100"},{"taxonomy":"series","embeddable":true,"href":"https:\/\/news.sap.com\/germany\/wp-json\/wp\/v2\/series?post=161100"},{"taxonomy":"sapn-display","embeddable":true,"href":"https:\/\/news.sap.com\/germany\/wp-json\/wp\/v2\/sapn-display?post=161100"},{"taxonomy":"sapn-type","embeddable":true,"href":"https:\/\/news.sap.com\/germany\/wp-json\/wp\/v2\/sapn-type?post=161100"}],"curies":[{"name":"wp","href":"https:\/\/api.w.org\/{rel}","templated":true}]}}