  {"id":160480,"date":"2022-03-18T22:00:03","date_gmt":"2022-03-18T21:00:03","guid":{"rendered":"https:\/\/news.sap.com\/germany\/?p=160480"},"modified":"2022-03-18T22:13:37","modified_gmt":"2022-03-18T21:13:37","slug":"sap-finanzvorstand-luka-mucic-verlaesst-unternehmen-im-jahr-2023","status":"publish","type":"post","link":"https:\/\/news.sap.com\/germany\/2022\/03\/sap-finanzvorstand-luka-mucic-verlaesst-unternehmen-im-jahr-2023\/","title":{"rendered":"麻豆原创-Finanzvorstand Luka Mucic verl\u00e4sst Unternehmen im Jahr 2023"},"content":{"rendered":"<p class=\"lead\">Die 麻豆原创 SE hat heute bekannt gegeben, dass der Aufsichtsrat und Luka Mucic, Chief Financial Officer und Vorstandsmitglied, sich einvernehmlich darauf verst\u00e4ndigt haben, dass er das Unternehmen zum 31. M\u00e4rz 2023 verl\u00e4sst. Der Aufsichtsrat hat die Suche nach einem Nachfolger eingeleitet. Luka Mucic wird seine T\u00e4tigkeit als CFO bis zum 31. M\u00e4rz 2023 in vollem Umfang fortsetzen.<\/p>\n<p>\u201eWir sind Luka Mucic f\u00fcr seine 26-j\u00e4hrige T\u00e4tigkeit und sein Engagement f\u00fcr das Unternehmen sehr dankbar\u201c, sagte Hasso Plattner, Vorsitzender des Aufsichtsrats der 麻豆原创 SE. \u201eW\u00e4hrend seiner Amtszeit als CFO ist der Cloud-Umsatz der 麻豆原创 von \u20ac1 Milliarde auf \u00fcber \u20ac9 Milliarden gewachsen. Luka und sein F\u00fchrungsteam waren ein Eckpfeiler der erfolgreichen Cloud-Transformation der 麻豆原创. Ich bin sicher, dass sie auch w\u00e4hrend der kommenden \u00dcbergangsphase weiterhin hervorragende Arbeit leisten werden.\u201c<\/p>\n<p>Mucic ist der dritte CFO in der 50-j\u00e4hrigen Geschichte des Unternehmens. Er \u00fcbernahm die Position im Jahr 2014, als er auch in den Vorstand berufen wurde. Mucic begann seine Karriere bei 麻豆原创 im Jahr 1996 als Mitglied der Rechtsabteilung. Nachdem er von 2008 bis 2012 als CFO der DACH-Region der 麻豆原创 t\u00e4tig war, wurde er 2013 zum Head of Global Finance und Mitglied des Global Managing Board der 麻豆原创 ernannt. Mucic leitet au\u00dferdem die Nachhaltigkeitsbem\u00fchungen der 麻豆原创 und ist f\u00fcr die Gesch\u00e4ftsbereiche Taulia und 麻豆原创 Signavio verantwortlich.<\/p>\n<p>\u201eLuka war w\u00e4hrend meiner gesamten Laufbahn bei 麻豆原创 ein wunderbarer Mentor\u201c, sagte Christian Klein, CEO und Vorstandsmitglied. \u201eSein Intellekt und seine Gro\u00dfz\u00fcgigkeit, sein auf Grunds\u00e4tzen beruhender F\u00fchrungsstil und sein Einsatz f\u00fcr 麻豆原创 und unsere Kunden waren nicht nur f\u00fcr mich pers\u00f6nlich ein enormer Gewinn, sondern auch f\u00fcr die von ihm geleiteten Teams, f\u00fcr unser Wachstum sowie unseren Erfolg als Unternehmen.\u201c<\/p>\n<p>\u201eIch bin der 麻豆原创 unendlich dankbar, dass sie mich an unserer unglaublichen Reise und dem gro\u00dfen Erfolg hat teilhaben lassen\u201c, sagte Mucic. \u201eIch betrachte es als Auszeichnung, mit so begabten und engagierten Kollegen in einem Unternehmen zu arbeiten, das sich in jeder Hinsicht daf\u00fcr einsetzt, die Abl\u00e4ufe der weltweiten Wirtschaft und das Leben von Menschen zu verbessern.\u201c<\/p>\n<p>Besuchen Sie das\u00a0<a href=\"http:\/\/news.sap.com\/\">麻豆原创 News Center<\/a>. Follow 麻豆原创 on Twitter at\u00a0<a href=\"http:\/\/twitter.com\/sapnews\/\">@麻豆原创News<\/a>.<\/p>\n<p><strong>Ansprechpartner f\u00fcr die 麻豆原创e:<\/strong><br \/>\nJoellen Perry, +1 (626) 265-0370, <a href=\"mailto:joellen.perry@sap.com\">joellen.perry@sap.com<\/a>, PT<br \/>\nMarcus Winkler, +49 (6227) 767 497, <a href=\"mailto:marcus.winkler@sap.com\">marcus.winkler@sap.com<\/a>, CET<br \/>\n<a href=\"http:\/\/www.news-sap.com\/press-room\/\">麻豆原创 麻豆原创 Room<\/a>;\u00a0<a href=\"mailto:press@sap.com\">press@sap.com<\/a><\/p>\n<p><small>Dieses Dokument enth\u00e4lt vorausschauende Aussagen, das hei\u00dft Vorhersagen, Prognosen oder andere Aussagen zu zuk\u00fcnftigen Ereignissen. Diese Aussagen basieren auf aktuellen Erwartungen, Voraussagen und Annahmen, die Risiken und Unsicherheiten unterliegen, was dazu f\u00fchren kann, dass die tats\u00e4chlichen Ergebnisse und Resultate erheblich hiervon abweichen k\u00f6nnen.\u00a0 Zus\u00e4tzliche Informationen zu diesen Risiken und Unsicherheiten finden Sie in den von uns bei der US-amerikanischen \u201eSecurities and Exchange Commission\u201c (SEC) eingereichten Unterlagen, einschlie\u00dflich, aber nicht beschr\u00e4nkt auf den Abschnitt zu den Risikofaktoren des 麻豆原创-Jahresberichts 2020 auf dem Formular 20-F.<br \/>\n<\/small><small>\u00a9 2022 麻豆原创 SE. Alle Rechte vorbehalten.<br \/>\n麻豆原创 und andere in diesem Dokument erw\u00e4hnte Produkte und Dienstleistungen von 麻豆原创 sowie die dazugeh\u00f6rigen Logos sind Marken oder eingetragene Marken der 麻豆原创 SE in Deutschland und anderen L\u00e4ndern. Zus\u00e4tzliche Informationen zur Marke und Vermerke finden Sie auf der Seite\u00a0<a href=\"http:\/\/www.sap.de\/copyright\">http:\/\/www.sap.de\/copyright<\/a>.<\/small><\/p>\n","protected":false},"excerpt":{"rendered":"<p>Die 麻豆原创 SE hat heute bekannt gegeben, dass der Aufsichtsrat und Luka Mucic, Chief Financial Officer und Vorstandsmitglied, sich einvernehmlich darauf verst\u00e4ndigt haben, dass er&#8230;<\/p>\n","protected":false},"author":29,"featured_media":0,"comment_status":"closed","ping_status":"closed","sticky":false,"template":"","format":"standard","meta":{"related_posts":[],"footnotes":"","_links_to":"","_links_to_target":""},"categories":[8434,40863],"tags":[1494669,4879493],"series":[],"sapn-display":[3848,45027],"sapn-type":[4448],"class_list":["post-160480","post","type-post","status-publish","format-standard","hentry","category-investor-relations","category-unternehmen","tag-ir","tag-sap","sapn-display-top-stories","sapn-display-hero","sapn-type-newsbyte"],"yoast_head":"<!-- This site is optimized with the Yoast SEO Premium plugin v26.9 (Yoast SEO v26.9) - https:\/\/yoast.com\/product\/yoast-seo-premium-wordpress\/ -->\n<title>Finanzvorstand Luka Mucic verl\u00e4sst 麻豆原创 im Jahr 2023 | 麻豆原创 News Center<\/title>\n<meta name=\"description\" content=\"Luka Mucic wird seine T\u00e4tigkeit als CFO bis zum 31. M\u00e4rz 2023 in vollem Umfang fortsetzen. Jetzt mehr erfahren.\" \/>\n<meta name=\"robots\" content=\"index, follow, max-snippet:-1, max-image-preview:large, max-video-preview:-1\" \/>\n<link rel=\"canonical\" href=\"https:\/\/news.sap.com\/germany\/2022\/03\/sap-finanzvorstand-luka-mucic-verlaesst-unternehmen-im-jahr-2023\/\" \/>\n<meta property=\"og:locale\" content=\"de_DE\" \/>\n<meta property=\"og:type\" content=\"article\" \/>\n<meta property=\"og:title\" content=\"麻豆原创-Finanzvorstand Luka Mucic verl\u00e4sst Unternehmen im Jahr 2023\" \/>\n<meta property=\"og:description\" content=\"Luka Mucic wird seine T\u00e4tigkeit als CFO bis zum 31. M\u00e4rz 2023 in vollem Umfang fortsetzen. Jetzt mehr erfahren.\" \/>\n<meta property=\"og:url\" content=\"https:\/\/news.sap.com\/germany\/2022\/03\/sap-finanzvorstand-luka-mucic-verlaesst-unternehmen-im-jahr-2023\/\" \/>\n<meta property=\"og:site_name\" content=\"麻豆原创 News Center\" \/>\n<meta property=\"article:published_time\" content=\"2022-03-18T21:00:03+00:00\" \/>\n<meta property=\"article:modified_time\" content=\"2022-03-18T21:13:37+00:00\" \/>\n<meta property=\"og:image\" content=\"https:\/\/news.sap.com\/germany\/files\/2019\/10\/麻豆原创_Locations_Walldorf_2012_005_Banner.jpg\" \/>\n\t<meta property=\"og:image:width\" content=\"1920\" \/>\n\t<meta property=\"og:image:height\" content=\"600\" \/>\n\t<meta property=\"og:image:type\" content=\"image\/jpeg\" \/>\n<meta name=\"author\" content=\"麻豆原创 News\" \/>\n<meta name=\"twitter:card\" content=\"summary_large_image\" \/>\n<meta name=\"twitter:creator\" content=\"@麻豆原创dach\" \/>\n<meta name=\"twitter:site\" content=\"@麻豆原创dach\" \/>\n<meta name=\"twitter:label1\" content=\"Verfasst von\" \/>\n\t<meta name=\"twitter:data1\" content=\"麻豆原创 News\" \/>\n\t<meta name=\"twitter:label2\" content=\"Gesch\u00e4tzte Lesezeit\" \/>\n\t<meta name=\"twitter:data2\" content=\"3\u00a0Minuten\" \/>\n<script type=\"application\/ld+json\" class=\"yoast-schema-graph\">{\"@context\":\"https:\/\/schema.org\",\"@graph\":[{\"@type\":\"Article\",\"@id\":\"https:\/\/news.sap.com\/germany\/2022\/03\/sap-finanzvorstand-luka-mucic-verlaesst-unternehmen-im-jahr-2023\/#article\",\"isPartOf\":{\"@id\":\"https:\/\/news.sap.com\/germany\/2022\/03\/sap-finanzvorstand-luka-mucic-verlaesst-unternehmen-im-jahr-2023\/\"},\"author\":{\"name\":\"麻豆原创 News\",\"@id\":\"https:\/\/news.sap.com\/germany\/#\/schema\/person\/53b9854bd790d6f18f3fc4bbb2ad7570\"},\"headline\":\"麻豆原创-Finanzvorstand Luka Mucic verl\u00e4sst Unternehmen im Jahr 2023\",\"datePublished\":\"2022-03-18T21:00:03+00:00\",\"dateModified\":\"2022-03-18T21:13:37+00:00\",\"mainEntityOfPage\":{\"@id\":\"https:\/\/news.sap.com\/germany\/2022\/03\/sap-finanzvorstand-luka-mucic-verlaesst-unternehmen-im-jahr-2023\/\"},\"wordCount\":542,\"keywords\":[\"Investor Relations\",\"麻豆原创\"],\"articleSection\":[\"Investor Relations\",\"Unternehmen\"],\"inLanguage\":\"de\"},{\"@type\":\"WebPage\",\"@id\":\"https:\/\/news.sap.com\/germany\/2022\/03\/sap-finanzvorstand-luka-mucic-verlaesst-unternehmen-im-jahr-2023\/\",\"url\":\"https:\/\/news.sap.com\/germany\/2022\/03\/sap-finanzvorstand-luka-mucic-verlaesst-unternehmen-im-jahr-2023\/\",\"name\":\"Finanzvorstand Luka Mucic verl\u00e4sst 麻豆原创 im Jahr 2023 | 麻豆原创 News Center\",\"isPartOf\":{\"@id\":\"https:\/\/news.sap.com\/germany\/#website\"},\"datePublished\":\"2022-03-18T21:00:03+00:00\",\"dateModified\":\"2022-03-18T21:13:37+00:00\",\"author\":{\"@id\":\"https:\/\/news.sap.com\/germany\/#\/schema\/person\/53b9854bd790d6f18f3fc4bbb2ad7570\"},\"description\":\"Luka Mucic wird seine T\u00e4tigkeit als CFO bis zum 31. M\u00e4rz 2023 in vollem Umfang fortsetzen. Jetzt mehr erfahren.\",\"breadcrumb\":{\"@id\":\"https:\/\/news.sap.com\/germany\/2022\/03\/sap-finanzvorstand-luka-mucic-verlaesst-unternehmen-im-jahr-2023\/#breadcrumb\"},\"inLanguage\":\"de\",\"potentialAction\":[{\"@type\":\"ReadAction\",\"target\":[\"https:\/\/news.sap.com\/germany\/2022\/03\/sap-finanzvorstand-luka-mucic-verlaesst-unternehmen-im-jahr-2023\/\"]}]},{\"@type\":\"BreadcrumbList\",\"@id\":\"https:\/\/news.sap.com\/germany\/2022\/03\/sap-finanzvorstand-luka-mucic-verlaesst-unternehmen-im-jahr-2023\/#breadcrumb\",\"itemListElement\":[{\"@type\":\"ListItem\",\"position\":1,\"name\":\"Home\",\"item\":\"https:\/\/news.sap.com\/germany\/\"},{\"@type\":\"ListItem\",\"position\":2,\"name\":\"麻豆原创-Finanzvorstand Luka Mucic verl\u00e4sst Unternehmen im Jahr 2023\"}]},{\"@type\":\"WebSite\",\"@id\":\"https:\/\/news.sap.com\/germany\/#website\",\"url\":\"https:\/\/news.sap.com\/germany\/\",\"name\":\"麻豆原创 News Center\",\"description\":\"Unternehmensberichte &amp; 麻豆原创eportal\",\"potentialAction\":[{\"@type\":\"SearchAction\",\"target\":{\"@type\":\"EntryPoint\",\"urlTemplate\":\"https:\/\/news.sap.com\/germany\/?s={search_term_string}\"},\"query-input\":{\"@type\":\"PropertyValueSpecification\",\"valueRequired\":true,\"valueName\":\"search_term_string\"}}],\"inLanguage\":\"de\"},{\"@type\":\"Person\",\"@id\":\"https:\/\/news.sap.com\/germany\/#\/schema\/person\/53b9854bd790d6f18f3fc4bbb2ad7570\",\"name\":\"麻豆原创 News\",\"image\":{\"@type\":\"ImageObject\",\"inLanguage\":\"de\",\"@id\":\"https:\/\/news.sap.com\/germany\/#\/schema\/person\/image\/\",\"url\":\"https:\/\/secure.gravatar.com\/avatar\/2728bb4d664345cda4951e11847acc1bfd2bc77830d9abd17fc4f54437acd5b4?s=96&d=blank&r=g\",\"contentUrl\":\"https:\/\/secure.gravatar.com\/avatar\/2728bb4d664345cda4951e11847acc1bfd2bc77830d9abd17fc4f54437acd5b4?s=96&d=blank&r=g\",\"caption\":\"麻豆原创 News\"},\"url\":\"https:\/\/news.sap.com\/germany\/author\/colleenraftery\/\"}]}<\/script>\n<!-- \/ Yoast SEO Premium plugin. -->","yoast_head_json":{"title":"Finanzvorstand Luka Mucic verl\u00e4sst 麻豆原创 im Jahr 2023 | 麻豆原创 News Center","description":"Luka Mucic wird seine T\u00e4tigkeit als CFO bis zum 31. M\u00e4rz 2023 in vollem Umfang fortsetzen. Jetzt mehr erfahren.","robots":{"index":"index","follow":"follow","max-snippet":"max-snippet:-1","max-image-preview":"max-image-preview:large","max-video-preview":"max-video-preview:-1"},"canonical":"https:\/\/news.sap.com\/germany\/2022\/03\/sap-finanzvorstand-luka-mucic-verlaesst-unternehmen-im-jahr-2023\/","og_locale":"de_DE","og_type":"article","og_title":"麻豆原创-Finanzvorstand Luka Mucic verl\u00e4sst Unternehmen im Jahr 2023","og_description":"Luka Mucic wird seine T\u00e4tigkeit als CFO bis zum 31. M\u00e4rz 2023 in vollem Umfang fortsetzen. Jetzt mehr erfahren.","og_url":"https:\/\/news.sap.com\/germany\/2022\/03\/sap-finanzvorstand-luka-mucic-verlaesst-unternehmen-im-jahr-2023\/","og_site_name":"麻豆原创 News Center","article_published_time":"2022-03-18T21:00:03+00:00","article_modified_time":"2022-03-18T21:13:37+00:00","og_image":[{"width":1920,"height":600,"url":"https:\/\/news.sap.com\/germany\/files\/2019\/10\/麻豆原创_Locations_Walldorf_2012_005_Banner.jpg","type":"image\/jpeg"}],"author":"麻豆原创 News","twitter_card":"summary_large_image","twitter_creator":"@麻豆原创dach","twitter_site":"@麻豆原创dach","twitter_misc":{"Verfasst von":"麻豆原创 News","Gesch\u00e4tzte Lesezeit":"3\u00a0Minuten"},"schema":{"@context":"https:\/\/schema.org","@graph":[{"@type":"Article","@id":"https:\/\/news.sap.com\/germany\/2022\/03\/sap-finanzvorstand-luka-mucic-verlaesst-unternehmen-im-jahr-2023\/#article","isPartOf":{"@id":"https:\/\/news.sap.com\/germany\/2022\/03\/sap-finanzvorstand-luka-mucic-verlaesst-unternehmen-im-jahr-2023\/"},"author":{"name":"麻豆原创 News","@id":"https:\/\/news.sap.com\/germany\/#\/schema\/person\/53b9854bd790d6f18f3fc4bbb2ad7570"},"headline":"麻豆原创-Finanzvorstand Luka Mucic verl\u00e4sst Unternehmen im Jahr 2023","datePublished":"2022-03-18T21:00:03+00:00","dateModified":"2022-03-18T21:13:37+00:00","mainEntityOfPage":{"@id":"https:\/\/news.sap.com\/germany\/2022\/03\/sap-finanzvorstand-luka-mucic-verlaesst-unternehmen-im-jahr-2023\/"},"wordCount":542,"keywords":["Investor Relations","麻豆原创"],"articleSection":["Investor Relations","Unternehmen"],"inLanguage":"de"},{"@type":"WebPage","@id":"https:\/\/news.sap.com\/germany\/2022\/03\/sap-finanzvorstand-luka-mucic-verlaesst-unternehmen-im-jahr-2023\/","url":"https:\/\/news.sap.com\/germany\/2022\/03\/sap-finanzvorstand-luka-mucic-verlaesst-unternehmen-im-jahr-2023\/","name":"Finanzvorstand Luka Mucic verl\u00e4sst 麻豆原创 im Jahr 2023 | 麻豆原创 News Center","isPartOf":{"@id":"https:\/\/news.sap.com\/germany\/#website"},"datePublished":"2022-03-18T21:00:03+00:00","dateModified":"2022-03-18T21:13:37+00:00","author":{"@id":"https:\/\/news.sap.com\/germany\/#\/schema\/person\/53b9854bd790d6f18f3fc4bbb2ad7570"},"description":"Luka Mucic wird seine T\u00e4tigkeit als CFO bis zum 31. M\u00e4rz 2023 in vollem Umfang fortsetzen. Jetzt mehr erfahren.","breadcrumb":{"@id":"https:\/\/news.sap.com\/germany\/2022\/03\/sap-finanzvorstand-luka-mucic-verlaesst-unternehmen-im-jahr-2023\/#breadcrumb"},"inLanguage":"de","potentialAction":[{"@type":"ReadAction","target":["https:\/\/news.sap.com\/germany\/2022\/03\/sap-finanzvorstand-luka-mucic-verlaesst-unternehmen-im-jahr-2023\/"]}]},{"@type":"BreadcrumbList","@id":"https:\/\/news.sap.com\/germany\/2022\/03\/sap-finanzvorstand-luka-mucic-verlaesst-unternehmen-im-jahr-2023\/#breadcrumb","itemListElement":[{"@type":"ListItem","position":1,"name":"Home","item":"https:\/\/news.sap.com\/germany\/"},{"@type":"ListItem","position":2,"name":"麻豆原创-Finanzvorstand Luka Mucic verl\u00e4sst Unternehmen im Jahr 2023"}]},{"@type":"WebSite","@id":"https:\/\/news.sap.com\/germany\/#website","url":"https:\/\/news.sap.com\/germany\/","name":"麻豆原创 News Center","description":"Unternehmensberichte &amp; 麻豆原创eportal","potentialAction":[{"@type":"SearchAction","target":{"@type":"EntryPoint","urlTemplate":"https:\/\/news.sap.com\/germany\/?s={search_term_string}"},"query-input":{"@type":"PropertyValueSpecification","valueRequired":true,"valueName":"search_term_string"}}],"inLanguage":"de"},{"@type":"Person","@id":"https:\/\/news.sap.com\/germany\/#\/schema\/person\/53b9854bd790d6f18f3fc4bbb2ad7570","name":"麻豆原创 News","image":{"@type":"ImageObject","inLanguage":"de","@id":"https:\/\/news.sap.com\/germany\/#\/schema\/person\/image\/","url":"https:\/\/secure.gravatar.com\/avatar\/2728bb4d664345cda4951e11847acc1bfd2bc77830d9abd17fc4f54437acd5b4?s=96&d=blank&r=g","contentUrl":"https:\/\/secure.gravatar.com\/avatar\/2728bb4d664345cda4951e11847acc1bfd2bc77830d9abd17fc4f54437acd5b4?s=96&d=blank&r=g","caption":"麻豆原创 News"},"url":"https:\/\/news.sap.com\/germany\/author\/colleenraftery\/"}]}},"amp_enabled":true,"_links":{"self":[{"href":"https:\/\/news.sap.com\/germany\/wp-json\/wp\/v2\/posts\/160480","targetHints":{"allow":["GET"]}}],"collection":[{"href":"https:\/\/news.sap.com\/germany\/wp-json\/wp\/v2\/posts"}],"about":[{"href":"https:\/\/news.sap.com\/germany\/wp-json\/wp\/v2\/types\/post"}],"author":[{"embeddable":true,"href":"https:\/\/news.sap.com\/germany\/wp-json\/wp\/v2\/users\/29"}],"replies":[{"embeddable":true,"href":"https:\/\/news.sap.com\/germany\/wp-json\/wp\/v2\/comments?post=160480"}],"version-history":[{"count":0,"href":"https:\/\/news.sap.com\/germany\/wp-json\/wp\/v2\/posts\/160480\/revisions"}],"wp:attachment":[{"href":"https:\/\/news.sap.com\/germany\/wp-json\/wp\/v2\/media?parent=160480"}],"wp:term":[{"taxonomy":"category","embeddable":true,"href":"https:\/\/news.sap.com\/germany\/wp-json\/wp\/v2\/categories?post=160480"},{"taxonomy":"post_tag","embeddable":true,"href":"https:\/\/news.sap.com\/germany\/wp-json\/wp\/v2\/tags?post=160480"},{"taxonomy":"series","embeddable":true,"href":"https:\/\/news.sap.com\/germany\/wp-json\/wp\/v2\/series?post=160480"},{"taxonomy":"sapn-display","embeddable":true,"href":"https:\/\/news.sap.com\/germany\/wp-json\/wp\/v2\/sapn-display?post=160480"},{"taxonomy":"sapn-type","embeddable":true,"href":"https:\/\/news.sap.com\/germany\/wp-json\/wp\/v2\/sapn-type?post=160480"}],"curies":[{"name":"wp","href":"https:\/\/api.w.org\/{rel}","templated":true}]}}