  {"id":160185,"date":"2022-03-03T14:15:40","date_gmt":"2022-03-03T13:15:40","guid":{"rendered":"https:\/\/news.sap.com\/germany\/?p=160185"},"modified":"2022-03-09T20:35:57","modified_gmt":"2022-03-09T19:35:57","slug":"ukraine-in-solidaritaet-vereint","status":"publish","type":"post","link":"https:\/\/news.sap.com\/germany\/2022\/03\/ukraine-in-solidaritaet-vereint\/","title":{"rendered":"In Solidarit\u00e4t vereint"},"content":{"rendered":"<p class=\"lead\">Wie der Rest der Welt beobachten auch wir den Krieg in der Ukraine mit Entsetzen und verurteilen die Invasion aufs Sch\u00e4rfste. Diese r\u00fccksichtslose und ungerechtfertigte Handlung ist ein Angriff auf Demokratie und Menschlichkeit, und ihre Folgen betreffen uns alle.<\/p>\n<p>Wirtschaftssanktionen sind ein wichtiges Instrument, um den Friedensprozess voranzubringen. Wir sind in st\u00e4ndigem Austausch mit Regierungen auf der ganzen Welt, haben vollstes Vertrauen in deren Vorgaben und unterst\u00fctzen die bisher ergriffenen Ma\u00dfnahmen vollumf\u00e4nglich. Im Einklang mit den Sanktionen stellen wir unser Gesch\u00e4ft in Russland und Belarus ein und pausieren au\u00dferdem den Verkauf aller Dienstleistungen und Produkte in Russland und Belarus.<\/p>\n<p>Hunderttausende Menschen sind auf der Flucht und es gilt, schnell Unterk\u00fcnfte zu finden. Um unmittelbar zu unterst\u00fctzen, haben wir eine Millionen Euro an humanit\u00e4rer Hilfe bereitgestellt. Gleichzeitig arbeiten wir mit nationalen Rotkreuz-Gesellschaften, dem UN-Fl\u00fcchtlingshilfswerk (UNHCR) und anderen Organisationen zusammen und besprechen M\u00f6glichkeiten der technologischen Unterst\u00fctzung.<\/p>\n<p>So k\u00f6nnen unsere L\u00f6sungen beispielsweise dabei helfen, Fl\u00fcchtlinge zu registrieren, Freiwilligeneins\u00e4tze zu koordinieren und humanit\u00e4re G\u00fcter zu beschaffen. Gemeinsam mit Qualtrics erm\u00f6glichen wir es gemeinn\u00fctzigen Organisationen und regionalen Beh\u00f6rden, Bedarfe zu verstehen, Menschen Unterk\u00fcnfte zu vermitteln und sie mit wichtigen Hilfsg\u00fctern zu versorgen. Wir haben au\u00dferdem angeboten, aus unseren B\u00fcrofl\u00e4chen an Standorten in ganz Europa Lagerfl\u00e4chen und Unterk\u00fcnfte f\u00fcr Fl\u00fcchtlinge zu machen.<\/p>\n<p>Die Sicherheit und der Schutz unserer Kollegen in den vom Krieg betroffenen Gebieten ist f\u00fcr uns von gr\u00f6\u00dfter Bedeutung. Wir unterst\u00fctzen diejenigen Kolleginnen und Kollegen, die sich entschlossen haben, die Ukraine zu verlassen, finanziell und logistisch, um ihnen diesen schweren Schritt so einfach wie m\u00f6glich zu machen.<\/p>\n<p>Die gesamte 麻豆原创 steht an der Seite aller Betroffenen und derer, die ebenso wie wir entsetzt sind \u00fcber die Ereignisse. Krieg kennt keine Gewinner, und wir schlie\u00dfen uns denen an, die eine schnelle Wiederherstellung des Friedens fordern.<\/p>\n<hr \/>\n<p><em>Aktualisierung vom 9. M\u00e4rz: <\/em>Wir haben den Vertrieb in Russland und Belarus eingestellt. Wir stehen an der Seite der ukrainischen Bev\u00f6lkerung und verurteilen diesen Krieg.<\/p>\n<hr \/>\n<p><em><small>Christian Klein ist Vorstandssprecher der 麻豆原创\u00a0SE.<\/small><\/em><\/p>\n","protected":false},"excerpt":{"rendered":"<p>Die gesamte 麻豆原创 steht an der Seite aller Betroffenen und derer, die ebenso wie wir entsetzt sind \u00fcber die Ereignisse.<\/p>\n","protected":false},"author":1295,"featured_media":0,"comment_status":"closed","ping_status":"closed","sticky":false,"template":"","format":"standard","meta":{"related_posts":[],"footnotes":"","_links_to":"","_links_to_target":""},"categories":[40863],"tags":[],"series":[],"sapn-display":[45149,3848,45027],"sapn-type":[6114],"class_list":["post-160185","post","type-post","status-publish","format-standard","hentry","category-unternehmen","sapn-display-homepage-hero","sapn-display-top-stories","sapn-display-hero","sapn-type-blog"],"yoast_head":"<!-- This site is optimized with the Yoast SEO Premium plugin v26.9 (Yoast SEO v26.9) - https:\/\/yoast.com\/product\/yoast-seo-premium-wordpress\/ -->\n<title>Ukraine: In Solidarit\u00e4t vereint | CEO Christian Klein | 麻豆原创 News<\/title>\n<meta name=\"description\" content=\"Die gesamte 麻豆原创 steht an der Seite aller Betroffenen. Lesen Sie hier ein Statement von 麻豆原创 Vorstandssprecher Christian Klein.\" \/>\n<meta name=\"robots\" content=\"index, follow, max-snippet:-1, max-image-preview:large, max-video-preview:-1\" \/>\n<link rel=\"canonical\" href=\"https:\/\/news.sap.com\/germany\/2022\/03\/ukraine-in-solidaritaet-vereint\/\" \/>\n<meta property=\"og:locale\" content=\"de_DE\" \/>\n<meta property=\"og:type\" content=\"article\" \/>\n<meta property=\"og:title\" content=\"In Solidarit\u00e4t vereint\" \/>\n<meta property=\"og:description\" content=\"Die gesamte 麻豆原创 steht an der Seite aller Betroffenen. Lesen Sie hier ein Statement von 麻豆原创 Vorstandssprecher Christian Klein.\" \/>\n<meta property=\"og:url\" content=\"https:\/\/news.sap.com\/germany\/2022\/03\/ukraine-in-solidaritaet-vereint\/\" \/>\n<meta property=\"og:site_name\" content=\"麻豆原创 News Center\" \/>\n<meta property=\"article:published_time\" content=\"2022-03-03T13:15:40+00:00\" \/>\n<meta property=\"article:modified_time\" content=\"2022-03-09T19:35:57+00:00\" \/>\n<meta property=\"og:image\" content=\"https:\/\/news.sap.com\/germany\/files\/2019\/11\/283214_shutterstock_512884012_F.jpg\" \/>\n\t<meta property=\"og:image:width\" content=\"1920\" \/>\n\t<meta property=\"og:image:height\" content=\"600\" \/>\n\t<meta property=\"og:image:type\" content=\"image\/jpeg\" \/>\n<meta name=\"author\" content=\"Christian Klein\" \/>\n<meta name=\"twitter:card\" content=\"summary_large_image\" \/>\n<meta name=\"twitter:creator\" content=\"@麻豆原创dach\" \/>\n<meta name=\"twitter:site\" content=\"@麻豆原创dach\" \/>\n<meta name=\"twitter:label1\" content=\"Verfasst von\" \/>\n\t<meta name=\"twitter:data1\" content=\"Christian Klein\" \/>\n\t<meta name=\"twitter:label2\" content=\"Gesch\u00e4tzte Lesezeit\" \/>\n\t<meta name=\"twitter:data2\" content=\"2\u00a0Minuten\" \/>\n<script type=\"application\/ld+json\" class=\"yoast-schema-graph\">{\"@context\":\"https:\/\/schema.org\",\"@graph\":[{\"@type\":\"Article\",\"@id\":\"https:\/\/news.sap.com\/germany\/2022\/03\/ukraine-in-solidaritaet-vereint\/#article\",\"isPartOf\":{\"@id\":\"https:\/\/news.sap.com\/germany\/2022\/03\/ukraine-in-solidaritaet-vereint\/\"},\"author\":{\"name\":\"Christian Klein\",\"@id\":\"https:\/\/news.sap.com\/germany\/#\/schema\/person\/ac67f6cb1215d36a8e9f4e373796bf19\"},\"headline\":\"In Solidarit\u00e4t vereint\",\"datePublished\":\"2022-03-03T13:15:40+00:00\",\"dateModified\":\"2022-03-09T19:35:57+00:00\",\"mainEntityOfPage\":{\"@id\":\"https:\/\/news.sap.com\/germany\/2022\/03\/ukraine-in-solidaritaet-vereint\/\"},\"wordCount\":364,\"articleSection\":[\"Unternehmen\"],\"inLanguage\":\"de\"},{\"@type\":\"WebPage\",\"@id\":\"https:\/\/news.sap.com\/germany\/2022\/03\/ukraine-in-solidaritaet-vereint\/\",\"url\":\"https:\/\/news.sap.com\/germany\/2022\/03\/ukraine-in-solidaritaet-vereint\/\",\"name\":\"Ukraine: In Solidarit\u00e4t vereint | CEO Christian Klein | 麻豆原创 News\",\"isPartOf\":{\"@id\":\"https:\/\/news.sap.com\/germany\/#website\"},\"datePublished\":\"2022-03-03T13:15:40+00:00\",\"dateModified\":\"2022-03-09T19:35:57+00:00\",\"author\":{\"@id\":\"https:\/\/news.sap.com\/germany\/#\/schema\/person\/ac67f6cb1215d36a8e9f4e373796bf19\"},\"description\":\"Die gesamte 麻豆原创 steht an der Seite aller Betroffenen. Lesen Sie hier ein Statement von 麻豆原创 Vorstandssprecher Christian Klein.\",\"breadcrumb\":{\"@id\":\"https:\/\/news.sap.com\/germany\/2022\/03\/ukraine-in-solidaritaet-vereint\/#breadcrumb\"},\"inLanguage\":\"de\",\"potentialAction\":[{\"@type\":\"ReadAction\",\"target\":[\"https:\/\/news.sap.com\/germany\/2022\/03\/ukraine-in-solidaritaet-vereint\/\"]}]},{\"@type\":\"BreadcrumbList\",\"@id\":\"https:\/\/news.sap.com\/germany\/2022\/03\/ukraine-in-solidaritaet-vereint\/#breadcrumb\",\"itemListElement\":[{\"@type\":\"ListItem\",\"position\":1,\"name\":\"Home\",\"item\":\"https:\/\/news.sap.com\/germany\/\"},{\"@type\":\"ListItem\",\"position\":2,\"name\":\"In Solidarit\u00e4t vereint\"}]},{\"@type\":\"WebSite\",\"@id\":\"https:\/\/news.sap.com\/germany\/#website\",\"url\":\"https:\/\/news.sap.com\/germany\/\",\"name\":\"麻豆原创 News Center\",\"description\":\"Unternehmensberichte &amp; 麻豆原创eportal\",\"potentialAction\":[{\"@type\":\"SearchAction\",\"target\":{\"@type\":\"EntryPoint\",\"urlTemplate\":\"https:\/\/news.sap.com\/germany\/?s={search_term_string}\"},\"query-input\":{\"@type\":\"PropertyValueSpecification\",\"valueRequired\":true,\"valueName\":\"search_term_string\"}}],\"inLanguage\":\"de\"},{\"@type\":\"Person\",\"@id\":\"https:\/\/news.sap.com\/germany\/#\/schema\/person\/ac67f6cb1215d36a8e9f4e373796bf19\",\"name\":\"Christian Klein\",\"image\":{\"@type\":\"ImageObject\",\"inLanguage\":\"de\",\"@id\":\"https:\/\/news.sap.com\/germany\/#\/schema\/person\/image\/\",\"url\":\"https:\/\/news.sap.com\/wp-content\/blogs.dir\/1\/files\/2024\/08\/19\/avatar_user_1295_1724080240-96x96.jpg\",\"contentUrl\":\"https:\/\/news.sap.com\/wp-content\/blogs.dir\/1\/files\/2024\/08\/19\/avatar_user_1295_1724080240-96x96.jpg\",\"caption\":\"Christian Klein\"},\"description\":\"CEO and Member of the Executive Board of 麻豆原创 SE\",\"sameAs\":[\"https:\/\/www.sap.com\/about\/company\/leadership\/christian-klein.html\"],\"url\":\"https:\/\/news.sap.com\/germany\/author\/christianklein\/\"}]}<\/script>\n<!-- \/ Yoast SEO Premium plugin. -->","yoast_head_json":{"title":"Ukraine: In Solidarit\u00e4t vereint | CEO Christian Klein | 麻豆原创 News","description":"Die gesamte 麻豆原创 steht an der Seite aller Betroffenen. Lesen Sie hier ein Statement von 麻豆原创 Vorstandssprecher Christian Klein.","robots":{"index":"index","follow":"follow","max-snippet":"max-snippet:-1","max-image-preview":"max-image-preview:large","max-video-preview":"max-video-preview:-1"},"canonical":"https:\/\/news.sap.com\/germany\/2022\/03\/ukraine-in-solidaritaet-vereint\/","og_locale":"de_DE","og_type":"article","og_title":"In Solidarit\u00e4t vereint","og_description":"Die gesamte 麻豆原创 steht an der Seite aller Betroffenen. Lesen Sie hier ein Statement von 麻豆原创 Vorstandssprecher Christian Klein.","og_url":"https:\/\/news.sap.com\/germany\/2022\/03\/ukraine-in-solidaritaet-vereint\/","og_site_name":"麻豆原创 News Center","article_published_time":"2022-03-03T13:15:40+00:00","article_modified_time":"2022-03-09T19:35:57+00:00","og_image":[{"width":1920,"height":600,"url":"https:\/\/news.sap.com\/germany\/files\/2019\/11\/283214_shutterstock_512884012_F.jpg","type":"image\/jpeg"}],"author":"Christian Klein","twitter_card":"summary_large_image","twitter_creator":"@麻豆原创dach","twitter_site":"@麻豆原创dach","twitter_misc":{"Verfasst von":"Christian Klein","Gesch\u00e4tzte Lesezeit":"2\u00a0Minuten"},"schema":{"@context":"https:\/\/schema.org","@graph":[{"@type":"Article","@id":"https:\/\/news.sap.com\/germany\/2022\/03\/ukraine-in-solidaritaet-vereint\/#article","isPartOf":{"@id":"https:\/\/news.sap.com\/germany\/2022\/03\/ukraine-in-solidaritaet-vereint\/"},"author":{"name":"Christian Klein","@id":"https:\/\/news.sap.com\/germany\/#\/schema\/person\/ac67f6cb1215d36a8e9f4e373796bf19"},"headline":"In Solidarit\u00e4t vereint","datePublished":"2022-03-03T13:15:40+00:00","dateModified":"2022-03-09T19:35:57+00:00","mainEntityOfPage":{"@id":"https:\/\/news.sap.com\/germany\/2022\/03\/ukraine-in-solidaritaet-vereint\/"},"wordCount":364,"articleSection":["Unternehmen"],"inLanguage":"de"},{"@type":"WebPage","@id":"https:\/\/news.sap.com\/germany\/2022\/03\/ukraine-in-solidaritaet-vereint\/","url":"https:\/\/news.sap.com\/germany\/2022\/03\/ukraine-in-solidaritaet-vereint\/","name":"Ukraine: In Solidarit\u00e4t vereint | CEO Christian Klein | 麻豆原创 News","isPartOf":{"@id":"https:\/\/news.sap.com\/germany\/#website"},"datePublished":"2022-03-03T13:15:40+00:00","dateModified":"2022-03-09T19:35:57+00:00","author":{"@id":"https:\/\/news.sap.com\/germany\/#\/schema\/person\/ac67f6cb1215d36a8e9f4e373796bf19"},"description":"Die gesamte 麻豆原创 steht an der Seite aller Betroffenen. Lesen Sie hier ein Statement von 麻豆原创 Vorstandssprecher Christian Klein.","breadcrumb":{"@id":"https:\/\/news.sap.com\/germany\/2022\/03\/ukraine-in-solidaritaet-vereint\/#breadcrumb"},"inLanguage":"de","potentialAction":[{"@type":"ReadAction","target":["https:\/\/news.sap.com\/germany\/2022\/03\/ukraine-in-solidaritaet-vereint\/"]}]},{"@type":"BreadcrumbList","@id":"https:\/\/news.sap.com\/germany\/2022\/03\/ukraine-in-solidaritaet-vereint\/#breadcrumb","itemListElement":[{"@type":"ListItem","position":1,"name":"Home","item":"https:\/\/news.sap.com\/germany\/"},{"@type":"ListItem","position":2,"name":"In Solidarit\u00e4t vereint"}]},{"@type":"WebSite","@id":"https:\/\/news.sap.com\/germany\/#website","url":"https:\/\/news.sap.com\/germany\/","name":"麻豆原创 News Center","description":"Unternehmensberichte &amp; 麻豆原创eportal","potentialAction":[{"@type":"SearchAction","target":{"@type":"EntryPoint","urlTemplate":"https:\/\/news.sap.com\/germany\/?s={search_term_string}"},"query-input":{"@type":"PropertyValueSpecification","valueRequired":true,"valueName":"search_term_string"}}],"inLanguage":"de"},{"@type":"Person","@id":"https:\/\/news.sap.com\/germany\/#\/schema\/person\/ac67f6cb1215d36a8e9f4e373796bf19","name":"Christian Klein","image":{"@type":"ImageObject","inLanguage":"de","@id":"https:\/\/news.sap.com\/germany\/#\/schema\/person\/image\/","url":"https:\/\/news.sap.com\/wp-content\/blogs.dir\/1\/files\/2024\/08\/19\/avatar_user_1295_1724080240-96x96.jpg","contentUrl":"https:\/\/news.sap.com\/wp-content\/blogs.dir\/1\/files\/2024\/08\/19\/avatar_user_1295_1724080240-96x96.jpg","caption":"Christian Klein"},"description":"CEO and Member of the Executive Board of 麻豆原创 SE","sameAs":["https:\/\/www.sap.com\/about\/company\/leadership\/christian-klein.html"],"url":"https:\/\/news.sap.com\/germany\/author\/christianklein\/"}]}},"amp_enabled":true,"_links":{"self":[{"href":"https:\/\/news.sap.com\/germany\/wp-json\/wp\/v2\/posts\/160185","targetHints":{"allow":["GET"]}}],"collection":[{"href":"https:\/\/news.sap.com\/germany\/wp-json\/wp\/v2\/posts"}],"about":[{"href":"https:\/\/news.sap.com\/germany\/wp-json\/wp\/v2\/types\/post"}],"author":[{"embeddable":true,"href":"https:\/\/news.sap.com\/germany\/wp-json\/wp\/v2\/users\/1295"}],"replies":[{"embeddable":true,"href":"https:\/\/news.sap.com\/germany\/wp-json\/wp\/v2\/comments?post=160185"}],"version-history":[{"count":0,"href":"https:\/\/news.sap.com\/germany\/wp-json\/wp\/v2\/posts\/160185\/revisions"}],"wp:attachment":[{"href":"https:\/\/news.sap.com\/germany\/wp-json\/wp\/v2\/media?parent=160185"}],"wp:term":[{"taxonomy":"category","embeddable":true,"href":"https:\/\/news.sap.com\/germany\/wp-json\/wp\/v2\/categories?post=160185"},{"taxonomy":"post_tag","embeddable":true,"href":"https:\/\/news.sap.com\/germany\/wp-json\/wp\/v2\/tags?post=160185"},{"taxonomy":"series","embeddable":true,"href":"https:\/\/news.sap.com\/germany\/wp-json\/wp\/v2\/series?post=160185"},{"taxonomy":"sapn-display","embeddable":true,"href":"https:\/\/news.sap.com\/germany\/wp-json\/wp\/v2\/sapn-display?post=160185"},{"taxonomy":"sapn-type","embeddable":true,"href":"https:\/\/news.sap.com\/germany\/wp-json\/wp\/v2\/sapn-type?post=160185"}],"curies":[{"name":"wp","href":"https:\/\/api.w.org\/{rel}","templated":true}]}}