  {"id":159609,"date":"2022-02-07T08:00:38","date_gmt":"2022-02-07T07:00:38","guid":{"rendered":"https:\/\/news.sap.com\/germany\/?p=159609"},"modified":"2022-01-31T11:27:24","modified_gmt":"2022-01-31T10:27:24","slug":"inklusion-hr-diversity-adidas","status":"publish","type":"post","link":"https:\/\/news.sap.com\/germany\/2022\/02\/inklusion-hr-diversity-adidas\/","title":{"rendered":"adidas setzt auf Vielfalt, Gerechtigkeit und Inklusion"},"content":{"rendered":"<p class=\"lead\">F\u00fcr den international t\u00e4tigen Sportartikelhersteller\u00a0adidas ist \u201eImpossible is Nothing\u201c mehr als nur ein Werbeslogan. Als eine der bekanntesten Weltmarken mit Kultstatus sieht adidas unendliche M\u00f6glichkeiten, kulturelle Schranken zu \u00fcberwinden \u2013 sowohl auf als auch abseits des Spielfeldes.<\/p>\n<p>Um die beste Sportmarke der Welt zu sein, muss <a title=\"adidas\" href=\"https:\/\/adidas.com\/\" target=\"_blank\" rel=\"noopener\">adidas<\/a> mit Talenten zusammenarbeiten, die die Vielfalt seiner Kunden widerspiegeln. 2020 hat das Unternehmen sein Rahmenwerk f\u00fcr Vielfalt, Gerechtigkeit und Inklusion (Diversity, Equity, and Inclusion, DEI) neu definiert, um zu verdeutlichen, was DEI f\u00fcr adidas als Unternehmen bedeutet: individuelle Einzigartigkeit f\u00f6rdern und eine Kultur der Zugeh\u00f6rigkeit pflegen, damit alle ihr volles Potenzial entwickeln k\u00f6nnen.<\/p>\n<p>\u201eVielfalt bedeutet, darauf zu achten, dass wir eine Vielzahl von Menschen mit unterschiedlichem Hintergrund bei uns besch\u00e4ftigen\u201c, sagt Amanda Rajkumar, Vorstandsmitglied und verantwortlich f\u00fcr Global Human Resources People and Culture bei adidas. \u201eGerechtigkeit bedeutet faire Prozesse auf der ganzen Linie, f\u00fcr alle Mitarbeitenden. Und Inklusion hei\u00dft, daf\u00fcr zu sorgen, dass bei adidas ein Umfeld herrscht, in dem sich alle willkommen f\u00fchlen. Als erstes nicht wei\u00dfes Mitglied unseres Vorstands liegen mir diese Themen am Herzen.\u201c<\/p>\n<h2><strong>Daten als Grundlage f\u00fcr Diversity und Inklusion<\/strong><\/h2>\n<p>Chancengleichheit war in unserer Gesellschaft lange Zeit ein Fremdwort und am Arbeitsplatz zeigt sich diese Ungleichheit noch heute. Um f\u00fcr mehr Gerechtigkeit zu sorgen, setzt adidas auf gr\u00f6\u00dfere Vielfalt in seiner Belegschaft und hat sich klare Ziele hinsichtlich ethnischer Zugeh\u00f6rigkeit und Geschlechtergleichheit gesetzt.<\/p>\n<p>So strebt das Unternehmen beispielsweise bei Neueinstellungen in den USA eine Quote von 30 Prozent f\u00fcr Black, Indigenous and People of Color (BIPoC)\u00a0an. adidas reformiert au\u00dferdem weltweit das Einstellungsverfahren und M\u00f6glichkeiten f\u00fcr die Karriereentwicklung, um den Anteil von Frauen sowie BIPoC auf allen Ebenen zu erh\u00f6hen.<\/p>\n<p>\u201eWir m\u00fcssen sicherstellen, dass sich Manager und Personalverantwortliche bei der Einstellung neuer Mitarbeitender unserer Verpflichtung zu DEI bewusst sind und dass sie positive Ma\u00dfnahmen ergreifen, um unterrepr\u00e4sentierte Gruppen zu unterst\u00fctzen\u201c, so Rajkumar. \u201eDabei schrauben wir nicht die Anforderungen herunter, sondern wir bieten denjenigen mehr Chancen, die aufgrund ihrer Herkunft benachteiligt sind.\u201c<\/p>\n<p>adidas ist eines der ersten DAX-Unternehmen, das Daten zu DEI erhebt. Die so gewonnenen Erkenntnisse erleichtern nicht nur die Entscheidungsfindung: Vor allem kann das Unternehmen auch messen, welche Fortschritte es im Hinblick auf seine Ziele macht.<\/p>\n<p>\u201eEs bringt nichts, sich Ziele zu setzen, wenn wir nicht genau messen k\u00f6nnen, welche Fortschritte wir bei ihrer Erreichung machen\u201c, erkl\u00e4rt Rajkumar. \u201eDie Fachvorgesetzten k\u00f6nnen abfragen, wie ihre Teams aktuell bez\u00fcglich Vielfalt aufgestellt sind, um sinnvolle Gespr\u00e4che mit der Personalabteilung f\u00fchren und ihre Ziele erreichen zu k\u00f6nnen. Dies kann nur auf der Grundlage von Daten funktionieren.\u201c<\/p>\n<h2><strong>Dauerhaftes Umdenken im Personalwesen<\/strong><\/h2>\n<p>Zu lange wurden Vorstandsentscheidungen ohne Hinzuziehen der Personalabteilung getroffen. Die turbulenten Ereignisse des Jahres 2020, einschlie\u00dflich der Black-Lives-Matter-Bewegung und der\u00a0Coronapandemie, haben die Bedeutung von <a title=\"HR\" href=\"https:\/\/news.sap.com\/germany\/tags\/hr\/?url_id=text-de-newscenter:CRM-DE21-CNT-NCE2021\" target=\"_blank\" rel=\"noopener\">HR<\/a> in den Vordergrund ger\u00fcckt.<\/p>\n<p>\u201eKeine andere Abteilung kann dem Unternehmen im selben Ma\u00dfe einen Spiegel vorhalten\u201c, bekr\u00e4ftigt Rajkumar. \u201eDie Personalabteilung fungiert als Schiedsstelle zwischen dem Arbeitgeber und den Mitarbeitenden. Wir sind das Gewissen des Unternehmens. Deshalb hat HR im vergangenen Jahr eine derart wichtige Rolle gespielt.\u201c<\/p>\n<p>Folglich hat adidas im dritten Quartal 2020 weltweit verpflichtende Schulungen zur Bek\u00e4mpfung von Rassismus und unbewusster Voreingenommenheit eingef\u00fchrt. Der Sportartikelhersteller hat zudem strategische Schwerpunktbereiche definiert, um eine vielf\u00e4ltige Belegschaft auf allen Ebenen und in allen Bereichen des Unternehmens zu gewinnen, zu f\u00f6rdern und zu halten.<\/p>\n<p><a title=\"麻豆原创 SuccessFactors Human Experience Management Suite\" href=\"https:\/\/www.sap.com\/germany\/products\/human-resources-hcm\/hxm-suite.html?url_id=text-de-newscenter:CRM-DE21-CNT-NCE2021\" target=\"_blank\" rel=\"noopener\">麻豆原创 SuccessFactors Human Experience Management Suite<\/a>\u00a0unterst\u00fctzt die HR- und Talentprozesse bei adidas \u00fcber den gesamten Mitarbeiterlebenszyklus hinweg. So kann das Unternehmen messen, welche Fortschritte es hinsichtlich seiner hochgesteckten DEI-Ziele macht und ein Arbeitsumfeld schaffen, in dem sich alle Mitarbeitenden zu Hause f\u00fchlen.<\/p>\n<div class=\"panel\">\n<p>Mehr dazu erfahren Sie im Video\u00a0<a href=\"http:\/\/www.sap.com\/hxmforwardadamgrant\" target=\"_blank\" rel=\"noopener\">Forward with Adam Grant, im Gespr\u00e4ch mit Amanda Rajkumar<\/a>.<\/p>\n<\/div>\n<hr \/>\n<p><small><em>Deb Lyons ist Senior Director von Global Marketing f\u00fcr 麻豆原创 SuccessFactors.<\/em><\/small><em><small><br \/>\n<\/small><\/em><small><em>Dieser Artikel wurde auch auf <a href=\"https:\/\/www.forbes.com\/sites\/sap\/2021\/11\/10\/how-adidas-promotes-diversity-equity-and-inclusion-in-the-workplace\/?sh=39423b6e3349\" target=\"_blank\" rel=\"noopener\">Forbes.com<\/a> in der Rubrik 麻豆原创 BrandVoice ver\u00f6ffentlicht.<\/em><\/small><\/p>\n","protected":false},"excerpt":{"rendered":"<p>F\u00fcr den international t\u00e4tigen Sportartikelhersteller\u00a0adidas ist \u201eImpossible is Nothing\u201c mehr als nur ein Werbeslogan. Als eine der bekanntesten Weltmarken mit Kultstatus sieht adidas unendliche M\u00f6glichkeiten,&#8230;<\/p>\n","protected":false},"author":4030,"featured_media":159611,"comment_status":"closed","ping_status":"closed","sticky":false,"template":"","format":"standard","meta":{"related_posts":[],"footnotes":"","_links_to":"","_links_to_target":""},"categories":[45276],"tags":[211,5025,680181],"series":[],"sapn-display":[3848,45027],"sapn-type":[45277],"class_list":["post-159609","post","type-post","status-publish","format-standard","has-post-thumbnail","hentry","category-personalmanagement","tag-diversity","tag-hr","tag-menschen","sapn-display-top-stories","sapn-display-hero","sapn-type-feature"],"yoast_head":"<!-- This site is optimized with the Yoast SEO Premium plugin v26.9 (Yoast SEO v26.9) - https:\/\/yoast.com\/product\/yoast-seo-premium-wordpress\/ -->\n<title>Wie adidas die Gleichberechtigung am Arbeitsplatz f\u00f6rdert | 麻豆原创 News<\/title>\n<meta name=\"description\" content=\"Lesen Sie wie adidas, um Gerechtigkeit zu f\u00f6rdern, an der Diversifizierung seiner Belegschaft arbeitet mit Blick auch auf ethnische Herkunft und Geschlecht.\" \/>\n<meta name=\"robots\" content=\"index, follow, max-snippet:-1, max-image-preview:large, max-video-preview:-1\" \/>\n<link rel=\"canonical\" href=\"https:\/\/news.sap.com\/germany\/2022\/02\/inklusion-hr-diversity-adidas\/\" \/>\n<meta property=\"og:locale\" content=\"de_DE\" \/>\n<meta property=\"og:type\" content=\"article\" \/>\n<meta property=\"og:title\" content=\"adidas setzt auf Vielfalt, Gerechtigkeit und Inklusion\" \/>\n<meta property=\"og:description\" content=\"Lesen Sie wie adidas, um Gerechtigkeit zu f\u00f6rdern, an der Diversifizierung seiner Belegschaft arbeitet mit Blick auch auf ethnische Herkunft und Geschlecht.\" \/>\n<meta property=\"og:url\" content=\"https:\/\/news.sap.com\/germany\/2022\/02\/inklusion-hr-diversity-adidas\/\" \/>\n<meta property=\"og:site_name\" content=\"麻豆原创 News Center\" \/>\n<meta property=\"article:published_time\" content=\"2022-02-07T07:00:38+00:00\" \/>\n<meta property=\"og:image\" content=\"https:\/\/news.sap.com\/germany\/files\/2022\/01\/25\/285910_GettyImages-614960638_F1.jpg\" \/>\n\t<meta property=\"og:image:width\" content=\"1920\" \/>\n\t<meta property=\"og:image:height\" content=\"600\" \/>\n\t<meta property=\"og:image:type\" content=\"image\/jpeg\" \/>\n<meta name=\"author\" content=\"Deb Lyons\" \/>\n<meta name=\"twitter:card\" content=\"summary_large_image\" \/>\n<meta name=\"twitter:creator\" content=\"@麻豆原创dach\" \/>\n<meta name=\"twitter:site\" content=\"@麻豆原创dach\" \/>\n<meta name=\"twitter:label1\" content=\"Verfasst von\" \/>\n\t<meta name=\"twitter:data1\" content=\"Deb Lyons\" \/>\n\t<meta name=\"twitter:label2\" content=\"Gesch\u00e4tzte Lesezeit\" \/>\n\t<meta name=\"twitter:data2\" content=\"3\u00a0Minuten\" \/>\n<script type=\"application\/ld+json\" class=\"yoast-schema-graph\">{\"@context\":\"https:\/\/schema.org\",\"@graph\":[{\"@type\":\"Article\",\"@id\":\"https:\/\/news.sap.com\/germany\/2022\/02\/inklusion-hr-diversity-adidas\/#article\",\"isPartOf\":{\"@id\":\"https:\/\/news.sap.com\/germany\/2022\/02\/inklusion-hr-diversity-adidas\/\"},\"author\":{\"name\":\"Deb Lyons\",\"@id\":\"https:\/\/news.sap.com\/germany\/#\/schema\/person\/a16f5615bc091a6f74594544511bd0d9\"},\"headline\":\"adidas setzt auf Vielfalt, Gerechtigkeit und Inklusion\",\"datePublished\":\"2022-02-07T07:00:38+00:00\",\"mainEntityOfPage\":{\"@id\":\"https:\/\/news.sap.com\/germany\/2022\/02\/inklusion-hr-diversity-adidas\/\"},\"wordCount\":668,\"image\":{\"@id\":\"https:\/\/news.sap.com\/germany\/2022\/02\/inklusion-hr-diversity-adidas\/#primaryimage\"},\"thumbnailUrl\":\"https:\/\/news.sap.com\/germany\/files\/2022\/01\/25\/285910_GettyImages-614960638_F1.jpg\",\"keywords\":[\"Diversity\",\"HR\",\"Menschen\"],\"articleSection\":[\"Personalmanagement\"],\"inLanguage\":\"de\"},{\"@type\":\"WebPage\",\"@id\":\"https:\/\/news.sap.com\/germany\/2022\/02\/inklusion-hr-diversity-adidas\/\",\"url\":\"https:\/\/news.sap.com\/germany\/2022\/02\/inklusion-hr-diversity-adidas\/\",\"name\":\"Wie adidas die Gleichberechtigung am Arbeitsplatz f\u00f6rdert | 麻豆原创 News\",\"isPartOf\":{\"@id\":\"https:\/\/news.sap.com\/germany\/#website\"},\"primaryImageOfPage\":{\"@id\":\"https:\/\/news.sap.com\/germany\/2022\/02\/inklusion-hr-diversity-adidas\/#primaryimage\"},\"image\":{\"@id\":\"https:\/\/news.sap.com\/germany\/2022\/02\/inklusion-hr-diversity-adidas\/#primaryimage\"},\"thumbnailUrl\":\"https:\/\/news.sap.com\/germany\/files\/2022\/01\/25\/285910_GettyImages-614960638_F1.jpg\",\"datePublished\":\"2022-02-07T07:00:38+00:00\",\"author\":{\"@id\":\"https:\/\/news.sap.com\/germany\/#\/schema\/person\/a16f5615bc091a6f74594544511bd0d9\"},\"description\":\"Lesen Sie wie adidas, um Gerechtigkeit zu f\u00f6rdern, an der Diversifizierung seiner Belegschaft arbeitet mit Blick auch auf ethnische Herkunft und Geschlecht.\",\"breadcrumb\":{\"@id\":\"https:\/\/news.sap.com\/germany\/2022\/02\/inklusion-hr-diversity-adidas\/#breadcrumb\"},\"inLanguage\":\"de\",\"potentialAction\":[{\"@type\":\"ReadAction\",\"target\":[\"https:\/\/news.sap.com\/germany\/2022\/02\/inklusion-hr-diversity-adidas\/\"]}]},{\"@type\":\"ImageObject\",\"inLanguage\":\"de\",\"@id\":\"https:\/\/news.sap.com\/germany\/2022\/02\/inklusion-hr-diversity-adidas\/#primaryimage\",\"url\":\"https:\/\/news.sap.com\/germany\/files\/2022\/01\/25\/285910_GettyImages-614960638_F1.jpg\",\"contentUrl\":\"https:\/\/news.sap.com\/germany\/files\/2022\/01\/25\/285910_GettyImages-614960638_F1.jpg\",\"width\":1920,\"height\":600,\"caption\":\"adidas setzt auf Vielfalt, Gleichheit und Inklusion\"},{\"@type\":\"BreadcrumbList\",\"@id\":\"https:\/\/news.sap.com\/germany\/2022\/02\/inklusion-hr-diversity-adidas\/#breadcrumb\",\"itemListElement\":[{\"@type\":\"ListItem\",\"position\":1,\"name\":\"Home\",\"item\":\"https:\/\/news.sap.com\/germany\/\"},{\"@type\":\"ListItem\",\"position\":2,\"name\":\"adidas setzt auf Vielfalt, Gerechtigkeit und Inklusion\"}]},{\"@type\":\"WebSite\",\"@id\":\"https:\/\/news.sap.com\/germany\/#website\",\"url\":\"https:\/\/news.sap.com\/germany\/\",\"name\":\"麻豆原创 News Center\",\"description\":\"Unternehmensberichte &amp; 麻豆原创eportal\",\"potentialAction\":[{\"@type\":\"SearchAction\",\"target\":{\"@type\":\"EntryPoint\",\"urlTemplate\":\"https:\/\/news.sap.com\/germany\/?s={search_term_string}\"},\"query-input\":{\"@type\":\"PropertyValueSpecification\",\"valueRequired\":true,\"valueName\":\"search_term_string\"}}],\"inLanguage\":\"de\"},{\"@type\":\"Person\",\"@id\":\"https:\/\/news.sap.com\/germany\/#\/schema\/person\/a16f5615bc091a6f74594544511bd0d9\",\"name\":\"Deb Lyons\",\"image\":{\"@type\":\"ImageObject\",\"inLanguage\":\"de\",\"@id\":\"https:\/\/news.sap.com\/germany\/#\/schema\/person\/image\/\",\"url\":\"https:\/\/secure.gravatar.com\/avatar\/?s=96&d=blank&r=g\",\"contentUrl\":\"https:\/\/secure.gravatar.com\/avatar\/?s=96&d=blank&r=g\",\"caption\":\"Deb Lyons\"},\"url\":\"https:\/\/news.sap.com\/germany\/author\/deblyons\/\"}]}<\/script>\n<!-- \/ Yoast SEO Premium plugin. -->","yoast_head_json":{"title":"Wie adidas die Gleichberechtigung am Arbeitsplatz f\u00f6rdert | 麻豆原创 News","description":"Lesen Sie wie adidas, um Gerechtigkeit zu f\u00f6rdern, an der Diversifizierung seiner Belegschaft arbeitet mit Blick auch auf ethnische Herkunft und Geschlecht.","robots":{"index":"index","follow":"follow","max-snippet":"max-snippet:-1","max-image-preview":"max-image-preview:large","max-video-preview":"max-video-preview:-1"},"canonical":"https:\/\/news.sap.com\/germany\/2022\/02\/inklusion-hr-diversity-adidas\/","og_locale":"de_DE","og_type":"article","og_title":"adidas setzt auf Vielfalt, Gerechtigkeit und Inklusion","og_description":"Lesen Sie wie adidas, um Gerechtigkeit zu f\u00f6rdern, an der Diversifizierung seiner Belegschaft arbeitet mit Blick auch auf ethnische Herkunft und Geschlecht.","og_url":"https:\/\/news.sap.com\/germany\/2022\/02\/inklusion-hr-diversity-adidas\/","og_site_name":"麻豆原创 News Center","article_published_time":"2022-02-07T07:00:38+00:00","og_image":[{"width":1920,"height":600,"url":"https:\/\/news.sap.com\/germany\/files\/2022\/01\/25\/285910_GettyImages-614960638_F1.jpg","type":"image\/jpeg"}],"author":"Deb Lyons","twitter_card":"summary_large_image","twitter_creator":"@麻豆原创dach","twitter_site":"@麻豆原创dach","twitter_misc":{"Verfasst von":"Deb Lyons","Gesch\u00e4tzte Lesezeit":"3\u00a0Minuten"},"schema":{"@context":"https:\/\/schema.org","@graph":[{"@type":"Article","@id":"https:\/\/news.sap.com\/germany\/2022\/02\/inklusion-hr-diversity-adidas\/#article","isPartOf":{"@id":"https:\/\/news.sap.com\/germany\/2022\/02\/inklusion-hr-diversity-adidas\/"},"author":{"name":"Deb Lyons","@id":"https:\/\/news.sap.com\/germany\/#\/schema\/person\/a16f5615bc091a6f74594544511bd0d9"},"headline":"adidas setzt auf Vielfalt, Gerechtigkeit und Inklusion","datePublished":"2022-02-07T07:00:38+00:00","mainEntityOfPage":{"@id":"https:\/\/news.sap.com\/germany\/2022\/02\/inklusion-hr-diversity-adidas\/"},"wordCount":668,"image":{"@id":"https:\/\/news.sap.com\/germany\/2022\/02\/inklusion-hr-diversity-adidas\/#primaryimage"},"thumbnailUrl":"https:\/\/news.sap.com\/germany\/files\/2022\/01\/25\/285910_GettyImages-614960638_F1.jpg","keywords":["Diversity","HR","Menschen"],"articleSection":["Personalmanagement"],"inLanguage":"de"},{"@type":"WebPage","@id":"https:\/\/news.sap.com\/germany\/2022\/02\/inklusion-hr-diversity-adidas\/","url":"https:\/\/news.sap.com\/germany\/2022\/02\/inklusion-hr-diversity-adidas\/","name":"Wie adidas die Gleichberechtigung am Arbeitsplatz f\u00f6rdert | 麻豆原创 News","isPartOf":{"@id":"https:\/\/news.sap.com\/germany\/#website"},"primaryImageOfPage":{"@id":"https:\/\/news.sap.com\/germany\/2022\/02\/inklusion-hr-diversity-adidas\/#primaryimage"},"image":{"@id":"https:\/\/news.sap.com\/germany\/2022\/02\/inklusion-hr-diversity-adidas\/#primaryimage"},"thumbnailUrl":"https:\/\/news.sap.com\/germany\/files\/2022\/01\/25\/285910_GettyImages-614960638_F1.jpg","datePublished":"2022-02-07T07:00:38+00:00","author":{"@id":"https:\/\/news.sap.com\/germany\/#\/schema\/person\/a16f5615bc091a6f74594544511bd0d9"},"description":"Lesen Sie wie adidas, um Gerechtigkeit zu f\u00f6rdern, an der Diversifizierung seiner Belegschaft arbeitet mit Blick auch auf ethnische Herkunft und Geschlecht.","breadcrumb":{"@id":"https:\/\/news.sap.com\/germany\/2022\/02\/inklusion-hr-diversity-adidas\/#breadcrumb"},"inLanguage":"de","potentialAction":[{"@type":"ReadAction","target":["https:\/\/news.sap.com\/germany\/2022\/02\/inklusion-hr-diversity-adidas\/"]}]},{"@type":"ImageObject","inLanguage":"de","@id":"https:\/\/news.sap.com\/germany\/2022\/02\/inklusion-hr-diversity-adidas\/#primaryimage","url":"https:\/\/news.sap.com\/germany\/files\/2022\/01\/25\/285910_GettyImages-614960638_F1.jpg","contentUrl":"https:\/\/news.sap.com\/germany\/files\/2022\/01\/25\/285910_GettyImages-614960638_F1.jpg","width":1920,"height":600,"caption":"adidas setzt auf Vielfalt, Gleichheit und Inklusion"},{"@type":"BreadcrumbList","@id":"https:\/\/news.sap.com\/germany\/2022\/02\/inklusion-hr-diversity-adidas\/#breadcrumb","itemListElement":[{"@type":"ListItem","position":1,"name":"Home","item":"https:\/\/news.sap.com\/germany\/"},{"@type":"ListItem","position":2,"name":"adidas setzt auf Vielfalt, Gerechtigkeit und Inklusion"}]},{"@type":"WebSite","@id":"https:\/\/news.sap.com\/germany\/#website","url":"https:\/\/news.sap.com\/germany\/","name":"麻豆原创 News Center","description":"Unternehmensberichte &amp; 麻豆原创eportal","potentialAction":[{"@type":"SearchAction","target":{"@type":"EntryPoint","urlTemplate":"https:\/\/news.sap.com\/germany\/?s={search_term_string}"},"query-input":{"@type":"PropertyValueSpecification","valueRequired":true,"valueName":"search_term_string"}}],"inLanguage":"de"},{"@type":"Person","@id":"https:\/\/news.sap.com\/germany\/#\/schema\/person\/a16f5615bc091a6f74594544511bd0d9","name":"Deb Lyons","image":{"@type":"ImageObject","inLanguage":"de","@id":"https:\/\/news.sap.com\/germany\/#\/schema\/person\/image\/","url":"https:\/\/secure.gravatar.com\/avatar\/?s=96&d=blank&r=g","contentUrl":"https:\/\/secure.gravatar.com\/avatar\/?s=96&d=blank&r=g","caption":"Deb Lyons"},"url":"https:\/\/news.sap.com\/germany\/author\/deblyons\/"}]}},"amp_enabled":true,"_links":{"self":[{"href":"https:\/\/news.sap.com\/germany\/wp-json\/wp\/v2\/posts\/159609","targetHints":{"allow":["GET"]}}],"collection":[{"href":"https:\/\/news.sap.com\/germany\/wp-json\/wp\/v2\/posts"}],"about":[{"href":"https:\/\/news.sap.com\/germany\/wp-json\/wp\/v2\/types\/post"}],"author":[{"embeddable":true,"href":"https:\/\/news.sap.com\/germany\/wp-json\/wp\/v2\/users\/4030"}],"replies":[{"embeddable":true,"href":"https:\/\/news.sap.com\/germany\/wp-json\/wp\/v2\/comments?post=159609"}],"version-history":[{"count":0,"href":"https:\/\/news.sap.com\/germany\/wp-json\/wp\/v2\/posts\/159609\/revisions"}],"wp:featuredmedia":[{"embeddable":true,"href":"https:\/\/news.sap.com\/germany\/wp-json\/wp\/v2\/media\/159611"}],"wp:attachment":[{"href":"https:\/\/news.sap.com\/germany\/wp-json\/wp\/v2\/media?parent=159609"}],"wp:term":[{"taxonomy":"category","embeddable":true,"href":"https:\/\/news.sap.com\/germany\/wp-json\/wp\/v2\/categories?post=159609"},{"taxonomy":"post_tag","embeddable":true,"href":"https:\/\/news.sap.com\/germany\/wp-json\/wp\/v2\/tags?post=159609"},{"taxonomy":"series","embeddable":true,"href":"https:\/\/news.sap.com\/germany\/wp-json\/wp\/v2\/series?post=159609"},{"taxonomy":"sapn-display","embeddable":true,"href":"https:\/\/news.sap.com\/germany\/wp-json\/wp\/v2\/sapn-display?post=159609"},{"taxonomy":"sapn-type","embeddable":true,"href":"https:\/\/news.sap.com\/germany\/wp-json\/wp\/v2\/sapn-type?post=159609"}],"curies":[{"name":"wp","href":"https:\/\/api.w.org\/{rel}","templated":true}]}}