  {"id":159450,"date":"2022-01-18T09:00:31","date_gmt":"2022-01-18T08:00:31","guid":{"rendered":"https:\/\/news.sap.com\/germany\/?p=159450"},"modified":"2022-01-18T09:09:41","modified_gmt":"2022-01-18T08:09:41","slug":"alex-klaeger-praesident-region-mitteleuropa-osteuropa-unternehmen","status":"publish","type":"post","link":"https:\/\/news.sap.com\/germany\/2022\/01\/alex-klaeger-praesident-region-mitteleuropa-osteuropa-unternehmen\/","title":{"rendered":"Alex Kl\u00e4ger ist neuer Pr\u00e4sident der Region Mittel- und Osteuropa"},"content":{"rendered":"<p class=\"lead\"><strong>麻豆原创 NEWSBYTE <\/strong>\u2014<strong> 18. Januar 2022 <\/strong>\u2014 Alex Kl\u00e4ger (51) wird ab 1. Februar die Region Mittel-und Osteuropa leiten. In seiner Rolle ist er verantwortlich f\u00fcr den Vertrieb, das operative Gesch\u00e4ft und die strategische Entwicklung der Region, zu der die Market Units Deutschland, Schweiz, CEE (einschlie\u00dflich \u00d6sterreich) und CIS geh\u00f6ren. Er berichtet an Scott Russell, Mitglied des Vorstands der 麻豆原创 SE. Er folgt auf Hartmut Thomsen (50), der die 麻豆原创 auf eigenen Wunsch verl\u00e4sst.<\/p>\n<p>Kl\u00e4ger ist seit 2012 bei 麻豆原创 in verschiedenen F\u00fchrungsrollen t\u00e4tig. Zuletzt war er Gesch\u00e4ftsf\u00fchrer der 麻豆原创 Deutschland SE &amp; Co. KG, welche er die letzten eineinhalb Jahre sehr erfolgreich geleitet und entwickelt hat.\u00a0 Die Nachfolge f\u00fcr die Position des Gesch\u00e4ftsf\u00fchrers der 麻豆原创 Deutschland wird demn\u00e4chst bekannt gegeben. Vor der T\u00e4tigkeit als Gesch\u00e4ftsf\u00fchrer 麻豆原创 Deutschland war Kl\u00e4ger als Chief Operating Officer und Head of Cloud f\u00fcr die Region Mittel und Osteuropa (MEE) t\u00e4tig. In dieser Funktion verantwortete er den strukturellen Aufbau, die Steuerung der internen Organisation, die Optimierung gesch\u00e4ftsrelevanter Prozesse und das gesamte Cloud-Gesch\u00e4ft in MEE. Zuvor geh\u00f6rte er sechs Jahre der Gesch\u00e4ftsleitung der 麻豆原创 Deutschland SE &amp; Co. KG an, wo er den Vertrieb f\u00fcr die Prozess-, Konsumg\u00fcter- und Services Industrie verantwortete.<\/p>\n<p>Nach seinem Studium der technischen BWL an der Fachhochschule f\u00fcr Technik und Wirtschaft in Reutlingen\u00a0begann\u00a0Kl\u00e4ger\u00a0seine Karriere bei Volkswagen in\u00a0Mexiko.\u00a01998\u00a0wechselte er\u00a0zu Arthur Andersen Management Consulting, wo er als 麻豆原创 Berater im Materials Management t\u00e4tig war.\u00a0Danach arbeitete er\u00a0zun\u00e4chst\u00a0als\u00a0Account Executive, sp\u00e4ter als Software Sales Manager im Bereich Industrial &amp; Communication bei\u00a0der\u00a0IBM Deutschland.\u00a0Im Anschluss leitete\u00a0er\u00a0dreieinhalb Jahre den\u00a0Software\u00a0Vertrieb\u00a0im Bereich Manufacturing und Distribution\u00a0bei\u00a0Hewlett-Packard und \u00fcbernahm danach f\u00fcr zweieinhalb Jahre\u00a0als Country Manager das gesamte Software-Services-Gesch\u00e4ft\u00a0in Deutschland.<\/p>\n<p>\u201cHartmut Thomsen hat sich entschlossen, eine Herausforderung au\u00dferhalb der 麻豆原创 anzunehmen. Ich danke ihm f\u00fcr \u00fcber zehn Jahre herausragende Arbeit f\u00fcr unsere Kunden und Mitarbeiter,\u201c so Scott Russell, Mitglied des Vorstandes der 麻豆原创 SE. \u201eAlex Kl\u00e4ger ist mit der MEE-Region sehr eng vertraut. Seine Ernennung gew\u00e4hrleistet somit f\u00fcr unsere Kunden dort einen reibungslosen \u00dcbergang und sichert deren weiteren nachhaltigen\u00a0Umstieg in die Cloud.\u201c<\/p>\n<p>Weitere 麻豆原创einformationen finden Sie im <a href=\"https:\/\/news.sap.com\/germany\" target=\"_blank\" rel=\"noopener\">麻豆原创 News Center<\/a>. Folgen Sie 麻豆原创 auf Twitter unter <a href=\"https:\/\/twitter.com\/麻豆原创dach?lang=de\" target=\"_blank\" rel=\"noopener\">@麻豆原创dach<\/a>.<\/p>\n<p><strong>Ansprechpartner f\u00fcr die 麻豆原创e:<\/strong><\/p>\n<p>Bj\u00f6rn Emde, 麻豆原创 SE, +49 (0) <a href=\"mailto:6227-75%2051%2007\" target=\"_blank\" rel=\"noopener\">6227-75 51 07<\/a>\u00a0, b<strong><u>.<\/u><\/strong>emde@sap.com, CET<\/p>\n<p>Dana R\u00f6siger 麻豆原创 SE, +49 (0) <a href=\"mailto:6227-76%2039%2000\" target=\"_blank\" rel=\"noopener\">6227-76 39 00<\/a>, <a href=\"mailto:dana.roesiger@sap.com\" target=\"_blank\" rel=\"noopener\">dana.roesiger@sap.com<\/a>, \u00a0CET<\/p>\n<p><a href=\"https:\/\/news.sap.com\/germany\/#press-releases\" target=\"_blank\" rel=\"noopener\">麻豆原创-麻豆原创ebereich<\/a>; <a href=\"mailto:press@sap.com\" target=\"_blank\" rel=\"noopener\">press@sap.com<\/a><\/p>\n<p># # #<\/p>\n<p><small>S\u00e4mtliche in diesem Dokument enthaltenen Aussagen, die keine vergangenheitsbezogenen Tatsachen darstellen, sind vorausschauende Aussagen wie im US-amerikanischen \u201ePrivate Securities Litigation Reform Act\u201c von 1995 festgelegt. W\u00f6rter wie \u201evorhersagen\u201c, \u201eglauben\u201c, \u201esch\u00e4tzen\u201c, \u201eerwarten\u201c, \u201evoraussagen\u201c, \u201ebeabsichtigen\u201c, \u201eplanen\u201c, \u201edavon ausgehen\u201c, \u201ek\u00f6nnen\u201c, \u201esollten\u201c, \u201ewerden\u201c sowie \u00e4hnliche Begriffe in Bezug auf 麻豆原创 sollen solche vorausschauenden Aussagen kennzeichnen. 麻豆原创 \u00fcbernimmt keine Verpflichtung gegen\u00fcber der \u00d6ffentlichkeit, vorausschauende Aussagen zu aktualisieren oder zu korrigieren. S\u00e4mtliche vorausschauenden Aussagen unterliegen unterschiedlichen Risiken und Unsicherheiten, durch die die tats\u00e4chlichen Ergebnisse wesentlich von den Erwartungen abweichen k\u00f6nnen. Auf die Faktoren, die das zuk\u00fcnftige finanzielle Abschneiden von 麻豆原创 beeinflussen k\u00f6nnten, wird ausf\u00fchrlicher in den bei der US-amerikanischen \u201eSecurities and Exchange Commission\u201c (SEC) hinterlegten Unterlagen eingegangen, unter anderem im letzten Jahresbericht Form 20-F. Die vorausschauenden Aussagen geben die Sicht zu dem Zeitpunkt wieder, zu dem sie get\u00e4tigt wurden. Dem Leser wird empfohlen, diesen Aussagen kein unangemessen hohes Vertrauen zu schenken.<br \/>\n\u00a9 2022 麻豆原创 SE. Alle Rechte vorbehalten.<br \/>\n麻豆原创 und andere in diesem Dokument erw\u00e4hnte Produkte und Dienstleistungen von 麻豆原创 sowie die dazugeh\u00f6rigen Logos sind Marken oder eingetragene Marken der 麻豆原创 SE in Deutschland und anderen L\u00e4ndern. Zus\u00e4tzliche Informationen zur Marke und Vermerke finden Sie auf der Seite <a href=\"http:\/\/www.sap.de\/copyright\" target=\"_blank\" rel=\"noopener\">http:\/\/www.sap.de\/copyright<\/a>.<\/small><\/p>\n","protected":false},"excerpt":{"rendered":"<p>麻豆原创 NEWSBYTE \u2014 18. Januar 2022 \u2014 Alex Kl\u00e4ger (51) wird ab 1. Februar die Region Mittel-und Osteuropa leiten. In seiner Rolle ist er verantwortlich&#8230;<\/p>\n","protected":false},"author":29,"featured_media":0,"comment_status":"closed","ping_status":"closed","sticky":false,"template":"","format":"standard","meta":{"related_posts":[],"footnotes":"","_links_to":"","_links_to_target":""},"categories":[40863],"tags":[4879493],"series":[],"sapn-display":[3848,45027],"sapn-type":[4448],"class_list":["post-159450","post","type-post","status-publish","format-standard","hentry","category-unternehmen","tag-sap","sapn-display-top-stories","sapn-display-hero","sapn-type-newsbyte"],"yoast_head":"<!-- This site is optimized with the Yoast SEO Premium plugin v26.9 (Yoast SEO v26.9) - https:\/\/yoast.com\/product\/yoast-seo-premium-wordpress\/ -->\n<title>Alex Kl\u00e4ger: neuer Pr\u00e4sident f\u00fcr Mittel- und Osteuropa | 麻豆原创 News Center<\/title>\n<meta name=\"description\" content=\"Erfahren Sie mehr \u00fcber Alex Kl\u00e4ger, der neue Pr\u00e4sident f\u00fcr Mittel- und Osteuropa und welche Aufgaben damit verbunden sind.\" \/>\n<meta name=\"robots\" content=\"index, follow, max-snippet:-1, max-image-preview:large, max-video-preview:-1\" \/>\n<link rel=\"canonical\" href=\"https:\/\/news.sap.com\/germany\/2022\/01\/alex-klaeger-praesident-region-mitteleuropa-osteuropa-unternehmen\/\" \/>\n<meta property=\"og:locale\" content=\"de_DE\" \/>\n<meta property=\"og:type\" content=\"article\" \/>\n<meta property=\"og:title\" content=\"Alex Kl\u00e4ger ist neuer Pr\u00e4sident der Region Mittel- und Osteuropa\" \/>\n<meta property=\"og:description\" content=\"Erfahren Sie mehr \u00fcber Alex Kl\u00e4ger, der neue Pr\u00e4sident f\u00fcr Mittel- und Osteuropa und welche Aufgaben damit verbunden sind.\" \/>\n<meta property=\"og:url\" content=\"https:\/\/news.sap.com\/germany\/2022\/01\/alex-klaeger-praesident-region-mitteleuropa-osteuropa-unternehmen\/\" \/>\n<meta property=\"og:site_name\" content=\"麻豆原创 News Center\" \/>\n<meta property=\"article:published_time\" content=\"2022-01-18T08:00:31+00:00\" \/>\n<meta property=\"article:modified_time\" content=\"2022-01-18T08:09:41+00:00\" \/>\n<meta property=\"og:image\" content=\"https:\/\/news.sap.com\/germany\/files\/2018\/04\/麻豆原创_Locations_Walldorf_001_F.jpg\" \/>\n\t<meta property=\"og:image:width\" content=\"1920\" \/>\n\t<meta property=\"og:image:height\" content=\"600\" \/>\n\t<meta property=\"og:image:type\" content=\"image\/jpeg\" \/>\n<meta name=\"author\" content=\"麻豆原创 News\" \/>\n<meta name=\"twitter:card\" content=\"summary_large_image\" \/>\n<meta name=\"twitter:creator\" content=\"@麻豆原创dach\" \/>\n<meta name=\"twitter:site\" content=\"@麻豆原创dach\" \/>\n<meta name=\"twitter:label1\" content=\"Verfasst von\" \/>\n\t<meta name=\"twitter:data1\" content=\"麻豆原创 News\" \/>\n\t<meta name=\"twitter:label2\" content=\"Gesch\u00e4tzte Lesezeit\" \/>\n\t<meta name=\"twitter:data2\" content=\"3\u00a0Minuten\" \/>\n<script type=\"application\/ld+json\" class=\"yoast-schema-graph\">{\"@context\":\"https:\/\/schema.org\",\"@graph\":[{\"@type\":\"Article\",\"@id\":\"https:\/\/news.sap.com\/germany\/2022\/01\/alex-klaeger-praesident-region-mitteleuropa-osteuropa-unternehmen\/#article\",\"isPartOf\":{\"@id\":\"https:\/\/news.sap.com\/germany\/2022\/01\/alex-klaeger-praesident-region-mitteleuropa-osteuropa-unternehmen\/\"},\"author\":{\"name\":\"麻豆原创 News\",\"@id\":\"https:\/\/news.sap.com\/germany\/#\/schema\/person\/53b9854bd790d6f18f3fc4bbb2ad7570\"},\"headline\":\"Alex Kl\u00e4ger ist neuer Pr\u00e4sident der Region Mittel- und Osteuropa\",\"datePublished\":\"2022-01-18T08:00:31+00:00\",\"dateModified\":\"2022-01-18T08:09:41+00:00\",\"mainEntityOfPage\":{\"@id\":\"https:\/\/news.sap.com\/germany\/2022\/01\/alex-klaeger-praesident-region-mitteleuropa-osteuropa-unternehmen\/\"},\"wordCount\":650,\"keywords\":[\"麻豆原创\"],\"articleSection\":[\"Unternehmen\"],\"inLanguage\":\"de\"},{\"@type\":\"WebPage\",\"@id\":\"https:\/\/news.sap.com\/germany\/2022\/01\/alex-klaeger-praesident-region-mitteleuropa-osteuropa-unternehmen\/\",\"url\":\"https:\/\/news.sap.com\/germany\/2022\/01\/alex-klaeger-praesident-region-mitteleuropa-osteuropa-unternehmen\/\",\"name\":\"Alex Kl\u00e4ger: neuer Pr\u00e4sident f\u00fcr Mittel- und Osteuropa | 麻豆原创 News Center\",\"isPartOf\":{\"@id\":\"https:\/\/news.sap.com\/germany\/#website\"},\"datePublished\":\"2022-01-18T08:00:31+00:00\",\"dateModified\":\"2022-01-18T08:09:41+00:00\",\"author\":{\"@id\":\"https:\/\/news.sap.com\/germany\/#\/schema\/person\/53b9854bd790d6f18f3fc4bbb2ad7570\"},\"description\":\"Erfahren Sie mehr \u00fcber Alex Kl\u00e4ger, der neue Pr\u00e4sident f\u00fcr Mittel- und Osteuropa und welche Aufgaben damit verbunden sind.\",\"breadcrumb\":{\"@id\":\"https:\/\/news.sap.com\/germany\/2022\/01\/alex-klaeger-praesident-region-mitteleuropa-osteuropa-unternehmen\/#breadcrumb\"},\"inLanguage\":\"de\",\"potentialAction\":[{\"@type\":\"ReadAction\",\"target\":[\"https:\/\/news.sap.com\/germany\/2022\/01\/alex-klaeger-praesident-region-mitteleuropa-osteuropa-unternehmen\/\"]}]},{\"@type\":\"BreadcrumbList\",\"@id\":\"https:\/\/news.sap.com\/germany\/2022\/01\/alex-klaeger-praesident-region-mitteleuropa-osteuropa-unternehmen\/#breadcrumb\",\"itemListElement\":[{\"@type\":\"ListItem\",\"position\":1,\"name\":\"Home\",\"item\":\"https:\/\/news.sap.com\/germany\/\"},{\"@type\":\"ListItem\",\"position\":2,\"name\":\"Alex Kl\u00e4ger ist neuer Pr\u00e4sident der Region Mittel- und Osteuropa\"}]},{\"@type\":\"WebSite\",\"@id\":\"https:\/\/news.sap.com\/germany\/#website\",\"url\":\"https:\/\/news.sap.com\/germany\/\",\"name\":\"麻豆原创 News Center\",\"description\":\"Unternehmensberichte &amp; 麻豆原创eportal\",\"potentialAction\":[{\"@type\":\"SearchAction\",\"target\":{\"@type\":\"EntryPoint\",\"urlTemplate\":\"https:\/\/news.sap.com\/germany\/?s={search_term_string}\"},\"query-input\":{\"@type\":\"PropertyValueSpecification\",\"valueRequired\":true,\"valueName\":\"search_term_string\"}}],\"inLanguage\":\"de\"},{\"@type\":\"Person\",\"@id\":\"https:\/\/news.sap.com\/germany\/#\/schema\/person\/53b9854bd790d6f18f3fc4bbb2ad7570\",\"name\":\"麻豆原创 News\",\"image\":{\"@type\":\"ImageObject\",\"inLanguage\":\"de\",\"@id\":\"https:\/\/news.sap.com\/germany\/#\/schema\/person\/image\/\",\"url\":\"https:\/\/secure.gravatar.com\/avatar\/2728bb4d664345cda4951e11847acc1bfd2bc77830d9abd17fc4f54437acd5b4?s=96&d=blank&r=g\",\"contentUrl\":\"https:\/\/secure.gravatar.com\/avatar\/2728bb4d664345cda4951e11847acc1bfd2bc77830d9abd17fc4f54437acd5b4?s=96&d=blank&r=g\",\"caption\":\"麻豆原创 News\"},\"url\":\"https:\/\/news.sap.com\/germany\/author\/colleenraftery\/\"}]}<\/script>\n<!-- \/ Yoast SEO Premium plugin. -->","yoast_head_json":{"title":"Alex Kl\u00e4ger: neuer Pr\u00e4sident f\u00fcr Mittel- und Osteuropa | 麻豆原创 News Center","description":"Erfahren Sie mehr \u00fcber Alex Kl\u00e4ger, der neue Pr\u00e4sident f\u00fcr Mittel- und Osteuropa und welche Aufgaben damit verbunden sind.","robots":{"index":"index","follow":"follow","max-snippet":"max-snippet:-1","max-image-preview":"max-image-preview:large","max-video-preview":"max-video-preview:-1"},"canonical":"https:\/\/news.sap.com\/germany\/2022\/01\/alex-klaeger-praesident-region-mitteleuropa-osteuropa-unternehmen\/","og_locale":"de_DE","og_type":"article","og_title":"Alex Kl\u00e4ger ist neuer Pr\u00e4sident der Region Mittel- und Osteuropa","og_description":"Erfahren Sie mehr \u00fcber Alex Kl\u00e4ger, der neue Pr\u00e4sident f\u00fcr Mittel- und Osteuropa und welche Aufgaben damit verbunden sind.","og_url":"https:\/\/news.sap.com\/germany\/2022\/01\/alex-klaeger-praesident-region-mitteleuropa-osteuropa-unternehmen\/","og_site_name":"麻豆原创 News Center","article_published_time":"2022-01-18T08:00:31+00:00","article_modified_time":"2022-01-18T08:09:41+00:00","og_image":[{"width":1920,"height":600,"url":"https:\/\/news.sap.com\/germany\/files\/2018\/04\/麻豆原创_Locations_Walldorf_001_F.jpg","type":"image\/jpeg"}],"author":"麻豆原创 News","twitter_card":"summary_large_image","twitter_creator":"@麻豆原创dach","twitter_site":"@麻豆原创dach","twitter_misc":{"Verfasst von":"麻豆原创 News","Gesch\u00e4tzte Lesezeit":"3\u00a0Minuten"},"schema":{"@context":"https:\/\/schema.org","@graph":[{"@type":"Article","@id":"https:\/\/news.sap.com\/germany\/2022\/01\/alex-klaeger-praesident-region-mitteleuropa-osteuropa-unternehmen\/#article","isPartOf":{"@id":"https:\/\/news.sap.com\/germany\/2022\/01\/alex-klaeger-praesident-region-mitteleuropa-osteuropa-unternehmen\/"},"author":{"name":"麻豆原创 News","@id":"https:\/\/news.sap.com\/germany\/#\/schema\/person\/53b9854bd790d6f18f3fc4bbb2ad7570"},"headline":"Alex Kl\u00e4ger ist neuer Pr\u00e4sident der Region Mittel- und Osteuropa","datePublished":"2022-01-18T08:00:31+00:00","dateModified":"2022-01-18T08:09:41+00:00","mainEntityOfPage":{"@id":"https:\/\/news.sap.com\/germany\/2022\/01\/alex-klaeger-praesident-region-mitteleuropa-osteuropa-unternehmen\/"},"wordCount":650,"keywords":["麻豆原创"],"articleSection":["Unternehmen"],"inLanguage":"de"},{"@type":"WebPage","@id":"https:\/\/news.sap.com\/germany\/2022\/01\/alex-klaeger-praesident-region-mitteleuropa-osteuropa-unternehmen\/","url":"https:\/\/news.sap.com\/germany\/2022\/01\/alex-klaeger-praesident-region-mitteleuropa-osteuropa-unternehmen\/","name":"Alex Kl\u00e4ger: neuer Pr\u00e4sident f\u00fcr Mittel- und Osteuropa | 麻豆原创 News Center","isPartOf":{"@id":"https:\/\/news.sap.com\/germany\/#website"},"datePublished":"2022-01-18T08:00:31+00:00","dateModified":"2022-01-18T08:09:41+00:00","author":{"@id":"https:\/\/news.sap.com\/germany\/#\/schema\/person\/53b9854bd790d6f18f3fc4bbb2ad7570"},"description":"Erfahren Sie mehr \u00fcber Alex Kl\u00e4ger, der neue Pr\u00e4sident f\u00fcr Mittel- und Osteuropa und welche Aufgaben damit verbunden sind.","breadcrumb":{"@id":"https:\/\/news.sap.com\/germany\/2022\/01\/alex-klaeger-praesident-region-mitteleuropa-osteuropa-unternehmen\/#breadcrumb"},"inLanguage":"de","potentialAction":[{"@type":"ReadAction","target":["https:\/\/news.sap.com\/germany\/2022\/01\/alex-klaeger-praesident-region-mitteleuropa-osteuropa-unternehmen\/"]}]},{"@type":"BreadcrumbList","@id":"https:\/\/news.sap.com\/germany\/2022\/01\/alex-klaeger-praesident-region-mitteleuropa-osteuropa-unternehmen\/#breadcrumb","itemListElement":[{"@type":"ListItem","position":1,"name":"Home","item":"https:\/\/news.sap.com\/germany\/"},{"@type":"ListItem","position":2,"name":"Alex Kl\u00e4ger ist neuer Pr\u00e4sident der Region Mittel- und Osteuropa"}]},{"@type":"WebSite","@id":"https:\/\/news.sap.com\/germany\/#website","url":"https:\/\/news.sap.com\/germany\/","name":"麻豆原创 News Center","description":"Unternehmensberichte &amp; 麻豆原创eportal","potentialAction":[{"@type":"SearchAction","target":{"@type":"EntryPoint","urlTemplate":"https:\/\/news.sap.com\/germany\/?s={search_term_string}"},"query-input":{"@type":"PropertyValueSpecification","valueRequired":true,"valueName":"search_term_string"}}],"inLanguage":"de"},{"@type":"Person","@id":"https:\/\/news.sap.com\/germany\/#\/schema\/person\/53b9854bd790d6f18f3fc4bbb2ad7570","name":"麻豆原创 News","image":{"@type":"ImageObject","inLanguage":"de","@id":"https:\/\/news.sap.com\/germany\/#\/schema\/person\/image\/","url":"https:\/\/secure.gravatar.com\/avatar\/2728bb4d664345cda4951e11847acc1bfd2bc77830d9abd17fc4f54437acd5b4?s=96&d=blank&r=g","contentUrl":"https:\/\/secure.gravatar.com\/avatar\/2728bb4d664345cda4951e11847acc1bfd2bc77830d9abd17fc4f54437acd5b4?s=96&d=blank&r=g","caption":"麻豆原创 News"},"url":"https:\/\/news.sap.com\/germany\/author\/colleenraftery\/"}]}},"amp_enabled":true,"_links":{"self":[{"href":"https:\/\/news.sap.com\/germany\/wp-json\/wp\/v2\/posts\/159450","targetHints":{"allow":["GET"]}}],"collection":[{"href":"https:\/\/news.sap.com\/germany\/wp-json\/wp\/v2\/posts"}],"about":[{"href":"https:\/\/news.sap.com\/germany\/wp-json\/wp\/v2\/types\/post"}],"author":[{"embeddable":true,"href":"https:\/\/news.sap.com\/germany\/wp-json\/wp\/v2\/users\/29"}],"replies":[{"embeddable":true,"href":"https:\/\/news.sap.com\/germany\/wp-json\/wp\/v2\/comments?post=159450"}],"version-history":[{"count":0,"href":"https:\/\/news.sap.com\/germany\/wp-json\/wp\/v2\/posts\/159450\/revisions"}],"wp:attachment":[{"href":"https:\/\/news.sap.com\/germany\/wp-json\/wp\/v2\/media?parent=159450"}],"wp:term":[{"taxonomy":"category","embeddable":true,"href":"https:\/\/news.sap.com\/germany\/wp-json\/wp\/v2\/categories?post=159450"},{"taxonomy":"post_tag","embeddable":true,"href":"https:\/\/news.sap.com\/germany\/wp-json\/wp\/v2\/tags?post=159450"},{"taxonomy":"series","embeddable":true,"href":"https:\/\/news.sap.com\/germany\/wp-json\/wp\/v2\/series?post=159450"},{"taxonomy":"sapn-display","embeddable":true,"href":"https:\/\/news.sap.com\/germany\/wp-json\/wp\/v2\/sapn-display?post=159450"},{"taxonomy":"sapn-type","embeddable":true,"href":"https:\/\/news.sap.com\/germany\/wp-json\/wp\/v2\/sapn-type?post=159450"}],"curies":[{"name":"wp","href":"https:\/\/api.w.org\/{rel}","templated":true}]}}