  {"id":159037,"date":"2022-01-10T08:00:49","date_gmt":"2022-01-10T07:00:49","guid":{"rendered":"https:\/\/news.sap.com\/germany\/?p=159037"},"modified":"2022-01-05T09:30:47","modified_gmt":"2022-01-05T08:30:47","slug":"digitalisierung-deutschland","status":"publish","type":"post","link":"https:\/\/news.sap.com\/germany\/2022\/01\/digitalisierung-deutschland\/","title":{"rendered":"Digitalisierung in Deutschland: Wo es klemmt \u2013 und warum Anlass zur Hoffnung besteht"},"content":{"rendered":"<p class=\"lead\">In puncto Digitalisierung hinkt Deutschland zwar hinterher, aber es ist nicht alles schlecht. Das war das Ergebnis eines Panels auf der Business Transformation Tour \u2013 <a title=\"ERP\" href=\"https:\/\/www.sap.com\/germany\/products\/rise.html\" target=\"_blank\" rel=\"noopener\">Rise with 麻豆原创<\/a>. Was sich am dringendsten \u00e4ndern muss \u2013 und was wir von der neuen Regierung erwarten k\u00f6nnen.<\/p>\n<p>Dass das Ampelb\u00fcndnis in Berlin beim Thema Digitalisierung neue Hoffnungen weckt, liegt nicht nur an seinem Selbstverst\u00e4ndnis als \u201eFortschrittskoalition\u201c. Auch der Koalitionsvertrag enth\u00e4lt \u201ezahlreiche Details, die man gerne unterschreiben will\u201c, so Markus Beckedahl, Gr\u00fcnder des Blogs Netzpolitik.org.<\/p>\n<p>Tats\u00e4chlich liest sich das Kapitel \u201eDigitale Innovation und digitale Infrastruktur\u201c teilweise wie die Wunschliste von Netzaktivisten. Da ist von Open Source die Rede, von Breitbandausbau, von F\u00f6rderung f\u00fcr Start-ups, die das Thema beackern \u2013 und von vielem mehr.<br \/>\nNat\u00fcrlich ist der Weg von der Absichtserkl\u00e4rungen zur Umsetzung weit, und man sei \u201enoch nicht da, wo wir hinwollten. Aber in der Politik ist jetzt jeder wach\u201c, so Mario Brandenburg, Technologiepolitischer Sprecher der FDP-Bundestagsfraktion, auf einer <a href=\"https:\/\/www.sap.com\/germany\/assetdetail\/2021\/10\/e26d726a-ff7d-0010-bca6-c68f7e60039b.html?url_id=text-de-newscenter:CRM-DE21-CNT-NCE2021\" target=\"_blank\" rel=\"noopener\">Podiumsdiskussion im Rahmen der Business Transformation Tour<\/a> \u2013 Rise with 麻豆原创 im Oktober in Heidelberg.<\/p>\n<h2><strong>Digitalisierung: Wir sollten uns Skandinavien zum Vorbild nehmen<br \/>\n<\/strong><\/h2>\n<p>W\u00fcnschenswert w\u00e4re das \u2013 zumal bei so ziemlich allen Beteiligten Einigkeit dar\u00fcber herrscht, dass in den zur\u00fcckliegenden Jahren viele wichtige, ja notwendige Entwicklungen verschlafen worden sind. Daniel Holz \u2013 Vice President EMEA North bei Google \u2013, der ebenfalls an der Diskussion teilnahm, findet zwar nicht, \u201edass Deutschland als Ganzes hinterherhinkt\u201c. Allerdings d\u00fcrfe bei der \u00d6ffentlichen Hand \u201evieles noch nicht eingesetzt werden, was den B\u00fcrgern n\u00fctzen w\u00fcrde. Da k\u00f6nnten wir uns die skandinavischen L\u00e4nder zum Vorbild nehmen.\u201c<br \/>\nUnd Glenn Gonzales, CTO bei 麻豆原创 Deutschland, w\u00fcnschte sich einen Masterplan Digitalisierung \u2013 und smarte Regularien, die die Anwendung digitaler L\u00f6sungen erleichtern: \u201eWenn wir in Deutschland eine Bratwurst essen, f\u00fchlen wir uns sicher dabei, weil bestimmte Regularien und Kontrollinstanzen uns diese Sicherheit geben. Dieselbe Sicherheit brauchen wir beim Umgang mit Daten,\u201c so Gonzales.<\/p>\n<p>Die Diskussion um mehr Digitalisierung in Deutschland ist gef\u00fchlt so alt wie die Digitalisierung selbst. Und der Streit dar\u00fcber, wer an der Malaise vorrangig die Schuld tr\u00e4gt oder wie sie am besten zu \u00fcberwinden sei ist nicht viel j\u00fcnger \u2013 und noch immer aktuell.<br \/>\nAuch bei der Diskussion in Heidelberg sahen die Beteiligten nat\u00fcrlich Vers\u00e4umnisse auf Seiten der Politik, dar\u00fcber hinaus habe aber auch die Wirtschaft \u201evieles nicht laut genug eingefordert,\u201c so Mario Brandenburg \u2013 der einzige Politiker in der Runde.<\/p>\n<h2><strong>Fast zwei Drittel finden ihren Wohnort digital r\u00fcckst\u00e4ndig<\/strong><\/h2>\n<p>Das gilt vermutlich auch f\u00fcr jene digitalen Services, die wir alle im t\u00e4glichen Leben gerne nutzen w\u00fcrden. Im Rahmen einer aktuellen repr\u00e4sentativen Umfrage unter mehr als 1000 Personen ab 18 Jahren in Deutschland stuften 62 Prozent der Teilnehmer ihren Wohnort als digital r\u00fcckst\u00e4ndig ein. In Auftrag gegeben hatte die Befragung der Digitalverband Bitkom. Nach Ansicht von dessen Hauptgesch\u00e4ftsf\u00fchrer Bernhard Rohleder m\u00fcsse der Bund \u201emehr Verantwortung bei der Digitalisierung \u00fcbernehmen und handlungsf\u00e4higer werden, er muss Standards setzen und unterst\u00fctzen d\u00fcrfen. Kommunen brauchen Geld, Know-how und einen engen Austausch mit B\u00fcrgerschaft und Wirtschaft.\u201c<br \/>\nEine M\u00f6glichkeit, bei der Digitalisierung in St\u00e4dten und Gemeinden voranzukommen, l\u00e4ge in der Kompetenzerweiterung auf der Bundesebene. So sagten 81 Prozent der Befragten, der Bund solle bei der Digitalisierung mehr Zust\u00e4ndigkeiten erhalten, um bundesweite Standards schaffen zu k\u00f6nnen.<\/p>\n<h2><strong>Breitband- und Telefoninfrastruktur sind so wichtig wie Wasser und Strom<\/strong><\/h2>\n<p>Stellt sich die Frage, wie das praktisch umgesetzt werden k\u00f6nnte. Noch immer beliebt ist hier die Forderung nach einem eigenst\u00e4ndigen Digitalisierungsministerium. Die Ampel-Koalitionspartner entschieden sich \u2013 zur \u00dcberraschung vieler \u2013 dagegen, schlugen die Aufgabe stattdessen dem Verkehrsressort zu. Und sp\u00e4testens auf den zweiten Blick gibt es auch bedenkenswerte Argumente gegen ein eigenst\u00e4ndiges Ministerium. Erstens w\u00fcrde seine Installierung viel Zeit in Anspruch nehmen. Zweitens ist Digitalisierung eine Querschnittsaufgabe, die alle Ressorts betrifft. Auch deshalb verzichten \u2013 drittens \u2013 jene Staaten, die Vorreiter in Sachen Digitalisierung sind, fast ausnahmslos auf ein solches Ministerium.<\/p>\n<p>Die neuen Koalition\u00e4re teilen diese Auffassung \u2013 und haben sich dennoch ehrgeizige Ziele gesetzt. \u201eF\u00fcr \u00f6ffentliche IT-Projekte schreiben wir offene Standards fest\u201c, hei\u00dft es im Koalitionsvertrag. Und weiter: \u201eWir f\u00fchren einen Rechtsanspruch auf Open Data ein und verbessern die Datenexpertise \u00f6ffentlicher Stellen.\u201c<br \/>\nSo lobenswert das ist \u2013 vielen Menschen in Deutschland w\u00e4re kurz- und mittelfristig mit einem fl\u00e4chendeckenden Ausbau leistungsf\u00e4higer Netze mehr gedient. Oder wie 麻豆原创-Deutschland-CTO auf der bereits erw\u00e4hnten Veranstaltung in Heidelberg formulierte: \u201eDie Breitband- und Telefoninfrastruktur geh\u00f6rt genauso auf die Agenda wie Strom und Wasser, und da hinken wir hinterher. Geschwindigkeit ist essentiell.\u201c<br \/>\nDieser Satz gilt auch f\u00fcr die Digitalisierungspolitik der Ampelkoaliton insgesamt: Sie wird sich daran messen lassen m\u00fcssen, wir viel von den guten Absichten nach vier Jahren in der Praxis angekommen ist.<\/p>\n","protected":false},"excerpt":{"rendered":"<p>In puncto Digitalisierung hinkt Deutschland zwar hinterher, aber es ist nicht alles schlecht. Das war das Ergebnis eines Panels auf der Business Transformation Tour \u2013&#8230;<\/p>\n","protected":false},"author":924,"featured_media":159041,"comment_status":"closed","ping_status":"closed","sticky":false,"template":"","format":"standard","meta":{"related_posts":[],"footnotes":"","_links_to":"","_links_to_target":""},"categories":[45274],"tags":[60309,4976],"series":[],"sapn-display":[45149,3848,45027],"sapn-type":[45277],"class_list":["post-159037","post","type-post","status-publish","format-standard","has-post-thumbnail","hentry","category-veranstaltungen","tag-digitalisierung","tag-technologie","sapn-display-homepage-hero","sapn-display-top-stories","sapn-display-hero","sapn-type-feature"],"yoast_head":"<!-- This site is optimized with the Yoast SEO Premium plugin v26.9 (Yoast SEO v26.9) - https:\/\/yoast.com\/product\/yoast-seo-premium-wordpress\/ -->\n<title>Digitalisierung in Deutschland | Best Practice | 麻豆原创 News Center<\/title>\n<meta name=\"description\" content=\"In puncto Digitalisierung hinkt Deutschland hinterher. Wie sich das \u00e4ndern k\u00f6nnte \u2013 und warum nicht jeder popul\u00e4re Vorschlag zielf\u00fchrend ist. Jetzt lesen.\" \/>\n<meta name=\"robots\" content=\"index, follow, max-snippet:-1, max-image-preview:large, max-video-preview:-1\" \/>\n<link rel=\"canonical\" href=\"https:\/\/news.sap.com\/germany\/2022\/01\/digitalisierung-deutschland\/\" \/>\n<meta property=\"og:locale\" content=\"de_DE\" \/>\n<meta property=\"og:type\" content=\"article\" \/>\n<meta property=\"og:title\" content=\"Digitalisierung in Deutschland: Wo es klemmt \u2013 und warum Anlass zur Hoffnung besteht\" \/>\n<meta property=\"og:description\" content=\"In puncto Digitalisierung hinkt Deutschland hinterher. Wie sich das \u00e4ndern k\u00f6nnte \u2013 und warum nicht jeder popul\u00e4re Vorschlag zielf\u00fchrend ist. Jetzt lesen.\" \/>\n<meta property=\"og:url\" content=\"https:\/\/news.sap.com\/germany\/2022\/01\/digitalisierung-deutschland\/\" \/>\n<meta property=\"og:site_name\" content=\"麻豆原创 News Center\" \/>\n<meta property=\"article:published_time\" content=\"2022-01-10T07:00:49+00:00\" \/>\n<meta property=\"og:image\" content=\"https:\/\/news.sap.com\/germany\/files\/2021\/12\/09\/277440_277440_h_ergb_s_glV2.png\" \/>\n\t<meta property=\"og:image:width\" content=\"1920\" \/>\n\t<meta property=\"og:image:height\" content=\"600\" \/>\n\t<meta property=\"og:image:type\" content=\"image\/png\" \/>\n<meta name=\"author\" content=\"Christoph Lixenfeld\" \/>\n<meta name=\"twitter:card\" content=\"summary_large_image\" \/>\n<meta name=\"twitter:creator\" content=\"@麻豆原创dach\" \/>\n<meta name=\"twitter:site\" content=\"@麻豆原创dach\" \/>\n<meta name=\"twitter:label1\" content=\"Verfasst von\" \/>\n\t<meta name=\"twitter:data1\" content=\"Christoph Lixenfeld\" \/>\n\t<meta name=\"twitter:label2\" content=\"Gesch\u00e4tzte Lesezeit\" \/>\n\t<meta name=\"twitter:data2\" content=\"4\u00a0Minuten\" \/>\n<script type=\"application\/ld+json\" class=\"yoast-schema-graph\">{\"@context\":\"https:\/\/schema.org\",\"@graph\":[{\"@type\":\"Article\",\"@id\":\"https:\/\/news.sap.com\/germany\/2022\/01\/digitalisierung-deutschland\/#article\",\"isPartOf\":{\"@id\":\"https:\/\/news.sap.com\/germany\/2022\/01\/digitalisierung-deutschland\/\"},\"author\":{\"name\":\"Christoph Lixenfeld\",\"@id\":\"https:\/\/news.sap.com\/germany\/#\/schema\/person\/6274c2048f5c0374b5b217a21306fdef\"},\"headline\":\"Digitalisierung in Deutschland: Wo es klemmt \u2013 und warum Anlass zur Hoffnung besteht\",\"datePublished\":\"2022-01-10T07:00:49+00:00\",\"mainEntityOfPage\":{\"@id\":\"https:\/\/news.sap.com\/germany\/2022\/01\/digitalisierung-deutschland\/\"},\"wordCount\":811,\"image\":{\"@id\":\"https:\/\/news.sap.com\/germany\/2022\/01\/digitalisierung-deutschland\/#primaryimage\"},\"thumbnailUrl\":\"https:\/\/news.sap.com\/germany\/files\/2021\/12\/09\/277440_277440_h_ergb_s_glV2.png\",\"keywords\":[\"Digitalisierung\",\"Technologie\"],\"articleSection\":[\"Veranstaltungen\"],\"inLanguage\":\"de\"},{\"@type\":\"WebPage\",\"@id\":\"https:\/\/news.sap.com\/germany\/2022\/01\/digitalisierung-deutschland\/\",\"url\":\"https:\/\/news.sap.com\/germany\/2022\/01\/digitalisierung-deutschland\/\",\"name\":\"Digitalisierung in Deutschland | Best Practice | 麻豆原创 News Center\",\"isPartOf\":{\"@id\":\"https:\/\/news.sap.com\/germany\/#website\"},\"primaryImageOfPage\":{\"@id\":\"https:\/\/news.sap.com\/germany\/2022\/01\/digitalisierung-deutschland\/#primaryimage\"},\"image\":{\"@id\":\"https:\/\/news.sap.com\/germany\/2022\/01\/digitalisierung-deutschland\/#primaryimage\"},\"thumbnailUrl\":\"https:\/\/news.sap.com\/germany\/files\/2021\/12\/09\/277440_277440_h_ergb_s_glV2.png\",\"datePublished\":\"2022-01-10T07:00:49+00:00\",\"author\":{\"@id\":\"https:\/\/news.sap.com\/germany\/#\/schema\/person\/6274c2048f5c0374b5b217a21306fdef\"},\"description\":\"In puncto Digitalisierung hinkt Deutschland hinterher. Wie sich das \u00e4ndern k\u00f6nnte \u2013 und warum nicht jeder popul\u00e4re Vorschlag zielf\u00fchrend ist. Jetzt lesen.\",\"breadcrumb\":{\"@id\":\"https:\/\/news.sap.com\/germany\/2022\/01\/digitalisierung-deutschland\/#breadcrumb\"},\"inLanguage\":\"de\",\"potentialAction\":[{\"@type\":\"ReadAction\",\"target\":[\"https:\/\/news.sap.com\/germany\/2022\/01\/digitalisierung-deutschland\/\"]}]},{\"@type\":\"ImageObject\",\"inLanguage\":\"de\",\"@id\":\"https:\/\/news.sap.com\/germany\/2022\/01\/digitalisierung-deutschland\/#primaryimage\",\"url\":\"https:\/\/news.sap.com\/germany\/files\/2021\/12\/09\/277440_277440_h_ergb_s_glV2.png\",\"contentUrl\":\"https:\/\/news.sap.com\/germany\/files\/2021\/12\/09\/277440_277440_h_ergb_s_glV2.png\",\"width\":1920,\"height\":600,\"caption\":\"Digitalisierung in Deutschland\"},{\"@type\":\"BreadcrumbList\",\"@id\":\"https:\/\/news.sap.com\/germany\/2022\/01\/digitalisierung-deutschland\/#breadcrumb\",\"itemListElement\":[{\"@type\":\"ListItem\",\"position\":1,\"name\":\"Home\",\"item\":\"https:\/\/news.sap.com\/germany\/\"},{\"@type\":\"ListItem\",\"position\":2,\"name\":\"Digitalisierung in Deutschland: Wo es klemmt \u2013 und warum Anlass zur Hoffnung besteht\"}]},{\"@type\":\"WebSite\",\"@id\":\"https:\/\/news.sap.com\/germany\/#website\",\"url\":\"https:\/\/news.sap.com\/germany\/\",\"name\":\"麻豆原创 News Center\",\"description\":\"Unternehmensberichte &amp; 麻豆原创eportal\",\"potentialAction\":[{\"@type\":\"SearchAction\",\"target\":{\"@type\":\"EntryPoint\",\"urlTemplate\":\"https:\/\/news.sap.com\/germany\/?s={search_term_string}\"},\"query-input\":{\"@type\":\"PropertyValueSpecification\",\"valueRequired\":true,\"valueName\":\"search_term_string\"}}],\"inLanguage\":\"de\"},{\"@type\":\"Person\",\"@id\":\"https:\/\/news.sap.com\/germany\/#\/schema\/person\/6274c2048f5c0374b5b217a21306fdef\",\"name\":\"Christoph Lixenfeld\",\"image\":{\"@type\":\"ImageObject\",\"inLanguage\":\"de\",\"@id\":\"https:\/\/news.sap.com\/germany\/#\/schema\/person\/image\/\",\"url\":\"https:\/\/secure.gravatar.com\/avatar\/f44a4b0c1a53e5290fec6a1b1ea34a96d20327fe7d3ea5ff7d989d2979527272?s=96&d=blank&r=g\",\"contentUrl\":\"https:\/\/secure.gravatar.com\/avatar\/f44a4b0c1a53e5290fec6a1b1ea34a96d20327fe7d3ea5ff7d989d2979527272?s=96&d=blank&r=g\",\"caption\":\"Christoph Lixenfeld\"},\"url\":\"https:\/\/news.sap.com\/germany\/author\/christophlixenfeld\/\"}]}<\/script>\n<!-- \/ Yoast SEO Premium plugin. -->","yoast_head_json":{"title":"Digitalisierung in Deutschland | Best Practice | 麻豆原创 News Center","description":"In puncto Digitalisierung hinkt Deutschland hinterher. Wie sich das \u00e4ndern k\u00f6nnte \u2013 und warum nicht jeder popul\u00e4re Vorschlag zielf\u00fchrend ist. Jetzt lesen.","robots":{"index":"index","follow":"follow","max-snippet":"max-snippet:-1","max-image-preview":"max-image-preview:large","max-video-preview":"max-video-preview:-1"},"canonical":"https:\/\/news.sap.com\/germany\/2022\/01\/digitalisierung-deutschland\/","og_locale":"de_DE","og_type":"article","og_title":"Digitalisierung in Deutschland: Wo es klemmt \u2013 und warum Anlass zur Hoffnung besteht","og_description":"In puncto Digitalisierung hinkt Deutschland hinterher. Wie sich das \u00e4ndern k\u00f6nnte \u2013 und warum nicht jeder popul\u00e4re Vorschlag zielf\u00fchrend ist. Jetzt lesen.","og_url":"https:\/\/news.sap.com\/germany\/2022\/01\/digitalisierung-deutschland\/","og_site_name":"麻豆原创 News Center","article_published_time":"2022-01-10T07:00:49+00:00","og_image":[{"width":1920,"height":600,"url":"https:\/\/news.sap.com\/germany\/files\/2021\/12\/09\/277440_277440_h_ergb_s_glV2.png","type":"image\/png"}],"author":"Christoph Lixenfeld","twitter_card":"summary_large_image","twitter_creator":"@麻豆原创dach","twitter_site":"@麻豆原创dach","twitter_misc":{"Verfasst von":"Christoph Lixenfeld","Gesch\u00e4tzte Lesezeit":"4\u00a0Minuten"},"schema":{"@context":"https:\/\/schema.org","@graph":[{"@type":"Article","@id":"https:\/\/news.sap.com\/germany\/2022\/01\/digitalisierung-deutschland\/#article","isPartOf":{"@id":"https:\/\/news.sap.com\/germany\/2022\/01\/digitalisierung-deutschland\/"},"author":{"name":"Christoph Lixenfeld","@id":"https:\/\/news.sap.com\/germany\/#\/schema\/person\/6274c2048f5c0374b5b217a21306fdef"},"headline":"Digitalisierung in Deutschland: Wo es klemmt \u2013 und warum Anlass zur Hoffnung besteht","datePublished":"2022-01-10T07:00:49+00:00","mainEntityOfPage":{"@id":"https:\/\/news.sap.com\/germany\/2022\/01\/digitalisierung-deutschland\/"},"wordCount":811,"image":{"@id":"https:\/\/news.sap.com\/germany\/2022\/01\/digitalisierung-deutschland\/#primaryimage"},"thumbnailUrl":"https:\/\/news.sap.com\/germany\/files\/2021\/12\/09\/277440_277440_h_ergb_s_glV2.png","keywords":["Digitalisierung","Technologie"],"articleSection":["Veranstaltungen"],"inLanguage":"de"},{"@type":"WebPage","@id":"https:\/\/news.sap.com\/germany\/2022\/01\/digitalisierung-deutschland\/","url":"https:\/\/news.sap.com\/germany\/2022\/01\/digitalisierung-deutschland\/","name":"Digitalisierung in Deutschland | Best Practice | 麻豆原创 News Center","isPartOf":{"@id":"https:\/\/news.sap.com\/germany\/#website"},"primaryImageOfPage":{"@id":"https:\/\/news.sap.com\/germany\/2022\/01\/digitalisierung-deutschland\/#primaryimage"},"image":{"@id":"https:\/\/news.sap.com\/germany\/2022\/01\/digitalisierung-deutschland\/#primaryimage"},"thumbnailUrl":"https:\/\/news.sap.com\/germany\/files\/2021\/12\/09\/277440_277440_h_ergb_s_glV2.png","datePublished":"2022-01-10T07:00:49+00:00","author":{"@id":"https:\/\/news.sap.com\/germany\/#\/schema\/person\/6274c2048f5c0374b5b217a21306fdef"},"description":"In puncto Digitalisierung hinkt Deutschland hinterher. Wie sich das \u00e4ndern k\u00f6nnte \u2013 und warum nicht jeder popul\u00e4re Vorschlag zielf\u00fchrend ist. Jetzt lesen.","breadcrumb":{"@id":"https:\/\/news.sap.com\/germany\/2022\/01\/digitalisierung-deutschland\/#breadcrumb"},"inLanguage":"de","potentialAction":[{"@type":"ReadAction","target":["https:\/\/news.sap.com\/germany\/2022\/01\/digitalisierung-deutschland\/"]}]},{"@type":"ImageObject","inLanguage":"de","@id":"https:\/\/news.sap.com\/germany\/2022\/01\/digitalisierung-deutschland\/#primaryimage","url":"https:\/\/news.sap.com\/germany\/files\/2021\/12\/09\/277440_277440_h_ergb_s_glV2.png","contentUrl":"https:\/\/news.sap.com\/germany\/files\/2021\/12\/09\/277440_277440_h_ergb_s_glV2.png","width":1920,"height":600,"caption":"Digitalisierung in Deutschland"},{"@type":"BreadcrumbList","@id":"https:\/\/news.sap.com\/germany\/2022\/01\/digitalisierung-deutschland\/#breadcrumb","itemListElement":[{"@type":"ListItem","position":1,"name":"Home","item":"https:\/\/news.sap.com\/germany\/"},{"@type":"ListItem","position":2,"name":"Digitalisierung in Deutschland: Wo es klemmt \u2013 und warum Anlass zur Hoffnung besteht"}]},{"@type":"WebSite","@id":"https:\/\/news.sap.com\/germany\/#website","url":"https:\/\/news.sap.com\/germany\/","name":"麻豆原创 News Center","description":"Unternehmensberichte &amp; 麻豆原创eportal","potentialAction":[{"@type":"SearchAction","target":{"@type":"EntryPoint","urlTemplate":"https:\/\/news.sap.com\/germany\/?s={search_term_string}"},"query-input":{"@type":"PropertyValueSpecification","valueRequired":true,"valueName":"search_term_string"}}],"inLanguage":"de"},{"@type":"Person","@id":"https:\/\/news.sap.com\/germany\/#\/schema\/person\/6274c2048f5c0374b5b217a21306fdef","name":"Christoph Lixenfeld","image":{"@type":"ImageObject","inLanguage":"de","@id":"https:\/\/news.sap.com\/germany\/#\/schema\/person\/image\/","url":"https:\/\/secure.gravatar.com\/avatar\/f44a4b0c1a53e5290fec6a1b1ea34a96d20327fe7d3ea5ff7d989d2979527272?s=96&d=blank&r=g","contentUrl":"https:\/\/secure.gravatar.com\/avatar\/f44a4b0c1a53e5290fec6a1b1ea34a96d20327fe7d3ea5ff7d989d2979527272?s=96&d=blank&r=g","caption":"Christoph Lixenfeld"},"url":"https:\/\/news.sap.com\/germany\/author\/christophlixenfeld\/"}]}},"amp_enabled":true,"_links":{"self":[{"href":"https:\/\/news.sap.com\/germany\/wp-json\/wp\/v2\/posts\/159037","targetHints":{"allow":["GET"]}}],"collection":[{"href":"https:\/\/news.sap.com\/germany\/wp-json\/wp\/v2\/posts"}],"about":[{"href":"https:\/\/news.sap.com\/germany\/wp-json\/wp\/v2\/types\/post"}],"author":[{"embeddable":true,"href":"https:\/\/news.sap.com\/germany\/wp-json\/wp\/v2\/users\/924"}],"replies":[{"embeddable":true,"href":"https:\/\/news.sap.com\/germany\/wp-json\/wp\/v2\/comments?post=159037"}],"version-history":[{"count":0,"href":"https:\/\/news.sap.com\/germany\/wp-json\/wp\/v2\/posts\/159037\/revisions"}],"wp:featuredmedia":[{"embeddable":true,"href":"https:\/\/news.sap.com\/germany\/wp-json\/wp\/v2\/media\/159041"}],"wp:attachment":[{"href":"https:\/\/news.sap.com\/germany\/wp-json\/wp\/v2\/media?parent=159037"}],"wp:term":[{"taxonomy":"category","embeddable":true,"href":"https:\/\/news.sap.com\/germany\/wp-json\/wp\/v2\/categories?post=159037"},{"taxonomy":"post_tag","embeddable":true,"href":"https:\/\/news.sap.com\/germany\/wp-json\/wp\/v2\/tags?post=159037"},{"taxonomy":"series","embeddable":true,"href":"https:\/\/news.sap.com\/germany\/wp-json\/wp\/v2\/series?post=159037"},{"taxonomy":"sapn-display","embeddable":true,"href":"https:\/\/news.sap.com\/germany\/wp-json\/wp\/v2\/sapn-display?post=159037"},{"taxonomy":"sapn-type","embeddable":true,"href":"https:\/\/news.sap.com\/germany\/wp-json\/wp\/v2\/sapn-type?post=159037"}],"curies":[{"name":"wp","href":"https:\/\/api.w.org\/{rel}","templated":true}]}}