  {"id":158355,"date":"2021-11-03T13:30:37","date_gmt":"2021-11-03T12:30:37","guid":{"rendered":"https:\/\/news.sap.com\/germany\/?p=158355"},"modified":"2023-07-03T13:07:34","modified_gmt":"2023-07-03T11:07:34","slug":"nachhaltigkeit-emissionsfreie-firmenwagenflotte","status":"publish","type":"post","link":"https:\/\/news.sap.com\/germany\/2021\/11\/nachhaltigkeit-emissionsfreie-firmenwagenflotte\/","title":{"rendered":"麻豆原创 steigt auf emissionsfreie Firmenwagenflotte um und dr\u00fcckt beim Klimaschutz aufs Tempo"},"content":{"rendered":"<p class=\"lead\">Die 麻豆原创 SE wird ihrer Vorreiterrolle beim Klimaschutz gerecht: Ab 1. Januar \u00a02025 k\u00f6nnen Mitarbeitende\u00a0mit Anspruch auf\u00a0einen\u00a0Firmenwagen\u00a0ausschlie\u00dflich Fahrzeuge mit emissionsfreiem Antrieb* bestellen. Mit der Umstellung des Fuhrparks, der rund 27.000 Fahrzeuge umfasst, kommt die 麻豆原创 ihren eigenen ehrgeizigen Klimazielen n\u00e4her. Es erg\u00e4nzt die Bestrebungen des Unternehmens, Nachhaltigkeit in den Mittelpunkt seines L\u00f6sungsportfolios zu stellen.<\/p>\n<p>Zeitgleich zur 26. Konferenz der Vertragsparteien (COP26) in Glasgow, bei der f\u00fchrende Vertreter:innen aus Politik und Wirtschaft zusammenkommen, um die Klimaziele zu diskutieren, unternimmt 麻豆原创 ebenfalls weiter konkrete Ma\u00dfnahmen zur Bek\u00e4mpfung des Klimawandels. Einen gro\u00dfen Anteil an direkten Emissionen macht bei 麻豆原创 der Kraftstoffverbrauch des Fuhrparks aus. Um die eigenen ehrgeizigen Klimaziele zu erreichen, ist es notwendig, die Emissionen der Flotte zu reduzieren und mittelfristig vollst\u00e4ndig zu eliminieren. Erg\u00e4nzend bietet das Unternehmen auch eine Reihe neuer nachhaltiger Softwarel\u00f6sungen an, um Kunden auf ihrem Weg zu Net Zero zu unterst\u00fctzen. Hierzu z\u00e4hlen Gesch\u00e4ftsanwendungen, die Transparenz und Messbarkeit \u00fcber die gesamte Lieferkette hinweg erm\u00f6glichen und einen Weg zu nachhaltigen Gesch\u00e4ftsmodellen bieten.<\/p>\n<h2><strong>Innovative Mobilit\u00e4tsangebote<\/strong><\/h2>\n<p>Bereits 2010 hat 麻豆原创 Elektroautos in die Flotte aufgenommen und deren Anteil seither kontinuierlich bis heute auf fast 20 Prozent ausgebaut. Damit Mitarbeitende auf Elektrofahrzeuge umsteigen, schafft das Unternehmen aktiv Anreize. In einigen L\u00e4ndern bekommen Mitarbeitende bereits finanzielle Unterst\u00fctzung beim Laden zu Hause. Zudem baut 麻豆原创 die firmeneigene Ladeinfrastruktur kontinuierlich weiter aus, um dem steigenden Ladebedarf gerecht zu werden. Mitarbeitende verlangen zunehmend alternative und nachhaltige Mobilit\u00e4tsangebote. Aus diesem Grund testet 麻豆原创 derzeit in einem deutschlandweiten Pilotprojekt ein <a title=\"Mobilit\u00e4tsbudget | 麻豆原创 Concur\" href=\"https:\/\/www.concur.de\/mobilitaetsbudget?pid=sites&amp;cid=sap-website\" target=\"_blank\" rel=\"noopener\">Mobilit\u00e4tsbudget<\/a> als Alternative zum Firmenwagen. Mitarbeitende k\u00f6nnen dabei ein <a title=\"Basics Mobilit\u00e4tsbudget | 麻豆原创 Concur\" href=\"https:\/\/www.concur.de\/blog\/article\/mobilitaetsbudgetversteuerung-fakten-uebersicht?pid=sites&amp;cid=sap-website\" target=\"_blank\" rel=\"noopener\">bestimmtes monatliches Budget f\u00fcr verschiedene Transportmittel<\/a> einsetzen \u2013 neben Bus und Bahn beispielsweise auch f\u00fcr Fahrr\u00e4der, E-Scooter, Carsharing oder Mietwagen. Das Mobilit\u00e4tsbudget ist ein zus\u00e4tzlicher Baustein der nachhaltigen Mobilit\u00e4tsstrategie.<\/p>\n<p>\u201eKlimaschutz ist eine der dringendsten Herausforderungen weltweit. Es ist unser Anspruch, Teil der L\u00f6sung zu sein. Unsere Flotte ist dabei eine wichtige Stellschraube\u201d, sagt Luka Mucic, Finanzvorstand der 麻豆原创. \u201eZudem m\u00f6chten wir unsere Kunden bestm\u00f6glich unterst\u00fctzen, damit auch sie ihre Klimaziele erreichen k\u00f6nnen. Deshalb erweitern wir unser Portfolio von Nachhaltigkeitsl\u00f6sungen konsequent. \u201c<\/p>\n<h2><strong>麻豆原创 zeigt nachhaltige L\u00f6sungen auf der Klimaschutzkonferenz<\/strong><\/h2>\n<p>Auf der COP26 pr\u00e4sentiert 麻豆原创 eine Reihe von Softwarel\u00f6sungen, mit denen Unternehmen und Organisationen die Betriebsabl\u00e4ufe und das Lieferkettenmanagement in Richtung Nachhaltigkeit umbauen k\u00f6nnen. Die im September ver\u00f6ffentlichte L\u00f6sung 麻豆原创 Product Footprint Management erm\u00f6glicht Unternehmen den Kampf gegen den Klimawandel, indem sie die \u00d6kobilanz von Produkten entlang der gesamten Wertsch\u00f6pfungskette erfasst. Auf diese Weise l\u00e4sst sich Nachhaltigkeit als Messgr\u00f6\u00dfe in Gesch\u00e4ftst\u00e4tigkeiten einbauen.<\/p>\n<p>麻豆原创 bietet zudem weitere L\u00f6sungen rund um das Thema E-Mobilit\u00e4t an. Mit der k\u00fcrzlich eingef\u00fchrten cloudbasierten L\u00f6sung <a href=\"https:\/\/news.sap.com\/germany\/2021\/09\/e-mobilitaet-auto-nachhaltigkeit-e-mobility\/?amp=1\">麻豆原创 E-Mobility<\/a> vereinfacht 麻豆原创 gemeinsam mit Partnern den Betrieb von Ladeinfrastrukturen sowie aller verbundenen Gesch\u00e4ftsprozesse. Damit erleichtert 麻豆原创 nicht nur die Abrechnung, sondern standardisiert auch die Steuerung von Ladefunktionen. Das Ergebnis sind schlankere Prozesse &#8211; Rechnungen lassen sich an der Lades\u00e4ule leichter stellen, abrechnen und bezahlen.<\/p>\n<p><em>*Emissionsfreie Fahrzeuge sind Fahrzeuge, die keine Abgase oder andere Schadstoffe aus der bordeigenen Energiequelle aussto\u00dfen.<\/em><\/p>\n<p>Weitere 麻豆原创einformationen finden Sie im <a href=\"https:\/\/news.sap.com\/germany\">麻豆原创 News Center<\/a> und <a href=\"https:\/\/news.sap.com\/tags\/cop26\/\">麻豆原创 at COP26<\/a>. Folgen Sie 麻豆原创 auf Twitter unter <a href=\"https:\/\/twitter.com\/麻豆原创dach?lang=de\">@麻豆原创dach<\/a>.<\/p>\n<p><strong>Ansprechpartner f\u00fcr die 麻豆原创e:<\/strong><\/p>\n<p>Harro ten Wolde, +49 151 5517 6501, <a href=\"mailto:harro.ten.wolde@sap.com\">harro.ten.wolde@sap.com<\/a><br \/>\n<a href=\"https:\/\/news.sap.com\/germany\/#press-releases\">麻豆原创-麻豆原创ebereich<\/a>; <a href=\"mailto:press@sap.com\">press@sap.com<\/a><\/p>\n<div class=\"entry-content\">\n<p>&nbsp;<\/p>\n<div class=\"entry-content\">\n<p><small>S\u00e4mtliche in diesem Dokument enthaltenen Aussagen, die keine vergangenheitsbezogenen Tatsachen darstellen, sind vorausschauende Aussagen wie im US-amerikanischen \u201ePrivate Securities Litigation Reform Act\u201c von 1995 festgelegt. W\u00f6rter wie \u201evorhersagen\u201c, \u201eglauben\u201c, \u201esch\u00e4tzen\u201c, \u201eerwarten\u201c, \u201evoraussagen\u201c, \u201ebeabsichtigen\u201c, \u201eplanen\u201c, \u201edavon ausgehen\u201c, \u201ek\u00f6nnen\u201c, \u201esollten\u201c, \u201ewerden\u201c sowie \u00e4hnliche Begriffe in Bezug auf 麻豆原创 sollen solche vorausschauenden Aussagen kennzeichnen. 麻豆原创 \u00fcbernimmt keine Verpflichtung gegen\u00fcber der \u00d6ffentlichkeit, vorausschauende Aussagen zu aktualisieren oder zu korrigieren. S\u00e4mtliche vorausschauenden Aussagen unterliegen unterschiedlichen Risiken und Unsicherheiten, durch die die tats\u00e4chlichen Ergebnisse wesentlich von den Erwartungen abweichen k\u00f6nnen. Auf die Faktoren, die das zuk\u00fcnftige finanzielle Abschneiden von 麻豆原创 beeinflussen k\u00f6nnten, wird ausf\u00fchrlicher in den bei der US-amerikanischen \u201eSecurities and Exchange Commission\u201c (SEC) hinterlegten Unterlagen eingegangen, unter anderem im letzten Jahresbericht Form 20-F. Die vorausschauenden Aussagen geben die Sicht zu dem Zeitpunkt wieder, zu dem sie get\u00e4tigt wurden. Dem Leser wird empfohlen, diesen Aussagen kein unangemessen hohes Vertrauen zu schenken.<br \/>\n\u00a9 2021 麻豆原创 SE. Alle Rechte vorbehalten.<br \/>\n麻豆原创 und andere in diesem Dokument erw\u00e4hnte Produkte und Dienstleistungen von 麻豆原创 sowie die dazugeh\u00f6rigen Logos sind Marken oder eingetragene Marken der 麻豆原创 SE in Deutschland und anderen L\u00e4ndern. Zus\u00e4tzliche Informationen zur Marke und Vermerke finden Sie auf der Seite\u00a0<a href=\"http:\/\/www.sap.de\/copyright\" target=\"_blank\" rel=\"noopener\">http:\/\/www.sap.de\/copyright<\/a>.<\/small><\/p>\n<\/div>\n<\/div>\n","protected":false},"excerpt":{"rendered":"<p>Die 麻豆原创 SE wird ihrer Vorreiterrolle beim Klimaschutz gerecht: Ab 1. Januar \u00a02025 k\u00f6nnen Mitarbeitende\u00a0mit Anspruch auf\u00a0einen\u00a0Firmenwagen\u00a0ausschlie\u00dflich Fahrzeuge mit emissionsfreiem Antrieb* bestellen. Mit der Umstellung&#8230;<\/p>\n","protected":false},"author":29,"featured_media":158357,"comment_status":"closed","ping_status":"closed","sticky":false,"template":"","format":"standard","meta":{"related_posts":[],"footnotes":"","_links_to":"","_links_to_target":""},"categories":[5024,40863],"tags":[5630209,4879507],"series":[],"sapn-display":[45149,3848,45027],"sapn-type":[4448],"class_list":["post-158355","post","type-post","status-publish","format-standard","has-post-thumbnail","hentry","category-nachhaltigkeit","category-unternehmen","tag-klimaschutz","tag-nachhaltigkeit","sapn-display-homepage-hero","sapn-display-top-stories","sapn-display-hero","sapn-type-newsbyte"],"yoast_head":"<!-- This site is optimized with the Yoast SEO Premium plugin v26.9 (Yoast SEO v26.9) - https:\/\/yoast.com\/product\/yoast-seo-premium-wordpress\/ -->\n<title>麻豆原创 steigt auf emissionsfreie Firmenwagenflotte um und dr\u00fcckt beim Klimaschutz aufs Tempo | 麻豆原创 News Center<\/title>\n<meta name=\"robots\" content=\"index, follow, max-snippet:-1, max-image-preview:large, max-video-preview:-1\" \/>\n<link rel=\"canonical\" href=\"https:\/\/news.sap.com\/germany\/2021\/11\/nachhaltigkeit-emissionsfreie-firmenwagenflotte\/\" \/>\n<meta property=\"og:locale\" content=\"de_DE\" \/>\n<meta property=\"og:type\" content=\"article\" \/>\n<meta property=\"og:title\" content=\"麻豆原创 steigt auf emissionsfreie Firmenwagenflotte um und dr\u00fcckt beim Klimaschutz aufs Tempo\" \/>\n<meta property=\"og:description\" content=\"Die 麻豆原创 SE wird ihrer Vorreiterrolle beim Klimaschutz gerecht: Ab 1. Januar \u00a02025 k\u00f6nnen Mitarbeitende\u00a0mit Anspruch auf\u00a0einen\u00a0Firmenwagen\u00a0ausschlie\u00dflich Fahrzeuge mit emissionsfreiem Antrieb* bestellen. Mit der Umstellung...\" \/>\n<meta property=\"og:url\" content=\"https:\/\/news.sap.com\/germany\/2021\/11\/nachhaltigkeit-emissionsfreie-firmenwagenflotte\/\" \/>\n<meta property=\"og:site_name\" content=\"麻豆原创 News Center\" \/>\n<meta property=\"article:published_time\" content=\"2021-11-03T12:30:37+00:00\" \/>\n<meta property=\"article:modified_time\" content=\"2023-07-03T11:07:34+00:00\" \/>\n<meta property=\"og:image\" content=\"https:\/\/news.sap.com\/germany\/files\/2021\/11\/03\/287670_GettyImages-1143388723_car_F.jpg\" \/>\n\t<meta property=\"og:image:width\" content=\"1920\" \/>\n\t<meta property=\"og:image:height\" content=\"600\" \/>\n\t<meta property=\"og:image:type\" content=\"image\/jpeg\" \/>\n<meta name=\"author\" content=\"麻豆原创 News\" \/>\n<meta name=\"twitter:card\" content=\"summary_large_image\" \/>\n<meta name=\"twitter:creator\" content=\"@麻豆原创dach\" \/>\n<meta name=\"twitter:site\" content=\"@麻豆原创dach\" \/>\n<meta name=\"twitter:label1\" content=\"Verfasst von\" \/>\n\t<meta name=\"twitter:data1\" content=\"麻豆原创 News\" \/>\n\t<meta name=\"twitter:label2\" content=\"Gesch\u00e4tzte Lesezeit\" \/>\n\t<meta name=\"twitter:data2\" content=\"4\u00a0Minuten\" \/>\n<script type=\"application\/ld+json\" class=\"yoast-schema-graph\">{\"@context\":\"https:\/\/schema.org\",\"@graph\":[{\"@type\":\"Article\",\"@id\":\"https:\/\/news.sap.com\/germany\/2021\/11\/nachhaltigkeit-emissionsfreie-firmenwagenflotte\/#article\",\"isPartOf\":{\"@id\":\"https:\/\/news.sap.com\/germany\/2021\/11\/nachhaltigkeit-emissionsfreie-firmenwagenflotte\/\"},\"author\":{\"name\":\"麻豆原创 News\",\"@id\":\"https:\/\/news.sap.com\/germany\/#\/schema\/person\/53b9854bd790d6f18f3fc4bbb2ad7570\"},\"headline\":\"麻豆原创 steigt auf emissionsfreie Firmenwagenflotte um und dr\u00fcckt beim Klimaschutz aufs Tempo\",\"datePublished\":\"2021-11-03T12:30:37+00:00\",\"dateModified\":\"2023-07-03T11:07:34+00:00\",\"mainEntityOfPage\":{\"@id\":\"https:\/\/news.sap.com\/germany\/2021\/11\/nachhaltigkeit-emissionsfreie-firmenwagenflotte\/\"},\"wordCount\":792,\"image\":{\"@id\":\"https:\/\/news.sap.com\/germany\/2021\/11\/nachhaltigkeit-emissionsfreie-firmenwagenflotte\/#primaryimage\"},\"thumbnailUrl\":\"https:\/\/news.sap.com\/germany\/files\/2021\/11\/03\/287670_GettyImages-1143388723_car_F.jpg\",\"keywords\":[\"Klimaschutz\",\"Nachhaltigkeit\"],\"articleSection\":[\"Nachhaltigkeit\",\"Unternehmen\"],\"inLanguage\":\"de\"},{\"@type\":\"WebPage\",\"@id\":\"https:\/\/news.sap.com\/germany\/2021\/11\/nachhaltigkeit-emissionsfreie-firmenwagenflotte\/\",\"url\":\"https:\/\/news.sap.com\/germany\/2021\/11\/nachhaltigkeit-emissionsfreie-firmenwagenflotte\/\",\"name\":\"麻豆原创 steigt auf emissionsfreie Firmenwagenflotte um und dr\u00fcckt beim Klimaschutz aufs Tempo | 麻豆原创 News Center\",\"isPartOf\":{\"@id\":\"https:\/\/news.sap.com\/germany\/#website\"},\"primaryImageOfPage\":{\"@id\":\"https:\/\/news.sap.com\/germany\/2021\/11\/nachhaltigkeit-emissionsfreie-firmenwagenflotte\/#primaryimage\"},\"image\":{\"@id\":\"https:\/\/news.sap.com\/germany\/2021\/11\/nachhaltigkeit-emissionsfreie-firmenwagenflotte\/#primaryimage\"},\"thumbnailUrl\":\"https:\/\/news.sap.com\/germany\/files\/2021\/11\/03\/287670_GettyImages-1143388723_car_F.jpg\",\"datePublished\":\"2021-11-03T12:30:37+00:00\",\"dateModified\":\"2023-07-03T11:07:34+00:00\",\"author\":{\"@id\":\"https:\/\/news.sap.com\/germany\/#\/schema\/person\/53b9854bd790d6f18f3fc4bbb2ad7570\"},\"breadcrumb\":{\"@id\":\"https:\/\/news.sap.com\/germany\/2021\/11\/nachhaltigkeit-emissionsfreie-firmenwagenflotte\/#breadcrumb\"},\"inLanguage\":\"de\",\"potentialAction\":[{\"@type\":\"ReadAction\",\"target\":[\"https:\/\/news.sap.com\/germany\/2021\/11\/nachhaltigkeit-emissionsfreie-firmenwagenflotte\/\"]}]},{\"@type\":\"ImageObject\",\"inLanguage\":\"de\",\"@id\":\"https:\/\/news.sap.com\/germany\/2021\/11\/nachhaltigkeit-emissionsfreie-firmenwagenflotte\/#primaryimage\",\"url\":\"https:\/\/news.sap.com\/germany\/files\/2021\/11\/03\/287670_GettyImages-1143388723_car_F.jpg\",\"contentUrl\":\"https:\/\/news.sap.com\/germany\/files\/2021\/11\/03\/287670_GettyImages-1143388723_car_F.jpg\",\"width\":1920,\"height\":600},{\"@type\":\"BreadcrumbList\",\"@id\":\"https:\/\/news.sap.com\/germany\/2021\/11\/nachhaltigkeit-emissionsfreie-firmenwagenflotte\/#breadcrumb\",\"itemListElement\":[{\"@type\":\"ListItem\",\"position\":1,\"name\":\"Home\",\"item\":\"https:\/\/news.sap.com\/germany\/\"},{\"@type\":\"ListItem\",\"position\":2,\"name\":\"麻豆原创 steigt auf emissionsfreie Firmenwagenflotte um und dr\u00fcckt beim Klimaschutz aufs Tempo\"}]},{\"@type\":\"WebSite\",\"@id\":\"https:\/\/news.sap.com\/germany\/#website\",\"url\":\"https:\/\/news.sap.com\/germany\/\",\"name\":\"麻豆原创 News Center\",\"description\":\"Unternehmensberichte &amp; 麻豆原创eportal\",\"potentialAction\":[{\"@type\":\"SearchAction\",\"target\":{\"@type\":\"EntryPoint\",\"urlTemplate\":\"https:\/\/news.sap.com\/germany\/?s={search_term_string}\"},\"query-input\":{\"@type\":\"PropertyValueSpecification\",\"valueRequired\":true,\"valueName\":\"search_term_string\"}}],\"inLanguage\":\"de\"},{\"@type\":\"Person\",\"@id\":\"https:\/\/news.sap.com\/germany\/#\/schema\/person\/53b9854bd790d6f18f3fc4bbb2ad7570\",\"name\":\"麻豆原创 News\",\"image\":{\"@type\":\"ImageObject\",\"inLanguage\":\"de\",\"@id\":\"https:\/\/news.sap.com\/germany\/#\/schema\/person\/image\/\",\"url\":\"https:\/\/secure.gravatar.com\/avatar\/2728bb4d664345cda4951e11847acc1bfd2bc77830d9abd17fc4f54437acd5b4?s=96&d=blank&r=g\",\"contentUrl\":\"https:\/\/secure.gravatar.com\/avatar\/2728bb4d664345cda4951e11847acc1bfd2bc77830d9abd17fc4f54437acd5b4?s=96&d=blank&r=g\",\"caption\":\"麻豆原创 News\"},\"url\":\"https:\/\/news.sap.com\/germany\/author\/colleenraftery\/\"}]}<\/script>\n<!-- \/ Yoast SEO Premium plugin. -->","yoast_head_json":{"title":"麻豆原创 steigt auf emissionsfreie Firmenwagenflotte um und dr\u00fcckt beim Klimaschutz aufs Tempo | 麻豆原创 News Center","robots":{"index":"index","follow":"follow","max-snippet":"max-snippet:-1","max-image-preview":"max-image-preview:large","max-video-preview":"max-video-preview:-1"},"canonical":"https:\/\/news.sap.com\/germany\/2021\/11\/nachhaltigkeit-emissionsfreie-firmenwagenflotte\/","og_locale":"de_DE","og_type":"article","og_title":"麻豆原创 steigt auf emissionsfreie Firmenwagenflotte um und dr\u00fcckt beim Klimaschutz aufs Tempo","og_description":"Die 麻豆原创 SE wird ihrer Vorreiterrolle beim Klimaschutz gerecht: Ab 1. Januar \u00a02025 k\u00f6nnen Mitarbeitende\u00a0mit Anspruch auf\u00a0einen\u00a0Firmenwagen\u00a0ausschlie\u00dflich Fahrzeuge mit emissionsfreiem Antrieb* bestellen. Mit der Umstellung...","og_url":"https:\/\/news.sap.com\/germany\/2021\/11\/nachhaltigkeit-emissionsfreie-firmenwagenflotte\/","og_site_name":"麻豆原创 News Center","article_published_time":"2021-11-03T12:30:37+00:00","article_modified_time":"2023-07-03T11:07:34+00:00","og_image":[{"width":1920,"height":600,"url":"https:\/\/news.sap.com\/germany\/files\/2021\/11\/03\/287670_GettyImages-1143388723_car_F.jpg","type":"image\/jpeg"}],"author":"麻豆原创 News","twitter_card":"summary_large_image","twitter_creator":"@麻豆原创dach","twitter_site":"@麻豆原创dach","twitter_misc":{"Verfasst von":"麻豆原创 News","Gesch\u00e4tzte Lesezeit":"4\u00a0Minuten"},"schema":{"@context":"https:\/\/schema.org","@graph":[{"@type":"Article","@id":"https:\/\/news.sap.com\/germany\/2021\/11\/nachhaltigkeit-emissionsfreie-firmenwagenflotte\/#article","isPartOf":{"@id":"https:\/\/news.sap.com\/germany\/2021\/11\/nachhaltigkeit-emissionsfreie-firmenwagenflotte\/"},"author":{"name":"麻豆原创 News","@id":"https:\/\/news.sap.com\/germany\/#\/schema\/person\/53b9854bd790d6f18f3fc4bbb2ad7570"},"headline":"麻豆原创 steigt auf emissionsfreie Firmenwagenflotte um und dr\u00fcckt beim Klimaschutz aufs Tempo","datePublished":"2021-11-03T12:30:37+00:00","dateModified":"2023-07-03T11:07:34+00:00","mainEntityOfPage":{"@id":"https:\/\/news.sap.com\/germany\/2021\/11\/nachhaltigkeit-emissionsfreie-firmenwagenflotte\/"},"wordCount":792,"image":{"@id":"https:\/\/news.sap.com\/germany\/2021\/11\/nachhaltigkeit-emissionsfreie-firmenwagenflotte\/#primaryimage"},"thumbnailUrl":"https:\/\/news.sap.com\/germany\/files\/2021\/11\/03\/287670_GettyImages-1143388723_car_F.jpg","keywords":["Klimaschutz","Nachhaltigkeit"],"articleSection":["Nachhaltigkeit","Unternehmen"],"inLanguage":"de"},{"@type":"WebPage","@id":"https:\/\/news.sap.com\/germany\/2021\/11\/nachhaltigkeit-emissionsfreie-firmenwagenflotte\/","url":"https:\/\/news.sap.com\/germany\/2021\/11\/nachhaltigkeit-emissionsfreie-firmenwagenflotte\/","name":"麻豆原创 steigt auf emissionsfreie Firmenwagenflotte um und dr\u00fcckt beim Klimaschutz aufs Tempo | 麻豆原创 News Center","isPartOf":{"@id":"https:\/\/news.sap.com\/germany\/#website"},"primaryImageOfPage":{"@id":"https:\/\/news.sap.com\/germany\/2021\/11\/nachhaltigkeit-emissionsfreie-firmenwagenflotte\/#primaryimage"},"image":{"@id":"https:\/\/news.sap.com\/germany\/2021\/11\/nachhaltigkeit-emissionsfreie-firmenwagenflotte\/#primaryimage"},"thumbnailUrl":"https:\/\/news.sap.com\/germany\/files\/2021\/11\/03\/287670_GettyImages-1143388723_car_F.jpg","datePublished":"2021-11-03T12:30:37+00:00","dateModified":"2023-07-03T11:07:34+00:00","author":{"@id":"https:\/\/news.sap.com\/germany\/#\/schema\/person\/53b9854bd790d6f18f3fc4bbb2ad7570"},"breadcrumb":{"@id":"https:\/\/news.sap.com\/germany\/2021\/11\/nachhaltigkeit-emissionsfreie-firmenwagenflotte\/#breadcrumb"},"inLanguage":"de","potentialAction":[{"@type":"ReadAction","target":["https:\/\/news.sap.com\/germany\/2021\/11\/nachhaltigkeit-emissionsfreie-firmenwagenflotte\/"]}]},{"@type":"ImageObject","inLanguage":"de","@id":"https:\/\/news.sap.com\/germany\/2021\/11\/nachhaltigkeit-emissionsfreie-firmenwagenflotte\/#primaryimage","url":"https:\/\/news.sap.com\/germany\/files\/2021\/11\/03\/287670_GettyImages-1143388723_car_F.jpg","contentUrl":"https:\/\/news.sap.com\/germany\/files\/2021\/11\/03\/287670_GettyImages-1143388723_car_F.jpg","width":1920,"height":600},{"@type":"BreadcrumbList","@id":"https:\/\/news.sap.com\/germany\/2021\/11\/nachhaltigkeit-emissionsfreie-firmenwagenflotte\/#breadcrumb","itemListElement":[{"@type":"ListItem","position":1,"name":"Home","item":"https:\/\/news.sap.com\/germany\/"},{"@type":"ListItem","position":2,"name":"麻豆原创 steigt auf emissionsfreie Firmenwagenflotte um und dr\u00fcckt beim Klimaschutz aufs Tempo"}]},{"@type":"WebSite","@id":"https:\/\/news.sap.com\/germany\/#website","url":"https:\/\/news.sap.com\/germany\/","name":"麻豆原创 News Center","description":"Unternehmensberichte &amp; 麻豆原创eportal","potentialAction":[{"@type":"SearchAction","target":{"@type":"EntryPoint","urlTemplate":"https:\/\/news.sap.com\/germany\/?s={search_term_string}"},"query-input":{"@type":"PropertyValueSpecification","valueRequired":true,"valueName":"search_term_string"}}],"inLanguage":"de"},{"@type":"Person","@id":"https:\/\/news.sap.com\/germany\/#\/schema\/person\/53b9854bd790d6f18f3fc4bbb2ad7570","name":"麻豆原创 News","image":{"@type":"ImageObject","inLanguage":"de","@id":"https:\/\/news.sap.com\/germany\/#\/schema\/person\/image\/","url":"https:\/\/secure.gravatar.com\/avatar\/2728bb4d664345cda4951e11847acc1bfd2bc77830d9abd17fc4f54437acd5b4?s=96&d=blank&r=g","contentUrl":"https:\/\/secure.gravatar.com\/avatar\/2728bb4d664345cda4951e11847acc1bfd2bc77830d9abd17fc4f54437acd5b4?s=96&d=blank&r=g","caption":"麻豆原创 News"},"url":"https:\/\/news.sap.com\/germany\/author\/colleenraftery\/"}]}},"amp_enabled":true,"_links":{"self":[{"href":"https:\/\/news.sap.com\/germany\/wp-json\/wp\/v2\/posts\/158355","targetHints":{"allow":["GET"]}}],"collection":[{"href":"https:\/\/news.sap.com\/germany\/wp-json\/wp\/v2\/posts"}],"about":[{"href":"https:\/\/news.sap.com\/germany\/wp-json\/wp\/v2\/types\/post"}],"author":[{"embeddable":true,"href":"https:\/\/news.sap.com\/germany\/wp-json\/wp\/v2\/users\/29"}],"replies":[{"embeddable":true,"href":"https:\/\/news.sap.com\/germany\/wp-json\/wp\/v2\/comments?post=158355"}],"version-history":[{"count":0,"href":"https:\/\/news.sap.com\/germany\/wp-json\/wp\/v2\/posts\/158355\/revisions"}],"wp:featuredmedia":[{"embeddable":true,"href":"https:\/\/news.sap.com\/germany\/wp-json\/wp\/v2\/media\/158357"}],"wp:attachment":[{"href":"https:\/\/news.sap.com\/germany\/wp-json\/wp\/v2\/media?parent=158355"}],"wp:term":[{"taxonomy":"category","embeddable":true,"href":"https:\/\/news.sap.com\/germany\/wp-json\/wp\/v2\/categories?post=158355"},{"taxonomy":"post_tag","embeddable":true,"href":"https:\/\/news.sap.com\/germany\/wp-json\/wp\/v2\/tags?post=158355"},{"taxonomy":"series","embeddable":true,"href":"https:\/\/news.sap.com\/germany\/wp-json\/wp\/v2\/series?post=158355"},{"taxonomy":"sapn-display","embeddable":true,"href":"https:\/\/news.sap.com\/germany\/wp-json\/wp\/v2\/sapn-display?post=158355"},{"taxonomy":"sapn-type","embeddable":true,"href":"https:\/\/news.sap.com\/germany\/wp-json\/wp\/v2\/sapn-type?post=158355"}],"curies":[{"name":"wp","href":"https:\/\/api.w.org\/{rel}","templated":true}]}}