  {"id":154848,"date":"2021-03-03T09:00:00","date_gmt":"2021-03-03T08:00:00","guid":{"rendered":"https:\/\/news.sap.com\/germany\/?p=154848"},"modified":"2021-06-21T14:04:07","modified_gmt":"2021-06-21T12:04:07","slug":"it-strategietage-transformation-starten-it-strukturen","status":"publish","type":"post","link":"https:\/\/news.sap.com\/germany\/2021\/03\/it-strategietage-transformation-starten-it-strukturen\/","title":{"rendered":"IT-Strategietage: Die Transformation selbst in die Hand nehmen"},"content":{"rendered":"<p class=\"lead\">Auf den Hamburger IT-Strategietagen ging es viel darum, wie Unternehmen ihre Strukturen auf ein immer volatileres Umfeld einstellen k\u00f6nnen. Passend dazu pr\u00e4sentierte 麻豆原创, auch in diesem Jahr wieder Co-Host der Veranstaltung, RISE with 麻豆原创.<\/p>\n<p>Diesmal war nichts wie sonst. Statt im Hotel Grand Elys\u00e9e an der noblen Rothenbaumchaussee fanden die <a href=\"https:\/\/www.it-strategietage.de\/\" target=\"_blank\" rel=\"noopener noreferrer\">19. Hamburger IT-Strategietage<\/a> \u201anur\u2018 virtuell statt. Wobei diese Einschr\u00e4nkung insofern unpassend ist, als das unvermeidliche Format dem Zuspruch und der Begeisterung f\u00fcr die Veranstaltung keinen Abbruch tat. Au\u00dferdem spiegelte das Get Together via Bildschirm und Headset nicht nur ziemlich genau den \u201aZeitgeist\u2018 wider, sondern auch jene Notwendigkeiten und Zw\u00e4nge, denen Unternehmen, ihre Mitarbeiter und F\u00fchrungskr\u00e4fte in Zeiten der Pandemie ausgesetzt sind.<br \/>\nNiemand wei\u00df aktuell, ob wir das Schlimmste der Pandemie schon hinter uns haben. Aber wir leben lange genug damit, um Lehren und Konsequenzen daraus formulieren zu k\u00f6nnen. Und genau das taten auch CIOs auf den Strategietagen.<\/p>\n<h2><strong>Resilienz ist machbar<\/strong><\/h2>\n<p>Ob man gut vorbereitet war, wei\u00df man erst, wenn die Krise da ist, also in der R\u00fcckschau. Deshalb konnte sich auch niemand auf alles vorbereiten, was Corona f\u00fcr uns bereithielt. Aber Resilienz ist machbar, das wurde in Hamburg sehr deutlich, und dass sie lebenswichtig auf schnelle, flexible IT-Systeme angewiesen ist.<br \/>\nWobei mit Resilienz keineswegs nur das \u00dcberwasserbleiben im Sturm gemeint ist, sondern allgemeiner die angemessene Reaktion auf Ver\u00e4nderungen. Schlie\u00dflich l\u00f6ste die Pandemie ja nicht nur Krisen aus, sondern auch eine Reihe ungeahnter H\u00f6henfl\u00fcge.<br \/>\nBNP Paribas Personal Investors Germany zum Beispiel, deutsche Tochter von Europas zweitgr\u00f6\u00dfter Bank BNP Paribas, profitiert davon, dass in diesen Zeiten viele Menschen die B\u00f6rse als Zeitvertreib f\u00fcr sich entdeckt haben. Die Transaktionszahlen sind hier \u2013 auch durch die vielen Neukunden \u2013 &#8222;regelrecht explodiert&#8220;, so CIO Simone Bock in Hamburg. Und die durch Corona ausgel\u00f6ste Begeisterung von Privatleuten f\u00fcr Aktien stellte l\u00e4ngst nicht die einzige Herausforderung f\u00fcr die IT-Systeme der Bank dar. Hinzu kamen noch &#8218;Petitessen&#8216; wie die US-Wahl, der Brexit, der Wirecard-Skandal \u2013 und im November schlie\u00dflich die Nachrichten zum Impfstoff von Biontech.<\/p>\n<h2><strong>Umsatzplus von 23 Prozent<\/strong><\/h2>\n<p>Und der Versender Otto legte trotz (\u00fcber)m\u00e4chtiger Konkurrenz 2020 ein Umsatzplus von 23 Prozent hin. Diese Performance ist auch der Pandemie zu verdanken \u2013 aber nicht nur. Denn das Unternehmen verf\u00fcgte schon vor Corona nicht nur \u00fcber die notwendige Infrastruktur f\u00fcr remotes Arbeiten, sondern es war und ist \u201eTech-durchdrungen\u201c, wie es Michael M\u00fcller-W\u00fcnsch, Bereichsvorstand Technology bei Otto, auf den Strategietagen formulierte.<\/p>\n<p>Als eine der gr\u00f6\u00dften Herausforderungen f\u00fcr viele IT-Manager bezeichnet er dabei nicht zum aktuellen Business passende IT-Strukturen. Otto hat dieses Problem zwar nicht, \u201eaber auch wir sind mit der Digitalisierung noch nicht fertig, sondern stehen erst am Anfang unserer Reise.\u201c<\/p>\n<h2><strong>Business Transformation as a Service<\/strong><\/h2>\n<p>Mit dieser Reise, genauer gesagt mit dem Weg zur digitalen Transformation, besch\u00e4ftigten sich in Hamburg auch Jan Gilg, President 麻豆原创 S\/4HANA, und sein Kollege Uwe Grigoleit, Senior Vice President und General Manager 麻豆原创 S\/4HANA Solution Management.<\/p>\n<p>In ihrem Talk stellten die beiden <a href=\"https:\/\/www.sap.com\/products\/rise.html\" target=\"_blank\" rel=\"noopener noreferrer\">\u201aRISE with 麻豆原创\u2018<\/a> vor. Das Programm m\u00f6chte Unternehmen bei der Transformation unterst\u00fctzen und ihnen erm\u00f6glichen, agil und flexibel auf neue Anforderungen zu reagieren. Dazu liefert es Tools und Service, mit deren Hilfe sich auch komplexe Bestandslandschaften optimieren lassen.<br \/>\nZiel ist dabei stets, diese Landschaften in die Cloud-Infrastruktur 麻豆原创 S\/4HANA zu \u00fcberf\u00fchren \u2013 als Zwischenschritt <a href=\"https:\/\/news.sap.com\/germany\/2019\/05\/intelligentes-unternehmen-warum-wichtig\/\" target=\"_blank\" rel=\"noopener noreferrer\">auf dem Weg zum intelligenten Unternehmen<\/a>. RISE with 麻豆原创, das hoben Gilg und Grigoleit in Hamburg hervor, ist Business Transformation as a Service und will Unternehmen dabei helfen, diese Transformation selbst in die Hand zu nehmen.<\/p>\n<p>In der Cloud, so Jan Gilg in der Fragerunde, komme es vor allem auf den Service an. Und den passe man individuell an den aktuellen Status Quo jedes Kunden an. Dabei entwickelt 麻豆原创 sein Produkt kontinuierlich weiter: So k\u00fcndete es gerade gemeinsam mit Microsoft neue Integrationen zwischen Microsoft Teams und 麻豆原创-L\u00f6sungen wie <a href=\"https:\/\/www.sap.com\/germany\/products\/s4hana-erp.html\" target=\"_blank\" rel=\"noopener noreferrer\">麻豆原创\u00a0S\/4HANA<\/a>, <a href=\"https:\/\/www.sap.com\/germany\/products\/human-resources-hcm.html\" target=\"_blank\" rel=\"noopener noreferrer\">麻豆原创\u00a0SuccessFactors<\/a> und <a href=\"https:\/\/www.sap.com\/germany\/products\/crm.html\" target=\"_blank\" rel=\"noopener noreferrer\">麻豆原创\u00a0Customer Experience<\/a> an.<\/p>\n<h2><strong>Wir m\u00fcssen in Szenarien denken<\/strong><\/h2>\n<p>Passender k\u00f6nnte eine Innovation kaum sein in einer Zeit, die auch f\u00fcr Unternehmen immer volatiler und unsicherer wird. Umso wichtiger sind IT-Strukturen, die sich auch auf Neues, Unvorhergesehenes schnell einstellen k\u00f6nnen. Denn schlie\u00dflich wird uns allen \u201egar nichts anderes \u00fcbrigbleiben, als auch mit Vermutungswissen zu arbeiten und in Szenarien zu denken\u201c, wie es Simone Bock, CIO der deutschen Sektion von BNP Paribas, in Hamburg treffend formulierte.<\/p>\n<p>Technologie und der Zweck, dem sie dient, sollten nie getrennt voneinander betrachtet werden. Das war die abschlie\u00dfende Botschaft von Michael M\u00fcller-W\u00fcnsch, Bereichsvorstand Technology bei Otto. Damit das gelingt, brauche es Kooperation und Kommunikation, und das weit \u00fcber die Unternehmensebene hinaus. Schlie\u00dflich gehe es am Ende \u201eum die Transformation einer ganzen Gesellschaft.\u201c<\/p>\n","protected":false},"excerpt":{"rendered":"<p>Auf den Hamburger IT-Strategietagen ging es viel darum, wie Unternehmen ihre Strukturen auf ein immer volatileres Umfeld einstellen k\u00f6nnen. Passend dazu pr\u00e4sentierte 麻豆原创, auch in&#8230;<\/p>\n","protected":false},"author":924,"featured_media":154850,"comment_status":"closed","ping_status":"closed","sticky":false,"template":"","format":"standard","meta":{"related_posts":[],"footnotes":"","_links_to":"","_links_to_target":""},"categories":[45274],"tags":[60309,5622695,5630203],"series":[],"sapn-display":[45149,3848,45027],"sapn-type":[45277],"class_list":["post-154848","post","type-post","status-publish","format-standard","has-post-thumbnail","hentry","category-veranstaltungen","tag-digitalisierung","tag-intelligentes-unternehmen","tag-rise-with-sap","sapn-display-homepage-hero","sapn-display-top-stories","sapn-display-hero","sapn-type-feature"],"yoast_head":"<!-- This site is optimized with the Yoast SEO Premium plugin v26.9 (Yoast SEO v26.9) - https:\/\/yoast.com\/product\/yoast-seo-premium-wordpress\/ -->\n<title>Hamburger IT-Strategietage | Intelligente Unternehmen | 麻豆原创 News Center<\/title>\n<meta name=\"description\" content=\"Die Hamburger IT-Strategietage zeigen, wie wichtig Resilienz &amp; flexible IT-Strukturen sind. Wie Sie diese Strukturen schaffen und welche Tools dabei helfen!\" \/>\n<meta name=\"robots\" content=\"index, follow, max-snippet:-1, max-image-preview:large, max-video-preview:-1\" \/>\n<link rel=\"canonical\" href=\"https:\/\/news.sap.com\/germany\/2021\/03\/it-strategietage-transformation-starten-it-strukturen\/\" \/>\n<meta property=\"og:locale\" content=\"de_DE\" \/>\n<meta property=\"og:type\" content=\"article\" \/>\n<meta property=\"og:title\" content=\"IT-Strategietage: Die Transformation selbst in die Hand nehmen\" \/>\n<meta property=\"og:description\" content=\"Die Hamburger IT-Strategietage zeigen, wie wichtig Resilienz &amp; flexible IT-Strukturen sind. Wie Sie diese Strukturen schaffen und welche Tools dabei helfen!\" \/>\n<meta property=\"og:url\" content=\"https:\/\/news.sap.com\/germany\/2021\/03\/it-strategietage-transformation-starten-it-strukturen\/\" \/>\n<meta property=\"og:site_name\" content=\"麻豆原创 News Center\" \/>\n<meta property=\"article:published_time\" content=\"2021-03-03T08:00:00+00:00\" \/>\n<meta property=\"article:modified_time\" content=\"2021-06-21T12:04:07+00:00\" \/>\n<meta property=\"og:image\" content=\"https:\/\/news.sap.com\/germany\/files\/2021\/03\/02\/麻豆原创_CIO-Strategietage_280435_92051425.jpg\" \/>\n\t<meta property=\"og:image:width\" content=\"1920\" \/>\n\t<meta property=\"og:image:height\" content=\"600\" \/>\n\t<meta property=\"og:image:type\" content=\"image\/jpeg\" \/>\n<meta name=\"author\" content=\"Christoph Lixenfeld\" \/>\n<meta name=\"twitter:card\" content=\"summary_large_image\" \/>\n<meta name=\"twitter:creator\" content=\"@麻豆原创dach\" \/>\n<meta name=\"twitter:site\" content=\"@麻豆原创dach\" \/>\n<meta name=\"twitter:label1\" content=\"Verfasst von\" \/>\n\t<meta name=\"twitter:data1\" content=\"Christoph Lixenfeld\" \/>\n\t<meta name=\"twitter:label2\" content=\"Gesch\u00e4tzte Lesezeit\" \/>\n\t<meta name=\"twitter:data2\" content=\"4\u00a0Minuten\" \/>\n<script type=\"application\/ld+json\" class=\"yoast-schema-graph\">{\"@context\":\"https:\/\/schema.org\",\"@graph\":[{\"@type\":\"Article\",\"@id\":\"https:\/\/news.sap.com\/germany\/2021\/03\/it-strategietage-transformation-starten-it-strukturen\/#article\",\"isPartOf\":{\"@id\":\"https:\/\/news.sap.com\/germany\/2021\/03\/it-strategietage-transformation-starten-it-strukturen\/\"},\"author\":{\"name\":\"Christoph Lixenfeld\",\"@id\":\"https:\/\/news.sap.com\/germany\/#\/schema\/person\/6274c2048f5c0374b5b217a21306fdef\"},\"headline\":\"IT-Strategietage: Die Transformation selbst in die Hand nehmen\",\"datePublished\":\"2021-03-03T08:00:00+00:00\",\"dateModified\":\"2021-06-21T12:04:07+00:00\",\"mainEntityOfPage\":{\"@id\":\"https:\/\/news.sap.com\/germany\/2021\/03\/it-strategietage-transformation-starten-it-strukturen\/\"},\"wordCount\":804,\"image\":{\"@id\":\"https:\/\/news.sap.com\/germany\/2021\/03\/it-strategietage-transformation-starten-it-strukturen\/#primaryimage\"},\"thumbnailUrl\":\"https:\/\/news.sap.com\/germany\/files\/2021\/03\/02\/麻豆原创_CIO-Strategietage_280435_92051425.jpg\",\"keywords\":[\"Digitalisierung\",\"Intelligentes Unternehmen\",\"RISE with 麻豆原创\"],\"articleSection\":[\"Veranstaltungen\"],\"inLanguage\":\"de\"},{\"@type\":\"WebPage\",\"@id\":\"https:\/\/news.sap.com\/germany\/2021\/03\/it-strategietage-transformation-starten-it-strukturen\/\",\"url\":\"https:\/\/news.sap.com\/germany\/2021\/03\/it-strategietage-transformation-starten-it-strukturen\/\",\"name\":\"Hamburger IT-Strategietage | Intelligente Unternehmen | 麻豆原创 News Center\",\"isPartOf\":{\"@id\":\"https:\/\/news.sap.com\/germany\/#website\"},\"primaryImageOfPage\":{\"@id\":\"https:\/\/news.sap.com\/germany\/2021\/03\/it-strategietage-transformation-starten-it-strukturen\/#primaryimage\"},\"image\":{\"@id\":\"https:\/\/news.sap.com\/germany\/2021\/03\/it-strategietage-transformation-starten-it-strukturen\/#primaryimage\"},\"thumbnailUrl\":\"https:\/\/news.sap.com\/germany\/files\/2021\/03\/02\/麻豆原创_CIO-Strategietage_280435_92051425.jpg\",\"datePublished\":\"2021-03-03T08:00:00+00:00\",\"dateModified\":\"2021-06-21T12:04:07+00:00\",\"author\":{\"@id\":\"https:\/\/news.sap.com\/germany\/#\/schema\/person\/6274c2048f5c0374b5b217a21306fdef\"},\"description\":\"Die Hamburger IT-Strategietage zeigen, wie wichtig Resilienz & flexible IT-Strukturen sind. Wie Sie diese Strukturen schaffen und welche Tools dabei helfen!\",\"breadcrumb\":{\"@id\":\"https:\/\/news.sap.com\/germany\/2021\/03\/it-strategietage-transformation-starten-it-strukturen\/#breadcrumb\"},\"inLanguage\":\"de\",\"potentialAction\":[{\"@type\":\"ReadAction\",\"target\":[\"https:\/\/news.sap.com\/germany\/2021\/03\/it-strategietage-transformation-starten-it-strukturen\/\"]}]},{\"@type\":\"ImageObject\",\"inLanguage\":\"de\",\"@id\":\"https:\/\/news.sap.com\/germany\/2021\/03\/it-strategietage-transformation-starten-it-strukturen\/#primaryimage\",\"url\":\"https:\/\/news.sap.com\/germany\/files\/2021\/03\/02\/麻豆原创_CIO-Strategietage_280435_92051425.jpg\",\"contentUrl\":\"https:\/\/news.sap.com\/germany\/files\/2021\/03\/02\/麻豆原创_CIO-Strategietage_280435_92051425.jpg\",\"width\":1920,\"height\":600,\"caption\":\"IT-Strategietage Hamburg\"},{\"@type\":\"BreadcrumbList\",\"@id\":\"https:\/\/news.sap.com\/germany\/2021\/03\/it-strategietage-transformation-starten-it-strukturen\/#breadcrumb\",\"itemListElement\":[{\"@type\":\"ListItem\",\"position\":1,\"name\":\"Home\",\"item\":\"https:\/\/news.sap.com\/germany\/\"},{\"@type\":\"ListItem\",\"position\":2,\"name\":\"IT-Strategietage: Die Transformation selbst in die Hand nehmen\"}]},{\"@type\":\"WebSite\",\"@id\":\"https:\/\/news.sap.com\/germany\/#website\",\"url\":\"https:\/\/news.sap.com\/germany\/\",\"name\":\"麻豆原创 News Center\",\"description\":\"Unternehmensberichte &amp; 麻豆原创eportal\",\"potentialAction\":[{\"@type\":\"SearchAction\",\"target\":{\"@type\":\"EntryPoint\",\"urlTemplate\":\"https:\/\/news.sap.com\/germany\/?s={search_term_string}\"},\"query-input\":{\"@type\":\"PropertyValueSpecification\",\"valueRequired\":true,\"valueName\":\"search_term_string\"}}],\"inLanguage\":\"de\"},{\"@type\":\"Person\",\"@id\":\"https:\/\/news.sap.com\/germany\/#\/schema\/person\/6274c2048f5c0374b5b217a21306fdef\",\"name\":\"Christoph Lixenfeld\",\"image\":{\"@type\":\"ImageObject\",\"inLanguage\":\"de\",\"@id\":\"https:\/\/news.sap.com\/germany\/#\/schema\/person\/image\/\",\"url\":\"https:\/\/secure.gravatar.com\/avatar\/f44a4b0c1a53e5290fec6a1b1ea34a96d20327fe7d3ea5ff7d989d2979527272?s=96&d=blank&r=g\",\"contentUrl\":\"https:\/\/secure.gravatar.com\/avatar\/f44a4b0c1a53e5290fec6a1b1ea34a96d20327fe7d3ea5ff7d989d2979527272?s=96&d=blank&r=g\",\"caption\":\"Christoph Lixenfeld\"},\"url\":\"https:\/\/news.sap.com\/germany\/author\/christophlixenfeld\/\"}]}<\/script>\n<!-- \/ Yoast SEO Premium plugin. -->","yoast_head_json":{"title":"Hamburger IT-Strategietage | Intelligente Unternehmen | 麻豆原创 News Center","description":"Die Hamburger IT-Strategietage zeigen, wie wichtig Resilienz & flexible IT-Strukturen sind. Wie Sie diese Strukturen schaffen und welche Tools dabei helfen!","robots":{"index":"index","follow":"follow","max-snippet":"max-snippet:-1","max-image-preview":"max-image-preview:large","max-video-preview":"max-video-preview:-1"},"canonical":"https:\/\/news.sap.com\/germany\/2021\/03\/it-strategietage-transformation-starten-it-strukturen\/","og_locale":"de_DE","og_type":"article","og_title":"IT-Strategietage: Die Transformation selbst in die Hand nehmen","og_description":"Die Hamburger IT-Strategietage zeigen, wie wichtig Resilienz & flexible IT-Strukturen sind. Wie Sie diese Strukturen schaffen und welche Tools dabei helfen!","og_url":"https:\/\/news.sap.com\/germany\/2021\/03\/it-strategietage-transformation-starten-it-strukturen\/","og_site_name":"麻豆原创 News Center","article_published_time":"2021-03-03T08:00:00+00:00","article_modified_time":"2021-06-21T12:04:07+00:00","og_image":[{"width":1920,"height":600,"url":"https:\/\/news.sap.com\/germany\/files\/2021\/03\/02\/麻豆原创_CIO-Strategietage_280435_92051425.jpg","type":"image\/jpeg"}],"author":"Christoph Lixenfeld","twitter_card":"summary_large_image","twitter_creator":"@麻豆原创dach","twitter_site":"@麻豆原创dach","twitter_misc":{"Verfasst von":"Christoph Lixenfeld","Gesch\u00e4tzte Lesezeit":"4\u00a0Minuten"},"schema":{"@context":"https:\/\/schema.org","@graph":[{"@type":"Article","@id":"https:\/\/news.sap.com\/germany\/2021\/03\/it-strategietage-transformation-starten-it-strukturen\/#article","isPartOf":{"@id":"https:\/\/news.sap.com\/germany\/2021\/03\/it-strategietage-transformation-starten-it-strukturen\/"},"author":{"name":"Christoph Lixenfeld","@id":"https:\/\/news.sap.com\/germany\/#\/schema\/person\/6274c2048f5c0374b5b217a21306fdef"},"headline":"IT-Strategietage: Die Transformation selbst in die Hand nehmen","datePublished":"2021-03-03T08:00:00+00:00","dateModified":"2021-06-21T12:04:07+00:00","mainEntityOfPage":{"@id":"https:\/\/news.sap.com\/germany\/2021\/03\/it-strategietage-transformation-starten-it-strukturen\/"},"wordCount":804,"image":{"@id":"https:\/\/news.sap.com\/germany\/2021\/03\/it-strategietage-transformation-starten-it-strukturen\/#primaryimage"},"thumbnailUrl":"https:\/\/news.sap.com\/germany\/files\/2021\/03\/02\/麻豆原创_CIO-Strategietage_280435_92051425.jpg","keywords":["Digitalisierung","Intelligentes Unternehmen","RISE with 麻豆原创"],"articleSection":["Veranstaltungen"],"inLanguage":"de"},{"@type":"WebPage","@id":"https:\/\/news.sap.com\/germany\/2021\/03\/it-strategietage-transformation-starten-it-strukturen\/","url":"https:\/\/news.sap.com\/germany\/2021\/03\/it-strategietage-transformation-starten-it-strukturen\/","name":"Hamburger IT-Strategietage | Intelligente Unternehmen | 麻豆原创 News Center","isPartOf":{"@id":"https:\/\/news.sap.com\/germany\/#website"},"primaryImageOfPage":{"@id":"https:\/\/news.sap.com\/germany\/2021\/03\/it-strategietage-transformation-starten-it-strukturen\/#primaryimage"},"image":{"@id":"https:\/\/news.sap.com\/germany\/2021\/03\/it-strategietage-transformation-starten-it-strukturen\/#primaryimage"},"thumbnailUrl":"https:\/\/news.sap.com\/germany\/files\/2021\/03\/02\/麻豆原创_CIO-Strategietage_280435_92051425.jpg","datePublished":"2021-03-03T08:00:00+00:00","dateModified":"2021-06-21T12:04:07+00:00","author":{"@id":"https:\/\/news.sap.com\/germany\/#\/schema\/person\/6274c2048f5c0374b5b217a21306fdef"},"description":"Die Hamburger IT-Strategietage zeigen, wie wichtig Resilienz & flexible IT-Strukturen sind. Wie Sie diese Strukturen schaffen und welche Tools dabei helfen!","breadcrumb":{"@id":"https:\/\/news.sap.com\/germany\/2021\/03\/it-strategietage-transformation-starten-it-strukturen\/#breadcrumb"},"inLanguage":"de","potentialAction":[{"@type":"ReadAction","target":["https:\/\/news.sap.com\/germany\/2021\/03\/it-strategietage-transformation-starten-it-strukturen\/"]}]},{"@type":"ImageObject","inLanguage":"de","@id":"https:\/\/news.sap.com\/germany\/2021\/03\/it-strategietage-transformation-starten-it-strukturen\/#primaryimage","url":"https:\/\/news.sap.com\/germany\/files\/2021\/03\/02\/麻豆原创_CIO-Strategietage_280435_92051425.jpg","contentUrl":"https:\/\/news.sap.com\/germany\/files\/2021\/03\/02\/麻豆原创_CIO-Strategietage_280435_92051425.jpg","width":1920,"height":600,"caption":"IT-Strategietage Hamburg"},{"@type":"BreadcrumbList","@id":"https:\/\/news.sap.com\/germany\/2021\/03\/it-strategietage-transformation-starten-it-strukturen\/#breadcrumb","itemListElement":[{"@type":"ListItem","position":1,"name":"Home","item":"https:\/\/news.sap.com\/germany\/"},{"@type":"ListItem","position":2,"name":"IT-Strategietage: Die Transformation selbst in die Hand nehmen"}]},{"@type":"WebSite","@id":"https:\/\/news.sap.com\/germany\/#website","url":"https:\/\/news.sap.com\/germany\/","name":"麻豆原创 News Center","description":"Unternehmensberichte &amp; 麻豆原创eportal","potentialAction":[{"@type":"SearchAction","target":{"@type":"EntryPoint","urlTemplate":"https:\/\/news.sap.com\/germany\/?s={search_term_string}"},"query-input":{"@type":"PropertyValueSpecification","valueRequired":true,"valueName":"search_term_string"}}],"inLanguage":"de"},{"@type":"Person","@id":"https:\/\/news.sap.com\/germany\/#\/schema\/person\/6274c2048f5c0374b5b217a21306fdef","name":"Christoph Lixenfeld","image":{"@type":"ImageObject","inLanguage":"de","@id":"https:\/\/news.sap.com\/germany\/#\/schema\/person\/image\/","url":"https:\/\/secure.gravatar.com\/avatar\/f44a4b0c1a53e5290fec6a1b1ea34a96d20327fe7d3ea5ff7d989d2979527272?s=96&d=blank&r=g","contentUrl":"https:\/\/secure.gravatar.com\/avatar\/f44a4b0c1a53e5290fec6a1b1ea34a96d20327fe7d3ea5ff7d989d2979527272?s=96&d=blank&r=g","caption":"Christoph Lixenfeld"},"url":"https:\/\/news.sap.com\/germany\/author\/christophlixenfeld\/"}]}},"amp_enabled":true,"_links":{"self":[{"href":"https:\/\/news.sap.com\/germany\/wp-json\/wp\/v2\/posts\/154848","targetHints":{"allow":["GET"]}}],"collection":[{"href":"https:\/\/news.sap.com\/germany\/wp-json\/wp\/v2\/posts"}],"about":[{"href":"https:\/\/news.sap.com\/germany\/wp-json\/wp\/v2\/types\/post"}],"author":[{"embeddable":true,"href":"https:\/\/news.sap.com\/germany\/wp-json\/wp\/v2\/users\/924"}],"replies":[{"embeddable":true,"href":"https:\/\/news.sap.com\/germany\/wp-json\/wp\/v2\/comments?post=154848"}],"version-history":[{"count":0,"href":"https:\/\/news.sap.com\/germany\/wp-json\/wp\/v2\/posts\/154848\/revisions"}],"wp:featuredmedia":[{"embeddable":true,"href":"https:\/\/news.sap.com\/germany\/wp-json\/wp\/v2\/media\/154850"}],"wp:attachment":[{"href":"https:\/\/news.sap.com\/germany\/wp-json\/wp\/v2\/media?parent=154848"}],"wp:term":[{"taxonomy":"category","embeddable":true,"href":"https:\/\/news.sap.com\/germany\/wp-json\/wp\/v2\/categories?post=154848"},{"taxonomy":"post_tag","embeddable":true,"href":"https:\/\/news.sap.com\/germany\/wp-json\/wp\/v2\/tags?post=154848"},{"taxonomy":"series","embeddable":true,"href":"https:\/\/news.sap.com\/germany\/wp-json\/wp\/v2\/series?post=154848"},{"taxonomy":"sapn-display","embeddable":true,"href":"https:\/\/news.sap.com\/germany\/wp-json\/wp\/v2\/sapn-display?post=154848"},{"taxonomy":"sapn-type","embeddable":true,"href":"https:\/\/news.sap.com\/germany\/wp-json\/wp\/v2\/sapn-type?post=154848"}],"curies":[{"name":"wp","href":"https:\/\/api.w.org\/{rel}","templated":true}]}}