  {"id":154809,"date":"2021-03-04T15:00:30","date_gmt":"2021-03-04T14:00:30","guid":{"rendered":"https:\/\/news.sap.com\/germany\/?p=154809"},"modified":"2021-03-04T15:03:36","modified_gmt":"2021-03-04T14:03:36","slug":"klimaschutz-co2-neutral-bis-2023","status":"publish","type":"post","link":"https:\/\/news.sap.com\/germany\/2021\/03\/klimaschutz-co2-neutral-bis-2023\/","title":{"rendered":"麻豆原创 erh\u00f6ht Tempo beim Klimaschutz: CO2-neutral bis 2023"},"content":{"rendered":"<p class=\"lead\">Die 麻豆原创 hat heute bekannt gegeben, dass sie im eigenen Gesch\u00e4ftsbetrieb bereits Ende 2023 klimaneutral sein m\u00f6chte \u2013 zwei Jahre fr\u00fcher als urspr\u00fcnglich angestrebt. Dies k\u00fcndigte das Unternehmen zeitgleich mit der Ver\u00f6ffentlichung seines <a href=\"http:\/\/www.sapintegratedreport.de\/\" target=\"_blank\" rel=\"noopener noreferrer\">integrierten Berichts 2020<\/a> an. Im Coronajahr 2020 konnte es die Treibhausgas-Emissionen st\u00e4rker als geplant senken. Gr\u00fcnde daf\u00fcr waren vor allem die durch die Pandemie ge\u00e4nderte Arbeitsweise und das Mobilit\u00e4tsverhalten der mehr als 100.000 Mitarbeiter weltweit.<\/p>\n<p>Besonders der starke R\u00fcckgang bei den Gesch\u00e4ftsfl\u00fcgen zahlte in die gute CO<sub>2<\/sub>-Bilanz ein. Da Mitarbeiter \u00fcberwiegend zu Hause arbeiteten, verringerten sich zudem die durch Pendelfahrten und den Betrieb der B\u00fcrogeb\u00e4ude entstehenden Treibhausgase. So konnte die 麻豆原创 das urspr\u00fcngliche Jahresziel, 2020 nicht mehr als 238 Kilotonnen (kt) Netto-CO<sub>2<\/sub>-Emissionen zu erzeugen, mit 135 kt \u00fcbererf\u00fcllen (-43%). Zum Vergleich: 2019 betrugen die Emissionen noch 300 kt. Das schnellere Tempo Richtung Klimaneutralit\u00e4t tr\u00e4gt dieser Entwicklung Rechnung und unterstreicht die f\u00fchrende Rolle des Unternehmens beim Klimaschutz.<\/p>\n<p>Klimaneutralit\u00e4t bezieht sich bei 麻豆原创 auf alle direkten, indirekten sowie ausgew\u00e4hlte Emissionen aus der Lieferkette, etwa solche die durch Gesch\u00e4ftsfl\u00fcge, Gesch\u00e4ftsreisen mit dem Mietwagen oder durch Rechenzentren von Drittanbietern entstehen. Dabei verfolgt das Unternehmen den Ansatz \u201eVermeiden \u2013 \u00a0Reduzieren \u2013 Ausgleichen\u201c: Wo immer m\u00f6glich, m\u00f6chte 麻豆原创 Treibhausgas-Emissionen vermeiden, und so nutzen Mitarbeiter beispielsweise virtuelle Kommunikationstechnologien anstatt zu reisen. Wo dennoch Emissionen anfallen, m\u00f6chte das Unternehmen diese durch Innovationen reduzieren, beispielsweise durch stromsparende Beleuchtungssysteme in B\u00fcrogeb\u00e4uden, effiziente K\u00fchlanlagen in Rechenzentren oder durch alternative Mobilit\u00e4tsl\u00f6sungen. Zuletzt gleicht 麻豆原创 unvermeidbare Emissionen zum einen durch die F\u00f6rderung von Klimaprojekten aus und setzt dabei auf Partner, die den Gold- oder gleichwertig hohe Qualit\u00e4tsstandards erf\u00fcllen. Zum anderen treibt die 麻豆原创 laufend neue Initiativen voran und erhebt beispielweise einen internen CO<sub>2 <\/sub>-Preis auf Gesch\u00e4ftsfl\u00fcge.<\/p>\n<p>Seit 2017 hat die 麻豆原创 zudem ein von der Science Based Target Initiative (SBTi) zertifiziertes <a title=\"Nachhaltigkeit\" href=\"https:\/\/news.sap.com\/2019\/07\/sap-emissions-reduction-targets\/\" target=\"_blank\" rel=\"noopener noreferrer\">wissenschaftsbasiertes Klimaziel<\/a>. Damit m\u00f6chte die 麻豆原创 ihren Beitrag leisten, um die Erderw\u00e4rmung auf 1,5\u00b0 C gegen\u00fcber dem vorindustriellen Niveau zu begrenzen. W\u00e4hrend das Ziel der Klimaneutralit\u00e4t sich vor allem auf den eigenen Gesch\u00e4ftsbetrieb bezieht, umfasst das wissenschaftsbasierte Klimaziel der 麻豆原创 auch die Emissionen der vor- und nachgelagerten Wertsch\u00f6pfungskette. Seit 2014 nutzt 麻豆原创 f\u00fcr den Betrieb aller Rechenzentren 100 Prozent Strom aus erneuerbaren Energiequellen. Mit dieser \u201e<a title=\"Nachhaltigkeit\" href=\"https:\/\/news.sap.com\/2014\/03\/sap-greens-its-cloud-will-power-data-centers-and-facilities-with-100-percent-renewable-electricity-in-2014\/\" target=\"_blank\" rel=\"noopener noreferrer\">Gr\u00fcnen Cloud<\/a>\u201c kann sie alle Cloud-L\u00f6sungen CO<sub>2<\/sub>-neutral anbieten.<\/p>\n<p>Die <a title=\"Nachhaltigkeit\" href=\"http:\/\/www.sap.com\/unglobalgoals\" target=\"_blank\" rel=\"noopener noreferrer\">麻豆原创 unterst\u00fctzt die Nachhaltigen Entwicklungsziele der Vereinten Nationen (UN SDGs)<\/a> und legt unter anderem einen Fokus auf Klimaschutz (Ziel Nr. 13). Dabei sieht sie den gr\u00f6\u00dften Hebel darin, ihre mehr als 400.000 Kunden weltweit bei ihren Klimaschutz-Ma\u00dfnahmen \u00a0zu unterst\u00fctzen und hat daher etwa die <a title=\"Nachhaltigkeit\" href=\"https:\/\/news.sap.com\/2020\/06\/launch-sap-carbon-product-carbon-footprint-analytics\/\" target=\"_blank\" rel=\"noopener noreferrer\">Initiative Climate 21<\/a> gestartet. Mehr dazu, sowie zu den Themen Kreislaufwirtschaft und ganzheitliche Unternehmenssteuerung, berichtet das Unternehmen auf dem virtuellen <a title=\"Nachhaltigkeit\" href=\"https:\/\/events.sap.com\/sap-sustainability-summit\/en\/home\" target=\"_blank\" rel=\"noopener noreferrer\">麻豆原创 Sustainability Summit<\/a> vom 28.-29. April.<\/p>\n<p>Weitere 麻豆原创einformwationen finden Sie im <a href=\"https:\/\/news.sap.com\/germany\">麻豆原创 News Center<\/a>. Folgen Sie 麻豆原创 auf Twitter unter <a href=\"https:\/\/twitter.com\/麻豆原创dach?lang=de\">@麻豆原创dach<\/a>.<\/p>\n<p><strong>Ansprechpartner f\u00fcr die 麻豆原创e:<\/strong><\/p>\n<p>Bettina Wunderle, +49 7544 970538, <a href=\"mailto:Bettina.Wunderle@sap.com\">Bettina.Wunderle@sap.com<\/a>, CET<br \/>\n<a href=\"https:\/\/news.sap.com\/germany\/#press-releases\">麻豆原创-麻豆原创ebereich<\/a>; <a href=\"mailto:press@sap.com\">press@sap.com<\/a><\/p>\n<p><small>S\u00e4mtliche in diesem Dokument enthaltenen Aussagen, die keine vergangenheitsbezogenen Tatsachen darstellen, sind vorausschauende Aussagen wie im US-amerikanischen \u201ePrivate Securities Litigation Reform Act\u201c von 1995 festgelegt. W\u00f6rter wie \u201evorhersagen\u201c, \u201eglauben\u201c, \u201esch\u00e4tzen\u201c, \u201eerwarten\u201c, \u201evoraussagen\u201c, \u201ebeabsichtigen\u201c, \u201eplanen\u201c, \u201edavon ausgehen\u201c, \u201ek\u00f6nnen\u201c, \u201esollten\u201c, \u201ewerden\u201c sowie \u00e4hnliche Begriffe in Bezug auf 麻豆原创 sollen solche vorausschauenden Aussagen kennzeichnen. 麻豆原创 \u00fcbernimmt keine Verpflichtung gegen\u00fcber der \u00d6ffentlichkeit, vorausschauende Aussagen zu aktualisieren oder zu korrigieren. S\u00e4mtliche vorausschauenden Aussagen unterliegen unterschiedlichen Risiken und Unsicherheiten, durch die die tats\u00e4chlichen Ergebnisse wesentlich von den Erwartungen abweichen k\u00f6nnen. Auf die Faktoren, die das zuk\u00fcnftige finanzielle Abschneiden von 麻豆原创 beeinflussen k\u00f6nnten, wird ausf\u00fchrlicher in den bei der US-amerikanischen \u201eSecurities and Exchange Commission\u201c (SEC) hinterlegten Unterlagen eingegangen, unter anderem im letzten Jahresbericht Form 20-F. Die vorausschauenden Aussagen geben die Sicht zu dem Zeitpunkt wieder, zu dem sie get\u00e4tigt wurden. Dem Leser wird empfohlen, diesen Aussagen kein unangemessen hohes Vertrauen zu schenken.<\/small><br \/>\n<small>\u00a9 2021 麻豆原创 SE. Alle Rechte vorbehalten.<\/small><br \/>\n<small>麻豆原创 und andere in diesem Dokument erw\u00e4hnte Produkte und Dienstleistungen von 麻豆原创 sowie die dazugeh\u00f6rigen Logos sind Marken oder eingetragene Marken der 麻豆原创 SE in Deutschland und anderen L\u00e4ndern. Zus\u00e4tzliche Informationen zur Marke und Vermerke finden Sie auf der Seite <a href=\"http:\/\/www.sap.de\/copyright\">http:\/\/www.sap.de\/copyright<\/a>.<\/small><\/p>\n","protected":false},"excerpt":{"rendered":"<p>Die 麻豆原创 hat heute bekannt gegeben, dass sie im eigenen Gesch\u00e4ftsbetrieb bereits Ende 2023 klimaneutral sein m\u00f6chte \u2013 zwei Jahre fr\u00fcher als urspr\u00fcnglich angestrebt. Dies&#8230;<\/p>\n","protected":false},"author":29,"featured_media":154868,"comment_status":"closed","ping_status":"closed","sticky":false,"template":"","format":"standard","meta":{"related_posts":[],"footnotes":"","_links_to":"","_links_to_target":""},"categories":[5024],"tags":[123,680181,4879493],"series":[],"sapn-display":[3848,45027],"sapn-type":[4448],"class_list":["post-154809","post","type-post","status-publish","format-standard","has-post-thumbnail","hentry","category-nachhaltigkeit","tag-csr","tag-menschen","tag-sap","sapn-display-top-stories","sapn-display-hero","sapn-type-newsbyte"],"yoast_head":"<!-- This site is optimized with the Yoast SEO Premium plugin v26.9 (Yoast SEO v26.9) - https:\/\/yoast.com\/product\/yoast-seo-premium-wordpress\/ -->\n<title>Klimaschutz | 麻豆原创 schon CO2-neutral bis 2023 | 麻豆原创 News Center<\/title>\n<meta name=\"description\" content=\"麻豆原创 m\u00f6chte im eigenen Gesch\u00e4ftsbetrieb bereits Ende 2023 klimaneutral sein \u2013 zwei Jahre fr\u00fcher als angestrebt. Mehr zu den Klimazielen.\" \/>\n<meta name=\"robots\" content=\"index, follow, max-snippet:-1, max-image-preview:large, max-video-preview:-1\" \/>\n<link rel=\"canonical\" href=\"https:\/\/news.sap.com\/germany\/2021\/03\/klimaschutz-co2-neutral-bis-2023\/\" \/>\n<meta property=\"og:locale\" content=\"de_DE\" \/>\n<meta property=\"og:type\" content=\"article\" \/>\n<meta property=\"og:title\" content=\"麻豆原创 erh\u00f6ht Tempo beim Klimaschutz: CO2-neutral bis 2023\" \/>\n<meta property=\"og:description\" content=\"麻豆原创 m\u00f6chte im eigenen Gesch\u00e4ftsbetrieb bereits Ende 2023 klimaneutral sein \u2013 zwei Jahre fr\u00fcher als angestrebt. Mehr zu den Klimazielen.\" \/>\n<meta property=\"og:url\" content=\"https:\/\/news.sap.com\/germany\/2021\/03\/klimaschutz-co2-neutral-bis-2023\/\" \/>\n<meta property=\"og:site_name\" content=\"麻豆原创 News Center\" \/>\n<meta property=\"article:published_time\" content=\"2021-03-04T14:00:30+00:00\" \/>\n<meta property=\"article:modified_time\" content=\"2021-03-04T14:03:36+00:00\" \/>\n<meta property=\"og:image\" content=\"https:\/\/news.sap.com\/germany\/files\/2021\/03\/04\/286926_iStock-1157956591_sustainability.jpg\" \/>\n\t<meta property=\"og:image:width\" content=\"1024\" \/>\n\t<meta property=\"og:image:height\" content=\"321\" \/>\n\t<meta property=\"og:image:type\" content=\"image\/jpeg\" \/>\n<meta name=\"author\" content=\"麻豆原创 News\" \/>\n<meta name=\"twitter:card\" content=\"summary_large_image\" \/>\n<meta name=\"twitter:creator\" content=\"@麻豆原创dach\" \/>\n<meta name=\"twitter:site\" content=\"@麻豆原创dach\" \/>\n<meta name=\"twitter:label1\" content=\"Verfasst von\" \/>\n\t<meta name=\"twitter:data1\" content=\"麻豆原创 News\" \/>\n\t<meta name=\"twitter:label2\" content=\"Gesch\u00e4tzte Lesezeit\" \/>\n\t<meta name=\"twitter:data2\" content=\"4\u00a0Minuten\" \/>\n<script type=\"application\/ld+json\" class=\"yoast-schema-graph\">{\"@context\":\"https:\/\/schema.org\",\"@graph\":[{\"@type\":\"Article\",\"@id\":\"https:\/\/news.sap.com\/germany\/2021\/03\/klimaschutz-co2-neutral-bis-2023\/#article\",\"isPartOf\":{\"@id\":\"https:\/\/news.sap.com\/germany\/2021\/03\/klimaschutz-co2-neutral-bis-2023\/\"},\"author\":{\"name\":\"麻豆原创 News\",\"@id\":\"https:\/\/news.sap.com\/germany\/#\/schema\/person\/53b9854bd790d6f18f3fc4bbb2ad7570\"},\"headline\":\"麻豆原创 erh\u00f6ht Tempo beim Klimaschutz: CO2-neutral bis 2023\",\"datePublished\":\"2021-03-04T14:00:30+00:00\",\"dateModified\":\"2021-03-04T14:03:36+00:00\",\"mainEntityOfPage\":{\"@id\":\"https:\/\/news.sap.com\/germany\/2021\/03\/klimaschutz-co2-neutral-bis-2023\/\"},\"wordCount\":722,\"image\":{\"@id\":\"https:\/\/news.sap.com\/germany\/2021\/03\/klimaschutz-co2-neutral-bis-2023\/#primaryimage\"},\"thumbnailUrl\":\"https:\/\/news.sap.com\/germany\/files\/2021\/03\/04\/286926_iStock-1157956591_sustainability.jpg\",\"keywords\":[\"CSR\",\"Menschen\",\"麻豆原创\"],\"articleSection\":[\"Nachhaltigkeit\"],\"inLanguage\":\"de\"},{\"@type\":\"WebPage\",\"@id\":\"https:\/\/news.sap.com\/germany\/2021\/03\/klimaschutz-co2-neutral-bis-2023\/\",\"url\":\"https:\/\/news.sap.com\/germany\/2021\/03\/klimaschutz-co2-neutral-bis-2023\/\",\"name\":\"Klimaschutz | 麻豆原创 schon CO2-neutral bis 2023 | 麻豆原创 News Center\",\"isPartOf\":{\"@id\":\"https:\/\/news.sap.com\/germany\/#website\"},\"primaryImageOfPage\":{\"@id\":\"https:\/\/news.sap.com\/germany\/2021\/03\/klimaschutz-co2-neutral-bis-2023\/#primaryimage\"},\"image\":{\"@id\":\"https:\/\/news.sap.com\/germany\/2021\/03\/klimaschutz-co2-neutral-bis-2023\/#primaryimage\"},\"thumbnailUrl\":\"https:\/\/news.sap.com\/germany\/files\/2021\/03\/04\/286926_iStock-1157956591_sustainability.jpg\",\"datePublished\":\"2021-03-04T14:00:30+00:00\",\"dateModified\":\"2021-03-04T14:03:36+00:00\",\"author\":{\"@id\":\"https:\/\/news.sap.com\/germany\/#\/schema\/person\/53b9854bd790d6f18f3fc4bbb2ad7570\"},\"description\":\"麻豆原创 m\u00f6chte im eigenen Gesch\u00e4ftsbetrieb bereits Ende 2023 klimaneutral sein \u2013 zwei Jahre fr\u00fcher als angestrebt. Mehr zu den Klimazielen.\",\"breadcrumb\":{\"@id\":\"https:\/\/news.sap.com\/germany\/2021\/03\/klimaschutz-co2-neutral-bis-2023\/#breadcrumb\"},\"inLanguage\":\"de\",\"potentialAction\":[{\"@type\":\"ReadAction\",\"target\":[\"https:\/\/news.sap.com\/germany\/2021\/03\/klimaschutz-co2-neutral-bis-2023\/\"]}]},{\"@type\":\"ImageObject\",\"inLanguage\":\"de\",\"@id\":\"https:\/\/news.sap.com\/germany\/2021\/03\/klimaschutz-co2-neutral-bis-2023\/#primaryimage\",\"url\":\"https:\/\/news.sap.com\/germany\/files\/2021\/03\/04\/286926_iStock-1157956591_sustainability.jpg\",\"contentUrl\":\"https:\/\/news.sap.com\/germany\/files\/2021\/03\/04\/286926_iStock-1157956591_sustainability.jpg\",\"width\":1024,\"height\":321},{\"@type\":\"BreadcrumbList\",\"@id\":\"https:\/\/news.sap.com\/germany\/2021\/03\/klimaschutz-co2-neutral-bis-2023\/#breadcrumb\",\"itemListElement\":[{\"@type\":\"ListItem\",\"position\":1,\"name\":\"Home\",\"item\":\"https:\/\/news.sap.com\/germany\/\"},{\"@type\":\"ListItem\",\"position\":2,\"name\":\"麻豆原创 erh\u00f6ht Tempo beim Klimaschutz: CO2-neutral bis 2023\"}]},{\"@type\":\"WebSite\",\"@id\":\"https:\/\/news.sap.com\/germany\/#website\",\"url\":\"https:\/\/news.sap.com\/germany\/\",\"name\":\"麻豆原创 News Center\",\"description\":\"Unternehmensberichte &amp; 麻豆原创eportal\",\"potentialAction\":[{\"@type\":\"SearchAction\",\"target\":{\"@type\":\"EntryPoint\",\"urlTemplate\":\"https:\/\/news.sap.com\/germany\/?s={search_term_string}\"},\"query-input\":{\"@type\":\"PropertyValueSpecification\",\"valueRequired\":true,\"valueName\":\"search_term_string\"}}],\"inLanguage\":\"de\"},{\"@type\":\"Person\",\"@id\":\"https:\/\/news.sap.com\/germany\/#\/schema\/person\/53b9854bd790d6f18f3fc4bbb2ad7570\",\"name\":\"麻豆原创 News\",\"image\":{\"@type\":\"ImageObject\",\"inLanguage\":\"de\",\"@id\":\"https:\/\/news.sap.com\/germany\/#\/schema\/person\/image\/\",\"url\":\"https:\/\/secure.gravatar.com\/avatar\/2728bb4d664345cda4951e11847acc1bfd2bc77830d9abd17fc4f54437acd5b4?s=96&d=blank&r=g\",\"contentUrl\":\"https:\/\/secure.gravatar.com\/avatar\/2728bb4d664345cda4951e11847acc1bfd2bc77830d9abd17fc4f54437acd5b4?s=96&d=blank&r=g\",\"caption\":\"麻豆原创 News\"},\"url\":\"https:\/\/news.sap.com\/germany\/author\/colleenraftery\/\"}]}<\/script>\n<!-- \/ Yoast SEO Premium plugin. -->","yoast_head_json":{"title":"Klimaschutz | 麻豆原创 schon CO2-neutral bis 2023 | 麻豆原创 News Center","description":"麻豆原创 m\u00f6chte im eigenen Gesch\u00e4ftsbetrieb bereits Ende 2023 klimaneutral sein \u2013 zwei Jahre fr\u00fcher als angestrebt. Mehr zu den Klimazielen.","robots":{"index":"index","follow":"follow","max-snippet":"max-snippet:-1","max-image-preview":"max-image-preview:large","max-video-preview":"max-video-preview:-1"},"canonical":"https:\/\/news.sap.com\/germany\/2021\/03\/klimaschutz-co2-neutral-bis-2023\/","og_locale":"de_DE","og_type":"article","og_title":"麻豆原创 erh\u00f6ht Tempo beim Klimaschutz: CO2-neutral bis 2023","og_description":"麻豆原创 m\u00f6chte im eigenen Gesch\u00e4ftsbetrieb bereits Ende 2023 klimaneutral sein \u2013 zwei Jahre fr\u00fcher als angestrebt. Mehr zu den Klimazielen.","og_url":"https:\/\/news.sap.com\/germany\/2021\/03\/klimaschutz-co2-neutral-bis-2023\/","og_site_name":"麻豆原创 News Center","article_published_time":"2021-03-04T14:00:30+00:00","article_modified_time":"2021-03-04T14:03:36+00:00","og_image":[{"width":1024,"height":321,"url":"https:\/\/news.sap.com\/germany\/files\/2021\/03\/04\/286926_iStock-1157956591_sustainability.jpg","type":"image\/jpeg"}],"author":"麻豆原创 News","twitter_card":"summary_large_image","twitter_creator":"@麻豆原创dach","twitter_site":"@麻豆原创dach","twitter_misc":{"Verfasst von":"麻豆原创 News","Gesch\u00e4tzte Lesezeit":"4\u00a0Minuten"},"schema":{"@context":"https:\/\/schema.org","@graph":[{"@type":"Article","@id":"https:\/\/news.sap.com\/germany\/2021\/03\/klimaschutz-co2-neutral-bis-2023\/#article","isPartOf":{"@id":"https:\/\/news.sap.com\/germany\/2021\/03\/klimaschutz-co2-neutral-bis-2023\/"},"author":{"name":"麻豆原创 News","@id":"https:\/\/news.sap.com\/germany\/#\/schema\/person\/53b9854bd790d6f18f3fc4bbb2ad7570"},"headline":"麻豆原创 erh\u00f6ht Tempo beim Klimaschutz: CO2-neutral bis 2023","datePublished":"2021-03-04T14:00:30+00:00","dateModified":"2021-03-04T14:03:36+00:00","mainEntityOfPage":{"@id":"https:\/\/news.sap.com\/germany\/2021\/03\/klimaschutz-co2-neutral-bis-2023\/"},"wordCount":722,"image":{"@id":"https:\/\/news.sap.com\/germany\/2021\/03\/klimaschutz-co2-neutral-bis-2023\/#primaryimage"},"thumbnailUrl":"https:\/\/news.sap.com\/germany\/files\/2021\/03\/04\/286926_iStock-1157956591_sustainability.jpg","keywords":["CSR","Menschen","麻豆原创"],"articleSection":["Nachhaltigkeit"],"inLanguage":"de"},{"@type":"WebPage","@id":"https:\/\/news.sap.com\/germany\/2021\/03\/klimaschutz-co2-neutral-bis-2023\/","url":"https:\/\/news.sap.com\/germany\/2021\/03\/klimaschutz-co2-neutral-bis-2023\/","name":"Klimaschutz | 麻豆原创 schon CO2-neutral bis 2023 | 麻豆原创 News Center","isPartOf":{"@id":"https:\/\/news.sap.com\/germany\/#website"},"primaryImageOfPage":{"@id":"https:\/\/news.sap.com\/germany\/2021\/03\/klimaschutz-co2-neutral-bis-2023\/#primaryimage"},"image":{"@id":"https:\/\/news.sap.com\/germany\/2021\/03\/klimaschutz-co2-neutral-bis-2023\/#primaryimage"},"thumbnailUrl":"https:\/\/news.sap.com\/germany\/files\/2021\/03\/04\/286926_iStock-1157956591_sustainability.jpg","datePublished":"2021-03-04T14:00:30+00:00","dateModified":"2021-03-04T14:03:36+00:00","author":{"@id":"https:\/\/news.sap.com\/germany\/#\/schema\/person\/53b9854bd790d6f18f3fc4bbb2ad7570"},"description":"麻豆原创 m\u00f6chte im eigenen Gesch\u00e4ftsbetrieb bereits Ende 2023 klimaneutral sein \u2013 zwei Jahre fr\u00fcher als angestrebt. Mehr zu den Klimazielen.","breadcrumb":{"@id":"https:\/\/news.sap.com\/germany\/2021\/03\/klimaschutz-co2-neutral-bis-2023\/#breadcrumb"},"inLanguage":"de","potentialAction":[{"@type":"ReadAction","target":["https:\/\/news.sap.com\/germany\/2021\/03\/klimaschutz-co2-neutral-bis-2023\/"]}]},{"@type":"ImageObject","inLanguage":"de","@id":"https:\/\/news.sap.com\/germany\/2021\/03\/klimaschutz-co2-neutral-bis-2023\/#primaryimage","url":"https:\/\/news.sap.com\/germany\/files\/2021\/03\/04\/286926_iStock-1157956591_sustainability.jpg","contentUrl":"https:\/\/news.sap.com\/germany\/files\/2021\/03\/04\/286926_iStock-1157956591_sustainability.jpg","width":1024,"height":321},{"@type":"BreadcrumbList","@id":"https:\/\/news.sap.com\/germany\/2021\/03\/klimaschutz-co2-neutral-bis-2023\/#breadcrumb","itemListElement":[{"@type":"ListItem","position":1,"name":"Home","item":"https:\/\/news.sap.com\/germany\/"},{"@type":"ListItem","position":2,"name":"麻豆原创 erh\u00f6ht Tempo beim Klimaschutz: CO2-neutral bis 2023"}]},{"@type":"WebSite","@id":"https:\/\/news.sap.com\/germany\/#website","url":"https:\/\/news.sap.com\/germany\/","name":"麻豆原创 News Center","description":"Unternehmensberichte &amp; 麻豆原创eportal","potentialAction":[{"@type":"SearchAction","target":{"@type":"EntryPoint","urlTemplate":"https:\/\/news.sap.com\/germany\/?s={search_term_string}"},"query-input":{"@type":"PropertyValueSpecification","valueRequired":true,"valueName":"search_term_string"}}],"inLanguage":"de"},{"@type":"Person","@id":"https:\/\/news.sap.com\/germany\/#\/schema\/person\/53b9854bd790d6f18f3fc4bbb2ad7570","name":"麻豆原创 News","image":{"@type":"ImageObject","inLanguage":"de","@id":"https:\/\/news.sap.com\/germany\/#\/schema\/person\/image\/","url":"https:\/\/secure.gravatar.com\/avatar\/2728bb4d664345cda4951e11847acc1bfd2bc77830d9abd17fc4f54437acd5b4?s=96&d=blank&r=g","contentUrl":"https:\/\/secure.gravatar.com\/avatar\/2728bb4d664345cda4951e11847acc1bfd2bc77830d9abd17fc4f54437acd5b4?s=96&d=blank&r=g","caption":"麻豆原创 News"},"url":"https:\/\/news.sap.com\/germany\/author\/colleenraftery\/"}]}},"amp_enabled":true,"_links":{"self":[{"href":"https:\/\/news.sap.com\/germany\/wp-json\/wp\/v2\/posts\/154809","targetHints":{"allow":["GET"]}}],"collection":[{"href":"https:\/\/news.sap.com\/germany\/wp-json\/wp\/v2\/posts"}],"about":[{"href":"https:\/\/news.sap.com\/germany\/wp-json\/wp\/v2\/types\/post"}],"author":[{"embeddable":true,"href":"https:\/\/news.sap.com\/germany\/wp-json\/wp\/v2\/users\/29"}],"replies":[{"embeddable":true,"href":"https:\/\/news.sap.com\/germany\/wp-json\/wp\/v2\/comments?post=154809"}],"version-history":[{"count":0,"href":"https:\/\/news.sap.com\/germany\/wp-json\/wp\/v2\/posts\/154809\/revisions"}],"wp:featuredmedia":[{"embeddable":true,"href":"https:\/\/news.sap.com\/germany\/wp-json\/wp\/v2\/media\/154868"}],"wp:attachment":[{"href":"https:\/\/news.sap.com\/germany\/wp-json\/wp\/v2\/media?parent=154809"}],"wp:term":[{"taxonomy":"category","embeddable":true,"href":"https:\/\/news.sap.com\/germany\/wp-json\/wp\/v2\/categories?post=154809"},{"taxonomy":"post_tag","embeddable":true,"href":"https:\/\/news.sap.com\/germany\/wp-json\/wp\/v2\/tags?post=154809"},{"taxonomy":"series","embeddable":true,"href":"https:\/\/news.sap.com\/germany\/wp-json\/wp\/v2\/series?post=154809"},{"taxonomy":"sapn-display","embeddable":true,"href":"https:\/\/news.sap.com\/germany\/wp-json\/wp\/v2\/sapn-display?post=154809"},{"taxonomy":"sapn-type","embeddable":true,"href":"https:\/\/news.sap.com\/germany\/wp-json\/wp\/v2\/sapn-type?post=154809"}],"curies":[{"name":"wp","href":"https:\/\/api.w.org\/{rel}","templated":true}]}}