  {"id":152920,"date":"2020-11-10T09:00:10","date_gmt":"2020-11-10T08:00:10","guid":{"rendered":"https:\/\/news.sap.com\/germany\/?p=152920"},"modified":"2023-05-11T15:23:13","modified_gmt":"2023-05-11T13:23:13","slug":"podcast-handel-branche-covid19-it","status":"publish","type":"post","link":"https:\/\/news.sap.com\/germany\/2020\/11\/podcast-handel-branche-covid19-it\/","title":{"rendered":"Podcast: Eine Branche macht sich bereit f\u00fcr die Zukunft: Der Handel im Coronajahr 2020"},"content":{"rendered":"<p class=\"lead\">F\u00fcr die einen hie\u00df es: Lockdown. F\u00fcr die anderen: Systemrelevant. W\u00e4hrend im Lebensmittelhandel und in den Drogeriem\u00e4rkten der Run aufs Toilettenpapier f\u00fcr Durcheinander sorgte, waren bei anderen Handelsbranchen die T\u00fcren f\u00fcr Wochen geschlossen. Wohl dem, der mit einem soliden Online-Gesch\u00e4ft vorgesorgt hatte. In unserem Podcast werfen wir einen Blick auf IT-Herausforderungen und -Reaktionen im Handel in der Krise und auf neue Wege zur Innovation in einem Wirtschaftszweig mit Tradition.<\/p>\n<p>Gast heute: Prof. Dr. Reinhard Sch\u00fctte vom Lehrstuhl f\u00fcr Wirtschaftsinformatik und integrierte Informationssysteme an der Universit\u00e4t Duisburg-Essen. Vor seiner Zeit in der Lehre war er f\u00fcr mehr als ein Jahrzehnt lang in mittelst\u00e4ndischen und gro\u00dfen Handelsunternehmen auch fu\u0308r die IT verantwortlich und hat in unterschiedlichen Rollen 麻豆原创-Einf\u00fchrungsprojekte betreut, so auch im Vorstand von EDEKA.<\/p>\n<h2><strong>Neue Technologien im Handel: Welche Rolle spielen k\u00fcnftig KI und IoT?<\/strong><\/h2>\n<p>Im Gespr\u00e4ch mit Claus Kruesken teilt Prof. Dr. Sch\u00fctte seine Einsichten in die unterschiedlichen Handelsbranchen und zeigt auf, wie durch die Corona-Krise die IT in Handelsunternehmen eine gro\u00dfe Aufwertung erfahren hat \u2013 so wie die ganze Branche selbst in den Augen der B\u00fcrger. Im Handel ist man wieder \u201estolz auf sich\u201c.<br \/>\nAber gibt es auch neue Ideen f\u00fcr die Zukunft? Ist Platz f\u00fcr neue Technologien wie Machine Learning, Internet of Things und K\u00fcnstliche Intelligenz? Prof. Dr. Sch\u00fctte hat sich im Handel umgeh\u00f6rt und von spannenden Projekten erfahren, die in neue Richtungen weisen \u2013 bis hin zur Kombination von Tierfutterhandel und Datingservice.<\/p>\n<div class=\"entry-content\">\n<div class=\"panel\">\n<p style=\"text-align: center\"><strong>H\u00f6ren Sie rein in den neuen\u00a0<a href=\"https:\/\/news.sap.com\/germany\/?p=153014\" target=\"_blank\" rel=\"noopener noreferrer\">麻豆原创 News Podcast!<\/a><\/strong><\/p>\n<\/div>\n<\/div>\n","protected":false},"excerpt":{"rendered":"<p>F\u00fcr die einen hie\u00df es: Lockdown. F\u00fcr die anderen: Systemrelevant. W\u00e4hrend im Lebensmittelhandel und in den Drogeriem\u00e4rkten der Run aufs Toilettenpapier f\u00fcr Durcheinander sorgte, waren&#8230;<\/p>\n","protected":false},"author":29,"featured_media":0,"comment_status":"closed","ping_status":"closed","sticky":false,"template":"","format":"standard","meta":{"related_posts":[],"footnotes":"","_links_to":"","_links_to_target":""},"categories":[45271],"tags":[5624430,22140,26989,5630512,92],"series":[],"sapn-display":[3848,45027],"sapn-type":[45277],"class_list":["post-152920","post","type-post","status-publish","format-standard","hentry","category-branchen","tag-covid-19","tag-e-commerce","tag-it","tag-konsumgueterindustrie","tag-retail","sapn-display-top-stories","sapn-display-hero","sapn-type-feature"],"yoast_head":"<!-- This site is optimized with the Yoast SEO Premium plugin v26.9 (Yoast SEO v26.9) - https:\/\/yoast.com\/product\/yoast-seo-premium-wordpress\/ -->\n<title>Podcast: Die IT im Handel trotz COVID-19 im Aufwind | 麻豆原创 News Center<\/title>\n<meta name=\"description\" content=\"Die IT der Handelsbranche geht gest\u00e4rkt aus der Pandemie hervor. Ein spannendes Gespr\u00e4ch mit Prof. Dr. Reinhard Sch\u00fctte. H\u00f6ren Sie rein!\" \/>\n<meta name=\"robots\" content=\"index, follow, max-snippet:-1, max-image-preview:large, max-video-preview:-1\" \/>\n<link rel=\"canonical\" href=\"https:\/\/news.sap.com\/germany\/2020\/11\/podcast-handel-branche-covid19-it\/\" \/>\n<meta property=\"og:locale\" content=\"de_DE\" \/>\n<meta property=\"og:type\" content=\"article\" \/>\n<meta property=\"og:title\" content=\"Podcast: Eine Branche macht sich bereit f\u00fcr die Zukunft: Der Handel im Coronajahr 2020\" \/>\n<meta property=\"og:description\" content=\"Die IT der Handelsbranche geht gest\u00e4rkt aus der Pandemie hervor. Ein spannendes Gespr\u00e4ch mit Prof. Dr. Reinhard Sch\u00fctte. H\u00f6ren Sie rein!\" \/>\n<meta property=\"og:url\" content=\"https:\/\/news.sap.com\/germany\/2020\/11\/podcast-handel-branche-covid19-it\/\" \/>\n<meta property=\"og:site_name\" content=\"麻豆原创 News Center\" \/>\n<meta property=\"article:published_time\" content=\"2020-11-10T08:00:10+00:00\" \/>\n<meta property=\"article:modified_time\" content=\"2023-05-11T13:23:13+00:00\" \/>\n<meta property=\"og:image\" content=\"https:\/\/news.sap.com\/germany\/files\/2019\/10\/2shutterstock_1098006998.jpg\" \/>\n\t<meta property=\"og:image:width\" content=\"1920\" \/>\n\t<meta property=\"og:image:height\" content=\"600\" \/>\n\t<meta property=\"og:image:type\" content=\"image\/jpeg\" \/>\n<meta name=\"author\" content=\"麻豆原创 News\" \/>\n<meta name=\"twitter:card\" content=\"summary_large_image\" \/>\n<meta name=\"twitter:creator\" content=\"@麻豆原创dach\" \/>\n<meta name=\"twitter:site\" content=\"@麻豆原创dach\" \/>\n<meta name=\"twitter:label1\" content=\"Verfasst von\" \/>\n\t<meta name=\"twitter:data1\" content=\"麻豆原创 News\" \/>\n\t<meta name=\"twitter:label2\" content=\"Gesch\u00e4tzte Lesezeit\" \/>\n\t<meta name=\"twitter:data2\" content=\"2\u00a0Minuten\" \/>\n<script type=\"application\/ld+json\" class=\"yoast-schema-graph\">{\"@context\":\"https:\/\/schema.org\",\"@graph\":[{\"@type\":\"Article\",\"@id\":\"https:\/\/news.sap.com\/germany\/2020\/11\/podcast-handel-branche-covid19-it\/#article\",\"isPartOf\":{\"@id\":\"https:\/\/news.sap.com\/germany\/2020\/11\/podcast-handel-branche-covid19-it\/\"},\"author\":{\"name\":\"麻豆原创 News\",\"@id\":\"https:\/\/news.sap.com\/germany\/#\/schema\/person\/53b9854bd790d6f18f3fc4bbb2ad7570\"},\"headline\":\"Podcast: Eine Branche macht sich bereit f\u00fcr die Zukunft: Der Handel im Coronajahr 2020\",\"datePublished\":\"2020-11-10T08:00:10+00:00\",\"dateModified\":\"2023-05-11T13:23:13+00:00\",\"mainEntityOfPage\":{\"@id\":\"https:\/\/news.sap.com\/germany\/2020\/11\/podcast-handel-branche-covid19-it\/\"},\"wordCount\":283,\"keywords\":[\"COVID-19\",\"E-commerce\",\"IT\",\"Konsumg\u00fcterindustrie\",\"Retail\"],\"articleSection\":[\"Branchen\"],\"inLanguage\":\"de\"},{\"@type\":\"WebPage\",\"@id\":\"https:\/\/news.sap.com\/germany\/2020\/11\/podcast-handel-branche-covid19-it\/\",\"url\":\"https:\/\/news.sap.com\/germany\/2020\/11\/podcast-handel-branche-covid19-it\/\",\"name\":\"Podcast: Die IT im Handel trotz COVID-19 im Aufwind | 麻豆原创 News Center\",\"isPartOf\":{\"@id\":\"https:\/\/news.sap.com\/germany\/#website\"},\"datePublished\":\"2020-11-10T08:00:10+00:00\",\"dateModified\":\"2023-05-11T13:23:13+00:00\",\"author\":{\"@id\":\"https:\/\/news.sap.com\/germany\/#\/schema\/person\/53b9854bd790d6f18f3fc4bbb2ad7570\"},\"description\":\"Die IT der Handelsbranche geht gest\u00e4rkt aus der Pandemie hervor. Ein spannendes Gespr\u00e4ch mit Prof. Dr. Reinhard Sch\u00fctte. H\u00f6ren Sie rein!\",\"breadcrumb\":{\"@id\":\"https:\/\/news.sap.com\/germany\/2020\/11\/podcast-handel-branche-covid19-it\/#breadcrumb\"},\"inLanguage\":\"de\",\"potentialAction\":[{\"@type\":\"ReadAction\",\"target\":[\"https:\/\/news.sap.com\/germany\/2020\/11\/podcast-handel-branche-covid19-it\/\"]}]},{\"@type\":\"BreadcrumbList\",\"@id\":\"https:\/\/news.sap.com\/germany\/2020\/11\/podcast-handel-branche-covid19-it\/#breadcrumb\",\"itemListElement\":[{\"@type\":\"ListItem\",\"position\":1,\"name\":\"Home\",\"item\":\"https:\/\/news.sap.com\/germany\/\"},{\"@type\":\"ListItem\",\"position\":2,\"name\":\"Podcast: Eine Branche macht sich bereit f\u00fcr die Zukunft: Der Handel im Coronajahr 2020\"}]},{\"@type\":\"WebSite\",\"@id\":\"https:\/\/news.sap.com\/germany\/#website\",\"url\":\"https:\/\/news.sap.com\/germany\/\",\"name\":\"麻豆原创 News Center\",\"description\":\"Unternehmensberichte &amp; 麻豆原创eportal\",\"potentialAction\":[{\"@type\":\"SearchAction\",\"target\":{\"@type\":\"EntryPoint\",\"urlTemplate\":\"https:\/\/news.sap.com\/germany\/?s={search_term_string}\"},\"query-input\":{\"@type\":\"PropertyValueSpecification\",\"valueRequired\":true,\"valueName\":\"search_term_string\"}}],\"inLanguage\":\"de\"},{\"@type\":\"Person\",\"@id\":\"https:\/\/news.sap.com\/germany\/#\/schema\/person\/53b9854bd790d6f18f3fc4bbb2ad7570\",\"name\":\"麻豆原创 News\",\"image\":{\"@type\":\"ImageObject\",\"inLanguage\":\"de\",\"@id\":\"https:\/\/news.sap.com\/germany\/#\/schema\/person\/image\/\",\"url\":\"https:\/\/secure.gravatar.com\/avatar\/2728bb4d664345cda4951e11847acc1bfd2bc77830d9abd17fc4f54437acd5b4?s=96&d=blank&r=g\",\"contentUrl\":\"https:\/\/secure.gravatar.com\/avatar\/2728bb4d664345cda4951e11847acc1bfd2bc77830d9abd17fc4f54437acd5b4?s=96&d=blank&r=g\",\"caption\":\"麻豆原创 News\"},\"url\":\"https:\/\/news.sap.com\/germany\/author\/colleenraftery\/\"}]}<\/script>\n<!-- \/ Yoast SEO Premium plugin. -->","yoast_head_json":{"title":"Podcast: Die IT im Handel trotz COVID-19 im Aufwind | 麻豆原创 News Center","description":"Die IT der Handelsbranche geht gest\u00e4rkt aus der Pandemie hervor. Ein spannendes Gespr\u00e4ch mit Prof. Dr. Reinhard Sch\u00fctte. H\u00f6ren Sie rein!","robots":{"index":"index","follow":"follow","max-snippet":"max-snippet:-1","max-image-preview":"max-image-preview:large","max-video-preview":"max-video-preview:-1"},"canonical":"https:\/\/news.sap.com\/germany\/2020\/11\/podcast-handel-branche-covid19-it\/","og_locale":"de_DE","og_type":"article","og_title":"Podcast: Eine Branche macht sich bereit f\u00fcr die Zukunft: Der Handel im Coronajahr 2020","og_description":"Die IT der Handelsbranche geht gest\u00e4rkt aus der Pandemie hervor. Ein spannendes Gespr\u00e4ch mit Prof. Dr. Reinhard Sch\u00fctte. H\u00f6ren Sie rein!","og_url":"https:\/\/news.sap.com\/germany\/2020\/11\/podcast-handel-branche-covid19-it\/","og_site_name":"麻豆原创 News Center","article_published_time":"2020-11-10T08:00:10+00:00","article_modified_time":"2023-05-11T13:23:13+00:00","og_image":[{"width":1920,"height":600,"url":"https:\/\/news.sap.com\/germany\/files\/2019\/10\/2shutterstock_1098006998.jpg","type":"image\/jpeg"}],"author":"麻豆原创 News","twitter_card":"summary_large_image","twitter_creator":"@麻豆原创dach","twitter_site":"@麻豆原创dach","twitter_misc":{"Verfasst von":"麻豆原创 News","Gesch\u00e4tzte Lesezeit":"2\u00a0Minuten"},"schema":{"@context":"https:\/\/schema.org","@graph":[{"@type":"Article","@id":"https:\/\/news.sap.com\/germany\/2020\/11\/podcast-handel-branche-covid19-it\/#article","isPartOf":{"@id":"https:\/\/news.sap.com\/germany\/2020\/11\/podcast-handel-branche-covid19-it\/"},"author":{"name":"麻豆原创 News","@id":"https:\/\/news.sap.com\/germany\/#\/schema\/person\/53b9854bd790d6f18f3fc4bbb2ad7570"},"headline":"Podcast: Eine Branche macht sich bereit f\u00fcr die Zukunft: Der Handel im Coronajahr 2020","datePublished":"2020-11-10T08:00:10+00:00","dateModified":"2023-05-11T13:23:13+00:00","mainEntityOfPage":{"@id":"https:\/\/news.sap.com\/germany\/2020\/11\/podcast-handel-branche-covid19-it\/"},"wordCount":283,"keywords":["COVID-19","E-commerce","IT","Konsumg\u00fcterindustrie","Retail"],"articleSection":["Branchen"],"inLanguage":"de"},{"@type":"WebPage","@id":"https:\/\/news.sap.com\/germany\/2020\/11\/podcast-handel-branche-covid19-it\/","url":"https:\/\/news.sap.com\/germany\/2020\/11\/podcast-handel-branche-covid19-it\/","name":"Podcast: Die IT im Handel trotz COVID-19 im Aufwind | 麻豆原创 News Center","isPartOf":{"@id":"https:\/\/news.sap.com\/germany\/#website"},"datePublished":"2020-11-10T08:00:10+00:00","dateModified":"2023-05-11T13:23:13+00:00","author":{"@id":"https:\/\/news.sap.com\/germany\/#\/schema\/person\/53b9854bd790d6f18f3fc4bbb2ad7570"},"description":"Die IT der Handelsbranche geht gest\u00e4rkt aus der Pandemie hervor. Ein spannendes Gespr\u00e4ch mit Prof. Dr. Reinhard Sch\u00fctte. H\u00f6ren Sie rein!","breadcrumb":{"@id":"https:\/\/news.sap.com\/germany\/2020\/11\/podcast-handel-branche-covid19-it\/#breadcrumb"},"inLanguage":"de","potentialAction":[{"@type":"ReadAction","target":["https:\/\/news.sap.com\/germany\/2020\/11\/podcast-handel-branche-covid19-it\/"]}]},{"@type":"BreadcrumbList","@id":"https:\/\/news.sap.com\/germany\/2020\/11\/podcast-handel-branche-covid19-it\/#breadcrumb","itemListElement":[{"@type":"ListItem","position":1,"name":"Home","item":"https:\/\/news.sap.com\/germany\/"},{"@type":"ListItem","position":2,"name":"Podcast: Eine Branche macht sich bereit f\u00fcr die Zukunft: Der Handel im Coronajahr 2020"}]},{"@type":"WebSite","@id":"https:\/\/news.sap.com\/germany\/#website","url":"https:\/\/news.sap.com\/germany\/","name":"麻豆原创 News Center","description":"Unternehmensberichte &amp; 麻豆原创eportal","potentialAction":[{"@type":"SearchAction","target":{"@type":"EntryPoint","urlTemplate":"https:\/\/news.sap.com\/germany\/?s={search_term_string}"},"query-input":{"@type":"PropertyValueSpecification","valueRequired":true,"valueName":"search_term_string"}}],"inLanguage":"de"},{"@type":"Person","@id":"https:\/\/news.sap.com\/germany\/#\/schema\/person\/53b9854bd790d6f18f3fc4bbb2ad7570","name":"麻豆原创 News","image":{"@type":"ImageObject","inLanguage":"de","@id":"https:\/\/news.sap.com\/germany\/#\/schema\/person\/image\/","url":"https:\/\/secure.gravatar.com\/avatar\/2728bb4d664345cda4951e11847acc1bfd2bc77830d9abd17fc4f54437acd5b4?s=96&d=blank&r=g","contentUrl":"https:\/\/secure.gravatar.com\/avatar\/2728bb4d664345cda4951e11847acc1bfd2bc77830d9abd17fc4f54437acd5b4?s=96&d=blank&r=g","caption":"麻豆原创 News"},"url":"https:\/\/news.sap.com\/germany\/author\/colleenraftery\/"}]}},"amp_enabled":true,"_links":{"self":[{"href":"https:\/\/news.sap.com\/germany\/wp-json\/wp\/v2\/posts\/152920","targetHints":{"allow":["GET"]}}],"collection":[{"href":"https:\/\/news.sap.com\/germany\/wp-json\/wp\/v2\/posts"}],"about":[{"href":"https:\/\/news.sap.com\/germany\/wp-json\/wp\/v2\/types\/post"}],"author":[{"embeddable":true,"href":"https:\/\/news.sap.com\/germany\/wp-json\/wp\/v2\/users\/29"}],"replies":[{"embeddable":true,"href":"https:\/\/news.sap.com\/germany\/wp-json\/wp\/v2\/comments?post=152920"}],"version-history":[{"count":0,"href":"https:\/\/news.sap.com\/germany\/wp-json\/wp\/v2\/posts\/152920\/revisions"}],"wp:attachment":[{"href":"https:\/\/news.sap.com\/germany\/wp-json\/wp\/v2\/media?parent=152920"}],"wp:term":[{"taxonomy":"category","embeddable":true,"href":"https:\/\/news.sap.com\/germany\/wp-json\/wp\/v2\/categories?post=152920"},{"taxonomy":"post_tag","embeddable":true,"href":"https:\/\/news.sap.com\/germany\/wp-json\/wp\/v2\/tags?post=152920"},{"taxonomy":"series","embeddable":true,"href":"https:\/\/news.sap.com\/germany\/wp-json\/wp\/v2\/series?post=152920"},{"taxonomy":"sapn-display","embeddable":true,"href":"https:\/\/news.sap.com\/germany\/wp-json\/wp\/v2\/sapn-display?post=152920"},{"taxonomy":"sapn-type","embeddable":true,"href":"https:\/\/news.sap.com\/germany\/wp-json\/wp\/v2\/sapn-type?post=152920"}],"curies":[{"name":"wp","href":"https:\/\/api.w.org\/{rel}","templated":true}]}}