  {"id":152006,"date":"2020-10-07T08:00:15","date_gmt":"2020-10-07T06:00:15","guid":{"rendered":"https:\/\/news.sap.com\/germany\/?p=152006"},"modified":"2020-09-29T14:47:56","modified_gmt":"2020-09-29T12:47:56","slug":"inklusion-diversitaet-sprache-softwarebranche","status":"publish","type":"post","link":"https:\/\/news.sap.com\/germany\/2020\/10\/inklusion-diversitaet-sprache-softwarebranche\/","title":{"rendered":"Mehr Inklusion f\u00e4ngt mit der Sprache an \u2013 auch in der Softwarebranche"},"content":{"rendered":"<p class=\"lead\">In der Softwarebranche haben wir jahrelang sorglos Begriffe wie \u201eMaster und Slave\u201c oder \u201eWhitelist und Blacklist\u201c verwendet, um Prozesse zu definieren und Daten zu klassifizieren. Manche werden sagen, dass diese Ausdr\u00fccke keine Bedeutung haben, da sie keine Menschen beschreiben und daher keine rassistischen Beweggr\u00fcnde vorliegen.<\/p>\n<p>Doch <a href=\"https:\/\/www.linguisticsociety.org\/content\/does-language-i-speak-influence-way-i-think\" target=\"_blank\" rel=\"noopener noreferrer\">Sprache<\/a> hat enorme Auswirkungen auf Werte und kulturelle Normen. Sprache ist ein Ausdruck von Kultur und untermauert diese. Durch Sprache entwickeln wir <a href=\"https:\/\/blog.pimsleur.com\/2020\/01\/02\/how-language-shapes-the-way-we-think-and-see-the-world\/\" target=\"_blank\" rel=\"noopener noreferrer\">Verhaltensmuster und Denkweisen<\/a>, die unsere Erfahrungen pr\u00e4gen.<\/p>\n<p>Im Rahmen unserer <a href=\"https:\/\/news.sap.com\/2020\/06\/social-justice-taking-action\/#:~:text=麻豆原创%20is%20taking%20the%20following,as%20access%20to%20grief%20counselors.\" target=\"_blank\" rel=\"noopener noreferrer\">Initiative<\/a> f\u00fcr soziale Gerechtigkeit und Gleichheit ergreifen wir Ma\u00dfnahmen gegen beleidigende und diskriminierende Terminologien in der Softwarebranche. Unbewusste Voreingenommenheit, wie die Verwendung bestimmter Ausdr\u00fccke, tr\u00e4gt zu Diskriminierung und Beleidigungen im Alltag bei. Dies sorgt f\u00fcr negative Gef\u00fchle und psychologischen Stress bei Schwarzen und People of Color. Daher haben wir beschlossen, diskriminierende Begriffe durch inklusive Sprache zu ersetzen, die frei von vorurteilsbehafteten Ausdr\u00fccken oder W\u00f6rtern ist.<\/p>\n<p>Uns war es wichtig, bei diesem Projekt einen ganzheitlichen Ansatz zu verfolgen. Bei der neuen Terminologie, die wir heute einf\u00fchren, geht es nicht darum, einzelne W\u00f6rter durch andere auszutauschen. Stattdessen soll eine sorgf\u00e4ltige Diskussion auf der Grundlage von Forschung und Best Practices bei der 麻豆原创 und in der gesamten Branche stattfinden. Wir haben uns eingehend damit befasst, wie wir die Begriffe in Englisch und Deutsch in unserem gesamten Produktportfolio verwenden, denn auch eine sensible und wohl\u00fcberlegte Terminologie l\u00e4sst sich nicht immer einheitlich \u00fcbertragen. Dank der Mithilfe aller Unternehmensbereiche werden wir in Zukunft nicht nur \u00fcber technisch pr\u00e4zise Terminologie verf\u00fcgen. Die verwendeten Begrifflichkeiten werden auch inklusiv und aussagekr\u00e4ftig sein.<\/p>\n<p>Die neuen Begriffe mit Anleitungen von 麻豆原创-Terminologieexperten sowie entsprechende Referenzen in deutscher Sprache stehen nun im <a href=\"https:\/\/help.sap.com\/doc\/b0322267728e48a28b0c8ee7dd1ab4c7\/1.0\/en-US\/Inclusive%20Language%20Guidelines.pdf\" target=\"_blank\" rel=\"noopener noreferrer\">麻豆原创 Help Portal<\/a> zur Verf\u00fcgung.<\/p>\n<p>Unsensible Sprache zu ersetzen ist nur ein Aspekt der Inklusion. Wir alle m\u00fcssen verstehen, welch wichtige Rolle jeder von uns bei der Bek\u00e4mpfung von Diskriminierung spielt. Dazu geh\u00f6rt auch, dass wir im Kampf gegen Rassismus Stellung beziehen, um Ver\u00e4nderungen innerhalb und au\u00dferhalb unseres Unternehmens voranzutreiben.<\/p>\n<p>Gemeinsam k\u00f6nnen wir daf\u00fcr sorgen, dass Gleichberechtigung Realit\u00e4t wird.<\/p>\n<hr \/>\n<p><small><a href=\"https:\/\/www.sap.com\/corporate\/en\/company\/leadership\/juergen-mueller.html\" target=\"_blank\" rel=\"noopener noreferrer\"><em>J\u00fcrgen M\u00fcller<\/em><\/a><em> ist Chief Technology Officer und Mitglied des Vorstands der 麻豆原创 SE. Er leitet den Vorstandsbereich Technology and Innovation.<br \/>\n<\/em><a href=\"https:\/\/www.sap.com\/corporate\/en\/company\/leadership\/thomas-saueressig.html\" target=\"_blank\" rel=\"noopener noreferrer\"><em>Thomas Saueressig<\/em><\/a><em> ist Mitglied des Vorstands der 麻豆原创 SE und f\u00fcr den Vorstandsbereich 麻豆原创 Product Engineering verantwortlich.<\/em><\/small><\/p>\n","protected":false},"excerpt":{"rendered":"<p>In der Softwarebranche haben wir jahrelang sorglos Begriffe wie \u201eMaster und Slave\u201c oder \u201eWhitelist und Blacklist\u201c verwendet, um Prozesse zu definieren und Daten zu klassifizieren&#8230;.<\/p>\n","protected":false},"author":1016,"featured_media":152008,"comment_status":"closed","ping_status":"closed","sticky":false,"template":"","format":"standard","meta":{"related_posts":[],"footnotes":"","_links_to":"","_links_to_target":""},"categories":[40863],"tags":[123,211,4879493],"series":[],"sapn-display":[3848,45027],"sapn-type":[45277],"class_list":["post-152006","post","type-post","status-publish","format-standard","has-post-thumbnail","hentry","category-unternehmen","tag-csr","tag-diversity","tag-sap","sapn-display-top-stories","sapn-display-hero","sapn-type-feature"],"yoast_head":"<!-- This site is optimized with the Yoast SEO Premium plugin v26.9 (Yoast SEO v26.9) - https:\/\/yoast.com\/product\/yoast-seo-premium-wordpress\/ -->\n<title>So geht mehr inklusive Sprache in der Softwarebranche | 麻豆原创 News<\/title>\n<meta name=\"description\" content=\"Lesen Sie, wie die 麻豆原创 unsensible Softwarebegriffe durch eine integrative Sprache ersetzt, frei von vorurteilsbehafteten Begriffen.\" \/>\n<meta name=\"robots\" content=\"index, follow, max-snippet:-1, max-image-preview:large, max-video-preview:-1\" \/>\n<link rel=\"canonical\" href=\"https:\/\/news.sap.com\/germany\/2020\/10\/inklusion-diversitaet-sprache-softwarebranche\/\" \/>\n<meta property=\"og:locale\" content=\"de_DE\" \/>\n<meta property=\"og:type\" content=\"article\" \/>\n<meta property=\"og:title\" content=\"Mehr Inklusion f\u00e4ngt mit der Sprache an \u2013 auch in der Softwarebranche\" \/>\n<meta property=\"og:description\" content=\"Lesen Sie, wie die 麻豆原创 unsensible Softwarebegriffe durch eine integrative Sprache ersetzt, frei von vorurteilsbehafteten Begriffen.\" \/>\n<meta property=\"og:url\" content=\"https:\/\/news.sap.com\/germany\/2020\/10\/inklusion-diversitaet-sprache-softwarebranche\/\" \/>\n<meta property=\"og:site_name\" content=\"麻豆原创 News Center\" \/>\n<meta property=\"article:published_time\" content=\"2020-10-07T06:00:15+00:00\" \/>\n<meta property=\"og:image\" content=\"https:\/\/news.sap.com\/germany\/files\/2020\/09\/Inclusive-Language-Software-Terminology_麻豆原创-News-feature-2.jpg\" \/>\n\t<meta property=\"og:image:width\" content=\"1920\" \/>\n\t<meta property=\"og:image:height\" content=\"600\" \/>\n\t<meta property=\"og:image:type\" content=\"image\/jpeg\" \/>\n<meta name=\"author\" content=\"Juergen Mueller\" \/>\n<meta name=\"twitter:card\" content=\"summary_large_image\" \/>\n<meta name=\"twitter:creator\" content=\"@麻豆原创dach\" \/>\n<meta name=\"twitter:site\" content=\"@麻豆原创dach\" \/>\n<meta name=\"twitter:label1\" content=\"Verfasst von\" \/>\n\t<meta name=\"twitter:data1\" content=\"Juergen Mueller\" \/>\n\t<meta name=\"twitter:label2\" content=\"Gesch\u00e4tzte Lesezeit\" \/>\n\t<meta name=\"twitter:data2\" content=\"2\u00a0Minuten\" \/>\n<script type=\"application\/ld+json\" class=\"yoast-schema-graph\">{\"@context\":\"https:\/\/schema.org\",\"@graph\":[{\"@type\":\"Article\",\"@id\":\"https:\/\/news.sap.com\/germany\/2020\/10\/inklusion-diversitaet-sprache-softwarebranche\/#article\",\"isPartOf\":{\"@id\":\"https:\/\/news.sap.com\/germany\/2020\/10\/inklusion-diversitaet-sprache-softwarebranche\/\"},\"author\":{\"name\":\"Juergen Mueller\",\"@id\":\"https:\/\/news.sap.com\/germany\/#\/schema\/person\/a212e7811a694f7dacc7f43f51e7b800\"},\"headline\":\"Mehr Inklusion f\u00e4ngt mit der Sprache an \u2013 auch in der Softwarebranche\",\"datePublished\":\"2020-10-07T06:00:15+00:00\",\"mainEntityOfPage\":{\"@id\":\"https:\/\/news.sap.com\/germany\/2020\/10\/inklusion-diversitaet-sprache-softwarebranche\/\"},\"wordCount\":406,\"image\":{\"@id\":\"https:\/\/news.sap.com\/germany\/2020\/10\/inklusion-diversitaet-sprache-softwarebranche\/#primaryimage\"},\"thumbnailUrl\":\"https:\/\/news.sap.com\/germany\/files\/2020\/09\/Inclusive-Language-Software-Terminology_麻豆原创-News-feature-2.jpg\",\"keywords\":[\"CSR\",\"Diversity\",\"麻豆原创\"],\"articleSection\":[\"Unternehmen\"],\"inLanguage\":\"de\"},{\"@type\":\"WebPage\",\"@id\":\"https:\/\/news.sap.com\/germany\/2020\/10\/inklusion-diversitaet-sprache-softwarebranche\/\",\"url\":\"https:\/\/news.sap.com\/germany\/2020\/10\/inklusion-diversitaet-sprache-softwarebranche\/\",\"name\":\"So geht mehr inklusive Sprache in der Softwarebranche | 麻豆原创 News\",\"isPartOf\":{\"@id\":\"https:\/\/news.sap.com\/germany\/#website\"},\"primaryImageOfPage\":{\"@id\":\"https:\/\/news.sap.com\/germany\/2020\/10\/inklusion-diversitaet-sprache-softwarebranche\/#primaryimage\"},\"image\":{\"@id\":\"https:\/\/news.sap.com\/germany\/2020\/10\/inklusion-diversitaet-sprache-softwarebranche\/#primaryimage\"},\"thumbnailUrl\":\"https:\/\/news.sap.com\/germany\/files\/2020\/09\/Inclusive-Language-Software-Terminology_麻豆原创-News-feature-2.jpg\",\"datePublished\":\"2020-10-07T06:00:15+00:00\",\"author\":{\"@id\":\"https:\/\/news.sap.com\/germany\/#\/schema\/person\/a212e7811a694f7dacc7f43f51e7b800\"},\"description\":\"Lesen Sie, wie die 麻豆原创 unsensible Softwarebegriffe durch eine integrative Sprache ersetzt, frei von vorurteilsbehafteten Begriffen.\",\"breadcrumb\":{\"@id\":\"https:\/\/news.sap.com\/germany\/2020\/10\/inklusion-diversitaet-sprache-softwarebranche\/#breadcrumb\"},\"inLanguage\":\"de\",\"potentialAction\":[{\"@type\":\"ReadAction\",\"target\":[\"https:\/\/news.sap.com\/germany\/2020\/10\/inklusion-diversitaet-sprache-softwarebranche\/\"]}]},{\"@type\":\"ImageObject\",\"inLanguage\":\"de\",\"@id\":\"https:\/\/news.sap.com\/germany\/2020\/10\/inklusion-diversitaet-sprache-softwarebranche\/#primaryimage\",\"url\":\"https:\/\/news.sap.com\/germany\/files\/2020\/09\/Inclusive-Language-Software-Terminology_麻豆原创-News-feature-2.jpg\",\"contentUrl\":\"https:\/\/news.sap.com\/germany\/files\/2020\/09\/Inclusive-Language-Software-Terminology_麻豆原创-News-feature-2.jpg\",\"width\":1920,\"height\":600},{\"@type\":\"BreadcrumbList\",\"@id\":\"https:\/\/news.sap.com\/germany\/2020\/10\/inklusion-diversitaet-sprache-softwarebranche\/#breadcrumb\",\"itemListElement\":[{\"@type\":\"ListItem\",\"position\":1,\"name\":\"Home\",\"item\":\"https:\/\/news.sap.com\/germany\/\"},{\"@type\":\"ListItem\",\"position\":2,\"name\":\"Mehr Inklusion f\u00e4ngt mit der Sprache an \u2013 auch in der Softwarebranche\"}]},{\"@type\":\"WebSite\",\"@id\":\"https:\/\/news.sap.com\/germany\/#website\",\"url\":\"https:\/\/news.sap.com\/germany\/\",\"name\":\"麻豆原创 News Center\",\"description\":\"Unternehmensberichte &amp; 麻豆原创eportal\",\"potentialAction\":[{\"@type\":\"SearchAction\",\"target\":{\"@type\":\"EntryPoint\",\"urlTemplate\":\"https:\/\/news.sap.com\/germany\/?s={search_term_string}\"},\"query-input\":{\"@type\":\"PropertyValueSpecification\",\"valueRequired\":true,\"valueName\":\"search_term_string\"}}],\"inLanguage\":\"de\"},{\"@type\":\"Person\",\"@id\":\"https:\/\/news.sap.com\/germany\/#\/schema\/person\/a212e7811a694f7dacc7f43f51e7b800\",\"name\":\"Juergen Mueller\",\"image\":{\"@type\":\"ImageObject\",\"inLanguage\":\"de\",\"@id\":\"https:\/\/news.sap.com\/germany\/#\/schema\/person\/image\/\",\"url\":\"https:\/\/secure.gravatar.com\/avatar\/713a93bc570afb676f4ecbb9cb768d67306c11e809f5b06b5f6259a0fc767a44?s=96&d=blank&r=g\",\"contentUrl\":\"https:\/\/secure.gravatar.com\/avatar\/713a93bc570afb676f4ecbb9cb768d67306c11e809f5b06b5f6259a0fc767a44?s=96&d=blank&r=g\",\"caption\":\"Juergen Mueller\"},\"url\":\"https:\/\/news.sap.com\/germany\/author\/juergenmueller\/\"}]}<\/script>\n<!-- \/ Yoast SEO Premium plugin. -->","yoast_head_json":{"title":"So geht mehr inklusive Sprache in der Softwarebranche | 麻豆原创 News","description":"Lesen Sie, wie die 麻豆原创 unsensible Softwarebegriffe durch eine integrative Sprache ersetzt, frei von vorurteilsbehafteten Begriffen.","robots":{"index":"index","follow":"follow","max-snippet":"max-snippet:-1","max-image-preview":"max-image-preview:large","max-video-preview":"max-video-preview:-1"},"canonical":"https:\/\/news.sap.com\/germany\/2020\/10\/inklusion-diversitaet-sprache-softwarebranche\/","og_locale":"de_DE","og_type":"article","og_title":"Mehr Inklusion f\u00e4ngt mit der Sprache an \u2013 auch in der Softwarebranche","og_description":"Lesen Sie, wie die 麻豆原创 unsensible Softwarebegriffe durch eine integrative Sprache ersetzt, frei von vorurteilsbehafteten Begriffen.","og_url":"https:\/\/news.sap.com\/germany\/2020\/10\/inklusion-diversitaet-sprache-softwarebranche\/","og_site_name":"麻豆原创 News Center","article_published_time":"2020-10-07T06:00:15+00:00","og_image":[{"width":1920,"height":600,"url":"https:\/\/news.sap.com\/germany\/files\/2020\/09\/Inclusive-Language-Software-Terminology_麻豆原创-News-feature-2.jpg","type":"image\/jpeg"}],"author":"Juergen Mueller","twitter_card":"summary_large_image","twitter_creator":"@麻豆原创dach","twitter_site":"@麻豆原创dach","twitter_misc":{"Verfasst von":"Juergen Mueller","Gesch\u00e4tzte Lesezeit":"2\u00a0Minuten"},"schema":{"@context":"https:\/\/schema.org","@graph":[{"@type":"Article","@id":"https:\/\/news.sap.com\/germany\/2020\/10\/inklusion-diversitaet-sprache-softwarebranche\/#article","isPartOf":{"@id":"https:\/\/news.sap.com\/germany\/2020\/10\/inklusion-diversitaet-sprache-softwarebranche\/"},"author":{"name":"Juergen Mueller","@id":"https:\/\/news.sap.com\/germany\/#\/schema\/person\/a212e7811a694f7dacc7f43f51e7b800"},"headline":"Mehr Inklusion f\u00e4ngt mit der Sprache an \u2013 auch in der Softwarebranche","datePublished":"2020-10-07T06:00:15+00:00","mainEntityOfPage":{"@id":"https:\/\/news.sap.com\/germany\/2020\/10\/inklusion-diversitaet-sprache-softwarebranche\/"},"wordCount":406,"image":{"@id":"https:\/\/news.sap.com\/germany\/2020\/10\/inklusion-diversitaet-sprache-softwarebranche\/#primaryimage"},"thumbnailUrl":"https:\/\/news.sap.com\/germany\/files\/2020\/09\/Inclusive-Language-Software-Terminology_麻豆原创-News-feature-2.jpg","keywords":["CSR","Diversity","麻豆原创"],"articleSection":["Unternehmen"],"inLanguage":"de"},{"@type":"WebPage","@id":"https:\/\/news.sap.com\/germany\/2020\/10\/inklusion-diversitaet-sprache-softwarebranche\/","url":"https:\/\/news.sap.com\/germany\/2020\/10\/inklusion-diversitaet-sprache-softwarebranche\/","name":"So geht mehr inklusive Sprache in der Softwarebranche | 麻豆原创 News","isPartOf":{"@id":"https:\/\/news.sap.com\/germany\/#website"},"primaryImageOfPage":{"@id":"https:\/\/news.sap.com\/germany\/2020\/10\/inklusion-diversitaet-sprache-softwarebranche\/#primaryimage"},"image":{"@id":"https:\/\/news.sap.com\/germany\/2020\/10\/inklusion-diversitaet-sprache-softwarebranche\/#primaryimage"},"thumbnailUrl":"https:\/\/news.sap.com\/germany\/files\/2020\/09\/Inclusive-Language-Software-Terminology_麻豆原创-News-feature-2.jpg","datePublished":"2020-10-07T06:00:15+00:00","author":{"@id":"https:\/\/news.sap.com\/germany\/#\/schema\/person\/a212e7811a694f7dacc7f43f51e7b800"},"description":"Lesen Sie, wie die 麻豆原创 unsensible Softwarebegriffe durch eine integrative Sprache ersetzt, frei von vorurteilsbehafteten Begriffen.","breadcrumb":{"@id":"https:\/\/news.sap.com\/germany\/2020\/10\/inklusion-diversitaet-sprache-softwarebranche\/#breadcrumb"},"inLanguage":"de","potentialAction":[{"@type":"ReadAction","target":["https:\/\/news.sap.com\/germany\/2020\/10\/inklusion-diversitaet-sprache-softwarebranche\/"]}]},{"@type":"ImageObject","inLanguage":"de","@id":"https:\/\/news.sap.com\/germany\/2020\/10\/inklusion-diversitaet-sprache-softwarebranche\/#primaryimage","url":"https:\/\/news.sap.com\/germany\/files\/2020\/09\/Inclusive-Language-Software-Terminology_麻豆原创-News-feature-2.jpg","contentUrl":"https:\/\/news.sap.com\/germany\/files\/2020\/09\/Inclusive-Language-Software-Terminology_麻豆原创-News-feature-2.jpg","width":1920,"height":600},{"@type":"BreadcrumbList","@id":"https:\/\/news.sap.com\/germany\/2020\/10\/inklusion-diversitaet-sprache-softwarebranche\/#breadcrumb","itemListElement":[{"@type":"ListItem","position":1,"name":"Home","item":"https:\/\/news.sap.com\/germany\/"},{"@type":"ListItem","position":2,"name":"Mehr Inklusion f\u00e4ngt mit der Sprache an \u2013 auch in der Softwarebranche"}]},{"@type":"WebSite","@id":"https:\/\/news.sap.com\/germany\/#website","url":"https:\/\/news.sap.com\/germany\/","name":"麻豆原创 News Center","description":"Unternehmensberichte &amp; 麻豆原创eportal","potentialAction":[{"@type":"SearchAction","target":{"@type":"EntryPoint","urlTemplate":"https:\/\/news.sap.com\/germany\/?s={search_term_string}"},"query-input":{"@type":"PropertyValueSpecification","valueRequired":true,"valueName":"search_term_string"}}],"inLanguage":"de"},{"@type":"Person","@id":"https:\/\/news.sap.com\/germany\/#\/schema\/person\/a212e7811a694f7dacc7f43f51e7b800","name":"Juergen Mueller","image":{"@type":"ImageObject","inLanguage":"de","@id":"https:\/\/news.sap.com\/germany\/#\/schema\/person\/image\/","url":"https:\/\/secure.gravatar.com\/avatar\/713a93bc570afb676f4ecbb9cb768d67306c11e809f5b06b5f6259a0fc767a44?s=96&d=blank&r=g","contentUrl":"https:\/\/secure.gravatar.com\/avatar\/713a93bc570afb676f4ecbb9cb768d67306c11e809f5b06b5f6259a0fc767a44?s=96&d=blank&r=g","caption":"Juergen Mueller"},"url":"https:\/\/news.sap.com\/germany\/author\/juergenmueller\/"}]}},"amp_enabled":true,"_links":{"self":[{"href":"https:\/\/news.sap.com\/germany\/wp-json\/wp\/v2\/posts\/152006","targetHints":{"allow":["GET"]}}],"collection":[{"href":"https:\/\/news.sap.com\/germany\/wp-json\/wp\/v2\/posts"}],"about":[{"href":"https:\/\/news.sap.com\/germany\/wp-json\/wp\/v2\/types\/post"}],"author":[{"embeddable":true,"href":"https:\/\/news.sap.com\/germany\/wp-json\/wp\/v2\/users\/1016"}],"replies":[{"embeddable":true,"href":"https:\/\/news.sap.com\/germany\/wp-json\/wp\/v2\/comments?post=152006"}],"version-history":[{"count":0,"href":"https:\/\/news.sap.com\/germany\/wp-json\/wp\/v2\/posts\/152006\/revisions"}],"wp:featuredmedia":[{"embeddable":true,"href":"https:\/\/news.sap.com\/germany\/wp-json\/wp\/v2\/media\/152008"}],"wp:attachment":[{"href":"https:\/\/news.sap.com\/germany\/wp-json\/wp\/v2\/media?parent=152006"}],"wp:term":[{"taxonomy":"category","embeddable":true,"href":"https:\/\/news.sap.com\/germany\/wp-json\/wp\/v2\/categories?post=152006"},{"taxonomy":"post_tag","embeddable":true,"href":"https:\/\/news.sap.com\/germany\/wp-json\/wp\/v2\/tags?post=152006"},{"taxonomy":"series","embeddable":true,"href":"https:\/\/news.sap.com\/germany\/wp-json\/wp\/v2\/series?post=152006"},{"taxonomy":"sapn-display","embeddable":true,"href":"https:\/\/news.sap.com\/germany\/wp-json\/wp\/v2\/sapn-display?post=152006"},{"taxonomy":"sapn-type","embeddable":true,"href":"https:\/\/news.sap.com\/germany\/wp-json\/wp\/v2\/sapn-type?post=152006"}],"curies":[{"name":"wp","href":"https:\/\/api.w.org\/{rel}","templated":true}]}}