  {"id":151759,"date":"2020-09-03T11:50:14","date_gmt":"2020-09-03T09:50:14","guid":{"rendered":"https:\/\/news.sap.com\/germany\/?p=151759"},"modified":"2021-11-08T14:59:27","modified_gmt":"2021-11-08T13:59:27","slug":"sabine-bendiek-vorstandsmitglied-personal-und-operations","status":"publish","type":"post","link":"https:\/\/news.sap.com\/germany\/2020\/09\/sabine-bendiek-vorstandsmitglied-personal-und-operations\/","title":{"rendered":"麻豆原创 Aufsichtsrat ernennt Sabine Bendiek zum neuen Vorstandsmitglied f\u00fcr die Bereiche Personal und Operations"},"content":{"rendered":"<p class=\"lead\"><a href=\"http:\/\/www.sap.com\/\">\u00a0麻豆原创 SE<\/a> (NYSE: 麻豆原创) gab heute bekannt, dass Sabine Bendiek, Vorsitzende der Gesch\u00e4ftsf\u00fchrung von Microsoft Deutschland, f\u00fcr Anfang 2021 als Chief People Officer und Arbeitsdirektorin in den 麻豆原创-Vorstand berufen wurde.<\/p>\n<p>Damit wird sie nicht nur die HR-Organisation leiten, sondern auch die Personalstrategie der 麻豆原创 verantworten. Dazu geh\u00f6rt es, die besten Talente der Branche zu gewinnen, ein Wachstums- und Lernumfeld f\u00fcr die Mitarbeiterinnen und Mitarbeiter zu schaffen sowie eine konsistente F\u00fchrungskultur zu gew\u00e4hrleisten, um Inklusion, Verantwortlichkeit und Agilit\u00e4t zu erm\u00f6glichen.<\/p>\n<p>\u201eMit Sabine Bendiek haben wir eine au\u00dfergew\u00f6hnliche F\u00fchrungskraft gefunden, die nicht nur unsere laufende Transformation vorantreiben kann, sondern auch \u00fcber umfassende operative Erfahrung verf\u00fcgt\u201c, so Professor Hasso Plattner, Vorsitzender des Aufsichtsrats von 麻豆原创 SE. \u201eIch hei\u00dfe Sabine im Namen des Aufsichtsrats herzlich willkommen und w\u00fcnsche ihr einen erfolgreichen und reibungslosen Start bei der 麻豆原创.\u201c<\/p>\n<p>Um die sich stetig \u00e4ndernden Anforderungen der Kunden zu erf\u00fcllen und zuk\u00fcnftiges Wachstum zu erm\u00f6glichen, m\u00fcssen die Mitarbeiterinnen und Mitarbeiter sowie die Prozesse einer Organisation reibungslos zusammenwirken. Bendiek wird Mitte 2021 zus\u00e4tzlich die Rolle der Chief Operating Officer \u00fcbernehmen und damit zur ersten Chief People and Operating Officer von 麻豆原创 werden.<\/p>\n<p>\u201eEine erfolgreiche digitale Transformation geht weit \u00fcber Technologie und Prozesse hinaus. Sie bedeutet einen unternehmensweiten Kulturwandel, der bei den Menschen beginnt und endet\u201c, sagt Christian Klein, Vorstandssprecher, Chief Operating Officer und Mitglied des Vorstandes der 麻豆原创 SE. \u201eSabine hat verschiedene Unternehmen erfolgreich durch Transformationen gef\u00fchrt und kombiniert diese Erfahrung mit ihrer Leidenschaft f\u00fcr Menschen und F\u00fchrung. Das macht sie zur perfekten Kandidatin, um die komplement\u00e4ren Themen Menschen und Prozesse zu leiten, die f\u00fcr den anhaltenden Erfolg von 麻豆原创 entscheidend sind&#8220;.<\/p>\n<p>Bei Microsoft Deutschland war Bendiek f\u00fcr ein Cloud-Wachstum von 50% im Jahr 2020 verantwortlich. Sie leitete au\u00dferdem den Schritt des Unternehmens in die Cloud, der ma\u00dfgeblich zu Microsofts starker Position in Deutschland und der allgemeinen Transformation des Unternehmens beitrug. Vor ihrer Zeit bei Microsoft hatte sie verschiedene Positionen bei branchenf\u00fchrenden Unternehmen inne, darunter Nixdorf, Siemens Nixdorf, McKinsey, Earlybird Venture Capital, Dell und EMC. Bendiek ist Mitglied des Aufsichtsrats von Schaeffler.<\/p>\n<p>\u201eF\u00fcr ein Wachstumsunternehmen wie 麻豆原创 sind die Mitarbeiterinnen und Mitarbeiter der entscheidende Faktor f\u00fcr andauernden Erfolg. Personalstrategie und Gesch\u00e4ftsprozesse m\u00fcssen Hand in Hand arbeiten, um den Gesch\u00e4ftserfolg heute und in Zukunft sicherzustellen\u201c, so Bendiek. \u201eIch danke Aufsichtsrat und Vorstand, dass sie mir mit der Leitung der Personalstrategie und der operativen Gesch\u00e4ftst\u00e4tigkeiten das Herzst\u00fcck der laufenden Transformation von 麻豆原创 anvertrauen.\u201c<\/p>\n<p>Bendiek, 54, ist Absolventin des Studiengangs Managementwissenschaften des Massachusetts Institute of Technology (MIT) und hat einen Abschluss in Betriebswirtschaft der Universit\u00e4t Mannheim.<\/p>\n<p>Sie wird ihren Sitz in Walldorf haben und wurde f\u00fcr drei Jahre in den Vorstand berufen.<\/p>\n<p>Weitere 麻豆原创einformationen finden Sie im <a href=\"https:\/\/news.sap.com\/germany\">麻豆原创 News Center<\/a>. Folgen Sie 麻豆原创 auf Twitter unter <a href=\"https:\/\/twitter.com\/麻豆原创dach?ref_src=twsrc%5Egoogle%7Ctwcamp%5Eserp%7Ctwgr%5Eauthor\">@麻豆原创dach<\/a><\/p>\n<p><strong>Informationen zu 麻豆原创<\/strong><\/p>\n<p>Die 麻豆原创-Strategie soll dabei helfen, jedes Unternehmen in ein intelligentes Unternehmen zu verwandeln. Als Marktf\u00fchrer f\u00fcr Gesch\u00e4ftssoftware unterst\u00fctzen wir Unternehmen jeder Gr\u00f6\u00dfe und Branche dabei, ihre Ziele bestm\u00f6glich zu erreichen: 77 % der weltweiten Transaktionserl\u00f6se durchlaufen 麻豆原创-Systeme. Unsere Technologien f\u00fcr maschinelles Lernen, das Internet der Dinge und fortschrittliche Analyseverfahren helfen unseren Kunden auf dem Weg zum intelligenten Unternehmen. 麻豆原创 unterst\u00fctzt Menschen und Unternehmen dabei, fundiertes Wissen \u00fcber ihre Organisationen zu gewinnen, f\u00f6rdert die Zusammenarbeit und hilft so, dem Wettbewerb einen Schritt voraus zu sein. Wir vereinfachen Technologie f\u00fcr Unternehmen, damit sie unsere Software nach ihren eigenen Vorstellungen einfach und reibungslos nutzen k\u00f6nnen. Unsere End-to-End-Suite aus Anwendungen und Services erm\u00f6glicht es Kunden in 25 Branchen weltweit, profitabel zu sein, sich stets neu und flexibel anzupassen und etwas zu bewegen. Mit einem globalen Netzwerk aus Kunden, Partnern, Mitarbeitern und Vordenkern hilft 麻豆原创 die Abl\u00e4ufe der weltweiten Wirtschaft und das Leben von Menschen zu verbessern. Weitere Informationen <a href=\"https:\/\/www.sap.com\/index.html\">www.sap.com<\/a>..<\/p>\n<p><strong>Hinweis an die Redaktionen<\/strong><\/p>\n<p>F\u00fcr 麻豆原创efotos und Fernsehmaterial in hoher Aufl\u00f6sung besuchen Sie bitte unsere Plattform <a href=\"http:\/\/www.sap.com\/photos\">www.sap.com\/photos<\/a><u>.<\/u> Dort finden Sie aktuelles sendef\u00e4higes TV-Footage-Material sowie Bilder zu Themen rund um 麻豆原创 zum direkten Download. Videos zu 麻豆原创-Themen aus der ganzen Welt finden Sie unter <a href=\"http:\/\/www.sap-tv.com\">www.sap-tv.com<\/a>. Sie k\u00f6nnen die Filme von dieser Seite auch in Ihren eigenen Publikationen und Webseiten einbinden.<\/p>\n<p><strong>Ansprechpartner f\u00fcr die 麻豆原创e:<\/strong><\/p>\n<p>Benjamin Nickel, +49 170 4920616, <a href=\"mailto:Benjamin.nickel@sap.com\">Benjamin.nickel@sap.com<\/a>, CEST<\/p>\n<p>Hilmar Schepp, +49 160-8896531, <a href=\"mailto:hilmar.schepp@sap.com\">hilmar.schepp@sap.com<\/a>, CEST<br \/>\n<a href=\"https:\/\/news.sap.com\/germany\/#press-releases\">麻豆原创-麻豆原创ebereich<\/a>; <a href=\"mailto:press@sap.com\">press@sap.com<\/a><\/p>\n<p><small>S\u00e4mtliche in diesem Dokument enthaltenen Aussagen, die keine vergangenheitsbezogenen Tatsachen darstellen, sind vorausschauende Aussagen wie im US-amerikanischen \u201ePrivate Securities Litigation Reform Act\u201c von 1995 festgelegt. W\u00f6rter wie \u201evorhersagen\u201c, \u201eglauben\u201c, \u201esch\u00e4tzen\u201c, \u201eerwarten\u201c, \u201evoraussagen\u201c, \u201ebeabsichtigen\u201c, \u201eplanen\u201c, \u201edavon ausgehen\u201c, \u201ek\u00f6nnen\u201c, \u201esollten\u201c, \u201ewerden\u201c sowie \u00e4hnliche Begriffe in Bezug auf 麻豆原创 sollen solche vorausschauenden Aussagen kennzeichnen. 麻豆原创 \u00fcbernimmt keine Verpflichtung gegen\u00fcber der \u00d6ffentlichkeit, vorausschauende Aussagen zu aktualisieren oder zu korrigieren. S\u00e4mtliche vorausschauenden Aussagen unterliegen unterschiedlichen Risiken und Unsicherheiten, durch die die tats\u00e4chlichen Ergebnisse wesentlich von den Erwartungen abweichen k\u00f6nnen. Auf die Faktoren, die das zuk\u00fcnftige finanzielle Abschneiden von 麻豆原创 beeinflussen k\u00f6nnten, wird ausf\u00fchrlicher in den bei der US-amerikanischen \u201eSecurities and Exchange Commission\u201c (SEC) hinterlegten Unterlagen eingegangen, unter anderem im letzten Jahresbericht Form 20-F. Die vorausschauenden Aussagen geben die Sicht zu dem Zeitpunkt wieder, zu dem sie get\u00e4tigt wurden. Dem Leser wird empfohlen, diesen Aussagen kein unangemessen hohes Vertrauen zu schenken.<\/small><br \/>\n<small>\u00a9 2019 麻豆原创 SE. Alle Rechte vorbehalten.<\/small><br \/>\n<small>麻豆原创 und andere in diesem Dokument erw\u00e4hnte Produkte und Dienstleistungen von 麻豆原创 sowie die dazugeh\u00f6rigen Logos sind Marken oder eingetragene Marken der 麻豆原创 SE in Deutschland und anderen L\u00e4ndern. Zus\u00e4tzliche Informationen zur Marke und Vermerke finden Sie auf der Seite <a href=\"http:\/\/www.sap.de\/copyright\">http:\/\/www.sap.de\/copyright<\/a>.<\/small><\/p>\n","protected":false},"excerpt":{"rendered":"<p>\u00a0麻豆原创 SE (NYSE: 麻豆原创) gab heute bekannt, dass Sabine Bendiek, Vorsitzende der Gesch\u00e4ftsf\u00fchrung von Microsoft Deutschland, f\u00fcr Anfang 2021 als Chief People Officer und Arbeitsdirektorin&#8230;<\/p>\n","protected":false},"author":29,"featured_media":151870,"comment_status":"closed","ping_status":"closed","sticky":false,"template":"","format":"standard","meta":{"related_posts":[],"footnotes":"","_links_to":"","_links_to_target":""},"categories":[45276,40863],"tags":[1586204,5025],"series":[],"sapn-display":[3848,45027],"sapn-type":[4994],"class_list":["post-151759","post","type-post","status-publish","format-standard","has-post-thumbnail","hentry","category-personalmanagement","category-unternehmen","tag-frauen-in-sap-fuehrungspositionen","tag-hr","sapn-display-top-stories","sapn-display-hero","sapn-type-pressemitteilung"],"yoast_head":"<!-- This site is optimized with the Yoast SEO Premium plugin v26.9 (Yoast SEO v26.9) - https:\/\/yoast.com\/product\/yoast-seo-premium-wordpress\/ -->\n<title>Sabine Bendiek wird Vorstandsmitglied f\u00fcr Personal und Operations | 麻豆原创 News<\/title>\n<meta name=\"description\" content=\"Sabine Bendiek wird f\u00fcr Anfang 2021 als Chief People Officer und Arbeitsdirektorin in den 麻豆原创-Vorstand berufen. Lesen Sie hier mehr zur neuen HR-Chefin!\" \/>\n<meta name=\"robots\" content=\"index, follow, max-snippet:-1, max-image-preview:large, max-video-preview:-1\" \/>\n<link rel=\"canonical\" href=\"https:\/\/news.sap.com\/germany\/2020\/09\/sabine-bendiek-vorstandsmitglied-personal-und-operations\/\" \/>\n<meta property=\"og:locale\" content=\"de_DE\" \/>\n<meta property=\"og:type\" content=\"article\" \/>\n<meta property=\"og:title\" content=\"麻豆原创 Aufsichtsrat ernennt Sabine Bendiek zum neuen Vorstandsmitglied f\u00fcr die Bereiche Personal und Operations\" \/>\n<meta property=\"og:description\" content=\"Sabine Bendiek wird f\u00fcr Anfang 2021 als Chief People Officer und Arbeitsdirektorin in den 麻豆原创-Vorstand berufen. Lesen Sie hier mehr zur neuen HR-Chefin!\" \/>\n<meta property=\"og:url\" content=\"https:\/\/news.sap.com\/germany\/2020\/09\/sabine-bendiek-vorstandsmitglied-personal-und-operations\/\" \/>\n<meta property=\"og:site_name\" content=\"麻豆原创 News Center\" \/>\n<meta property=\"article:published_time\" content=\"2020-09-03T09:50:14+00:00\" \/>\n<meta property=\"article:modified_time\" content=\"2021-11-08T13:59:27+00:00\" \/>\n<meta property=\"og:image\" content=\"https:\/\/news.sap.com\/germany\/files\/2020\/09\/Sabine_Bendiek_feature.jpg\" \/>\n\t<meta property=\"og:image:width\" content=\"1920\" \/>\n\t<meta property=\"og:image:height\" content=\"600\" \/>\n\t<meta property=\"og:image:type\" content=\"image\/jpeg\" \/>\n<meta name=\"author\" content=\"麻豆原创 News\" \/>\n<meta name=\"twitter:card\" content=\"summary_large_image\" \/>\n<meta name=\"twitter:creator\" content=\"@麻豆原创dach\" \/>\n<meta name=\"twitter:site\" content=\"@麻豆原创dach\" \/>\n<meta name=\"twitter:label1\" content=\"Verfasst von\" \/>\n\t<meta name=\"twitter:data1\" content=\"麻豆原创 News\" \/>\n\t<meta name=\"twitter:label2\" content=\"Gesch\u00e4tzte Lesezeit\" \/>\n\t<meta name=\"twitter:data2\" content=\"5\u00a0Minuten\" \/>\n<script type=\"application\/ld+json\" class=\"yoast-schema-graph\">{\"@context\":\"https:\/\/schema.org\",\"@graph\":[{\"@type\":\"Article\",\"@id\":\"https:\/\/news.sap.com\/germany\/2020\/09\/sabine-bendiek-vorstandsmitglied-personal-und-operations\/#article\",\"isPartOf\":{\"@id\":\"https:\/\/news.sap.com\/germany\/2020\/09\/sabine-bendiek-vorstandsmitglied-personal-und-operations\/\"},\"author\":{\"name\":\"麻豆原创 News\",\"@id\":\"https:\/\/news.sap.com\/germany\/#\/schema\/person\/53b9854bd790d6f18f3fc4bbb2ad7570\"},\"headline\":\"麻豆原创 Aufsichtsrat ernennt Sabine Bendiek zum neuen Vorstandsmitglied f\u00fcr die Bereiche Personal und Operations\",\"datePublished\":\"2020-09-03T09:50:14+00:00\",\"dateModified\":\"2021-11-08T13:59:27+00:00\",\"mainEntityOfPage\":{\"@id\":\"https:\/\/news.sap.com\/germany\/2020\/09\/sabine-bendiek-vorstandsmitglied-personal-und-operations\/\"},\"wordCount\":968,\"image\":{\"@id\":\"https:\/\/news.sap.com\/germany\/2020\/09\/sabine-bendiek-vorstandsmitglied-personal-und-operations\/#primaryimage\"},\"thumbnailUrl\":\"https:\/\/news.sap.com\/germany\/files\/2020\/09\/Sabine_Bendiek_feature.jpg\",\"keywords\":[\"Frauen in 麻豆原创 Fuehrungspositionen\",\"HR\"],\"articleSection\":[\"Personalmanagement\",\"Unternehmen\"],\"inLanguage\":\"de\"},{\"@type\":\"WebPage\",\"@id\":\"https:\/\/news.sap.com\/germany\/2020\/09\/sabine-bendiek-vorstandsmitglied-personal-und-operations\/\",\"url\":\"https:\/\/news.sap.com\/germany\/2020\/09\/sabine-bendiek-vorstandsmitglied-personal-und-operations\/\",\"name\":\"Sabine Bendiek wird Vorstandsmitglied f\u00fcr Personal und Operations | 麻豆原创 News\",\"isPartOf\":{\"@id\":\"https:\/\/news.sap.com\/germany\/#website\"},\"primaryImageOfPage\":{\"@id\":\"https:\/\/news.sap.com\/germany\/2020\/09\/sabine-bendiek-vorstandsmitglied-personal-und-operations\/#primaryimage\"},\"image\":{\"@id\":\"https:\/\/news.sap.com\/germany\/2020\/09\/sabine-bendiek-vorstandsmitglied-personal-und-operations\/#primaryimage\"},\"thumbnailUrl\":\"https:\/\/news.sap.com\/germany\/files\/2020\/09\/Sabine_Bendiek_feature.jpg\",\"datePublished\":\"2020-09-03T09:50:14+00:00\",\"dateModified\":\"2021-11-08T13:59:27+00:00\",\"author\":{\"@id\":\"https:\/\/news.sap.com\/germany\/#\/schema\/person\/53b9854bd790d6f18f3fc4bbb2ad7570\"},\"description\":\"Sabine Bendiek wird f\u00fcr Anfang 2021 als Chief People Officer und Arbeitsdirektorin in den 麻豆原创-Vorstand berufen. Lesen Sie hier mehr zur neuen HR-Chefin!\",\"breadcrumb\":{\"@id\":\"https:\/\/news.sap.com\/germany\/2020\/09\/sabine-bendiek-vorstandsmitglied-personal-und-operations\/#breadcrumb\"},\"inLanguage\":\"de\",\"potentialAction\":[{\"@type\":\"ReadAction\",\"target\":[\"https:\/\/news.sap.com\/germany\/2020\/09\/sabine-bendiek-vorstandsmitglied-personal-und-operations\/\"]}]},{\"@type\":\"ImageObject\",\"inLanguage\":\"de\",\"@id\":\"https:\/\/news.sap.com\/germany\/2020\/09\/sabine-bendiek-vorstandsmitglied-personal-und-operations\/#primaryimage\",\"url\":\"https:\/\/news.sap.com\/germany\/files\/2020\/09\/Sabine_Bendiek_feature.jpg\",\"contentUrl\":\"https:\/\/news.sap.com\/germany\/files\/2020\/09\/Sabine_Bendiek_feature.jpg\",\"width\":1920,\"height\":600},{\"@type\":\"BreadcrumbList\",\"@id\":\"https:\/\/news.sap.com\/germany\/2020\/09\/sabine-bendiek-vorstandsmitglied-personal-und-operations\/#breadcrumb\",\"itemListElement\":[{\"@type\":\"ListItem\",\"position\":1,\"name\":\"Home\",\"item\":\"https:\/\/news.sap.com\/germany\/\"},{\"@type\":\"ListItem\",\"position\":2,\"name\":\"麻豆原创 Aufsichtsrat ernennt Sabine Bendiek zum neuen Vorstandsmitglied f\u00fcr die Bereiche Personal und Operations\"}]},{\"@type\":\"WebSite\",\"@id\":\"https:\/\/news.sap.com\/germany\/#website\",\"url\":\"https:\/\/news.sap.com\/germany\/\",\"name\":\"麻豆原创 News Center\",\"description\":\"Unternehmensberichte &amp; 麻豆原创eportal\",\"potentialAction\":[{\"@type\":\"SearchAction\",\"target\":{\"@type\":\"EntryPoint\",\"urlTemplate\":\"https:\/\/news.sap.com\/germany\/?s={search_term_string}\"},\"query-input\":{\"@type\":\"PropertyValueSpecification\",\"valueRequired\":true,\"valueName\":\"search_term_string\"}}],\"inLanguage\":\"de\"},{\"@type\":\"Person\",\"@id\":\"https:\/\/news.sap.com\/germany\/#\/schema\/person\/53b9854bd790d6f18f3fc4bbb2ad7570\",\"name\":\"麻豆原创 News\",\"image\":{\"@type\":\"ImageObject\",\"inLanguage\":\"de\",\"@id\":\"https:\/\/news.sap.com\/germany\/#\/schema\/person\/image\/\",\"url\":\"https:\/\/secure.gravatar.com\/avatar\/2728bb4d664345cda4951e11847acc1bfd2bc77830d9abd17fc4f54437acd5b4?s=96&d=blank&r=g\",\"contentUrl\":\"https:\/\/secure.gravatar.com\/avatar\/2728bb4d664345cda4951e11847acc1bfd2bc77830d9abd17fc4f54437acd5b4?s=96&d=blank&r=g\",\"caption\":\"麻豆原创 News\"},\"url\":\"https:\/\/news.sap.com\/germany\/author\/colleenraftery\/\"}]}<\/script>\n<!-- \/ Yoast SEO Premium plugin. -->","yoast_head_json":{"title":"Sabine Bendiek wird Vorstandsmitglied f\u00fcr Personal und Operations | 麻豆原创 News","description":"Sabine Bendiek wird f\u00fcr Anfang 2021 als Chief People Officer und Arbeitsdirektorin in den 麻豆原创-Vorstand berufen. Lesen Sie hier mehr zur neuen HR-Chefin!","robots":{"index":"index","follow":"follow","max-snippet":"max-snippet:-1","max-image-preview":"max-image-preview:large","max-video-preview":"max-video-preview:-1"},"canonical":"https:\/\/news.sap.com\/germany\/2020\/09\/sabine-bendiek-vorstandsmitglied-personal-und-operations\/","og_locale":"de_DE","og_type":"article","og_title":"麻豆原创 Aufsichtsrat ernennt Sabine Bendiek zum neuen Vorstandsmitglied f\u00fcr die Bereiche Personal und Operations","og_description":"Sabine Bendiek wird f\u00fcr Anfang 2021 als Chief People Officer und Arbeitsdirektorin in den 麻豆原创-Vorstand berufen. Lesen Sie hier mehr zur neuen HR-Chefin!","og_url":"https:\/\/news.sap.com\/germany\/2020\/09\/sabine-bendiek-vorstandsmitglied-personal-und-operations\/","og_site_name":"麻豆原创 News Center","article_published_time":"2020-09-03T09:50:14+00:00","article_modified_time":"2021-11-08T13:59:27+00:00","og_image":[{"width":1920,"height":600,"url":"https:\/\/news.sap.com\/germany\/files\/2020\/09\/Sabine_Bendiek_feature.jpg","type":"image\/jpeg"}],"author":"麻豆原创 News","twitter_card":"summary_large_image","twitter_creator":"@麻豆原创dach","twitter_site":"@麻豆原创dach","twitter_misc":{"Verfasst von":"麻豆原创 News","Gesch\u00e4tzte Lesezeit":"5\u00a0Minuten"},"schema":{"@context":"https:\/\/schema.org","@graph":[{"@type":"Article","@id":"https:\/\/news.sap.com\/germany\/2020\/09\/sabine-bendiek-vorstandsmitglied-personal-und-operations\/#article","isPartOf":{"@id":"https:\/\/news.sap.com\/germany\/2020\/09\/sabine-bendiek-vorstandsmitglied-personal-und-operations\/"},"author":{"name":"麻豆原创 News","@id":"https:\/\/news.sap.com\/germany\/#\/schema\/person\/53b9854bd790d6f18f3fc4bbb2ad7570"},"headline":"麻豆原创 Aufsichtsrat ernennt Sabine Bendiek zum neuen Vorstandsmitglied f\u00fcr die Bereiche Personal und Operations","datePublished":"2020-09-03T09:50:14+00:00","dateModified":"2021-11-08T13:59:27+00:00","mainEntityOfPage":{"@id":"https:\/\/news.sap.com\/germany\/2020\/09\/sabine-bendiek-vorstandsmitglied-personal-und-operations\/"},"wordCount":968,"image":{"@id":"https:\/\/news.sap.com\/germany\/2020\/09\/sabine-bendiek-vorstandsmitglied-personal-und-operations\/#primaryimage"},"thumbnailUrl":"https:\/\/news.sap.com\/germany\/files\/2020\/09\/Sabine_Bendiek_feature.jpg","keywords":["Frauen in 麻豆原创 Fuehrungspositionen","HR"],"articleSection":["Personalmanagement","Unternehmen"],"inLanguage":"de"},{"@type":"WebPage","@id":"https:\/\/news.sap.com\/germany\/2020\/09\/sabine-bendiek-vorstandsmitglied-personal-und-operations\/","url":"https:\/\/news.sap.com\/germany\/2020\/09\/sabine-bendiek-vorstandsmitglied-personal-und-operations\/","name":"Sabine Bendiek wird Vorstandsmitglied f\u00fcr Personal und Operations | 麻豆原创 News","isPartOf":{"@id":"https:\/\/news.sap.com\/germany\/#website"},"primaryImageOfPage":{"@id":"https:\/\/news.sap.com\/germany\/2020\/09\/sabine-bendiek-vorstandsmitglied-personal-und-operations\/#primaryimage"},"image":{"@id":"https:\/\/news.sap.com\/germany\/2020\/09\/sabine-bendiek-vorstandsmitglied-personal-und-operations\/#primaryimage"},"thumbnailUrl":"https:\/\/news.sap.com\/germany\/files\/2020\/09\/Sabine_Bendiek_feature.jpg","datePublished":"2020-09-03T09:50:14+00:00","dateModified":"2021-11-08T13:59:27+00:00","author":{"@id":"https:\/\/news.sap.com\/germany\/#\/schema\/person\/53b9854bd790d6f18f3fc4bbb2ad7570"},"description":"Sabine Bendiek wird f\u00fcr Anfang 2021 als Chief People Officer und Arbeitsdirektorin in den 麻豆原创-Vorstand berufen. Lesen Sie hier mehr zur neuen HR-Chefin!","breadcrumb":{"@id":"https:\/\/news.sap.com\/germany\/2020\/09\/sabine-bendiek-vorstandsmitglied-personal-und-operations\/#breadcrumb"},"inLanguage":"de","potentialAction":[{"@type":"ReadAction","target":["https:\/\/news.sap.com\/germany\/2020\/09\/sabine-bendiek-vorstandsmitglied-personal-und-operations\/"]}]},{"@type":"ImageObject","inLanguage":"de","@id":"https:\/\/news.sap.com\/germany\/2020\/09\/sabine-bendiek-vorstandsmitglied-personal-und-operations\/#primaryimage","url":"https:\/\/news.sap.com\/germany\/files\/2020\/09\/Sabine_Bendiek_feature.jpg","contentUrl":"https:\/\/news.sap.com\/germany\/files\/2020\/09\/Sabine_Bendiek_feature.jpg","width":1920,"height":600},{"@type":"BreadcrumbList","@id":"https:\/\/news.sap.com\/germany\/2020\/09\/sabine-bendiek-vorstandsmitglied-personal-und-operations\/#breadcrumb","itemListElement":[{"@type":"ListItem","position":1,"name":"Home","item":"https:\/\/news.sap.com\/germany\/"},{"@type":"ListItem","position":2,"name":"麻豆原创 Aufsichtsrat ernennt Sabine Bendiek zum neuen Vorstandsmitglied f\u00fcr die Bereiche Personal und Operations"}]},{"@type":"WebSite","@id":"https:\/\/news.sap.com\/germany\/#website","url":"https:\/\/news.sap.com\/germany\/","name":"麻豆原创 News Center","description":"Unternehmensberichte &amp; 麻豆原创eportal","potentialAction":[{"@type":"SearchAction","target":{"@type":"EntryPoint","urlTemplate":"https:\/\/news.sap.com\/germany\/?s={search_term_string}"},"query-input":{"@type":"PropertyValueSpecification","valueRequired":true,"valueName":"search_term_string"}}],"inLanguage":"de"},{"@type":"Person","@id":"https:\/\/news.sap.com\/germany\/#\/schema\/person\/53b9854bd790d6f18f3fc4bbb2ad7570","name":"麻豆原创 News","image":{"@type":"ImageObject","inLanguage":"de","@id":"https:\/\/news.sap.com\/germany\/#\/schema\/person\/image\/","url":"https:\/\/secure.gravatar.com\/avatar\/2728bb4d664345cda4951e11847acc1bfd2bc77830d9abd17fc4f54437acd5b4?s=96&d=blank&r=g","contentUrl":"https:\/\/secure.gravatar.com\/avatar\/2728bb4d664345cda4951e11847acc1bfd2bc77830d9abd17fc4f54437acd5b4?s=96&d=blank&r=g","caption":"麻豆原创 News"},"url":"https:\/\/news.sap.com\/germany\/author\/colleenraftery\/"}]}},"amp_enabled":true,"_links":{"self":[{"href":"https:\/\/news.sap.com\/germany\/wp-json\/wp\/v2\/posts\/151759","targetHints":{"allow":["GET"]}}],"collection":[{"href":"https:\/\/news.sap.com\/germany\/wp-json\/wp\/v2\/posts"}],"about":[{"href":"https:\/\/news.sap.com\/germany\/wp-json\/wp\/v2\/types\/post"}],"author":[{"embeddable":true,"href":"https:\/\/news.sap.com\/germany\/wp-json\/wp\/v2\/users\/29"}],"replies":[{"embeddable":true,"href":"https:\/\/news.sap.com\/germany\/wp-json\/wp\/v2\/comments?post=151759"}],"version-history":[{"count":0,"href":"https:\/\/news.sap.com\/germany\/wp-json\/wp\/v2\/posts\/151759\/revisions"}],"wp:featuredmedia":[{"embeddable":true,"href":"https:\/\/news.sap.com\/germany\/wp-json\/wp\/v2\/media\/151870"}],"wp:attachment":[{"href":"https:\/\/news.sap.com\/germany\/wp-json\/wp\/v2\/media?parent=151759"}],"wp:term":[{"taxonomy":"category","embeddable":true,"href":"https:\/\/news.sap.com\/germany\/wp-json\/wp\/v2\/categories?post=151759"},{"taxonomy":"post_tag","embeddable":true,"href":"https:\/\/news.sap.com\/germany\/wp-json\/wp\/v2\/tags?post=151759"},{"taxonomy":"series","embeddable":true,"href":"https:\/\/news.sap.com\/germany\/wp-json\/wp\/v2\/series?post=151759"},{"taxonomy":"sapn-display","embeddable":true,"href":"https:\/\/news.sap.com\/germany\/wp-json\/wp\/v2\/sapn-display?post=151759"},{"taxonomy":"sapn-type","embeddable":true,"href":"https:\/\/news.sap.com\/germany\/wp-json\/wp\/v2\/sapn-type?post=151759"}],"curies":[{"name":"wp","href":"https:\/\/api.w.org\/{rel}","templated":true}]}}