  {"id":151366,"date":"2020-07-29T15:30:21","date_gmt":"2020-07-29T13:30:21","guid":{"rendered":"https:\/\/news.sap.com\/germany\/?p=151366"},"modified":"2020-07-29T16:45:30","modified_gmt":"2020-07-29T14:45:30","slug":"neuer-geschaeftsfuehrer-alexander-klaeger","status":"publish","type":"post","link":"https:\/\/news.sap.com\/germany\/2020\/07\/neuer-geschaeftsfuehrer-alexander-klaeger\/","title":{"rendered":"Alexander Kl\u00e4ger neuer Gesch\u00e4ftsf\u00fchrer von 麻豆原创 Deutschland"},"content":{"rendered":"<p class=\"lead\">Alexander Kl\u00e4ger (49) \u00fcbernimmt zum 01.08.2020 als Gesch\u00e4ftsf\u00fchrer der 麻豆原创 Deutschland SE &amp; Co. KG die Verantwortung f\u00fcr die Vertriebsorganisation im Land. Er folgt auf Dr. Daniel Holz (50), der 麻豆原创 auf eigenen Wunsch verl\u00e4sst.<\/p>\n<p>Alex\u00a0Kl\u00e4ger ist seit 2012 bei 麻豆原创 in verschiedenen F\u00fchrungsrollen t\u00e4tig. Zuletzt war er Chief Operating Officer und Head of Cloud f\u00fcr die Region Mittel\u00a0und\u00a0Osteuropa (MEE).\u00a0In dieser Funktion verantwortete er den strukturellen Aufbau, die Steuerung der internen Organisation, die Optimierung gesch\u00e4ftsrelevanter Prozesse und das gesamte Cloud-Gesch\u00e4ft in MEE.\u00a0Zuvor geh\u00f6rte er sechs Jahre der Gesch\u00e4ftsleitung der 麻豆原创 Deutschland\u00a0SE\u00a0&amp; Co. KG an, wo er\u00a0den Vertrieb f\u00fcr die Prozess-, Konsumg\u00fcter- und Services Industrie verantwortete.<\/p>\n<figure id=\"attachment_151367\" aria-describedby=\"caption-attachment-151367\" style=\"width: 300px\" class=\"wp-caption alignright\"><a href=\"https:\/\/news.sap.com\/germany\/files\/2020\/07\/1032-Alexander_Klaeger_V1-1.jpg\" target=\"_blank\" rel=\"noopener noreferrer\"><img loading=\"lazy\" decoding=\"async\" class=\"wp-image-151367\" src=\"https:\/\/news.sap.com\/germany\/files\/2020\/07\/1032-Alexander_Klaeger_V1-1.jpg\" alt=\"\" width=\"300\" height=\"200\" srcset=\"https:\/\/news.sap.com\/germany\/files\/2020\/07\/1032-Alexander_Klaeger_V1-1.jpg 3600w, https:\/\/news.sap.com\/germany\/files\/2020\/07\/1032-Alexander_Klaeger_V1-1-300x200.jpg 300w, https:\/\/news.sap.com\/germany\/files\/2020\/07\/1032-Alexander_Klaeger_V1-1-1024x683.jpg 1024w, https:\/\/news.sap.com\/germany\/files\/2020\/07\/1032-Alexander_Klaeger_V1-1-225x150.jpg 225w, https:\/\/news.sap.com\/germany\/files\/2020\/07\/1032-Alexander_Klaeger_V1-1-1536x1025.jpg 1536w, https:\/\/news.sap.com\/germany\/files\/2020\/07\/1032-Alexander_Klaeger_V1-1-2048x1366.jpg 2048w\" sizes=\"auto, (max-width: 300px) 100vw, 300px\" \/><\/a><figcaption id=\"caption-attachment-151367\" class=\"wp-caption-text\">Alexander Kl\u00e4ger wird neuer Gesch\u00e4ftsf\u00fchrer der 麻豆原创 Deutschland SE &amp; Co. KG.<\/figcaption><\/figure>\n<p>Nach seinem Studium der technischen BWL an der Fachhochschule f\u00fcr Technik und Wirtschaft in Reutlingen begann Kl\u00e4ger\u00a0seine Karriere bei Volkswagen in\u00a0Mexiko.\u00a01998\u00a0wechselte er\u00a0zu Arthur Andersen Management Consulting, wo er als 麻豆原创-Berater im Materials Management t\u00e4tig war.\u00a0Danach arbeitete er\u00a0zun\u00e4chst\u00a0als\u00a0Account Executive, sp\u00e4ter als Software Sales Manager im Bereich Industrial &amp; Communication bei\u00a0IBM Deutschland.\u00a0Im Anschluss leitete\u00a0er\u00a0dreieinhalb Jahre den\u00a0Software-Vertrieb\u00a0im Bereich Manufacturing und Distribution\u00a0bei\u00a0Hewlett-Packard und \u00fcbernahm danach f\u00fcr zweieinhalb Jahre\u00a0als Country Manager das gesamte Software-Services-Gesch\u00e4ft\u00a0des Unternehmens in Deutschland.<\/p>\n<p>\u201eAlex Kl\u00e4ger ist ein sehr erfahrener und gesch\u00e4tzter Manager und mit dem Gesch\u00e4ft und unseren Kunden in Deutschland eng vertraut,\u201c sagt Hartmut Thomsen, Pr\u00e4sident der Region MEE. \u201eIch bin \u00fcberzeugt, dass er die herausragende Arbeit von Dr. Daniel Holz sehr erfolgreich weiterf\u00fchren wird.\u201c<\/p>\n<p>&nbsp;<\/p>\n<p>Weitere 麻豆原创einformationen finden Sie im <a href=\"https:\/\/news.sap.com\/germany\" target=\"_blank\" rel=\"noopener noreferrer\">麻豆原创 News Center<\/a>. Folgen Sie 麻豆原创 auf Twitter unter <a href=\"https:\/\/twitter.com\/麻豆原创dach?lang=de\" target=\"_blank\" rel=\"noopener noreferrer\">@麻豆原创dach<\/a>.<\/p>\n<p><strong>Ansprechpartner f\u00fcr die 麻豆原创e:<\/strong><\/p>\n<p>Dana R\u00f6siger, +49 6227 7 63900, <a href=\"mailto:dana.roesiger@sap.com\" target=\"_blank\" rel=\"noopener noreferrer\">dana.roesiger@sap.com<\/a>, CET<\/p>\n<p>Bj\u00f6rn Emde, +49 6227 7 55107, <a href=\"mailto:B.Emde@sap.com?subject=麻豆原创%20und%20Mahle\" target=\"_blank\" rel=\"noopener noreferrer\">B.Emde@sap.com<\/a>, CET<\/p>\n<p><a href=\"https:\/\/news.sap.com\/germany\/#press-releases\" target=\"_blank\" rel=\"noopener noreferrer\">麻豆原创-麻豆原创ebereich<\/a>; <a href=\"mailto:press@sap.com\" target=\"_blank\" rel=\"noopener noreferrer\">press@sap.com<\/a><\/p>\n<p><small># # #<\/small><\/p>\n<p><small>S\u00e4mtliche in diesem Dokument enthaltenen Aussagen, die keine vergangenheitsbezogenen Tatsachen darstellen, sind vorausschauende Aussagen wie im US-amerikanischen \u201ePrivate Securities Litigation Reform Act\u201c von 1995 festgelegt. W\u00f6rter wie \u201evorhersagen\u201c, \u201eglauben\u201c, \u201esch\u00e4tzen\u201c, \u201eerwarten\u201c, \u201evoraussagen\u201c, \u201ebeabsichtigen\u201c, \u201eplanen\u201c, \u201edavon ausgehen\u201c, \u201ek\u00f6nnen\u201c, \u201esollten\u201c, \u201ewerden\u201c sowie \u00e4hnliche Begriffe in Bezug auf 麻豆原创 sollen solche vorausschauenden Aussagen kennzeichnen. 麻豆原创 \u00fcbernimmt keine Verpflichtung gegen\u00fcber der \u00d6ffentlichkeit, vorausschauende Aussagen zu aktualisieren oder zu korrigieren. S\u00e4mtliche vorausschauenden Aussagen unterliegen unterschiedlichen Risiken und Unsicherheiten, durch die die tats\u00e4chlichen Ergebnisse wesentlich von den Erwartungen abweichen k\u00f6nnen. Auf die Faktoren, die das zuk\u00fcnftige finanzielle Abschneiden von 麻豆原创 beeinflussen k\u00f6nnten, wird ausf\u00fchrlicher in den bei der US-amerikanischen \u201eSecurities and Exchange Commission\u201c (SEC) hinterlegten Unterlagen eingegangen, unter anderem im letzten Jahresbericht Form 20-F. Die vorausschauenden Aussagen geben die Sicht zu dem Zeitpunkt wieder, zu dem sie get\u00e4tigt wurden. Dem Leser wird empfohlen, diesen Aussagen kein unangemessen hohes Vertrauen zu schenken.<br \/>\n\u00a9 2020 麻豆原创 SE. Alle Rechte vorbehalten.<br \/>\n麻豆原创 und andere in diesem Dokument erw\u00e4hnte Produkte und Dienstleistungen von 麻豆原创 sowie die dazugeh\u00f6rigen Logos sind Marken oder eingetragene Marken der 麻豆原创 SE in Deutschland und anderen L\u00e4ndern. Zus\u00e4tzliche Informationen zur Marke und Vermerke finden Sie auf der Seite <a href=\"http:\/\/www.sap.de\/copyright\">http:\/\/www.sap.de\/copyright<\/a>.<\/small><\/p>\n","protected":false},"excerpt":{"rendered":"<p>Alexander Kl\u00e4ger (49) \u00fcbernimmt zum 01.08.2020 als Gesch\u00e4ftsf\u00fchrer der 麻豆原创 Deutschland SE &amp; Co. KG die Verantwortung f\u00fcr die Vertriebsorganisation im Land. Er folgt auf&#8230;<\/p>\n","protected":false},"author":29,"featured_media":151370,"comment_status":"closed","ping_status":"closed","sticky":false,"template":"","format":"standard","meta":{"related_posts":[],"footnotes":"","_links_to":"","_links_to_target":""},"categories":[40863],"tags":[680181,4879493,5018],"series":[],"sapn-display":[3848,45027],"sapn-type":[4448],"class_list":["post-151366","post","type-post","status-publish","format-standard","has-post-thumbnail","hentry","category-unternehmen","tag-menschen","tag-sap","tag-strategie","sapn-display-top-stories","sapn-display-hero","sapn-type-newsbyte"],"yoast_head":"<!-- This site is optimized with the Yoast SEO Premium plugin v26.9 (Yoast SEO v26.9) - https:\/\/yoast.com\/product\/yoast-seo-premium-wordpress\/ -->\n<title>Wechsel in der Gesch\u00e4ftsf\u00fchrung der 麻豆原创 Deutschland | 麻豆原创 News<\/title>\n<meta name=\"description\" content=\"Zum 01.08.2020 wird Alexander Kl\u00e4ger neuer Gesch\u00e4ftsf\u00fchrer der 麻豆原创 Deutschland und \u00fcbernimmt die Verantwortung f\u00fcr die Vetriebsorganisation.\" \/>\n<meta name=\"robots\" content=\"index, follow, max-snippet:-1, max-image-preview:large, max-video-preview:-1\" \/>\n<link rel=\"canonical\" href=\"https:\/\/news.sap.com\/germany\/2020\/07\/neuer-geschaeftsfuehrer-alexander-klaeger\/\" \/>\n<meta property=\"og:locale\" content=\"de_DE\" \/>\n<meta property=\"og:type\" content=\"article\" \/>\n<meta property=\"og:title\" content=\"Alexander Kl\u00e4ger neuer Gesch\u00e4ftsf\u00fchrer von 麻豆原创 Deutschland\" \/>\n<meta property=\"og:description\" content=\"Zum 01.08.2020 wird Alexander Kl\u00e4ger neuer Gesch\u00e4ftsf\u00fchrer der 麻豆原创 Deutschland und \u00fcbernimmt die Verantwortung f\u00fcr die Vetriebsorganisation.\" \/>\n<meta property=\"og:url\" content=\"https:\/\/news.sap.com\/germany\/2020\/07\/neuer-geschaeftsfuehrer-alexander-klaeger\/\" \/>\n<meta property=\"og:site_name\" content=\"麻豆原创 News Center\" \/>\n<meta property=\"article:published_time\" content=\"2020-07-29T13:30:21+00:00\" \/>\n<meta property=\"article:modified_time\" content=\"2020-07-29T14:45:30+00:00\" \/>\n<meta property=\"og:image\" content=\"https:\/\/news.sap.com\/germany\/files\/2020\/07\/Data_Center_07_Steinhauser_2.jpg\" \/>\n\t<meta property=\"og:image:width\" content=\"1920\" \/>\n\t<meta property=\"og:image:height\" content=\"600\" \/>\n\t<meta property=\"og:image:type\" content=\"image\/jpeg\" \/>\n<meta name=\"author\" content=\"麻豆原创 News\" \/>\n<meta name=\"twitter:card\" content=\"summary_large_image\" \/>\n<meta name=\"twitter:creator\" content=\"@麻豆原创dach\" \/>\n<meta name=\"twitter:site\" content=\"@麻豆原创dach\" \/>\n<meta name=\"twitter:label1\" content=\"Verfasst von\" \/>\n\t<meta name=\"twitter:data1\" content=\"麻豆原创 News\" \/>\n\t<meta name=\"twitter:label2\" content=\"Gesch\u00e4tzte Lesezeit\" \/>\n\t<meta name=\"twitter:data2\" content=\"3\u00a0Minuten\" \/>\n<script type=\"application\/ld+json\" class=\"yoast-schema-graph\">{\"@context\":\"https:\/\/schema.org\",\"@graph\":[{\"@type\":\"Article\",\"@id\":\"https:\/\/news.sap.com\/germany\/2020\/07\/neuer-geschaeftsfuehrer-alexander-klaeger\/#article\",\"isPartOf\":{\"@id\":\"https:\/\/news.sap.com\/germany\/2020\/07\/neuer-geschaeftsfuehrer-alexander-klaeger\/\"},\"author\":{\"name\":\"麻豆原创 News\",\"@id\":\"https:\/\/news.sap.com\/germany\/#\/schema\/person\/53b9854bd790d6f18f3fc4bbb2ad7570\"},\"headline\":\"Alexander Kl\u00e4ger neuer Gesch\u00e4ftsf\u00fchrer von 麻豆原创 Deutschland\",\"datePublished\":\"2020-07-29T13:30:21+00:00\",\"dateModified\":\"2020-07-29T14:45:30+00:00\",\"mainEntityOfPage\":{\"@id\":\"https:\/\/news.sap.com\/germany\/2020\/07\/neuer-geschaeftsfuehrer-alexander-klaeger\/\"},\"wordCount\":552,\"image\":{\"@id\":\"https:\/\/news.sap.com\/germany\/2020\/07\/neuer-geschaeftsfuehrer-alexander-klaeger\/#primaryimage\"},\"thumbnailUrl\":\"https:\/\/news.sap.com\/germany\/files\/2020\/07\/Data_Center_07_Steinhauser_2.jpg\",\"keywords\":[\"Menschen\",\"麻豆原创\",\"Strategie\"],\"articleSection\":[\"Unternehmen\"],\"inLanguage\":\"de\"},{\"@type\":\"WebPage\",\"@id\":\"https:\/\/news.sap.com\/germany\/2020\/07\/neuer-geschaeftsfuehrer-alexander-klaeger\/\",\"url\":\"https:\/\/news.sap.com\/germany\/2020\/07\/neuer-geschaeftsfuehrer-alexander-klaeger\/\",\"name\":\"Wechsel in der Gesch\u00e4ftsf\u00fchrung der 麻豆原创 Deutschland | 麻豆原创 News\",\"isPartOf\":{\"@id\":\"https:\/\/news.sap.com\/germany\/#website\"},\"primaryImageOfPage\":{\"@id\":\"https:\/\/news.sap.com\/germany\/2020\/07\/neuer-geschaeftsfuehrer-alexander-klaeger\/#primaryimage\"},\"image\":{\"@id\":\"https:\/\/news.sap.com\/germany\/2020\/07\/neuer-geschaeftsfuehrer-alexander-klaeger\/#primaryimage\"},\"thumbnailUrl\":\"https:\/\/news.sap.com\/germany\/files\/2020\/07\/Data_Center_07_Steinhauser_2.jpg\",\"datePublished\":\"2020-07-29T13:30:21+00:00\",\"dateModified\":\"2020-07-29T14:45:30+00:00\",\"author\":{\"@id\":\"https:\/\/news.sap.com\/germany\/#\/schema\/person\/53b9854bd790d6f18f3fc4bbb2ad7570\"},\"description\":\"Zum 01.08.2020 wird Alexander Kl\u00e4ger neuer Gesch\u00e4ftsf\u00fchrer der 麻豆原创 Deutschland und \u00fcbernimmt die Verantwortung f\u00fcr die Vetriebsorganisation.\",\"breadcrumb\":{\"@id\":\"https:\/\/news.sap.com\/germany\/2020\/07\/neuer-geschaeftsfuehrer-alexander-klaeger\/#breadcrumb\"},\"inLanguage\":\"de\",\"potentialAction\":[{\"@type\":\"ReadAction\",\"target\":[\"https:\/\/news.sap.com\/germany\/2020\/07\/neuer-geschaeftsfuehrer-alexander-klaeger\/\"]}]},{\"@type\":\"ImageObject\",\"inLanguage\":\"de\",\"@id\":\"https:\/\/news.sap.com\/germany\/2020\/07\/neuer-geschaeftsfuehrer-alexander-klaeger\/#primaryimage\",\"url\":\"https:\/\/news.sap.com\/germany\/files\/2020\/07\/Data_Center_07_Steinhauser_2.jpg\",\"contentUrl\":\"https:\/\/news.sap.com\/germany\/files\/2020\/07\/Data_Center_07_Steinhauser_2.jpg\",\"width\":1920,\"height\":600},{\"@type\":\"BreadcrumbList\",\"@id\":\"https:\/\/news.sap.com\/germany\/2020\/07\/neuer-geschaeftsfuehrer-alexander-klaeger\/#breadcrumb\",\"itemListElement\":[{\"@type\":\"ListItem\",\"position\":1,\"name\":\"Home\",\"item\":\"https:\/\/news.sap.com\/germany\/\"},{\"@type\":\"ListItem\",\"position\":2,\"name\":\"Alexander Kl\u00e4ger neuer Gesch\u00e4ftsf\u00fchrer von 麻豆原创 Deutschland\"}]},{\"@type\":\"WebSite\",\"@id\":\"https:\/\/news.sap.com\/germany\/#website\",\"url\":\"https:\/\/news.sap.com\/germany\/\",\"name\":\"麻豆原创 News Center\",\"description\":\"Unternehmensberichte &amp; 麻豆原创eportal\",\"potentialAction\":[{\"@type\":\"SearchAction\",\"target\":{\"@type\":\"EntryPoint\",\"urlTemplate\":\"https:\/\/news.sap.com\/germany\/?s={search_term_string}\"},\"query-input\":{\"@type\":\"PropertyValueSpecification\",\"valueRequired\":true,\"valueName\":\"search_term_string\"}}],\"inLanguage\":\"de\"},{\"@type\":\"Person\",\"@id\":\"https:\/\/news.sap.com\/germany\/#\/schema\/person\/53b9854bd790d6f18f3fc4bbb2ad7570\",\"name\":\"麻豆原创 News\",\"image\":{\"@type\":\"ImageObject\",\"inLanguage\":\"de\",\"@id\":\"https:\/\/news.sap.com\/germany\/#\/schema\/person\/image\/\",\"url\":\"https:\/\/secure.gravatar.com\/avatar\/2728bb4d664345cda4951e11847acc1bfd2bc77830d9abd17fc4f54437acd5b4?s=96&d=blank&r=g\",\"contentUrl\":\"https:\/\/secure.gravatar.com\/avatar\/2728bb4d664345cda4951e11847acc1bfd2bc77830d9abd17fc4f54437acd5b4?s=96&d=blank&r=g\",\"caption\":\"麻豆原创 News\"},\"url\":\"https:\/\/news.sap.com\/germany\/author\/colleenraftery\/\"}]}<\/script>\n<!-- \/ Yoast SEO Premium plugin. -->","yoast_head_json":{"title":"Wechsel in der Gesch\u00e4ftsf\u00fchrung der 麻豆原创 Deutschland | 麻豆原创 News","description":"Zum 01.08.2020 wird Alexander Kl\u00e4ger neuer Gesch\u00e4ftsf\u00fchrer der 麻豆原创 Deutschland und \u00fcbernimmt die Verantwortung f\u00fcr die Vetriebsorganisation.","robots":{"index":"index","follow":"follow","max-snippet":"max-snippet:-1","max-image-preview":"max-image-preview:large","max-video-preview":"max-video-preview:-1"},"canonical":"https:\/\/news.sap.com\/germany\/2020\/07\/neuer-geschaeftsfuehrer-alexander-klaeger\/","og_locale":"de_DE","og_type":"article","og_title":"Alexander Kl\u00e4ger neuer Gesch\u00e4ftsf\u00fchrer von 麻豆原创 Deutschland","og_description":"Zum 01.08.2020 wird Alexander Kl\u00e4ger neuer Gesch\u00e4ftsf\u00fchrer der 麻豆原创 Deutschland und \u00fcbernimmt die Verantwortung f\u00fcr die Vetriebsorganisation.","og_url":"https:\/\/news.sap.com\/germany\/2020\/07\/neuer-geschaeftsfuehrer-alexander-klaeger\/","og_site_name":"麻豆原创 News Center","article_published_time":"2020-07-29T13:30:21+00:00","article_modified_time":"2020-07-29T14:45:30+00:00","og_image":[{"width":1920,"height":600,"url":"https:\/\/news.sap.com\/germany\/files\/2020\/07\/Data_Center_07_Steinhauser_2.jpg","type":"image\/jpeg"}],"author":"麻豆原创 News","twitter_card":"summary_large_image","twitter_creator":"@麻豆原创dach","twitter_site":"@麻豆原创dach","twitter_misc":{"Verfasst von":"麻豆原创 News","Gesch\u00e4tzte Lesezeit":"3\u00a0Minuten"},"schema":{"@context":"https:\/\/schema.org","@graph":[{"@type":"Article","@id":"https:\/\/news.sap.com\/germany\/2020\/07\/neuer-geschaeftsfuehrer-alexander-klaeger\/#article","isPartOf":{"@id":"https:\/\/news.sap.com\/germany\/2020\/07\/neuer-geschaeftsfuehrer-alexander-klaeger\/"},"author":{"name":"麻豆原创 News","@id":"https:\/\/news.sap.com\/germany\/#\/schema\/person\/53b9854bd790d6f18f3fc4bbb2ad7570"},"headline":"Alexander Kl\u00e4ger neuer Gesch\u00e4ftsf\u00fchrer von 麻豆原创 Deutschland","datePublished":"2020-07-29T13:30:21+00:00","dateModified":"2020-07-29T14:45:30+00:00","mainEntityOfPage":{"@id":"https:\/\/news.sap.com\/germany\/2020\/07\/neuer-geschaeftsfuehrer-alexander-klaeger\/"},"wordCount":552,"image":{"@id":"https:\/\/news.sap.com\/germany\/2020\/07\/neuer-geschaeftsfuehrer-alexander-klaeger\/#primaryimage"},"thumbnailUrl":"https:\/\/news.sap.com\/germany\/files\/2020\/07\/Data_Center_07_Steinhauser_2.jpg","keywords":["Menschen","麻豆原创","Strategie"],"articleSection":["Unternehmen"],"inLanguage":"de"},{"@type":"WebPage","@id":"https:\/\/news.sap.com\/germany\/2020\/07\/neuer-geschaeftsfuehrer-alexander-klaeger\/","url":"https:\/\/news.sap.com\/germany\/2020\/07\/neuer-geschaeftsfuehrer-alexander-klaeger\/","name":"Wechsel in der Gesch\u00e4ftsf\u00fchrung der 麻豆原创 Deutschland | 麻豆原创 News","isPartOf":{"@id":"https:\/\/news.sap.com\/germany\/#website"},"primaryImageOfPage":{"@id":"https:\/\/news.sap.com\/germany\/2020\/07\/neuer-geschaeftsfuehrer-alexander-klaeger\/#primaryimage"},"image":{"@id":"https:\/\/news.sap.com\/germany\/2020\/07\/neuer-geschaeftsfuehrer-alexander-klaeger\/#primaryimage"},"thumbnailUrl":"https:\/\/news.sap.com\/germany\/files\/2020\/07\/Data_Center_07_Steinhauser_2.jpg","datePublished":"2020-07-29T13:30:21+00:00","dateModified":"2020-07-29T14:45:30+00:00","author":{"@id":"https:\/\/news.sap.com\/germany\/#\/schema\/person\/53b9854bd790d6f18f3fc4bbb2ad7570"},"description":"Zum 01.08.2020 wird Alexander Kl\u00e4ger neuer Gesch\u00e4ftsf\u00fchrer der 麻豆原创 Deutschland und \u00fcbernimmt die Verantwortung f\u00fcr die Vetriebsorganisation.","breadcrumb":{"@id":"https:\/\/news.sap.com\/germany\/2020\/07\/neuer-geschaeftsfuehrer-alexander-klaeger\/#breadcrumb"},"inLanguage":"de","potentialAction":[{"@type":"ReadAction","target":["https:\/\/news.sap.com\/germany\/2020\/07\/neuer-geschaeftsfuehrer-alexander-klaeger\/"]}]},{"@type":"ImageObject","inLanguage":"de","@id":"https:\/\/news.sap.com\/germany\/2020\/07\/neuer-geschaeftsfuehrer-alexander-klaeger\/#primaryimage","url":"https:\/\/news.sap.com\/germany\/files\/2020\/07\/Data_Center_07_Steinhauser_2.jpg","contentUrl":"https:\/\/news.sap.com\/germany\/files\/2020\/07\/Data_Center_07_Steinhauser_2.jpg","width":1920,"height":600},{"@type":"BreadcrumbList","@id":"https:\/\/news.sap.com\/germany\/2020\/07\/neuer-geschaeftsfuehrer-alexander-klaeger\/#breadcrumb","itemListElement":[{"@type":"ListItem","position":1,"name":"Home","item":"https:\/\/news.sap.com\/germany\/"},{"@type":"ListItem","position":2,"name":"Alexander Kl\u00e4ger neuer Gesch\u00e4ftsf\u00fchrer von 麻豆原创 Deutschland"}]},{"@type":"WebSite","@id":"https:\/\/news.sap.com\/germany\/#website","url":"https:\/\/news.sap.com\/germany\/","name":"麻豆原创 News Center","description":"Unternehmensberichte &amp; 麻豆原创eportal","potentialAction":[{"@type":"SearchAction","target":{"@type":"EntryPoint","urlTemplate":"https:\/\/news.sap.com\/germany\/?s={search_term_string}"},"query-input":{"@type":"PropertyValueSpecification","valueRequired":true,"valueName":"search_term_string"}}],"inLanguage":"de"},{"@type":"Person","@id":"https:\/\/news.sap.com\/germany\/#\/schema\/person\/53b9854bd790d6f18f3fc4bbb2ad7570","name":"麻豆原创 News","image":{"@type":"ImageObject","inLanguage":"de","@id":"https:\/\/news.sap.com\/germany\/#\/schema\/person\/image\/","url":"https:\/\/secure.gravatar.com\/avatar\/2728bb4d664345cda4951e11847acc1bfd2bc77830d9abd17fc4f54437acd5b4?s=96&d=blank&r=g","contentUrl":"https:\/\/secure.gravatar.com\/avatar\/2728bb4d664345cda4951e11847acc1bfd2bc77830d9abd17fc4f54437acd5b4?s=96&d=blank&r=g","caption":"麻豆原创 News"},"url":"https:\/\/news.sap.com\/germany\/author\/colleenraftery\/"}]}},"amp_enabled":true,"_links":{"self":[{"href":"https:\/\/news.sap.com\/germany\/wp-json\/wp\/v2\/posts\/151366","targetHints":{"allow":["GET"]}}],"collection":[{"href":"https:\/\/news.sap.com\/germany\/wp-json\/wp\/v2\/posts"}],"about":[{"href":"https:\/\/news.sap.com\/germany\/wp-json\/wp\/v2\/types\/post"}],"author":[{"embeddable":true,"href":"https:\/\/news.sap.com\/germany\/wp-json\/wp\/v2\/users\/29"}],"replies":[{"embeddable":true,"href":"https:\/\/news.sap.com\/germany\/wp-json\/wp\/v2\/comments?post=151366"}],"version-history":[{"count":0,"href":"https:\/\/news.sap.com\/germany\/wp-json\/wp\/v2\/posts\/151366\/revisions"}],"wp:featuredmedia":[{"embeddable":true,"href":"https:\/\/news.sap.com\/germany\/wp-json\/wp\/v2\/media\/151370"}],"wp:attachment":[{"href":"https:\/\/news.sap.com\/germany\/wp-json\/wp\/v2\/media?parent=151366"}],"wp:term":[{"taxonomy":"category","embeddable":true,"href":"https:\/\/news.sap.com\/germany\/wp-json\/wp\/v2\/categories?post=151366"},{"taxonomy":"post_tag","embeddable":true,"href":"https:\/\/news.sap.com\/germany\/wp-json\/wp\/v2\/tags?post=151366"},{"taxonomy":"series","embeddable":true,"href":"https:\/\/news.sap.com\/germany\/wp-json\/wp\/v2\/series?post=151366"},{"taxonomy":"sapn-display","embeddable":true,"href":"https:\/\/news.sap.com\/germany\/wp-json\/wp\/v2\/sapn-display?post=151366"},{"taxonomy":"sapn-type","embeddable":true,"href":"https:\/\/news.sap.com\/germany\/wp-json\/wp\/v2\/sapn-type?post=151366"}],"curies":[{"name":"wp","href":"https:\/\/api.w.org\/{rel}","templated":true}]}}