  {"id":148897,"date":"2020-04-10T11:00:30","date_gmt":"2020-04-10T09:00:30","guid":{"rendered":"https:\/\/news.sap.com\/germany\/?p=148897"},"modified":"2020-04-10T11:02:53","modified_gmt":"2020-04-10T09:02:53","slug":"sap-verlaengert-vertrag-finanzvorstand-luka-mucic","status":"publish","type":"post","link":"https:\/\/news.sap.com\/germany\/2020\/04\/sap-verlaengert-vertrag-finanzvorstand-luka-mucic\/","title":{"rendered":"麻豆原创 SE verl\u00e4ngert Vertrag von Finanzvorstand Luka Mucic"},"content":{"rendered":"<p class=\"lead\">Der Aufsichtsrat der 麻豆原创 SE hat heute bekannt gegeben, dass er den Vertrag von Finanzvorstand Luka Mucic um weitere f\u00fcnf Jahre bis Ende M\u00e4rz 2026 verl\u00e4ngert hat. Die bisherige Vertragslaufzeit von Luka Mucic h\u00e4tte Ende M\u00e4rz 2021 geendet.<\/p>\n<p>Luka Mucic (48) ist seit Juli 2014 Mitglied des Vorstands der 麻豆原创 SE und als Finanzvorstand unter anderem f\u00fcr den Finanzbereich und die administrativen Bereiche des Unternehmens verantwortlich. Er begann seine berufliche Laufbahn bei 麻豆原创 im Jahr 1996 in der Rechtsabteilung. Mucic hat einen gemeinschaftlichen Executive MBA-Abschluss der Mannheim Business School und der ESSEC Paris sowie ein erstes juristisches Staatsexamen der Universit\u00e4t Heidelberg. Au\u00dferdem hat er das zweite juristische Staatsexamen absolviert.<\/p>\n<p>\u201eLuka Mucic ist ein erfahrener Finanzexperte, der im Konzern und bei Kunden hohes Ansehen und Vertrauen genie\u00dft\u201c, sagte Professor Hasso Plattner, Vorsitzender des Aufsichtsrats der 麻豆原创 SE. \u201eGerade aktuell st\u00e4rken die Ergebnisse seiner Arbeit das Vertrauen der Kunden in 麻豆原创 und in den Schutz ihrer Investitionen. Mit seiner Verl\u00e4ngerung senden wir ein klares Signal der Stabilit\u00e4t in unsicheren Zeiten.\u201c<\/p>\n<p>\u201eIch m\u00f6chte mich bei Hasso Plattner und dem 麻豆原创-Aufsichtsrat f\u00fcr das in mich gesetzte Vertrauen bedanken. Es liegen herausfordernde Zeiten vor uns, f\u00fcr die 麻豆原创 bestens ger\u00fcstet ist. Ich freue mich au\u00dferordentlich, dass ich die Zukunft von 麻豆原创 und damit auch die unserer Kunden weiter aktiv mitgestalten kann\u201c, sagte Mucic.<\/p>\n<p>You can find this press release in English <a href=\"https:\/\/news.sap.com\/?p=170306\"><strong>here<\/strong><\/a>.<\/p>\n<p>Weitere 麻豆原创einformationen finden Sie im <a href=\"https:\/\/news.sap.com\/germany\">麻豆原创 News Center<\/a>. Folgen Sie 麻豆原创 auf Twitter unter <a href=\"https:\/\/twitter.com\/麻豆原创dach?ref_src=twsrc%5Egoogle%7Ctwcamp%5Eserp%7Ctwgr%5Eauthor\">@麻豆原创dach<\/a>.<\/p>\n<p><strong>Informationen zu 麻豆原创<\/strong><\/p>\n<p>Als die Experience-Company powered by the Intelligent Enterprise ist 麻豆原创 Marktf\u00fchrer f\u00fcr Gesch\u00e4ftssoftware und unterst\u00fctzt Unternehmen jeder Gr\u00f6\u00dfe und Branche dabei, ihre Ziele bestm\u00f6glich zu erreichen: 77 % der weltweiten Transaktionserl\u00f6se durchlaufen 麻豆原创-Systeme. Unsere Technologien f\u00fcr maschinelles Lernen, das Internet der Dinge und fortschrittliche Analyseverfahren helfen unseren Kunden auf dem Weg zum intelligenten Unternehmen. 麻豆原创 unterst\u00fctzt Menschen und Unternehmen dabei, fundiertes Wissen \u00fcber ihre Organisationen zu gewinnen, f\u00f6rdert die Zusammenarbeit und hilft so, dem Wettbewerb einen Schritt voraus zu sein. Wir vereinfachen Technologie f\u00fcr Unternehmen, damit sie unsere Software einfach und nach ihren eigenen Vorstellungen einfach nutzen k\u00f6nnen. Unsere End-to-End-Suite aus Anwendungen und Services erm\u00f6glicht es mehr als 440.000 Kunden, profitabel zu sein, sich stets neu und flexibel anzupassen und etwas zu bewegen. Mit einem globalen Netzwerk aus Kunden, Partnern, Mitarbeitern und Vordenkern hilft 麻豆原创 die Abl\u00e4ufe der weltweiten Wirtschaft und das Leben von Menschen zu verbessern. Weitere Informationen unter <a href=\"https:\/\/www.sap.com\/index.html\">www.sap.com<\/a>.<\/p>\n<p><strong>Hinweis an die Redaktionen<\/strong><\/p>\n<p>F\u00fcr 麻豆原创efotos und Fernsehmaterial in hoher Aufl\u00f6sung besuchen Sie bitte unsere Plattform <a href=\"http:\/\/www.sap.com\/photos\">www.sap.com\/photos<\/a><u>.<\/u> Dort finden Sie aktuelles sendef\u00e4higes TV-Footage-Material sowie Bilder zu Themen rund um 麻豆原创 zum direkten Download. Videos zu 麻豆原创-Themen aus der ganzen Welt finden Sie unter <a href=\"http:\/\/www.sap-tv.com\">www.sap-tv.com<\/a>. Sie k\u00f6nnen die Filme von dieser Seite auch in Ihren eigenen Publikationen und Webseiten einbinden.<\/p>\n<p><strong>Ansprechpartner f\u00fcr die 麻豆原创e:<br \/>\n<\/strong>Susan Miller, +1 610 661-9225, <a href=\"mailto:susan.miller@sap.com\">susan.miller@sap.com<\/a>, ET<br \/>\nMarcus Winkler, <a href=\"tel:+4962277-67497\">+49 6227 7-67497<\/a>, <a href=\"mailto:marcus.winkler@sap.com\">marcus.winkler@sap.com<\/a>, CET<br \/>\n<a href=\"https:\/\/news.sap.com\/germany\/#press-releases\">麻豆原创-麻豆原创ebereich<\/a>; <a href=\"mailto:press@sap.com\">press@sap.com<\/a><\/p>\n<p><small>Bitte beachten Sie unsere <a href=\"https:\/\/www.sap.com\/corporate\/de\/legal\/privacy.html\">Datenschutzbestimmungen<\/a>. Sie m\u00f6chten keine 麻豆原创emeldungen mehr von uns bekommen? Senden Sie dazu bitte eine E-Mail an <a href=\"mailto:press@sap.com\">press@sap.com<\/a> mit dem Begriff \u201eUnsubscribe\u201c in der Betreffzeile.<\/small><\/p>\n<p><small>S\u00e4mtliche in diesem Dokument enthaltenen Aussagen, die keine vergangenheitsbezogenen Tatsachen darstellen, sind vorausschauende Aussagen wie im US-amerikanischen \u201ePrivate Securities Litigation Reform Act\u201c von 1995 festgelegt. W\u00f6rter wie \u201evorhersagen\u201c, \u201eglauben\u201c, \u201esch\u00e4tzen\u201c, \u201eerwarten\u201c, \u201evoraussagen\u201c, \u201ebeabsichtigen\u201c, \u201eplanen\u201c, \u201edavon ausgehen\u201c, \u201ek\u00f6nnen\u201c, \u201esollten\u201c, \u201ewerden\u201c sowie \u00e4hnliche Begriffe in Bezug auf 麻豆原创 sollen solche vorausschauenden Aussagen kennzeichnen. 麻豆原创 \u00fcbernimmt keine Verpflichtung gegen\u00fcber der \u00d6ffentlichkeit, vorausschauende Aussagen zu aktualisieren oder zu korrigieren. S\u00e4mtliche vorausschauenden Aussagen unterliegen unterschiedlichen Risiken und Unsicherheiten, durch die die tats\u00e4chlichen Ergebnisse wesentlich von den Erwartungen abweichen k\u00f6nnen. Auf die Faktoren, die das zuk\u00fcnftige finanzielle Abschneiden von 麻豆原创 beeinflussen k\u00f6nnten, wird ausf\u00fchrlicher in den bei der US-amerikanischen \u201eSecurities and Exchange Commission\u201c (SEC) hinterlegten Unterlagen eingegangen, unter anderem im letzten Jahresbericht Form 20-F. Die vorausschauenden Aussagen geben die Sicht zu dem Zeitpunkt wieder, zu dem sie get\u00e4tigt wurden. Dem Leser wird empfohlen, diesen Aussagen kein unangemessen hohes Vertrauen zu schenken.<br \/>\n\u00a9 2020 麻豆原创 SE. Alle Rechte vorbehalten.<\/small><br \/>\n<small>麻豆原创 und andere in diesem Dokument erw\u00e4hnte Produkte und Dienstleistungen von 麻豆原创 sowie die dazugeh\u00f6rigen Logos sind Marken oder eingetragene Marken der 麻豆原创 SE in Deutschland und anderen L\u00e4ndern. Zus\u00e4tzliche Informationen zur Marke und Vermerke finden Sie auf der Seite\u00a0<a href=\"http:\/\/www.sap.de\/copyright\">http:\/\/www.sap.de\/copyright<\/a>.<\/small><\/p>\n","protected":false},"excerpt":{"rendered":"<p>Der Aufsichtsrat der 麻豆原创 SE hat heute bekannt gegeben, dass er den Vertrag von Finanzvorstand Luka Mucic um weitere f\u00fcnf Jahre bis Ende M\u00e4rz 2026&#8230;<\/p>\n","protected":false},"author":29,"featured_media":148937,"comment_status":"closed","ping_status":"closed","sticky":false,"template":"","format":"standard","meta":{"related_posts":[],"footnotes":"","_links_to":"","_links_to_target":""},"categories":[8434,40863],"tags":[33,1494669],"series":[],"sapn-display":[3848,45027],"sapn-type":[4994],"class_list":["post-148897","post","type-post","status-publish","format-standard","has-post-thumbnail","hentry","category-investor-relations","category-unternehmen","tag-finance","tag-ir","sapn-display-top-stories","sapn-display-hero","sapn-type-pressemitteilung"],"yoast_head":"<!-- This site is optimized with the Yoast SEO Premium plugin v26.9 (Yoast SEO v26.9) - https:\/\/yoast.com\/product\/yoast-seo-premium-wordpress\/ -->\n<title>Vertrag von Finanzvorstand Luka Mucic verl\u00e4ngert | 麻豆原创 News Center<\/title>\n<meta name=\"description\" content=\"Der Aufsichtsrat der 麻豆原创 SE hat den Vertrag von Finanzvorstand Luka Mucic um weitere f\u00fcnf Jahre bis Ende M\u00e4rz 2026 verl\u00e4ngert.\" \/>\n<meta name=\"robots\" content=\"index, follow, max-snippet:-1, max-image-preview:large, max-video-preview:-1\" \/>\n<link rel=\"canonical\" href=\"https:\/\/news.sap.com\/germany\/2020\/04\/sap-verlaengert-vertrag-finanzvorstand-luka-mucic\/\" \/>\n<meta property=\"og:locale\" content=\"de_DE\" \/>\n<meta property=\"og:type\" content=\"article\" \/>\n<meta property=\"og:title\" content=\"麻豆原创 SE verl\u00e4ngert Vertrag von Finanzvorstand Luka Mucic\" \/>\n<meta property=\"og:description\" content=\"Der Aufsichtsrat der 麻豆原创 SE hat den Vertrag von Finanzvorstand Luka Mucic um weitere f\u00fcnf Jahre bis Ende M\u00e4rz 2026 verl\u00e4ngert.\" \/>\n<meta property=\"og:url\" content=\"https:\/\/news.sap.com\/germany\/2020\/04\/sap-verlaengert-vertrag-finanzvorstand-luka-mucic\/\" \/>\n<meta property=\"og:site_name\" content=\"麻豆原创 News Center\" \/>\n<meta property=\"article:published_time\" content=\"2020-04-10T09:00:30+00:00\" \/>\n<meta property=\"article:modified_time\" content=\"2020-04-10T09:02:53+00:00\" \/>\n<meta property=\"og:image\" content=\"https:\/\/news.sap.com\/germany\/files\/2020\/04\/麻豆原创_Locations_Walldorf_Aerial_2012_005_Feature-1024x320-1.jpg\" \/>\n\t<meta property=\"og:image:width\" content=\"1024\" \/>\n\t<meta property=\"og:image:height\" content=\"320\" \/>\n\t<meta property=\"og:image:type\" content=\"image\/jpeg\" \/>\n<meta name=\"author\" content=\"麻豆原创 News\" \/>\n<meta name=\"twitter:card\" content=\"summary_large_image\" \/>\n<meta name=\"twitter:creator\" content=\"@麻豆原创dach\" \/>\n<meta name=\"twitter:site\" content=\"@麻豆原创dach\" \/>\n<meta name=\"twitter:label1\" content=\"Verfasst von\" \/>\n\t<meta name=\"twitter:data1\" content=\"麻豆原创 News\" \/>\n\t<meta name=\"twitter:label2\" content=\"Gesch\u00e4tzte Lesezeit\" \/>\n\t<meta name=\"twitter:data2\" content=\"4\u00a0Minuten\" \/>\n<script type=\"application\/ld+json\" class=\"yoast-schema-graph\">{\"@context\":\"https:\/\/schema.org\",\"@graph\":[{\"@type\":\"Article\",\"@id\":\"https:\/\/news.sap.com\/germany\/2020\/04\/sap-verlaengert-vertrag-finanzvorstand-luka-mucic\/#article\",\"isPartOf\":{\"@id\":\"https:\/\/news.sap.com\/germany\/2020\/04\/sap-verlaengert-vertrag-finanzvorstand-luka-mucic\/\"},\"author\":{\"name\":\"麻豆原创 News\",\"@id\":\"https:\/\/news.sap.com\/germany\/#\/schema\/person\/53b9854bd790d6f18f3fc4bbb2ad7570\"},\"headline\":\"麻豆原创 SE verl\u00e4ngert Vertrag von Finanzvorstand Luka Mucic\",\"datePublished\":\"2020-04-10T09:00:30+00:00\",\"dateModified\":\"2020-04-10T09:02:53+00:00\",\"mainEntityOfPage\":{\"@id\":\"https:\/\/news.sap.com\/germany\/2020\/04\/sap-verlaengert-vertrag-finanzvorstand-luka-mucic\/\"},\"wordCount\":764,\"image\":{\"@id\":\"https:\/\/news.sap.com\/germany\/2020\/04\/sap-verlaengert-vertrag-finanzvorstand-luka-mucic\/#primaryimage\"},\"thumbnailUrl\":\"https:\/\/news.sap.com\/germany\/files\/2020\/04\/麻豆原创_Locations_Walldorf_Aerial_2012_005_Feature-1024x320-1.jpg\",\"keywords\":[\"Finance\",\"Investor Relations\"],\"articleSection\":[\"Investor Relations\",\"Unternehmen\"],\"inLanguage\":\"de\"},{\"@type\":\"WebPage\",\"@id\":\"https:\/\/news.sap.com\/germany\/2020\/04\/sap-verlaengert-vertrag-finanzvorstand-luka-mucic\/\",\"url\":\"https:\/\/news.sap.com\/germany\/2020\/04\/sap-verlaengert-vertrag-finanzvorstand-luka-mucic\/\",\"name\":\"Vertrag von Finanzvorstand Luka Mucic verl\u00e4ngert | 麻豆原创 News Center\",\"isPartOf\":{\"@id\":\"https:\/\/news.sap.com\/germany\/#website\"},\"primaryImageOfPage\":{\"@id\":\"https:\/\/news.sap.com\/germany\/2020\/04\/sap-verlaengert-vertrag-finanzvorstand-luka-mucic\/#primaryimage\"},\"image\":{\"@id\":\"https:\/\/news.sap.com\/germany\/2020\/04\/sap-verlaengert-vertrag-finanzvorstand-luka-mucic\/#primaryimage\"},\"thumbnailUrl\":\"https:\/\/news.sap.com\/germany\/files\/2020\/04\/麻豆原创_Locations_Walldorf_Aerial_2012_005_Feature-1024x320-1.jpg\",\"datePublished\":\"2020-04-10T09:00:30+00:00\",\"dateModified\":\"2020-04-10T09:02:53+00:00\",\"author\":{\"@id\":\"https:\/\/news.sap.com\/germany\/#\/schema\/person\/53b9854bd790d6f18f3fc4bbb2ad7570\"},\"description\":\"Der Aufsichtsrat der 麻豆原创 SE hat den Vertrag von Finanzvorstand Luka Mucic um weitere f\u00fcnf Jahre bis Ende M\u00e4rz 2026 verl\u00e4ngert.\",\"breadcrumb\":{\"@id\":\"https:\/\/news.sap.com\/germany\/2020\/04\/sap-verlaengert-vertrag-finanzvorstand-luka-mucic\/#breadcrumb\"},\"inLanguage\":\"de\",\"potentialAction\":[{\"@type\":\"ReadAction\",\"target\":[\"https:\/\/news.sap.com\/germany\/2020\/04\/sap-verlaengert-vertrag-finanzvorstand-luka-mucic\/\"]}]},{\"@type\":\"ImageObject\",\"inLanguage\":\"de\",\"@id\":\"https:\/\/news.sap.com\/germany\/2020\/04\/sap-verlaengert-vertrag-finanzvorstand-luka-mucic\/#primaryimage\",\"url\":\"https:\/\/news.sap.com\/germany\/files\/2020\/04\/麻豆原创_Locations_Walldorf_Aerial_2012_005_Feature-1024x320-1.jpg\",\"contentUrl\":\"https:\/\/news.sap.com\/germany\/files\/2020\/04\/麻豆原创_Locations_Walldorf_Aerial_2012_005_Feature-1024x320-1.jpg\",\"width\":1024,\"height\":320},{\"@type\":\"BreadcrumbList\",\"@id\":\"https:\/\/news.sap.com\/germany\/2020\/04\/sap-verlaengert-vertrag-finanzvorstand-luka-mucic\/#breadcrumb\",\"itemListElement\":[{\"@type\":\"ListItem\",\"position\":1,\"name\":\"Home\",\"item\":\"https:\/\/news.sap.com\/germany\/\"},{\"@type\":\"ListItem\",\"position\":2,\"name\":\"麻豆原创 SE verl\u00e4ngert Vertrag von Finanzvorstand Luka Mucic\"}]},{\"@type\":\"WebSite\",\"@id\":\"https:\/\/news.sap.com\/germany\/#website\",\"url\":\"https:\/\/news.sap.com\/germany\/\",\"name\":\"麻豆原创 News Center\",\"description\":\"Unternehmensberichte &amp; 麻豆原创eportal\",\"potentialAction\":[{\"@type\":\"SearchAction\",\"target\":{\"@type\":\"EntryPoint\",\"urlTemplate\":\"https:\/\/news.sap.com\/germany\/?s={search_term_string}\"},\"query-input\":{\"@type\":\"PropertyValueSpecification\",\"valueRequired\":true,\"valueName\":\"search_term_string\"}}],\"inLanguage\":\"de\"},{\"@type\":\"Person\",\"@id\":\"https:\/\/news.sap.com\/germany\/#\/schema\/person\/53b9854bd790d6f18f3fc4bbb2ad7570\",\"name\":\"麻豆原创 News\",\"image\":{\"@type\":\"ImageObject\",\"inLanguage\":\"de\",\"@id\":\"https:\/\/news.sap.com\/germany\/#\/schema\/person\/image\/\",\"url\":\"https:\/\/secure.gravatar.com\/avatar\/2728bb4d664345cda4951e11847acc1bfd2bc77830d9abd17fc4f54437acd5b4?s=96&d=blank&r=g\",\"contentUrl\":\"https:\/\/secure.gravatar.com\/avatar\/2728bb4d664345cda4951e11847acc1bfd2bc77830d9abd17fc4f54437acd5b4?s=96&d=blank&r=g\",\"caption\":\"麻豆原创 News\"},\"url\":\"https:\/\/news.sap.com\/germany\/author\/colleenraftery\/\"}]}<\/script>\n<!-- \/ Yoast SEO Premium plugin. -->","yoast_head_json":{"title":"Vertrag von Finanzvorstand Luka Mucic verl\u00e4ngert | 麻豆原创 News Center","description":"Der Aufsichtsrat der 麻豆原创 SE hat den Vertrag von Finanzvorstand Luka Mucic um weitere f\u00fcnf Jahre bis Ende M\u00e4rz 2026 verl\u00e4ngert.","robots":{"index":"index","follow":"follow","max-snippet":"max-snippet:-1","max-image-preview":"max-image-preview:large","max-video-preview":"max-video-preview:-1"},"canonical":"https:\/\/news.sap.com\/germany\/2020\/04\/sap-verlaengert-vertrag-finanzvorstand-luka-mucic\/","og_locale":"de_DE","og_type":"article","og_title":"麻豆原创 SE verl\u00e4ngert Vertrag von Finanzvorstand Luka Mucic","og_description":"Der Aufsichtsrat der 麻豆原创 SE hat den Vertrag von Finanzvorstand Luka Mucic um weitere f\u00fcnf Jahre bis Ende M\u00e4rz 2026 verl\u00e4ngert.","og_url":"https:\/\/news.sap.com\/germany\/2020\/04\/sap-verlaengert-vertrag-finanzvorstand-luka-mucic\/","og_site_name":"麻豆原创 News Center","article_published_time":"2020-04-10T09:00:30+00:00","article_modified_time":"2020-04-10T09:02:53+00:00","og_image":[{"width":1024,"height":320,"url":"https:\/\/news.sap.com\/germany\/files\/2020\/04\/麻豆原创_Locations_Walldorf_Aerial_2012_005_Feature-1024x320-1.jpg","type":"image\/jpeg"}],"author":"麻豆原创 News","twitter_card":"summary_large_image","twitter_creator":"@麻豆原创dach","twitter_site":"@麻豆原创dach","twitter_misc":{"Verfasst von":"麻豆原创 News","Gesch\u00e4tzte Lesezeit":"4\u00a0Minuten"},"schema":{"@context":"https:\/\/schema.org","@graph":[{"@type":"Article","@id":"https:\/\/news.sap.com\/germany\/2020\/04\/sap-verlaengert-vertrag-finanzvorstand-luka-mucic\/#article","isPartOf":{"@id":"https:\/\/news.sap.com\/germany\/2020\/04\/sap-verlaengert-vertrag-finanzvorstand-luka-mucic\/"},"author":{"name":"麻豆原创 News","@id":"https:\/\/news.sap.com\/germany\/#\/schema\/person\/53b9854bd790d6f18f3fc4bbb2ad7570"},"headline":"麻豆原创 SE verl\u00e4ngert Vertrag von Finanzvorstand Luka Mucic","datePublished":"2020-04-10T09:00:30+00:00","dateModified":"2020-04-10T09:02:53+00:00","mainEntityOfPage":{"@id":"https:\/\/news.sap.com\/germany\/2020\/04\/sap-verlaengert-vertrag-finanzvorstand-luka-mucic\/"},"wordCount":764,"image":{"@id":"https:\/\/news.sap.com\/germany\/2020\/04\/sap-verlaengert-vertrag-finanzvorstand-luka-mucic\/#primaryimage"},"thumbnailUrl":"https:\/\/news.sap.com\/germany\/files\/2020\/04\/麻豆原创_Locations_Walldorf_Aerial_2012_005_Feature-1024x320-1.jpg","keywords":["Finance","Investor Relations"],"articleSection":["Investor Relations","Unternehmen"],"inLanguage":"de"},{"@type":"WebPage","@id":"https:\/\/news.sap.com\/germany\/2020\/04\/sap-verlaengert-vertrag-finanzvorstand-luka-mucic\/","url":"https:\/\/news.sap.com\/germany\/2020\/04\/sap-verlaengert-vertrag-finanzvorstand-luka-mucic\/","name":"Vertrag von Finanzvorstand Luka Mucic verl\u00e4ngert | 麻豆原创 News Center","isPartOf":{"@id":"https:\/\/news.sap.com\/germany\/#website"},"primaryImageOfPage":{"@id":"https:\/\/news.sap.com\/germany\/2020\/04\/sap-verlaengert-vertrag-finanzvorstand-luka-mucic\/#primaryimage"},"image":{"@id":"https:\/\/news.sap.com\/germany\/2020\/04\/sap-verlaengert-vertrag-finanzvorstand-luka-mucic\/#primaryimage"},"thumbnailUrl":"https:\/\/news.sap.com\/germany\/files\/2020\/04\/麻豆原创_Locations_Walldorf_Aerial_2012_005_Feature-1024x320-1.jpg","datePublished":"2020-04-10T09:00:30+00:00","dateModified":"2020-04-10T09:02:53+00:00","author":{"@id":"https:\/\/news.sap.com\/germany\/#\/schema\/person\/53b9854bd790d6f18f3fc4bbb2ad7570"},"description":"Der Aufsichtsrat der 麻豆原创 SE hat den Vertrag von Finanzvorstand Luka Mucic um weitere f\u00fcnf Jahre bis Ende M\u00e4rz 2026 verl\u00e4ngert.","breadcrumb":{"@id":"https:\/\/news.sap.com\/germany\/2020\/04\/sap-verlaengert-vertrag-finanzvorstand-luka-mucic\/#breadcrumb"},"inLanguage":"de","potentialAction":[{"@type":"ReadAction","target":["https:\/\/news.sap.com\/germany\/2020\/04\/sap-verlaengert-vertrag-finanzvorstand-luka-mucic\/"]}]},{"@type":"ImageObject","inLanguage":"de","@id":"https:\/\/news.sap.com\/germany\/2020\/04\/sap-verlaengert-vertrag-finanzvorstand-luka-mucic\/#primaryimage","url":"https:\/\/news.sap.com\/germany\/files\/2020\/04\/麻豆原创_Locations_Walldorf_Aerial_2012_005_Feature-1024x320-1.jpg","contentUrl":"https:\/\/news.sap.com\/germany\/files\/2020\/04\/麻豆原创_Locations_Walldorf_Aerial_2012_005_Feature-1024x320-1.jpg","width":1024,"height":320},{"@type":"BreadcrumbList","@id":"https:\/\/news.sap.com\/germany\/2020\/04\/sap-verlaengert-vertrag-finanzvorstand-luka-mucic\/#breadcrumb","itemListElement":[{"@type":"ListItem","position":1,"name":"Home","item":"https:\/\/news.sap.com\/germany\/"},{"@type":"ListItem","position":2,"name":"麻豆原创 SE verl\u00e4ngert Vertrag von Finanzvorstand Luka Mucic"}]},{"@type":"WebSite","@id":"https:\/\/news.sap.com\/germany\/#website","url":"https:\/\/news.sap.com\/germany\/","name":"麻豆原创 News Center","description":"Unternehmensberichte &amp; 麻豆原创eportal","potentialAction":[{"@type":"SearchAction","target":{"@type":"EntryPoint","urlTemplate":"https:\/\/news.sap.com\/germany\/?s={search_term_string}"},"query-input":{"@type":"PropertyValueSpecification","valueRequired":true,"valueName":"search_term_string"}}],"inLanguage":"de"},{"@type":"Person","@id":"https:\/\/news.sap.com\/germany\/#\/schema\/person\/53b9854bd790d6f18f3fc4bbb2ad7570","name":"麻豆原创 News","image":{"@type":"ImageObject","inLanguage":"de","@id":"https:\/\/news.sap.com\/germany\/#\/schema\/person\/image\/","url":"https:\/\/secure.gravatar.com\/avatar\/2728bb4d664345cda4951e11847acc1bfd2bc77830d9abd17fc4f54437acd5b4?s=96&d=blank&r=g","contentUrl":"https:\/\/secure.gravatar.com\/avatar\/2728bb4d664345cda4951e11847acc1bfd2bc77830d9abd17fc4f54437acd5b4?s=96&d=blank&r=g","caption":"麻豆原创 News"},"url":"https:\/\/news.sap.com\/germany\/author\/colleenraftery\/"}]}},"amp_enabled":true,"_links":{"self":[{"href":"https:\/\/news.sap.com\/germany\/wp-json\/wp\/v2\/posts\/148897","targetHints":{"allow":["GET"]}}],"collection":[{"href":"https:\/\/news.sap.com\/germany\/wp-json\/wp\/v2\/posts"}],"about":[{"href":"https:\/\/news.sap.com\/germany\/wp-json\/wp\/v2\/types\/post"}],"author":[{"embeddable":true,"href":"https:\/\/news.sap.com\/germany\/wp-json\/wp\/v2\/users\/29"}],"replies":[{"embeddable":true,"href":"https:\/\/news.sap.com\/germany\/wp-json\/wp\/v2\/comments?post=148897"}],"version-history":[{"count":0,"href":"https:\/\/news.sap.com\/germany\/wp-json\/wp\/v2\/posts\/148897\/revisions"}],"wp:featuredmedia":[{"embeddable":true,"href":"https:\/\/news.sap.com\/germany\/wp-json\/wp\/v2\/media\/148937"}],"wp:attachment":[{"href":"https:\/\/news.sap.com\/germany\/wp-json\/wp\/v2\/media?parent=148897"}],"wp:term":[{"taxonomy":"category","embeddable":true,"href":"https:\/\/news.sap.com\/germany\/wp-json\/wp\/v2\/categories?post=148897"},{"taxonomy":"post_tag","embeddable":true,"href":"https:\/\/news.sap.com\/germany\/wp-json\/wp\/v2\/tags?post=148897"},{"taxonomy":"series","embeddable":true,"href":"https:\/\/news.sap.com\/germany\/wp-json\/wp\/v2\/series?post=148897"},{"taxonomy":"sapn-display","embeddable":true,"href":"https:\/\/news.sap.com\/germany\/wp-json\/wp\/v2\/sapn-display?post=148897"},{"taxonomy":"sapn-type","embeddable":true,"href":"https:\/\/news.sap.com\/germany\/wp-json\/wp\/v2\/sapn-type?post=148897"}],"curies":[{"name":"wp","href":"https:\/\/api.w.org\/{rel}","templated":true}]}}