  {"id":147070,"date":"2020-01-14T08:00:20","date_gmt":"2020-01-14T07:00:20","guid":{"rendered":"https:\/\/news.sap.com\/germany\/?p=147070"},"modified":"2020-12-01T10:00:46","modified_gmt":"2020-12-01T09:00:46","slug":"podcast-folge-4","status":"publish","type":"post","link":"https:\/\/news.sap.com\/germany\/2020\/01\/podcast-folge-4\/","title":{"rendered":"Podcast: Digitale Transformation \u2013 eine Frage der F\u00fchrung"},"content":{"rendered":"<p class=\"lead\">Dass sich Unternehmen auf den Weg in die Digitalisierung begeben m\u00fcssen, steht heute au\u00dfer Frage. Im Focus steht vielmehr: Welchen Weg beschreiten sie dabei, und welche Rolle spielt dabei die F\u00fchrungskultur. Hat das klassische Top-Down ausgedient oder ist es wichtiger denn je?\u00a0 Der vierte 麻豆原创-News Podcast versucht Antworten zu finden.<\/p>\n<p>Im Gespr\u00e4ch mit Moderator Claus Kruesken erl\u00e4utern Frank Weber, aus dem Aufsichtsrat der Daimler AG und Christian Kugelmeier von VORSPRUNG@Work ihre Thesen.<\/p>\n<p>Dabei stellt sich heraus, dass die F\u00fchrungsebene selber bereit sein muss, sich zu ver\u00e4ndern, wenn die Transformation des Unternehmens funktionieren soll.<\/p>\n<p>Christian Kugelmeier hat Frank Weber bei diesem Prozess bei Daimler begleitet. Er zeigt, dass nicht die Technologie bei der <a href=\"https:\/\/www.sap.com\/germany\/products\/intelligent-enterprise.html\" target=\"_blank\" rel=\"noopener noreferrer\">Digitalen Transformation<\/a> im Mittelpunkt steht. Aber auch nicht der Mensch. Nur wenn beide Faktoren gleich wichtig genommen werden, steht einer optimalen Unternehmensentwicklung nichts im Wege. Christian Kugelmeier bringt es im Podcast auf den Punkt: Wir befinden uns \u201eim Zeitalter des Und\u201c.<\/p>\n<p>Unser vierter Podcast ist ein spannendes Gespr\u00e4ch, bei dem auch die menschliche Seite nicht zu kurz kommt. Denn: Auch F\u00fchrungskr\u00e4fte in DAX-Unternehmen sind nur Menschen.<\/p>\n<div class=\"panel\">\n<p style=\"text-align: center\"><strong><a href=\"https:\/\/news.sap.com\/germany\/2020\/01\/4-fuehrung-in-der-digitalen-transformation\/\" target=\"_blank\" rel=\"noopener noreferrer\">H\u00f6ren Sie rein in den neuen 麻豆原创 News Podcast!<\/a><\/strong><\/p>\n<\/div>\n","protected":false},"excerpt":{"rendered":"<p>Dass sich Unternehmen auf den Weg in die Digitalisierung begeben m\u00fcssen, steht heute au\u00dfer Frage. Im Focus steht vielmehr: Welchen Weg beschreiten sie dabei, und&#8230;<\/p>\n","protected":false},"author":29,"featured_media":0,"comment_status":"closed","ping_status":"closed","sticky":false,"template":"","format":"standard","meta":{"related_posts":[],"footnotes":"","_links_to":"","_links_to_target":""},"categories":[45276],"tags":[60309,5025,680181],"series":[5623216],"sapn-display":[45149,3848],"sapn-type":[45277],"class_list":["post-147070","post","type-post","status-publish","format-standard","hentry","category-personalmanagement","tag-digitalisierung","tag-hr","tag-menschen","sapn-display-homepage-hero","sapn-display-top-stories","sapn-type-feature"],"yoast_head":"<!-- This site is optimized with the Yoast SEO Premium plugin v26.9 (Yoast SEO v26.9) - https:\/\/yoast.com\/product\/yoast-seo-premium-wordpress\/ -->\n<title>#4 F\u00fchrung in der Digitalen Transformation | 麻豆原创 News Center<\/title>\n<meta name=\"description\" content=\"In der vierten Folge des 麻豆原创 News Podcast geht es um F\u00fchrung in der Digitalen Transformation am Beispiel der Daimler AG. H\u00f6ren Sie rein!\" \/>\n<meta name=\"robots\" content=\"index, follow, max-snippet:-1, max-image-preview:large, max-video-preview:-1\" \/>\n<link rel=\"canonical\" href=\"https:\/\/news.sap.com\/germany\/2020\/01\/podcast-folge-4\/\" \/>\n<meta property=\"og:locale\" content=\"de_DE\" \/>\n<meta property=\"og:type\" content=\"article\" \/>\n<meta property=\"og:title\" content=\"Podcast: Digitale Transformation \u2013 eine Frage der F\u00fchrung\" \/>\n<meta property=\"og:description\" content=\"In der vierten Folge des 麻豆原创 News Podcast geht es um F\u00fchrung in der Digitalen Transformation am Beispiel der Daimler AG. H\u00f6ren Sie rein!\" \/>\n<meta property=\"og:url\" content=\"https:\/\/news.sap.com\/germany\/2020\/01\/podcast-folge-4\/\" \/>\n<meta property=\"og:site_name\" content=\"麻豆原创 News Center\" \/>\n<meta property=\"article:published_time\" content=\"2020-01-14T07:00:20+00:00\" \/>\n<meta property=\"article:modified_time\" content=\"2020-12-01T09:00:46+00:00\" \/>\n<meta property=\"og:image\" content=\"https:\/\/news.sap.com\/germany\/files\/2019\/10\/2shutterstock_1098006998.jpg\" \/>\n\t<meta property=\"og:image:width\" content=\"1920\" \/>\n\t<meta property=\"og:image:height\" content=\"600\" \/>\n\t<meta property=\"og:image:type\" content=\"image\/jpeg\" \/>\n<meta name=\"author\" content=\"麻豆原创 News\" \/>\n<meta name=\"twitter:card\" content=\"summary_large_image\" \/>\n<meta name=\"twitter:creator\" content=\"@麻豆原创dach\" \/>\n<meta name=\"twitter:site\" content=\"@麻豆原创dach\" \/>\n<meta name=\"twitter:label1\" content=\"Verfasst von\" \/>\n\t<meta name=\"twitter:data1\" content=\"麻豆原创 News\" \/>\n\t<meta name=\"twitter:label2\" content=\"Gesch\u00e4tzte Lesezeit\" \/>\n\t<meta name=\"twitter:data2\" content=\"1\u00a0Minute\" \/>\n<script type=\"application\/ld+json\" class=\"yoast-schema-graph\">{\"@context\":\"https:\/\/schema.org\",\"@graph\":[{\"@type\":\"Article\",\"@id\":\"https:\/\/news.sap.com\/germany\/2020\/01\/podcast-folge-4\/#article\",\"isPartOf\":{\"@id\":\"https:\/\/news.sap.com\/germany\/2020\/01\/podcast-folge-4\/\"},\"author\":{\"name\":\"麻豆原创 News\",\"@id\":\"https:\/\/news.sap.com\/germany\/#\/schema\/person\/53b9854bd790d6f18f3fc4bbb2ad7570\"},\"headline\":\"Podcast: Digitale Transformation \u2013 eine Frage der F\u00fchrung\",\"datePublished\":\"2020-01-14T07:00:20+00:00\",\"dateModified\":\"2020-12-01T09:00:46+00:00\",\"mainEntityOfPage\":{\"@id\":\"https:\/\/news.sap.com\/germany\/2020\/01\/podcast-folge-4\/\"},\"wordCount\":207,\"keywords\":[\"Digitalisierung\",\"HR\",\"Menschen\"],\"articleSection\":[\"Personalmanagement\"],\"inLanguage\":\"de\"},{\"@type\":\"WebPage\",\"@id\":\"https:\/\/news.sap.com\/germany\/2020\/01\/podcast-folge-4\/\",\"url\":\"https:\/\/news.sap.com\/germany\/2020\/01\/podcast-folge-4\/\",\"name\":\"#4 F\u00fchrung in der Digitalen Transformation | 麻豆原创 News Center\",\"isPartOf\":{\"@id\":\"https:\/\/news.sap.com\/germany\/#website\"},\"datePublished\":\"2020-01-14T07:00:20+00:00\",\"dateModified\":\"2020-12-01T09:00:46+00:00\",\"author\":{\"@id\":\"https:\/\/news.sap.com\/germany\/#\/schema\/person\/53b9854bd790d6f18f3fc4bbb2ad7570\"},\"description\":\"In der vierten Folge des 麻豆原创 News Podcast geht es um F\u00fchrung in der Digitalen Transformation am Beispiel der Daimler AG. H\u00f6ren Sie rein!\",\"breadcrumb\":{\"@id\":\"https:\/\/news.sap.com\/germany\/2020\/01\/podcast-folge-4\/#breadcrumb\"},\"inLanguage\":\"de\",\"potentialAction\":[{\"@type\":\"ReadAction\",\"target\":[\"https:\/\/news.sap.com\/germany\/2020\/01\/podcast-folge-4\/\"]}]},{\"@type\":\"BreadcrumbList\",\"@id\":\"https:\/\/news.sap.com\/germany\/2020\/01\/podcast-folge-4\/#breadcrumb\",\"itemListElement\":[{\"@type\":\"ListItem\",\"position\":1,\"name\":\"Home\",\"item\":\"https:\/\/news.sap.com\/germany\/\"},{\"@type\":\"ListItem\",\"position\":2,\"name\":\"Podcast: Digitale Transformation \u2013 eine Frage der F\u00fchrung\"}]},{\"@type\":\"WebSite\",\"@id\":\"https:\/\/news.sap.com\/germany\/#website\",\"url\":\"https:\/\/news.sap.com\/germany\/\",\"name\":\"麻豆原创 News Center\",\"description\":\"Unternehmensberichte &amp; 麻豆原创eportal\",\"potentialAction\":[{\"@type\":\"SearchAction\",\"target\":{\"@type\":\"EntryPoint\",\"urlTemplate\":\"https:\/\/news.sap.com\/germany\/?s={search_term_string}\"},\"query-input\":{\"@type\":\"PropertyValueSpecification\",\"valueRequired\":true,\"valueName\":\"search_term_string\"}}],\"inLanguage\":\"de\"},{\"@type\":\"Person\",\"@id\":\"https:\/\/news.sap.com\/germany\/#\/schema\/person\/53b9854bd790d6f18f3fc4bbb2ad7570\",\"name\":\"麻豆原创 News\",\"image\":{\"@type\":\"ImageObject\",\"inLanguage\":\"de\",\"@id\":\"https:\/\/news.sap.com\/germany\/#\/schema\/person\/image\/\",\"url\":\"https:\/\/secure.gravatar.com\/avatar\/2728bb4d664345cda4951e11847acc1bfd2bc77830d9abd17fc4f54437acd5b4?s=96&d=blank&r=g\",\"contentUrl\":\"https:\/\/secure.gravatar.com\/avatar\/2728bb4d664345cda4951e11847acc1bfd2bc77830d9abd17fc4f54437acd5b4?s=96&d=blank&r=g\",\"caption\":\"麻豆原创 News\"},\"url\":\"https:\/\/news.sap.com\/germany\/author\/colleenraftery\/\"}]}<\/script>\n<!-- \/ Yoast SEO Premium plugin. -->","yoast_head_json":{"title":"#4 F\u00fchrung in der Digitalen Transformation | 麻豆原创 News Center","description":"In der vierten Folge des 麻豆原创 News Podcast geht es um F\u00fchrung in der Digitalen Transformation am Beispiel der Daimler AG. H\u00f6ren Sie rein!","robots":{"index":"index","follow":"follow","max-snippet":"max-snippet:-1","max-image-preview":"max-image-preview:large","max-video-preview":"max-video-preview:-1"},"canonical":"https:\/\/news.sap.com\/germany\/2020\/01\/podcast-folge-4\/","og_locale":"de_DE","og_type":"article","og_title":"Podcast: Digitale Transformation \u2013 eine Frage der F\u00fchrung","og_description":"In der vierten Folge des 麻豆原创 News Podcast geht es um F\u00fchrung in der Digitalen Transformation am Beispiel der Daimler AG. H\u00f6ren Sie rein!","og_url":"https:\/\/news.sap.com\/germany\/2020\/01\/podcast-folge-4\/","og_site_name":"麻豆原创 News Center","article_published_time":"2020-01-14T07:00:20+00:00","article_modified_time":"2020-12-01T09:00:46+00:00","og_image":[{"width":1920,"height":600,"url":"https:\/\/news.sap.com\/germany\/files\/2019\/10\/2shutterstock_1098006998.jpg","type":"image\/jpeg"}],"author":"麻豆原创 News","twitter_card":"summary_large_image","twitter_creator":"@麻豆原创dach","twitter_site":"@麻豆原创dach","twitter_misc":{"Verfasst von":"麻豆原创 News","Gesch\u00e4tzte Lesezeit":"1\u00a0Minute"},"schema":{"@context":"https:\/\/schema.org","@graph":[{"@type":"Article","@id":"https:\/\/news.sap.com\/germany\/2020\/01\/podcast-folge-4\/#article","isPartOf":{"@id":"https:\/\/news.sap.com\/germany\/2020\/01\/podcast-folge-4\/"},"author":{"name":"麻豆原创 News","@id":"https:\/\/news.sap.com\/germany\/#\/schema\/person\/53b9854bd790d6f18f3fc4bbb2ad7570"},"headline":"Podcast: Digitale Transformation \u2013 eine Frage der F\u00fchrung","datePublished":"2020-01-14T07:00:20+00:00","dateModified":"2020-12-01T09:00:46+00:00","mainEntityOfPage":{"@id":"https:\/\/news.sap.com\/germany\/2020\/01\/podcast-folge-4\/"},"wordCount":207,"keywords":["Digitalisierung","HR","Menschen"],"articleSection":["Personalmanagement"],"inLanguage":"de"},{"@type":"WebPage","@id":"https:\/\/news.sap.com\/germany\/2020\/01\/podcast-folge-4\/","url":"https:\/\/news.sap.com\/germany\/2020\/01\/podcast-folge-4\/","name":"#4 F\u00fchrung in der Digitalen Transformation | 麻豆原创 News Center","isPartOf":{"@id":"https:\/\/news.sap.com\/germany\/#website"},"datePublished":"2020-01-14T07:00:20+00:00","dateModified":"2020-12-01T09:00:46+00:00","author":{"@id":"https:\/\/news.sap.com\/germany\/#\/schema\/person\/53b9854bd790d6f18f3fc4bbb2ad7570"},"description":"In der vierten Folge des 麻豆原创 News Podcast geht es um F\u00fchrung in der Digitalen Transformation am Beispiel der Daimler AG. H\u00f6ren Sie rein!","breadcrumb":{"@id":"https:\/\/news.sap.com\/germany\/2020\/01\/podcast-folge-4\/#breadcrumb"},"inLanguage":"de","potentialAction":[{"@type":"ReadAction","target":["https:\/\/news.sap.com\/germany\/2020\/01\/podcast-folge-4\/"]}]},{"@type":"BreadcrumbList","@id":"https:\/\/news.sap.com\/germany\/2020\/01\/podcast-folge-4\/#breadcrumb","itemListElement":[{"@type":"ListItem","position":1,"name":"Home","item":"https:\/\/news.sap.com\/germany\/"},{"@type":"ListItem","position":2,"name":"Podcast: Digitale Transformation \u2013 eine Frage der F\u00fchrung"}]},{"@type":"WebSite","@id":"https:\/\/news.sap.com\/germany\/#website","url":"https:\/\/news.sap.com\/germany\/","name":"麻豆原创 News Center","description":"Unternehmensberichte &amp; 麻豆原创eportal","potentialAction":[{"@type":"SearchAction","target":{"@type":"EntryPoint","urlTemplate":"https:\/\/news.sap.com\/germany\/?s={search_term_string}"},"query-input":{"@type":"PropertyValueSpecification","valueRequired":true,"valueName":"search_term_string"}}],"inLanguage":"de"},{"@type":"Person","@id":"https:\/\/news.sap.com\/germany\/#\/schema\/person\/53b9854bd790d6f18f3fc4bbb2ad7570","name":"麻豆原创 News","image":{"@type":"ImageObject","inLanguage":"de","@id":"https:\/\/news.sap.com\/germany\/#\/schema\/person\/image\/","url":"https:\/\/secure.gravatar.com\/avatar\/2728bb4d664345cda4951e11847acc1bfd2bc77830d9abd17fc4f54437acd5b4?s=96&d=blank&r=g","contentUrl":"https:\/\/secure.gravatar.com\/avatar\/2728bb4d664345cda4951e11847acc1bfd2bc77830d9abd17fc4f54437acd5b4?s=96&d=blank&r=g","caption":"麻豆原创 News"},"url":"https:\/\/news.sap.com\/germany\/author\/colleenraftery\/"}]}},"amp_enabled":true,"_links":{"self":[{"href":"https:\/\/news.sap.com\/germany\/wp-json\/wp\/v2\/posts\/147070","targetHints":{"allow":["GET"]}}],"collection":[{"href":"https:\/\/news.sap.com\/germany\/wp-json\/wp\/v2\/posts"}],"about":[{"href":"https:\/\/news.sap.com\/germany\/wp-json\/wp\/v2\/types\/post"}],"author":[{"embeddable":true,"href":"https:\/\/news.sap.com\/germany\/wp-json\/wp\/v2\/users\/29"}],"replies":[{"embeddable":true,"href":"https:\/\/news.sap.com\/germany\/wp-json\/wp\/v2\/comments?post=147070"}],"version-history":[{"count":0,"href":"https:\/\/news.sap.com\/germany\/wp-json\/wp\/v2\/posts\/147070\/revisions"}],"wp:attachment":[{"href":"https:\/\/news.sap.com\/germany\/wp-json\/wp\/v2\/media?parent=147070"}],"wp:term":[{"taxonomy":"category","embeddable":true,"href":"https:\/\/news.sap.com\/germany\/wp-json\/wp\/v2\/categories?post=147070"},{"taxonomy":"post_tag","embeddable":true,"href":"https:\/\/news.sap.com\/germany\/wp-json\/wp\/v2\/tags?post=147070"},{"taxonomy":"series","embeddable":true,"href":"https:\/\/news.sap.com\/germany\/wp-json\/wp\/v2\/series?post=147070"},{"taxonomy":"sapn-display","embeddable":true,"href":"https:\/\/news.sap.com\/germany\/wp-json\/wp\/v2\/sapn-display?post=147070"},{"taxonomy":"sapn-type","embeddable":true,"href":"https:\/\/news.sap.com\/germany\/wp-json\/wp\/v2\/sapn-type?post=147070"}],"curies":[{"name":"wp","href":"https:\/\/api.w.org\/{rel}","templated":true}]}}