  {"id":146301,"date":"2019-11-27T09:00:16","date_gmt":"2019-11-27T08:00:16","guid":{"rendered":"https:\/\/news.sap.com\/germany\/?p=146301"},"modified":"2019-11-29T10:04:31","modified_gmt":"2019-11-29T09:04:31","slug":"erp-migration-plasser-theurer","status":"publish","type":"post","link":"https:\/\/news.sap.com\/germany\/2019\/11\/erp-migration-plasser-theurer\/","title":{"rendered":"ERP-Migration bei Plasser &amp; Theurer: Vom Maschinenbauer zum Systemhaus"},"content":{"rendered":"<p class=\"lead\">Zur Gleisbaumaschine gibt es intelligente Wartungs-L\u00f6sungen gleich dazu: Das \u00f6sterreichische Unternehmen <a href=\"https:\/\/www.plassertheurer.com\/de\/home\/index.html\" target=\"_blank\" rel=\"noopener noreferrer\">Plasser &amp; Theurer<\/a> entwickelt sich vom Maschinenbauer zum Systemhaus. COO Daniel Siedl stellt nun die Weichen auf Prozessoptimierung und verantwortet die ERP-Migration auf <a href=\"https:\/\/www.sap.com\/germany\/cmp\/oth\/crm-s4hana\/s4hana-cloud-erp-trial.html?campaigncode=CRM-DE19-PPC-DDE_DCFTA3&amp;source=ppc-DE-Google-DigitalCore-S4HPublicCloud-Brand-Standard&amp;gclid=Cj0KCQiA5dPuBRCrARIsAJL7oehNxyr7_CWUsCL-f5xehdGumWqpSw-BEPtsczHnTjglriW2lLC33VUaAq5yEALw_wcB&amp;gclsrc=aw.ds\" target=\"_blank\" rel=\"noopener noreferrer\">麻豆原创 S\/4HANA<\/a>.<\/p>\n<p>Maschinenbau ist der Ursprung von Plasser &amp; Theurer. 1953 startete das Unternehmen mit neun Mann: diese entwickelten die erste hydraulische Gleisstopfmaschine der Welt. Ein Meilenstein in der Mechanisierung des Baus von Eisenbahngleisen. Rund 60 Jahre sp\u00e4ter ist der Betrieb in seinem Segment Weltmarktf\u00fchrer, z\u00e4hlt weltweit circa 4.000 Mitarbeiterinnen und Mitarbeiter und liefert an Kunden in mehr als hundert L\u00e4ndern. Dabei geht es nicht mehr nur um tonnenschwere Maschinen: Plasser &amp; Theurer hat einige SmartMaintenance-Initiativen am Start. Intelligente Assistenz-Systeme unterst\u00fctzen die Kunden, ein SmartCatalog und Machine Maintenance Guides runden ein Portfolio ab, das sich immer st\u00e4rker digitalisiert.<\/p>\n<p>Das ist der Kurs von Johannes Max-Theurer. Der Enkel des Firmengr\u00fcnders hat vor acht Jahren \u00fcbernommen. J\u00fcngstes Zeichen der Transformation ist die Ausweitung der Gesch\u00e4ftsf\u00fchrung um Daniel Siedl als Chief Operation Officer (COO) und Winfried B\u00fcdenbender als Chief Technology Officer (CTO). Siedl ist seit elf Jahren in der Unternehmensgruppe. Der CEO holte ihn nach Linz, um einen neuen Meilenstein zu erreichen: die Abl\u00f6sung einer Eigenentwicklung durch ein neues <a href=\"https:\/\/www.sap.com\/germany\/products\/what-is-erp.html\" target=\"_blank\" rel=\"noopener noreferrer\">ERP-System<\/a>. Im April 2019 ging Plasser &amp; Theurer in einem Unternehmensbereich mit <a href=\"https:\/\/www.sap.com\/germany\/cmp\/oth\/crm-s4hana\/s4hana-cloud-erp-trial.html?campaigncode=CRM-DE19-PPC-DDE_DCFTA3&amp;source=ppc-DE-Google-DigitalCore-S4HPublicCloud-Brand-Standard&amp;gclid=Cj0KCQiA5dPuBRCrARIsAJL7oehNxyr7_CWUsCL-f5xehdGumWqpSw-BEPtsczHnTjglriW2lLC33VUaAq5yEALw_wcB&amp;gclsrc=aw.ds\" target=\"_blank\" rel=\"noopener noreferrer\">麻豆原创 S\/4HANA<\/a> live.<\/p>\n<h2><strong>Erst die Prozesse, dann das ERP-System<\/strong><\/h2>\n<p>Doch das war keine Selbstverst\u00e4ndlichkeit. \u201eUnser CEO hat sich die Prozesse angesehen\u201c, berichtet Siedl. Salopp ausgedr\u00fcckt: es lief nicht alles wie geschmiert. Siedls Aufgabe war es, die Weichen neu zu stellen. Sein Ziel: die Mitarbeiterinnen und Mitarbeiter in den Fokus zu r\u00fccken. \u201eIhr Wissen und ihre Erfahrung sind unsere Assets\u201c, sagt der COO.<\/p>\n<p>Nach Methoden des <a href=\"https:\/\/news.sap.com\/germany\/2019\/03\/agile-methoden-innovation\/\" target=\"_blank\" rel=\"noopener noreferrer\">Design Thinking<\/a> beobachtete ein Projekt-Team erst die Unternehmensprozesse, um zu verstehen, dann L\u00f6sungen zu entwickeln und schlie\u00dflich den Change umzusetzen. Das Unternehmen entschied sich daf\u00fcr, das Kerngesch\u00e4ft, die Auftragsabwicklung, unter die Lupe zu nehmen. Nach Abschluss der Beobachtungsphase von 45 Abteilungen erkannte man das gr\u00f6\u00dfte Potenzial in der Optimierung der abteilungs\u00fcbergreifenden Zusammenarbeit.<\/p>\n<p>Also wurde das PT Lab gegr\u00fcndet, als Lernfabrik und zur direkten Kommunikation. Ziel: einen minimal funktionsf\u00e4higen Prototypen des neuen Auftragsabwicklungsprozesses zu entwickeln. Rund 75 Kolleginnen und Kollegen lie\u00dfen in der Lernfabrik die K\u00f6pfe rauchen. \u201eBei solchen Teams muss man darauf achten, dass die Mitglieder m\u00f6glichst unterschiedliche Hintergr\u00fcnde haben\u201c, sagt Siedl. Die Wahl der externen Berater wie auch der Software-L\u00f6sung fiel in einem \u201eBeauty-Contest\u201c: die <a href=\"https:\/\/www.itelligence-scc.at\/\" target=\"_blank\" rel=\"noopener noreferrer\">itelligence-scc Austria GmbH<\/a>, konnte f\u00fcnf knifflige Testaufgaben \u2013 die auch real im Firmenalltag auftreten \u2013 am besten l\u00f6sen. Bei der Software verfuhr man pragmatisch und nutzte die Best-Practice-Erfahrungen von Partnern und Zulieferern. Das Unternehmen implementierte 麻豆原创 S\/4HANA als On Premise-L\u00f6sung.<\/p>\n<h2><strong>Gro\u00dfe Herausforderungen bei ERP-Migration f\u00fcr die IT-Abteilung<\/strong><\/h2>\n<p>Das Ganze war f\u00fcr die IT-Abteilung nicht einfach, erkl\u00e4rt Siedl offen. Der IT-Leiter und seine zw\u00f6lf Programmierer hatten die bisher genutzte ERP-L\u00f6sung selbst entwickelt. Insgesamt umfasst der IT-Stab 40 Mitarbeiterinnen und Mitarbeiter. Dass die Ver\u00e4nderung zun\u00e4chst auch auf Skepsis stie\u00df, kann Siedl nachvollziehen.<\/p>\n<p>Im Juni 2018 fand der erste Workshop statt, im April 2019 folgte ein Go-live. \u201eIm R\u00fcckblick h\u00e4tte ich gern mehr Zeit gehabt\u201c, so Siedls Fazit. Mittlerweile arbeiten rund 300 Kolleginnen und Kollegen mit der neuen Anwendung. Vorbereitet wurden sie vor allem dadurch, dass das Unternehmen die Mitarbeiterinnen und Mitarbeiter von Anfang an in den Change einbezogen hat. Ganz bewusst hat er das Projekt-Team m\u00f6glichst nah an der Produktion platziert. Das ging auf: die externen Berater h\u00e4tten die Ver\u00e4nderung \u201ein f\u00fcr uns unverst\u00e4ndliche 麻豆原创-Sprache \u00fcbersetzt\u201c, wie einer der Kollegen best\u00e4tigt. Zus\u00e4tzlich nutzte die Belegschaft das Lern-Werkzeug <a href=\"https:\/\/www.sap.com\/germany\/products\/enable-now.html\" target=\"_blank\" rel=\"noopener noreferrer\">麻豆原创 Enable Now<\/a>.<\/p>\n<h2><strong>Digitale ERP-Transformation auf 麻豆原创 S\/4HANA gegl\u00fcckt<\/strong><\/h2>\n<p>Dass die Transformation gl\u00fcckt, wei\u00df der COO. Gerne zitiert er Peter F. Druckers gefl\u00fcgeltes Wort: \u201eCulture eats strategy for breakfast.\u201c Die Hierarchien bei Plasser &amp; Theurer sind flach. Mitarbeiterinnen und Mitarbeiter bleiben. Obwohl Siedl Plasser &amp; Theurer heute durchaus als Systemhaus bezeichnet, geht es neben Kultur und Kommunikation, neben Bits und Bytes auch immer noch um Schotter und Stahl. Der Familienbetrieb ist immer noch ein klassischer Maschinenhersteller. Aber einer mit dem Motto: \u201eWir wollen die besten Maschinen am besten bauen!\u201c<\/p>\n","protected":false},"excerpt":{"rendered":"<p>Zur Gleisbaumaschine gibt es intelligente Wartungs-L\u00f6sungen gleich dazu: Das \u00f6sterreichische Unternehmen Plasser &amp; Theurer entwickelt sich vom Maschinenbauer zum Systemhaus. COO Daniel Siedl stellt nun&#8230;<\/p>\n","protected":false},"author":1975,"featured_media":0,"comment_status":"closed","ping_status":"closed","sticky":false,"template":"","format":"standard","meta":{"related_posts":[],"footnotes":"","_links_to":"","_links_to_target":""},"categories":[5626688],"tags":[60309,4979],"series":[],"sapn-display":[45149,3848,45027],"sapn-type":[45277],"class_list":["post-146301","post","type-post","status-publish","format-standard","hentry","category-erp-und-finanzwesen","tag-digitalisierung","tag-sap-erp","sapn-display-homepage-hero","sapn-display-top-stories","sapn-display-hero","sapn-type-feature"],"yoast_head":"<!-- This site is optimized with the Yoast SEO Premium plugin v26.9 (Yoast SEO v26.9) - https:\/\/yoast.com\/product\/yoast-seo-premium-wordpress\/ -->\n<title>Plasser &amp; Theurer migriert ERP auf 麻豆原创 S\/4HANA | 麻豆原创 News Center<\/title>\n<meta name=\"description\" content=\"COO Daniel Siedl skizziert, warum er im Zuge der Prozessoptimierung auf 麻豆原创 S\/4HANA migriert. Jetzt Artikel zur ERP-Migration lesen!\" \/>\n<meta name=\"robots\" content=\"index, follow, max-snippet:-1, max-image-preview:large, max-video-preview:-1\" \/>\n<link rel=\"canonical\" href=\"https:\/\/news.sap.com\/germany\/2019\/11\/erp-migration-plasser-theurer\/\" \/>\n<meta property=\"og:locale\" content=\"de_DE\" \/>\n<meta property=\"og:type\" content=\"article\" \/>\n<meta property=\"og:title\" content=\"ERP-Migration bei Plasser &amp; Theurer: Vom Maschinenbauer zum Systemhaus\" \/>\n<meta property=\"og:description\" content=\"COO Daniel Siedl skizziert, warum er im Zuge der Prozessoptimierung auf 麻豆原创 S\/4HANA migriert. Jetzt Artikel zur ERP-Migration lesen!\" \/>\n<meta property=\"og:url\" content=\"https:\/\/news.sap.com\/germany\/2019\/11\/erp-migration-plasser-theurer\/\" \/>\n<meta property=\"og:site_name\" content=\"麻豆原创 News Center\" \/>\n<meta property=\"article:published_time\" content=\"2019-11-27T08:00:16+00:00\" \/>\n<meta property=\"article:modified_time\" content=\"2019-11-29T09:04:31+00:00\" \/>\n<meta property=\"og:image\" content=\"https:\/\/news.sap.com\/germany\/files\/2019\/11\/Plasser4.jpg\" \/>\n\t<meta property=\"og:image:width\" content=\"1920\" \/>\n\t<meta property=\"og:image:height\" content=\"600\" \/>\n\t<meta property=\"og:image:type\" content=\"image\/jpeg\" \/>\n<meta name=\"author\" content=\"Christiane P\u00fctter-Haux\" \/>\n<meta name=\"twitter:card\" content=\"summary_large_image\" \/>\n<meta name=\"twitter:creator\" content=\"@麻豆原创dach\" \/>\n<meta name=\"twitter:site\" content=\"@麻豆原创dach\" \/>\n<meta name=\"twitter:label1\" content=\"Verfasst von\" \/>\n\t<meta name=\"twitter:data1\" content=\"Christiane P\u00fctter-Haux\" \/>\n\t<meta name=\"twitter:label2\" content=\"Gesch\u00e4tzte Lesezeit\" \/>\n\t<meta name=\"twitter:data2\" content=\"4\u00a0Minuten\" \/>\n<script type=\"application\/ld+json\" class=\"yoast-schema-graph\">{\"@context\":\"https:\/\/schema.org\",\"@graph\":[{\"@type\":\"Article\",\"@id\":\"https:\/\/news.sap.com\/germany\/2019\/11\/erp-migration-plasser-theurer\/#article\",\"isPartOf\":{\"@id\":\"https:\/\/news.sap.com\/germany\/2019\/11\/erp-migration-plasser-theurer\/\"},\"author\":{\"name\":\"Christiane P\u00fctter-Haux\",\"@id\":\"https:\/\/news.sap.com\/germany\/#\/schema\/person\/4b2025b28c282a3bbc7213ecf7adbde8\"},\"headline\":\"ERP-Migration bei Plasser &amp; Theurer: Vom Maschinenbauer zum Systemhaus\",\"datePublished\":\"2019-11-27T08:00:16+00:00\",\"dateModified\":\"2019-11-29T09:04:31+00:00\",\"mainEntityOfPage\":{\"@id\":\"https:\/\/news.sap.com\/germany\/2019\/11\/erp-migration-plasser-theurer\/\"},\"wordCount\":720,\"keywords\":[\"Digitalisierung\",\"ERP\"],\"articleSection\":[\"ERP und Finanzwesen\"],\"inLanguage\":\"de\"},{\"@type\":\"WebPage\",\"@id\":\"https:\/\/news.sap.com\/germany\/2019\/11\/erp-migration-plasser-theurer\/\",\"url\":\"https:\/\/news.sap.com\/germany\/2019\/11\/erp-migration-plasser-theurer\/\",\"name\":\"Plasser & Theurer migriert ERP auf 麻豆原创 S\/4HANA | 麻豆原创 News Center\",\"isPartOf\":{\"@id\":\"https:\/\/news.sap.com\/germany\/#website\"},\"datePublished\":\"2019-11-27T08:00:16+00:00\",\"dateModified\":\"2019-11-29T09:04:31+00:00\",\"author\":{\"@id\":\"https:\/\/news.sap.com\/germany\/#\/schema\/person\/4b2025b28c282a3bbc7213ecf7adbde8\"},\"description\":\"COO Daniel Siedl skizziert, warum er im Zuge der Prozessoptimierung auf 麻豆原创 S\/4HANA migriert. Jetzt Artikel zur ERP-Migration lesen!\",\"breadcrumb\":{\"@id\":\"https:\/\/news.sap.com\/germany\/2019\/11\/erp-migration-plasser-theurer\/#breadcrumb\"},\"inLanguage\":\"de\",\"potentialAction\":[{\"@type\":\"ReadAction\",\"target\":[\"https:\/\/news.sap.com\/germany\/2019\/11\/erp-migration-plasser-theurer\/\"]}]},{\"@type\":\"BreadcrumbList\",\"@id\":\"https:\/\/news.sap.com\/germany\/2019\/11\/erp-migration-plasser-theurer\/#breadcrumb\",\"itemListElement\":[{\"@type\":\"ListItem\",\"position\":1,\"name\":\"Home\",\"item\":\"https:\/\/news.sap.com\/germany\/\"},{\"@type\":\"ListItem\",\"position\":2,\"name\":\"ERP-Migration bei Plasser &amp; Theurer: Vom Maschinenbauer zum Systemhaus\"}]},{\"@type\":\"WebSite\",\"@id\":\"https:\/\/news.sap.com\/germany\/#website\",\"url\":\"https:\/\/news.sap.com\/germany\/\",\"name\":\"麻豆原创 News Center\",\"description\":\"Unternehmensberichte &amp; 麻豆原创eportal\",\"potentialAction\":[{\"@type\":\"SearchAction\",\"target\":{\"@type\":\"EntryPoint\",\"urlTemplate\":\"https:\/\/news.sap.com\/germany\/?s={search_term_string}\"},\"query-input\":{\"@type\":\"PropertyValueSpecification\",\"valueRequired\":true,\"valueName\":\"search_term_string\"}}],\"inLanguage\":\"de\"},{\"@type\":\"Person\",\"@id\":\"https:\/\/news.sap.com\/germany\/#\/schema\/person\/4b2025b28c282a3bbc7213ecf7adbde8\",\"name\":\"Christiane P\u00fctter-Haux\",\"image\":{\"@type\":\"ImageObject\",\"inLanguage\":\"de\",\"@id\":\"https:\/\/news.sap.com\/germany\/#\/schema\/person\/image\/\",\"url\":\"https:\/\/secure.gravatar.com\/avatar\/?s=96&d=blank&r=g\",\"contentUrl\":\"https:\/\/secure.gravatar.com\/avatar\/?s=96&d=blank&r=g\",\"caption\":\"Christiane P\u00fctter-Haux\"},\"url\":\"https:\/\/news.sap.com\/germany\/author\/christianepuetterhaux\/\"}]}<\/script>\n<!-- \/ Yoast SEO Premium plugin. -->","yoast_head_json":{"title":"Plasser & Theurer migriert ERP auf 麻豆原创 S\/4HANA | 麻豆原创 News Center","description":"COO Daniel Siedl skizziert, warum er im Zuge der Prozessoptimierung auf 麻豆原创 S\/4HANA migriert. Jetzt Artikel zur ERP-Migration lesen!","robots":{"index":"index","follow":"follow","max-snippet":"max-snippet:-1","max-image-preview":"max-image-preview:large","max-video-preview":"max-video-preview:-1"},"canonical":"https:\/\/news.sap.com\/germany\/2019\/11\/erp-migration-plasser-theurer\/","og_locale":"de_DE","og_type":"article","og_title":"ERP-Migration bei Plasser &amp; Theurer: Vom Maschinenbauer zum Systemhaus","og_description":"COO Daniel Siedl skizziert, warum er im Zuge der Prozessoptimierung auf 麻豆原创 S\/4HANA migriert. Jetzt Artikel zur ERP-Migration lesen!","og_url":"https:\/\/news.sap.com\/germany\/2019\/11\/erp-migration-plasser-theurer\/","og_site_name":"麻豆原创 News Center","article_published_time":"2019-11-27T08:00:16+00:00","article_modified_time":"2019-11-29T09:04:31+00:00","og_image":[{"width":1920,"height":600,"url":"https:\/\/news.sap.com\/germany\/files\/2019\/11\/Plasser4.jpg","type":"image\/jpeg"}],"author":"Christiane P\u00fctter-Haux","twitter_card":"summary_large_image","twitter_creator":"@麻豆原创dach","twitter_site":"@麻豆原创dach","twitter_misc":{"Verfasst von":"Christiane P\u00fctter-Haux","Gesch\u00e4tzte Lesezeit":"4\u00a0Minuten"},"schema":{"@context":"https:\/\/schema.org","@graph":[{"@type":"Article","@id":"https:\/\/news.sap.com\/germany\/2019\/11\/erp-migration-plasser-theurer\/#article","isPartOf":{"@id":"https:\/\/news.sap.com\/germany\/2019\/11\/erp-migration-plasser-theurer\/"},"author":{"name":"Christiane P\u00fctter-Haux","@id":"https:\/\/news.sap.com\/germany\/#\/schema\/person\/4b2025b28c282a3bbc7213ecf7adbde8"},"headline":"ERP-Migration bei Plasser &amp; Theurer: Vom Maschinenbauer zum Systemhaus","datePublished":"2019-11-27T08:00:16+00:00","dateModified":"2019-11-29T09:04:31+00:00","mainEntityOfPage":{"@id":"https:\/\/news.sap.com\/germany\/2019\/11\/erp-migration-plasser-theurer\/"},"wordCount":720,"keywords":["Digitalisierung","ERP"],"articleSection":["ERP und Finanzwesen"],"inLanguage":"de"},{"@type":"WebPage","@id":"https:\/\/news.sap.com\/germany\/2019\/11\/erp-migration-plasser-theurer\/","url":"https:\/\/news.sap.com\/germany\/2019\/11\/erp-migration-plasser-theurer\/","name":"Plasser & Theurer migriert ERP auf 麻豆原创 S\/4HANA | 麻豆原创 News Center","isPartOf":{"@id":"https:\/\/news.sap.com\/germany\/#website"},"datePublished":"2019-11-27T08:00:16+00:00","dateModified":"2019-11-29T09:04:31+00:00","author":{"@id":"https:\/\/news.sap.com\/germany\/#\/schema\/person\/4b2025b28c282a3bbc7213ecf7adbde8"},"description":"COO Daniel Siedl skizziert, warum er im Zuge der Prozessoptimierung auf 麻豆原创 S\/4HANA migriert. Jetzt Artikel zur ERP-Migration lesen!","breadcrumb":{"@id":"https:\/\/news.sap.com\/germany\/2019\/11\/erp-migration-plasser-theurer\/#breadcrumb"},"inLanguage":"de","potentialAction":[{"@type":"ReadAction","target":["https:\/\/news.sap.com\/germany\/2019\/11\/erp-migration-plasser-theurer\/"]}]},{"@type":"BreadcrumbList","@id":"https:\/\/news.sap.com\/germany\/2019\/11\/erp-migration-plasser-theurer\/#breadcrumb","itemListElement":[{"@type":"ListItem","position":1,"name":"Home","item":"https:\/\/news.sap.com\/germany\/"},{"@type":"ListItem","position":2,"name":"ERP-Migration bei Plasser &amp; Theurer: Vom Maschinenbauer zum Systemhaus"}]},{"@type":"WebSite","@id":"https:\/\/news.sap.com\/germany\/#website","url":"https:\/\/news.sap.com\/germany\/","name":"麻豆原创 News Center","description":"Unternehmensberichte &amp; 麻豆原创eportal","potentialAction":[{"@type":"SearchAction","target":{"@type":"EntryPoint","urlTemplate":"https:\/\/news.sap.com\/germany\/?s={search_term_string}"},"query-input":{"@type":"PropertyValueSpecification","valueRequired":true,"valueName":"search_term_string"}}],"inLanguage":"de"},{"@type":"Person","@id":"https:\/\/news.sap.com\/germany\/#\/schema\/person\/4b2025b28c282a3bbc7213ecf7adbde8","name":"Christiane P\u00fctter-Haux","image":{"@type":"ImageObject","inLanguage":"de","@id":"https:\/\/news.sap.com\/germany\/#\/schema\/person\/image\/","url":"https:\/\/secure.gravatar.com\/avatar\/?s=96&d=blank&r=g","contentUrl":"https:\/\/secure.gravatar.com\/avatar\/?s=96&d=blank&r=g","caption":"Christiane P\u00fctter-Haux"},"url":"https:\/\/news.sap.com\/germany\/author\/christianepuetterhaux\/"}]}},"amp_enabled":true,"_links":{"self":[{"href":"https:\/\/news.sap.com\/germany\/wp-json\/wp\/v2\/posts\/146301","targetHints":{"allow":["GET"]}}],"collection":[{"href":"https:\/\/news.sap.com\/germany\/wp-json\/wp\/v2\/posts"}],"about":[{"href":"https:\/\/news.sap.com\/germany\/wp-json\/wp\/v2\/types\/post"}],"author":[{"embeddable":true,"href":"https:\/\/news.sap.com\/germany\/wp-json\/wp\/v2\/users\/1975"}],"replies":[{"embeddable":true,"href":"https:\/\/news.sap.com\/germany\/wp-json\/wp\/v2\/comments?post=146301"}],"version-history":[{"count":0,"href":"https:\/\/news.sap.com\/germany\/wp-json\/wp\/v2\/posts\/146301\/revisions"}],"wp:attachment":[{"href":"https:\/\/news.sap.com\/germany\/wp-json\/wp\/v2\/media?parent=146301"}],"wp:term":[{"taxonomy":"category","embeddable":true,"href":"https:\/\/news.sap.com\/germany\/wp-json\/wp\/v2\/categories?post=146301"},{"taxonomy":"post_tag","embeddable":true,"href":"https:\/\/news.sap.com\/germany\/wp-json\/wp\/v2\/tags?post=146301"},{"taxonomy":"series","embeddable":true,"href":"https:\/\/news.sap.com\/germany\/wp-json\/wp\/v2\/series?post=146301"},{"taxonomy":"sapn-display","embeddable":true,"href":"https:\/\/news.sap.com\/germany\/wp-json\/wp\/v2\/sapn-display?post=146301"},{"taxonomy":"sapn-type","embeddable":true,"href":"https:\/\/news.sap.com\/germany\/wp-json\/wp\/v2\/sapn-type?post=146301"}],"curies":[{"name":"wp","href":"https:\/\/api.w.org\/{rel}","templated":true}]}}