  {"id":145539,"date":"2019-10-24T08:00:08","date_gmt":"2019-10-24T06:00:08","guid":{"rendered":"https:\/\/news.sap.com\/germany\/?p=145539"},"modified":"2019-10-21T11:11:59","modified_gmt":"2019-10-21T09:11:59","slug":"cio-cirque-du-soleil","status":"publish","type":"post","link":"https:\/\/news.sap.com\/germany\/2019\/10\/cio-cirque-du-soleil\/","title":{"rendered":"So sieht der neue CIO von Cirque du Soleil die IT-Branche"},"content":{"rendered":"<p class=\"lead\">Pierre-Luc Bisaillon, ist seit kurzem Chief Information Officer bei der Cirque du Soleil Entertainment Group. Der engagierte Vater, begeisterte Sportler und Musiker ist auch ein langj\u00e4hriger Topmanager mit \u00fcber 20 Jahren Erfahrung in der IT-Branche. Dar\u00fcber hinaus hat er einen beeindruckenden Hintergrund in den Bereichen Strategie, Beratung und Unternehmertum. Im Interview erl\u00e4utert er seine Sicht auf den IT-Sektor.<\/p>\n<p><strong>Was sind Ihre Aufgaben als CIO des weltweit f\u00fchrenden Live-Entertainment-Unternehmens? Wie sehen diese im Einzelnen aus?<\/strong><\/p>\n<p>Als CIO von Cirque du Soleil habe ich drei Aufgabenfelder: Zun\u00e4chst sind wir, wie zu erwarten, f\u00fcr die Technologie-Infrastruktur zust\u00e4ndig \u2013 also das Netzwerk, die Telekommunikation, die Rechenzentrum-Services sowie das Computing der Endanwender. Hier haben wir interessante Herausforderungen, da unsere Tourneen alle drei Monate umziehen und wir manchmal Netzwerk-Equipment an schwer zug\u00e4nglichen Orten wie Parks und Parkpl\u00e4tzen installieren m\u00fcssen. Und wir m\u00fcssen jedes Mal ein leistungsstarkes Netzwerk auf die Beine stellen!<\/p>\n<figure id=\"attachment_145699\" aria-describedby=\"caption-attachment-145699\" style=\"width: 300px\" class=\"wp-caption alignright\"><a href=\"https:\/\/news.sap.com\/germany\/?attachment_id=145699\" rel=\"attachment wp-att-145699\"><img loading=\"lazy\" decoding=\"async\" class=\"wp-image-145699 size-medium\" src=\"https:\/\/news.sap.com\/germany\/files\/2019\/10\/PhotoPLB-300x300.jpg\" alt=\"Cirque du Soleil CIO Pierre-Luc Bisaillon \u00fcber seine Ziele in der IT.\" width=\"300\" height=\"300\" \/><\/a><figcaption id=\"caption-attachment-145699\" class=\"wp-caption-text\">Pierre-Luc Bisaillon spricht \u00fcber seine Aufgaben als CIO bei Cirque du Soleil.<\/figcaption><\/figure>\n<p>Das zweite Aufgabenfeld betrifft alle typischen Anwendungen, die wir dem Unternehmen f\u00fcr das Management der Finanzen, der Mitarbeiter, des Einkaufs und anderer Dinge zur Verf\u00fcgung stellen. Auch hier haben wir interessante Herausforderungen: Wir m\u00fcssen Ums\u00e4tze in ganz vielen verschiedenen W\u00e4hrungen verarbeiten und im Personalwesen Mitarbeiter unterst\u00fctzen, die das ganze Jahr \u00fcber auf der ganzen Welt unterwegs sind. Hier m\u00fcssen wir beispielsweise sicherstellen, dass ihre Einreisedokumente immer korrekt sind.<\/p>\n<p>Unser dritter Bereich ist wahrscheinlich derjenige, bei dem wir etwas anders oder sagen wir mal kreativer sind als andere IT-Abteilungen. Wir arbeiten eng mit unserer Kost\u00fcmabteilung zusammen, da wir, wie Sie wissen, alle Showkost\u00fcme in unserer Zentrale in Montreal entwerfen und herstellen. Und wir stimmen uns eng mit unserem Casting und Performance Team ab, das unsere neuen Artisten einstellt. Diese Bereiche haben nur wir, und wir versuchen im Hinblick auf die IT innovativere L\u00f6sungen in unserem Unternehmen einzusetzen.<\/p>\n<h2><strong>Technologie zum Wohle der Gemeinschaft einsetzen<\/strong><\/h2>\n<p><strong>Haben Sie neben Ihrem Auftrag, den Sie im Unternehmen erf\u00fcllen, so etwas wie eine pers\u00f6nliche Mission \u2013 einen bleibenden Beitrag, den Sie f\u00fcr die Gemeinschaft leisten m\u00f6chten?<\/strong><\/p>\n<p>Wenn es ein h\u00f6heres Ziel gibt, auf das ich mein ganzes Berufsleben und auch privat hinarbeite, ist das wohl Technologie zum Wohle der Gemeinschaft einzusetzen.<\/p>\n<p>Bei mir hat sich schon immer alles um Technologie gedreht. Und ich habe immer geglaubt \u2013 auch schon in der Anfangszeit des Internets \u2013, dass Technologie nicht nur f\u00fcr Unternehmen, sondern auch f\u00fcr die Gemeinschaft und die Menschen genutzt werden soll. Das war eigentlich immer mein h\u00f6heres Ziel.<\/p>\n<p><strong>Wie sind Sie zu dieser Branche gekommen? Was war Ihr erster Job in der IT?<\/strong><\/p>\n<p>Eigentlich kann man sagen, dass ich mich die meiste Zeit meines Berufslebens im Dreieck zwischen Strategie, Technologie und Unternehmertum bewegt habe. Die meisten meiner verschiedenen Jobs hatten einen dieser drei Dinge als Schwerpunkt. Aber um auf Ihre Frage zu antworten: Mein erster Job in der IT war 2007 bei Dell, wo ich im globalen Professional-Services-Team arbeitete.<\/p>\n<p>Zuletzt habe ich dort als Vertriebsmitarbeiter einen gro\u00dfen Deal gelandet: Ich habe Laptops an ein gro\u00dfes Unternehmen mit weltweit 20.000 Mitarbeitern verkauft. Das war ein Riesendeal, und dabei wurde mir auch klar, wie sich der Wert (und die Marge) bei Hardware- und Services-Deals unterscheiden. Diese Erkenntnis hat mich dann auch dazu gebracht, mich in Richtung Cloud Computing zu orientieren, da ich hierin einen wichtigen Trend sah.<\/p>\n<p>Mein beruflicher Hintergrund: Ich habe Elektrotechnik an der McGill University in Montreal studiert. Ein paar Jahre habe ich f\u00fcr einen Grafikkartenhersteller gearbeitet, was man wohl auch als Schnittstelle zur IT bezeichnen kann. Wenn man IT etwas weiter fasst und nicht nur auf eine IT-Abteilung in einem Unternehmen beschr\u00e4nkt, kann man wohl sagen, dass ich seit Anfang meines Berufslebens immer im Bereich Technologie gearbeitet habe.<\/p>\n<h2><strong>Weiterentwicklung der IT in Unternehmen<\/strong><\/h2>\n<p><strong>Was waren Ihre gr\u00f6\u00dften Herausforderungen als IT-Chef?<\/strong><\/p>\n<p>Das ist die 1-Million-Dollar-Frage! Ich w\u00fcrde sagen, die stetige Weiterentwicklung dessen, was IT f\u00fcr Unternehmen ausmacht. Die heutigen IT-Organisationen m\u00fcssen von den traditionellen Services zu einem eher verteilten Modell \u00fcbergehen, dass viel mehr die Nutzer miteinbezieht \u2013 denn heute ist jeder im Unternehmen ein IT-Konsument.<\/p>\n<p>Jeder Mitarbeiter kennt sich heute mit IT viel besser aus als fr\u00fcher. Das Modell, was wir tun und wie wir es tun, entwickelt sich st\u00e4ndig weiter. Wir m\u00fcssen immer einen Schritt voraus sein und daf\u00fcr sorgen, dass unsere Aufgabe, wie wir das Unternehmen unterst\u00fctzen, klar ist.<\/p>\n<p>Wie wir auf die Branche reagieren, wie wir den Bed\u00fcrfnissen unserer Mitarbeiter nachkommen und wie wir auf das Unternehmen reagieren, sind heute meine gr\u00f6\u00dften Herausforderungen.<\/p>\n<p><strong>Auf was sind Sie besonders stolz?<\/strong><\/p>\n<p>Ich w\u00fcrde sagen auf meinen Wechsel in diese CIO-Position. Wenn man gleichzeitig den Job und das Unternehmen wechselt, sind ein paar schnelle Erfolge wichtig. Man muss sich aber auch die Zeit nehmen, die Organisation als Ganzes, ihre Kultur, ihre Prozesse und Arbeitsweisen kennenzulernen. Ganz besonders reizt mich die Herausforderung, die IT-Organisation hier weiterzubringen und noch moderner zu gestalten.<\/p>\n<p><strong>Sie sind noch kein Jahr CIO. Was ist bisher Ihre wichtigste Erkenntnis als IT-Chef?<\/strong><\/p>\n<p>Eine wichtige Erkenntnis ist, dass \u201edie beste Idee eines Einzelnen sich nicht immer durchsetzt\u201c. Wenn man Erfolg haben will, muss man die Umgebung, die Leute und die Systeme, mit denen man zu tun hat, verstehen. Es n\u00fctzt nichts zu versuchen, die perfekte L\u00f6sung in einem Vakuum zu entwickeln. Besser ist es, die Fragestellung weiter zu fassen, sich mit mehr Leuten zu unterhalten, mehr Faktoren zu ber\u00fccksichtigen und auch ein paar Kompromisse zu machen.<\/p>\n<p>Eines meiner Prinzipien ist: \u201eKonzentriere dich auf Einfluss, nicht Kontrolle.\u201c Manchmal ist das aber leichter gesagt als getan! Aber dies ist meiner Ansicht nach wichtig, wenn man als moderne IT-Organisation erfolgreich sein will.<\/p>\n<p><strong>Vielen Dank f\u00fcr diesen Karrieretipp! Wenn wir jetzt mal in die Zukunft blicken: Wie wird sich Ihrer Meinung nach die Rolle des CIO k\u00fcnftig entwickeln?<\/strong><\/p>\n<p>Ich denke, alles entwickelt sich mit der Zeit weiter. Aber, um es ganz einfach auszudr\u00fccken: Die Rolle muss zum Unternehmen passen \u2013 dazu, wo es steht und wie es Informationstechnologie einsetzt. Es muss zu den Anforderungen des Unternehmens passen. Versucht das Unternehmen beispielsweise Prozesse zu verbessern, zu ver\u00e4ndern oder eine ganze Branche umzugestalten? Welchen Einfluss hat das digitale \u00d6kosystem auf dieses Unternehmen und die Branche?<\/p>\n<blockquote><p>&#8222;Ein CIO muss Erfahrung haben in den Bereichen Technologie, Strategie und Unternehmertum.&#8220; (Pierre-Luc Bisaillon, CIO bei Cirque du Soleil)<\/p><\/blockquote>\n<p>Ich habe das bereits gesagt, aber ich denke, ein CIO muss Erfahrung haben in den Bereichen Technologie, Strategie und Unternehmertum. Der CIO hat die Aufgabe festzulegen, wie das gesamte Unternehmen Technologie sinnvoll einsetzen kann \u2013 und nicht so sehr, wie man eine IT-Abteilung leitet. Und ich glaube, dass ganz allgemein diese Rolle weiterhin einen gro\u00dfen Einfluss auf die Unternehmensstrategie haben wird.<\/p>\n<p><strong>Welche Technologien werden Ihrer Ansicht nach den gr\u00f6\u00dften Einfluss auf die Zukunft der Cirque du Soleil Entertainment Group haben?<\/strong><\/p>\n<p>Viele aktuellen und neueren Technologien werden uns helfen, unsere Ziele zu erreichen \u2013 von modernen Daten- und Analyse- bis hin zu ERP- und <a title=\"Cloud-Plattform\" href=\"https:\/\/www.sap.com\/germany\/products\/cloud-platform.html\" target=\"_blank\" rel=\"noopener noreferrer\">Digital-Marketing-Plattformen<\/a>.<\/p>\n<p>Aber auch wenn sich die Technologie stark \u00e4ndert \u2013 unser Ziel, der weltweite Marktf\u00fchrer im Bereich Live Entertainment zu bleiben, \u00e4ndert sich nicht. Ich glaube, einige Dinge werden sich nicht \u00e4ndern, unter anderem das Live Entertainment zwischen K\u00fcnstler und Zuschauer, das weiterhin ein wichtiger Teil unserer Gesellschaft bleiben wird.<\/p>\n<p><em>Dieser Artikel erschien zuerst im <a href=\"https:\/\/www.digitalistmag.com\/cio-knowledge\/2019\/09\/18\/cio-chronicles-part-1-it-insights-from-new-cio-of-cirque-du-soleil-06199470\">Digitalist Magazine<\/a>.<\/em><\/p>\n","protected":false},"excerpt":{"rendered":"<p>Pierre-Luc Bisaillon, ist seit kurzem Chief Information Officer bei der Cirque du Soleil Entertainment Group. Der engagierte Vater, begeisterte Sportler und Musiker ist auch ein&#8230;<\/p>\n","protected":false},"author":861,"featured_media":0,"comment_status":"closed","ping_status":"closed","sticky":false,"template":"","format":"standard","meta":{"related_posts":[],"footnotes":"","_links_to":"","_links_to_target":""},"categories":[45271],"tags":[26989,680181,4879497],"series":[],"sapn-display":[3848,45027],"sapn-type":[45277],"class_list":["post-145539","post","type-post","status-publish","format-standard","hentry","category-branchen","tag-it","tag-menschen","tag-partner","sapn-display-top-stories","sapn-display-hero","sapn-type-feature"],"yoast_head":"<!-- This site is optimized with the Yoast SEO Premium plugin v26.9 (Yoast SEO v26.9) - https:\/\/yoast.com\/product\/yoast-seo-premium-wordpress\/ -->\n<title>Cirque du Soleil: CIO im Interview | 麻豆原创 News Center<\/title>\n<meta name=\"description\" content=\"Pierre-Luc Bisaillon spricht \u00fcber seine Sicht auf die IT-Branche, und dar\u00fcber, was ein CIO f\u00fcr ein Unternehmen leisten muss.\" \/>\n<meta name=\"robots\" content=\"index, follow, max-snippet:-1, max-image-preview:large, max-video-preview:-1\" \/>\n<link rel=\"canonical\" href=\"https:\/\/news.sap.com\/germany\/2019\/10\/cio-cirque-du-soleil\/\" \/>\n<meta property=\"og:locale\" content=\"de_DE\" \/>\n<meta property=\"og:type\" content=\"article\" \/>\n<meta property=\"og:title\" content=\"So sieht der neue CIO von Cirque du Soleil die IT-Branche\" \/>\n<meta property=\"og:description\" content=\"Pierre-Luc Bisaillon spricht \u00fcber seine Sicht auf die IT-Branche, und dar\u00fcber, was ein CIO f\u00fcr ein Unternehmen leisten muss.\" \/>\n<meta property=\"og:url\" content=\"https:\/\/news.sap.com\/germany\/2019\/10\/cio-cirque-du-soleil\/\" \/>\n<meta property=\"og:site_name\" content=\"麻豆原创 News Center\" \/>\n<meta property=\"article:published_time\" content=\"2019-10-24T06:00:08+00:00\" \/>\n<meta property=\"og:image\" content=\"https:\/\/news.sap.com\/germany\/files\/2019\/09\/麻豆原创-and-Cirque_COCKTAIL2_AW_FEATURE.jpg\" \/>\n\t<meta property=\"og:image:width\" content=\"1920\" \/>\n\t<meta property=\"og:image:height\" content=\"600\" \/>\n\t<meta property=\"og:image:type\" content=\"image\/jpeg\" \/>\n<meta name=\"author\" content=\"Michael Kure\" \/>\n<meta name=\"twitter:card\" content=\"summary_large_image\" \/>\n<meta name=\"twitter:creator\" content=\"@麻豆原创dach\" \/>\n<meta name=\"twitter:site\" content=\"@麻豆原创dach\" \/>\n<meta name=\"twitter:label1\" content=\"Verfasst von\" \/>\n\t<meta name=\"twitter:data1\" content=\"Michael Kure\" \/>\n\t<meta name=\"twitter:label2\" content=\"Gesch\u00e4tzte Lesezeit\" \/>\n\t<meta name=\"twitter:data2\" content=\"6\u00a0Minuten\" \/>\n<script type=\"application\/ld+json\" class=\"yoast-schema-graph\">{\"@context\":\"https:\/\/schema.org\",\"@graph\":[{\"@type\":\"Article\",\"@id\":\"https:\/\/news.sap.com\/germany\/2019\/10\/cio-cirque-du-soleil\/#article\",\"isPartOf\":{\"@id\":\"https:\/\/news.sap.com\/germany\/2019\/10\/cio-cirque-du-soleil\/\"},\"author\":{\"name\":\"Michael Kure\",\"@id\":\"https:\/\/news.sap.com\/germany\/#\/schema\/person\/2f34ae0abe5f4a7d75ba970b2421d290\"},\"headline\":\"So sieht der neue CIO von Cirque du Soleil die IT-Branche\",\"datePublished\":\"2019-10-24T06:00:08+00:00\",\"mainEntityOfPage\":{\"@id\":\"https:\/\/news.sap.com\/germany\/2019\/10\/cio-cirque-du-soleil\/\"},\"wordCount\":1253,\"image\":{\"@id\":\"https:\/\/news.sap.com\/germany\/2019\/10\/cio-cirque-du-soleil\/#primaryimage\"},\"thumbnailUrl\":\"https:\/\/news.sap.com\/germany\/files\/2019\/10\/PhotoPLB-300x300.jpg\",\"keywords\":[\"IT\",\"Menschen\",\"Partner\"],\"articleSection\":[\"Branchen\"],\"inLanguage\":\"de\"},{\"@type\":\"WebPage\",\"@id\":\"https:\/\/news.sap.com\/germany\/2019\/10\/cio-cirque-du-soleil\/\",\"url\":\"https:\/\/news.sap.com\/germany\/2019\/10\/cio-cirque-du-soleil\/\",\"name\":\"Cirque du Soleil: CIO im Interview | 麻豆原创 News Center\",\"isPartOf\":{\"@id\":\"https:\/\/news.sap.com\/germany\/#website\"},\"primaryImageOfPage\":{\"@id\":\"https:\/\/news.sap.com\/germany\/2019\/10\/cio-cirque-du-soleil\/#primaryimage\"},\"image\":{\"@id\":\"https:\/\/news.sap.com\/germany\/2019\/10\/cio-cirque-du-soleil\/#primaryimage\"},\"thumbnailUrl\":\"https:\/\/news.sap.com\/germany\/files\/2019\/10\/PhotoPLB-300x300.jpg\",\"datePublished\":\"2019-10-24T06:00:08+00:00\",\"author\":{\"@id\":\"https:\/\/news.sap.com\/germany\/#\/schema\/person\/2f34ae0abe5f4a7d75ba970b2421d290\"},\"description\":\"Pierre-Luc Bisaillon spricht \u00fcber seine Sicht auf die IT-Branche, und dar\u00fcber, was ein CIO f\u00fcr ein Unternehmen leisten muss.\",\"breadcrumb\":{\"@id\":\"https:\/\/news.sap.com\/germany\/2019\/10\/cio-cirque-du-soleil\/#breadcrumb\"},\"inLanguage\":\"de\",\"potentialAction\":[{\"@type\":\"ReadAction\",\"target\":[\"https:\/\/news.sap.com\/germany\/2019\/10\/cio-cirque-du-soleil\/\"]}]},{\"@type\":\"ImageObject\",\"inLanguage\":\"de\",\"@id\":\"https:\/\/news.sap.com\/germany\/2019\/10\/cio-cirque-du-soleil\/#primaryimage\",\"url\":\"\",\"contentUrl\":\"\"},{\"@type\":\"BreadcrumbList\",\"@id\":\"https:\/\/news.sap.com\/germany\/2019\/10\/cio-cirque-du-soleil\/#breadcrumb\",\"itemListElement\":[{\"@type\":\"ListItem\",\"position\":1,\"name\":\"Home\",\"item\":\"https:\/\/news.sap.com\/germany\/\"},{\"@type\":\"ListItem\",\"position\":2,\"name\":\"So sieht der neue CIO von Cirque du Soleil die IT-Branche\"}]},{\"@type\":\"WebSite\",\"@id\":\"https:\/\/news.sap.com\/germany\/#website\",\"url\":\"https:\/\/news.sap.com\/germany\/\",\"name\":\"麻豆原创 News Center\",\"description\":\"Unternehmensberichte &amp; 麻豆原创eportal\",\"potentialAction\":[{\"@type\":\"SearchAction\",\"target\":{\"@type\":\"EntryPoint\",\"urlTemplate\":\"https:\/\/news.sap.com\/germany\/?s={search_term_string}\"},\"query-input\":{\"@type\":\"PropertyValueSpecification\",\"valueRequired\":true,\"valueName\":\"search_term_string\"}}],\"inLanguage\":\"de\"},{\"@type\":\"Person\",\"@id\":\"https:\/\/news.sap.com\/germany\/#\/schema\/person\/2f34ae0abe5f4a7d75ba970b2421d290\",\"name\":\"Michael Kure\",\"image\":{\"@type\":\"ImageObject\",\"inLanguage\":\"de\",\"@id\":\"https:\/\/news.sap.com\/germany\/#\/schema\/person\/image\/\",\"url\":\"https:\/\/secure.gravatar.com\/avatar\/3c8928ef1a1709f2aa6d359dab52577e8c32da25b86903c5f42330cf6f1c329e?s=96&d=blank&r=g\",\"contentUrl\":\"https:\/\/secure.gravatar.com\/avatar\/3c8928ef1a1709f2aa6d359dab52577e8c32da25b86903c5f42330cf6f1c329e?s=96&d=blank&r=g\",\"caption\":\"Michael Kure\"},\"url\":\"https:\/\/news.sap.com\/germany\/author\/michaelkure\/\"}]}<\/script>\n<!-- \/ Yoast SEO Premium plugin. -->","yoast_head_json":{"title":"Cirque du Soleil: CIO im Interview | 麻豆原创 News Center","description":"Pierre-Luc Bisaillon spricht \u00fcber seine Sicht auf die IT-Branche, und dar\u00fcber, was ein CIO f\u00fcr ein Unternehmen leisten muss.","robots":{"index":"index","follow":"follow","max-snippet":"max-snippet:-1","max-image-preview":"max-image-preview:large","max-video-preview":"max-video-preview:-1"},"canonical":"https:\/\/news.sap.com\/germany\/2019\/10\/cio-cirque-du-soleil\/","og_locale":"de_DE","og_type":"article","og_title":"So sieht der neue CIO von Cirque du Soleil die IT-Branche","og_description":"Pierre-Luc Bisaillon spricht \u00fcber seine Sicht auf die IT-Branche, und dar\u00fcber, was ein CIO f\u00fcr ein Unternehmen leisten muss.","og_url":"https:\/\/news.sap.com\/germany\/2019\/10\/cio-cirque-du-soleil\/","og_site_name":"麻豆原创 News Center","article_published_time":"2019-10-24T06:00:08+00:00","og_image":[{"width":1920,"height":600,"url":"https:\/\/news.sap.com\/germany\/files\/2019\/09\/麻豆原创-and-Cirque_COCKTAIL2_AW_FEATURE.jpg","type":"image\/jpeg"}],"author":"Michael Kure","twitter_card":"summary_large_image","twitter_creator":"@麻豆原创dach","twitter_site":"@麻豆原创dach","twitter_misc":{"Verfasst von":"Michael Kure","Gesch\u00e4tzte Lesezeit":"6\u00a0Minuten"},"schema":{"@context":"https:\/\/schema.org","@graph":[{"@type":"Article","@id":"https:\/\/news.sap.com\/germany\/2019\/10\/cio-cirque-du-soleil\/#article","isPartOf":{"@id":"https:\/\/news.sap.com\/germany\/2019\/10\/cio-cirque-du-soleil\/"},"author":{"name":"Michael Kure","@id":"https:\/\/news.sap.com\/germany\/#\/schema\/person\/2f34ae0abe5f4a7d75ba970b2421d290"},"headline":"So sieht der neue CIO von Cirque du Soleil die IT-Branche","datePublished":"2019-10-24T06:00:08+00:00","mainEntityOfPage":{"@id":"https:\/\/news.sap.com\/germany\/2019\/10\/cio-cirque-du-soleil\/"},"wordCount":1253,"image":{"@id":"https:\/\/news.sap.com\/germany\/2019\/10\/cio-cirque-du-soleil\/#primaryimage"},"thumbnailUrl":"https:\/\/news.sap.com\/germany\/files\/2019\/10\/PhotoPLB-300x300.jpg","keywords":["IT","Menschen","Partner"],"articleSection":["Branchen"],"inLanguage":"de"},{"@type":"WebPage","@id":"https:\/\/news.sap.com\/germany\/2019\/10\/cio-cirque-du-soleil\/","url":"https:\/\/news.sap.com\/germany\/2019\/10\/cio-cirque-du-soleil\/","name":"Cirque du Soleil: CIO im Interview | 麻豆原创 News Center","isPartOf":{"@id":"https:\/\/news.sap.com\/germany\/#website"},"primaryImageOfPage":{"@id":"https:\/\/news.sap.com\/germany\/2019\/10\/cio-cirque-du-soleil\/#primaryimage"},"image":{"@id":"https:\/\/news.sap.com\/germany\/2019\/10\/cio-cirque-du-soleil\/#primaryimage"},"thumbnailUrl":"https:\/\/news.sap.com\/germany\/files\/2019\/10\/PhotoPLB-300x300.jpg","datePublished":"2019-10-24T06:00:08+00:00","author":{"@id":"https:\/\/news.sap.com\/germany\/#\/schema\/person\/2f34ae0abe5f4a7d75ba970b2421d290"},"description":"Pierre-Luc Bisaillon spricht \u00fcber seine Sicht auf die IT-Branche, und dar\u00fcber, was ein CIO f\u00fcr ein Unternehmen leisten muss.","breadcrumb":{"@id":"https:\/\/news.sap.com\/germany\/2019\/10\/cio-cirque-du-soleil\/#breadcrumb"},"inLanguage":"de","potentialAction":[{"@type":"ReadAction","target":["https:\/\/news.sap.com\/germany\/2019\/10\/cio-cirque-du-soleil\/"]}]},{"@type":"ImageObject","inLanguage":"de","@id":"https:\/\/news.sap.com\/germany\/2019\/10\/cio-cirque-du-soleil\/#primaryimage","url":"","contentUrl":""},{"@type":"BreadcrumbList","@id":"https:\/\/news.sap.com\/germany\/2019\/10\/cio-cirque-du-soleil\/#breadcrumb","itemListElement":[{"@type":"ListItem","position":1,"name":"Home","item":"https:\/\/news.sap.com\/germany\/"},{"@type":"ListItem","position":2,"name":"So sieht der neue CIO von Cirque du Soleil die IT-Branche"}]},{"@type":"WebSite","@id":"https:\/\/news.sap.com\/germany\/#website","url":"https:\/\/news.sap.com\/germany\/","name":"麻豆原创 News Center","description":"Unternehmensberichte &amp; 麻豆原创eportal","potentialAction":[{"@type":"SearchAction","target":{"@type":"EntryPoint","urlTemplate":"https:\/\/news.sap.com\/germany\/?s={search_term_string}"},"query-input":{"@type":"PropertyValueSpecification","valueRequired":true,"valueName":"search_term_string"}}],"inLanguage":"de"},{"@type":"Person","@id":"https:\/\/news.sap.com\/germany\/#\/schema\/person\/2f34ae0abe5f4a7d75ba970b2421d290","name":"Michael Kure","image":{"@type":"ImageObject","inLanguage":"de","@id":"https:\/\/news.sap.com\/germany\/#\/schema\/person\/image\/","url":"https:\/\/secure.gravatar.com\/avatar\/3c8928ef1a1709f2aa6d359dab52577e8c32da25b86903c5f42330cf6f1c329e?s=96&d=blank&r=g","contentUrl":"https:\/\/secure.gravatar.com\/avatar\/3c8928ef1a1709f2aa6d359dab52577e8c32da25b86903c5f42330cf6f1c329e?s=96&d=blank&r=g","caption":"Michael Kure"},"url":"https:\/\/news.sap.com\/germany\/author\/michaelkure\/"}]}},"amp_enabled":true,"_links":{"self":[{"href":"https:\/\/news.sap.com\/germany\/wp-json\/wp\/v2\/posts\/145539","targetHints":{"allow":["GET"]}}],"collection":[{"href":"https:\/\/news.sap.com\/germany\/wp-json\/wp\/v2\/posts"}],"about":[{"href":"https:\/\/news.sap.com\/germany\/wp-json\/wp\/v2\/types\/post"}],"author":[{"embeddable":true,"href":"https:\/\/news.sap.com\/germany\/wp-json\/wp\/v2\/users\/861"}],"replies":[{"embeddable":true,"href":"https:\/\/news.sap.com\/germany\/wp-json\/wp\/v2\/comments?post=145539"}],"version-history":[{"count":0,"href":"https:\/\/news.sap.com\/germany\/wp-json\/wp\/v2\/posts\/145539\/revisions"}],"wp:attachment":[{"href":"https:\/\/news.sap.com\/germany\/wp-json\/wp\/v2\/media?parent=145539"}],"wp:term":[{"taxonomy":"category","embeddable":true,"href":"https:\/\/news.sap.com\/germany\/wp-json\/wp\/v2\/categories?post=145539"},{"taxonomy":"post_tag","embeddable":true,"href":"https:\/\/news.sap.com\/germany\/wp-json\/wp\/v2\/tags?post=145539"},{"taxonomy":"series","embeddable":true,"href":"https:\/\/news.sap.com\/germany\/wp-json\/wp\/v2\/series?post=145539"},{"taxonomy":"sapn-display","embeddable":true,"href":"https:\/\/news.sap.com\/germany\/wp-json\/wp\/v2\/sapn-display?post=145539"},{"taxonomy":"sapn-type","embeddable":true,"href":"https:\/\/news.sap.com\/germany\/wp-json\/wp\/v2\/sapn-type?post=145539"}],"curies":[{"name":"wp","href":"https:\/\/api.w.org\/{rel}","templated":true}]}}