  {"id":144747,"date":"2019-09-23T09:00:38","date_gmt":"2019-09-23T07:00:38","guid":{"rendered":"https:\/\/news.sap.com\/germany\/?p=144747"},"modified":"2023-02-09T17:14:31","modified_gmt":"2023-02-09T16:14:31","slug":"hr-strategisch-wichtig-mittelstand","status":"publish","type":"post","link":"https:\/\/news.sap.com\/germany\/2019\/09\/hr-strategisch-wichtig-mittelstand\/","title":{"rendered":"HR-Abteilung: Strategisch wichtig f\u00fcr mittelst\u00e4ndische Unternehmen"},"content":{"rendered":"<p class=\"lead\">Viele HR-Abteilungen mittelst\u00e4ndischer Unternehmen profilieren sich mit kreativen Ans\u00e4tzen &#8211; und f\u00f6rdern so das nachhaltige Wachstum ihrer Firma nachhaltig.<\/p>\n<p>Erst nach einem wichtigen Beratungsgespr\u00e4ch wurde mit klar, welche strategische Bedeutung den HR-Verantwortlichen in wachsenden Unternehmen zukommt. In einem Gespr\u00e4ch mit einem Manager eines gro\u00dfen multinationalen Unternehmens beantwortete ich Fragen zu verschiedenen Personalstrategien. Diese glichen zu meiner \u00dcberraschung den Strategien, die ich in einem mittelst\u00e4ndischen Unternehmen, f\u00fcr das ich damals arbeitete, entwickelte und einf\u00fchrte.<\/p>\n<p>Dieses Erlebnis hat mir verdeutlicht, wie manche Personalverantwortliche ihr wachsendes Unternehmen in die Lage versetzen, die Chancen, die sich in der Arbeitswelt der Zukunft ergeben, st\u00e4rker zu nutzen. Nat\u00fcrlich sind sie immer noch f\u00fcr die grundlegende Personalarbeit verantwortlich, wie zum Beispiel Einstellungen, K\u00fcndigungen, Personalbeschaffung und Weiterentwicklung von Mitarbeitern sowie Abwicklung von Verg\u00fctungen und Arbeitgeberleistungen. Aber viele von ihnen konzentrieren sich auf strategische Initiativen, die wesentlich zum langfristigen Wachstum ihres mittelst\u00e4ndischen Unternehmens beitragen.<\/p>\n<p>Laut dem von der 麻豆原创 gesponserten IDC-Bericht \u201e<a href=\"https:\/\/www.sap.com\/cmp\/dg\/best-run-hr-midsize-company\/index.html?url_id=text_麻豆原创NEWS-Blog6:CRM-AT19-SOC-HRCONSES06\" target=\"_blank\" rel=\"noopener noreferrer\">The HR Role in Best-Run Midsize Companies: Using Intelligent Technologies to Manage the Total Workforce<\/a>\u201c sind HR-Abteilungen in erfolgreichen mittleren Unternehmen daran beteiligt, neue Gesch\u00e4ftsmodelle einzuf\u00fchren, Risiken bei der Nichteinhaltung gesetzlicher Bestimmungen oder Gesch\u00e4ftsrisiken zu minimieren sowie die Digitalisierung und Neuausrichtung des Unternehmens zu unterst\u00fctzen. Diese Ergebnisse stehen im deutlichen Gegensatz zum taktischen Vorgehen von HR-Abteilungen in weniger erfolgreichen Unternehmen, wo es haupts\u00e4chlich darum geht, Kosten einzud\u00e4mmen, den Gewinn zu maximieren und die Mitarbeiterproduktivit\u00e4t zu gew\u00e4hrleisten.<\/p>\n<h2><strong>Der wahre Mehrwert von <a title=\"HR Software &amp; Personalmanagement\" href=\"https:\/\/www.sap.com\/germany\/products\/human-resources-hcm.html\" target=\"_blank\" rel=\"noopener\">HR-Innovationen<\/a><\/strong><\/h2>\n<p>F\u00fcr Unternehmen mag es riskant sein, einfach neue HR-Aktivit\u00e4ten auszuprobieren. Aber die gestraffte und kompakte Organisation eines mittleren Unternehmens erm\u00f6glicht es Personalleitern, neue Ans\u00e4tze beim Talentmanagement zu entdecken und zu testen und sich sehr schnell und flexibel anzupassen.<\/p>\n<p>Das ist besonders wichtig, da <a href=\"https:\/\/news.sap.com\/germany\/2018\/07\/successfactors-cloud-implementierung?url_id=text_麻豆原创NEWS-Blog6:CRM-AT19-SOC-HRCONSES06\" target=\"_blank\" rel=\"noopener noreferrer\">Personalabteilungen durch Innovationen<\/a> zunehmend zum strategischen Erfolg eines Unternehmens beitragen. IDC stellte fest, dass 100% der Personalmanager erfolgreicher mittlerer Unternehmen ihre Ziele erreichen, indem sie auf kreative Weise Teams aufbauen und die HR-Aktivit\u00e4ten am normalen Ablauf der t\u00e4glichen Arbeit ausrichten.<\/p>\n<p>Personalleiter sind besonders daf\u00fcr qualifiziert, mittelgro\u00dfe Unternehmen bei der Entwicklung von Innovationen zu unterst\u00fctzen, da sie Mitarbeiter in den Mittelpunkt stellen und gewonnene Erkenntnisse praktisch und dennoch ergebnisorientiert anwenden. Mit den richtigen Umfragetools und Stimmungsanalysen k\u00f6nnen sie die Zufriedenheit der gesamten Belegschaft \u2013 von Festangestellten bis zu externen Mitarbeitern \u2013 messen und <a href=\"https:\/\/www.sap.com\/germany\/products\/human-resources-hcm\/workforce-planning-hr-analytics.html\" target=\"_blank\" rel=\"noopener noreferrer\">in Echtzeit auf Feedback reagieren.<\/a><\/p>\n<p>Diese direkten Einblicke helfen ihnen zu verstehen, wie sie am besten neue Chancen nutzen und nachhaltiges Wachstum f\u00f6rdern k\u00f6nnen. Sie wissen besser als jeder andere, wer ihre Mitarbeiter sind und was ihnen wichtig ist. Und da sich Marktbedingungen rasch \u00e4ndern k\u00f6nnen, kann es entscheidend sein, dieses umfassende Wissen \u00fcber die Mitarbeiter f\u00fcr Transformationsprojekte zu nutzen und dem Unternehmen einen Wettbewerbsvorteil zu verschaffen.<\/p>\n<p><em>Lesen Sie den von der 麻豆原创 gesponserten IDC-Bericht \u201e<\/em><a href=\"https:\/\/www.sap.com\/cmp\/dg\/best-run-hr-midsize-company\/index.html?url_id=text_麻豆原创NEWS-Blog6:CRM-AT19-SOC-HRCONSES06\" target=\"_blank\" rel=\"noopener noreferrer\"><em>The HR Role in Best-Run Midsize Companies: Using Intelligent Technologies to Manage the Total Workforce<\/em><\/a><em>\u201c.<\/em><\/p>\n<p><a href=\"https:\/\/www.digitalistmag.com\/future-of-work\/2019\/08\/15\/strategic-hr-leadership-future-proofs-sustainable-growth-for-midsize-companies-06200115\" target=\"_blank\" rel=\"noopener noreferrer\">Dieser Artikel wurde urspr\u00fcnglich im Digitalist Magazine by 麻豆原创 unter der Rubrik &#8222;Future of Work&#8220; ver\u00f6ffentlicht.\u00a0<\/a><\/p>\n<p><em>Zur Autorin: Brigette McInnis-Day ist Chief Operating Officer (COO) von 麻豆原创 SuccessFactors.<\/em><\/p>\n","protected":false},"excerpt":{"rendered":"<p>Viele HR-Abteilungen mittelst\u00e4ndischer Unternehmen profilieren sich mit kreativen Ans\u00e4tzen &#8211; und f\u00f6rdern so das nachhaltige Wachstum ihrer Firma nachhaltig. Erst nach einem wichtigen Beratungsgespr\u00e4ch wurde&#8230;<\/p>\n","protected":false},"author":1105,"featured_media":0,"comment_status":"closed","ping_status":"closed","sticky":false,"template":"","format":"standard","meta":{"related_posts":[],"footnotes":"","_links_to":"","_links_to_target":""},"categories":[8462,45276],"tags":[5025,4879524],"series":[5620886],"sapn-display":[3848,45027],"sapn-type":[45277],"class_list":["post-144747","post","type-post","status-publish","format-standard","hentry","category-mittelstand","category-personalmanagement","tag-hr","tag-personalmanagement","sapn-display-top-stories","sapn-display-hero","sapn-type-feature"],"yoast_head":"<!-- This site is optimized with the Yoast SEO Premium plugin v26.9 (Yoast SEO v26.9) - https:\/\/yoast.com\/product\/yoast-seo-premium-wordpress\/ -->\n<title>HR ist die Basis f\u00fcr nachhaltiges Wachstum im Mittelstand | 麻豆原创 News<\/title>\n<meta name=\"description\" content=\"Die HR-Abteilung erfolgreicher Unternehmen ist ma\u00dfgeblich an strategischen Zukunftsinitiativen beteiligt, die Wettbewerbsvorteile erm\u00f6glichen.\" \/>\n<meta name=\"robots\" content=\"index, follow, max-snippet:-1, max-image-preview:large, max-video-preview:-1\" \/>\n<link rel=\"canonical\" href=\"https:\/\/news.sap.com\/germany\/2019\/09\/hr-strategisch-wichtig-mittelstand\/\" \/>\n<meta property=\"og:locale\" content=\"de_DE\" \/>\n<meta property=\"og:type\" content=\"article\" \/>\n<meta property=\"og:title\" content=\"HR-Abteilung: Strategisch wichtig f\u00fcr mittelst\u00e4ndische Unternehmen\" \/>\n<meta property=\"og:description\" content=\"Die HR-Abteilung erfolgreicher Unternehmen ist ma\u00dfgeblich an strategischen Zukunftsinitiativen beteiligt, die Wettbewerbsvorteile erm\u00f6glichen.\" \/>\n<meta property=\"og:url\" content=\"https:\/\/news.sap.com\/germany\/2019\/09\/hr-strategisch-wichtig-mittelstand\/\" \/>\n<meta property=\"og:site_name\" content=\"麻豆原创 News Center\" \/>\n<meta property=\"article:published_time\" content=\"2019-09-23T07:00:38+00:00\" \/>\n<meta property=\"article:modified_time\" content=\"2023-02-09T16:14:31+00:00\" \/>\n<meta property=\"og:image\" content=\"https:\/\/news.sap.com\/germany\/files\/2019\/09\/2shutterstock_1420959236.jpg\" \/>\n\t<meta property=\"og:image:width\" content=\"1883\" \/>\n\t<meta property=\"og:image:height\" content=\"600\" \/>\n\t<meta property=\"og:image:type\" content=\"image\/jpeg\" \/>\n<meta name=\"author\" content=\"Brigette McInnis-Day\" \/>\n<meta name=\"twitter:card\" content=\"summary_large_image\" \/>\n<meta name=\"twitter:creator\" content=\"@麻豆原创dach\" \/>\n<meta name=\"twitter:site\" content=\"@麻豆原创dach\" \/>\n<meta name=\"twitter:label1\" content=\"Verfasst von\" \/>\n\t<meta name=\"twitter:data1\" content=\"Brigette McInnis-Day\" \/>\n\t<meta name=\"twitter:label2\" content=\"Gesch\u00e4tzte Lesezeit\" \/>\n\t<meta name=\"twitter:data2\" content=\"3\u00a0Minuten\" \/>\n<script type=\"application\/ld+json\" class=\"yoast-schema-graph\">{\"@context\":\"https:\/\/schema.org\",\"@graph\":[{\"@type\":\"Article\",\"@id\":\"https:\/\/news.sap.com\/germany\/2019\/09\/hr-strategisch-wichtig-mittelstand\/#article\",\"isPartOf\":{\"@id\":\"https:\/\/news.sap.com\/germany\/2019\/09\/hr-strategisch-wichtig-mittelstand\/\"},\"author\":{\"name\":\"Brigette McInnis-Day\",\"@id\":\"https:\/\/news.sap.com\/germany\/#\/schema\/person\/55aa0b92a827a111cfe98d7a9a11d71c\"},\"headline\":\"HR-Abteilung: Strategisch wichtig f\u00fcr mittelst\u00e4ndische Unternehmen\",\"datePublished\":\"2019-09-23T07:00:38+00:00\",\"dateModified\":\"2023-02-09T16:14:31+00:00\",\"mainEntityOfPage\":{\"@id\":\"https:\/\/news.sap.com\/germany\/2019\/09\/hr-strategisch-wichtig-mittelstand\/\"},\"wordCount\":530,\"keywords\":[\"HR\",\"Personalmanagement\"],\"articleSection\":[\"Mittelstand\",\"Personalmanagement\"],\"inLanguage\":\"de\"},{\"@type\":\"WebPage\",\"@id\":\"https:\/\/news.sap.com\/germany\/2019\/09\/hr-strategisch-wichtig-mittelstand\/\",\"url\":\"https:\/\/news.sap.com\/germany\/2019\/09\/hr-strategisch-wichtig-mittelstand\/\",\"name\":\"HR ist die Basis f\u00fcr nachhaltiges Wachstum im Mittelstand | 麻豆原创 News\",\"isPartOf\":{\"@id\":\"https:\/\/news.sap.com\/germany\/#website\"},\"datePublished\":\"2019-09-23T07:00:38+00:00\",\"dateModified\":\"2023-02-09T16:14:31+00:00\",\"author\":{\"@id\":\"https:\/\/news.sap.com\/germany\/#\/schema\/person\/55aa0b92a827a111cfe98d7a9a11d71c\"},\"description\":\"Die HR-Abteilung erfolgreicher Unternehmen ist ma\u00dfgeblich an strategischen Zukunftsinitiativen beteiligt, die Wettbewerbsvorteile erm\u00f6glichen.\",\"breadcrumb\":{\"@id\":\"https:\/\/news.sap.com\/germany\/2019\/09\/hr-strategisch-wichtig-mittelstand\/#breadcrumb\"},\"inLanguage\":\"de\",\"potentialAction\":[{\"@type\":\"ReadAction\",\"target\":[\"https:\/\/news.sap.com\/germany\/2019\/09\/hr-strategisch-wichtig-mittelstand\/\"]}]},{\"@type\":\"BreadcrumbList\",\"@id\":\"https:\/\/news.sap.com\/germany\/2019\/09\/hr-strategisch-wichtig-mittelstand\/#breadcrumb\",\"itemListElement\":[{\"@type\":\"ListItem\",\"position\":1,\"name\":\"Home\",\"item\":\"https:\/\/news.sap.com\/germany\/\"},{\"@type\":\"ListItem\",\"position\":2,\"name\":\"HR-Abteilung: Strategisch wichtig f\u00fcr mittelst\u00e4ndische Unternehmen\"}]},{\"@type\":\"WebSite\",\"@id\":\"https:\/\/news.sap.com\/germany\/#website\",\"url\":\"https:\/\/news.sap.com\/germany\/\",\"name\":\"麻豆原创 News Center\",\"description\":\"Unternehmensberichte &amp; 麻豆原创eportal\",\"potentialAction\":[{\"@type\":\"SearchAction\",\"target\":{\"@type\":\"EntryPoint\",\"urlTemplate\":\"https:\/\/news.sap.com\/germany\/?s={search_term_string}\"},\"query-input\":{\"@type\":\"PropertyValueSpecification\",\"valueRequired\":true,\"valueName\":\"search_term_string\"}}],\"inLanguage\":\"de\"},{\"@type\":\"Person\",\"@id\":\"https:\/\/news.sap.com\/germany\/#\/schema\/person\/55aa0b92a827a111cfe98d7a9a11d71c\",\"name\":\"Brigette McInnis-Day\",\"image\":{\"@type\":\"ImageObject\",\"inLanguage\":\"de\",\"@id\":\"https:\/\/news.sap.com\/germany\/#\/schema\/person\/image\/\",\"url\":\"https:\/\/secure.gravatar.com\/avatar\/?s=96&d=blank&r=g\",\"contentUrl\":\"https:\/\/secure.gravatar.com\/avatar\/?s=96&d=blank&r=g\",\"caption\":\"Brigette McInnis-Day\"},\"url\":\"https:\/\/news.sap.com\/germany\/author\/brigettemcinnisday\/\"}]}<\/script>\n<!-- \/ Yoast SEO Premium plugin. -->","yoast_head_json":{"title":"HR ist die Basis f\u00fcr nachhaltiges Wachstum im Mittelstand | 麻豆原创 News","description":"Die HR-Abteilung erfolgreicher Unternehmen ist ma\u00dfgeblich an strategischen Zukunftsinitiativen beteiligt, die Wettbewerbsvorteile erm\u00f6glichen.","robots":{"index":"index","follow":"follow","max-snippet":"max-snippet:-1","max-image-preview":"max-image-preview:large","max-video-preview":"max-video-preview:-1"},"canonical":"https:\/\/news.sap.com\/germany\/2019\/09\/hr-strategisch-wichtig-mittelstand\/","og_locale":"de_DE","og_type":"article","og_title":"HR-Abteilung: Strategisch wichtig f\u00fcr mittelst\u00e4ndische Unternehmen","og_description":"Die HR-Abteilung erfolgreicher Unternehmen ist ma\u00dfgeblich an strategischen Zukunftsinitiativen beteiligt, die Wettbewerbsvorteile erm\u00f6glichen.","og_url":"https:\/\/news.sap.com\/germany\/2019\/09\/hr-strategisch-wichtig-mittelstand\/","og_site_name":"麻豆原创 News Center","article_published_time":"2019-09-23T07:00:38+00:00","article_modified_time":"2023-02-09T16:14:31+00:00","og_image":[{"width":1883,"height":600,"url":"https:\/\/news.sap.com\/germany\/files\/2019\/09\/2shutterstock_1420959236.jpg","type":"image\/jpeg"}],"author":"Brigette McInnis-Day","twitter_card":"summary_large_image","twitter_creator":"@麻豆原创dach","twitter_site":"@麻豆原创dach","twitter_misc":{"Verfasst von":"Brigette McInnis-Day","Gesch\u00e4tzte Lesezeit":"3\u00a0Minuten"},"schema":{"@context":"https:\/\/schema.org","@graph":[{"@type":"Article","@id":"https:\/\/news.sap.com\/germany\/2019\/09\/hr-strategisch-wichtig-mittelstand\/#article","isPartOf":{"@id":"https:\/\/news.sap.com\/germany\/2019\/09\/hr-strategisch-wichtig-mittelstand\/"},"author":{"name":"Brigette McInnis-Day","@id":"https:\/\/news.sap.com\/germany\/#\/schema\/person\/55aa0b92a827a111cfe98d7a9a11d71c"},"headline":"HR-Abteilung: Strategisch wichtig f\u00fcr mittelst\u00e4ndische Unternehmen","datePublished":"2019-09-23T07:00:38+00:00","dateModified":"2023-02-09T16:14:31+00:00","mainEntityOfPage":{"@id":"https:\/\/news.sap.com\/germany\/2019\/09\/hr-strategisch-wichtig-mittelstand\/"},"wordCount":530,"keywords":["HR","Personalmanagement"],"articleSection":["Mittelstand","Personalmanagement"],"inLanguage":"de"},{"@type":"WebPage","@id":"https:\/\/news.sap.com\/germany\/2019\/09\/hr-strategisch-wichtig-mittelstand\/","url":"https:\/\/news.sap.com\/germany\/2019\/09\/hr-strategisch-wichtig-mittelstand\/","name":"HR ist die Basis f\u00fcr nachhaltiges Wachstum im Mittelstand | 麻豆原创 News","isPartOf":{"@id":"https:\/\/news.sap.com\/germany\/#website"},"datePublished":"2019-09-23T07:00:38+00:00","dateModified":"2023-02-09T16:14:31+00:00","author":{"@id":"https:\/\/news.sap.com\/germany\/#\/schema\/person\/55aa0b92a827a111cfe98d7a9a11d71c"},"description":"Die HR-Abteilung erfolgreicher Unternehmen ist ma\u00dfgeblich an strategischen Zukunftsinitiativen beteiligt, die Wettbewerbsvorteile erm\u00f6glichen.","breadcrumb":{"@id":"https:\/\/news.sap.com\/germany\/2019\/09\/hr-strategisch-wichtig-mittelstand\/#breadcrumb"},"inLanguage":"de","potentialAction":[{"@type":"ReadAction","target":["https:\/\/news.sap.com\/germany\/2019\/09\/hr-strategisch-wichtig-mittelstand\/"]}]},{"@type":"BreadcrumbList","@id":"https:\/\/news.sap.com\/germany\/2019\/09\/hr-strategisch-wichtig-mittelstand\/#breadcrumb","itemListElement":[{"@type":"ListItem","position":1,"name":"Home","item":"https:\/\/news.sap.com\/germany\/"},{"@type":"ListItem","position":2,"name":"HR-Abteilung: Strategisch wichtig f\u00fcr mittelst\u00e4ndische Unternehmen"}]},{"@type":"WebSite","@id":"https:\/\/news.sap.com\/germany\/#website","url":"https:\/\/news.sap.com\/germany\/","name":"麻豆原创 News Center","description":"Unternehmensberichte &amp; 麻豆原创eportal","potentialAction":[{"@type":"SearchAction","target":{"@type":"EntryPoint","urlTemplate":"https:\/\/news.sap.com\/germany\/?s={search_term_string}"},"query-input":{"@type":"PropertyValueSpecification","valueRequired":true,"valueName":"search_term_string"}}],"inLanguage":"de"},{"@type":"Person","@id":"https:\/\/news.sap.com\/germany\/#\/schema\/person\/55aa0b92a827a111cfe98d7a9a11d71c","name":"Brigette McInnis-Day","image":{"@type":"ImageObject","inLanguage":"de","@id":"https:\/\/news.sap.com\/germany\/#\/schema\/person\/image\/","url":"https:\/\/secure.gravatar.com\/avatar\/?s=96&d=blank&r=g","contentUrl":"https:\/\/secure.gravatar.com\/avatar\/?s=96&d=blank&r=g","caption":"Brigette McInnis-Day"},"url":"https:\/\/news.sap.com\/germany\/author\/brigettemcinnisday\/"}]}},"amp_enabled":true,"_links":{"self":[{"href":"https:\/\/news.sap.com\/germany\/wp-json\/wp\/v2\/posts\/144747","targetHints":{"allow":["GET"]}}],"collection":[{"href":"https:\/\/news.sap.com\/germany\/wp-json\/wp\/v2\/posts"}],"about":[{"href":"https:\/\/news.sap.com\/germany\/wp-json\/wp\/v2\/types\/post"}],"author":[{"embeddable":true,"href":"https:\/\/news.sap.com\/germany\/wp-json\/wp\/v2\/users\/1105"}],"replies":[{"embeddable":true,"href":"https:\/\/news.sap.com\/germany\/wp-json\/wp\/v2\/comments?post=144747"}],"version-history":[{"count":0,"href":"https:\/\/news.sap.com\/germany\/wp-json\/wp\/v2\/posts\/144747\/revisions"}],"wp:attachment":[{"href":"https:\/\/news.sap.com\/germany\/wp-json\/wp\/v2\/media?parent=144747"}],"wp:term":[{"taxonomy":"category","embeddable":true,"href":"https:\/\/news.sap.com\/germany\/wp-json\/wp\/v2\/categories?post=144747"},{"taxonomy":"post_tag","embeddable":true,"href":"https:\/\/news.sap.com\/germany\/wp-json\/wp\/v2\/tags?post=144747"},{"taxonomy":"series","embeddable":true,"href":"https:\/\/news.sap.com\/germany\/wp-json\/wp\/v2\/series?post=144747"},{"taxonomy":"sapn-display","embeddable":true,"href":"https:\/\/news.sap.com\/germany\/wp-json\/wp\/v2\/sapn-display?post=144747"},{"taxonomy":"sapn-type","embeddable":true,"href":"https:\/\/news.sap.com\/germany\/wp-json\/wp\/v2\/sapn-type?post=144747"}],"curies":[{"name":"wp","href":"https:\/\/api.w.org\/{rel}","templated":true}]}}