  {"id":141497,"date":"2019-08-01T08:00:06","date_gmt":"2019-08-01T06:00:06","guid":{"rendered":"https:\/\/news.sap.com\/germany\/?p=141497"},"modified":"2019-10-11T23:43:51","modified_gmt":"2019-10-11T21:43:51","slug":"gemeinsam-gegen-plastikmuell","status":"publish","type":"post","link":"https:\/\/news.sap.com\/germany\/2019\/08\/gemeinsam-gegen-plastikmuell\/","title":{"rendered":"Aktivisten und Unternehmen im gemeinsamen Kampf gegen die Plastikverschmutzung der Weltmeere"},"content":{"rendered":"<p class=\"lead\">Experten aus unterschiedlichsten Bereichen haben sich zusammengeschlossen, um gemeinsam eines der gr\u00f6\u00dften Umweltprobleme unseres Planeten anzugehen: die Verschmutzung der Ozeane durch Plastikm\u00fcll.<\/p>\n<p>\u201eMit meiner Musik m\u00f6chte ich den gegenw\u00e4rtigen Zustand unserer Weltmeere zum Ausdruck bringen\u201c, erkl\u00e4rt <a href=\"https:\/\/garthstevenson.com\/\">Garth Stevenson.<\/a>\u00a0Der kanadischer Filmkomponist nahm k\u00fcrzlich am <a href=\"https:\/\/www.oceanplasticsleadershipsummit.com\/\">Ocean Plastics Leadership Summit<\/a> im Nordatlantik teil. \u201eDie Musik soll die Zerst\u00f6rung und die Dringlichkeit unterstreichen. Der \u00d6ffentlichkeit und den Menschen, die in diesem Bereich arbeiten, jedoch ein Gef\u00fchl der Hoffnung vermitteln,\u00a0 dass wir L\u00f6sungen finden werden, damit wir zuk\u00fcnftigen Generationen ges\u00fcndere Ozeane hinterlassen k\u00f6nnen.\u201c<\/p>\n<p>F\u00fcr Stevenson als Musiker ist vor allem eine F\u00e4higkeit wichtig: Musikern, mit denen man zusammenarbeitet, genau zuzuh\u00f6ren. Ein Musiker, der auf seinem Instrument ein Virtuose ist, jedoch anderen nicht gut zuh\u00f6ren kann, ist nur sehr eingeschr\u00e4nkt in der Lage, sich weiterzuentwickeln und neue Ideen umzusetzen.<\/p>\n<p>Im Mai versammelten sich F\u00fchrungskr\u00e4fte und hochkar\u00e4tige Experten, allesamt echte Virtuosen in ihrem Bereich, an Bord eines Schiffes beim Ocean Plastics Leadership Summit.<\/p>\n<section\n            data-inpsyde-embed=\"youtube\"\n            data-inpsyde-embed-atts=\"{&quot;width&quot;:640,&quot;height&quot;:960}\"\n            data-inpsyde-embed-frame=\"&lt;iframe title=&quot;We Can Solve the Ocean Plastics Crisis If We Work Together&quot; width=&quot;640&quot; height=&quot;360&quot; src=&quot;https:\/\/www.youtube.com\/embed\/dw9d8in5Kvw?feature=oembed&amp;amp;enablejsapi=1&quot; frameborder=&quot;0&quot; allow=&quot;accelerometer; autoplay; clipboard-write; encrypted-media; gyroscope; picture-in-picture; web-share&quot; referrerpolicy=&quot;strict-origin-when-cross-origin&quot; allowfullscreen id=&quot;embed_7ee33f37-0d5d-44aa-b80f-b03d3cab6035&quot;&gt;&lt;\/iframe&gt;\n\"\n        ><\/p>\n<div class=\"inpsyde-embed-overlay\">\n<div class=\"inpsyde-embed-overlay-container\">\n<h3><a\n                            rel=\"noreferrer\"\n                            href=\"https:\/\/www.youtube.com\/watch?v=dw9d8in5Kvw&#038;feature=youtu.be\"\n                            target=\"_blank\"\n                            title=\"Click to visit YouTube\"\n                        >We Can Solve the Ocean Plastics Crisis If We Work Together<\/a><\/h3>\n<p>Click the button below to load the content from YouTube.<\/p>\n<div class=\"embed-options-wrapper\">\n<div class=\"play-button-outer\" data-action=\"loadThis\">\n<div class=\"play-button\" data-action=\"loadThis\"><\/div>\n<\/div>\n<p>                        <a\n                            href=\"#\"\n                            data-action=\"unlockSource\"\n                            title=\"Click here to permanently allow embeds from YouTube.\"\n                        >Always allow YouTube<\/a><br \/>\n                        <!--<button data-action=\"unlockAll\">Always load all embeds<\/button>-->\n                    <\/div>\n<\/p><\/div>\n<\/p><\/div>\n<div\n                data-inpsyde-embed-preview=\"youtube\"\n                style=\"\n                    max-width:640px;\n                    max-height:360px;\n                    \"\n            >        <img decoding=\"async\" src=\"https:\/\/news.sap.com\/germany\/files\/inpsyde-embed-privacy\/youtube\/dw9d8in5Kvw.jpg\" alt=\"We Can Solve the Ocean Plastics Crisis If We Work Together\"><\/p>\n<div class=\"ytp-large-play-button ytp-button\">\n            <svg height=\"100%\" version=\"1.1\" viewBox=\"0 0 68 48\" width=\"100%\">\n                <path class=\"ytp-large-play-button-bg\"\n                    d=\"M66.52,7.74c-0.78-2.93-2.49-5.41-5.42-6.19C55.79,.13,34,0,34,0S12.21,.13,6.9,1.55 C3.97,2.33,2.27,4.81,1.48,7.74C0.06,13.05,0,24,0,24s0.06,10.95,1.48,16.26c0.78,2.93,2.49,5.41,5.42,6.19 C12.21,47.87,34,48,34,48s21.79-0.13,27.1-1.55c2.93-0.78,4.64-3.26,5.42-6.19C67.94,34.95,68,24,68,24S67.94,13.05,66.52,7.74z\"\n                    fill=\"#212121\"\n                    fill-opacity=\"0.8\"><\/path>\n                <path d=\"M 45,24 27,14 27,34\" fill=\"#fff\"><\/path>\n            <\/svg>\n        <\/div>\n<\/p><\/div>\n<\/section>\n<h2><strong>An Bord des Ocean Plastics Leadership Summit<\/strong><\/h2>\n<p>An Bord des Expeditionsschiffes waren F\u00fchrungskr\u00e4fte von Unternehmen wie HPE, GE und Colgate-Palmoliv. Au\u00dferdem drei der f\u00fcnf gr\u00f6\u00dften Konsumg\u00fcterhersteller der Welt: Nestl\u00e9 (Nr.\u00a01), Procter\u00a0&amp; Gamble (Nr.\u00a02) und Coca-Cola (Nr.\u00a04). Mit Berry Global, Sealed Air und Novolex waren auch drei der weltweit gr\u00f6\u00dften Verpackungshersteller vertreten. Letztere erzielen allein ein\u00a0Gesamtjahresumsatz von 15\u00a0Mrd. US-Dollar.<\/p>\n<p>John Hocevar, Ocean Campaign Director bei Greenpeace, berichtet: \u201eDie Menschen auf diesem Schiff vertreten Unternehmen, die f\u00fcr einen sehr gro\u00dfen Teil des Plastikabdrucks auf dieser Erde verantwortlich sind. Wir haben also die Leute hier versammelt, die das Problem wirklich l\u00f6sen k\u00f6nnen.\u201c Seine zentrale Frage zum Problem mit dem Kunststoff ist, ob Unternehmen und Regierungen erkennen, dass wir es nicht allein durch Recycling l\u00f6sen k\u00f6nnen. Es m\u00fcsste ernsthaft Plastikm\u00fcll vermieden werden. \u201eWir k\u00f6nnen nicht weiter jedes Jahr Billionen von Gegenst\u00e4nden herstellen, die wir einmal benutzen und dann wegwerfen\u00a0\u2013 aus Material, das ewig h\u00e4lt\u201c, betont er.<\/p>\n<p>Die Vertreter f\u00fchrender Unternehmen setzten sich also gemeinsam mit Wissenschaftlern, Vision\u00e4ren, Vordenkern und Nichtregierungsorganisationen (NGOs) zusammen um L\u00f6sungen zu entwickeln. W\u00e4hrend der viert\u00e4gigen Expedition wurde schnell klar: Das Problem mit dem Plastikm\u00fcll l\u00e4sst sich nicht im Alleingang aus der Welt schaffen. Eine L\u00f6sung erfordert Partnerschaften und gemeinsame Anstrengungen, bei denen viele unterschiedliche Sichtweisen ber\u00fccksichtigt werden. \u201eAm meisten hat mich an dieser Gruppe beeindruckt, dass sie einander so intensiv zuh\u00f6rten wie professionelle Musiker\u201c, erkl\u00e4rt Stevenson.<\/p>\n<h2>Plastikm\u00fcll aus sieben Fl\u00fcssen<\/h2>\n<p>Deshalb gibt es durchaus Hoffnung, dass sich das Ausma\u00df der Plastikverschmutzung in den Ozeanen innerhalb von zehn Jahren auf das Niveau der 1990er-Jahre reduzieren l\u00e4sst. Ein Gro\u00dfteil des Plastikm\u00fclls gelangt \u00fcber sieben Fl\u00fcsse in Asien in die Meere und sammelt sich auf seiner Reise um die Welt in f\u00fcnf riesigen Ozeanwirbeln. W\u00fcrde man das Material, das in diese Fl\u00fcsse gelangt, nur um 20\u00a0Prozent j\u00e4hrlich verringern, w\u00e4re damit ein gro\u00dfer Schritt getan.<\/p>\n<p>Ein L\u00f6sungsansatz besteht darin, den Anwohnern dieser Fl\u00fcsse die n\u00f6tige Infrastruktur f\u00fcr die Sammlung und den Verkauf des Plastiks zur Verf\u00fcgung zu stellen, damit es wiederverwertet und den Lieferketten der Hersteller zugef\u00fchrt werden kann. So lie\u00dfe sich der Plastikanteil in den Weltmeeren um 80\u00a0Prozent verringern.<\/p>\n<h2><strong>\u00a0Alle Akteure auf einem Schiff versammelt<\/strong><\/h2>\n<p>Der Ocean Plastics Leadership Summit ist eine Logistikketten-Kooperation, die aus einer Idee von Dave Ford, CEO und Gr\u00fcnder von <a href=\"https:\/\/soulbuffalo.com\/\">SoulBuffalo<\/a>, entstanden ist. SoulBuffalo bringt F\u00fchrungskr\u00e4fte, Vision\u00e4re und Innovatoren zusammen, um <a href=\"https:\/\/www.sap.com\/corporate\/de\/company\/sustainability-csr.html\">gemeinsam L\u00f6sungen f\u00fcr die gro\u00dfen Umweltprobleme<\/a> unseres Planeten zu entwickeln.<\/p>\n<p>\u201ePartnerschaften haben entscheidend zur Verwirklichung des Projekts beigetragen\u201c, erkl\u00e4rt Dave Ford. Mithilfe von 麻豆原创 und Dow Chemicals wurde die Expedition realisiert. Hierbei kamen die Mediensponsoren National Geographic und Outside Magazine, Entwicklerteams von Hatch, Ideo, dem Meridian Institute und Resilience in Action zusammen. Au\u00dferdem nahmen Regierungsvertreter von Bermuda und wissenschaftliche Einrichtungen wie One Ocean und 5\u00a0Gyres mit Nichtregierungsorganisationen und Managern teil.<\/p>\n<p>Die Idee, eine gesamte Wertsch\u00f6pfungskette zusammenzubringen, um ein Problem wie die Plastikverschmutzung der Ozeane gemeinschaftlich zu l\u00f6sen, kam Dave Ford bei einem Gespr\u00e4ch mit Jim Sullivan, Leiter des Global Sustainability Innovation Accelerator bei 麻豆原创, und Jeff Wooster, Global Sustainability Director bei Dow Chemicals. Sie waren der Ansicht, dass sich Ver\u00e4nderungen in gro\u00dfem Ma\u00dfstab schneller ansto\u00dfen lassen, wenn sich alle Akteure an einen Tisch setzen. Als ein Schiff namens <em>Resolute<\/em> f\u00fcr die Expedition zur Verf\u00fcgung stand, konnte es losgehen.<\/p>\n<p>\u201eRyan Holidays ,<em>Das Hindernis ist der Weg&#8216;\u00a0<\/em>wurde zu meinem Lieblingsbuch\u201c, erz\u00e4hlt Dave Ford in Anspielung auf den immensen Aufwand, der n\u00f6tig war, um den Summit zu realisieren. \u201eDie 20\u00a0weltgr\u00f6\u00dften Abnehmer und Hersteller von Plastik waren mit an Bord. Allerdings erteilten uns auch mehr als 50\u00a0Fortune-500-Unternehmen aus unterschiedlichsten Gr\u00fcnden eine Absage.\u201c<\/p>\n<p>Manche Unternehmen scheuten das Risiko, mit einer Veranstaltung, wie es sie bislang noch nie gegeben hatte, in Verbindung gebracht zu werden. Anderen war die Medienpr\u00e4senz an Bord zu viel, und wieder andere hatten aufgrund der Teilnahme von Aktivistengruppen wie Greenpeace Bedenken.<\/p>\n<h2>Greenpeace mit an Board<\/h2>\n<p>\u201eViele Unternehmen lehnten ab, als sie erfuhren, dass auch Greenpeace dabei sein w\u00fcrde; andere hingegen machten gerade wegen der Teilnahme von Aktivisten von Nichtregierungsorganisationen mit\u201c, so Dave Ford.\u00a0\u201eWir glauben, dass der Summit durch die Mitwirkung dieser Aktivisten an Authentizit\u00e4t gewonnen hat. Damit die Expedition wirklich authentisch wird, mussten alle Sichtweisen vertreten sein\u00a0\u2013 von der Industrie bis hin zum Umweltschutz.\u201c<\/p>\n<p>Das schwimmende Design-Lab hatte ein umfangreiches Programm zu absolvieren. Am ersten Tag befassten sich die Teilnehmer mit der aktuellen Situation in der Plastik-Lieferkette, um sich ein Bild von den Zusammenh\u00e4ngen zu machen. Tags darauf ging es darum, durch Partnerschaften und neue Verbindungen Zielvorgaben festzulegen. Der Dritte und letzte Tag wurde genutzt um den weiteren Kurs, mit wichtigen Ma\u00dfnahmen sowie pers\u00f6nlichen und unternehmerischen Verpflichtungen, zu definieren.<\/p>\n<p>In Teams arbeiteten die Teilnehmer an zentralen Konzepten. Hierzu geh\u00f6rten beispielsweise die Entwicklung einer Datenbank, in der Daten zum branchen\u00fcbergreifenden Einsatz von Plastik erfasst werden, die Vermeidung nicht notwendiger Einwegprodukte aus Plastik, die Reduzierung von Plastikverpackungen, Abfallvermeidung im Einzelhandel, chemisches Recycling, die Wiederverwertung von Kleinverpackungen, das Management von Materialkreisl\u00e4ufen, die kommunale Abfallverwertung und neue M\u00e4rkte f\u00fcr Plastik.<\/p>\n<p>Die verschiedenen Akteure h\u00f6rten einander zu und diskutierten rege.<\/p>\n<h2><strong>Konkrete L\u00f6sungsvorschl\u00e4ge, um Plastikm\u00fcll zu vermeiden<\/strong><\/h2>\n<p>Der Summit schloss mit wichtigen Zusagen, die zum Teil erhebliche Auswirkungen haben k\u00f6nnten:<\/p>\n<ul>\n<li>Einige der gr\u00f6\u00dften Plastikhersteller und \u2011h\u00e4ndler verpflichteten sich, bis sp\u00e4testens 2030 in ihren Produkten 50\u00a0Prozent recycelten Kunststoff zu verwenden.<\/li>\n<li>F\u00fchrende Unternehmen und Nichtregierungsorganisationen bildeten eine Koalition, um auch Einzelh\u00e4ndler dazu zu bewegen, einen Beitrag zur Vermeidung von Abfall durch Plastikverpackungen zu leisten.<\/li>\n<li>Eine Gruppe aus 20\u00a0Unternehmen, Herstellern, Recyclingfirmen und Nichtregierungsorganisationen, darunter auch die Weltbank, befasst sich mit der Entwicklung einer Wirtschaftspolitik, die Anreize f\u00fcr die Verwendung von Altplastik schafft.<\/li>\n<li>M\u00fcllsammler-Organisationen schlie\u00dfen sich auf weltweiter Ebene zusammen.<\/li>\n<\/ul>\n<p>Auch Dow Chemicals und 麻豆原创 engagieren sich im Kampf gegen Plastikm\u00fcll. Dow Chemicals <a href=\"https:\/\/corporate.dow.com\/en-us\/news\/press-releases\/dow-to-help-lead-1-billion-global-alliance-to-end-plastic-waste-in-the-environment\">f\u00fchrt eine weltweite Allianz an<\/a>, die 1\u00a0Mrd. US-Dollar f\u00fcr die Bek\u00e4mpfung der Umweltverschmutzung durch Plastikm\u00fcll bereitstellt. 麻豆原创 hat sich das mutige Ziel gesetzt, die Verschmutzung der Meere mit Plastik bis zum Jahr 2030 zu beenden. Den Ansto\u00df dazu gab das im letzten Jahr auf dem London Design Festival ins Leben gerufene Projekt <a href=\"https:\/\/news.sap.com\/germany\/2019\/07\/sap-plastics-cloud-technologie-loesungen\/\">Plastics Cloud<\/a>.<\/p>\n<h2>Das Abfallmanagement hinkt hinterher<\/h2>\n<p>Stephen Jamieson verantwortet bei 麻豆原创 den Bereich Sustainable Business Innovation f\u00fcr die Region EMEA Nord. Er sieht das Problem in der fehlenden Infrastruktur f\u00fcr das Abfallmanagement in Schwellenl\u00e4ndern und in mangelnden Investitionen begr\u00fcndet. Dies wiederum h\u00e4ngt mit der nicht funktionierende Angebots- und Nachfragewirtschaft f\u00fcr Sekund\u00e4rstoffe in den diesen L\u00e4ndern zusammen. Unternehmen ben\u00f6tigen Recyclingmaterial, haben aber keinen Zugang zu entsprechenden Anbietern. Sie verf\u00fcgen deshalb nicht \u00fcber die n\u00f6tigen Prozesse, um unter Einhaltung ethischer Grunds\u00e4tze und rechtlicher Vorschriften mit den M\u00fcllsammlern zusammenzuarbeiten.<\/p>\n<p>Tools wie die <a href=\"https:\/\/news.sap.com\/germany\/2019\/07\/sap-plastics-cloud-technologie-loesungen\/\">Plastics Cloud<\/a> k\u00f6nnen auf verschiedene Weise zur L\u00f6sung dieser Probleme beitragen.<\/p>\n<p>Erstens kann sie einen neuen Marktplatz f\u00fcr recyceltes Plastik schaffen und gro\u00dfe Unternehmen und Abfallsammler ethisch und konsistent \u00fcber das <a href=\"https:\/\/www.ariba.com\/de-de\">Ariba Network<\/a> mit seinen 3,8 Millionen Teilnehmern verbinden. Zweitens kann sie die Entwicklung von Best Practices f\u00fcr eine verantwortungsvolle Produktion und deren Verbreitung von Nordeuropa in alle Teile der Welt vorantreiben. Drittens kann sie Start-ups und Investoren zusammenbringen und ihnen helfen, die Marktchancen zu verstehen und in die M\u00e4rkte zu gehen, die eine entsprechende Infrastruktur am meisten brauchen. Und nicht zuletzt kann sie die Pr\u00e4ferenzen der Verbraucher in Richtung nachhaltige Produkte lenken und die Nachfrage nach recycelten Inhaltsstoffen in Produkten f\u00f6rdern.<\/p>\n<h2><strong>Die Zeit dr\u00e4ngt<\/strong><\/h2>\n<p>Ob Musiker, F\u00fchrungskr\u00e4fte, K\u00fcnstler oder Banker: Sie alle reagieren mit demselben Entsetzen, wenn ihnen das wahre Ausma\u00df des Plastikproblems bewusst wird.<\/p>\n<p>Ovie Mughelli, ehemaliger Champion der National Football League (NFL), umweltpolitischer Sprecher und Gr\u00fcnder der <a href=\"https:\/\/www.omfgreen.org\/\" target=\"_blank\" rel=\"noopener noreferrer\">Ovie Mughelli Foundation<\/a>, bringt es auf den Punkt: \u201eIch engagiere mich, weil ich wie jeder, der Kinder hat, die bestm\u00f6gliche Zukunft f\u00fcr sie m\u00f6chte.\u201c<\/p>\n<h2>Umkehr noch m\u00f6glich?<\/h2>\n<p>Die Verschmutzung der Weltmeere durch Plastik ist so massiv, dass wir als Gesellschaft gemeinsam so handeln m\u00fcssen, als w\u00fcrde unser Haus brennen. Andernfalls werden unsere Kinder das Wunder sauberer Ozeane und einer gesunden Tier- und Pflanzenwelt in unseren Meeren nicht mehr kennenlernen.<\/p>\n<p>Die Teilnehmer des Ocean Plastics Leadership Summit, die sich auf der <em>Resolute<\/em> an die L\u00f6sung dieses dringenden Problems gemacht haben, wollen mit den Ma\u00dfnahmen messbare Ergebnisse erzielen. Mit Hilfe eines gemeinem entwickelten Aktionsrahmens sollen Ma\u00dfnahmen koordiniert, negative Auswirkungen gemindert und neue M\u00f6glichkeiten aufgedeckt werden. Ihr Einsatz sorgt f\u00fcr ein wenig Hoffnung in einer Situation. Diese ist nicht nur besorgniserregend, sondern bedroht auch unsere Existenz und die Zukunft unseres Planeten.<\/p>\n<p>Experten wie Dave Ford und andere Teilnehmer der Expedition f\u00fcrchten, dass es bald zu sp\u00e4t sein k\u00f6nnte, die negativen Auswirkungen der Plastikverschmutzung der Weltmeere und des Klimawandels umzukehren. Doch zugleich hoffen sie auch, dass die Dynamik und die Ergebnisse des Summit zeigen, dass sich durch gemeinsames Handeln \u00c4nderungen schneller herbeif\u00fchren lassen.<\/p>\n<p>Lesen Sie <a href=\"https:\/\/www.clearslide.com\/view\/new\/mail?iID=hrbWBp726jB86fsdrmpB\">hier den vollst\u00e4ndigen Bericht vom Ocean Plastics Leadership Summit<\/a>.<\/p>\n","protected":false},"excerpt":{"rendered":"<p>Experten aus unterschiedlichsten Bereichen haben sich zusammengeschlossen, um gemeinsam eines der gr\u00f6\u00dften Umweltprobleme unseres Planeten anzugehen: die Verschmutzung der Ozeane durch Plastikm\u00fcll. \u201eMit meiner Musik&#8230;<\/p>\n","protected":false},"author":191,"featured_media":0,"comment_status":"closed","ping_status":"closed","sticky":false,"template":"","format":"standard","meta":{"related_posts":[],"footnotes":"","_links_to":"","_links_to_target":""},"categories":[5024,40863],"tags":[123,4879507],"series":[],"sapn-display":[3848,45027],"sapn-type":[45277],"class_list":["post-141497","post","type-post","status-publish","format-standard","hentry","category-nachhaltigkeit","category-unternehmen","tag-csr","tag-nachhaltigkeit","sapn-display-top-stories","sapn-display-hero","sapn-type-feature"],"yoast_head":"<!-- This site is optimized with the Yoast SEO Premium plugin v26.9 (Yoast SEO v26.9) - https:\/\/yoast.com\/product\/yoast-seo-premium-wordpress\/ -->\n<title>Plastikm\u00fcll in den Weltmeere: Gemeinsam L\u00f6sungen finden | 麻豆原创 News<\/title>\n<meta name=\"description\" content=\"Der wachsende Plastikm\u00fcll l\u00e4sst sich nur gemeinsam vermeiden. Erfahren Sie was auf dem Summit von Aktivisten und Unternehmen erreicht wurde.\" \/>\n<meta name=\"robots\" content=\"index, follow, max-snippet:-1, max-image-preview:large, max-video-preview:-1\" \/>\n<link rel=\"canonical\" href=\"https:\/\/news.sap.com\/germany\/2019\/08\/gemeinsam-gegen-plastikmuell\/\" \/>\n<meta property=\"og:locale\" content=\"de_DE\" \/>\n<meta property=\"og:type\" content=\"article\" \/>\n<meta property=\"og:title\" content=\"Aktivisten und Unternehmen im gemeinsamen Kampf gegen die Plastikverschmutzung der Weltmeere\" \/>\n<meta property=\"og:description\" content=\"Der wachsende Plastikm\u00fcll l\u00e4sst sich nur gemeinsam vermeiden. Erfahren Sie was auf dem Summit von Aktivisten und Unternehmen erreicht wurde.\" \/>\n<meta property=\"og:url\" content=\"https:\/\/news.sap.com\/germany\/2019\/08\/gemeinsam-gegen-plastikmuell\/\" \/>\n<meta property=\"og:site_name\" content=\"麻豆原创 News Center\" \/>\n<meta property=\"article:published_time\" content=\"2019-08-01T06:00:06+00:00\" \/>\n<meta property=\"article:modified_time\" content=\"2019-10-11T21:43:51+00:00\" \/>\n<meta property=\"og:image\" content=\"https:\/\/news.sap.com\/germany\/files\/2019\/08\/plastikm\u00fcllMeer.jpg\" \/>\n\t<meta property=\"og:image:width\" content=\"1920\" \/>\n\t<meta property=\"og:image:height\" content=\"600\" \/>\n\t<meta property=\"og:image:type\" content=\"image\/jpeg\" \/>\n<meta name=\"author\" content=\"Judith Magyar\" \/>\n<meta name=\"twitter:card\" content=\"summary_large_image\" \/>\n<meta name=\"twitter:creator\" content=\"@麻豆原创dach\" \/>\n<meta name=\"twitter:site\" content=\"@麻豆原创dach\" \/>\n<meta name=\"twitter:label1\" content=\"Verfasst von\" \/>\n\t<meta name=\"twitter:data1\" content=\"Judith Magyar\" \/>\n\t<meta name=\"twitter:label2\" content=\"Gesch\u00e4tzte Lesezeit\" \/>\n\t<meta name=\"twitter:data2\" content=\"9\u00a0Minuten\" \/>\n<script type=\"application\/ld+json\" class=\"yoast-schema-graph\">{\"@context\":\"https:\/\/schema.org\",\"@graph\":[{\"@type\":\"Article\",\"@id\":\"https:\/\/news.sap.com\/germany\/2019\/08\/gemeinsam-gegen-plastikmuell\/#article\",\"isPartOf\":{\"@id\":\"https:\/\/news.sap.com\/germany\/2019\/08\/gemeinsam-gegen-plastikmuell\/\"},\"author\":{\"name\":\"Judith Magyar\",\"@id\":\"https:\/\/news.sap.com\/germany\/#\/schema\/person\/d0b652ffda5c3daeb47af55be7cbfd7a\"},\"headline\":\"Aktivisten und Unternehmen im gemeinsamen Kampf gegen die Plastikverschmutzung der Weltmeere\",\"datePublished\":\"2019-08-01T06:00:06+00:00\",\"dateModified\":\"2019-10-11T21:43:51+00:00\",\"mainEntityOfPage\":{\"@id\":\"https:\/\/news.sap.com\/germany\/2019\/08\/gemeinsam-gegen-plastikmuell\/\"},\"wordCount\":1759,\"keywords\":[\"CSR\",\"Nachhaltigkeit\"],\"articleSection\":[\"Nachhaltigkeit\",\"Unternehmen\"],\"inLanguage\":\"de\"},{\"@type\":\"WebPage\",\"@id\":\"https:\/\/news.sap.com\/germany\/2019\/08\/gemeinsam-gegen-plastikmuell\/\",\"url\":\"https:\/\/news.sap.com\/germany\/2019\/08\/gemeinsam-gegen-plastikmuell\/\",\"name\":\"Plastikm\u00fcll in den Weltmeere: Gemeinsam L\u00f6sungen finden | 麻豆原创 News\",\"isPartOf\":{\"@id\":\"https:\/\/news.sap.com\/germany\/#website\"},\"datePublished\":\"2019-08-01T06:00:06+00:00\",\"dateModified\":\"2019-10-11T21:43:51+00:00\",\"author\":{\"@id\":\"https:\/\/news.sap.com\/germany\/#\/schema\/person\/d0b652ffda5c3daeb47af55be7cbfd7a\"},\"description\":\"Der wachsende Plastikm\u00fcll l\u00e4sst sich nur gemeinsam vermeiden. Erfahren Sie was auf dem Summit von Aktivisten und Unternehmen erreicht wurde.\",\"breadcrumb\":{\"@id\":\"https:\/\/news.sap.com\/germany\/2019\/08\/gemeinsam-gegen-plastikmuell\/#breadcrumb\"},\"inLanguage\":\"de\",\"potentialAction\":[{\"@type\":\"ReadAction\",\"target\":[\"https:\/\/news.sap.com\/germany\/2019\/08\/gemeinsam-gegen-plastikmuell\/\"]}]},{\"@type\":\"BreadcrumbList\",\"@id\":\"https:\/\/news.sap.com\/germany\/2019\/08\/gemeinsam-gegen-plastikmuell\/#breadcrumb\",\"itemListElement\":[{\"@type\":\"ListItem\",\"position\":1,\"name\":\"Home\",\"item\":\"https:\/\/news.sap.com\/germany\/\"},{\"@type\":\"ListItem\",\"position\":2,\"name\":\"Aktivisten und Unternehmen im gemeinsamen Kampf gegen die Plastikverschmutzung der Weltmeere\"}]},{\"@type\":\"WebSite\",\"@id\":\"https:\/\/news.sap.com\/germany\/#website\",\"url\":\"https:\/\/news.sap.com\/germany\/\",\"name\":\"麻豆原创 News Center\",\"description\":\"Unternehmensberichte &amp; 麻豆原创eportal\",\"potentialAction\":[{\"@type\":\"SearchAction\",\"target\":{\"@type\":\"EntryPoint\",\"urlTemplate\":\"https:\/\/news.sap.com\/germany\/?s={search_term_string}\"},\"query-input\":{\"@type\":\"PropertyValueSpecification\",\"valueRequired\":true,\"valueName\":\"search_term_string\"}}],\"inLanguage\":\"de\"},{\"@type\":\"Person\",\"@id\":\"https:\/\/news.sap.com\/germany\/#\/schema\/person\/d0b652ffda5c3daeb47af55be7cbfd7a\",\"name\":\"Judith Magyar\",\"image\":{\"@type\":\"ImageObject\",\"inLanguage\":\"de\",\"@id\":\"https:\/\/news.sap.com\/germany\/#\/schema\/person\/image\/\",\"url\":\"https:\/\/secure.gravatar.com\/avatar\/e8dbe0b407c3b92cff0d1eed9757015863f2e8f623fea84dbe7978c61eb85179?s=96&d=blank&r=g\",\"contentUrl\":\"https:\/\/secure.gravatar.com\/avatar\/e8dbe0b407c3b92cff0d1eed9757015863f2e8f623fea84dbe7978c61eb85179?s=96&d=blank&r=g\",\"caption\":\"Judith Magyar\"},\"url\":\"https:\/\/news.sap.com\/germany\/author\/judithmagyar\/\"}]}<\/script>\n<!-- \/ Yoast SEO Premium plugin. -->","yoast_head_json":{"title":"Plastikm\u00fcll in den Weltmeere: Gemeinsam L\u00f6sungen finden | 麻豆原创 News","description":"Der wachsende Plastikm\u00fcll l\u00e4sst sich nur gemeinsam vermeiden. Erfahren Sie was auf dem Summit von Aktivisten und Unternehmen erreicht wurde.","robots":{"index":"index","follow":"follow","max-snippet":"max-snippet:-1","max-image-preview":"max-image-preview:large","max-video-preview":"max-video-preview:-1"},"canonical":"https:\/\/news.sap.com\/germany\/2019\/08\/gemeinsam-gegen-plastikmuell\/","og_locale":"de_DE","og_type":"article","og_title":"Aktivisten und Unternehmen im gemeinsamen Kampf gegen die Plastikverschmutzung der Weltmeere","og_description":"Der wachsende Plastikm\u00fcll l\u00e4sst sich nur gemeinsam vermeiden. Erfahren Sie was auf dem Summit von Aktivisten und Unternehmen erreicht wurde.","og_url":"https:\/\/news.sap.com\/germany\/2019\/08\/gemeinsam-gegen-plastikmuell\/","og_site_name":"麻豆原创 News Center","article_published_time":"2019-08-01T06:00:06+00:00","article_modified_time":"2019-10-11T21:43:51+00:00","og_image":[{"width":1920,"height":600,"url":"https:\/\/news.sap.com\/germany\/files\/2019\/08\/plastikm\u00fcllMeer.jpg","type":"image\/jpeg"}],"author":"Judith Magyar","twitter_card":"summary_large_image","twitter_creator":"@麻豆原创dach","twitter_site":"@麻豆原创dach","twitter_misc":{"Verfasst von":"Judith Magyar","Gesch\u00e4tzte Lesezeit":"9\u00a0Minuten"},"schema":{"@context":"https:\/\/schema.org","@graph":[{"@type":"Article","@id":"https:\/\/news.sap.com\/germany\/2019\/08\/gemeinsam-gegen-plastikmuell\/#article","isPartOf":{"@id":"https:\/\/news.sap.com\/germany\/2019\/08\/gemeinsam-gegen-plastikmuell\/"},"author":{"name":"Judith Magyar","@id":"https:\/\/news.sap.com\/germany\/#\/schema\/person\/d0b652ffda5c3daeb47af55be7cbfd7a"},"headline":"Aktivisten und Unternehmen im gemeinsamen Kampf gegen die Plastikverschmutzung der Weltmeere","datePublished":"2019-08-01T06:00:06+00:00","dateModified":"2019-10-11T21:43:51+00:00","mainEntityOfPage":{"@id":"https:\/\/news.sap.com\/germany\/2019\/08\/gemeinsam-gegen-plastikmuell\/"},"wordCount":1759,"keywords":["CSR","Nachhaltigkeit"],"articleSection":["Nachhaltigkeit","Unternehmen"],"inLanguage":"de"},{"@type":"WebPage","@id":"https:\/\/news.sap.com\/germany\/2019\/08\/gemeinsam-gegen-plastikmuell\/","url":"https:\/\/news.sap.com\/germany\/2019\/08\/gemeinsam-gegen-plastikmuell\/","name":"Plastikm\u00fcll in den Weltmeere: Gemeinsam L\u00f6sungen finden | 麻豆原创 News","isPartOf":{"@id":"https:\/\/news.sap.com\/germany\/#website"},"datePublished":"2019-08-01T06:00:06+00:00","dateModified":"2019-10-11T21:43:51+00:00","author":{"@id":"https:\/\/news.sap.com\/germany\/#\/schema\/person\/d0b652ffda5c3daeb47af55be7cbfd7a"},"description":"Der wachsende Plastikm\u00fcll l\u00e4sst sich nur gemeinsam vermeiden. Erfahren Sie was auf dem Summit von Aktivisten und Unternehmen erreicht wurde.","breadcrumb":{"@id":"https:\/\/news.sap.com\/germany\/2019\/08\/gemeinsam-gegen-plastikmuell\/#breadcrumb"},"inLanguage":"de","potentialAction":[{"@type":"ReadAction","target":["https:\/\/news.sap.com\/germany\/2019\/08\/gemeinsam-gegen-plastikmuell\/"]}]},{"@type":"BreadcrumbList","@id":"https:\/\/news.sap.com\/germany\/2019\/08\/gemeinsam-gegen-plastikmuell\/#breadcrumb","itemListElement":[{"@type":"ListItem","position":1,"name":"Home","item":"https:\/\/news.sap.com\/germany\/"},{"@type":"ListItem","position":2,"name":"Aktivisten und Unternehmen im gemeinsamen Kampf gegen die Plastikverschmutzung der Weltmeere"}]},{"@type":"WebSite","@id":"https:\/\/news.sap.com\/germany\/#website","url":"https:\/\/news.sap.com\/germany\/","name":"麻豆原创 News Center","description":"Unternehmensberichte &amp; 麻豆原创eportal","potentialAction":[{"@type":"SearchAction","target":{"@type":"EntryPoint","urlTemplate":"https:\/\/news.sap.com\/germany\/?s={search_term_string}"},"query-input":{"@type":"PropertyValueSpecification","valueRequired":true,"valueName":"search_term_string"}}],"inLanguage":"de"},{"@type":"Person","@id":"https:\/\/news.sap.com\/germany\/#\/schema\/person\/d0b652ffda5c3daeb47af55be7cbfd7a","name":"Judith Magyar","image":{"@type":"ImageObject","inLanguage":"de","@id":"https:\/\/news.sap.com\/germany\/#\/schema\/person\/image\/","url":"https:\/\/secure.gravatar.com\/avatar\/e8dbe0b407c3b92cff0d1eed9757015863f2e8f623fea84dbe7978c61eb85179?s=96&d=blank&r=g","contentUrl":"https:\/\/secure.gravatar.com\/avatar\/e8dbe0b407c3b92cff0d1eed9757015863f2e8f623fea84dbe7978c61eb85179?s=96&d=blank&r=g","caption":"Judith Magyar"},"url":"https:\/\/news.sap.com\/germany\/author\/judithmagyar\/"}]}},"amp_enabled":true,"_links":{"self":[{"href":"https:\/\/news.sap.com\/germany\/wp-json\/wp\/v2\/posts\/141497","targetHints":{"allow":["GET"]}}],"collection":[{"href":"https:\/\/news.sap.com\/germany\/wp-json\/wp\/v2\/posts"}],"about":[{"href":"https:\/\/news.sap.com\/germany\/wp-json\/wp\/v2\/types\/post"}],"author":[{"embeddable":true,"href":"https:\/\/news.sap.com\/germany\/wp-json\/wp\/v2\/users\/191"}],"replies":[{"embeddable":true,"href":"https:\/\/news.sap.com\/germany\/wp-json\/wp\/v2\/comments?post=141497"}],"version-history":[{"count":0,"href":"https:\/\/news.sap.com\/germany\/wp-json\/wp\/v2\/posts\/141497\/revisions"}],"wp:attachment":[{"href":"https:\/\/news.sap.com\/germany\/wp-json\/wp\/v2\/media?parent=141497"}],"wp:term":[{"taxonomy":"category","embeddable":true,"href":"https:\/\/news.sap.com\/germany\/wp-json\/wp\/v2\/categories?post=141497"},{"taxonomy":"post_tag","embeddable":true,"href":"https:\/\/news.sap.com\/germany\/wp-json\/wp\/v2\/tags?post=141497"},{"taxonomy":"series","embeddable":true,"href":"https:\/\/news.sap.com\/germany\/wp-json\/wp\/v2\/series?post=141497"},{"taxonomy":"sapn-display","embeddable":true,"href":"https:\/\/news.sap.com\/germany\/wp-json\/wp\/v2\/sapn-display?post=141497"},{"taxonomy":"sapn-type","embeddable":true,"href":"https:\/\/news.sap.com\/germany\/wp-json\/wp\/v2\/sapn-type?post=141497"}],"curies":[{"name":"wp","href":"https:\/\/api.w.org\/{rel}","templated":true}]}}