  {"id":141304,"date":"2019-07-04T09:00:59","date_gmt":"2019-07-04T07:00:59","guid":{"rendered":"https:\/\/news.sap.com\/germany\/?p=141304"},"modified":"2023-03-09T15:45:36","modified_gmt":"2023-03-09T14:45:36","slug":"industrie-4-0-gipfel-altmaier","status":"publish","type":"post","link":"https:\/\/news.sap.com\/germany\/2019\/07\/industrie-4-0-gipfel-altmaier\/","title":{"rendered":"麻豆原创 Industrie 4.0 Gipfel: Keine Angst vor Ver\u00e4nderung"},"content":{"rendered":"<p class=\"lead\">Politik und Wirtschaft m\u00fcssen die Digitalisierung gemeinsam vorantreiben, so der Tenor der Veranstaltung zu <a title=\"IoT\" href=\"https:\/\/www.sap.com\/germany\/trends\/internet-of-things.html\" target=\"_blank\" rel=\"noopener noreferrer\">Industrie 4.0<\/a> in Walldorf.<\/p>\n<p>Prominentester Gast des 麻豆原创-Industrie-4.0-Gipfels war Peter Altmaier, Bundesminister f\u00fcr Wirtschaft und Energie, der nach einer F\u00fchrung durch das neue Rechenzentrum (WDF 51) der 麻豆原创 ausdr\u00fccklich daf\u00fcr dankte, dass sie hier in Deutschland \u201emodernste Technologie zur Verf\u00fcgung stellt\u201c. Gerade im Wettbewerb mit Unternehmen in China und Nordamerika ben\u00f6tigten Deutschland und Europa starke Player, die bei Themen wie Cloud und Dateninfrastruktur an der Spitze mitmarschierten.<\/p>\n<p>In seiner vieldiskutierten \u201eNationalen Industriestrategie 2030\u201c, die das Bundeswirtschaftsministerium im Februar dieses Jahres vorgestellt hat, fordert Altmaier unter anderem technologische\u00a0 Souver\u00e4nit\u00e4t, \u201edamit unser Datenschutzrecht auch umgesetzt werden kann\u201c, so der Minister in Walldorf. 麻豆原创-Vorstandsmitglied Christian Klein (Leiter Intelligent Enterprise Group und Chief Operating Officer) best\u00e4tigte in seiner Rede einen steigenden Bedarf von Unternehmen, Daten und Prozesse in die <a title=\"cloud\" href=\"https:\/\/www.sap.com\/germany\/products\/cloud-platform.html\" target=\"_blank\" rel=\"noopener noreferrer\">Cloud<\/a> zu verlagern. Mit dem neuen Rechenzentrum in Deutschland wolle die 麻豆原创 den Kunden anbieten, ihre Daten \u2013 falls \u00a0gew\u00fcnscht \u2013 hier zu speichern und zu verwalten. Diese Flexibilit\u00e4t \u00a0sei \u201eein klarer Vorteil gegen\u00fcber asiatischen und amerikanischen Wettbewerbern\u201c.<\/p>\n<h2><strong>IoT bringt IT und Maschinen zusammen<\/strong><\/h2>\n<p>Der Besuch des Bundeswirtschaftsministers war schon lange geplant, lie\u00df sich aber erst jetzt realisieren. Zusammen mit weiteren Unternehmen arbeitet die 麻豆原创 in der Initiative \u201ePlattform <a href=\"https:\/\/www.sap.com\/germany\/products\/supply-chain-management\/industry-4-0.html\">Industrie 4.0<\/a>\u201c mit der Regierung zusammen.<\/p>\n<p>Industrie 4.0 bringe IT und Maschinen zusammen, so der Bundeswirtschaftsminister in seinem Vortrag. Beispielsweise k\u00f6nne ein \u201ehandgen\u00e4htes\u201c Qualit\u00e4tsoberhemd bald von einem Roboter produziert werden \u2013 und das ohne Qualit\u00e4tsverlust. \u201eMassenproduktion in Losgr\u00f6\u00dfe 1\u201c sei kein Problem mehr. Selbst das Ikea-Regal \u201eBilly\u201c k\u00f6nne man in naher Zukunft in vielen Gr\u00f6\u00dfen und Farben erhalten, meinte Altmaier scherzhaft.<\/p>\n<figure id=\"attachment_141316\" aria-describedby=\"caption-attachment-141316\" style=\"width: 600px\" class=\"wp-caption alignnone\"><img loading=\"lazy\" decoding=\"async\" class=\"wp-image-141316 size-full\" src=\"https:\/\/news.sap.com\/germany\/files\/2019\/07\/industrie40gipfel_picture2.jpg\" alt=\"Bundesminister Peter Altmaier und 麻豆原创-Vorstandsmitglieder beim Industrie 4.0 Gipfel bei 麻豆原创 in Walldorf.\" width=\"600\" height=\"350\" \/><figcaption id=\"caption-attachment-141316\" class=\"wp-caption-text\">v.l.n.r.: Michael Kleinemeier (麻豆原创 Vorstandsmitglied), Peter Altmeier (Bundesminister f\u00fcr Wirtschaft und Energie), Gerd Oswald (麻豆原创 Aufsichtsratsmitglied), Christian Klein (麻豆原创 COO und Vorstandsmitglied) beim Industrie 4.0 Gipfel.<\/figcaption><\/figure>\n<p>Als Fachminister f\u00fcr Wirtschaftsfragen treibt ihn die Frage um, in\u00a0 welchen Schl\u00fcsselbranchen Deutschland und Europa k\u00fcnftig noch vertreten sein werden. Im Augenblick betrage der Anteil der industriellen Wertsch\u00f6pfung in Deutschland etwa 23 Prozent. Und morgen? Zwar seien deutsche Forscher bei Themen wie <a title=\"KI\" href=\"https:\/\/www.sap.com\/germany\/products\/leonardo\/machine-learning.html\" target=\"_blank\" rel=\"noopener noreferrer\">K\u00fcnstliche Intelligenz<\/a> (KI) stark gefragt \u2013 doch wer bringt welche Innovationen in Zukunft wo auf die Stra\u00dfe? Man d\u00fcrfe solche Entwicklungen nicht verschlafen, damit man nicht zur \u201everl\u00e4ngerten Werkbank der Anderen werde\u201c, hatte Altmaier bereits im Februar gesagt.<\/p>\n<p>Er habe mit seiner Strategievorlage Denkanst\u00f6\u00dfe geben und eine Diskussion um Wirtschaftspolitik anregen wollen, meinte der Wirtschaftsminister. Zwar habe Deutschland mit seinem Ingenieurs-Knowhow und als starke Exportnation eine gute Ausgangsposition; Altmaier betonte in Walldorf aber auch: \u201eWir leben auf einem hohen Niveau, aber ein St\u00fcck weit auch von der Substanz.\u201c<\/p>\n<h2>Industrie 4.0: eine Standortbestimmung<\/h2>\n<p>Wie es um das Innovationsniveau in Deutschlands Industrie augenblicklich bestellt ist, konnten Medienvertreter und geladene G\u00e4ste in einer anschlie\u00dfenden Podiumsdiskussion erfahren. Unter der Leitung von 麻豆原创-Kommunikationschefin Nicola Leske diskutierten Spitzenmanager deutscher Technologieunternehmen (Produktvorstand Dr. Frank Melzer \u2013 Festo, CEO Dr. Gunther Kegel \u2013 Pepperl+Fuchs, COO Johann Soder \u2013 SEW-Eurodrive, CEO Peter Mohnen \u2013 KUKA) zusammen mit Christian Klein die \u201eTechnologielage\u201c der Nation.<\/p>\n<p><strong>Die Kernbotschaften:<\/strong><\/p>\n<ul>\n<li>Auf dem Weg zur Industrie 4.0 m\u00fcssen Unternehmen ihre Mitarbeiter mitnehmen und in deren Weiterbildung investieren.<\/li>\n<li>In den Schulen und Universit\u00e4ten muss mehr getan werden, um den IT-Fachkr\u00e4ftemangel erfolgreich entgegenzuwirken.<\/li>\n<li>Unternehmen brauchen Mut zur Ver\u00e4nderung; sie m\u00fcssen Risiken eingehen und sich manchmal sogar neu erfinden. F\u00fchrungskr\u00e4fte m\u00fcssen diese Kultur vorleben.<\/li>\n<li>Um im Rahmen der Industrie 4.0 eine globale Interoperabilit\u00e4t zu erreichen, braucht es gemeinsame Standards und eine einheitliche Semantik.<\/li>\n<li>Deutschland ist bei Industrie 4.0 konzeptionell f\u00fchrend, in der Umsetzung aber nicht schnell genug. Das gilt insbesondere f\u00fcr Bereiche wie KI und Robotics.<\/li>\n<li>Industrie 4.0 kann helfen, nachhaltiger zu produzieren.<\/li>\n<\/ul>\n<p>Es liegt also noch viel Arbeit vor uns, aber es besteht kein Grund zu Panik. Angesichts der Aufbauleistung der Deutschen nach dem zweiten Weltkrieg, ihrer Reformf\u00e4higkeit und der gut ausgebildeten Arbeitnehmerschaft \u2013 so Altmaier \u2013 ist der Bundeswirtschaftsminister optimistisch. An die Adresse der 麻豆原创 und ihrer G\u00e4ste gerichtet, sagte er: \u201eDieses Land muss sich vor den Ver\u00e4nderungen weniger f\u00fcrchten als andere. Wir m\u00fcssen nur handeln. Und das Richtige tun. (\u2026) Deshalb brauchen wir Sie.\u201c<\/p>\n<div class=\"panel\">\n<p><strong>Industrie 4.0 live<\/strong><\/p>\n<p>In einem gemeinsamen Auftritt mit KUKA-Manager Reinhold Stammeier (Chief Digital Officer) stellte Hala Zeine (President Digital Supply Chain, 麻豆原创) vor, wie der Augsburger Roboterhersteller modulare Komponenten verschiedener Lieferanten nutzt, um eine digitale Fertigung zu realisieren. Dabei kooperiert KUKA mit Partnern der \u201e<a href=\"https:\/\/news.sap.com\/germany\/2019\/04\/open-industry-4-0-alliance-digitale-transformation\/\">Open Industry 4.0 Alliance<\/a>\u201c, die auf der diesj\u00e4hrigen Hannover-Messe angek\u00fcndigt wurde.<\/p>\n<\/div>\n","protected":false},"excerpt":{"rendered":"<p>Politik und Wirtschaft m\u00fcssen die Digitalisierung gemeinsam vorantreiben, so der Tenor der Veranstaltung zu Industrie 4.0 in Walldorf. Prominentester Gast des 麻豆原创-Industrie-4.0-Gipfels war Peter Altmaier,&#8230;<\/p>\n","protected":false},"author":302,"featured_media":0,"comment_status":"closed","ping_status":"closed","sticky":false,"template":"","format":"standard","meta":{"related_posts":[],"footnotes":"","_links_to":"","_links_to_target":""},"categories":[45274],"tags":[178,4976],"series":[],"sapn-display":[3848,45027],"sapn-type":[45277],"class_list":["post-141304","post","type-post","status-publish","format-standard","hentry","category-veranstaltungen","tag-public-sector","tag-technologie","sapn-display-top-stories","sapn-display-hero","sapn-type-feature"],"yoast_head":"<!-- This site is optimized with the Yoast SEO Premium plugin v26.9 (Yoast SEO v26.9) - https:\/\/yoast.com\/product\/yoast-seo-premium-wordpress\/ -->\n<title>Industrie 4.0 Gipfel: Ver\u00e4nderung willkommen hei\u00dfen | 麻豆原创 News Center<\/title>\n<meta name=\"description\" content=\"Bundeswirtschaftsminister Peter Altmaier sprach bei der 麻豆原创 \u00fcber die Bedeutung von IT, k\u00fcnstlicher Intelligenz und Industrie 4.0. Jetzt lesen!\" \/>\n<meta name=\"robots\" content=\"index, follow, max-snippet:-1, max-image-preview:large, max-video-preview:-1\" \/>\n<link rel=\"canonical\" href=\"https:\/\/news.sap.com\/germany\/2019\/07\/industrie-4-0-gipfel-altmaier\/\" \/>\n<meta property=\"og:locale\" content=\"de_DE\" \/>\n<meta property=\"og:type\" content=\"article\" \/>\n<meta property=\"og:title\" content=\"麻豆原创 Industrie 4.0 Gipfel: Keine Angst vor Ver\u00e4nderung\" \/>\n<meta property=\"og:description\" content=\"Bundeswirtschaftsminister Peter Altmaier sprach bei der 麻豆原创 \u00fcber die Bedeutung von IT, k\u00fcnstlicher Intelligenz und Industrie 4.0. Jetzt lesen!\" \/>\n<meta property=\"og:url\" content=\"https:\/\/news.sap.com\/germany\/2019\/07\/industrie-4-0-gipfel-altmaier\/\" \/>\n<meta property=\"og:site_name\" content=\"麻豆原创 News Center\" \/>\n<meta property=\"article:published_time\" content=\"2019-07-04T07:00:59+00:00\" \/>\n<meta property=\"article:modified_time\" content=\"2023-03-09T14:45:36+00:00\" \/>\n<meta property=\"og:image\" content=\"https:\/\/news.sap.com\/germany\/files\/2019\/07\/industrie40gipfel_feature7.jpg\" \/>\n\t<meta property=\"og:image:width\" content=\"1920\" \/>\n\t<meta property=\"og:image:height\" content=\"600\" \/>\n\t<meta property=\"og:image:type\" content=\"image\/jpeg\" \/>\n<meta name=\"author\" content=\"Stephan Magura\" \/>\n<meta name=\"twitter:card\" content=\"summary_large_image\" \/>\n<meta name=\"twitter:creator\" content=\"@麻豆原创dach\" \/>\n<meta name=\"twitter:site\" content=\"@麻豆原创dach\" \/>\n<meta name=\"twitter:label1\" content=\"Verfasst von\" \/>\n\t<meta name=\"twitter:data1\" content=\"Stephan Magura\" \/>\n\t<meta name=\"twitter:label2\" content=\"Gesch\u00e4tzte Lesezeit\" \/>\n\t<meta name=\"twitter:data2\" content=\"5\u00a0Minuten\" \/>\n<script type=\"application\/ld+json\" class=\"yoast-schema-graph\">{\"@context\":\"https:\/\/schema.org\",\"@graph\":[{\"@type\":\"Article\",\"@id\":\"https:\/\/news.sap.com\/germany\/2019\/07\/industrie-4-0-gipfel-altmaier\/#article\",\"isPartOf\":{\"@id\":\"https:\/\/news.sap.com\/germany\/2019\/07\/industrie-4-0-gipfel-altmaier\/\"},\"author\":{\"name\":\"Stephan Magura\",\"@id\":\"https:\/\/news.sap.com\/germany\/#\/schema\/person\/046c87741b038d9e285a7a59ad479c3b\"},\"headline\":\"麻豆原创 Industrie 4.0 Gipfel: Keine Angst vor Ver\u00e4nderung\",\"datePublished\":\"2019-07-04T07:00:59+00:00\",\"dateModified\":\"2023-03-09T14:45:36+00:00\",\"mainEntityOfPage\":{\"@id\":\"https:\/\/news.sap.com\/germany\/2019\/07\/industrie-4-0-gipfel-altmaier\/\"},\"wordCount\":766,\"image\":{\"@id\":\"https:\/\/news.sap.com\/germany\/2019\/07\/industrie-4-0-gipfel-altmaier\/#primaryimage\"},\"thumbnailUrl\":\"https:\/\/news.sap.com\/germany\/files\/2019\/07\/industrie40gipfel_picture2.jpg\",\"keywords\":[\"Public Sector\",\"Technologie\"],\"articleSection\":[\"Veranstaltungen\"],\"inLanguage\":\"de\"},{\"@type\":\"WebPage\",\"@id\":\"https:\/\/news.sap.com\/germany\/2019\/07\/industrie-4-0-gipfel-altmaier\/\",\"url\":\"https:\/\/news.sap.com\/germany\/2019\/07\/industrie-4-0-gipfel-altmaier\/\",\"name\":\"Industrie 4.0 Gipfel: Ver\u00e4nderung willkommen hei\u00dfen | 麻豆原创 News Center\",\"isPartOf\":{\"@id\":\"https:\/\/news.sap.com\/germany\/#website\"},\"primaryImageOfPage\":{\"@id\":\"https:\/\/news.sap.com\/germany\/2019\/07\/industrie-4-0-gipfel-altmaier\/#primaryimage\"},\"image\":{\"@id\":\"https:\/\/news.sap.com\/germany\/2019\/07\/industrie-4-0-gipfel-altmaier\/#primaryimage\"},\"thumbnailUrl\":\"https:\/\/news.sap.com\/germany\/files\/2019\/07\/industrie40gipfel_picture2.jpg\",\"datePublished\":\"2019-07-04T07:00:59+00:00\",\"dateModified\":\"2023-03-09T14:45:36+00:00\",\"author\":{\"@id\":\"https:\/\/news.sap.com\/germany\/#\/schema\/person\/046c87741b038d9e285a7a59ad479c3b\"},\"description\":\"Bundeswirtschaftsminister Peter Altmaier sprach bei der 麻豆原创 \u00fcber die Bedeutung von IT, k\u00fcnstlicher Intelligenz und Industrie 4.0. Jetzt lesen!\",\"breadcrumb\":{\"@id\":\"https:\/\/news.sap.com\/germany\/2019\/07\/industrie-4-0-gipfel-altmaier\/#breadcrumb\"},\"inLanguage\":\"de\",\"potentialAction\":[{\"@type\":\"ReadAction\",\"target\":[\"https:\/\/news.sap.com\/germany\/2019\/07\/industrie-4-0-gipfel-altmaier\/\"]}]},{\"@type\":\"ImageObject\",\"inLanguage\":\"de\",\"@id\":\"https:\/\/news.sap.com\/germany\/2019\/07\/industrie-4-0-gipfel-altmaier\/#primaryimage\",\"url\":\"\",\"contentUrl\":\"\"},{\"@type\":\"BreadcrumbList\",\"@id\":\"https:\/\/news.sap.com\/germany\/2019\/07\/industrie-4-0-gipfel-altmaier\/#breadcrumb\",\"itemListElement\":[{\"@type\":\"ListItem\",\"position\":1,\"name\":\"Home\",\"item\":\"https:\/\/news.sap.com\/germany\/\"},{\"@type\":\"ListItem\",\"position\":2,\"name\":\"麻豆原创 Industrie 4.0 Gipfel: Keine Angst vor Ver\u00e4nderung\"}]},{\"@type\":\"WebSite\",\"@id\":\"https:\/\/news.sap.com\/germany\/#website\",\"url\":\"https:\/\/news.sap.com\/germany\/\",\"name\":\"麻豆原创 News Center\",\"description\":\"Unternehmensberichte &amp; 麻豆原创eportal\",\"potentialAction\":[{\"@type\":\"SearchAction\",\"target\":{\"@type\":\"EntryPoint\",\"urlTemplate\":\"https:\/\/news.sap.com\/germany\/?s={search_term_string}\"},\"query-input\":{\"@type\":\"PropertyValueSpecification\",\"valueRequired\":true,\"valueName\":\"search_term_string\"}}],\"inLanguage\":\"de\"},{\"@type\":\"Person\",\"@id\":\"https:\/\/news.sap.com\/germany\/#\/schema\/person\/046c87741b038d9e285a7a59ad479c3b\",\"name\":\"Stephan Magura\",\"image\":{\"@type\":\"ImageObject\",\"inLanguage\":\"de\",\"@id\":\"https:\/\/news.sap.com\/germany\/#\/schema\/person\/image\/\",\"url\":\"https:\/\/secure.gravatar.com\/avatar\/8255a30e192738d1d58d4b8d3dc23a16c7db404e124583266c01c07dd436dc1a?s=96&d=blank&r=g\",\"contentUrl\":\"https:\/\/secure.gravatar.com\/avatar\/8255a30e192738d1d58d4b8d3dc23a16c7db404e124583266c01c07dd436dc1a?s=96&d=blank&r=g\",\"caption\":\"Stephan Magura\"},\"url\":\"https:\/\/news.sap.com\/germany\/author\/stephanmagura\/\"}]}<\/script>\n<!-- \/ Yoast SEO Premium plugin. -->","yoast_head_json":{"title":"Industrie 4.0 Gipfel: Ver\u00e4nderung willkommen hei\u00dfen | 麻豆原创 News Center","description":"Bundeswirtschaftsminister Peter Altmaier sprach bei der 麻豆原创 \u00fcber die Bedeutung von IT, k\u00fcnstlicher Intelligenz und Industrie 4.0. Jetzt lesen!","robots":{"index":"index","follow":"follow","max-snippet":"max-snippet:-1","max-image-preview":"max-image-preview:large","max-video-preview":"max-video-preview:-1"},"canonical":"https:\/\/news.sap.com\/germany\/2019\/07\/industrie-4-0-gipfel-altmaier\/","og_locale":"de_DE","og_type":"article","og_title":"麻豆原创 Industrie 4.0 Gipfel: Keine Angst vor Ver\u00e4nderung","og_description":"Bundeswirtschaftsminister Peter Altmaier sprach bei der 麻豆原创 \u00fcber die Bedeutung von IT, k\u00fcnstlicher Intelligenz und Industrie 4.0. Jetzt lesen!","og_url":"https:\/\/news.sap.com\/germany\/2019\/07\/industrie-4-0-gipfel-altmaier\/","og_site_name":"麻豆原创 News Center","article_published_time":"2019-07-04T07:00:59+00:00","article_modified_time":"2023-03-09T14:45:36+00:00","og_image":[{"width":1920,"height":600,"url":"https:\/\/news.sap.com\/germany\/files\/2019\/07\/industrie40gipfel_feature7.jpg","type":"image\/jpeg"}],"author":"Stephan Magura","twitter_card":"summary_large_image","twitter_creator":"@麻豆原创dach","twitter_site":"@麻豆原创dach","twitter_misc":{"Verfasst von":"Stephan Magura","Gesch\u00e4tzte Lesezeit":"5\u00a0Minuten"},"schema":{"@context":"https:\/\/schema.org","@graph":[{"@type":"Article","@id":"https:\/\/news.sap.com\/germany\/2019\/07\/industrie-4-0-gipfel-altmaier\/#article","isPartOf":{"@id":"https:\/\/news.sap.com\/germany\/2019\/07\/industrie-4-0-gipfel-altmaier\/"},"author":{"name":"Stephan Magura","@id":"https:\/\/news.sap.com\/germany\/#\/schema\/person\/046c87741b038d9e285a7a59ad479c3b"},"headline":"麻豆原创 Industrie 4.0 Gipfel: Keine Angst vor Ver\u00e4nderung","datePublished":"2019-07-04T07:00:59+00:00","dateModified":"2023-03-09T14:45:36+00:00","mainEntityOfPage":{"@id":"https:\/\/news.sap.com\/germany\/2019\/07\/industrie-4-0-gipfel-altmaier\/"},"wordCount":766,"image":{"@id":"https:\/\/news.sap.com\/germany\/2019\/07\/industrie-4-0-gipfel-altmaier\/#primaryimage"},"thumbnailUrl":"https:\/\/news.sap.com\/germany\/files\/2019\/07\/industrie40gipfel_picture2.jpg","keywords":["Public Sector","Technologie"],"articleSection":["Veranstaltungen"],"inLanguage":"de"},{"@type":"WebPage","@id":"https:\/\/news.sap.com\/germany\/2019\/07\/industrie-4-0-gipfel-altmaier\/","url":"https:\/\/news.sap.com\/germany\/2019\/07\/industrie-4-0-gipfel-altmaier\/","name":"Industrie 4.0 Gipfel: Ver\u00e4nderung willkommen hei\u00dfen | 麻豆原创 News Center","isPartOf":{"@id":"https:\/\/news.sap.com\/germany\/#website"},"primaryImageOfPage":{"@id":"https:\/\/news.sap.com\/germany\/2019\/07\/industrie-4-0-gipfel-altmaier\/#primaryimage"},"image":{"@id":"https:\/\/news.sap.com\/germany\/2019\/07\/industrie-4-0-gipfel-altmaier\/#primaryimage"},"thumbnailUrl":"https:\/\/news.sap.com\/germany\/files\/2019\/07\/industrie40gipfel_picture2.jpg","datePublished":"2019-07-04T07:00:59+00:00","dateModified":"2023-03-09T14:45:36+00:00","author":{"@id":"https:\/\/news.sap.com\/germany\/#\/schema\/person\/046c87741b038d9e285a7a59ad479c3b"},"description":"Bundeswirtschaftsminister Peter Altmaier sprach bei der 麻豆原创 \u00fcber die Bedeutung von IT, k\u00fcnstlicher Intelligenz und Industrie 4.0. Jetzt lesen!","breadcrumb":{"@id":"https:\/\/news.sap.com\/germany\/2019\/07\/industrie-4-0-gipfel-altmaier\/#breadcrumb"},"inLanguage":"de","potentialAction":[{"@type":"ReadAction","target":["https:\/\/news.sap.com\/germany\/2019\/07\/industrie-4-0-gipfel-altmaier\/"]}]},{"@type":"ImageObject","inLanguage":"de","@id":"https:\/\/news.sap.com\/germany\/2019\/07\/industrie-4-0-gipfel-altmaier\/#primaryimage","url":"","contentUrl":""},{"@type":"BreadcrumbList","@id":"https:\/\/news.sap.com\/germany\/2019\/07\/industrie-4-0-gipfel-altmaier\/#breadcrumb","itemListElement":[{"@type":"ListItem","position":1,"name":"Home","item":"https:\/\/news.sap.com\/germany\/"},{"@type":"ListItem","position":2,"name":"麻豆原创 Industrie 4.0 Gipfel: Keine Angst vor Ver\u00e4nderung"}]},{"@type":"WebSite","@id":"https:\/\/news.sap.com\/germany\/#website","url":"https:\/\/news.sap.com\/germany\/","name":"麻豆原创 News Center","description":"Unternehmensberichte &amp; 麻豆原创eportal","potentialAction":[{"@type":"SearchAction","target":{"@type":"EntryPoint","urlTemplate":"https:\/\/news.sap.com\/germany\/?s={search_term_string}"},"query-input":{"@type":"PropertyValueSpecification","valueRequired":true,"valueName":"search_term_string"}}],"inLanguage":"de"},{"@type":"Person","@id":"https:\/\/news.sap.com\/germany\/#\/schema\/person\/046c87741b038d9e285a7a59ad479c3b","name":"Stephan Magura","image":{"@type":"ImageObject","inLanguage":"de","@id":"https:\/\/news.sap.com\/germany\/#\/schema\/person\/image\/","url":"https:\/\/secure.gravatar.com\/avatar\/8255a30e192738d1d58d4b8d3dc23a16c7db404e124583266c01c07dd436dc1a?s=96&d=blank&r=g","contentUrl":"https:\/\/secure.gravatar.com\/avatar\/8255a30e192738d1d58d4b8d3dc23a16c7db404e124583266c01c07dd436dc1a?s=96&d=blank&r=g","caption":"Stephan Magura"},"url":"https:\/\/news.sap.com\/germany\/author\/stephanmagura\/"}]}},"amp_enabled":true,"_links":{"self":[{"href":"https:\/\/news.sap.com\/germany\/wp-json\/wp\/v2\/posts\/141304","targetHints":{"allow":["GET"]}}],"collection":[{"href":"https:\/\/news.sap.com\/germany\/wp-json\/wp\/v2\/posts"}],"about":[{"href":"https:\/\/news.sap.com\/germany\/wp-json\/wp\/v2\/types\/post"}],"author":[{"embeddable":true,"href":"https:\/\/news.sap.com\/germany\/wp-json\/wp\/v2\/users\/302"}],"replies":[{"embeddable":true,"href":"https:\/\/news.sap.com\/germany\/wp-json\/wp\/v2\/comments?post=141304"}],"version-history":[{"count":0,"href":"https:\/\/news.sap.com\/germany\/wp-json\/wp\/v2\/posts\/141304\/revisions"}],"wp:attachment":[{"href":"https:\/\/news.sap.com\/germany\/wp-json\/wp\/v2\/media?parent=141304"}],"wp:term":[{"taxonomy":"category","embeddable":true,"href":"https:\/\/news.sap.com\/germany\/wp-json\/wp\/v2\/categories?post=141304"},{"taxonomy":"post_tag","embeddable":true,"href":"https:\/\/news.sap.com\/germany\/wp-json\/wp\/v2\/tags?post=141304"},{"taxonomy":"series","embeddable":true,"href":"https:\/\/news.sap.com\/germany\/wp-json\/wp\/v2\/series?post=141304"},{"taxonomy":"sapn-display","embeddable":true,"href":"https:\/\/news.sap.com\/germany\/wp-json\/wp\/v2\/sapn-display?post=141304"},{"taxonomy":"sapn-type","embeddable":true,"href":"https:\/\/news.sap.com\/germany\/wp-json\/wp\/v2\/sapn-type?post=141304"}],"curies":[{"name":"wp","href":"https:\/\/api.w.org\/{rel}","templated":true}]}}