  {"id":140999,"date":"2019-06-24T09:00:52","date_gmt":"2019-06-24T07:00:52","guid":{"rendered":"https:\/\/news.sap.com\/germany\/?p=140999"},"modified":"2020-01-15T15:05:08","modified_gmt":"2020-01-15T14:05:08","slug":"eugh-urteil-zeiterfassung","status":"publish","type":"post","link":"https:\/\/news.sap.com\/germany\/2019\/06\/eugh-urteil-zeiterfassung\/","title":{"rendered":"Wie sich das j\u00fcngste EuGH-Urteil auf die Roadmap von Zeiterfassungsl\u00f6sungen auswirkt"},"content":{"rendered":"<p class=\"lead\">Mit dem Urteil vom 14. Mai 2019 hat der Europ\u00e4ische Gerichtshof (EuGH) entschieden, dass Arbeitgeber dazu verpflichtet sind, ein geeignetes System einzurichten, mit dem sie die <em>gesamte<\/em> Arbeitszeit ihrer Besch\u00e4ftigten erfassen k\u00f6nnen. Was bedeutet das f\u00fcr unsere Kunden und wie k\u00f6nnen wir ihnen helfen, diesem Urteil zur Zeiterfassung gerecht zu werden?<\/p>\n<h2>Bis wann muss das Urteil zur Zeiterfassung umgesetzt werden?<\/h2>\n<p>Bevor wir auf die Folgen dieses Urteils eingehen, ist anzumerken, dass der EuGH in diesem Zusammenhang bislang keine Frist vorgegeben hat. Den Zeitrahmen f\u00fcr die Umsetzung k\u00f6nnen die jeweiligen Mitgliedsstaaten selbst festgelegen. In Deutschland und Spanien wird diesbez\u00fcglich bereits diskutiert. Wir haben 40 Jahre Erfahrung im Personalwesen und wissen, dass die Ausarbeitung durch die gesetzgebenden Organe einige Zeit in Anspruch nehmen kann. Daher rechnen wir fr\u00fchestens in einem Jahr mit gesetzlichen Vorgaben.\u00a0Dennoch machen wir uns bereits aktiv Gedanken \u00fcber unsere n\u00e4chsten Schritte, damit wir unsere Kunden in jedem EU-Mitgliedsstaat bei der Umsetzung zur Seite stehen k\u00f6nnen.<\/p>\n<h2>Worum geht es in diesem EuGH-Urteil?<\/h2>\n<p>In diesem <u><a href=\"https:\/\/curia.europa.eu\/jcms\/upload\/docs\/application\/pdf\/2019-05\/cp190061en.pdf\" target=\"_blank\" rel=\"noopener noreferrer\">Urteil<\/a><\/u> wird ausdr\u00fccklich geregelt, dass die Mitgliedsstaaten der Europ\u00e4ischen Union \u201eArbeitgeber dazu verpflichten m\u00fcssen, ein objektives, zuverl\u00e4ssiges und zug\u00e4ngliches System zur Erfassung der von jedem Arbeitnehmer geleisteten t\u00e4glichen Arbeitszeit einzurichten.\u201d<\/p>\n<p>Die Umsetzung des neuen EuGH-Urteils liegt im Verantwortungsbereich der EU-Mitgliedsstaaten: \u201eEs obliegt den Mitgliedsstaaten, die jeweiligen Modalit\u00e4ten zur Einf\u00fchrung eines solchen Systems, vor allem dessen Form, festzulegen und dabei gegebenenfalls Besonderheiten wie die jeweiligen T\u00e4tigkeitsbereiche der Unternehmen oder die Eigenheiten bestimmter Unternehmen, z. B. deren Gr\u00f6\u00dfe, zu ber\u00fccksichtigen.\u201c<\/p>\n<p>Laut dem EuGH ist es ohne ein solches System nicht m\u00f6glich, die Ausgestaltung der europ\u00e4ischen Arbeitszeitrichtlinie, vor allem zu H\u00f6chstarbeitszeit und Ruhezeit, zu kontrollieren.\u00a0In Deutschland sieht beispielsweise \u00a7 16 (2) des Arbeitszeitgesetzes vor, dass nur Arbeitsstunden aufgezeichnet werden m\u00fcssen, die \u00fcber acht Stunden pro Tag hinausgehen.<\/p>\n<p>In Spanien existiert bereits ein \u00e4hnliches Gesetz, nach dem Unternehmen die Arbeitsstunden ihrer Besch\u00e4ftigten erfassen und diese Daten mindestens vier Jahre lang speichern m\u00fcssen.<\/p>\n<h2>Wie unterst\u00fctzt die 麻豆原创 bei der Zeiterfassung?<\/h2>\n<p>Solange noch nicht klar ist, wie die EU-Regierungen auf diese Entscheidung reagieren, werden wir die Entwicklungen genau verfolgen. Wir sind zuversichtlich, dass wir die n\u00f6tige Expertise besitzen, um unsere Kunden bei der Einhaltung der neuen Bestimmungen zu unterst\u00fctzen.<\/p>\n<p>Vorschriften dieser Art sind sicherlich nicht nur f\u00fcr die Europ\u00e4ische Union relevant. Deshalb werden wir versuchen, Funktionen so bereitzustellen, dass sie sich auch weltweit f\u00fcr \u00e4hnliche Anforderungen eignen.<\/p>\n<p>Die 麻豆原创 bietet bereits umfassende Gesch\u00e4ftsverfahren an, die sich im Bereich Lokalisierung bew\u00e4hrt haben. Dadurch sind unsere Kunden in der Lage, verschiedene Regelungen zu krankheitsbedingter Abwesenheit und zu weiteren Antr\u00e4gen auf arbeitsfreie Zeit in unterschiedlichen L\u00e4ndern zu befolgen und ihre Systeme vorschriftsgem\u00e4\u00df zu konfigurieren.<\/p>\n<p>Sowohl bei 麻豆原创 SuccessFactors als auch mit Blick auf das intelligente Unternehmen \u00fcber die gesamte 麻豆原创-Suite hinweg investieren wir im erheblichen Umfang in Funktionen zur Zeit- und Anwesenheitserfassung. In diesem Zusammenhang werden wir auch alle neuen gesetzlichen Bestimmungen ber\u00fccksichtigen.<\/p>\n<p>Zudem bieten wir eine vielversprechende Produkt-Roadmap an, die unseren Kunden bei der Einhaltung der neuen Zeiterfassungsregelungen entgegenkommen soll, sobald diese im jeweiligen EU-Mitgliedsstaat in Kraft treten.<\/p>\n<h2>Gibt es einen Bezug zu Personalthemen?<\/h2>\n<p>Das Urteil zielt nicht nur auf eine gerechte Verg\u00fctung, sondern auch auf die Gesundheit und das Wohlergehen der Mitarbeiter ab. Initiativen in diesem Bereich liegen im Trend: So schaltet ein europ\u00e4isches Automobilunternehmen seine E-Mail-Exchange-Server nach Feierabend und am Wochenende aus und in Frankreich soll mit neuen gesetzlichen Bestimmungen sichergestellt werden, dass Mitarbeiter nicht \u00fcber ihre regul\u00e4re Arbeitszeit hinaus t\u00e4tig werden. Die Gesundheit und das Wohlergehen ihrer Besch\u00e4ftigten betrachten viele Arbeitgeber als wichtige Erfolgsfaktoren, da sie Burnout-F\u00e4lle vermeiden und lieber die Bindung der Mitarbeiter ans Unternehmen st\u00e4rken m\u00f6chten.<\/p>\n<h2>Wie geht es jetzt weiter bei der Zeiterfassung?<\/h2>\n<p>Nat\u00fcrlich m\u00fcssen wir mehr in <u><a href=\"https:\/\/www.successfactors.com\/products-services\/time-attendance.html\" target=\"_blank\" rel=\"noopener noreferrer\">麻豆原创 SuccessFactors Employee Central Time Management<\/a><\/u> investieren und die Stundenzettelfunktionen zur Zeiterfassung ausbauen, damit unsere Kunden diesem neuen EU-Urteil gerecht werden k\u00f6nnen. Wir m\u00f6chten Arbeitgebern und Arbeitnehmern die Tools an die Hand geben, die ihnen die Zeiterfassung erleichtern und die sie dabei unterst\u00fctzen, Transparenz \u00fcber die Arbeitsstunden der Besch\u00e4ftigten zu schaffen. Uns geht es nicht nur um das Einhalten der wichtigen, neuen Vorschriften. Wir m\u00f6chten auch unseren Kunden helfen, das Wohlergehen und das Engagement der Mitarbeiter zu verbessern, die sich direkt auf die Unternehmensleistung und das Gesch\u00e4ftsergebnis auswirken.<\/p>\n<p>Sobald wir N\u00e4heres wissen, werden wir Sie \u00fcber unsere weiteren Pl\u00e4ne und Produkt-Roadmaps informieren. Sie m\u00f6chten in diesem Zusammenhang auf dem Laufenden bleiben? Dann abonnieren Sie die <u><a href=\"https:\/\/www.sap.com\/products\/roadmaps.products-solutions.html\">Produkt-Roadmaps der 麻豆原创<\/a><\/u>.<\/p>\n<p><em>Ihre Fragen k\u00f6nnen Sie an <u><a href=\"mailto:p.meredith@sap.com\">p.meredith@sap.com<\/a><\/u> richten. <\/em><\/p>\n<p><em>Paul Meredith ist Director of Solution Management bei 麻豆原创 SuccessFactors.<\/em><\/p>\n","protected":false},"excerpt":{"rendered":"<p>Mit dem Urteil vom 14. Mai 2019 hat der Europ\u00e4ische Gerichtshof (EuGH) entschieden, dass Arbeitgeber dazu verpflichtet sind, ein geeignetes System einzurichten, mit dem sie&#8230;<\/p>\n","protected":false},"author":996,"featured_media":0,"comment_status":"closed","ping_status":"closed","sticky":false,"template":"","format":"standard","meta":{"related_posts":[],"footnotes":"","_links_to":"","_links_to_target":""},"categories":[45276],"tags":[115,5025],"series":[],"sapn-display":[3848,45027],"sapn-type":[45277],"class_list":["post-140999","post","type-post","status-publish","format-standard","hentry","category-personalmanagement","tag-compliance","tag-hr","sapn-display-top-stories","sapn-display-hero","sapn-type-feature"],"yoast_head":"<!-- This site is optimized with the Yoast SEO Premium plugin v26.9 (Yoast SEO v26.9) - https:\/\/yoast.com\/product\/yoast-seo-premium-wordpress\/ -->\n<title>EuGH-Urteil zur Arbeitszeit | Zeiterfassungsl\u00f6sungen | 麻豆原创 News Center<\/title>\n<meta name=\"description\" content=\"Sie sind unsicher, was das EuGH-Urteil vom 14. Mai 2019 zur Zeiterfassung f\u00fcr Ihre Firma bedeutet? Erfahren Sie hier wie Sie der Rechtsprechung gerecht werden.\" \/>\n<meta name=\"robots\" content=\"index, follow, max-snippet:-1, max-image-preview:large, max-video-preview:-1\" \/>\n<link rel=\"canonical\" href=\"https:\/\/news.sap.com\/germany\/2019\/06\/eugh-urteil-zeiterfassung\/\" \/>\n<meta property=\"og:locale\" content=\"de_DE\" \/>\n<meta property=\"og:type\" content=\"article\" \/>\n<meta property=\"og:title\" content=\"Wie sich das j\u00fcngste EuGH-Urteil auf die Roadmap von Zeiterfassungsl\u00f6sungen auswirkt\" \/>\n<meta property=\"og:description\" content=\"Sie sind unsicher, was das EuGH-Urteil vom 14. Mai 2019 zur Zeiterfassung f\u00fcr Ihre Firma bedeutet? Erfahren Sie hier wie Sie der Rechtsprechung gerecht werden.\" \/>\n<meta property=\"og:url\" content=\"https:\/\/news.sap.com\/germany\/2019\/06\/eugh-urteil-zeiterfassung\/\" \/>\n<meta property=\"og:site_name\" content=\"麻豆原创 News Center\" \/>\n<meta property=\"article:published_time\" content=\"2019-06-24T07:00:52+00:00\" \/>\n<meta property=\"article:modified_time\" content=\"2020-01-15T14:05:08+00:00\" \/>\n<meta property=\"og:image\" content=\"https:\/\/news.sap.com\/germany\/files\/2019\/06\/272620_272620_l_srgb_s_gl_F.jpg\" \/>\n\t<meta property=\"og:image:width\" content=\"1920\" \/>\n\t<meta property=\"og:image:height\" content=\"600\" \/>\n\t<meta property=\"og:image:type\" content=\"image\/jpeg\" \/>\n<meta name=\"author\" content=\"Paul Meredith\" \/>\n<meta name=\"twitter:card\" content=\"summary_large_image\" \/>\n<meta name=\"twitter:creator\" content=\"@麻豆原创dach\" \/>\n<meta name=\"twitter:site\" content=\"@麻豆原创dach\" \/>\n<meta name=\"twitter:label1\" content=\"Verfasst von\" \/>\n\t<meta name=\"twitter:data1\" content=\"Paul Meredith\" \/>\n\t<meta name=\"twitter:label2\" content=\"Gesch\u00e4tzte Lesezeit\" \/>\n\t<meta name=\"twitter:data2\" content=\"4\u00a0Minuten\" \/>\n<script type=\"application\/ld+json\" class=\"yoast-schema-graph\">{\"@context\":\"https:\/\/schema.org\",\"@graph\":[{\"@type\":\"Article\",\"@id\":\"https:\/\/news.sap.com\/germany\/2019\/06\/eugh-urteil-zeiterfassung\/#article\",\"isPartOf\":{\"@id\":\"https:\/\/news.sap.com\/germany\/2019\/06\/eugh-urteil-zeiterfassung\/\"},\"author\":{\"name\":\"Paul Meredith\",\"@id\":\"https:\/\/news.sap.com\/germany\/#\/schema\/person\/4af2f03ab9096c463439d0b6ef6e36d2\"},\"headline\":\"Wie sich das j\u00fcngste EuGH-Urteil auf die Roadmap von Zeiterfassungsl\u00f6sungen auswirkt\",\"datePublished\":\"2019-06-24T07:00:52+00:00\",\"dateModified\":\"2020-01-15T14:05:08+00:00\",\"mainEntityOfPage\":{\"@id\":\"https:\/\/news.sap.com\/germany\/2019\/06\/eugh-urteil-zeiterfassung\/\"},\"wordCount\":806,\"keywords\":[\"Compliance\",\"HR\"],\"articleSection\":[\"Personalmanagement\"],\"inLanguage\":\"de\"},{\"@type\":\"WebPage\",\"@id\":\"https:\/\/news.sap.com\/germany\/2019\/06\/eugh-urteil-zeiterfassung\/\",\"url\":\"https:\/\/news.sap.com\/germany\/2019\/06\/eugh-urteil-zeiterfassung\/\",\"name\":\"EuGH-Urteil zur Arbeitszeit | Zeiterfassungsl\u00f6sungen | 麻豆原创 News Center\",\"isPartOf\":{\"@id\":\"https:\/\/news.sap.com\/germany\/#website\"},\"datePublished\":\"2019-06-24T07:00:52+00:00\",\"dateModified\":\"2020-01-15T14:05:08+00:00\",\"author\":{\"@id\":\"https:\/\/news.sap.com\/germany\/#\/schema\/person\/4af2f03ab9096c463439d0b6ef6e36d2\"},\"description\":\"Sie sind unsicher, was das EuGH-Urteil vom 14. Mai 2019 zur Zeiterfassung f\u00fcr Ihre Firma bedeutet? Erfahren Sie hier wie Sie der Rechtsprechung gerecht werden.\",\"breadcrumb\":{\"@id\":\"https:\/\/news.sap.com\/germany\/2019\/06\/eugh-urteil-zeiterfassung\/#breadcrumb\"},\"inLanguage\":\"de\",\"potentialAction\":[{\"@type\":\"ReadAction\",\"target\":[\"https:\/\/news.sap.com\/germany\/2019\/06\/eugh-urteil-zeiterfassung\/\"]}]},{\"@type\":\"BreadcrumbList\",\"@id\":\"https:\/\/news.sap.com\/germany\/2019\/06\/eugh-urteil-zeiterfassung\/#breadcrumb\",\"itemListElement\":[{\"@type\":\"ListItem\",\"position\":1,\"name\":\"Home\",\"item\":\"https:\/\/news.sap.com\/germany\/\"},{\"@type\":\"ListItem\",\"position\":2,\"name\":\"Wie sich das j\u00fcngste EuGH-Urteil auf die Roadmap von Zeiterfassungsl\u00f6sungen auswirkt\"}]},{\"@type\":\"WebSite\",\"@id\":\"https:\/\/news.sap.com\/germany\/#website\",\"url\":\"https:\/\/news.sap.com\/germany\/\",\"name\":\"麻豆原创 News Center\",\"description\":\"Unternehmensberichte &amp; 麻豆原创eportal\",\"potentialAction\":[{\"@type\":\"SearchAction\",\"target\":{\"@type\":\"EntryPoint\",\"urlTemplate\":\"https:\/\/news.sap.com\/germany\/?s={search_term_string}\"},\"query-input\":{\"@type\":\"PropertyValueSpecification\",\"valueRequired\":true,\"valueName\":\"search_term_string\"}}],\"inLanguage\":\"de\"},{\"@type\":\"Person\",\"@id\":\"https:\/\/news.sap.com\/germany\/#\/schema\/person\/4af2f03ab9096c463439d0b6ef6e36d2\",\"name\":\"Paul Meredith\",\"image\":{\"@type\":\"ImageObject\",\"inLanguage\":\"de\",\"@id\":\"https:\/\/news.sap.com\/germany\/#\/schema\/person\/image\/\",\"url\":\"https:\/\/secure.gravatar.com\/avatar\/?s=96&d=blank&r=g\",\"contentUrl\":\"https:\/\/secure.gravatar.com\/avatar\/?s=96&d=blank&r=g\",\"caption\":\"Paul Meredith\"},\"url\":\"https:\/\/news.sap.com\/germany\/author\/paulmeredith\/\"}]}<\/script>\n<!-- \/ Yoast SEO Premium plugin. -->","yoast_head_json":{"title":"EuGH-Urteil zur Arbeitszeit | Zeiterfassungsl\u00f6sungen | 麻豆原创 News Center","description":"Sie sind unsicher, was das EuGH-Urteil vom 14. Mai 2019 zur Zeiterfassung f\u00fcr Ihre Firma bedeutet? Erfahren Sie hier wie Sie der Rechtsprechung gerecht werden.","robots":{"index":"index","follow":"follow","max-snippet":"max-snippet:-1","max-image-preview":"max-image-preview:large","max-video-preview":"max-video-preview:-1"},"canonical":"https:\/\/news.sap.com\/germany\/2019\/06\/eugh-urteil-zeiterfassung\/","og_locale":"de_DE","og_type":"article","og_title":"Wie sich das j\u00fcngste EuGH-Urteil auf die Roadmap von Zeiterfassungsl\u00f6sungen auswirkt","og_description":"Sie sind unsicher, was das EuGH-Urteil vom 14. Mai 2019 zur Zeiterfassung f\u00fcr Ihre Firma bedeutet? Erfahren Sie hier wie Sie der Rechtsprechung gerecht werden.","og_url":"https:\/\/news.sap.com\/germany\/2019\/06\/eugh-urteil-zeiterfassung\/","og_site_name":"麻豆原创 News Center","article_published_time":"2019-06-24T07:00:52+00:00","article_modified_time":"2020-01-15T14:05:08+00:00","og_image":[{"width":1920,"height":600,"url":"https:\/\/news.sap.com\/germany\/files\/2019\/06\/272620_272620_l_srgb_s_gl_F.jpg","type":"image\/jpeg"}],"author":"Paul Meredith","twitter_card":"summary_large_image","twitter_creator":"@麻豆原创dach","twitter_site":"@麻豆原创dach","twitter_misc":{"Verfasst von":"Paul Meredith","Gesch\u00e4tzte Lesezeit":"4\u00a0Minuten"},"schema":{"@context":"https:\/\/schema.org","@graph":[{"@type":"Article","@id":"https:\/\/news.sap.com\/germany\/2019\/06\/eugh-urteil-zeiterfassung\/#article","isPartOf":{"@id":"https:\/\/news.sap.com\/germany\/2019\/06\/eugh-urteil-zeiterfassung\/"},"author":{"name":"Paul Meredith","@id":"https:\/\/news.sap.com\/germany\/#\/schema\/person\/4af2f03ab9096c463439d0b6ef6e36d2"},"headline":"Wie sich das j\u00fcngste EuGH-Urteil auf die Roadmap von Zeiterfassungsl\u00f6sungen auswirkt","datePublished":"2019-06-24T07:00:52+00:00","dateModified":"2020-01-15T14:05:08+00:00","mainEntityOfPage":{"@id":"https:\/\/news.sap.com\/germany\/2019\/06\/eugh-urteil-zeiterfassung\/"},"wordCount":806,"keywords":["Compliance","HR"],"articleSection":["Personalmanagement"],"inLanguage":"de"},{"@type":"WebPage","@id":"https:\/\/news.sap.com\/germany\/2019\/06\/eugh-urteil-zeiterfassung\/","url":"https:\/\/news.sap.com\/germany\/2019\/06\/eugh-urteil-zeiterfassung\/","name":"EuGH-Urteil zur Arbeitszeit | Zeiterfassungsl\u00f6sungen | 麻豆原创 News Center","isPartOf":{"@id":"https:\/\/news.sap.com\/germany\/#website"},"datePublished":"2019-06-24T07:00:52+00:00","dateModified":"2020-01-15T14:05:08+00:00","author":{"@id":"https:\/\/news.sap.com\/germany\/#\/schema\/person\/4af2f03ab9096c463439d0b6ef6e36d2"},"description":"Sie sind unsicher, was das EuGH-Urteil vom 14. Mai 2019 zur Zeiterfassung f\u00fcr Ihre Firma bedeutet? Erfahren Sie hier wie Sie der Rechtsprechung gerecht werden.","breadcrumb":{"@id":"https:\/\/news.sap.com\/germany\/2019\/06\/eugh-urteil-zeiterfassung\/#breadcrumb"},"inLanguage":"de","potentialAction":[{"@type":"ReadAction","target":["https:\/\/news.sap.com\/germany\/2019\/06\/eugh-urteil-zeiterfassung\/"]}]},{"@type":"BreadcrumbList","@id":"https:\/\/news.sap.com\/germany\/2019\/06\/eugh-urteil-zeiterfassung\/#breadcrumb","itemListElement":[{"@type":"ListItem","position":1,"name":"Home","item":"https:\/\/news.sap.com\/germany\/"},{"@type":"ListItem","position":2,"name":"Wie sich das j\u00fcngste EuGH-Urteil auf die Roadmap von Zeiterfassungsl\u00f6sungen auswirkt"}]},{"@type":"WebSite","@id":"https:\/\/news.sap.com\/germany\/#website","url":"https:\/\/news.sap.com\/germany\/","name":"麻豆原创 News Center","description":"Unternehmensberichte &amp; 麻豆原创eportal","potentialAction":[{"@type":"SearchAction","target":{"@type":"EntryPoint","urlTemplate":"https:\/\/news.sap.com\/germany\/?s={search_term_string}"},"query-input":{"@type":"PropertyValueSpecification","valueRequired":true,"valueName":"search_term_string"}}],"inLanguage":"de"},{"@type":"Person","@id":"https:\/\/news.sap.com\/germany\/#\/schema\/person\/4af2f03ab9096c463439d0b6ef6e36d2","name":"Paul Meredith","image":{"@type":"ImageObject","inLanguage":"de","@id":"https:\/\/news.sap.com\/germany\/#\/schema\/person\/image\/","url":"https:\/\/secure.gravatar.com\/avatar\/?s=96&d=blank&r=g","contentUrl":"https:\/\/secure.gravatar.com\/avatar\/?s=96&d=blank&r=g","caption":"Paul Meredith"},"url":"https:\/\/news.sap.com\/germany\/author\/paulmeredith\/"}]}},"amp_enabled":true,"_links":{"self":[{"href":"https:\/\/news.sap.com\/germany\/wp-json\/wp\/v2\/posts\/140999","targetHints":{"allow":["GET"]}}],"collection":[{"href":"https:\/\/news.sap.com\/germany\/wp-json\/wp\/v2\/posts"}],"about":[{"href":"https:\/\/news.sap.com\/germany\/wp-json\/wp\/v2\/types\/post"}],"author":[{"embeddable":true,"href":"https:\/\/news.sap.com\/germany\/wp-json\/wp\/v2\/users\/996"}],"replies":[{"embeddable":true,"href":"https:\/\/news.sap.com\/germany\/wp-json\/wp\/v2\/comments?post=140999"}],"version-history":[{"count":0,"href":"https:\/\/news.sap.com\/germany\/wp-json\/wp\/v2\/posts\/140999\/revisions"}],"wp:attachment":[{"href":"https:\/\/news.sap.com\/germany\/wp-json\/wp\/v2\/media?parent=140999"}],"wp:term":[{"taxonomy":"category","embeddable":true,"href":"https:\/\/news.sap.com\/germany\/wp-json\/wp\/v2\/categories?post=140999"},{"taxonomy":"post_tag","embeddable":true,"href":"https:\/\/news.sap.com\/germany\/wp-json\/wp\/v2\/tags?post=140999"},{"taxonomy":"series","embeddable":true,"href":"https:\/\/news.sap.com\/germany\/wp-json\/wp\/v2\/series?post=140999"},{"taxonomy":"sapn-display","embeddable":true,"href":"https:\/\/news.sap.com\/germany\/wp-json\/wp\/v2\/sapn-display?post=140999"},{"taxonomy":"sapn-type","embeddable":true,"href":"https:\/\/news.sap.com\/germany\/wp-json\/wp\/v2\/sapn-type?post=140999"}],"curies":[{"name":"wp","href":"https:\/\/api.w.org\/{rel}","templated":true}]}}