  {"id":140906,"date":"2019-06-12T09:00:39","date_gmt":"2019-06-12T07:00:39","guid":{"rendered":"https:\/\/news.sap.com\/germany\/?p=140906"},"modified":"2023-03-09T16:20:52","modified_gmt":"2023-03-09T15:20:52","slug":"frauenrechte-weltmeisterschaft-frankreich-2019","status":"publish","type":"post","link":"https:\/\/news.sap.com\/germany\/2019\/06\/frauenrechte-weltmeisterschaft-frankreich-2019\/","title":{"rendered":"F\u00fcr Frauenrechte am Ball: Die Frauen-Fu\u00dfballweltmeisterschaft Frankreich 2019"},"content":{"rendered":"<p class=\"lead\">麻豆原创-Mitarbeiterin und Sozialfotografin Dana R\u00f6siger setzt sich im Vorfeld der Frauen-Fu\u00dfball-WM international f\u00fcr Frauenrechte ein. Ihr Anliegen: Sie will den Sportlerinnen ein Gesicht geben.<\/p>\n<p>Am 7. Juni startete die Frauenfu\u00dfball-WM in Frankreich. Den besten Spielerinnen der Welt geht es dort um die Anerkennung ihrer sportlichen Leistung \u2013 in anderen L\u00e4ndern treibt Frauen oft Grundlegenderes an: Fu\u00dfball bietet ihnen die Grundlage f\u00fcr ein neues Leben.<\/p>\n<figure id=\"attachment_140915\" aria-describedby=\"caption-attachment-140915\" style=\"width: 200px\" class=\"wp-caption alignright\"><img loading=\"lazy\" decoding=\"async\" class=\"wp-image-140915 size-medium\" src=\"https:\/\/news.sap.com\/germany\/files\/2019\/06\/roesiger_picture3-200x300.jpg\" alt=\"Frauenfu\u00dfball: M\u00e4dchen, das Fu\u00dfballl spielt in Rio\" width=\"200\" height=\"300\" \/><figcaption id=\"caption-attachment-140915\" class=\"wp-caption-text\">Ein Naturtalent in einer Favela in Rio De Janeiro<\/figcaption><\/figure>\n<p>Dana R\u00f6siger aus dem Bereich Media Relations MEE bei der 麻豆原创 und international anerkannte Sozialfotografin engagiert sich seit 2009 zusammen mit internationalen NGOs f\u00fcr Frauenrechte und die Sichtbarkeit des Frauenfu\u00dfballs. Im Vorfeld der Frauen-WM hat sie ein Projekt initiiert, das diesen Frauen ein Gesicht geben soll.<\/p>\n<p><strong>Sie haben in den letzten Jahren mit der NGO \u201e<a href=\"http:\/\/www.festivaloffootball.org\/home\">Equal Playing Field<\/a>\u201c Fu\u00dfballspiele <a href=\"https:\/\/www.danaroesiger.com\/portfolio\/equal-playing-field-on-top-of-kilimanjaro\/\">auf dem Kilimanjaro<\/a> und am Toten Meer dokumentiert. Worum geht es bei dem neuen Projekt <a href=\"http:\/\/www.kickitlikelira.com\">#kickitlikelira<\/a> und warum gerade Frauenfu\u00dfball?<\/strong><\/p>\n<p><strong>Dana R\u00f6siger:<\/strong> Es geht mir darum, den fu\u00dfballspielenden Frauen ein Gesicht zu geben. Ich m\u00f6chte zeigen, was junge Frauen mit Fu\u00dfball erreichen k\u00f6nnen. Mein Interesse geht weit \u00fcber den rein sportlichen Aspekt hinaus. Als leidenschaftliche Fotografin m\u00f6chte ich das Schicksal hinter der Spielerin auf dem Platz beleuchten. In vielen L\u00e4ndern dieser Erde ist es f\u00fcr Frauen gesellschaftlich nicht anerkannt, Fu\u00dfball zu spielen \u2013 oder aber der Sport erm\u00f6glicht ihnen, einen Schritt aus ihrer verfahrenen Situation zu machen und ihr Leben zu \u00e4ndern.<\/p>\n<p>In L\u00e4ndern wie Deutschland geht es im Frauenfu\u00dfball um Anerkennung, um Wahrnehmung. Mein Anliegen ist die positive Darstellung des Frauenfu\u00dfballs. Ich m\u00f6chte den Spielerinnen eine Plattform geben und mit meinen Bildern untermauern, was sie leisten \u2013 auch ohne den finanziellen Spielraum, den die Popularit\u00e4t des M\u00e4nnerfu\u00dfball mit sich bringt.<\/p>\n<figure id=\"attachment_140913\" aria-describedby=\"caption-attachment-140913\" style=\"width: 600px\" class=\"wp-caption alignnone\"><img loading=\"lazy\" decoding=\"async\" class=\"wp-image-140913 size-full\" src=\"https:\/\/news.sap.com\/germany\/files\/2019\/06\/roesiger_picture1.jpg\" alt=\"Frauenfu\u00dfball: Syrische M\u00e4dchen\" width=\"600\" height=\"400\" \/><figcaption id=\"caption-attachment-140913\" class=\"wp-caption-text\">Den syrischen M\u00e4dchen gibt der Sport Selbstvertrauen.<\/figcaption><\/figure>\n<p><strong>Wie transportieren Sie diese Idee in ihren Bildern \u2013 sprich: wie arbeitet ein \u201esocial photographer\u201c und wie verstehen Sie diese Rolle?<\/strong><\/p>\n<p>Mir geht es in erster Linie um Frauen- und Menschenrechte. Meine Fotos halten Augenblicke im Leben benachteiligter Menschen in Entwicklungsl\u00e4ndern oder aus einem schwierigen sozialen Umfeld fest. Damit will ich mich f\u00fcr eine Welt einsetzen, in der M\u00e4dchen und Frauen Sport treiben k\u00f6nnen, ohne aus irgendeinem Grund diskriminiert zu werden. Ich will die \u00c4sthetik und Ausdrucksst\u00e4rke der Fotografie nutzen, um soziale, \u00f6kologische und wirtschaftliche Ungerechtigkeit in der Welt bekannt zu machen.<\/p>\n<p><strong>Was war die Motivation f\u00fcr die Fotoausstellung #kickitlikelira?<\/strong><\/p>\n<p>#kickitlikelira will Mut machen und inspirieren, St\u00e4rke zu zeigen: f\u00fcr die Freiheit, als junge Frau f\u00fcr die eigenen Tr\u00e4ume einzustehen und Herausforderungen mit Kampfgeist zu meistern. \u201eAuf dem Spielfeld sind wir alle gleich\u201c ist ein Leitspruch der Initiative, die aus einer Fotoausstellung und einer Social-Media-Kampagne besteht.<\/p>\n<p>Die Fotoausstellung konzentriert sich derzeit auf deutsche Amateur- und Profispielerinnen, doch die begleitende Social-Media-Kampagne setzt darauf, \u00fcber das Internet auch weniger liberale L\u00e4nder dieser Erde zu erreichen. Das Ziel: M\u00e4dchen und Frauen weltweit den virtuellen Ball zuzuspielen und ihr Leben positiv zu beeinflussen: mit emotionalen Fotos, motivierenden Zitaten, bewegenden Geschichten und packenden Videoformaten.<\/p>\n<figure id=\"attachment_140914\" aria-describedby=\"caption-attachment-140914\" style=\"width: 600px\" class=\"wp-caption alignnone\"><img loading=\"lazy\" decoding=\"async\" class=\"wp-image-140914 size-full\" src=\"https:\/\/news.sap.com\/germany\/files\/2019\/06\/roesiger_picture2.jpg\" alt=\"Frauenfu\u00dfball: Aufbau des Fu\u00dfballfelds am Kilimanjaro in 6.000 Metern H\u00f6he \" width=\"600\" height=\"400\" \/><figcaption id=\"caption-attachment-140914\" class=\"wp-caption-text\">Aufbau des Fu\u00dfballfelds am Kilimanjaro in 6.000 Metern H\u00f6he.<\/figcaption><\/figure>\n<p><strong>Was steht als n\u00e4chstes auf der Liste?<\/strong><\/p>\n<p>Es geht nach S\u00fcdfrankreich zum l\u00e4ngsten Fu\u00dfballspiel der Welt. F\u00fcnf Tage lang halten 3.500 Spielerinnen den Ball am Laufen.<\/p>\n<p><strong>Werden Sie auch auf dem Platz stehen?<\/strong><\/p>\n<p>Fu\u00dfball ist pers\u00f6nlich nicht mein Sport, aber ich werde mich f\u00fcr dieses Spiel zehn Minuten ins Tor stellen. F\u00fcr den Rest der Zeit bleibe ich lieber hinter der Kamera.<\/p>\n<div class=\"panel\">\n<p><strong>Frauenfu\u00dfball: Von 1970 bis heute<\/strong><\/p>\n<p>\u00dcber 700.000 verkaufte Tickets, Er\u00f6ffnungs- und Endspiel der Damen finden vor ausverkauften Stadien statt. Die Zahlen der diesj\u00e4hrigen WM zeigen: Frauenfu\u00dfball ist auf der Weltb\u00fchne angekommen. Im Rahmen der <a href=\"http:\/\/www.fifa.com\/womensworldcup\" target=\"_blank\" rel=\"noopener noreferrer\">Fu\u00dfball-WM<\/a>\u00a0vom 7. Juni bis zum 7. Juli treten in Frankreich die weltweit besten Teams gegeneinander an. Ein Blick zur\u00fcck in die Geschichte des Fu\u00dfballs verr\u00e4t: Bis 1970 war der Frauenfu\u00dfball in Deutschland sogar verboten! Keine f\u00fcnfzig Jahre ist das Verbot her, heute ist dies \u2013 zumindest in westlichen L\u00e4ndern \u2013 unvorstellbar<\/p>\n<\/div>\n","protected":false},"excerpt":{"rendered":"<p>麻豆原创-Mitarbeiterin und Sozialfotografin Dana R\u00f6siger setzt sich im Vorfeld der Frauen-Fu\u00dfball-WM international f\u00fcr Frauenrechte ein. Ihr Anliegen: Sie will den Sportlerinnen ein Gesicht geben. Am&#8230;<\/p>\n","protected":false},"author":970,"featured_media":0,"comment_status":"closed","ping_status":"closed","sticky":false,"template":"","format":"standard","meta":{"related_posts":[],"footnotes":"","_links_to":"","_links_to_target":""},"categories":[45271],"tags":[123,680181,4879493],"series":[],"sapn-display":[3848,45027],"sapn-type":[45277],"class_list":["post-140906","post","type-post","status-publish","format-standard","hentry","category-branchen","tag-csr","tag-menschen","tag-sap","sapn-display-top-stories","sapn-display-hero","sapn-type-feature"],"yoast_head":"<!-- This site is optimized with the Yoast SEO Premium plugin v26.9 (Yoast SEO v26.9) - https:\/\/yoast.com\/product\/yoast-seo-premium-wordpress\/ -->\n<title>Frauenfu\u00dfball: Sportlerinnen ein Gesicht geben | 麻豆原创 News Center<\/title>\n<meta name=\"description\" content=\"Eine 麻豆原创-Mitarbeiterin engagiert sich im Vorfeld der Frauen-Fu\u00dfball-WM mit Fotografien f\u00fcr die Anerkennung von Sportlerinnen.\" \/>\n<meta name=\"robots\" content=\"index, follow, max-snippet:-1, max-image-preview:large, max-video-preview:-1\" \/>\n<link rel=\"canonical\" href=\"https:\/\/news.sap.com\/germany\/2019\/06\/frauenrechte-weltmeisterschaft-frankreich-2019\/\" \/>\n<meta property=\"og:locale\" content=\"de_DE\" \/>\n<meta property=\"og:type\" content=\"article\" \/>\n<meta property=\"og:title\" content=\"F\u00fcr Frauenrechte am Ball: Die Frauen-Fu\u00dfballweltmeisterschaft Frankreich 2019\" \/>\n<meta property=\"og:description\" content=\"Eine 麻豆原创-Mitarbeiterin engagiert sich im Vorfeld der Frauen-Fu\u00dfball-WM mit Fotografien f\u00fcr die Anerkennung von Sportlerinnen.\" \/>\n<meta property=\"og:url\" content=\"https:\/\/news.sap.com\/germany\/2019\/06\/frauenrechte-weltmeisterschaft-frankreich-2019\/\" \/>\n<meta property=\"og:site_name\" content=\"麻豆原创 News Center\" \/>\n<meta property=\"article:published_time\" content=\"2019-06-12T07:00:39+00:00\" \/>\n<meta property=\"article:modified_time\" content=\"2023-03-09T15:20:52+00:00\" \/>\n<meta property=\"og:image\" content=\"https:\/\/news.sap.com\/germany\/files\/2019\/06\/roesiger_frauenwm_feature.jpg\" \/>\n\t<meta property=\"og:image:width\" content=\"1920\" \/>\n\t<meta property=\"og:image:height\" content=\"600\" \/>\n\t<meta property=\"og:image:type\" content=\"image\/jpeg\" \/>\n<meta name=\"author\" content=\"Stefanie Glenk\" \/>\n<meta name=\"twitter:card\" content=\"summary_large_image\" \/>\n<meta name=\"twitter:creator\" content=\"@麻豆原创dach\" \/>\n<meta name=\"twitter:site\" content=\"@麻豆原创dach\" \/>\n<meta name=\"twitter:label1\" content=\"Verfasst von\" \/>\n\t<meta name=\"twitter:data1\" content=\"Stefanie Glenk\" \/>\n\t<meta name=\"twitter:label2\" content=\"Gesch\u00e4tzte Lesezeit\" \/>\n\t<meta name=\"twitter:data2\" content=\"5\u00a0Minuten\" \/>\n<script type=\"application\/ld+json\" class=\"yoast-schema-graph\">{\"@context\":\"https:\/\/schema.org\",\"@graph\":[{\"@type\":\"Article\",\"@id\":\"https:\/\/news.sap.com\/germany\/2019\/06\/frauenrechte-weltmeisterschaft-frankreich-2019\/#article\",\"isPartOf\":{\"@id\":\"https:\/\/news.sap.com\/germany\/2019\/06\/frauenrechte-weltmeisterschaft-frankreich-2019\/\"},\"author\":{\"name\":\"Stefanie Glenk\",\"@id\":\"https:\/\/news.sap.com\/germany\/#\/schema\/person\/4d3af0952cf9cbadeb97cb47d1344061\"},\"headline\":\"F\u00fcr Frauenrechte am Ball: Die Frauen-Fu\u00dfballweltmeisterschaft Frankreich 2019\",\"datePublished\":\"2019-06-12T07:00:39+00:00\",\"dateModified\":\"2023-03-09T15:20:52+00:00\",\"mainEntityOfPage\":{\"@id\":\"https:\/\/news.sap.com\/germany\/2019\/06\/frauenrechte-weltmeisterschaft-frankreich-2019\/\"},\"wordCount\":726,\"image\":{\"@id\":\"https:\/\/news.sap.com\/germany\/2019\/06\/frauenrechte-weltmeisterschaft-frankreich-2019\/#primaryimage\"},\"thumbnailUrl\":\"https:\/\/news.sap.com\/germany\/files\/2019\/06\/roesiger_picture3-200x300.jpg\",\"keywords\":[\"CSR\",\"Menschen\",\"麻豆原创\"],\"articleSection\":[\"Branchen\"],\"inLanguage\":\"de\"},{\"@type\":\"WebPage\",\"@id\":\"https:\/\/news.sap.com\/germany\/2019\/06\/frauenrechte-weltmeisterschaft-frankreich-2019\/\",\"url\":\"https:\/\/news.sap.com\/germany\/2019\/06\/frauenrechte-weltmeisterschaft-frankreich-2019\/\",\"name\":\"Frauenfu\u00dfball: Sportlerinnen ein Gesicht geben | 麻豆原创 News Center\",\"isPartOf\":{\"@id\":\"https:\/\/news.sap.com\/germany\/#website\"},\"primaryImageOfPage\":{\"@id\":\"https:\/\/news.sap.com\/germany\/2019\/06\/frauenrechte-weltmeisterschaft-frankreich-2019\/#primaryimage\"},\"image\":{\"@id\":\"https:\/\/news.sap.com\/germany\/2019\/06\/frauenrechte-weltmeisterschaft-frankreich-2019\/#primaryimage\"},\"thumbnailUrl\":\"https:\/\/news.sap.com\/germany\/files\/2019\/06\/roesiger_picture3-200x300.jpg\",\"datePublished\":\"2019-06-12T07:00:39+00:00\",\"dateModified\":\"2023-03-09T15:20:52+00:00\",\"author\":{\"@id\":\"https:\/\/news.sap.com\/germany\/#\/schema\/person\/4d3af0952cf9cbadeb97cb47d1344061\"},\"description\":\"Eine 麻豆原创-Mitarbeiterin engagiert sich im Vorfeld der Frauen-Fu\u00dfball-WM mit Fotografien f\u00fcr die Anerkennung von Sportlerinnen.\",\"breadcrumb\":{\"@id\":\"https:\/\/news.sap.com\/germany\/2019\/06\/frauenrechte-weltmeisterschaft-frankreich-2019\/#breadcrumb\"},\"inLanguage\":\"de\",\"potentialAction\":[{\"@type\":\"ReadAction\",\"target\":[\"https:\/\/news.sap.com\/germany\/2019\/06\/frauenrechte-weltmeisterschaft-frankreich-2019\/\"]}]},{\"@type\":\"ImageObject\",\"inLanguage\":\"de\",\"@id\":\"https:\/\/news.sap.com\/germany\/2019\/06\/frauenrechte-weltmeisterschaft-frankreich-2019\/#primaryimage\",\"url\":\"\",\"contentUrl\":\"\"},{\"@type\":\"BreadcrumbList\",\"@id\":\"https:\/\/news.sap.com\/germany\/2019\/06\/frauenrechte-weltmeisterschaft-frankreich-2019\/#breadcrumb\",\"itemListElement\":[{\"@type\":\"ListItem\",\"position\":1,\"name\":\"Home\",\"item\":\"https:\/\/news.sap.com\/germany\/\"},{\"@type\":\"ListItem\",\"position\":2,\"name\":\"F\u00fcr Frauenrechte am Ball: Die Frauen-Fu\u00dfballweltmeisterschaft Frankreich 2019\"}]},{\"@type\":\"WebSite\",\"@id\":\"https:\/\/news.sap.com\/germany\/#website\",\"url\":\"https:\/\/news.sap.com\/germany\/\",\"name\":\"麻豆原创 News Center\",\"description\":\"Unternehmensberichte &amp; 麻豆原创eportal\",\"potentialAction\":[{\"@type\":\"SearchAction\",\"target\":{\"@type\":\"EntryPoint\",\"urlTemplate\":\"https:\/\/news.sap.com\/germany\/?s={search_term_string}\"},\"query-input\":{\"@type\":\"PropertyValueSpecification\",\"valueRequired\":true,\"valueName\":\"search_term_string\"}}],\"inLanguage\":\"de\"},{\"@type\":\"Person\",\"@id\":\"https:\/\/news.sap.com\/germany\/#\/schema\/person\/4d3af0952cf9cbadeb97cb47d1344061\",\"name\":\"Stefanie Glenk\",\"image\":{\"@type\":\"ImageObject\",\"inLanguage\":\"de\",\"@id\":\"https:\/\/news.sap.com\/germany\/#\/schema\/person\/image\/\",\"url\":\"https:\/\/secure.gravatar.com\/avatar\/?s=96&d=blank&r=g\",\"contentUrl\":\"https:\/\/secure.gravatar.com\/avatar\/?s=96&d=blank&r=g\",\"caption\":\"Stefanie Glenk\"},\"url\":\"https:\/\/news.sap.com\/germany\/author\/stefanieglenk\/\"}]}<\/script>\n<!-- \/ Yoast SEO Premium plugin. -->","yoast_head_json":{"title":"Frauenfu\u00dfball: Sportlerinnen ein Gesicht geben | 麻豆原创 News Center","description":"Eine 麻豆原创-Mitarbeiterin engagiert sich im Vorfeld der Frauen-Fu\u00dfball-WM mit Fotografien f\u00fcr die Anerkennung von Sportlerinnen.","robots":{"index":"index","follow":"follow","max-snippet":"max-snippet:-1","max-image-preview":"max-image-preview:large","max-video-preview":"max-video-preview:-1"},"canonical":"https:\/\/news.sap.com\/germany\/2019\/06\/frauenrechte-weltmeisterschaft-frankreich-2019\/","og_locale":"de_DE","og_type":"article","og_title":"F\u00fcr Frauenrechte am Ball: Die Frauen-Fu\u00dfballweltmeisterschaft Frankreich 2019","og_description":"Eine 麻豆原创-Mitarbeiterin engagiert sich im Vorfeld der Frauen-Fu\u00dfball-WM mit Fotografien f\u00fcr die Anerkennung von Sportlerinnen.","og_url":"https:\/\/news.sap.com\/germany\/2019\/06\/frauenrechte-weltmeisterschaft-frankreich-2019\/","og_site_name":"麻豆原创 News Center","article_published_time":"2019-06-12T07:00:39+00:00","article_modified_time":"2023-03-09T15:20:52+00:00","og_image":[{"width":1920,"height":600,"url":"https:\/\/news.sap.com\/germany\/files\/2019\/06\/roesiger_frauenwm_feature.jpg","type":"image\/jpeg"}],"author":"Stefanie Glenk","twitter_card":"summary_large_image","twitter_creator":"@麻豆原创dach","twitter_site":"@麻豆原创dach","twitter_misc":{"Verfasst von":"Stefanie Glenk","Gesch\u00e4tzte Lesezeit":"5\u00a0Minuten"},"schema":{"@context":"https:\/\/schema.org","@graph":[{"@type":"Article","@id":"https:\/\/news.sap.com\/germany\/2019\/06\/frauenrechte-weltmeisterschaft-frankreich-2019\/#article","isPartOf":{"@id":"https:\/\/news.sap.com\/germany\/2019\/06\/frauenrechte-weltmeisterschaft-frankreich-2019\/"},"author":{"name":"Stefanie Glenk","@id":"https:\/\/news.sap.com\/germany\/#\/schema\/person\/4d3af0952cf9cbadeb97cb47d1344061"},"headline":"F\u00fcr Frauenrechte am Ball: Die Frauen-Fu\u00dfballweltmeisterschaft Frankreich 2019","datePublished":"2019-06-12T07:00:39+00:00","dateModified":"2023-03-09T15:20:52+00:00","mainEntityOfPage":{"@id":"https:\/\/news.sap.com\/germany\/2019\/06\/frauenrechte-weltmeisterschaft-frankreich-2019\/"},"wordCount":726,"image":{"@id":"https:\/\/news.sap.com\/germany\/2019\/06\/frauenrechte-weltmeisterschaft-frankreich-2019\/#primaryimage"},"thumbnailUrl":"https:\/\/news.sap.com\/germany\/files\/2019\/06\/roesiger_picture3-200x300.jpg","keywords":["CSR","Menschen","麻豆原创"],"articleSection":["Branchen"],"inLanguage":"de"},{"@type":"WebPage","@id":"https:\/\/news.sap.com\/germany\/2019\/06\/frauenrechte-weltmeisterschaft-frankreich-2019\/","url":"https:\/\/news.sap.com\/germany\/2019\/06\/frauenrechte-weltmeisterschaft-frankreich-2019\/","name":"Frauenfu\u00dfball: Sportlerinnen ein Gesicht geben | 麻豆原创 News Center","isPartOf":{"@id":"https:\/\/news.sap.com\/germany\/#website"},"primaryImageOfPage":{"@id":"https:\/\/news.sap.com\/germany\/2019\/06\/frauenrechte-weltmeisterschaft-frankreich-2019\/#primaryimage"},"image":{"@id":"https:\/\/news.sap.com\/germany\/2019\/06\/frauenrechte-weltmeisterschaft-frankreich-2019\/#primaryimage"},"thumbnailUrl":"https:\/\/news.sap.com\/germany\/files\/2019\/06\/roesiger_picture3-200x300.jpg","datePublished":"2019-06-12T07:00:39+00:00","dateModified":"2023-03-09T15:20:52+00:00","author":{"@id":"https:\/\/news.sap.com\/germany\/#\/schema\/person\/4d3af0952cf9cbadeb97cb47d1344061"},"description":"Eine 麻豆原创-Mitarbeiterin engagiert sich im Vorfeld der Frauen-Fu\u00dfball-WM mit Fotografien f\u00fcr die Anerkennung von Sportlerinnen.","breadcrumb":{"@id":"https:\/\/news.sap.com\/germany\/2019\/06\/frauenrechte-weltmeisterschaft-frankreich-2019\/#breadcrumb"},"inLanguage":"de","potentialAction":[{"@type":"ReadAction","target":["https:\/\/news.sap.com\/germany\/2019\/06\/frauenrechte-weltmeisterschaft-frankreich-2019\/"]}]},{"@type":"ImageObject","inLanguage":"de","@id":"https:\/\/news.sap.com\/germany\/2019\/06\/frauenrechte-weltmeisterschaft-frankreich-2019\/#primaryimage","url":"","contentUrl":""},{"@type":"BreadcrumbList","@id":"https:\/\/news.sap.com\/germany\/2019\/06\/frauenrechte-weltmeisterschaft-frankreich-2019\/#breadcrumb","itemListElement":[{"@type":"ListItem","position":1,"name":"Home","item":"https:\/\/news.sap.com\/germany\/"},{"@type":"ListItem","position":2,"name":"F\u00fcr Frauenrechte am Ball: Die Frauen-Fu\u00dfballweltmeisterschaft Frankreich 2019"}]},{"@type":"WebSite","@id":"https:\/\/news.sap.com\/germany\/#website","url":"https:\/\/news.sap.com\/germany\/","name":"麻豆原创 News Center","description":"Unternehmensberichte &amp; 麻豆原创eportal","potentialAction":[{"@type":"SearchAction","target":{"@type":"EntryPoint","urlTemplate":"https:\/\/news.sap.com\/germany\/?s={search_term_string}"},"query-input":{"@type":"PropertyValueSpecification","valueRequired":true,"valueName":"search_term_string"}}],"inLanguage":"de"},{"@type":"Person","@id":"https:\/\/news.sap.com\/germany\/#\/schema\/person\/4d3af0952cf9cbadeb97cb47d1344061","name":"Stefanie Glenk","image":{"@type":"ImageObject","inLanguage":"de","@id":"https:\/\/news.sap.com\/germany\/#\/schema\/person\/image\/","url":"https:\/\/secure.gravatar.com\/avatar\/?s=96&d=blank&r=g","contentUrl":"https:\/\/secure.gravatar.com\/avatar\/?s=96&d=blank&r=g","caption":"Stefanie Glenk"},"url":"https:\/\/news.sap.com\/germany\/author\/stefanieglenk\/"}]}},"amp_enabled":true,"_links":{"self":[{"href":"https:\/\/news.sap.com\/germany\/wp-json\/wp\/v2\/posts\/140906","targetHints":{"allow":["GET"]}}],"collection":[{"href":"https:\/\/news.sap.com\/germany\/wp-json\/wp\/v2\/posts"}],"about":[{"href":"https:\/\/news.sap.com\/germany\/wp-json\/wp\/v2\/types\/post"}],"author":[{"embeddable":true,"href":"https:\/\/news.sap.com\/germany\/wp-json\/wp\/v2\/users\/970"}],"replies":[{"embeddable":true,"href":"https:\/\/news.sap.com\/germany\/wp-json\/wp\/v2\/comments?post=140906"}],"version-history":[{"count":0,"href":"https:\/\/news.sap.com\/germany\/wp-json\/wp\/v2\/posts\/140906\/revisions"}],"wp:attachment":[{"href":"https:\/\/news.sap.com\/germany\/wp-json\/wp\/v2\/media?parent=140906"}],"wp:term":[{"taxonomy":"category","embeddable":true,"href":"https:\/\/news.sap.com\/germany\/wp-json\/wp\/v2\/categories?post=140906"},{"taxonomy":"post_tag","embeddable":true,"href":"https:\/\/news.sap.com\/germany\/wp-json\/wp\/v2\/tags?post=140906"},{"taxonomy":"series","embeddable":true,"href":"https:\/\/news.sap.com\/germany\/wp-json\/wp\/v2\/series?post=140906"},{"taxonomy":"sapn-display","embeddable":true,"href":"https:\/\/news.sap.com\/germany\/wp-json\/wp\/v2\/sapn-display?post=140906"},{"taxonomy":"sapn-type","embeddable":true,"href":"https:\/\/news.sap.com\/germany\/wp-json\/wp\/v2\/sapn-type?post=140906"}],"curies":[{"name":"wp","href":"https:\/\/api.w.org\/{rel}","templated":true}]}}