  {"id":138568,"date":"2019-03-01T08:00:39","date_gmt":"2019-03-01T07:00:39","guid":{"rendered":"https:\/\/news.sap.com\/germany\/?p=138568"},"modified":"2020-01-22T13:46:18","modified_gmt":"2020-01-22T12:46:18","slug":"hein-wagner-klimawandel","status":"publish","type":"post","link":"https:\/\/news.sap.com\/germany\/2019\/03\/hein-wagner-klimawandel\/","title":{"rendered":"Wie ein Blinder den Klimawandel sieht"},"content":{"rendered":"<p class=\"lead\">Motivationsredner werden normalerweise engagiert, um Vertriebsteams zu zeigen, dass nach oben keine Grenzen gesetzt sind und es keine Entschuldigung daf\u00fcr gibt, Vertriebsziele nicht zu erreichen. Bei\u00a0<a href=\"http:\/\/heinwagner.com\">Hein Wagner<\/a>, der f\u00fcr die 麻豆原创 ein inspirierender Botschafter in Sachen Nachhaltigkeit ist, sieht das etwas anders aus. Er ist von Geburt an blind und das beste Beispiel daf\u00fcr, dass es keine Grenzen gibt, au\u00dfer denen, die wir uns selbst setzen.<\/p>\n<p>Wagner musste sich mit etwas arrangieren, das f\u00fcr die meisten sehenden Menschen unvorstellbar ist: permanente Dunkelheit. Dennoch ist er davon \u00fcberzeugt, dass man alles erreichen kann, was man sich vornimmt \u2013 sogar eine schier unm\u00f6gliche Aufgabe wie der Kampf gegen den Klimawandel.<\/p>\n<p>\u201eWenn wir die Dinge aus einer anderen Perspektive betrachten, dann k\u00f6nnen wir auch die Dinge selbst ver\u00e4ndern\u201c, meint Wagner, der Technologien wie k\u00fcnstliche Intelligenz nutzt, weil sie ihm helfen, ein erf\u00fclltes Leben zu f\u00fchren. Auf seinem Smartphone hat er zum Beispiel eine App f\u00fcr Blinde, die ihm seine Umgebung beschreibt: Menschen, Texte, Objekte, Farben, W\u00e4hrungen und sogar die Zutatenliste auf einer Konservendose. Dazu muss er sein Handy nur auf das gew\u00fcnschte Ziel richten.<\/p>\n<p>Es dauert einen Moment, bis sich der Sinn von Wagners weisen Worten erschlie\u00dft. Vieles um uns herum nehmen wir schon gar nicht mehr bewusst wahr, da wir daran gew\u00f6hnt sind \u2013 \u00a0Plastikm\u00fcll am Stra\u00dfenrand etwa, oder Berichte \u00fcber extreme Wetterereignisse. Oder wir sehen nur das, was wir sehen m\u00f6chten: Statt des Smogs am Horizont haben wir nur Augen f\u00fcr die schnittigen Autos auf den Stra\u00dfen.<\/p>\n<p>All das ist heute Normalzustand in unserer Gesellschaft und wir nehmen es einfach hin. Um uns herum gibt es jedoch viele Zeichen f\u00fcr den Klimawandel und dessen Ursachen und Auswirkungen.<\/p>\n<h2><strong>Gesellschaftliche Verantwortung<\/strong>\u00a0\u2013\u00a0<strong>eine Art sechster Sinn<\/strong><\/h2>\n<p>Wagner ist es gewohnt, widrigen Umst\u00e4nden zu trotzen: Er hat bereits an den h\u00e4rtesten Marathons und Triathlons der Welt teilgenommen und das schwierigste Mountainbike-Rennen auf diesem Planeten (Absa Cape Epic) absolviert. Au\u00dferdem hat er an der Kapstadt-Rio-Regatta (Cape 2 Rio) teilgenommen. In der Natur findet er seine gr\u00f6\u00dfte Inspiration und setzt sich deshalb mit Leidenschaft f\u00fcr Technologien ein, die saubere Energie f\u00f6rdern. \u201eJeder Einzelne von uns ist f\u00fcr das Klima verantwortlich\u201c, betont er. \u201eWir k\u00f6nnen mehr tun, als wir glauben.\u201c<\/p>\n<p>Als inspirierender Botschafter identifiziert sich Wagner mit dem Leitthema unserer Marke und spornt Mitarbeiter zu positiven Ver\u00e4nderungen an. Wagner begann seinen beruflichen Werdegang als Telefonist in S\u00fcdafrika. Das rasante Wachstum in der Technologiebranche motivierte ihn dazu, in die IT-Branche zu wechseln, wo er als Manager f\u00fcr Teams mit sehbehinderten Menschen in Unternehmen wie MWeb und Thawte Consulting t\u00e4tig war. Er wei\u00df aus eigener Erfahrung, dass Technologie dabei helfen kann, die Abl\u00e4ufe der weltweiten Wirtschaft und das Leben von Menschen zu verbessern.<\/p>\n<p>Ohne seinen Sehsinn \u00fcbte sich Wagner sein Leben lang darin, seine anderen Sinne zu sch\u00e4rfen. Durch einen ausgepr\u00e4gten sechsten Sinn nimmt er seine Umwelt intuitiv und intensiver als manch anderer wahr. Als F\u00fcnfj\u00e4hriger \u201esteckten\u201c ihn seine Eltern in ein Internat f\u00fcr sehbehinderte Kinder, um ihn auf das echte Leben vorzubereiten. Heute ist er f\u00fcr diese Erfahrung dankbar. Er war gezwungen, sein komfortables und beh\u00fctetes Elternhaus zu verlassen und sich in einer neuen Umgebung zurechtzufinden \u2013 eine Welt, in der alle anderen das Licht sehen und sich an seinem Glanz erfreuen k\u00f6nnen.<\/p>\n<p>Irgendwann kamen keine Nachbarskinder mehr zum Spielen in seinen Garten, denn sie waren alle mit ihren neuen Fahr\u00e4dern unterwegs. Um nicht alleine zur\u00fcckzubleiben, blieb ihm keine andere Wahl, als es ihnen gleichzutun.<\/p>\n<p>\u201eIch musste mir das Fahrrad meines Bruders leihen. Wie die meisten Eltern blinder Kinder waren meine Eltern gar nicht erst auf die Idee gekommen, mir ein Fahrrad zu kaufen\u201c, berichtet Wagner schmunzelnd.<\/p>\n<section\n            data-inpsyde-embed=\"youtube\"\n            data-inpsyde-embed-atts=\"{&quot;width&quot;:640,&quot;height&quot;:960}\"\n            data-inpsyde-embed-frame=\"&lt;iframe title=&quot;HEIN SNIPPET ATLANTIS&quot; width=&quot;640&quot; height=&quot;360&quot; src=&quot;https:\/\/www.youtube.com\/embed\/eANKa9pIoKE?feature=oembed&amp;amp;enablejsapi=1&quot; frameborder=&quot;0&quot; allow=&quot;accelerometer; autoplay; clipboard-write; encrypted-media; gyroscope; picture-in-picture; web-share&quot; referrerpolicy=&quot;strict-origin-when-cross-origin&quot; allowfullscreen id=&quot;embed_0311b9d1-8c30-4878-9b1c-cfef0ec4f23c&quot;&gt;&lt;\/iframe&gt;\n\"\n        ><\/p>\n<div class=\"inpsyde-embed-overlay\">\n<div class=\"inpsyde-embed-overlay-container\">\n<h3><a\n                            rel=\"noreferrer\"\n                            href=\"https:\/\/www.youtube.com\/watch?v=eANKa9pIoKE&#038;feature=youtu.be\"\n                            target=\"_blank\"\n                            title=\"Click to visit YouTube\"\n                        >HEIN SNIPPET ATLANTIS<\/a><\/h3>\n<p>Click the button below to load the content from YouTube.<\/p>\n<div class=\"embed-options-wrapper\">\n<div class=\"play-button-outer\" data-action=\"loadThis\">\n<div class=\"play-button\" data-action=\"loadThis\"><\/div>\n<\/div>\n<p>                        <a\n                            href=\"#\"\n                            data-action=\"unlockSource\"\n                            title=\"Click here to permanently allow embeds from YouTube.\"\n                        >Always allow YouTube<\/a><br \/>\n                        <!--<button data-action=\"unlockAll\">Always load all embeds<\/button>-->\n                    <\/div>\n<\/p><\/div>\n<\/p><\/div>\n<div\n                data-inpsyde-embed-preview=\"youtube\"\n                style=\"\n                    max-width:640px;\n                    max-height:360px;\n                    \"\n            >        <img decoding=\"async\" src=\"https:\/\/news.sap.com\/germany\/files\/inpsyde-embed-privacy\/youtube\/eANKa9pIoKE.jpg\" alt=\"HEIN SNIPPET ATLANTIS\"><\/p>\n<div class=\"ytp-large-play-button ytp-button\">\n            <svg height=\"100%\" version=\"1.1\" viewBox=\"0 0 68 48\" width=\"100%\">\n                <path class=\"ytp-large-play-button-bg\"\n                    d=\"M66.52,7.74c-0.78-2.93-2.49-5.41-5.42-6.19C55.79,.13,34,0,34,0S12.21,.13,6.9,1.55 C3.97,2.33,2.27,4.81,1.48,7.74C0.06,13.05,0,24,0,24s0.06,10.95,1.48,16.26c0.78,2.93,2.49,5.41,5.42,6.19 C12.21,47.87,34,48,34,48s21.79-0.13,27.1-1.55c2.93-0.78,4.64-3.26,5.42-6.19C67.94,34.95,68,24,68,24S67.94,13.05,66.52,7.74z\"\n                    fill=\"#212121\"\n                    fill-opacity=\"0.8\"><\/path>\n                <path d=\"M 45,24 27,14 27,34\" fill=\"#fff\"><\/path>\n            <\/svg>\n        <\/div>\n<\/p><\/div>\n<\/section>\n<h2><strong>麻豆原创 setzt sich f\u00fcr Nachhaltigkeit ein<\/strong><\/h2>\n<p>Nun steht Wagner vor einer neuen Herausforderung: Er m\u00f6chte 93.000 麻豆原创-Mitarbeiter und 430.000 Kunden dazu bringen, etwas f\u00fcr den Klimaschutz zu tun.\u00a0<a href=\"https:\/\/www.sap.com\/dmc\/exp\/2018-01-unglobalgoals\/13_Climate_Action.html\">Ma\u00dfnahmen zum Kimaschutz<\/a> ergreifen \u2013 so lautet eines von 17 Zielen f\u00fcr nachhaltige Entwicklung der Vereinten Nationen. Dieses Ziel steht auch im Einklang mit\u00a0<a href=\"https:\/\/www.sap.com\/corporate\/de\/purpose.html\">der \u00dcberzeugung und den Zielen der 麻豆原创<\/a>.<\/p>\n<p>\u201eDie 麻豆原创 bietet ideale Plattformen und L\u00f6sungen, mit denen Kunden ihre Unternehmen effizienter machen und Abfall und Umweltverschmutzung reduzieren k\u00f6nnen\u201c, betont Wagner, wenn er bei gro\u00dfen Veranstaltungen mit Kunden und Mitarbeitern auftritt, zum Beispiel bei Kick-Off Meetings und 麻豆原创-Foren \u00fcberall in der Region. \u201eWir haben das Potenzial, etwas zu bewirken.\u201c<\/p>\n<p>Wagner ist davon \u00fcberzeugt, dass er Menschen dazu motivieren kann, das Unm\u00f6gliche wahr werden zu lassen. Dabei provoziert er manchmal auf humorvolle Weise: \u201eSogar ich kann sehen, welchen Schaden der Klimawandel anrichtet. Warum seht ihr das nicht? Man muss schon blind sein, um das nicht zu sehen.\u201c<\/p>\n<p>Niemand kann behaupten, er k\u00f6nne nichts ausrichten. Die 麻豆原创 feiert das zehnj\u00e4hrige Jubil\u00e4um ihrer Nachhaltigkeitsstrategie und bietet bereits ein\u00a0<a href=\"https:\/\/www.sap.com\/germany\/products\/intelligent-enterprise.html\">umfangreiches Portfolio<\/a>\u00a0, um Kunden bei der Optimierung ihrer Abl\u00e4ufe und der Transformation zum intelligenten Unternehmen zu unterst\u00fctzen. Nun geht es darum, Kunden, Partner und Mitarbeiter zu \u00fcberzeugen, einen Beitrag f\u00fcr die Erhaltung reiner Luft und sauberen Wassers zu leisten, den CO2-Aussto\u00df zu reduzieren und verantwortungsbewusste Entscheidungen f\u00fcr eine nachhaltige Zukunft zu treffen.<\/p>\n<h2><strong>Was Sie tun k\u00f6nnen<\/strong><\/h2>\n<p>Nachhaltiger Konsum und nachhaltige Produktion, nachhaltige St\u00e4dte und Gemeinden, menschenw\u00fcrdige Arbeit und Wirtschaftswachstum \u2013 alle diese Ziele k\u00f6nnen mithilfe moderner Technologie umgesetzt werden. Wir brauchen neue Perspektiven und m\u00fcssen die entsprechenden Ma\u00dfnahmen ergreifen.<\/p>\n<ul>\n<li>Als Entscheidungstr\u00e4ger f\u00fcr Richtlinien, Budgets oder Investitionen k\u00f6nnen Sie darauf achten, Ihre Daten zu erfassen und zu analysieren, transparente Prozesse zu schaffen und langfristige L\u00f6sungen zu f\u00f6rdern.<\/li>\n<li>Als Unternehmer k\u00f6nnen Sie daf\u00fcr sorgen, dass Ihre Prozesse effizient ablaufen, Ihre Gesch\u00e4ftspraktiken ethischen Grunds\u00e4tzen und allgemeinen Vorschriften entsprechen und Sie sich Ihrer gesellschaftlichen Verantwortung bewusst sind.<\/li>\n<li>Als Konsumenten halten Sie die Z\u00fcgel in der Hand. Mit Ihrem Kaufverhalten senden Sie eine eindeutige Botschaft. Machen Sie deutlich, dass Sie nachhaltig eingekaufte und produziert Produkte mit einer niedrigen CO2-Bilanz bevorzugen.<\/li>\n<\/ul>\n<p>Jedes Unternehmen und jede Organisation hat eine Vision. Manchmal muss uns jedoch erst ein Blinder vor Augen f\u00fchren, dass wir etwas bewirken k\u00f6nnen. Echte Inspiration ist mehr als nur eine einmalige Erfahrung. Die richtige Einstellung ver\u00e4ndert unser Denken und Sehen und zeigt uns, dass das Leben mehr zu bieten hat, als nur Vertriebsziele zu erreichen. So haben wir die Gewissheit, unseren gesellschaftlichen Auftrag dauerhaft zu erf\u00fcllen.<\/p>\n<hr \/>\n<p><em>Folgen Sie mir auf Twitter Twitter:<\/em>\u00a0<em><a href=\"https:\/\/twitter.com\/magyarj\">@magyarj<\/a><\/em><\/p>\n<p><em>Bild oben von Hein Wagner<\/em><\/p>\n","protected":false},"excerpt":{"rendered":"<p>Motivationsredner werden normalerweise engagiert, um Vertriebsteams zu zeigen, dass nach oben keine Grenzen gesetzt sind und es keine Entschuldigung daf\u00fcr gibt, Vertriebsziele nicht zu erreichen&#8230;.<\/p>\n","protected":false},"author":191,"featured_media":0,"comment_status":"closed","ping_status":"closed","sticky":false,"template":"","format":"standard","meta":{"related_posts":[],"footnotes":"","_links_to":"","_links_to_target":""},"categories":[5024],"tags":[123,680181],"series":[],"sapn-display":[3848,45027],"sapn-type":[45277],"class_list":["post-138568","post","type-post","status-publish","format-standard","hentry","category-nachhaltigkeit","tag-csr","tag-menschen","sapn-display-top-stories","sapn-display-hero","sapn-type-feature"],"yoast_head":"<!-- This site is optimized with the Yoast SEO Premium plugin v26.9 (Yoast SEO v26.9) - https:\/\/yoast.com\/product\/yoast-seo-premium-wordpress\/ -->\n<title>Der Klimawandel aus der Sicht eines Blinden | Hein Wagner | 麻豆原创 News Center<\/title>\n<meta name=\"description\" content=\"Hein Wagner ist Nachhaltigkeits-Botschafter f\u00fcr 麻豆原创 und sich sicher, dass jeder von uns in der Pflicht ist, mehr f\u00fcr den Klimaschutz zu tun.\" \/>\n<meta name=\"robots\" content=\"index, follow, max-snippet:-1, max-image-preview:large, max-video-preview:-1\" \/>\n<link rel=\"canonical\" href=\"https:\/\/news.sap.com\/germany\/2019\/03\/hein-wagner-klimawandel\/\" \/>\n<meta property=\"og:locale\" content=\"de_DE\" \/>\n<meta property=\"og:type\" content=\"article\" \/>\n<meta property=\"og:title\" content=\"Wie ein Blinder den Klimawandel sieht\" \/>\n<meta property=\"og:description\" content=\"Hein Wagner ist Nachhaltigkeits-Botschafter f\u00fcr 麻豆原创 und sich sicher, dass jeder von uns in der Pflicht ist, mehr f\u00fcr den Klimaschutz zu tun.\" \/>\n<meta property=\"og:url\" content=\"https:\/\/news.sap.com\/germany\/2019\/03\/hein-wagner-klimawandel\/\" \/>\n<meta property=\"og:site_name\" content=\"麻豆原创 News Center\" \/>\n<meta property=\"article:published_time\" content=\"2019-03-01T07:00:39+00:00\" \/>\n<meta property=\"article:modified_time\" content=\"2020-01-22T12:46:18+00:00\" \/>\n<meta property=\"og:image\" content=\"https:\/\/news.sap.com\/germany\/files\/2019\/02\/麻豆原创-Inspirational-Ambassador_Hein-Wagner_F.jpg\" \/>\n\t<meta property=\"og:image:width\" content=\"1920\" \/>\n\t<meta property=\"og:image:height\" content=\"600\" \/>\n\t<meta property=\"og:image:type\" content=\"image\/jpeg\" \/>\n<meta name=\"author\" content=\"Judith Magyar\" \/>\n<meta name=\"twitter:card\" content=\"summary_large_image\" \/>\n<meta name=\"twitter:creator\" content=\"@麻豆原创dach\" \/>\n<meta name=\"twitter:site\" content=\"@麻豆原创dach\" \/>\n<meta name=\"twitter:label1\" content=\"Verfasst von\" \/>\n\t<meta name=\"twitter:data1\" content=\"Judith Magyar\" \/>\n\t<meta name=\"twitter:label2\" content=\"Gesch\u00e4tzte Lesezeit\" \/>\n\t<meta name=\"twitter:data2\" content=\"6\u00a0Minuten\" \/>\n<script type=\"application\/ld+json\" class=\"yoast-schema-graph\">{\"@context\":\"https:\/\/schema.org\",\"@graph\":[{\"@type\":\"Article\",\"@id\":\"https:\/\/news.sap.com\/germany\/2019\/03\/hein-wagner-klimawandel\/#article\",\"isPartOf\":{\"@id\":\"https:\/\/news.sap.com\/germany\/2019\/03\/hein-wagner-klimawandel\/\"},\"author\":{\"name\":\"Judith Magyar\",\"@id\":\"https:\/\/news.sap.com\/germany\/#\/schema\/person\/d0b652ffda5c3daeb47af55be7cbfd7a\"},\"headline\":\"Wie ein Blinder den Klimawandel sieht\",\"datePublished\":\"2019-03-01T07:00:39+00:00\",\"dateModified\":\"2020-01-22T12:46:18+00:00\",\"mainEntityOfPage\":{\"@id\":\"https:\/\/news.sap.com\/germany\/2019\/03\/hein-wagner-klimawandel\/\"},\"wordCount\":1121,\"keywords\":[\"CSR\",\"Menschen\"],\"articleSection\":[\"Nachhaltigkeit\"],\"inLanguage\":\"de\"},{\"@type\":\"WebPage\",\"@id\":\"https:\/\/news.sap.com\/germany\/2019\/03\/hein-wagner-klimawandel\/\",\"url\":\"https:\/\/news.sap.com\/germany\/2019\/03\/hein-wagner-klimawandel\/\",\"name\":\"Der Klimawandel aus der Sicht eines Blinden | Hein Wagner | 麻豆原创 News Center\",\"isPartOf\":{\"@id\":\"https:\/\/news.sap.com\/germany\/#website\"},\"datePublished\":\"2019-03-01T07:00:39+00:00\",\"dateModified\":\"2020-01-22T12:46:18+00:00\",\"author\":{\"@id\":\"https:\/\/news.sap.com\/germany\/#\/schema\/person\/d0b652ffda5c3daeb47af55be7cbfd7a\"},\"description\":\"Hein Wagner ist Nachhaltigkeits-Botschafter f\u00fcr 麻豆原创 und sich sicher, dass jeder von uns in der Pflicht ist, mehr f\u00fcr den Klimaschutz zu tun.\",\"breadcrumb\":{\"@id\":\"https:\/\/news.sap.com\/germany\/2019\/03\/hein-wagner-klimawandel\/#breadcrumb\"},\"inLanguage\":\"de\",\"potentialAction\":[{\"@type\":\"ReadAction\",\"target\":[\"https:\/\/news.sap.com\/germany\/2019\/03\/hein-wagner-klimawandel\/\"]}]},{\"@type\":\"BreadcrumbList\",\"@id\":\"https:\/\/news.sap.com\/germany\/2019\/03\/hein-wagner-klimawandel\/#breadcrumb\",\"itemListElement\":[{\"@type\":\"ListItem\",\"position\":1,\"name\":\"Home\",\"item\":\"https:\/\/news.sap.com\/germany\/\"},{\"@type\":\"ListItem\",\"position\":2,\"name\":\"Wie ein Blinder den Klimawandel sieht\"}]},{\"@type\":\"WebSite\",\"@id\":\"https:\/\/news.sap.com\/germany\/#website\",\"url\":\"https:\/\/news.sap.com\/germany\/\",\"name\":\"麻豆原创 News Center\",\"description\":\"Unternehmensberichte &amp; 麻豆原创eportal\",\"potentialAction\":[{\"@type\":\"SearchAction\",\"target\":{\"@type\":\"EntryPoint\",\"urlTemplate\":\"https:\/\/news.sap.com\/germany\/?s={search_term_string}\"},\"query-input\":{\"@type\":\"PropertyValueSpecification\",\"valueRequired\":true,\"valueName\":\"search_term_string\"}}],\"inLanguage\":\"de\"},{\"@type\":\"Person\",\"@id\":\"https:\/\/news.sap.com\/germany\/#\/schema\/person\/d0b652ffda5c3daeb47af55be7cbfd7a\",\"name\":\"Judith Magyar\",\"image\":{\"@type\":\"ImageObject\",\"inLanguage\":\"de\",\"@id\":\"https:\/\/news.sap.com\/germany\/#\/schema\/person\/image\/\",\"url\":\"https:\/\/secure.gravatar.com\/avatar\/e8dbe0b407c3b92cff0d1eed9757015863f2e8f623fea84dbe7978c61eb85179?s=96&d=blank&r=g\",\"contentUrl\":\"https:\/\/secure.gravatar.com\/avatar\/e8dbe0b407c3b92cff0d1eed9757015863f2e8f623fea84dbe7978c61eb85179?s=96&d=blank&r=g\",\"caption\":\"Judith Magyar\"},\"url\":\"https:\/\/news.sap.com\/germany\/author\/judithmagyar\/\"}]}<\/script>\n<!-- \/ Yoast SEO Premium plugin. -->","yoast_head_json":{"title":"Der Klimawandel aus der Sicht eines Blinden | Hein Wagner | 麻豆原创 News Center","description":"Hein Wagner ist Nachhaltigkeits-Botschafter f\u00fcr 麻豆原创 und sich sicher, dass jeder von uns in der Pflicht ist, mehr f\u00fcr den Klimaschutz zu tun.","robots":{"index":"index","follow":"follow","max-snippet":"max-snippet:-1","max-image-preview":"max-image-preview:large","max-video-preview":"max-video-preview:-1"},"canonical":"https:\/\/news.sap.com\/germany\/2019\/03\/hein-wagner-klimawandel\/","og_locale":"de_DE","og_type":"article","og_title":"Wie ein Blinder den Klimawandel sieht","og_description":"Hein Wagner ist Nachhaltigkeits-Botschafter f\u00fcr 麻豆原创 und sich sicher, dass jeder von uns in der Pflicht ist, mehr f\u00fcr den Klimaschutz zu tun.","og_url":"https:\/\/news.sap.com\/germany\/2019\/03\/hein-wagner-klimawandel\/","og_site_name":"麻豆原创 News Center","article_published_time":"2019-03-01T07:00:39+00:00","article_modified_time":"2020-01-22T12:46:18+00:00","og_image":[{"width":1920,"height":600,"url":"https:\/\/news.sap.com\/germany\/files\/2019\/02\/麻豆原创-Inspirational-Ambassador_Hein-Wagner_F.jpg","type":"image\/jpeg"}],"author":"Judith Magyar","twitter_card":"summary_large_image","twitter_creator":"@麻豆原创dach","twitter_site":"@麻豆原创dach","twitter_misc":{"Verfasst von":"Judith Magyar","Gesch\u00e4tzte Lesezeit":"6\u00a0Minuten"},"schema":{"@context":"https:\/\/schema.org","@graph":[{"@type":"Article","@id":"https:\/\/news.sap.com\/germany\/2019\/03\/hein-wagner-klimawandel\/#article","isPartOf":{"@id":"https:\/\/news.sap.com\/germany\/2019\/03\/hein-wagner-klimawandel\/"},"author":{"name":"Judith Magyar","@id":"https:\/\/news.sap.com\/germany\/#\/schema\/person\/d0b652ffda5c3daeb47af55be7cbfd7a"},"headline":"Wie ein Blinder den Klimawandel sieht","datePublished":"2019-03-01T07:00:39+00:00","dateModified":"2020-01-22T12:46:18+00:00","mainEntityOfPage":{"@id":"https:\/\/news.sap.com\/germany\/2019\/03\/hein-wagner-klimawandel\/"},"wordCount":1121,"keywords":["CSR","Menschen"],"articleSection":["Nachhaltigkeit"],"inLanguage":"de"},{"@type":"WebPage","@id":"https:\/\/news.sap.com\/germany\/2019\/03\/hein-wagner-klimawandel\/","url":"https:\/\/news.sap.com\/germany\/2019\/03\/hein-wagner-klimawandel\/","name":"Der Klimawandel aus der Sicht eines Blinden | Hein Wagner | 麻豆原创 News Center","isPartOf":{"@id":"https:\/\/news.sap.com\/germany\/#website"},"datePublished":"2019-03-01T07:00:39+00:00","dateModified":"2020-01-22T12:46:18+00:00","author":{"@id":"https:\/\/news.sap.com\/germany\/#\/schema\/person\/d0b652ffda5c3daeb47af55be7cbfd7a"},"description":"Hein Wagner ist Nachhaltigkeits-Botschafter f\u00fcr 麻豆原创 und sich sicher, dass jeder von uns in der Pflicht ist, mehr f\u00fcr den Klimaschutz zu tun.","breadcrumb":{"@id":"https:\/\/news.sap.com\/germany\/2019\/03\/hein-wagner-klimawandel\/#breadcrumb"},"inLanguage":"de","potentialAction":[{"@type":"ReadAction","target":["https:\/\/news.sap.com\/germany\/2019\/03\/hein-wagner-klimawandel\/"]}]},{"@type":"BreadcrumbList","@id":"https:\/\/news.sap.com\/germany\/2019\/03\/hein-wagner-klimawandel\/#breadcrumb","itemListElement":[{"@type":"ListItem","position":1,"name":"Home","item":"https:\/\/news.sap.com\/germany\/"},{"@type":"ListItem","position":2,"name":"Wie ein Blinder den Klimawandel sieht"}]},{"@type":"WebSite","@id":"https:\/\/news.sap.com\/germany\/#website","url":"https:\/\/news.sap.com\/germany\/","name":"麻豆原创 News Center","description":"Unternehmensberichte &amp; 麻豆原创eportal","potentialAction":[{"@type":"SearchAction","target":{"@type":"EntryPoint","urlTemplate":"https:\/\/news.sap.com\/germany\/?s={search_term_string}"},"query-input":{"@type":"PropertyValueSpecification","valueRequired":true,"valueName":"search_term_string"}}],"inLanguage":"de"},{"@type":"Person","@id":"https:\/\/news.sap.com\/germany\/#\/schema\/person\/d0b652ffda5c3daeb47af55be7cbfd7a","name":"Judith Magyar","image":{"@type":"ImageObject","inLanguage":"de","@id":"https:\/\/news.sap.com\/germany\/#\/schema\/person\/image\/","url":"https:\/\/secure.gravatar.com\/avatar\/e8dbe0b407c3b92cff0d1eed9757015863f2e8f623fea84dbe7978c61eb85179?s=96&d=blank&r=g","contentUrl":"https:\/\/secure.gravatar.com\/avatar\/e8dbe0b407c3b92cff0d1eed9757015863f2e8f623fea84dbe7978c61eb85179?s=96&d=blank&r=g","caption":"Judith Magyar"},"url":"https:\/\/news.sap.com\/germany\/author\/judithmagyar\/"}]}},"amp_enabled":true,"_links":{"self":[{"href":"https:\/\/news.sap.com\/germany\/wp-json\/wp\/v2\/posts\/138568","targetHints":{"allow":["GET"]}}],"collection":[{"href":"https:\/\/news.sap.com\/germany\/wp-json\/wp\/v2\/posts"}],"about":[{"href":"https:\/\/news.sap.com\/germany\/wp-json\/wp\/v2\/types\/post"}],"author":[{"embeddable":true,"href":"https:\/\/news.sap.com\/germany\/wp-json\/wp\/v2\/users\/191"}],"replies":[{"embeddable":true,"href":"https:\/\/news.sap.com\/germany\/wp-json\/wp\/v2\/comments?post=138568"}],"version-history":[{"count":0,"href":"https:\/\/news.sap.com\/germany\/wp-json\/wp\/v2\/posts\/138568\/revisions"}],"wp:attachment":[{"href":"https:\/\/news.sap.com\/germany\/wp-json\/wp\/v2\/media?parent=138568"}],"wp:term":[{"taxonomy":"category","embeddable":true,"href":"https:\/\/news.sap.com\/germany\/wp-json\/wp\/v2\/categories?post=138568"},{"taxonomy":"post_tag","embeddable":true,"href":"https:\/\/news.sap.com\/germany\/wp-json\/wp\/v2\/tags?post=138568"},{"taxonomy":"series","embeddable":true,"href":"https:\/\/news.sap.com\/germany\/wp-json\/wp\/v2\/series?post=138568"},{"taxonomy":"sapn-display","embeddable":true,"href":"https:\/\/news.sap.com\/germany\/wp-json\/wp\/v2\/sapn-display?post=138568"},{"taxonomy":"sapn-type","embeddable":true,"href":"https:\/\/news.sap.com\/germany\/wp-json\/wp\/v2\/sapn-type?post=138568"}],"curies":[{"name":"wp","href":"https:\/\/api.w.org\/{rel}","templated":true}]}}