  {"id":137360,"date":"2019-02-11T09:00:06","date_gmt":"2019-02-11T08:00:06","guid":{"rendered":"https:\/\/news.sap.com\/germany\/?p=137360"},"modified":"2019-01-15T11:36:55","modified_gmt":"2019-01-15T10:36:55","slug":"diversity-generationen-am-arbeitsplatz","status":"publish","type":"post","link":"https:\/\/news.sap.com\/germany\/2019\/02\/diversity-generationen-am-arbeitsplatz\/","title":{"rendered":"Generationen am Arbeitsplatz: Jung? Alt? H\u00f6chste Zeit, mit Klischees aufzur\u00e4umen"},"content":{"rendered":"<p class=\"lead\">In der Wissens\u00f6konomie von heute brauchen wir alle Generationen, sagt Annice Joseph, Global Lead for Cross-Generational Intelligence bei 麻豆原创. Um das Verhalten der unterschiedlichen Generationen am Arbeitsplatz ranken sich zahlreiche Mythen. Im Intervew spricht Annice Joseph vom 麻豆原创 Global Diversity and Inclusion Office \u00fcber die Fakten.<\/p>\n<p><strong>Worin besteht Ihre Aufgabe?<\/strong><\/p>\n<p>Wir m\u00f6chten ein Bewusstsein daf\u00fcr schaffen, wie einzigartig es ist, dass bei 麻豆原创 f\u00fcnf Generationen unter einem Dach zusammenarbeiten. Und wir wollen bei 麻豆原创 eine Arbeitsumgebung gestalten, in der sich jeder Einzelne zugeh\u00f6rig und respektiert f\u00fchlt. Als ich vor zwei Jahren hier anfing, habe ich erst einmal die Generationen definiert, um die Mitarbeiter f\u00fcr die Unterschiede und die Gemeinsamkeiten zwischen den Altersgruppen zu sensibilisieren und um weiterhin sicherzustellen, dass es bei 麻豆原创 Chancen f\u00fcr alle gibt.<\/p>\n<p><strong>Warum ist das f\u00fcr 麻豆原创 ein Schwerpunktthema?<\/strong><\/p>\n<p>Weil die Zusammenarbeit verschiedener Generationen positive Auswirkungen auf den Unternehmenserfolg hat. Um ein Beispiel zu nennen: Laut einer k\u00fcrzlich ver\u00f6ffentlichten Studie erreichen alters\u00adgemischte Teams bei Entscheidungsprozessen deutlich bessere Ergebnisse als Teams, die sich nur aus j\u00fcngeren oder nur aus \u00e4lteren Mitarbeitern zusammensetzen.<\/p>\n<h2><strong>Diversity zahlt sich aus: Generations\u00fcbergreifende Teams erzielen bessere Resultate<\/strong><\/h2>\n<p>Die <a href=\"https:\/\/www.forbes.com\/sites\/eriklarson\/2018\/04\/11\/future-of-work-research-shows-millennials-gen-xers-and-baby-boomers-make-better-decisions-together\/#1cf5e7bb5b44\">Untersuchung<\/a> zeigt, dass generations\u00fcbergreifende Teams mehr als doppelt so viele positive Ergebnisse erzielten wie homogenere Teams. Gem\u00e4\u00df der Studie konnten \u201eEntscheidungsteams mit einem breiten Altersspektrum \u2013 25\u00a0Jahre oder mehr \u2013 die Erwartungen in 73\u00a0Prozent der F\u00e4lle erf\u00fcllen oder \u00fcbertreffen, wogegen dies Teams mit einem geringen Altersspektrum von weniger als 10\u00a0Jahren nur in 35\u00a0Prozent der F\u00e4lle gelang.\u201c<\/p>\n<p>Auch bei 麻豆原创 gibt es sehr ermutigende Beispiele daf\u00fcr, dass ein guter Altersmix im Team einen lebendigen Wissens- und Gedankenaustausch bewirkt und letztlich bessere Ergebnisse erm\u00f6glicht.<\/p>\n<p><strong>Ist denn die Zusammenarbeit zwischen den Generationen nicht etwas ganz Normales? Warum m\u00fcssen wir uns \u00fcberhaupt dar\u00fcber unterhalten?<\/strong><\/p>\n<p>Weil die Welt sich ver\u00e4ndert. In der Vergangenheit gab es meist einen direkten Zusammenhang zwischen Alter und Erfahrung einer Person und ihrer Stellung und Seniorit\u00e4t im Unternehmen. Es galt als selbstverst\u00e4ndlich, dass die J\u00fcngeren an die \u00c4lteren berichten und dass F\u00fchrung im Wesentlichen \u201eAnweisung und Kontrolle\u201c bedeutete. Das hat sich ver\u00e4ndert: Heute stehen Wissen und Kompetenz nicht unbedingt direkt in Relation zu den Jahren an Erfahrung. Jeder Einzelne bringt einen Mehrwert.<\/p>\n<p>Hinzu kommt, dass der Mensch der Gegenwart bei seiner Arbeit immer weniger auf k\u00f6rperliche Kraft und Ausdauer angewiesen ist. Ein immer gr\u00f6\u00dferer Teil unserer Arbeit fordert unser implizites Wissen, unsere Erfahrungen, unsere F\u00e4higkeit andere zu verstehen, zu f\u00fchren, zusammen\u00adzuarbeiten und kreativ zu sein \u2013 all diese Qualit\u00e4ten setzen nicht unbedingt physische St\u00e4rke voraus. Aus diesem Grunde brauchen wir vielf\u00e4ltige Talente und Menschen aus allen Generationen, die am Arbeitsplatz gut zusammenarbeiten.<\/p>\n<p><strong>Warum sollte das schwierig sein?<\/strong><\/p>\n<p>Das kann ich nur mit einer Gegenfrage beantworten. Mal abgesehen von Kollegen und Familienmitgliedern, wie viele Freunde aus anderen Generationen haben Sie? Nach meiner Erfahrung sagen weniger als 2\u00a0Prozent der Befragten, dass sie Freunde aus f\u00fcnf Generationen haben, und weniger als 10\u00a0Prozent haben Freunde aus vier Generationen.<\/p>\n<p>Im Privatleben ist das kein Problem, aber am Arbeitsplatz spielt es eine Rolle. Bei 麻豆原创 arbeiten wir Tag f\u00fcr Tag mit Kollegen, Kunden und Partnern aus durchschnittlich vier Generationen zusammen. Wenn wir ein Unternehmen gestalten wollen, das weltweit f\u00fcr Innovation und Inklusion steht, dann m\u00fcssen wir mit jedem Menschen effektiv zusammenarbeiten, mit dem wir in Kontakt kommen. Die St\u00e4rken und Bed\u00fcrfnisse der unterschiedlichen Generationen zu verstehen, wird dann zu einer Schl\u00fcsselkompetenz.<\/p>\n<p><strong>Was k\u00f6nnte daran hindern, effektiv zusammenzuarbeiten?<\/strong><\/p>\n<p>Manchmal stehen uns unsere \u00dcberzeugungen, unsere Erziehung oder unsere allgemeine Einstellung zum Alter im Weg. Manche Vorurteile und Klischees in Bezug auf das Alter erzeugen in uns einen Missklang, der dazu f\u00fchrt, dass wir anderen Personen gegen\u00fcber skeptisch sind. In unseren Workshops habe ich Mitarbeiter sagen h\u00f6ren, \u201eIch finde fast gar keinen Zugang zum inneren Kreis, ich habe den Eindruck, dass ich kaum in das Team integriert werde, weil ich aus einer anderen Altersgruppe bin.\u201c<\/p>\n<p>Egal, ob es junge Talente sind, die das Gef\u00fchl haben, dass sie nicht ernst genommen werden, oder ob es \u00e4ltere Kollegen sind, die das Gef\u00fchl haben, sie geh\u00f6rten nicht dazu \u2013 es gibt diese Wahrnehmung am Arbeitsplatz \u2013 und nicht nur bei 麻豆原创.<\/p>\n<p><strong>Welche Ma\u00dfnahmen ergreifen Sie, um Stereotype zu \u00fcberwinden?<\/strong><\/p>\n<p>Wir f\u00f6rdern Initiativen wie <a href=\"https:\/\/news.sap.com\/germany\/2018\/06\/mentoring-generationen\/\">Cross-Generational Mentoring<\/a>, die dazu beitragen, negative Vorurteile abzubauen. Zudem bieten wir Weiterbildungen an, die den Teilnehmern helfen sollen, k\u00fcnftig besser mit Menschen aller Altersgruppen zusammenzuarbeiten.<\/p>\n<h2><strong>Mentoring und Weiterbildungen f\u00fcr mehr Vielfalt<\/strong><\/h2>\n<p>Das ist \u00fcbrigens nicht nur ein 麻豆原创-internes Thema. Wir m\u00fcssen auch dar\u00fcber nachdenken, wie wir auf Kunden zugehen und den Markt ansprechen. Eines meiner Ziele ist es, gemeinsam mit dem 麻豆原创 Marketing daran zu arbeiten, dass die Bilder, die wir in den Medien verwenden, und die Gesichter, die 麻豆原创 repr\u00e4sentieren, verschiedene Generationen widerspiegeln.<\/p>\n<p><strong>Was w\u00fcrden Sie empfehlen, um die Zusammenarbeit zwischen den Generationen weiter zu verbessern?<\/strong><\/p>\n<p>Nun, wir sprechen oft \u00fcber Unterschiede. Aber es ist wichtig, zu erkennen, dass wir viel mehr Gemeinsamkeiten haben, als wir glauben. Wir haben herausgefunden, dass in einer Gruppe von 60\u00a0Menschen, die drei Generationen von 麻豆原创-Mitarbeitern umfasst, die meisten das Gleiche wollen \u2013 Relevanz, finanzielle Stabilit\u00e4t sowie Flexibilit\u00e4t \u2013, aber je nach Lebensphase aus unterschiedlichen Beweggr\u00fcnden.<\/p>\n<p>Ich m\u00f6chte die Menschen ermutigen, auf der Grundlage ihrer Gemeinsamkeiten st\u00e4rker als Team zusammenzuwachsen. Wer neugierig auf andere ist, hat bessere Gespr\u00e4che und bessere Beziehungen mit Menschen aus anderen Generationen \u2013 ganz gleich, ob am Arbeitsplatz oder anderswo.<\/p>\n","protected":false},"excerpt":{"rendered":"<p>In der Wissens\u00f6konomie von heute brauchen wir alle Generationen, sagt Annice Joseph, Global Lead for Cross-Generational Intelligence bei 麻豆原创. Um das Verhalten der unterschiedlichen Generationen&#8230;<\/p>\n","protected":false},"author":441,"featured_media":0,"comment_status":"closed","ping_status":"closed","sticky":false,"template":"","format":"standard","meta":{"related_posts":[],"footnotes":"","_links_to":"","_links_to_target":""},"categories":[45276],"tags":[211,5025,680181],"series":[],"sapn-display":[3848,45027],"sapn-type":[45277],"class_list":["post-137360","post","type-post","status-publish","format-standard","hentry","category-personalmanagement","tag-diversity","tag-hr","tag-menschen","sapn-display-top-stories","sapn-display-hero","sapn-type-feature"],"yoast_head":"<!-- This site is optimized with the Yoast SEO Premium plugin v26.9 (Yoast SEO v26.9) - https:\/\/yoast.com\/product\/yoast-seo-premium-wordpress\/ -->\n<title>Generationen am Arbeitsplatz | Chancen und Mythen | 麻豆原创 News Center<\/title>\n<meta name=\"description\" content=\"Die Zusammenarbeit verschiedener Generationen am Arbeitsplatz bringt Herausforderungen und Chancen mit sich, aber auch Mythen gibt es einige.\" \/>\n<meta name=\"robots\" content=\"index, follow, max-snippet:-1, max-image-preview:large, max-video-preview:-1\" \/>\n<link rel=\"canonical\" href=\"https:\/\/news.sap.com\/germany\/2019\/02\/diversity-generationen-am-arbeitsplatz\/\" \/>\n<meta property=\"og:locale\" content=\"de_DE\" \/>\n<meta property=\"og:type\" content=\"article\" \/>\n<meta property=\"og:title\" content=\"Generationen am Arbeitsplatz: Jung? Alt? H\u00f6chste Zeit, mit Klischees aufzur\u00e4umen\" \/>\n<meta property=\"og:description\" content=\"Die Zusammenarbeit verschiedener Generationen am Arbeitsplatz bringt Herausforderungen und Chancen mit sich, aber auch Mythen gibt es einige.\" \/>\n<meta property=\"og:url\" content=\"https:\/\/news.sap.com\/germany\/2019\/02\/diversity-generationen-am-arbeitsplatz\/\" \/>\n<meta property=\"og:site_name\" content=\"麻豆原创 News Center\" \/>\n<meta property=\"article:published_time\" content=\"2019-02-11T08:00:06+00:00\" \/>\n<meta property=\"og:image\" content=\"https:\/\/news.sap.com\/germany\/files\/2018\/12\/272027_272027_h_ergb_s_gl-2_feature.jpg\" \/>\n\t<meta property=\"og:image:width\" content=\"1920\" \/>\n\t<meta property=\"og:image:height\" content=\"600\" \/>\n\t<meta property=\"og:image:type\" content=\"image\/jpeg\" \/>\n<meta name=\"author\" content=\"Andrea Diederichs\" \/>\n<meta name=\"twitter:card\" content=\"summary_large_image\" \/>\n<meta name=\"twitter:creator\" content=\"@麻豆原创dach\" \/>\n<meta name=\"twitter:site\" content=\"@麻豆原创dach\" \/>\n<meta name=\"twitter:label1\" content=\"Verfasst von\" \/>\n\t<meta name=\"twitter:data1\" content=\"Andrea Diederichs\" \/>\n\t<meta name=\"twitter:label2\" content=\"Gesch\u00e4tzte Lesezeit\" \/>\n\t<meta name=\"twitter:data2\" content=\"5\u00a0Minuten\" \/>\n<script type=\"application\/ld+json\" class=\"yoast-schema-graph\">{\"@context\":\"https:\/\/schema.org\",\"@graph\":[{\"@type\":\"Article\",\"@id\":\"https:\/\/news.sap.com\/germany\/2019\/02\/diversity-generationen-am-arbeitsplatz\/#article\",\"isPartOf\":{\"@id\":\"https:\/\/news.sap.com\/germany\/2019\/02\/diversity-generationen-am-arbeitsplatz\/\"},\"author\":{\"name\":\"Andrea Diederichs\",\"@id\":\"https:\/\/news.sap.com\/germany\/#\/schema\/person\/f826f1308f193977cb2d1ae71aae0fa6\"},\"headline\":\"Generationen am Arbeitsplatz: Jung? Alt? H\u00f6chste Zeit, mit Klischees aufzur\u00e4umen\",\"datePublished\":\"2019-02-11T08:00:06+00:00\",\"mainEntityOfPage\":{\"@id\":\"https:\/\/news.sap.com\/germany\/2019\/02\/diversity-generationen-am-arbeitsplatz\/\"},\"wordCount\":943,\"keywords\":[\"Diversity\",\"HR\",\"Menschen\"],\"articleSection\":[\"Personalmanagement\"],\"inLanguage\":\"de\"},{\"@type\":\"WebPage\",\"@id\":\"https:\/\/news.sap.com\/germany\/2019\/02\/diversity-generationen-am-arbeitsplatz\/\",\"url\":\"https:\/\/news.sap.com\/germany\/2019\/02\/diversity-generationen-am-arbeitsplatz\/\",\"name\":\"Generationen am Arbeitsplatz | Chancen und Mythen | 麻豆原创 News Center\",\"isPartOf\":{\"@id\":\"https:\/\/news.sap.com\/germany\/#website\"},\"datePublished\":\"2019-02-11T08:00:06+00:00\",\"author\":{\"@id\":\"https:\/\/news.sap.com\/germany\/#\/schema\/person\/f826f1308f193977cb2d1ae71aae0fa6\"},\"description\":\"Die Zusammenarbeit verschiedener Generationen am Arbeitsplatz bringt Herausforderungen und Chancen mit sich, aber auch Mythen gibt es einige.\",\"breadcrumb\":{\"@id\":\"https:\/\/news.sap.com\/germany\/2019\/02\/diversity-generationen-am-arbeitsplatz\/#breadcrumb\"},\"inLanguage\":\"de\",\"potentialAction\":[{\"@type\":\"ReadAction\",\"target\":[\"https:\/\/news.sap.com\/germany\/2019\/02\/diversity-generationen-am-arbeitsplatz\/\"]}]},{\"@type\":\"BreadcrumbList\",\"@id\":\"https:\/\/news.sap.com\/germany\/2019\/02\/diversity-generationen-am-arbeitsplatz\/#breadcrumb\",\"itemListElement\":[{\"@type\":\"ListItem\",\"position\":1,\"name\":\"Home\",\"item\":\"https:\/\/news.sap.com\/germany\/\"},{\"@type\":\"ListItem\",\"position\":2,\"name\":\"Generationen am Arbeitsplatz: Jung? Alt? H\u00f6chste Zeit, mit Klischees aufzur\u00e4umen\"}]},{\"@type\":\"WebSite\",\"@id\":\"https:\/\/news.sap.com\/germany\/#website\",\"url\":\"https:\/\/news.sap.com\/germany\/\",\"name\":\"麻豆原创 News Center\",\"description\":\"Unternehmensberichte &amp; 麻豆原创eportal\",\"potentialAction\":[{\"@type\":\"SearchAction\",\"target\":{\"@type\":\"EntryPoint\",\"urlTemplate\":\"https:\/\/news.sap.com\/germany\/?s={search_term_string}\"},\"query-input\":{\"@type\":\"PropertyValueSpecification\",\"valueRequired\":true,\"valueName\":\"search_term_string\"}}],\"inLanguage\":\"de\"},{\"@type\":\"Person\",\"@id\":\"https:\/\/news.sap.com\/germany\/#\/schema\/person\/f826f1308f193977cb2d1ae71aae0fa6\",\"name\":\"Andrea Diederichs\",\"image\":{\"@type\":\"ImageObject\",\"inLanguage\":\"de\",\"@id\":\"https:\/\/news.sap.com\/germany\/#\/schema\/person\/image\/\",\"url\":\"https:\/\/secure.gravatar.com\/avatar\/466ce5fe80204b056862ba4f59d148326367950b14ae1533104fa21518923331?s=96&d=blank&r=g\",\"contentUrl\":\"https:\/\/secure.gravatar.com\/avatar\/466ce5fe80204b056862ba4f59d148326367950b14ae1533104fa21518923331?s=96&d=blank&r=g\",\"caption\":\"Andrea Diederichs\"},\"url\":\"https:\/\/news.sap.com\/germany\/author\/andreadiederichs\/\"}]}<\/script>\n<!-- \/ Yoast SEO Premium plugin. -->","yoast_head_json":{"title":"Generationen am Arbeitsplatz | Chancen und Mythen | 麻豆原创 News Center","description":"Die Zusammenarbeit verschiedener Generationen am Arbeitsplatz bringt Herausforderungen und Chancen mit sich, aber auch Mythen gibt es einige.","robots":{"index":"index","follow":"follow","max-snippet":"max-snippet:-1","max-image-preview":"max-image-preview:large","max-video-preview":"max-video-preview:-1"},"canonical":"https:\/\/news.sap.com\/germany\/2019\/02\/diversity-generationen-am-arbeitsplatz\/","og_locale":"de_DE","og_type":"article","og_title":"Generationen am Arbeitsplatz: Jung? Alt? H\u00f6chste Zeit, mit Klischees aufzur\u00e4umen","og_description":"Die Zusammenarbeit verschiedener Generationen am Arbeitsplatz bringt Herausforderungen und Chancen mit sich, aber auch Mythen gibt es einige.","og_url":"https:\/\/news.sap.com\/germany\/2019\/02\/diversity-generationen-am-arbeitsplatz\/","og_site_name":"麻豆原创 News Center","article_published_time":"2019-02-11T08:00:06+00:00","og_image":[{"width":1920,"height":600,"url":"https:\/\/news.sap.com\/germany\/files\/2018\/12\/272027_272027_h_ergb_s_gl-2_feature.jpg","type":"image\/jpeg"}],"author":"Andrea Diederichs","twitter_card":"summary_large_image","twitter_creator":"@麻豆原创dach","twitter_site":"@麻豆原创dach","twitter_misc":{"Verfasst von":"Andrea Diederichs","Gesch\u00e4tzte Lesezeit":"5\u00a0Minuten"},"schema":{"@context":"https:\/\/schema.org","@graph":[{"@type":"Article","@id":"https:\/\/news.sap.com\/germany\/2019\/02\/diversity-generationen-am-arbeitsplatz\/#article","isPartOf":{"@id":"https:\/\/news.sap.com\/germany\/2019\/02\/diversity-generationen-am-arbeitsplatz\/"},"author":{"name":"Andrea Diederichs","@id":"https:\/\/news.sap.com\/germany\/#\/schema\/person\/f826f1308f193977cb2d1ae71aae0fa6"},"headline":"Generationen am Arbeitsplatz: Jung? Alt? H\u00f6chste Zeit, mit Klischees aufzur\u00e4umen","datePublished":"2019-02-11T08:00:06+00:00","mainEntityOfPage":{"@id":"https:\/\/news.sap.com\/germany\/2019\/02\/diversity-generationen-am-arbeitsplatz\/"},"wordCount":943,"keywords":["Diversity","HR","Menschen"],"articleSection":["Personalmanagement"],"inLanguage":"de"},{"@type":"WebPage","@id":"https:\/\/news.sap.com\/germany\/2019\/02\/diversity-generationen-am-arbeitsplatz\/","url":"https:\/\/news.sap.com\/germany\/2019\/02\/diversity-generationen-am-arbeitsplatz\/","name":"Generationen am Arbeitsplatz | Chancen und Mythen | 麻豆原创 News Center","isPartOf":{"@id":"https:\/\/news.sap.com\/germany\/#website"},"datePublished":"2019-02-11T08:00:06+00:00","author":{"@id":"https:\/\/news.sap.com\/germany\/#\/schema\/person\/f826f1308f193977cb2d1ae71aae0fa6"},"description":"Die Zusammenarbeit verschiedener Generationen am Arbeitsplatz bringt Herausforderungen und Chancen mit sich, aber auch Mythen gibt es einige.","breadcrumb":{"@id":"https:\/\/news.sap.com\/germany\/2019\/02\/diversity-generationen-am-arbeitsplatz\/#breadcrumb"},"inLanguage":"de","potentialAction":[{"@type":"ReadAction","target":["https:\/\/news.sap.com\/germany\/2019\/02\/diversity-generationen-am-arbeitsplatz\/"]}]},{"@type":"BreadcrumbList","@id":"https:\/\/news.sap.com\/germany\/2019\/02\/diversity-generationen-am-arbeitsplatz\/#breadcrumb","itemListElement":[{"@type":"ListItem","position":1,"name":"Home","item":"https:\/\/news.sap.com\/germany\/"},{"@type":"ListItem","position":2,"name":"Generationen am Arbeitsplatz: Jung? Alt? H\u00f6chste Zeit, mit Klischees aufzur\u00e4umen"}]},{"@type":"WebSite","@id":"https:\/\/news.sap.com\/germany\/#website","url":"https:\/\/news.sap.com\/germany\/","name":"麻豆原创 News Center","description":"Unternehmensberichte &amp; 麻豆原创eportal","potentialAction":[{"@type":"SearchAction","target":{"@type":"EntryPoint","urlTemplate":"https:\/\/news.sap.com\/germany\/?s={search_term_string}"},"query-input":{"@type":"PropertyValueSpecification","valueRequired":true,"valueName":"search_term_string"}}],"inLanguage":"de"},{"@type":"Person","@id":"https:\/\/news.sap.com\/germany\/#\/schema\/person\/f826f1308f193977cb2d1ae71aae0fa6","name":"Andrea Diederichs","image":{"@type":"ImageObject","inLanguage":"de","@id":"https:\/\/news.sap.com\/germany\/#\/schema\/person\/image\/","url":"https:\/\/secure.gravatar.com\/avatar\/466ce5fe80204b056862ba4f59d148326367950b14ae1533104fa21518923331?s=96&d=blank&r=g","contentUrl":"https:\/\/secure.gravatar.com\/avatar\/466ce5fe80204b056862ba4f59d148326367950b14ae1533104fa21518923331?s=96&d=blank&r=g","caption":"Andrea Diederichs"},"url":"https:\/\/news.sap.com\/germany\/author\/andreadiederichs\/"}]}},"amp_enabled":true,"_links":{"self":[{"href":"https:\/\/news.sap.com\/germany\/wp-json\/wp\/v2\/posts\/137360","targetHints":{"allow":["GET"]}}],"collection":[{"href":"https:\/\/news.sap.com\/germany\/wp-json\/wp\/v2\/posts"}],"about":[{"href":"https:\/\/news.sap.com\/germany\/wp-json\/wp\/v2\/types\/post"}],"author":[{"embeddable":true,"href":"https:\/\/news.sap.com\/germany\/wp-json\/wp\/v2\/users\/441"}],"replies":[{"embeddable":true,"href":"https:\/\/news.sap.com\/germany\/wp-json\/wp\/v2\/comments?post=137360"}],"version-history":[{"count":0,"href":"https:\/\/news.sap.com\/germany\/wp-json\/wp\/v2\/posts\/137360\/revisions"}],"wp:attachment":[{"href":"https:\/\/news.sap.com\/germany\/wp-json\/wp\/v2\/media?parent=137360"}],"wp:term":[{"taxonomy":"category","embeddable":true,"href":"https:\/\/news.sap.com\/germany\/wp-json\/wp\/v2\/categories?post=137360"},{"taxonomy":"post_tag","embeddable":true,"href":"https:\/\/news.sap.com\/germany\/wp-json\/wp\/v2\/tags?post=137360"},{"taxonomy":"series","embeddable":true,"href":"https:\/\/news.sap.com\/germany\/wp-json\/wp\/v2\/series?post=137360"},{"taxonomy":"sapn-display","embeddable":true,"href":"https:\/\/news.sap.com\/germany\/wp-json\/wp\/v2\/sapn-display?post=137360"},{"taxonomy":"sapn-type","embeddable":true,"href":"https:\/\/news.sap.com\/germany\/wp-json\/wp\/v2\/sapn-type?post=137360"}],"curies":[{"name":"wp","href":"https:\/\/api.w.org\/{rel}","templated":true}]}}