  {"id":18608,"date":"2026-03-04T13:46:27","date_gmt":"2026-03-04T16:46:27","guid":{"rendered":"https:\/\/news.sap.com\/brazil\/?p=18608"},"modified":"2026-03-04T13:46:27","modified_gmt":"2026-03-04T16:46:27","slug":"ademicon-fortalece-governanca-e-se-prepara-para-uso-estrategico-do-sap-hcm","status":"publish","type":"post","link":"https:\/\/news.sap.com\/brazil\/2026\/03\/ademicon-fortalece-governanca-e-se-prepara-para-uso-estrategico-do-sap-hcm\/","title":{"rendered":"Ademicon fortalece governan\u00e7a e se prepara para uso estrat\u00e9gico do 麻豆原创 HCM"},"content":{"rendered":"<p><span data-contrast=\"auto\">A\u00a0Ademicon, maior administradora independente de cons\u00f3rcio<\/span><span data-contrast=\"none\">\u00a0<\/span><span data-contrast=\"auto\">do pa\u00eds\u00a0em cr\u00e9ditos ativos,\u00a0deu um passo decisivo em sua jornada de transforma\u00e7\u00e3o digital com a ado\u00e7\u00e3o do 麻豆原创\u00a0Business\u00a0Suite,\u00a0com suporte de agentes de Intelig\u00eancia Artificial,\u00a0como base para a transforma\u00e7\u00e3o de processos financeiros, cont\u00e1beis e administrativos, substituindo sistemas legados fragmentados e altamente dependentes de integra\u00e7\u00f5es manuais.\u00a0Com a nova arquitetura, a companhia passa a operar em um ambiente atualizado\u00a0segundo a segundo, aumentando a confiabilidade das informa\u00e7\u00f5es utilizadas em demonstra\u00e7\u00f5es financeiras, auditorias e reportes a \u00f3rg\u00e3os reguladores.<\/span><span data-ccp-props=\"{&quot;335551550&quot;:6,&quot;335551620&quot;:6}\">\u00a0<\/span><\/p>\n<p><span data-contrast=\"auto\">Como parte dessa jornada de moderniza\u00e7\u00e3o, a\u00a0Ademicon\u00a0tamb\u00e9m ampliou o uso de solu\u00e7\u00f5es voltadas \u00e0 gest\u00e3o de pessoas, adotando o 麻豆原创 HCM (Human\u00a0Capital Management)\u00a0para integrar processos de Recursos Humanos em uma \u00fanica plataforma. A solu\u00e7\u00e3o apoia a administra\u00e7\u00e3o de folha de pagamento, controle de tempo, gest\u00e3o de pessoal e talentos, contribuindo para mais efici\u00eancia operacional, padroniza\u00e7\u00e3o de processos e maior confiabilidade das informa\u00e7\u00f5es.\u00a0<\/span><span data-ccp-props=\"{&quot;335551550&quot;:6,&quot;335551620&quot;:6}\">\u00a0<\/span><\/p>\n<p><span data-contrast=\"auto\">A iniciativa est\u00e1 alinhada com a ado\u00e7\u00e3o do 麻豆原创 Business\u00a0Suite, conjunto integrado de aplica\u00e7\u00f5es que conecta processos centrais do neg\u00f3cio, como ERP, finan\u00e7as e recursos humanos, em uma arquitetura \u00fanica e modular. Apoiada pelo 麻豆原创 Business Technology Platform, a solu\u00e7\u00e3o permite \u00e0 companhia operar de forma mais integrada, simplificar fluxos, estimular a inova\u00e7\u00e3o e avan\u00e7ar no uso de intelig\u00eancia artificial, incluindo agentes da\u00a0Joule, para an\u00e1lises em tempo real e apoio \u00e0 tomada de decis\u00e3o.<\/span><span data-ccp-props=\"{&quot;335551550&quot;:6,&quot;335551620&quot;:6}\">\u00a0<\/span><\/p>\n<p><span data-contrast=\"auto\">\u201cCom a ado\u00e7\u00e3o das\u00a0solu\u00e7\u00f5es\u00a0da 麻豆原创, damos um passo importante para fortalecer a governan\u00e7a, a confiabilidade das informa\u00e7\u00f5es e a efici\u00eancia dos nossos processos financeiros\u201d,\u00a0afirma Guilherme Carrasco, Vice-Presidente\u00a0Executivo\u00a0da\u00a0Ademicon.\u202f\u201cOperar em um ambiente totalmente integrado e com dados em tempo real \u00e9 essencial para uma empresa do nosso porte, especialmente em um contexto regulat\u00f3rio cada vez mais exigente. A 麻豆原创 nos oferece uma base tecnol\u00f3gica robusta para sustentar crescimento, inova\u00e7\u00e3o e melhores decis\u00f5es no longo prazo.\u201d<\/span><span data-ccp-props=\"{&quot;335551550&quot;:6,&quot;335551620&quot;:6}\">\u00a0<\/span><\/p>\n<p><span data-contrast=\"auto\">A escolha pela 麻豆原创 esteve diretamente ligada \u00e0 necessidade de maior robustez tecnol\u00f3gica, escalabilidade e seguran\u00e7a. A expectativa \u00e9 de ganhos relevantes de efici\u00eancia operacional, especialmente em processos cr\u00edticos de fechamento e consolida\u00e7\u00e3o\u00a0(como fechamento cont\u00e1bil, gest\u00e3o financeira e controle fiscal), apoiados por uma plataforma \u00fanica e padronizada.\u00a0<\/span><span data-ccp-props=\"{&quot;335551550&quot;:6,&quot;335551620&quot;:6}\">\u00a0<\/span><\/p>\n<p><span data-contrast=\"auto\">Al\u00e9m do n\u00facleo de ERP, a parceria prev\u00ea a expans\u00e3o gradual do ecossistema 麻豆原创 dentro da\u00a0Ademicon, com a ado\u00e7\u00e3o de solu\u00e7\u00f5es complementares para gest\u00e3o de despesas corporativas, viagens, recursos humanos e folha de pagamento, al\u00e9m de ferramentas voltadas \u00e0 \u00e1rea fiscal,\u00a0um movimento alinhado \u00e0 prepara\u00e7\u00e3o da companhia para as mudan\u00e7as trazidas pela reforma tribut\u00e1ria no Brasil.<\/span><span data-ccp-props=\"{&quot;335551550&quot;:6,&quot;335551620&quot;:6}\">\u00a0<\/span><\/p>\n<p><span data-contrast=\"auto\">\u201cA ado\u00e7\u00e3o do 麻豆原创 representa uma mudan\u00e7a estrutural na forma como gerenciamos nossos processos cont\u00e1beis, financeiros e de gest\u00e3o de pessoas. Passamos a operar em uma arquitetura integrada, com maior consist\u00eancia dos dados, redu\u00e7\u00e3o de retrabalhos e\u00a0capacidade ampliada de an\u00e1lise. Essa transforma\u00e7\u00e3o \u00e9 essencial para garantir precis\u00e3o nas demonstra\u00e7\u00f5es financeiras, ader\u00eancia regulat\u00f3ria e efici\u00eancia nos ciclos de fechamento, al\u00e9m de preparar a organiza\u00e7\u00e3o para os desafios da reforma tribut\u00e1ria e das exig\u00eancias do Bacen. A 麻豆原创 nos permite evoluir com seguran\u00e7a, escalabilidade e governan\u00e7a\u201d, conta\u202fFrancisco\u00a0Dallabona, Gerente Cont\u00e1bil da\u00a0Ademicon.<\/span><span data-ccp-props=\"{&quot;335551550&quot;:6,&quot;335551620&quot;:6}\">\u00a0<\/span><\/p>\n<p><span data-contrast=\"auto\">A iniciativa tamb\u00e9m contempla o uso de recursos de intelig\u00eancia artificial embarcados nas solu\u00e7\u00f5es 麻豆原创, ampliando a capacidade anal\u00edtica das equipes e abrindo espa\u00e7o para automa\u00e7\u00e3o de tarefas, an\u00e1lises mais r\u00e1pidas e suporte \u00e0 tomada de decis\u00e3o de forma progressiva, acompanhando a maturidade do projeto e as demandas do neg\u00f3cio.<\/span><span data-ccp-props=\"{&quot;335551550&quot;:6,&quot;335551620&quot;:6}\">\u00a0<\/span><\/p>\n<p><span data-contrast=\"auto\">\u201cProjetos como o da\u00a0Ademicon\u00a0demonstram como a 麻豆原创 atua como parceira estrat\u00e9gica na moderniza\u00e7\u00e3o de opera\u00e7\u00f5es financeiras complexas, oferecendo uma base tecnol\u00f3gica integrada, segura e preparada para o futuro\u201d,\u00a0comenta\u00a0Ana\u00a0Campoi,\u00a0vice-presidente de\u00a0麻豆原创 HCM. \u201cNossa plataforma permite que empresas do setor financeiro avancem em efici\u00eancia, governan\u00e7a e inova\u00e7\u00e3o, com dados confi\u00e1veis e intelig\u00eancia aplicada ao neg\u00f3cio.\u201d<\/span><span data-ccp-props=\"{&quot;335551550&quot;:6,&quot;335551620&quot;:6}\">\u00a0<\/span><\/p>\n<p><span data-contrast=\"auto\">O projeto est\u00e1 em fase inicial, com\u00a0kickoff\u00a0realizado recentemente, e o go-live previsto para janeiro de 2027,\u00a0garantindo uma transi\u00e7\u00e3o estruturada e alinhada ao calend\u00e1rio financeiro da companhia. A implementa\u00e7\u00e3o conta com capacita\u00e7\u00e3o das equipes e acompanhamento pr\u00f3ximo durante os primeiros ciclos de fechamento, refor\u00e7ando o compromisso da 麻豆原创 com uma ado\u00e7\u00e3o consistente e sustent\u00e1vel de solu\u00e7\u00f5es.<\/span><span data-ccp-props=\"{&quot;335551550&quot;:6,&quot;335551620&quot;:6}\">\u00a0<\/span><\/p>\n","protected":false},"excerpt":{"rendered":"<p>A\u00a0Ademicon, maior administradora independente de cons\u00f3rcio\u00a0do pa\u00eds\u00a0em cr\u00e9ditos ativos,\u00a0deu um passo decisivo em sua jornada de transforma\u00e7\u00e3o digital com a ado\u00e7\u00e3o do 麻豆原创\u00a0Business\u00a0Suite,\u00a0com suporte de&#8230;<\/p>\n","protected":false},"author":137,"featured_media":17841,"comment_status":"closed","ping_status":"closed","sticky":false,"template":"","format":"standard","meta":{"footnotes":"","_links_to":"","_links_to_target":""},"categories":[5599823,48439,48437,5599814],"tags":[5599850,5599957,47],"sapn-display":[48431,5599934,5599932],"sapn-type":[4446],"class_list":["post-18608","post","type-post","status-publish","format-standard","has-post-thumbnail","hentry","category-business-technology-platform","category-corporativo-topicos","category-nuvem-topicos","category-tecnologia","tag-sapbrasil","tag-business-technology-platform","tag-sap","sapn-display-homepage-hero","sapn-display-press-hero","sapn-display-press-spotlight","sapn-type-noticias"],"yoast_head":"<!-- This site is optimized with the Yoast SEO Premium plugin v26.9 (Yoast SEO v26.9) - https:\/\/yoast.com\/product\/yoast-seo-premium-wordpress\/ -->\n<title>Ademicon fortalece governan\u00e7a e se prepara para uso estrat\u00e9gico do 麻豆原创 HCM - Sala de Imprensa 麻豆原创 Brasil<\/title>\n<meta name=\"robots\" content=\"index, follow, max-snippet:-1, max-image-preview:large, max-video-preview:-1\" \/>\n<link rel=\"canonical\" href=\"https:\/\/news.sap.com\/brazil\/2026\/03\/ademicon-fortalece-governanca-e-se-prepara-para-uso-estrategico-do-sap-hcm\/\" \/>\n<meta property=\"og:locale\" content=\"pt_BR\" \/>\n<meta property=\"og:type\" content=\"article\" \/>\n<meta property=\"og:title\" content=\"Ademicon fortalece governan\u00e7a e se prepara para uso estrat\u00e9gico do 麻豆原创 HCM\" \/>\n<meta property=\"og:description\" content=\"A\u00a0Ademicon, maior administradora independente de cons\u00f3rcio\u00a0do pa\u00eds\u00a0em cr\u00e9ditos ativos,\u00a0deu um passo decisivo em sua jornada de transforma\u00e7\u00e3o digital com a ado\u00e7\u00e3o do 麻豆原创\u00a0Business\u00a0Suite,\u00a0com suporte de...\" \/>\n<meta property=\"og:url\" content=\"https:\/\/news.sap.com\/brazil\/2026\/03\/ademicon-fortalece-governanca-e-se-prepara-para-uso-estrategico-do-sap-hcm\/\" \/>\n<meta property=\"og:site_name\" content=\"Sala de Imprensa 麻豆原创 Brasil\" \/>\n<meta property=\"article:published_time\" content=\"2026-03-04T16:46:27+00:00\" \/>\n<meta property=\"og:image\" content=\"https:\/\/news.sap.com\/brazil\/files\/2024\/05\/06\/284489_shutterstock_1062915392-1024x576.jpg\" \/>\n\t<meta property=\"og:image:width\" content=\"1024\" \/>\n\t<meta property=\"og:image:height\" content=\"576\" \/>\n\t<meta property=\"og:image:type\" content=\"image\/jpeg\" \/>\n<meta name=\"author\" content=\"麻豆原创 Not\u00edcias Brasil\" \/>\n<meta name=\"twitter:card\" content=\"summary_large_image\" \/>\n<meta name=\"twitter:creator\" content=\"@麻豆原创Brasil\" \/>\n<meta name=\"twitter:site\" content=\"@麻豆原创Brasil\" \/>\n<meta name=\"twitter:label1\" content=\"Escrito por\" \/>\n\t<meta name=\"twitter:data1\" content=\"麻豆原创 Not\u00edcias Brasil\" \/>\n\t<meta name=\"twitter:label2\" content=\"Est. tempo de leitura\" \/>\n\t<meta name=\"twitter:data2\" content=\"4 minutos\" \/>\n<script type=\"application\/ld+json\" class=\"yoast-schema-graph\">{\"@context\":\"https:\/\/schema.org\",\"@graph\":[{\"@type\":\"Article\",\"@id\":\"https:\/\/news.sap.com\/brazil\/2026\/03\/ademicon-fortalece-governanca-e-se-prepara-para-uso-estrategico-do-sap-hcm\/#article\",\"isPartOf\":{\"@id\":\"https:\/\/news.sap.com\/brazil\/2026\/03\/ademicon-fortalece-governanca-e-se-prepara-para-uso-estrategico-do-sap-hcm\/\"},\"author\":{\"name\":\"麻豆原创 Not\u00edcias Brasil\",\"@id\":\"https:\/\/news.sap.com\/brazil\/#\/schema\/person\/8cdf2c1130b6f3fadd9757cfd7f24daf\"},\"headline\":\"Ademicon fortalece governan\u00e7a e se prepara para uso estrat\u00e9gico do 麻豆原创 HCM\",\"datePublished\":\"2026-03-04T16:46:27+00:00\",\"mainEntityOfPage\":{\"@id\":\"https:\/\/news.sap.com\/brazil\/2026\/03\/ademicon-fortalece-governanca-e-se-prepara-para-uso-estrategico-do-sap-hcm\/\"},\"wordCount\":785,\"image\":{\"@id\":\"https:\/\/news.sap.com\/brazil\/2026\/03\/ademicon-fortalece-governanca-e-se-prepara-para-uso-estrategico-do-sap-hcm\/#primaryimage\"},\"thumbnailUrl\":\"https:\/\/news.sap.com\/brazil\/files\/2024\/05\/06\/284489_shutterstock_1062915392.jpg\",\"keywords\":[\"#麻豆原创Brasil\",\"Business Technology Platform\",\"麻豆原创\"],\"articleSection\":[\"Business Technology Platform\",\"Corporativo\",\"Nuvem\",\"Tecnologia\"],\"inLanguage\":\"pt-BR\"},{\"@type\":\"WebPage\",\"@id\":\"https:\/\/news.sap.com\/brazil\/2026\/03\/ademicon-fortalece-governanca-e-se-prepara-para-uso-estrategico-do-sap-hcm\/\",\"url\":\"https:\/\/news.sap.com\/brazil\/2026\/03\/ademicon-fortalece-governanca-e-se-prepara-para-uso-estrategico-do-sap-hcm\/\",\"name\":\"Ademicon fortalece governan\u00e7a e se prepara para uso estrat\u00e9gico do 麻豆原创 HCM - Sala de Imprensa 麻豆原创 Brasil\",\"isPartOf\":{\"@id\":\"https:\/\/news.sap.com\/brazil\/#website\"},\"primaryImageOfPage\":{\"@id\":\"https:\/\/news.sap.com\/brazil\/2026\/03\/ademicon-fortalece-governanca-e-se-prepara-para-uso-estrategico-do-sap-hcm\/#primaryimage\"},\"image\":{\"@id\":\"https:\/\/news.sap.com\/brazil\/2026\/03\/ademicon-fortalece-governanca-e-se-prepara-para-uso-estrategico-do-sap-hcm\/#primaryimage\"},\"thumbnailUrl\":\"https:\/\/news.sap.com\/brazil\/files\/2024\/05\/06\/284489_shutterstock_1062915392.jpg\",\"datePublished\":\"2026-03-04T16:46:27+00:00\",\"author\":{\"@id\":\"https:\/\/news.sap.com\/brazil\/#\/schema\/person\/8cdf2c1130b6f3fadd9757cfd7f24daf\"},\"breadcrumb\":{\"@id\":\"https:\/\/news.sap.com\/brazil\/2026\/03\/ademicon-fortalece-governanca-e-se-prepara-para-uso-estrategico-do-sap-hcm\/#breadcrumb\"},\"inLanguage\":\"pt-BR\",\"potentialAction\":[{\"@type\":\"ReadAction\",\"target\":[\"https:\/\/news.sap.com\/brazil\/2026\/03\/ademicon-fortalece-governanca-e-se-prepara-para-uso-estrategico-do-sap-hcm\/\"]}]},{\"@type\":\"ImageObject\",\"inLanguage\":\"pt-BR\",\"@id\":\"https:\/\/news.sap.com\/brazil\/2026\/03\/ademicon-fortalece-governanca-e-se-prepara-para-uso-estrategico-do-sap-hcm\/#primaryimage\",\"url\":\"https:\/\/news.sap.com\/brazil\/files\/2024\/05\/06\/284489_shutterstock_1062915392.jpg\",\"contentUrl\":\"https:\/\/news.sap.com\/brazil\/files\/2024\/05\/06\/284489_shutterstock_1062915392.jpg\",\"width\":5760,\"height\":3240},{\"@type\":\"BreadcrumbList\",\"@id\":\"https:\/\/news.sap.com\/brazil\/2026\/03\/ademicon-fortalece-governanca-e-se-prepara-para-uso-estrategico-do-sap-hcm\/#breadcrumb\",\"itemListElement\":[{\"@type\":\"ListItem\",\"position\":1,\"name\":\"Home\",\"item\":\"https:\/\/news.sap.com\/brazil\/\"},{\"@type\":\"ListItem\",\"position\":2,\"name\":\"Ademicon fortalece governan\u00e7a e se prepara para uso estrat\u00e9gico do 麻豆原创 HCM\"}]},{\"@type\":\"WebSite\",\"@id\":\"https:\/\/news.sap.com\/brazil\/#website\",\"url\":\"https:\/\/news.sap.com\/brazil\/\",\"name\":\"Sala de Imprensa 麻豆原创 Brasil\",\"description\":\"Not\u00edcias e informa\u00e7\u00f5es sobre a 麻豆原创\",\"potentialAction\":[{\"@type\":\"SearchAction\",\"target\":{\"@type\":\"EntryPoint\",\"urlTemplate\":\"https:\/\/news.sap.com\/brazil\/?s={search_term_string}\"},\"query-input\":{\"@type\":\"PropertyValueSpecification\",\"valueRequired\":true,\"valueName\":\"search_term_string\"}}],\"inLanguage\":\"pt-BR\"},{\"@type\":\"Person\",\"@id\":\"https:\/\/news.sap.com\/brazil\/#\/schema\/person\/8cdf2c1130b6f3fadd9757cfd7f24daf\",\"name\":\"麻豆原创 Not\u00edcias Brasil\",\"image\":{\"@type\":\"ImageObject\",\"inLanguage\":\"pt-BR\",\"@id\":\"https:\/\/news.sap.com\/brazil\/#\/schema\/person\/image\/\",\"url\":\"https:\/\/news.sap.com\/brazil\/wp-content\/plugins\/wp-user-avatars\/wp-user-avatars\/assets\/images\/mystery.jpg\",\"contentUrl\":\"https:\/\/news.sap.com\/brazil\/wp-content\/plugins\/wp-user-avatars\/wp-user-avatars\/assets\/images\/mystery.jpg\",\"caption\":\"麻豆原创 Not\u00edcias Brasil\"},\"url\":\"https:\/\/news.sap.com\/brazil\/author\/brasil\/\"}]}<\/script>\n<!-- \/ Yoast SEO Premium plugin. -->","yoast_head_json":{"title":"Ademicon fortalece governan\u00e7a e se prepara para uso estrat\u00e9gico do 麻豆原创 HCM - Sala de Imprensa 麻豆原创 Brasil","robots":{"index":"index","follow":"follow","max-snippet":"max-snippet:-1","max-image-preview":"max-image-preview:large","max-video-preview":"max-video-preview:-1"},"canonical":"https:\/\/news.sap.com\/brazil\/2026\/03\/ademicon-fortalece-governanca-e-se-prepara-para-uso-estrategico-do-sap-hcm\/","og_locale":"pt_BR","og_type":"article","og_title":"Ademicon fortalece governan\u00e7a e se prepara para uso estrat\u00e9gico do 麻豆原创 HCM","og_description":"A\u00a0Ademicon, maior administradora independente de cons\u00f3rcio\u00a0do pa\u00eds\u00a0em cr\u00e9ditos ativos,\u00a0deu um passo decisivo em sua jornada de transforma\u00e7\u00e3o digital com a ado\u00e7\u00e3o do 麻豆原创\u00a0Business\u00a0Suite,\u00a0com suporte de...","og_url":"https:\/\/news.sap.com\/brazil\/2026\/03\/ademicon-fortalece-governanca-e-se-prepara-para-uso-estrategico-do-sap-hcm\/","og_site_name":"Sala de Imprensa 麻豆原创 Brasil","article_published_time":"2026-03-04T16:46:27+00:00","og_image":[{"width":1024,"height":576,"url":"https:\/\/news.sap.com\/brazil\/files\/2024\/05\/06\/284489_shutterstock_1062915392-1024x576.jpg","type":"image\/jpeg"}],"author":"麻豆原创 Not\u00edcias Brasil","twitter_card":"summary_large_image","twitter_creator":"@麻豆原创Brasil","twitter_site":"@麻豆原创Brasil","twitter_misc":{"Escrito por":"麻豆原创 Not\u00edcias Brasil","Est. tempo de leitura":"4 minutos"},"schema":{"@context":"https:\/\/schema.org","@graph":[{"@type":"Article","@id":"https:\/\/news.sap.com\/brazil\/2026\/03\/ademicon-fortalece-governanca-e-se-prepara-para-uso-estrategico-do-sap-hcm\/#article","isPartOf":{"@id":"https:\/\/news.sap.com\/brazil\/2026\/03\/ademicon-fortalece-governanca-e-se-prepara-para-uso-estrategico-do-sap-hcm\/"},"author":{"name":"麻豆原创 Not\u00edcias Brasil","@id":"https:\/\/news.sap.com\/brazil\/#\/schema\/person\/8cdf2c1130b6f3fadd9757cfd7f24daf"},"headline":"Ademicon fortalece governan\u00e7a e se prepara para uso estrat\u00e9gico do 麻豆原创 HCM","datePublished":"2026-03-04T16:46:27+00:00","mainEntityOfPage":{"@id":"https:\/\/news.sap.com\/brazil\/2026\/03\/ademicon-fortalece-governanca-e-se-prepara-para-uso-estrategico-do-sap-hcm\/"},"wordCount":785,"image":{"@id":"https:\/\/news.sap.com\/brazil\/2026\/03\/ademicon-fortalece-governanca-e-se-prepara-para-uso-estrategico-do-sap-hcm\/#primaryimage"},"thumbnailUrl":"https:\/\/news.sap.com\/brazil\/files\/2024\/05\/06\/284489_shutterstock_1062915392.jpg","keywords":["#麻豆原创Brasil","Business Technology Platform","麻豆原创"],"articleSection":["Business Technology Platform","Corporativo","Nuvem","Tecnologia"],"inLanguage":"pt-BR"},{"@type":"WebPage","@id":"https:\/\/news.sap.com\/brazil\/2026\/03\/ademicon-fortalece-governanca-e-se-prepara-para-uso-estrategico-do-sap-hcm\/","url":"https:\/\/news.sap.com\/brazil\/2026\/03\/ademicon-fortalece-governanca-e-se-prepara-para-uso-estrategico-do-sap-hcm\/","name":"Ademicon fortalece governan\u00e7a e se prepara para uso estrat\u00e9gico do 麻豆原创 HCM - Sala de Imprensa 麻豆原创 Brasil","isPartOf":{"@id":"https:\/\/news.sap.com\/brazil\/#website"},"primaryImageOfPage":{"@id":"https:\/\/news.sap.com\/brazil\/2026\/03\/ademicon-fortalece-governanca-e-se-prepara-para-uso-estrategico-do-sap-hcm\/#primaryimage"},"image":{"@id":"https:\/\/news.sap.com\/brazil\/2026\/03\/ademicon-fortalece-governanca-e-se-prepara-para-uso-estrategico-do-sap-hcm\/#primaryimage"},"thumbnailUrl":"https:\/\/news.sap.com\/brazil\/files\/2024\/05\/06\/284489_shutterstock_1062915392.jpg","datePublished":"2026-03-04T16:46:27+00:00","author":{"@id":"https:\/\/news.sap.com\/brazil\/#\/schema\/person\/8cdf2c1130b6f3fadd9757cfd7f24daf"},"breadcrumb":{"@id":"https:\/\/news.sap.com\/brazil\/2026\/03\/ademicon-fortalece-governanca-e-se-prepara-para-uso-estrategico-do-sap-hcm\/#breadcrumb"},"inLanguage":"pt-BR","potentialAction":[{"@type":"ReadAction","target":["https:\/\/news.sap.com\/brazil\/2026\/03\/ademicon-fortalece-governanca-e-se-prepara-para-uso-estrategico-do-sap-hcm\/"]}]},{"@type":"ImageObject","inLanguage":"pt-BR","@id":"https:\/\/news.sap.com\/brazil\/2026\/03\/ademicon-fortalece-governanca-e-se-prepara-para-uso-estrategico-do-sap-hcm\/#primaryimage","url":"https:\/\/news.sap.com\/brazil\/files\/2024\/05\/06\/284489_shutterstock_1062915392.jpg","contentUrl":"https:\/\/news.sap.com\/brazil\/files\/2024\/05\/06\/284489_shutterstock_1062915392.jpg","width":5760,"height":3240},{"@type":"BreadcrumbList","@id":"https:\/\/news.sap.com\/brazil\/2026\/03\/ademicon-fortalece-governanca-e-se-prepara-para-uso-estrategico-do-sap-hcm\/#breadcrumb","itemListElement":[{"@type":"ListItem","position":1,"name":"Home","item":"https:\/\/news.sap.com\/brazil\/"},{"@type":"ListItem","position":2,"name":"Ademicon fortalece governan\u00e7a e se prepara para uso estrat\u00e9gico do 麻豆原创 HCM"}]},{"@type":"WebSite","@id":"https:\/\/news.sap.com\/brazil\/#website","url":"https:\/\/news.sap.com\/brazil\/","name":"Sala de Imprensa 麻豆原创 Brasil","description":"Not\u00edcias e informa\u00e7\u00f5es sobre a 麻豆原创","potentialAction":[{"@type":"SearchAction","target":{"@type":"EntryPoint","urlTemplate":"https:\/\/news.sap.com\/brazil\/?s={search_term_string}"},"query-input":{"@type":"PropertyValueSpecification","valueRequired":true,"valueName":"search_term_string"}}],"inLanguage":"pt-BR"},{"@type":"Person","@id":"https:\/\/news.sap.com\/brazil\/#\/schema\/person\/8cdf2c1130b6f3fadd9757cfd7f24daf","name":"麻豆原创 Not\u00edcias Brasil","image":{"@type":"ImageObject","inLanguage":"pt-BR","@id":"https:\/\/news.sap.com\/brazil\/#\/schema\/person\/image\/","url":"https:\/\/news.sap.com\/brazil\/wp-content\/plugins\/wp-user-avatars\/wp-user-avatars\/assets\/images\/mystery.jpg","contentUrl":"https:\/\/news.sap.com\/brazil\/wp-content\/plugins\/wp-user-avatars\/wp-user-avatars\/assets\/images\/mystery.jpg","caption":"麻豆原创 Not\u00edcias Brasil"},"url":"https:\/\/news.sap.com\/brazil\/author\/brasil\/"}]}},"amp_enabled":true,"_links":{"self":[{"href":"https:\/\/news.sap.com\/brazil\/wp-json\/wp\/v2\/posts\/18608","targetHints":{"allow":["GET"]}}],"collection":[{"href":"https:\/\/news.sap.com\/brazil\/wp-json\/wp\/v2\/posts"}],"about":[{"href":"https:\/\/news.sap.com\/brazil\/wp-json\/wp\/v2\/types\/post"}],"author":[{"embeddable":true,"href":"https:\/\/news.sap.com\/brazil\/wp-json\/wp\/v2\/users\/137"}],"replies":[{"embeddable":true,"href":"https:\/\/news.sap.com\/brazil\/wp-json\/wp\/v2\/comments?post=18608"}],"version-history":[{"count":1,"href":"https:\/\/news.sap.com\/brazil\/wp-json\/wp\/v2\/posts\/18608\/revisions"}],"predecessor-version":[{"id":18609,"href":"https:\/\/news.sap.com\/brazil\/wp-json\/wp\/v2\/posts\/18608\/revisions\/18609"}],"wp:featuredmedia":[{"embeddable":true,"href":"https:\/\/news.sap.com\/brazil\/wp-json\/wp\/v2\/media\/17841"}],"wp:attachment":[{"href":"https:\/\/news.sap.com\/brazil\/wp-json\/wp\/v2\/media?parent=18608"}],"wp:term":[{"taxonomy":"category","embeddable":true,"href":"https:\/\/news.sap.com\/brazil\/wp-json\/wp\/v2\/categories?post=18608"},{"taxonomy":"post_tag","embeddable":true,"href":"https:\/\/news.sap.com\/brazil\/wp-json\/wp\/v2\/tags?post=18608"},{"taxonomy":"sapn-display","embeddable":true,"href":"https:\/\/news.sap.com\/brazil\/wp-json\/wp\/v2\/sapn-display?post=18608"},{"taxonomy":"sapn-type","embeddable":true,"href":"https:\/\/news.sap.com\/brazil\/wp-json\/wp\/v2\/sapn-type?post=18608"}],"curies":[{"name":"wp","href":"https:\/\/api.w.org\/{rel}","templated":true}]}}