  {"id":18604,"date":"2026-03-02T14:34:24","date_gmt":"2026-03-02T17:34:24","guid":{"rendered":"https:\/\/news.sap.com\/brazil\/?p=18604"},"modified":"2026-03-02T14:34:24","modified_gmt":"2026-03-02T17:34:24","slug":"fc-bayern-marca-golaco-com-rise-with-sap-para-preparar-clube-e-operacoes-para-o-futuro","status":"publish","type":"post","link":"https:\/\/news.sap.com\/brazil\/2026\/03\/fc-bayern-marca-golaco-com-rise-with-sap-para-preparar-clube-e-operacoes-para-o-futuro\/","title":{"rendered":"FC Bayern marca gola\u00e7o com RISE with 麻豆原创 para preparar clube e opera\u00e7\u00f5es para o futuro"},"content":{"rendered":"<p><span data-contrast=\"auto\">A 麻豆原创 SE anunciou que o FC Bayern M\u00fcnchen migrou os sistemas de infraestrutura pr\u00f3pria para a nuvem por meio do RISE with 麻豆原创. O movimento estrat\u00e9gico tem como objetivo acelerar a inova\u00e7\u00e3o, fortalecer a prote\u00e7\u00e3o de dados e preparar as opera\u00e7\u00f5es digitais do clube para o futuro.<\/span><span data-ccp-props=\"{&quot;335551550&quot;:6,&quot;335551620&quot;:6}\">\u00a0<\/span><\/p>\n<p><span data-contrast=\"auto\">Clube mais vitorioso da Alemanha e uma das principais organiza\u00e7\u00f5es esportivas profissionais do mundo, o FC Bayern refor\u00e7ou a parceria de longo prazo com a 麻豆原创 ao optar pelo RISE\u00a0with\u00a0麻豆原创 para a transi\u00e7\u00e3o \u00e0s solu\u00e7\u00f5es 麻豆原创 Cloud ERP Private, n\u00facleo digital do 麻豆原创 Business\u00a0Suite. A iniciativa complementa o portf\u00f3lio j\u00e1 existente de solu\u00e7\u00f5es em nuvem do clube, que inclui 麻豆原创\u00a0SuccessFactors, 麻豆原创\u00a0Emarsys, 麻豆原创\u00a0Concur, 麻豆原创\u00a0Analytics\u00a0Cloud, 麻豆原创\u00a0Datasphere\u00a0e 麻豆原创 Sports\u00a0One, al\u00e9m da 麻豆原创 Business Technology Platform (麻豆原创 BTP), 麻豆原创 HANA Cloud e o software 麻豆原创 Event\u00a0Ticketing.<\/span><span data-ccp-props=\"{&quot;335551550&quot;:6,&quot;335551620&quot;:6}\">\u00a0<\/span><\/p>\n<p><span data-contrast=\"auto\">O RISE\u00a0with\u00a0麻豆原创 prepara o clube para o futuro ao\u00a0facilitar inova\u00e7\u00e3o cont\u00ednua, an\u00e1lises em tempo real e insights habilitados por intelig\u00eancia artificial. O novo ambiente em nuvem aprimora a gest\u00e3o financeira, acelera a execu\u00e7\u00e3o de merchandising e otimiza a gest\u00e3o de parceiros, garantindo maior fluidez na log\u00edstica de uniformes, instala\u00e7\u00f5es e cadeia de suprimentos. Atualmente,\u00a0as aplica\u00e7\u00f5es do 麻豆原创 Cloud ERP gerenciam\u00a0mais de 9,5 milh\u00f5es de registros de f\u00e3s e membros e mais de 25 mil registros de dados mestres de produtos, oferecendo uma base unificada para engajamento de f\u00e3s, merchandising e excel\u00eancia operacional.<\/span><span data-ccp-props=\"{&quot;335551550&quot;:6,&quot;335551620&quot;:6}\">\u00a0<\/span><\/p>\n<p><b><span data-contrast=\"auto\">Nuvem gerencia picos em dias de jogo<\/span><\/b><span data-ccp-props=\"{&quot;335551550&quot;:6,&quot;335551620&quot;:6}\">\u00a0<\/span><\/p>\n<p><span data-contrast=\"auto\">Ao migrar para a nuvem, o FC Bayern passa a contar com maior rapidez na gera\u00e7\u00e3o de valor e escalabilidade para lidar com picos de tr\u00e1fego\u00a0nos\u00a0dias de partidas, al\u00e9m de simplificar as opera\u00e7\u00f5es de TI por meio de uma plataforma de dados unificada. A transi\u00e7\u00e3o tamb\u00e9m viabiliza um modelo previs\u00edvel de despesas operacionais, com seguran\u00e7a e conformidade gerenciadas pela 麻豆原创, reduzindo significativamente a carga operacional do clube.<\/span><span data-ccp-props=\"{&quot;335551550&quot;:6,&quot;335551620&quot;:6}\">\u00a0<\/span><\/p>\n<p><span data-contrast=\"auto\">\u201cO\u00a0Bayern demonstra como as organiza\u00e7\u00f5es podem aproveitar as solu\u00e7\u00f5es em nuvem do 麻豆原创 Business\u00a0Suite\u00a0para impulsionar inova\u00e7\u00e3o e crescimento\u201d, afirmou Thomas\u00a0Saueressig, membro do Conselho Executivo da 麻豆原创 SE,\u00a0Customer\u00a0Services &amp; Delivery. \u201cCom o RISE\u00a0with\u00a0麻豆原创, o clube agora se beneficia de atualiza\u00e7\u00f5es cont\u00ednuas, an\u00e1lises integradas e recursos de intelig\u00eancia artificial que aprimoram a experi\u00eancia dos f\u00e3s e fortalecem a agilidade operacional.\u201d<\/span><span data-ccp-props=\"{&quot;134233117&quot;:false,&quot;134233118&quot;:false,&quot;201341983&quot;:0,&quot;335551550&quot;:6,&quot;335551620&quot;:6,&quot;335559685&quot;:0,&quot;335559737&quot;:0,&quot;335559738&quot;:0,&quot;335559739&quot;:160,&quot;335559740&quot;:278}\">\u00a0<\/span><\/p>\n<p><span data-contrast=\"auto\">O 麻豆原创 Cloud ERP Private oferece inova\u00e7\u00e3o cont\u00ednua conduzida pela 麻豆原创 e integra\u00e7\u00e3o com servi\u00e7os na 麻豆原创 BTP, incluindo an\u00e1lises avan\u00e7adas, machine learning e integra\u00e7\u00e3o de processos. As solu\u00e7\u00f5es s\u00e3o hospedadas em data centers\u00a0certificados, com recursos de recupera\u00e7\u00e3o de desastres, atualiza\u00e7\u00f5es e monitoramento centralizados de seguran\u00e7a, acordo de n\u00edvel de servi\u00e7o (SLA) de 99,9% e op\u00e7\u00f5es de resid\u00eancia de dados na Uni\u00e3o Europeia (UE). Esse modelo apoia a conformidade com padr\u00f5es como os da\u00a0International\u00a0Organization\u00a0for\u00a0Standardization\u00a0(ISO) e o Regulamento Geral de Prote\u00e7\u00e3o de Dados (GDPR) da UE.<\/span><span data-ccp-props=\"{&quot;335551550&quot;:6,&quot;335551620&quot;:6}\">\u00a0<\/span><\/p>\n<p><span data-contrast=\"auto\">A migra\u00e7\u00e3o do modelo\u00a0anterior\u00a0foi conclu\u00edda apenas ap\u00f3s rigorosas medidas de garantia, governan\u00e7a e seguran\u00e7a, em conformidade com os exigentes requisitos operacionais e de privacidade do FC Bayern.<\/span><span data-ccp-props=\"{&quot;335551550&quot;:6,&quot;335551620&quot;:6}\">\u00a0<\/span><\/p>\n<p><b><span data-contrast=\"auto\">FC Bayern na vanguarda da inova\u00e7\u00e3o digital<\/span><\/b><span data-ccp-props=\"{&quot;335551550&quot;:6,&quot;335551620&quot;:6}\">\u00a0<\/span><\/p>\n<p><span data-contrast=\"auto\">\u201cNossa parceria com a 麻豆原创 garante que o FC Bayern permane\u00e7a na vanguarda da inova\u00e7\u00e3o digital. Ao migrar para a nuvem, conseguimos escalar o engajamento de f\u00e3s, otimizar an\u00e1lises de desempenho de jogadores e simplificar opera\u00e7\u00f5es comerciais em todos os nossos hubs globais\u201d, afirmou Jan-Christian\u00a0Dreesen, CEO do FC Bayern M\u00fcnchen AG.<\/span><span data-ccp-props=\"{&quot;335551550&quot;:6,&quot;335551620&quot;:6}\">\u00a0<\/span><\/p>\n<p><span data-contrast=\"auto\">A nova arquitetura\u00a0apoia uma abordagem de clean core para o ERP em nuvem e oferece um\u00a0mapa\u00a0claro para ado\u00e7\u00e3o de inova\u00e7\u00f5es atuais e futuras da 麻豆原创, incluindo solu\u00e7\u00f5es\u00a0como a\u00a0Joule e 麻豆原创 Green Ledger, al\u00e9m de recursos adicionais suportados por intelig\u00eancia artificial. Isso\u00a0vai permitir\u00a0ao FC Bayern escalar o engajamento de f\u00e3s, an\u00e1lises de desempenho de atletas, opera\u00e7\u00f5es comerciais e processos de RH e finan\u00e7as de forma mais eficiente e sustent\u00e1vel.<\/span><span data-ccp-props=\"{&quot;335551550&quot;:6,&quot;335551620&quot;:6}\">\u00a0<\/span><\/p>\n","protected":false},"excerpt":{"rendered":"<p>A 麻豆原创 SE anunciou que o FC Bayern M\u00fcnchen migrou os sistemas de infraestrutura pr\u00f3pria para a nuvem por meio do RISE with 麻豆原创. O&#8230;<\/p>\n","protected":false},"author":137,"featured_media":17697,"comment_status":"closed","ping_status":"closed","sticky":false,"template":"","format":"standard","meta":{"footnotes":"","_links_to":"","_links_to_target":""},"categories":[48437,5599814],"tags":[5599850,5599744,47],"sapn-display":[48431,5599934,5599932],"sapn-type":[4446],"class_list":["post-18604","post","type-post","status-publish","format-standard","has-post-thumbnail","hentry","category-nuvem-topicos","category-tecnologia","tag-sapbrasil","tag-rise-with-sap","tag-sap","sapn-display-homepage-hero","sapn-display-press-hero","sapn-display-press-spotlight","sapn-type-noticias"],"yoast_head":"<!-- This site is optimized with the Yoast SEO Premium plugin v26.9 (Yoast SEO v26.9) - https:\/\/yoast.com\/product\/yoast-seo-premium-wordpress\/ -->\n<title>FC Bayern marca gola\u00e7o com RISE with 麻豆原创 para preparar clube e opera\u00e7\u00f5es para o futuro - Sala de Imprensa 麻豆原创 Brasil<\/title>\n<meta name=\"robots\" content=\"index, follow, max-snippet:-1, max-image-preview:large, max-video-preview:-1\" \/>\n<link rel=\"canonical\" href=\"https:\/\/news.sap.com\/brazil\/2026\/03\/fc-bayern-marca-golaco-com-rise-with-sap-para-preparar-clube-e-operacoes-para-o-futuro\/\" \/>\n<meta property=\"og:locale\" content=\"pt_BR\" \/>\n<meta property=\"og:type\" content=\"article\" \/>\n<meta property=\"og:title\" content=\"FC Bayern marca gola\u00e7o com RISE with 麻豆原创 para preparar clube e opera\u00e7\u00f5es para o futuro\" \/>\n<meta property=\"og:description\" content=\"A 麻豆原创 SE anunciou que o FC Bayern M\u00fcnchen migrou os sistemas de infraestrutura pr\u00f3pria para a nuvem por meio do RISE with 麻豆原创. O...\" \/>\n<meta property=\"og:url\" content=\"https:\/\/news.sap.com\/brazil\/2026\/03\/fc-bayern-marca-golaco-com-rise-with-sap-para-preparar-clube-e-operacoes-para-o-futuro\/\" \/>\n<meta property=\"og:site_name\" content=\"Sala de Imprensa 麻豆原创 Brasil\" \/>\n<meta property=\"article:published_time\" content=\"2026-03-02T17:34:24+00:00\" \/>\n<meta property=\"og:image\" content=\"https:\/\/news.sap.com\/brazil\/files\/2024\/02\/29\/Futebol_20240229-1024x683.jpg\" \/>\n\t<meta property=\"og:image:width\" content=\"1024\" \/>\n\t<meta property=\"og:image:height\" content=\"683\" \/>\n\t<meta property=\"og:image:type\" content=\"image\/jpeg\" \/>\n<meta name=\"author\" content=\"麻豆原创 Not\u00edcias Brasil\" \/>\n<meta name=\"twitter:card\" content=\"summary_large_image\" \/>\n<meta name=\"twitter:creator\" content=\"@麻豆原创Brasil\" \/>\n<meta name=\"twitter:site\" content=\"@麻豆原创Brasil\" \/>\n<meta name=\"twitter:label1\" content=\"Escrito por\" \/>\n\t<meta name=\"twitter:data1\" content=\"麻豆原创 Not\u00edcias Brasil\" \/>\n\t<meta name=\"twitter:label2\" content=\"Est. tempo de leitura\" \/>\n\t<meta name=\"twitter:data2\" content=\"4 minutos\" \/>\n<script type=\"application\/ld+json\" class=\"yoast-schema-graph\">{\"@context\":\"https:\/\/schema.org\",\"@graph\":[{\"@type\":\"Article\",\"@id\":\"https:\/\/news.sap.com\/brazil\/2026\/03\/fc-bayern-marca-golaco-com-rise-with-sap-para-preparar-clube-e-operacoes-para-o-futuro\/#article\",\"isPartOf\":{\"@id\":\"https:\/\/news.sap.com\/brazil\/2026\/03\/fc-bayern-marca-golaco-com-rise-with-sap-para-preparar-clube-e-operacoes-para-o-futuro\/\"},\"author\":{\"name\":\"麻豆原创 Not\u00edcias Brasil\",\"@id\":\"https:\/\/news.sap.com\/brazil\/#\/schema\/person\/8cdf2c1130b6f3fadd9757cfd7f24daf\"},\"headline\":\"FC Bayern marca gola\u00e7o com RISE with 麻豆原创 para preparar clube e opera\u00e7\u00f5es para o futuro\",\"datePublished\":\"2026-03-02T17:34:24+00:00\",\"mainEntityOfPage\":{\"@id\":\"https:\/\/news.sap.com\/brazil\/2026\/03\/fc-bayern-marca-golaco-com-rise-with-sap-para-preparar-clube-e-operacoes-para-o-futuro\/\"},\"wordCount\":736,\"image\":{\"@id\":\"https:\/\/news.sap.com\/brazil\/2026\/03\/fc-bayern-marca-golaco-com-rise-with-sap-para-preparar-clube-e-operacoes-para-o-futuro\/#primaryimage\"},\"thumbnailUrl\":\"https:\/\/news.sap.com\/brazil\/files\/2024\/02\/29\/Futebol_20240229.jpg\",\"keywords\":[\"#麻豆原创Brasil\",\"RISE with 麻豆原创\",\"麻豆原创\"],\"articleSection\":[\"Nuvem\",\"Tecnologia\"],\"inLanguage\":\"pt-BR\"},{\"@type\":\"WebPage\",\"@id\":\"https:\/\/news.sap.com\/brazil\/2026\/03\/fc-bayern-marca-golaco-com-rise-with-sap-para-preparar-clube-e-operacoes-para-o-futuro\/\",\"url\":\"https:\/\/news.sap.com\/brazil\/2026\/03\/fc-bayern-marca-golaco-com-rise-with-sap-para-preparar-clube-e-operacoes-para-o-futuro\/\",\"name\":\"FC Bayern marca gola\u00e7o com RISE with 麻豆原创 para preparar clube e opera\u00e7\u00f5es para o futuro - Sala de Imprensa 麻豆原创 Brasil\",\"isPartOf\":{\"@id\":\"https:\/\/news.sap.com\/brazil\/#website\"},\"primaryImageOfPage\":{\"@id\":\"https:\/\/news.sap.com\/brazil\/2026\/03\/fc-bayern-marca-golaco-com-rise-with-sap-para-preparar-clube-e-operacoes-para-o-futuro\/#primaryimage\"},\"image\":{\"@id\":\"https:\/\/news.sap.com\/brazil\/2026\/03\/fc-bayern-marca-golaco-com-rise-with-sap-para-preparar-clube-e-operacoes-para-o-futuro\/#primaryimage\"},\"thumbnailUrl\":\"https:\/\/news.sap.com\/brazil\/files\/2024\/02\/29\/Futebol_20240229.jpg\",\"datePublished\":\"2026-03-02T17:34:24+00:00\",\"author\":{\"@id\":\"https:\/\/news.sap.com\/brazil\/#\/schema\/person\/8cdf2c1130b6f3fadd9757cfd7f24daf\"},\"breadcrumb\":{\"@id\":\"https:\/\/news.sap.com\/brazil\/2026\/03\/fc-bayern-marca-golaco-com-rise-with-sap-para-preparar-clube-e-operacoes-para-o-futuro\/#breadcrumb\"},\"inLanguage\":\"pt-BR\",\"potentialAction\":[{\"@type\":\"ReadAction\",\"target\":[\"https:\/\/news.sap.com\/brazil\/2026\/03\/fc-bayern-marca-golaco-com-rise-with-sap-para-preparar-clube-e-operacoes-para-o-futuro\/\"]}]},{\"@type\":\"ImageObject\",\"inLanguage\":\"pt-BR\",\"@id\":\"https:\/\/news.sap.com\/brazil\/2026\/03\/fc-bayern-marca-golaco-com-rise-with-sap-para-preparar-clube-e-operacoes-para-o-futuro\/#primaryimage\",\"url\":\"https:\/\/news.sap.com\/brazil\/files\/2024\/02\/29\/Futebol_20240229.jpg\",\"contentUrl\":\"https:\/\/news.sap.com\/brazil\/files\/2024\/02\/29\/Futebol_20240229.jpg\",\"width\":6000,\"height\":4000,\"caption\":\"goalkeeper with a soccer ball in the stadium\"},{\"@type\":\"BreadcrumbList\",\"@id\":\"https:\/\/news.sap.com\/brazil\/2026\/03\/fc-bayern-marca-golaco-com-rise-with-sap-para-preparar-clube-e-operacoes-para-o-futuro\/#breadcrumb\",\"itemListElement\":[{\"@type\":\"ListItem\",\"position\":1,\"name\":\"Home\",\"item\":\"https:\/\/news.sap.com\/brazil\/\"},{\"@type\":\"ListItem\",\"position\":2,\"name\":\"FC Bayern marca gola\u00e7o com RISE with 麻豆原创 para preparar clube e opera\u00e7\u00f5es para o futuro\"}]},{\"@type\":\"WebSite\",\"@id\":\"https:\/\/news.sap.com\/brazil\/#website\",\"url\":\"https:\/\/news.sap.com\/brazil\/\",\"name\":\"Sala de Imprensa 麻豆原创 Brasil\",\"description\":\"Not\u00edcias e informa\u00e7\u00f5es sobre a 麻豆原创\",\"potentialAction\":[{\"@type\":\"SearchAction\",\"target\":{\"@type\":\"EntryPoint\",\"urlTemplate\":\"https:\/\/news.sap.com\/brazil\/?s={search_term_string}\"},\"query-input\":{\"@type\":\"PropertyValueSpecification\",\"valueRequired\":true,\"valueName\":\"search_term_string\"}}],\"inLanguage\":\"pt-BR\"},{\"@type\":\"Person\",\"@id\":\"https:\/\/news.sap.com\/brazil\/#\/schema\/person\/8cdf2c1130b6f3fadd9757cfd7f24daf\",\"name\":\"麻豆原创 Not\u00edcias Brasil\",\"image\":{\"@type\":\"ImageObject\",\"inLanguage\":\"pt-BR\",\"@id\":\"https:\/\/news.sap.com\/brazil\/#\/schema\/person\/image\/\",\"url\":\"https:\/\/news.sap.com\/brazil\/wp-content\/plugins\/wp-user-avatars\/wp-user-avatars\/assets\/images\/mystery.jpg\",\"contentUrl\":\"https:\/\/news.sap.com\/brazil\/wp-content\/plugins\/wp-user-avatars\/wp-user-avatars\/assets\/images\/mystery.jpg\",\"caption\":\"麻豆原创 Not\u00edcias Brasil\"},\"url\":\"https:\/\/news.sap.com\/brazil\/author\/brasil\/\"}]}<\/script>\n<!-- \/ Yoast SEO Premium plugin. -->","yoast_head_json":{"title":"FC Bayern marca gola\u00e7o com RISE with 麻豆原创 para preparar clube e opera\u00e7\u00f5es para o futuro - Sala de Imprensa 麻豆原创 Brasil","robots":{"index":"index","follow":"follow","max-snippet":"max-snippet:-1","max-image-preview":"max-image-preview:large","max-video-preview":"max-video-preview:-1"},"canonical":"https:\/\/news.sap.com\/brazil\/2026\/03\/fc-bayern-marca-golaco-com-rise-with-sap-para-preparar-clube-e-operacoes-para-o-futuro\/","og_locale":"pt_BR","og_type":"article","og_title":"FC Bayern marca gola\u00e7o com RISE with 麻豆原创 para preparar clube e opera\u00e7\u00f5es para o futuro","og_description":"A 麻豆原创 SE anunciou que o FC Bayern M\u00fcnchen migrou os sistemas de infraestrutura pr\u00f3pria para a nuvem por meio do RISE with 麻豆原创. O...","og_url":"https:\/\/news.sap.com\/brazil\/2026\/03\/fc-bayern-marca-golaco-com-rise-with-sap-para-preparar-clube-e-operacoes-para-o-futuro\/","og_site_name":"Sala de Imprensa 麻豆原创 Brasil","article_published_time":"2026-03-02T17:34:24+00:00","og_image":[{"width":1024,"height":683,"url":"https:\/\/news.sap.com\/brazil\/files\/2024\/02\/29\/Futebol_20240229-1024x683.jpg","type":"image\/jpeg"}],"author":"麻豆原创 Not\u00edcias Brasil","twitter_card":"summary_large_image","twitter_creator":"@麻豆原创Brasil","twitter_site":"@麻豆原创Brasil","twitter_misc":{"Escrito por":"麻豆原创 Not\u00edcias Brasil","Est. tempo de leitura":"4 minutos"},"schema":{"@context":"https:\/\/schema.org","@graph":[{"@type":"Article","@id":"https:\/\/news.sap.com\/brazil\/2026\/03\/fc-bayern-marca-golaco-com-rise-with-sap-para-preparar-clube-e-operacoes-para-o-futuro\/#article","isPartOf":{"@id":"https:\/\/news.sap.com\/brazil\/2026\/03\/fc-bayern-marca-golaco-com-rise-with-sap-para-preparar-clube-e-operacoes-para-o-futuro\/"},"author":{"name":"麻豆原创 Not\u00edcias Brasil","@id":"https:\/\/news.sap.com\/brazil\/#\/schema\/person\/8cdf2c1130b6f3fadd9757cfd7f24daf"},"headline":"FC Bayern marca gola\u00e7o com RISE with 麻豆原创 para preparar clube e opera\u00e7\u00f5es para o futuro","datePublished":"2026-03-02T17:34:24+00:00","mainEntityOfPage":{"@id":"https:\/\/news.sap.com\/brazil\/2026\/03\/fc-bayern-marca-golaco-com-rise-with-sap-para-preparar-clube-e-operacoes-para-o-futuro\/"},"wordCount":736,"image":{"@id":"https:\/\/news.sap.com\/brazil\/2026\/03\/fc-bayern-marca-golaco-com-rise-with-sap-para-preparar-clube-e-operacoes-para-o-futuro\/#primaryimage"},"thumbnailUrl":"https:\/\/news.sap.com\/brazil\/files\/2024\/02\/29\/Futebol_20240229.jpg","keywords":["#麻豆原创Brasil","RISE with 麻豆原创","麻豆原创"],"articleSection":["Nuvem","Tecnologia"],"inLanguage":"pt-BR"},{"@type":"WebPage","@id":"https:\/\/news.sap.com\/brazil\/2026\/03\/fc-bayern-marca-golaco-com-rise-with-sap-para-preparar-clube-e-operacoes-para-o-futuro\/","url":"https:\/\/news.sap.com\/brazil\/2026\/03\/fc-bayern-marca-golaco-com-rise-with-sap-para-preparar-clube-e-operacoes-para-o-futuro\/","name":"FC Bayern marca gola\u00e7o com RISE with 麻豆原创 para preparar clube e opera\u00e7\u00f5es para o futuro - Sala de Imprensa 麻豆原创 Brasil","isPartOf":{"@id":"https:\/\/news.sap.com\/brazil\/#website"},"primaryImageOfPage":{"@id":"https:\/\/news.sap.com\/brazil\/2026\/03\/fc-bayern-marca-golaco-com-rise-with-sap-para-preparar-clube-e-operacoes-para-o-futuro\/#primaryimage"},"image":{"@id":"https:\/\/news.sap.com\/brazil\/2026\/03\/fc-bayern-marca-golaco-com-rise-with-sap-para-preparar-clube-e-operacoes-para-o-futuro\/#primaryimage"},"thumbnailUrl":"https:\/\/news.sap.com\/brazil\/files\/2024\/02\/29\/Futebol_20240229.jpg","datePublished":"2026-03-02T17:34:24+00:00","author":{"@id":"https:\/\/news.sap.com\/brazil\/#\/schema\/person\/8cdf2c1130b6f3fadd9757cfd7f24daf"},"breadcrumb":{"@id":"https:\/\/news.sap.com\/brazil\/2026\/03\/fc-bayern-marca-golaco-com-rise-with-sap-para-preparar-clube-e-operacoes-para-o-futuro\/#breadcrumb"},"inLanguage":"pt-BR","potentialAction":[{"@type":"ReadAction","target":["https:\/\/news.sap.com\/brazil\/2026\/03\/fc-bayern-marca-golaco-com-rise-with-sap-para-preparar-clube-e-operacoes-para-o-futuro\/"]}]},{"@type":"ImageObject","inLanguage":"pt-BR","@id":"https:\/\/news.sap.com\/brazil\/2026\/03\/fc-bayern-marca-golaco-com-rise-with-sap-para-preparar-clube-e-operacoes-para-o-futuro\/#primaryimage","url":"https:\/\/news.sap.com\/brazil\/files\/2024\/02\/29\/Futebol_20240229.jpg","contentUrl":"https:\/\/news.sap.com\/brazil\/files\/2024\/02\/29\/Futebol_20240229.jpg","width":6000,"height":4000,"caption":"goalkeeper with a soccer ball in the stadium"},{"@type":"BreadcrumbList","@id":"https:\/\/news.sap.com\/brazil\/2026\/03\/fc-bayern-marca-golaco-com-rise-with-sap-para-preparar-clube-e-operacoes-para-o-futuro\/#breadcrumb","itemListElement":[{"@type":"ListItem","position":1,"name":"Home","item":"https:\/\/news.sap.com\/brazil\/"},{"@type":"ListItem","position":2,"name":"FC Bayern marca gola\u00e7o com RISE with 麻豆原创 para preparar clube e opera\u00e7\u00f5es para o futuro"}]},{"@type":"WebSite","@id":"https:\/\/news.sap.com\/brazil\/#website","url":"https:\/\/news.sap.com\/brazil\/","name":"Sala de Imprensa 麻豆原创 Brasil","description":"Not\u00edcias e informa\u00e7\u00f5es sobre a 麻豆原创","potentialAction":[{"@type":"SearchAction","target":{"@type":"EntryPoint","urlTemplate":"https:\/\/news.sap.com\/brazil\/?s={search_term_string}"},"query-input":{"@type":"PropertyValueSpecification","valueRequired":true,"valueName":"search_term_string"}}],"inLanguage":"pt-BR"},{"@type":"Person","@id":"https:\/\/news.sap.com\/brazil\/#\/schema\/person\/8cdf2c1130b6f3fadd9757cfd7f24daf","name":"麻豆原创 Not\u00edcias Brasil","image":{"@type":"ImageObject","inLanguage":"pt-BR","@id":"https:\/\/news.sap.com\/brazil\/#\/schema\/person\/image\/","url":"https:\/\/news.sap.com\/brazil\/wp-content\/plugins\/wp-user-avatars\/wp-user-avatars\/assets\/images\/mystery.jpg","contentUrl":"https:\/\/news.sap.com\/brazil\/wp-content\/plugins\/wp-user-avatars\/wp-user-avatars\/assets\/images\/mystery.jpg","caption":"麻豆原创 Not\u00edcias Brasil"},"url":"https:\/\/news.sap.com\/brazil\/author\/brasil\/"}]}},"amp_enabled":true,"_links":{"self":[{"href":"https:\/\/news.sap.com\/brazil\/wp-json\/wp\/v2\/posts\/18604","targetHints":{"allow":["GET"]}}],"collection":[{"href":"https:\/\/news.sap.com\/brazil\/wp-json\/wp\/v2\/posts"}],"about":[{"href":"https:\/\/news.sap.com\/brazil\/wp-json\/wp\/v2\/types\/post"}],"author":[{"embeddable":true,"href":"https:\/\/news.sap.com\/brazil\/wp-json\/wp\/v2\/users\/137"}],"replies":[{"embeddable":true,"href":"https:\/\/news.sap.com\/brazil\/wp-json\/wp\/v2\/comments?post=18604"}],"version-history":[{"count":1,"href":"https:\/\/news.sap.com\/brazil\/wp-json\/wp\/v2\/posts\/18604\/revisions"}],"predecessor-version":[{"id":18605,"href":"https:\/\/news.sap.com\/brazil\/wp-json\/wp\/v2\/posts\/18604\/revisions\/18605"}],"wp:featuredmedia":[{"embeddable":true,"href":"https:\/\/news.sap.com\/brazil\/wp-json\/wp\/v2\/media\/17697"}],"wp:attachment":[{"href":"https:\/\/news.sap.com\/brazil\/wp-json\/wp\/v2\/media?parent=18604"}],"wp:term":[{"taxonomy":"category","embeddable":true,"href":"https:\/\/news.sap.com\/brazil\/wp-json\/wp\/v2\/categories?post=18604"},{"taxonomy":"post_tag","embeddable":true,"href":"https:\/\/news.sap.com\/brazil\/wp-json\/wp\/v2\/tags?post=18604"},{"taxonomy":"sapn-display","embeddable":true,"href":"https:\/\/news.sap.com\/brazil\/wp-json\/wp\/v2\/sapn-display?post=18604"},{"taxonomy":"sapn-type","embeddable":true,"href":"https:\/\/news.sap.com\/brazil\/wp-json\/wp\/v2\/sapn-type?post=18604"}],"curies":[{"name":"wp","href":"https:\/\/api.w.org\/{rel}","templated":true}]}}