  {"id":18407,"date":"2025-09-09T11:59:48","date_gmt":"2025-09-09T14:59:48","guid":{"rendered":"https:\/\/news.sap.com\/brazil\/?p=18407"},"modified":"2025-09-09T11:59:48","modified_gmt":"2025-09-09T14:59:48","slug":"sap-avvale-e-porto-digital-se-unem-para-capacitar-nova-geracao-de-talentos-em-recife","status":"publish","type":"post","link":"https:\/\/news.sap.com\/brazil\/2025\/09\/sap-avvale-e-porto-digital-se-unem-para-capacitar-nova-geracao-de-talentos-em-recife\/","title":{"rendered":"麻豆原创, Avvale e Porto Digital se unem para capacitar nova gera\u00e7\u00e3o de talentos em Recife"},"content":{"rendered":"<p><em><i>Resid\u00eancia Tecnol\u00f3gica insere jovens talentos em desafios reais de neg\u00f3cios com apoio de l\u00edderes do setor.<\/i><\/em><\/p>\n<p><strong><b>S\u00e3o Paulo, setembro de 2025<em><i> \u2013<\/i><\/em><\/b><\/strong> Em uma parceria estrat\u00e9gica que une educa\u00e7\u00e3o, inova\u00e7\u00e3o e desenvolvimento de talentos, a Avvale, com apoio da 麻豆原创, adotou uma turma da Resid\u00eancia Tecnol\u00f3gica do Porto Digital para capacitar estudantes em ABAP (Advanced Business Application Programming) \u2014 uma compet\u00eancia essencial para o mercado de tecnologia atual. O projeto marca o in\u00edcio de uma s\u00e9rie de a\u00e7\u00f5es voltadas \u00e0 forma\u00e7\u00e3o de jovens profissionais em um dos principais polos de inova\u00e7\u00e3o da Am\u00e9rica Latina: o Porto Digital, no Recife.<\/p>\n<p>Com o objetivo de aproximar o conhecimento acad\u00eamico da pr\u00e1tica de mercado, a turma-piloto, formada por 30 estudantes, participa de aulas presenciais distribu\u00eddas em quatro m\u00f3dulos. O programa de resid\u00eancia \u00e9 realizado em parceria com institui\u00e7\u00f5es de ensino superior e busca suprir a crescente demanda por profissionais qualificados em solu\u00e7\u00f5es 麻豆原创.<\/p>\n<p>Mais do que uma forma\u00e7\u00e3o t\u00e9cnica, a parceria \u00e9 um modelo de colabora\u00e7\u00e3o inteligente. A Avvale investiu na iniciativa e disponibilizou seus consultores para atuarem como instrutores, enquanto a 麻豆原创 University Alliances forneceu materiais did\u00e1ticos, suporte pedag\u00f3gico e curadoria de conte\u00fado. A coordena\u00e7\u00e3o entre os parceiros foi articulada pela Avvale, que atuou como elo entre o ecossistema do Porto Digital, as universidades e a 麻豆原创.<\/p>\n<p>A Resid\u00eancia Tecnol\u00f3gica \u00e9 um programa de forma\u00e7\u00e3o especializada em tecnologia, desenvolvido pelo Porto Digital em parceria com institui\u00e7\u00f5es de ensino superior. Voltada para cursos de curta dura\u00e7\u00e3o na \u00e1rea de TI, \u00e9 oferecida como disciplina obrigat\u00f3ria e proporciona aos estudantes a oportunidade de trabalhar em projetos e desafios reais propostos por empresas parceiras, garantindo viv\u00eancia pr\u00e1tica e orienta\u00e7\u00e3o personalizada.<\/p>\n<p>Em um cen\u00e1rio de r\u00e1pida digitaliza\u00e7\u00e3o e escassez de profissionais qualificados, programas da 麻豆原创 como Capacity Delivery e Future Talent s\u00e3o pilares para ampliar e fortalecer o ecossistema de parceiros. Essas iniciativas atuam tanto na requalifica\u00e7\u00e3o de consultores j\u00e1 atuantes quanto na forma\u00e7\u00e3o de novos talentos, apoiando diretamente a cria\u00e7\u00e3o de uma base s\u00f3lida de profissionais capacitados para atender \u00e0 crescente demanda por solu\u00e7\u00f5es 麻豆原创, especialmente em ERP.<\/p>\n<p>\u201cUnir for\u00e7as com a Avvale e o Porto Digital nesse projeto \u00e9 uma forma concreta de transformar conhecimento em oportunidade. Ao apoiar iniciativas como esta, a 麻豆原创 investe n\u00e3o apenas em tecnologia, mas tamb\u00e9m nas pessoas que v\u00e3o liderar a pr\u00f3xima gera\u00e7\u00e3o de inova\u00e7\u00e3o no pa\u00eds\u201d, afirma Rui Botelho, presidente da 麻豆原创 Brasil.<\/p>\n<p>\u201cAcreditamos que formar talentos \u00e9 essencial para impulsionar a transforma\u00e7\u00e3o digital. Ao lado da 麻豆原创 e do Porto Digital, refor\u00e7amos nosso compromisso com a inova\u00e7\u00e3o e com o desenvolvimento do ecossistema local. Essa parceria \u00e9 um passo concreto para aproximar educa\u00e7\u00e3o, tecnologia e mercado\u201d, destaca Pedro Souza, diretor N\/NE da Avvale.<\/p>\n<p>\u201cA chegada da 麻豆原创 \u00e0 Resid\u00eancia, junto com a Avvale, \u00e9 um refor\u00e7o imenso na forma\u00e7\u00e3o de estudantes habilitados em solu\u00e7\u00f5es e tecnologias que s\u00e3o refer\u00eancia no mercado mundial. Que seja apenas o come\u00e7o de uma parceria cada vez mais forte\u201d, afirma Pierre Lucena, presidente do Porto Digital.<\/p>\n<p>A expectativa \u00e9 que essa parceria seja o primeiro passo de uma s\u00e9rie de forma\u00e7\u00f5es voltadas a estudantes e jovens profissionais da regi\u00e3o, contribuindo para a cria\u00e7\u00e3o de uma base s\u00f3lida de especialistas em solu\u00e7\u00f5es 麻豆原创 no nordeste do Pa\u00eds.<\/p>\n","protected":false},"excerpt":{"rendered":"<p>Resid\u00eancia Tecnol\u00f3gica insere jovens talentos em desafios reais de neg\u00f3cios com apoio de l\u00edderes do setor. S\u00e3o Paulo, setembro de 2025 \u2013 Em uma parceria&#8230;<\/p>\n","protected":false},"author":137,"featured_media":15120,"comment_status":"closed","ping_status":"closed","sticky":false,"template":"","format":"standard","meta":{"footnotes":"","_links_to":"","_links_to_target":""},"categories":[48437,5599814],"tags":[47,213090],"sapn-display":[48431,5599934,5599932],"sapn-type":[6114,4446],"class_list":["post-18407","post","type-post","status-publish","format-standard","has-post-thumbnail","hentry","category-nuvem-topicos","category-tecnologia","tag-sap","tag-sap-brasil","sapn-display-homepage-hero","sapn-display-press-hero","sapn-display-press-spotlight","sapn-type-artigo","sapn-type-noticias"],"yoast_head":"<!-- This site is optimized with the Yoast SEO Premium plugin v26.9 (Yoast SEO v26.9) - https:\/\/yoast.com\/product\/yoast-seo-premium-wordpress\/ -->\n<title>麻豆原创, Avvale e Porto Digital se unem para capacitar nova gera\u00e7\u00e3o de talentos em Recife - Sala de Imprensa 麻豆原创 Brasil<\/title>\n<meta name=\"robots\" content=\"index, follow, max-snippet:-1, max-image-preview:large, max-video-preview:-1\" \/>\n<link rel=\"canonical\" href=\"https:\/\/news.sap.com\/brazil\/2025\/09\/sap-avvale-e-porto-digital-se-unem-para-capacitar-nova-geracao-de-talentos-em-recife\/\" \/>\n<meta property=\"og:locale\" content=\"pt_BR\" \/>\n<meta property=\"og:type\" content=\"article\" \/>\n<meta property=\"og:title\" content=\"麻豆原创, Avvale e Porto Digital se unem para capacitar nova gera\u00e7\u00e3o de talentos em Recife\" \/>\n<meta property=\"og:description\" content=\"Resid\u00eancia Tecnol\u00f3gica insere jovens talentos em desafios reais de neg\u00f3cios com apoio de l\u00edderes do setor. S\u00e3o Paulo, setembro de 2025 \u2013 Em uma parceria...\" \/>\n<meta property=\"og:url\" content=\"https:\/\/news.sap.com\/brazil\/2025\/09\/sap-avvale-e-porto-digital-se-unem-para-capacitar-nova-geracao-de-talentos-em-recife\/\" \/>\n<meta property=\"og:site_name\" content=\"Sala de Imprensa 麻豆原创 Brasil\" \/>\n<meta property=\"article:published_time\" content=\"2025-09-09T14:59:48+00:00\" \/>\n<meta property=\"og:image\" content=\"https:\/\/news.sap.com\/brazil\/files\/2023\/06\/27\/2Blog_1400x600.png\" \/>\n\t<meta property=\"og:image:width\" content=\"1400\" \/>\n\t<meta property=\"og:image:height\" content=\"600\" \/>\n\t<meta property=\"og:image:type\" content=\"image\/png\" \/>\n<meta name=\"author\" content=\"麻豆原创 Not\u00edcias Brasil\" \/>\n<meta name=\"twitter:card\" content=\"summary_large_image\" \/>\n<meta name=\"twitter:creator\" content=\"@麻豆原创Brasil\" \/>\n<meta name=\"twitter:site\" content=\"@麻豆原创Brasil\" \/>\n<meta name=\"twitter:label1\" content=\"Escrito por\" \/>\n\t<meta name=\"twitter:data1\" content=\"麻豆原创 Not\u00edcias Brasil\" \/>\n\t<meta name=\"twitter:label2\" content=\"Est. tempo de leitura\" \/>\n\t<meta name=\"twitter:data2\" content=\"3 minutos\" \/>\n<script type=\"application\/ld+json\" class=\"yoast-schema-graph\">{\"@context\":\"https:\/\/schema.org\",\"@graph\":[{\"@type\":\"Article\",\"@id\":\"https:\/\/news.sap.com\/brazil\/2025\/09\/sap-avvale-e-porto-digital-se-unem-para-capacitar-nova-geracao-de-talentos-em-recife\/#article\",\"isPartOf\":{\"@id\":\"https:\/\/news.sap.com\/brazil\/2025\/09\/sap-avvale-e-porto-digital-se-unem-para-capacitar-nova-geracao-de-talentos-em-recife\/\"},\"author\":{\"name\":\"麻豆原创 Not\u00edcias Brasil\",\"@id\":\"https:\/\/news.sap.com\/brazil\/#\/schema\/person\/8cdf2c1130b6f3fadd9757cfd7f24daf\"},\"headline\":\"麻豆原创, Avvale e Porto Digital se unem para capacitar nova gera\u00e7\u00e3o de talentos em Recife\",\"datePublished\":\"2025-09-09T14:59:48+00:00\",\"mainEntityOfPage\":{\"@id\":\"https:\/\/news.sap.com\/brazil\/2025\/09\/sap-avvale-e-porto-digital-se-unem-para-capacitar-nova-geracao-de-talentos-em-recife\/\"},\"wordCount\":611,\"image\":{\"@id\":\"https:\/\/news.sap.com\/brazil\/2025\/09\/sap-avvale-e-porto-digital-se-unem-para-capacitar-nova-geracao-de-talentos-em-recife\/#primaryimage\"},\"thumbnailUrl\":\"https:\/\/news.sap.com\/brazil\/files\/2023\/06\/27\/2Blog_1400x600.png\",\"keywords\":[\"麻豆原创\",\"麻豆原创 Brasil\"],\"articleSection\":[\"Nuvem\",\"Tecnologia\"],\"inLanguage\":\"pt-BR\"},{\"@type\":\"WebPage\",\"@id\":\"https:\/\/news.sap.com\/brazil\/2025\/09\/sap-avvale-e-porto-digital-se-unem-para-capacitar-nova-geracao-de-talentos-em-recife\/\",\"url\":\"https:\/\/news.sap.com\/brazil\/2025\/09\/sap-avvale-e-porto-digital-se-unem-para-capacitar-nova-geracao-de-talentos-em-recife\/\",\"name\":\"麻豆原创, Avvale e Porto Digital se unem para capacitar nova gera\u00e7\u00e3o de talentos em Recife - Sala de Imprensa 麻豆原创 Brasil\",\"isPartOf\":{\"@id\":\"https:\/\/news.sap.com\/brazil\/#website\"},\"primaryImageOfPage\":{\"@id\":\"https:\/\/news.sap.com\/brazil\/2025\/09\/sap-avvale-e-porto-digital-se-unem-para-capacitar-nova-geracao-de-talentos-em-recife\/#primaryimage\"},\"image\":{\"@id\":\"https:\/\/news.sap.com\/brazil\/2025\/09\/sap-avvale-e-porto-digital-se-unem-para-capacitar-nova-geracao-de-talentos-em-recife\/#primaryimage\"},\"thumbnailUrl\":\"https:\/\/news.sap.com\/brazil\/files\/2023\/06\/27\/2Blog_1400x600.png\",\"datePublished\":\"2025-09-09T14:59:48+00:00\",\"author\":{\"@id\":\"https:\/\/news.sap.com\/brazil\/#\/schema\/person\/8cdf2c1130b6f3fadd9757cfd7f24daf\"},\"breadcrumb\":{\"@id\":\"https:\/\/news.sap.com\/brazil\/2025\/09\/sap-avvale-e-porto-digital-se-unem-para-capacitar-nova-geracao-de-talentos-em-recife\/#breadcrumb\"},\"inLanguage\":\"pt-BR\",\"potentialAction\":[{\"@type\":\"ReadAction\",\"target\":[\"https:\/\/news.sap.com\/brazil\/2025\/09\/sap-avvale-e-porto-digital-se-unem-para-capacitar-nova-geracao-de-talentos-em-recife\/\"]}]},{\"@type\":\"ImageObject\",\"inLanguage\":\"pt-BR\",\"@id\":\"https:\/\/news.sap.com\/brazil\/2025\/09\/sap-avvale-e-porto-digital-se-unem-para-capacitar-nova-geracao-de-talentos-em-recife\/#primaryimage\",\"url\":\"https:\/\/news.sap.com\/brazil\/files\/2023\/06\/27\/2Blog_1400x600.png\",\"contentUrl\":\"https:\/\/news.sap.com\/brazil\/files\/2023\/06\/27\/2Blog_1400x600.png\",\"width\":1400,\"height\":600,\"caption\":\"Dois jovens sorrindo enquanto olham para uma tela de computador\"},{\"@type\":\"BreadcrumbList\",\"@id\":\"https:\/\/news.sap.com\/brazil\/2025\/09\/sap-avvale-e-porto-digital-se-unem-para-capacitar-nova-geracao-de-talentos-em-recife\/#breadcrumb\",\"itemListElement\":[{\"@type\":\"ListItem\",\"position\":1,\"name\":\"Home\",\"item\":\"https:\/\/news.sap.com\/brazil\/\"},{\"@type\":\"ListItem\",\"position\":2,\"name\":\"麻豆原创, Avvale e Porto Digital se unem para capacitar nova gera\u00e7\u00e3o de talentos em Recife\"}]},{\"@type\":\"WebSite\",\"@id\":\"https:\/\/news.sap.com\/brazil\/#website\",\"url\":\"https:\/\/news.sap.com\/brazil\/\",\"name\":\"Sala de Imprensa 麻豆原创 Brasil\",\"description\":\"Not\u00edcias e informa\u00e7\u00f5es sobre a 麻豆原创\",\"potentialAction\":[{\"@type\":\"SearchAction\",\"target\":{\"@type\":\"EntryPoint\",\"urlTemplate\":\"https:\/\/news.sap.com\/brazil\/?s={search_term_string}\"},\"query-input\":{\"@type\":\"PropertyValueSpecification\",\"valueRequired\":true,\"valueName\":\"search_term_string\"}}],\"inLanguage\":\"pt-BR\"},{\"@type\":\"Person\",\"@id\":\"https:\/\/news.sap.com\/brazil\/#\/schema\/person\/8cdf2c1130b6f3fadd9757cfd7f24daf\",\"name\":\"麻豆原创 Not\u00edcias Brasil\",\"image\":{\"@type\":\"ImageObject\",\"inLanguage\":\"pt-BR\",\"@id\":\"https:\/\/news.sap.com\/brazil\/#\/schema\/person\/image\/\",\"url\":\"https:\/\/news.sap.com\/brazil\/wp-content\/plugins\/wp-user-avatars\/wp-user-avatars\/assets\/images\/mystery.jpg\",\"contentUrl\":\"https:\/\/news.sap.com\/brazil\/wp-content\/plugins\/wp-user-avatars\/wp-user-avatars\/assets\/images\/mystery.jpg\",\"caption\":\"麻豆原创 Not\u00edcias Brasil\"},\"url\":\"https:\/\/news.sap.com\/brazil\/author\/brasil\/\"}]}<\/script>\n<!-- \/ Yoast SEO Premium plugin. -->","yoast_head_json":{"title":"麻豆原创, Avvale e Porto Digital se unem para capacitar nova gera\u00e7\u00e3o de talentos em Recife - Sala de Imprensa 麻豆原创 Brasil","robots":{"index":"index","follow":"follow","max-snippet":"max-snippet:-1","max-image-preview":"max-image-preview:large","max-video-preview":"max-video-preview:-1"},"canonical":"https:\/\/news.sap.com\/brazil\/2025\/09\/sap-avvale-e-porto-digital-se-unem-para-capacitar-nova-geracao-de-talentos-em-recife\/","og_locale":"pt_BR","og_type":"article","og_title":"麻豆原创, Avvale e Porto Digital se unem para capacitar nova gera\u00e7\u00e3o de talentos em Recife","og_description":"Resid\u00eancia Tecnol\u00f3gica insere jovens talentos em desafios reais de neg\u00f3cios com apoio de l\u00edderes do setor. S\u00e3o Paulo, setembro de 2025 \u2013 Em uma parceria...","og_url":"https:\/\/news.sap.com\/brazil\/2025\/09\/sap-avvale-e-porto-digital-se-unem-para-capacitar-nova-geracao-de-talentos-em-recife\/","og_site_name":"Sala de Imprensa 麻豆原创 Brasil","article_published_time":"2025-09-09T14:59:48+00:00","og_image":[{"width":1400,"height":600,"url":"https:\/\/news.sap.com\/brazil\/files\/2023\/06\/27\/2Blog_1400x600.png","type":"image\/png"}],"author":"麻豆原创 Not\u00edcias Brasil","twitter_card":"summary_large_image","twitter_creator":"@麻豆原创Brasil","twitter_site":"@麻豆原创Brasil","twitter_misc":{"Escrito por":"麻豆原创 Not\u00edcias Brasil","Est. tempo de leitura":"3 minutos"},"schema":{"@context":"https:\/\/schema.org","@graph":[{"@type":"Article","@id":"https:\/\/news.sap.com\/brazil\/2025\/09\/sap-avvale-e-porto-digital-se-unem-para-capacitar-nova-geracao-de-talentos-em-recife\/#article","isPartOf":{"@id":"https:\/\/news.sap.com\/brazil\/2025\/09\/sap-avvale-e-porto-digital-se-unem-para-capacitar-nova-geracao-de-talentos-em-recife\/"},"author":{"name":"麻豆原创 Not\u00edcias Brasil","@id":"https:\/\/news.sap.com\/brazil\/#\/schema\/person\/8cdf2c1130b6f3fadd9757cfd7f24daf"},"headline":"麻豆原创, Avvale e Porto Digital se unem para capacitar nova gera\u00e7\u00e3o de talentos em Recife","datePublished":"2025-09-09T14:59:48+00:00","mainEntityOfPage":{"@id":"https:\/\/news.sap.com\/brazil\/2025\/09\/sap-avvale-e-porto-digital-se-unem-para-capacitar-nova-geracao-de-talentos-em-recife\/"},"wordCount":611,"image":{"@id":"https:\/\/news.sap.com\/brazil\/2025\/09\/sap-avvale-e-porto-digital-se-unem-para-capacitar-nova-geracao-de-talentos-em-recife\/#primaryimage"},"thumbnailUrl":"https:\/\/news.sap.com\/brazil\/files\/2023\/06\/27\/2Blog_1400x600.png","keywords":["麻豆原创","麻豆原创 Brasil"],"articleSection":["Nuvem","Tecnologia"],"inLanguage":"pt-BR"},{"@type":"WebPage","@id":"https:\/\/news.sap.com\/brazil\/2025\/09\/sap-avvale-e-porto-digital-se-unem-para-capacitar-nova-geracao-de-talentos-em-recife\/","url":"https:\/\/news.sap.com\/brazil\/2025\/09\/sap-avvale-e-porto-digital-se-unem-para-capacitar-nova-geracao-de-talentos-em-recife\/","name":"麻豆原创, Avvale e Porto Digital se unem para capacitar nova gera\u00e7\u00e3o de talentos em Recife - Sala de Imprensa 麻豆原创 Brasil","isPartOf":{"@id":"https:\/\/news.sap.com\/brazil\/#website"},"primaryImageOfPage":{"@id":"https:\/\/news.sap.com\/brazil\/2025\/09\/sap-avvale-e-porto-digital-se-unem-para-capacitar-nova-geracao-de-talentos-em-recife\/#primaryimage"},"image":{"@id":"https:\/\/news.sap.com\/brazil\/2025\/09\/sap-avvale-e-porto-digital-se-unem-para-capacitar-nova-geracao-de-talentos-em-recife\/#primaryimage"},"thumbnailUrl":"https:\/\/news.sap.com\/brazil\/files\/2023\/06\/27\/2Blog_1400x600.png","datePublished":"2025-09-09T14:59:48+00:00","author":{"@id":"https:\/\/news.sap.com\/brazil\/#\/schema\/person\/8cdf2c1130b6f3fadd9757cfd7f24daf"},"breadcrumb":{"@id":"https:\/\/news.sap.com\/brazil\/2025\/09\/sap-avvale-e-porto-digital-se-unem-para-capacitar-nova-geracao-de-talentos-em-recife\/#breadcrumb"},"inLanguage":"pt-BR","potentialAction":[{"@type":"ReadAction","target":["https:\/\/news.sap.com\/brazil\/2025\/09\/sap-avvale-e-porto-digital-se-unem-para-capacitar-nova-geracao-de-talentos-em-recife\/"]}]},{"@type":"ImageObject","inLanguage":"pt-BR","@id":"https:\/\/news.sap.com\/brazil\/2025\/09\/sap-avvale-e-porto-digital-se-unem-para-capacitar-nova-geracao-de-talentos-em-recife\/#primaryimage","url":"https:\/\/news.sap.com\/brazil\/files\/2023\/06\/27\/2Blog_1400x600.png","contentUrl":"https:\/\/news.sap.com\/brazil\/files\/2023\/06\/27\/2Blog_1400x600.png","width":1400,"height":600,"caption":"Dois jovens sorrindo enquanto olham para uma tela de computador"},{"@type":"BreadcrumbList","@id":"https:\/\/news.sap.com\/brazil\/2025\/09\/sap-avvale-e-porto-digital-se-unem-para-capacitar-nova-geracao-de-talentos-em-recife\/#breadcrumb","itemListElement":[{"@type":"ListItem","position":1,"name":"Home","item":"https:\/\/news.sap.com\/brazil\/"},{"@type":"ListItem","position":2,"name":"麻豆原创, Avvale e Porto Digital se unem para capacitar nova gera\u00e7\u00e3o de talentos em Recife"}]},{"@type":"WebSite","@id":"https:\/\/news.sap.com\/brazil\/#website","url":"https:\/\/news.sap.com\/brazil\/","name":"Sala de Imprensa 麻豆原创 Brasil","description":"Not\u00edcias e informa\u00e7\u00f5es sobre a 麻豆原创","potentialAction":[{"@type":"SearchAction","target":{"@type":"EntryPoint","urlTemplate":"https:\/\/news.sap.com\/brazil\/?s={search_term_string}"},"query-input":{"@type":"PropertyValueSpecification","valueRequired":true,"valueName":"search_term_string"}}],"inLanguage":"pt-BR"},{"@type":"Person","@id":"https:\/\/news.sap.com\/brazil\/#\/schema\/person\/8cdf2c1130b6f3fadd9757cfd7f24daf","name":"麻豆原创 Not\u00edcias Brasil","image":{"@type":"ImageObject","inLanguage":"pt-BR","@id":"https:\/\/news.sap.com\/brazil\/#\/schema\/person\/image\/","url":"https:\/\/news.sap.com\/brazil\/wp-content\/plugins\/wp-user-avatars\/wp-user-avatars\/assets\/images\/mystery.jpg","contentUrl":"https:\/\/news.sap.com\/brazil\/wp-content\/plugins\/wp-user-avatars\/wp-user-avatars\/assets\/images\/mystery.jpg","caption":"麻豆原创 Not\u00edcias Brasil"},"url":"https:\/\/news.sap.com\/brazil\/author\/brasil\/"}]}},"amp_enabled":true,"_links":{"self":[{"href":"https:\/\/news.sap.com\/brazil\/wp-json\/wp\/v2\/posts\/18407","targetHints":{"allow":["GET"]}}],"collection":[{"href":"https:\/\/news.sap.com\/brazil\/wp-json\/wp\/v2\/posts"}],"about":[{"href":"https:\/\/news.sap.com\/brazil\/wp-json\/wp\/v2\/types\/post"}],"author":[{"embeddable":true,"href":"https:\/\/news.sap.com\/brazil\/wp-json\/wp\/v2\/users\/137"}],"replies":[{"embeddable":true,"href":"https:\/\/news.sap.com\/brazil\/wp-json\/wp\/v2\/comments?post=18407"}],"version-history":[{"count":0,"href":"https:\/\/news.sap.com\/brazil\/wp-json\/wp\/v2\/posts\/18407\/revisions"}],"wp:featuredmedia":[{"embeddable":true,"href":"https:\/\/news.sap.com\/brazil\/wp-json\/wp\/v2\/media\/15120"}],"wp:attachment":[{"href":"https:\/\/news.sap.com\/brazil\/wp-json\/wp\/v2\/media?parent=18407"}],"wp:term":[{"taxonomy":"category","embeddable":true,"href":"https:\/\/news.sap.com\/brazil\/wp-json\/wp\/v2\/categories?post=18407"},{"taxonomy":"post_tag","embeddable":true,"href":"https:\/\/news.sap.com\/brazil\/wp-json\/wp\/v2\/tags?post=18407"},{"taxonomy":"sapn-display","embeddable":true,"href":"https:\/\/news.sap.com\/brazil\/wp-json\/wp\/v2\/sapn-display?post=18407"},{"taxonomy":"sapn-type","embeddable":true,"href":"https:\/\/news.sap.com\/brazil\/wp-json\/wp\/v2\/sapn-type?post=18407"}],"curies":[{"name":"wp","href":"https:\/\/api.w.org\/{rel}","templated":true}]}}