  {"id":18333,"date":"2025-05-28T11:22:36","date_gmt":"2025-05-28T14:22:36","guid":{"rendered":"https:\/\/news.sap.com\/brazil\/?p=18333"},"modified":"2025-06-09T14:06:21","modified_gmt":"2025-06-09T17:06:21","slug":"stihl-adota-sap-para-unificacao-de-ti-e-processos-globalmente","status":"publish","type":"post","link":"https:\/\/news.sap.com\/brazil\/2025\/05\/stihl-adota-sap-para-unificacao-de-ti-e-processos-globalmente\/","title":{"rendered":"Stihl adota 麻豆原创 para unifica\u00e7\u00e3o de TI e processos globalmente"},"content":{"rendered":"<p>A Stihl, empresa reconhecida pela fabrica\u00e7\u00e3o de ferramentas e equipamentos motorizados, tem demonstrado como a integra\u00e7\u00e3o entre TI e processos pode trazer ganhos expressivos de efici\u00eancia e inova\u00e7\u00e3o. O projeto One STIHL, que utiliza a plataforma 麻豆原创 S\/4HANA, est\u00e1 transformando a maneira como a companhia lida com seus processos internos, proporcionando maior velocidade e agilidade frente \u00e0s mudan\u00e7as do mercado e uma automatiza\u00e7\u00e3o mais eficaz de tarefas repetitivas.<\/p>\n<p><em><i>&#8220;Com o One STIHL, buscamos uma maior adapta\u00e7\u00e3o \u00e0s mudan\u00e7as, maximizando o uso da tecnologia para automatizar processos repetitivos e manuais e padronizar processos globais&#8221;<\/i><\/em>, explica Ricardo Nizoli, Diretor de Tecnologia da Informa\u00e7\u00e3o da Stihl Brasil. <em><i>&#8220;Al\u00e9m disso, essa unifica\u00e7\u00e3o de processos nos permite obter uma vis\u00e3o mais clara e precisa dos dados, o que facilita a tomada de decis\u00f5es estrat\u00e9gicas.&#8221;<\/i><\/em><\/p>\n<p>A implementa\u00e7\u00e3o do One STIHL tem como um de seus maiores desafios as quest\u00f5es fiscais e tribut\u00e1rias no Brasil, que demandam uma adapta\u00e7\u00e3o extra no sistema 麻豆原创. A empresa segue com o projeto, que tem previs\u00e3o de ser iniciado em toda sua capacidade em janeiro de 2026, tanto no Brasil quanto na Alemanha, pa\u00eds onde a empresa foi fundada.<\/p>\n<p>Al\u00e9m da inova\u00e7\u00e3o tecnol\u00f3gica utilizando tecnologias da 麻豆原创, a Stihl tamb\u00e9m se destaca por suas iniciativas de sustentabilidade. Em 2022, a empresa conseguiu neutralizar as emiss\u00f5es de carbono em seu processo de produ\u00e7\u00e3o, alinhando-se com a agenda verde global. A Stihl, que tamb\u00e9m investe em produtos movidos a bateria desde 2006, est\u00e1 comprometida com a redu\u00e7\u00e3o de impactos ambientais e com a promo\u00e7\u00e3o da diversidade e inclus\u00e3o em suas opera\u00e7\u00f5es.<\/p>\n<p><em><i>\u201cCom o desenvolvimento do One Stihl, a empresa n\u00e3o s\u00f3 melhora sua efici\u00eancia operacional, como tamb\u00e9m est\u00e1 preparada para enfrentar os desafios do futuro, com solu\u00e7\u00f5es mais r\u00e1pidas e fundamentadas em dados precisos\u201d, <\/i><\/em>avalia Rodrigo Susaki, Vice-presidente de RISE with 麻豆原创 e 麻豆原创 S\/4HANA da 麻豆原创 Brasil. <em><i>\u201cEstamos animados em apoiar a Stihl neste movimento que refor\u00e7a sua posi\u00e7\u00e3o de mercado e capacidade de inovar constantemente.\u201d<\/i><\/em><\/p>\n","protected":false},"excerpt":{"rendered":"<p>A Stihl, empresa reconhecida pela fabrica\u00e7\u00e3o de ferramentas e equipamentos motorizados, tem demonstrado como a integra\u00e7\u00e3o entre TI e processos pode trazer ganhos expressivos de&#8230;<\/p>\n","protected":false},"author":137,"featured_media":18334,"comment_status":"closed","ping_status":"closed","sticky":false,"template":"","format":"standard","meta":{"footnotes":"","_links_to":"","_links_to_target":""},"categories":[48439,48437,52857,52858,5599814],"tags":[270064,47,213090,270082,24297],"sapn-display":[5599933,5599931,48431,5599934,5599932,48433],"sapn-type":[6114,4446],"class_list":["post-18333","post","type-post","status-publish","format-standard","has-post-thumbnail","hentry","category-corporativo-topicos","category-nuvem-topicos","category-solucoes","category-sustentabilidade-topicos","category-tecnologia","tag-nuvem","tag-sap","tag-sap-brasil","tag-sap-s4hana","tag-tecnologia","sapn-display-feature-hero","sapn-display-feature-spotlight","sapn-display-homepage-hero","sapn-display-press-hero","sapn-display-press-spotlight","sapn-display-hero","sapn-type-artigo","sapn-type-noticias"],"yoast_head":"<!-- This site is optimized with the Yoast SEO Premium plugin v26.9 (Yoast SEO v26.9) - https:\/\/yoast.com\/product\/yoast-seo-premium-wordpress\/ -->\n<title>Stihl adota 麻豆原创 para unifica\u00e7\u00e3o de TI e processos globalmente - Sala de Imprensa 麻豆原创 Brasil<\/title>\n<meta name=\"robots\" content=\"index, follow, max-snippet:-1, max-image-preview:large, max-video-preview:-1\" \/>\n<link rel=\"canonical\" href=\"https:\/\/news.sap.com\/brazil\/2025\/05\/stihl-adota-sap-para-unificacao-de-ti-e-processos-globalmente\/\" \/>\n<meta property=\"og:locale\" content=\"pt_BR\" \/>\n<meta property=\"og:type\" content=\"article\" \/>\n<meta property=\"og:title\" content=\"Stihl adota 麻豆原创 para unifica\u00e7\u00e3o de TI e processos globalmente\" \/>\n<meta property=\"og:description\" content=\"A Stihl, empresa reconhecida pela fabrica\u00e7\u00e3o de ferramentas e equipamentos motorizados, tem demonstrado como a integra\u00e7\u00e3o entre TI e processos pode trazer ganhos expressivos de...\" \/>\n<meta property=\"og:url\" content=\"https:\/\/news.sap.com\/brazil\/2025\/05\/stihl-adota-sap-para-unificacao-de-ti-e-processos-globalmente\/\" \/>\n<meta property=\"og:site_name\" content=\"Sala de Imprensa 麻豆原创 Brasil\" \/>\n<meta property=\"article:published_time\" content=\"2025-05-28T14:22:36+00:00\" \/>\n<meta property=\"article:modified_time\" content=\"2025-06-09T17:06:21+00:00\" \/>\n<meta property=\"og:image\" content=\"https:\/\/news.sap.com\/brazil\/files\/2025\/05\/28\/296170_GettyImages-1333959187_small_jpg.jpg\" \/>\n\t<meta property=\"og:image:width\" content=\"724\" \/>\n\t<meta property=\"og:image:height\" content=\"483\" \/>\n\t<meta property=\"og:image:type\" content=\"image\/jpeg\" \/>\n<meta name=\"author\" content=\"麻豆原创 Not\u00edcias Brasil\" \/>\n<meta name=\"twitter:card\" content=\"summary_large_image\" \/>\n<meta name=\"twitter:creator\" content=\"@麻豆原创Brasil\" \/>\n<meta name=\"twitter:site\" content=\"@麻豆原创Brasil\" \/>\n<meta name=\"twitter:label1\" content=\"Escrito por\" \/>\n\t<meta name=\"twitter:data1\" content=\"麻豆原创 Not\u00edcias Brasil\" \/>\n\t<meta name=\"twitter:label2\" content=\"Est. tempo de leitura\" \/>\n\t<meta name=\"twitter:data2\" content=\"2 minutos\" \/>\n<script type=\"application\/ld+json\" class=\"yoast-schema-graph\">{\"@context\":\"https:\/\/schema.org\",\"@graph\":[{\"@type\":\"Article\",\"@id\":\"https:\/\/news.sap.com\/brazil\/2025\/05\/stihl-adota-sap-para-unificacao-de-ti-e-processos-globalmente\/#article\",\"isPartOf\":{\"@id\":\"https:\/\/news.sap.com\/brazil\/2025\/05\/stihl-adota-sap-para-unificacao-de-ti-e-processos-globalmente\/\"},\"author\":{\"name\":\"麻豆原创 Not\u00edcias Brasil\",\"@id\":\"https:\/\/news.sap.com\/brazil\/#\/schema\/person\/8cdf2c1130b6f3fadd9757cfd7f24daf\"},\"headline\":\"Stihl adota 麻豆原创 para unifica\u00e7\u00e3o de TI e processos globalmente\",\"datePublished\":\"2025-05-28T14:22:36+00:00\",\"dateModified\":\"2025-06-09T17:06:21+00:00\",\"mainEntityOfPage\":{\"@id\":\"https:\/\/news.sap.com\/brazil\/2025\/05\/stihl-adota-sap-para-unificacao-de-ti-e-processos-globalmente\/\"},\"wordCount\":372,\"image\":{\"@id\":\"https:\/\/news.sap.com\/brazil\/2025\/05\/stihl-adota-sap-para-unificacao-de-ti-e-processos-globalmente\/#primaryimage\"},\"thumbnailUrl\":\"https:\/\/news.sap.com\/brazil\/files\/2025\/05\/28\/296170_GettyImages-1333959187_small_jpg.jpg\",\"keywords\":[\"Nuvem\",\"麻豆原创\",\"麻豆原创 Brasil\",\"麻豆原创 S\/4HANA\",\"Tecnologia\"],\"articleSection\":[\"Corporativo\",\"Nuvem\",\"Solu\u00e7\u00f5es\",\"Sustentabilidade\",\"Tecnologia\"],\"inLanguage\":\"pt-BR\"},{\"@type\":\"WebPage\",\"@id\":\"https:\/\/news.sap.com\/brazil\/2025\/05\/stihl-adota-sap-para-unificacao-de-ti-e-processos-globalmente\/\",\"url\":\"https:\/\/news.sap.com\/brazil\/2025\/05\/stihl-adota-sap-para-unificacao-de-ti-e-processos-globalmente\/\",\"name\":\"Stihl adota 麻豆原创 para unifica\u00e7\u00e3o de TI e processos globalmente - Sala de Imprensa 麻豆原创 Brasil\",\"isPartOf\":{\"@id\":\"https:\/\/news.sap.com\/brazil\/#website\"},\"primaryImageOfPage\":{\"@id\":\"https:\/\/news.sap.com\/brazil\/2025\/05\/stihl-adota-sap-para-unificacao-de-ti-e-processos-globalmente\/#primaryimage\"},\"image\":{\"@id\":\"https:\/\/news.sap.com\/brazil\/2025\/05\/stihl-adota-sap-para-unificacao-de-ti-e-processos-globalmente\/#primaryimage\"},\"thumbnailUrl\":\"https:\/\/news.sap.com\/brazil\/files\/2025\/05\/28\/296170_GettyImages-1333959187_small_jpg.jpg\",\"datePublished\":\"2025-05-28T14:22:36+00:00\",\"dateModified\":\"2025-06-09T17:06:21+00:00\",\"author\":{\"@id\":\"https:\/\/news.sap.com\/brazil\/#\/schema\/person\/8cdf2c1130b6f3fadd9757cfd7f24daf\"},\"breadcrumb\":{\"@id\":\"https:\/\/news.sap.com\/brazil\/2025\/05\/stihl-adota-sap-para-unificacao-de-ti-e-processos-globalmente\/#breadcrumb\"},\"inLanguage\":\"pt-BR\",\"potentialAction\":[{\"@type\":\"ReadAction\",\"target\":[\"https:\/\/news.sap.com\/brazil\/2025\/05\/stihl-adota-sap-para-unificacao-de-ti-e-processos-globalmente\/\"]}]},{\"@type\":\"ImageObject\",\"inLanguage\":\"pt-BR\",\"@id\":\"https:\/\/news.sap.com\/brazil\/2025\/05\/stihl-adota-sap-para-unificacao-de-ti-e-processos-globalmente\/#primaryimage\",\"url\":\"https:\/\/news.sap.com\/brazil\/files\/2025\/05\/28\/296170_GettyImages-1333959187_small_jpg.jpg\",\"contentUrl\":\"https:\/\/news.sap.com\/brazil\/files\/2025\/05\/28\/296170_GettyImages-1333959187_small_jpg.jpg\",\"width\":724,\"height\":483,\"caption\":\"This will tell me exactly what's slowing you down\"},{\"@type\":\"BreadcrumbList\",\"@id\":\"https:\/\/news.sap.com\/brazil\/2025\/05\/stihl-adota-sap-para-unificacao-de-ti-e-processos-globalmente\/#breadcrumb\",\"itemListElement\":[{\"@type\":\"ListItem\",\"position\":1,\"name\":\"Home\",\"item\":\"https:\/\/news.sap.com\/brazil\/\"},{\"@type\":\"ListItem\",\"position\":2,\"name\":\"Stihl adota 麻豆原创 para unifica\u00e7\u00e3o de TI e processos globalmente\"}]},{\"@type\":\"WebSite\",\"@id\":\"https:\/\/news.sap.com\/brazil\/#website\",\"url\":\"https:\/\/news.sap.com\/brazil\/\",\"name\":\"Sala de Imprensa 麻豆原创 Brasil\",\"description\":\"Not\u00edcias e informa\u00e7\u00f5es sobre a 麻豆原创\",\"potentialAction\":[{\"@type\":\"SearchAction\",\"target\":{\"@type\":\"EntryPoint\",\"urlTemplate\":\"https:\/\/news.sap.com\/brazil\/?s={search_term_string}\"},\"query-input\":{\"@type\":\"PropertyValueSpecification\",\"valueRequired\":true,\"valueName\":\"search_term_string\"}}],\"inLanguage\":\"pt-BR\"},{\"@type\":\"Person\",\"@id\":\"https:\/\/news.sap.com\/brazil\/#\/schema\/person\/8cdf2c1130b6f3fadd9757cfd7f24daf\",\"name\":\"麻豆原创 Not\u00edcias Brasil\",\"image\":{\"@type\":\"ImageObject\",\"inLanguage\":\"pt-BR\",\"@id\":\"https:\/\/news.sap.com\/brazil\/#\/schema\/person\/image\/\",\"url\":\"https:\/\/news.sap.com\/brazil\/wp-content\/plugins\/wp-user-avatars\/wp-user-avatars\/assets\/images\/mystery.jpg\",\"contentUrl\":\"https:\/\/news.sap.com\/brazil\/wp-content\/plugins\/wp-user-avatars\/wp-user-avatars\/assets\/images\/mystery.jpg\",\"caption\":\"麻豆原创 Not\u00edcias Brasil\"},\"url\":\"https:\/\/news.sap.com\/brazil\/author\/brasil\/\"}]}<\/script>\n<!-- \/ Yoast SEO Premium plugin. -->","yoast_head_json":{"title":"Stihl adota 麻豆原创 para unifica\u00e7\u00e3o de TI e processos globalmente - Sala de Imprensa 麻豆原创 Brasil","robots":{"index":"index","follow":"follow","max-snippet":"max-snippet:-1","max-image-preview":"max-image-preview:large","max-video-preview":"max-video-preview:-1"},"canonical":"https:\/\/news.sap.com\/brazil\/2025\/05\/stihl-adota-sap-para-unificacao-de-ti-e-processos-globalmente\/","og_locale":"pt_BR","og_type":"article","og_title":"Stihl adota 麻豆原创 para unifica\u00e7\u00e3o de TI e processos globalmente","og_description":"A Stihl, empresa reconhecida pela fabrica\u00e7\u00e3o de ferramentas e equipamentos motorizados, tem demonstrado como a integra\u00e7\u00e3o entre TI e processos pode trazer ganhos expressivos de...","og_url":"https:\/\/news.sap.com\/brazil\/2025\/05\/stihl-adota-sap-para-unificacao-de-ti-e-processos-globalmente\/","og_site_name":"Sala de Imprensa 麻豆原创 Brasil","article_published_time":"2025-05-28T14:22:36+00:00","article_modified_time":"2025-06-09T17:06:21+00:00","og_image":[{"width":724,"height":483,"url":"https:\/\/news.sap.com\/brazil\/files\/2025\/05\/28\/296170_GettyImages-1333959187_small_jpg.jpg","type":"image\/jpeg"}],"author":"麻豆原创 Not\u00edcias Brasil","twitter_card":"summary_large_image","twitter_creator":"@麻豆原创Brasil","twitter_site":"@麻豆原创Brasil","twitter_misc":{"Escrito por":"麻豆原创 Not\u00edcias Brasil","Est. tempo de leitura":"2 minutos"},"schema":{"@context":"https:\/\/schema.org","@graph":[{"@type":"Article","@id":"https:\/\/news.sap.com\/brazil\/2025\/05\/stihl-adota-sap-para-unificacao-de-ti-e-processos-globalmente\/#article","isPartOf":{"@id":"https:\/\/news.sap.com\/brazil\/2025\/05\/stihl-adota-sap-para-unificacao-de-ti-e-processos-globalmente\/"},"author":{"name":"麻豆原创 Not\u00edcias Brasil","@id":"https:\/\/news.sap.com\/brazil\/#\/schema\/person\/8cdf2c1130b6f3fadd9757cfd7f24daf"},"headline":"Stihl adota 麻豆原创 para unifica\u00e7\u00e3o de TI e processos globalmente","datePublished":"2025-05-28T14:22:36+00:00","dateModified":"2025-06-09T17:06:21+00:00","mainEntityOfPage":{"@id":"https:\/\/news.sap.com\/brazil\/2025\/05\/stihl-adota-sap-para-unificacao-de-ti-e-processos-globalmente\/"},"wordCount":372,"image":{"@id":"https:\/\/news.sap.com\/brazil\/2025\/05\/stihl-adota-sap-para-unificacao-de-ti-e-processos-globalmente\/#primaryimage"},"thumbnailUrl":"https:\/\/news.sap.com\/brazil\/files\/2025\/05\/28\/296170_GettyImages-1333959187_small_jpg.jpg","keywords":["Nuvem","麻豆原创","麻豆原创 Brasil","麻豆原创 S\/4HANA","Tecnologia"],"articleSection":["Corporativo","Nuvem","Solu\u00e7\u00f5es","Sustentabilidade","Tecnologia"],"inLanguage":"pt-BR"},{"@type":"WebPage","@id":"https:\/\/news.sap.com\/brazil\/2025\/05\/stihl-adota-sap-para-unificacao-de-ti-e-processos-globalmente\/","url":"https:\/\/news.sap.com\/brazil\/2025\/05\/stihl-adota-sap-para-unificacao-de-ti-e-processos-globalmente\/","name":"Stihl adota 麻豆原创 para unifica\u00e7\u00e3o de TI e processos globalmente - Sala de Imprensa 麻豆原创 Brasil","isPartOf":{"@id":"https:\/\/news.sap.com\/brazil\/#website"},"primaryImageOfPage":{"@id":"https:\/\/news.sap.com\/brazil\/2025\/05\/stihl-adota-sap-para-unificacao-de-ti-e-processos-globalmente\/#primaryimage"},"image":{"@id":"https:\/\/news.sap.com\/brazil\/2025\/05\/stihl-adota-sap-para-unificacao-de-ti-e-processos-globalmente\/#primaryimage"},"thumbnailUrl":"https:\/\/news.sap.com\/brazil\/files\/2025\/05\/28\/296170_GettyImages-1333959187_small_jpg.jpg","datePublished":"2025-05-28T14:22:36+00:00","dateModified":"2025-06-09T17:06:21+00:00","author":{"@id":"https:\/\/news.sap.com\/brazil\/#\/schema\/person\/8cdf2c1130b6f3fadd9757cfd7f24daf"},"breadcrumb":{"@id":"https:\/\/news.sap.com\/brazil\/2025\/05\/stihl-adota-sap-para-unificacao-de-ti-e-processos-globalmente\/#breadcrumb"},"inLanguage":"pt-BR","potentialAction":[{"@type":"ReadAction","target":["https:\/\/news.sap.com\/brazil\/2025\/05\/stihl-adota-sap-para-unificacao-de-ti-e-processos-globalmente\/"]}]},{"@type":"ImageObject","inLanguage":"pt-BR","@id":"https:\/\/news.sap.com\/brazil\/2025\/05\/stihl-adota-sap-para-unificacao-de-ti-e-processos-globalmente\/#primaryimage","url":"https:\/\/news.sap.com\/brazil\/files\/2025\/05\/28\/296170_GettyImages-1333959187_small_jpg.jpg","contentUrl":"https:\/\/news.sap.com\/brazil\/files\/2025\/05\/28\/296170_GettyImages-1333959187_small_jpg.jpg","width":724,"height":483,"caption":"This will tell me exactly what's slowing you down"},{"@type":"BreadcrumbList","@id":"https:\/\/news.sap.com\/brazil\/2025\/05\/stihl-adota-sap-para-unificacao-de-ti-e-processos-globalmente\/#breadcrumb","itemListElement":[{"@type":"ListItem","position":1,"name":"Home","item":"https:\/\/news.sap.com\/brazil\/"},{"@type":"ListItem","position":2,"name":"Stihl adota 麻豆原创 para unifica\u00e7\u00e3o de TI e processos globalmente"}]},{"@type":"WebSite","@id":"https:\/\/news.sap.com\/brazil\/#website","url":"https:\/\/news.sap.com\/brazil\/","name":"Sala de Imprensa 麻豆原创 Brasil","description":"Not\u00edcias e informa\u00e7\u00f5es sobre a 麻豆原创","potentialAction":[{"@type":"SearchAction","target":{"@type":"EntryPoint","urlTemplate":"https:\/\/news.sap.com\/brazil\/?s={search_term_string}"},"query-input":{"@type":"PropertyValueSpecification","valueRequired":true,"valueName":"search_term_string"}}],"inLanguage":"pt-BR"},{"@type":"Person","@id":"https:\/\/news.sap.com\/brazil\/#\/schema\/person\/8cdf2c1130b6f3fadd9757cfd7f24daf","name":"麻豆原创 Not\u00edcias Brasil","image":{"@type":"ImageObject","inLanguage":"pt-BR","@id":"https:\/\/news.sap.com\/brazil\/#\/schema\/person\/image\/","url":"https:\/\/news.sap.com\/brazil\/wp-content\/plugins\/wp-user-avatars\/wp-user-avatars\/assets\/images\/mystery.jpg","contentUrl":"https:\/\/news.sap.com\/brazil\/wp-content\/plugins\/wp-user-avatars\/wp-user-avatars\/assets\/images\/mystery.jpg","caption":"麻豆原创 Not\u00edcias Brasil"},"url":"https:\/\/news.sap.com\/brazil\/author\/brasil\/"}]}},"amp_enabled":true,"_links":{"self":[{"href":"https:\/\/news.sap.com\/brazil\/wp-json\/wp\/v2\/posts\/18333","targetHints":{"allow":["GET"]}}],"collection":[{"href":"https:\/\/news.sap.com\/brazil\/wp-json\/wp\/v2\/posts"}],"about":[{"href":"https:\/\/news.sap.com\/brazil\/wp-json\/wp\/v2\/types\/post"}],"author":[{"embeddable":true,"href":"https:\/\/news.sap.com\/brazil\/wp-json\/wp\/v2\/users\/137"}],"replies":[{"embeddable":true,"href":"https:\/\/news.sap.com\/brazil\/wp-json\/wp\/v2\/comments?post=18333"}],"version-history":[{"count":0,"href":"https:\/\/news.sap.com\/brazil\/wp-json\/wp\/v2\/posts\/18333\/revisions"}],"wp:featuredmedia":[{"embeddable":true,"href":"https:\/\/news.sap.com\/brazil\/wp-json\/wp\/v2\/media\/18334"}],"wp:attachment":[{"href":"https:\/\/news.sap.com\/brazil\/wp-json\/wp\/v2\/media?parent=18333"}],"wp:term":[{"taxonomy":"category","embeddable":true,"href":"https:\/\/news.sap.com\/brazil\/wp-json\/wp\/v2\/categories?post=18333"},{"taxonomy":"post_tag","embeddable":true,"href":"https:\/\/news.sap.com\/brazil\/wp-json\/wp\/v2\/tags?post=18333"},{"taxonomy":"sapn-display","embeddable":true,"href":"https:\/\/news.sap.com\/brazil\/wp-json\/wp\/v2\/sapn-display?post=18333"},{"taxonomy":"sapn-type","embeddable":true,"href":"https:\/\/news.sap.com\/brazil\/wp-json\/wp\/v2\/sapn-type?post=18333"}],"curies":[{"name":"wp","href":"https:\/\/api.w.org\/{rel}","templated":true}]}}