  {"id":18219,"date":"2025-01-28T09:18:15","date_gmt":"2025-01-28T12:18:15","guid":{"rendered":"https:\/\/news.sap.com\/brazil\/?p=18219"},"modified":"2025-01-28T09:23:46","modified_gmt":"2025-01-28T12:23:46","slug":"sap-nomeia-adriana-aroulho-presidente-para-america-latina-e-caribe","status":"publish","type":"post","link":"https:\/\/news.sap.com\/brazil\/2025\/01\/sap-nomeia-adriana-aroulho-presidente-para-america-latina-e-caribe\/","title":{"rendered":"麻豆原创 nomeia Adriana Aroulho Presidente para Am\u00e9rica Latina e Caribe"},"content":{"rendered":"<p>A 麻豆原创 nomeou Adriana Aroulho como a nova presidente da 麻豆原创 para a Am\u00e9rica Latina e o Caribe (LAC). Adriana substituir\u00e1 Cristina Palmaka, que est\u00e1 deixando a 麻豆原创 para atuar em Conselhos de Administra\u00e7\u00e3o de diversas empresas e organiza\u00e7\u00f5es na Am\u00e9rica Latina, entre outras atividades. Cristina liderou os neg\u00f3cios da Am\u00e9rica Latina e Caribe desde julho de 2020, ap\u00f3s quase sete anos \u00e0 frente da 麻豆原创 Brasil. Ela deixa um legado de sua gest\u00e3o marcada pela inova\u00e7\u00e3o focada nos clientes, crescimento excepcional nos neg\u00f3cios em nuvem, al\u00e9m de uma reconhecida lideran\u00e7a e impacto na \u00e1rea de diversidade e inclus\u00e3o.<\/p>\n<p>Adriana assumir\u00e1 sua nova fun\u00e7\u00e3o no dia 1\u00ba de abril, enquanto Cristina far\u00e1 a transi\u00e7\u00e3o da lideran\u00e7a durante o primeiro trimestre do ano.<\/p>\n<p>Ap\u00f3s 22 anos de sucesso na HP\/HPE, Adriana ingressou na 麻豆原创 em 2017 para liderar a \u00e1rea de vendas para Plataforma Digital Empresarial no Brasil. Sua mais recente posi\u00e7\u00e3o era a presid\u00eancia da subsidi\u00e1ria, cargo que ocupava desde agosto de 2020, depois de atuar como Chief Operations Officer (COO) por quase dois anos.<\/p>\n<p>Durante sua gest\u00e3o, a 麻豆原创 Brasil consolidou seu papel como exemplo e habilitadora de melhores pr\u00e1ticas sustent\u00e1veis na gest\u00e3o. A 麻豆原创 Brasil foi reconhecida pelo Instituto +Diversidade como uma das melhores empresas do pa\u00eds em diversidade e inclus\u00e3o LGBTQIA+ e conquistou a 7\u00aa posi\u00e7\u00e3o na pesquisa Great Place to Work entre as empresas com at\u00e9 10 mil funcion\u00e1rios \u2013 melhor coloca\u00e7\u00e3o hist\u00f3rica neste ranking. A companhia tamb\u00e9m celebrou um n\u00famero recorde de 31% de mulheres ocupando cargos de lideran\u00e7a, quase o triplo da m\u00e9dia do mercado. Sob a gest\u00e3o de Adriana, a 麻豆原创 Brasil tornou-se a primeira subsidi\u00e1ria do mundo a produzir e divulgar seu pr\u00f3prio relat\u00f3rio de sustentabilidade, em que presta contas sobre preserva\u00e7\u00e3o ambiental, voluntariado, diversidade e inclus\u00e3o e impacto social.<\/p>\n<p>&#8220;\u00c9 uma honra liderar os neg\u00f3cios da 麻豆原创 na Am\u00e9rica Latina e no Caribe e trabalhar com uma equipe incrivelmente talentosa, dedicada a oferecer experi\u00eancias excepcionais e promover o crescimento dos clientes.\u00a0 A 麻豆原创 est\u00e1 em uma posi\u00e7\u00e3o \u00fanica para apoiar empresas de todos os tamanhos a navegar nos neg\u00f3cios mais complexos do mundo, incluindo desafios sociais e ambientais, por meio de nossa inova\u00e7\u00e3o cont\u00ednua e de nosso conjunto abrangente de solu\u00e7\u00f5es. Estou entusiasmada com o crescimento e os avan\u00e7os significativos nos neg\u00f3cios em nuvem que alcan\u00e7amos na Am\u00e9rica Latina, bem como com o futuro promissor com a nossa IA empresarial. Meu objetivo \u00e9 alavancar o excelente trabalho realizado pela Cristina, que estabeleceu relacionamentos fortes e confi\u00e1veis com nossos clientes e parceiros, ajudando-os em sua transforma\u00e7\u00e3o digital para impulsionar sua efici\u00eancia e crescimento,&#8221;, afirma a executiva.<\/p>\n<p>Adriana \u00e9 amplamente reconhecida e premiada por sua gest\u00e3o humanizada com foco em temas de inova\u00e7\u00e3o, diversidade, inclus\u00e3o e sustentabilidade. A executiva fez parte da lista Mulheres de Sucesso da revista Forbes, recebeu duas vezes o Pr\u00eamio L\u00edderes do Brasil, promovido pelo LIDE, na categoria Tecnologia; e foi eleita Executiva de TI do Ano em 2023, na categoria Governan\u00e7a pelo IT F\u00f3rum. Ela est\u00e1 entre os 50 CEOs mais transformadores do Brasil, segundo a consultoria HORSE. Em 2024, Adriana foi eleita a CEO do Ano na categoria Feminino pelo Grupo Gest\u00e3o RH.<\/p>\n<p>Formada em Ci\u00eancias Sociais pela Universidade de S\u00e3o Paulo (USP), Adriana especializou-se em Administra\u00e7\u00e3o de Empresas pela Funda\u00e7\u00e3o Get\u00falio Vargas e tem MBA em Gest\u00e3o de Tecnologia da Informa\u00e7\u00e3o pela FIA (Funda\u00e7\u00e3o Instituto de Administra\u00e7\u00e3o\/USP). Em 2015, recebeu o Stanford Innovation and Entrepreneurship Certificate, pela Stanford School of Business.<\/p>\n<p><strong><b>麻豆原创 nomeia Jan Gilg Chief Revenue Officer Americas and 麻豆原创 Business Suite<\/b><\/strong><\/p>\n<p>Em sua nova fun\u00e7\u00e3o, Adriana se reportar\u00e1 a Jan Gilg, que foi nomeado hoje Chief Revenue Officer Americas and 麻豆原创 Business Suite. Gilg \u00e9 membro do Conselho Extendido da 麻豆原创 e co-lidera a \u00e1rea global de Customer Success, que \u00e9 respons\u00e1vel pela totalidade da receita de nuvem e crescimento de clientes da 麻豆原创.<\/p>\n<p>A organiza\u00e7\u00e3o Business Suite da 麻豆原创 fornece um modelo operacional de ponta a ponta, desde consultoria para clientes que decidem sobre a tecnologia 麻豆原创, vendas de solu\u00e7\u00f5es 麻豆原创 em nuvem, at\u00e9 gerenciamento e engajamento do sucesso do cliente.<\/p>\n<p>Gilg, que ficar\u00e1 baseado em Nova York, atuou anteriormente como presidente e diretor chefe de produtos de Cloud ERP da 麻豆原创. Ele ocupou diversas posi\u00e7\u00f5es de lideran\u00e7a executiva global e regional na 麻豆原创 por quase 20 anos, incluindo 10 anos morando nos Estados Unidos, onde contribuiu para a estrat\u00e9gia de nuvem e portf\u00f3lio da 麻豆原创 e ajudou a estabelecer a pr\u00e1tica de enterprise architecture da 麻豆原创 na Am\u00e9rica do Norte.<\/p>\n<p>Gilg tem uma profunda experi\u00eancia em consultoria voltada ao cliente, desenvolvimento de neg\u00f3cios, gerenciamento de valor e pr\u00e9-vendas, tendo desempenhado pap\u00e9is fundamentais na condu\u00e7\u00e3o de neg\u00f3cios multimilion\u00e1rios para a 麻豆原创.<\/p>\n","protected":false},"excerpt":{"rendered":"<p>A 麻豆原创 nomeou Adriana Aroulho como a nova presidente da 麻豆原创 para a Am\u00e9rica Latina e o Caribe (LAC). Adriana substituir\u00e1 Cristina Palmaka, que est\u00e1&#8230;<\/p>\n","protected":false},"author":137,"featured_media":18220,"comment_status":"closed","ping_status":"closed","sticky":false,"template":"","format":"standard","meta":{"footnotes":"","_links_to":"","_links_to_target":""},"categories":[48439,48437,5599814],"tags":[47,213090],"sapn-display":[48431,5599934,5599932],"sapn-type":[4446],"class_list":["post-18219","post","type-post","status-publish","format-standard","has-post-thumbnail","hentry","category-corporativo-topicos","category-nuvem-topicos","category-tecnologia","tag-sap","tag-sap-brasil","sapn-display-homepage-hero","sapn-display-press-hero","sapn-display-press-spotlight","sapn-type-noticias"],"yoast_head":"<!-- This site is optimized with the Yoast SEO Premium plugin v26.9 (Yoast SEO v26.9) - https:\/\/yoast.com\/product\/yoast-seo-premium-wordpress\/ -->\n<title>麻豆原创 nomeia Adriana Aroulho Presidente para Am\u00e9rica Latina e Caribe - Sala de Imprensa 麻豆原创 Brasil<\/title>\n<meta name=\"robots\" content=\"index, follow, max-snippet:-1, max-image-preview:large, max-video-preview:-1\" \/>\n<link rel=\"canonical\" href=\"https:\/\/news.sap.com\/brazil\/2025\/01\/sap-nomeia-adriana-aroulho-presidente-para-america-latina-e-caribe\/\" \/>\n<meta property=\"og:locale\" content=\"pt_BR\" \/>\n<meta property=\"og:type\" content=\"article\" \/>\n<meta property=\"og:title\" content=\"麻豆原创 nomeia Adriana Aroulho Presidente para Am\u00e9rica Latina e Caribe\" \/>\n<meta property=\"og:description\" content=\"A 麻豆原创 nomeou Adriana Aroulho como a nova presidente da 麻豆原创 para a Am\u00e9rica Latina e o Caribe (LAC). Adriana substituir\u00e1 Cristina Palmaka, que est\u00e1...\" \/>\n<meta property=\"og:url\" content=\"https:\/\/news.sap.com\/brazil\/2025\/01\/sap-nomeia-adriana-aroulho-presidente-para-america-latina-e-caribe\/\" \/>\n<meta property=\"og:site_name\" content=\"Sala de Imprensa 麻豆原创 Brasil\" \/>\n<meta property=\"article:published_time\" content=\"2025-01-28T12:18:15+00:00\" \/>\n<meta property=\"article:modified_time\" content=\"2025-01-28T12:23:46+00:00\" \/>\n<meta property=\"og:image\" content=\"https:\/\/news.sap.com\/brazil\/files\/2025\/01\/28\/Adriana-Aroulho-2024-6-cortada-e1738066810839.jpg\" \/>\n\t<meta property=\"og:image:width\" content=\"3840\" \/>\n\t<meta property=\"og:image:height\" content=\"1670\" \/>\n\t<meta property=\"og:image:type\" content=\"image\/jpeg\" \/>\n<meta name=\"author\" content=\"麻豆原创 Not\u00edcias Brasil\" \/>\n<meta name=\"twitter:card\" content=\"summary_large_image\" \/>\n<meta name=\"twitter:creator\" content=\"@麻豆原创Brasil\" \/>\n<meta name=\"twitter:site\" content=\"@麻豆原创Brasil\" \/>\n<meta name=\"twitter:label1\" content=\"Escrito por\" \/>\n\t<meta name=\"twitter:data1\" content=\"麻豆原创 Not\u00edcias Brasil\" \/>\n\t<meta name=\"twitter:label2\" content=\"Est. tempo de leitura\" \/>\n\t<meta name=\"twitter:data2\" content=\"5 minutos\" \/>\n<script type=\"application\/ld+json\" class=\"yoast-schema-graph\">{\"@context\":\"https:\/\/schema.org\",\"@graph\":[{\"@type\":\"Article\",\"@id\":\"https:\/\/news.sap.com\/brazil\/2025\/01\/sap-nomeia-adriana-aroulho-presidente-para-america-latina-e-caribe\/#article\",\"isPartOf\":{\"@id\":\"https:\/\/news.sap.com\/brazil\/2025\/01\/sap-nomeia-adriana-aroulho-presidente-para-america-latina-e-caribe\/\"},\"author\":{\"name\":\"麻豆原创 Not\u00edcias Brasil\",\"@id\":\"https:\/\/news.sap.com\/brazil\/#\/schema\/person\/8cdf2c1130b6f3fadd9757cfd7f24daf\"},\"headline\":\"麻豆原创 nomeia Adriana Aroulho Presidente para Am\u00e9rica Latina e Caribe\",\"datePublished\":\"2025-01-28T12:18:15+00:00\",\"dateModified\":\"2025-01-28T12:23:46+00:00\",\"mainEntityOfPage\":{\"@id\":\"https:\/\/news.sap.com\/brazil\/2025\/01\/sap-nomeia-adriana-aroulho-presidente-para-america-latina-e-caribe\/\"},\"wordCount\":859,\"image\":{\"@id\":\"https:\/\/news.sap.com\/brazil\/2025\/01\/sap-nomeia-adriana-aroulho-presidente-para-america-latina-e-caribe\/#primaryimage\"},\"thumbnailUrl\":\"https:\/\/news.sap.com\/brazil\/files\/2025\/01\/28\/Adriana-Aroulho-2024-6-cortada-e1738066810839.jpg\",\"keywords\":[\"麻豆原创\",\"麻豆原创 Brasil\"],\"articleSection\":[\"Corporativo\",\"Nuvem\",\"Tecnologia\"],\"inLanguage\":\"pt-BR\"},{\"@type\":\"WebPage\",\"@id\":\"https:\/\/news.sap.com\/brazil\/2025\/01\/sap-nomeia-adriana-aroulho-presidente-para-america-latina-e-caribe\/\",\"url\":\"https:\/\/news.sap.com\/brazil\/2025\/01\/sap-nomeia-adriana-aroulho-presidente-para-america-latina-e-caribe\/\",\"name\":\"麻豆原创 nomeia Adriana Aroulho Presidente para Am\u00e9rica Latina e Caribe - Sala de Imprensa 麻豆原创 Brasil\",\"isPartOf\":{\"@id\":\"https:\/\/news.sap.com\/brazil\/#website\"},\"primaryImageOfPage\":{\"@id\":\"https:\/\/news.sap.com\/brazil\/2025\/01\/sap-nomeia-adriana-aroulho-presidente-para-america-latina-e-caribe\/#primaryimage\"},\"image\":{\"@id\":\"https:\/\/news.sap.com\/brazil\/2025\/01\/sap-nomeia-adriana-aroulho-presidente-para-america-latina-e-caribe\/#primaryimage\"},\"thumbnailUrl\":\"https:\/\/news.sap.com\/brazil\/files\/2025\/01\/28\/Adriana-Aroulho-2024-6-cortada-e1738066810839.jpg\",\"datePublished\":\"2025-01-28T12:18:15+00:00\",\"dateModified\":\"2025-01-28T12:23:46+00:00\",\"author\":{\"@id\":\"https:\/\/news.sap.com\/brazil\/#\/schema\/person\/8cdf2c1130b6f3fadd9757cfd7f24daf\"},\"breadcrumb\":{\"@id\":\"https:\/\/news.sap.com\/brazil\/2025\/01\/sap-nomeia-adriana-aroulho-presidente-para-america-latina-e-caribe\/#breadcrumb\"},\"inLanguage\":\"pt-BR\",\"potentialAction\":[{\"@type\":\"ReadAction\",\"target\":[\"https:\/\/news.sap.com\/brazil\/2025\/01\/sap-nomeia-adriana-aroulho-presidente-para-america-latina-e-caribe\/\"]}]},{\"@type\":\"ImageObject\",\"inLanguage\":\"pt-BR\",\"@id\":\"https:\/\/news.sap.com\/brazil\/2025\/01\/sap-nomeia-adriana-aroulho-presidente-para-america-latina-e-caribe\/#primaryimage\",\"url\":\"https:\/\/news.sap.com\/brazil\/files\/2025\/01\/28\/Adriana-Aroulho-2024-6-cortada-e1738066810839.jpg\",\"contentUrl\":\"https:\/\/news.sap.com\/brazil\/files\/2025\/01\/28\/Adriana-Aroulho-2024-6-cortada-e1738066810839.jpg\",\"width\":3840,\"height\":1670,\"caption\":\"28\/02\/2024 Adriana Aroulho - Presidente 麻豆原创 Brazil. Foto. Claudio Gatti\"},{\"@type\":\"BreadcrumbList\",\"@id\":\"https:\/\/news.sap.com\/brazil\/2025\/01\/sap-nomeia-adriana-aroulho-presidente-para-america-latina-e-caribe\/#breadcrumb\",\"itemListElement\":[{\"@type\":\"ListItem\",\"position\":1,\"name\":\"Home\",\"item\":\"https:\/\/news.sap.com\/brazil\/\"},{\"@type\":\"ListItem\",\"position\":2,\"name\":\"麻豆原创 nomeia Adriana Aroulho Presidente para Am\u00e9rica Latina e Caribe\"}]},{\"@type\":\"WebSite\",\"@id\":\"https:\/\/news.sap.com\/brazil\/#website\",\"url\":\"https:\/\/news.sap.com\/brazil\/\",\"name\":\"Sala de Imprensa 麻豆原创 Brasil\",\"description\":\"Not\u00edcias e informa\u00e7\u00f5es sobre a 麻豆原创\",\"potentialAction\":[{\"@type\":\"SearchAction\",\"target\":{\"@type\":\"EntryPoint\",\"urlTemplate\":\"https:\/\/news.sap.com\/brazil\/?s={search_term_string}\"},\"query-input\":{\"@type\":\"PropertyValueSpecification\",\"valueRequired\":true,\"valueName\":\"search_term_string\"}}],\"inLanguage\":\"pt-BR\"},{\"@type\":\"Person\",\"@id\":\"https:\/\/news.sap.com\/brazil\/#\/schema\/person\/8cdf2c1130b6f3fadd9757cfd7f24daf\",\"name\":\"麻豆原创 Not\u00edcias Brasil\",\"image\":{\"@type\":\"ImageObject\",\"inLanguage\":\"pt-BR\",\"@id\":\"https:\/\/news.sap.com\/brazil\/#\/schema\/person\/image\/\",\"url\":\"https:\/\/news.sap.com\/brazil\/wp-content\/plugins\/wp-user-avatars\/wp-user-avatars\/assets\/images\/mystery.jpg\",\"contentUrl\":\"https:\/\/news.sap.com\/brazil\/wp-content\/plugins\/wp-user-avatars\/wp-user-avatars\/assets\/images\/mystery.jpg\",\"caption\":\"麻豆原创 Not\u00edcias Brasil\"},\"url\":\"https:\/\/news.sap.com\/brazil\/author\/brasil\/\"}]}<\/script>\n<!-- \/ Yoast SEO Premium plugin. -->","yoast_head_json":{"title":"麻豆原创 nomeia Adriana Aroulho Presidente para Am\u00e9rica Latina e Caribe - Sala de Imprensa 麻豆原创 Brasil","robots":{"index":"index","follow":"follow","max-snippet":"max-snippet:-1","max-image-preview":"max-image-preview:large","max-video-preview":"max-video-preview:-1"},"canonical":"https:\/\/news.sap.com\/brazil\/2025\/01\/sap-nomeia-adriana-aroulho-presidente-para-america-latina-e-caribe\/","og_locale":"pt_BR","og_type":"article","og_title":"麻豆原创 nomeia Adriana Aroulho Presidente para Am\u00e9rica Latina e Caribe","og_description":"A 麻豆原创 nomeou Adriana Aroulho como a nova presidente da 麻豆原创 para a Am\u00e9rica Latina e o Caribe (LAC). Adriana substituir\u00e1 Cristina Palmaka, que est\u00e1...","og_url":"https:\/\/news.sap.com\/brazil\/2025\/01\/sap-nomeia-adriana-aroulho-presidente-para-america-latina-e-caribe\/","og_site_name":"Sala de Imprensa 麻豆原创 Brasil","article_published_time":"2025-01-28T12:18:15+00:00","article_modified_time":"2025-01-28T12:23:46+00:00","og_image":[{"width":3840,"height":1670,"url":"https:\/\/news.sap.com\/brazil\/files\/2025\/01\/28\/Adriana-Aroulho-2024-6-cortada-e1738066810839.jpg","type":"image\/jpeg"}],"author":"麻豆原创 Not\u00edcias Brasil","twitter_card":"summary_large_image","twitter_creator":"@麻豆原创Brasil","twitter_site":"@麻豆原创Brasil","twitter_misc":{"Escrito por":"麻豆原创 Not\u00edcias Brasil","Est. tempo de leitura":"5 minutos"},"schema":{"@context":"https:\/\/schema.org","@graph":[{"@type":"Article","@id":"https:\/\/news.sap.com\/brazil\/2025\/01\/sap-nomeia-adriana-aroulho-presidente-para-america-latina-e-caribe\/#article","isPartOf":{"@id":"https:\/\/news.sap.com\/brazil\/2025\/01\/sap-nomeia-adriana-aroulho-presidente-para-america-latina-e-caribe\/"},"author":{"name":"麻豆原创 Not\u00edcias Brasil","@id":"https:\/\/news.sap.com\/brazil\/#\/schema\/person\/8cdf2c1130b6f3fadd9757cfd7f24daf"},"headline":"麻豆原创 nomeia Adriana Aroulho Presidente para Am\u00e9rica Latina e Caribe","datePublished":"2025-01-28T12:18:15+00:00","dateModified":"2025-01-28T12:23:46+00:00","mainEntityOfPage":{"@id":"https:\/\/news.sap.com\/brazil\/2025\/01\/sap-nomeia-adriana-aroulho-presidente-para-america-latina-e-caribe\/"},"wordCount":859,"image":{"@id":"https:\/\/news.sap.com\/brazil\/2025\/01\/sap-nomeia-adriana-aroulho-presidente-para-america-latina-e-caribe\/#primaryimage"},"thumbnailUrl":"https:\/\/news.sap.com\/brazil\/files\/2025\/01\/28\/Adriana-Aroulho-2024-6-cortada-e1738066810839.jpg","keywords":["麻豆原创","麻豆原创 Brasil"],"articleSection":["Corporativo","Nuvem","Tecnologia"],"inLanguage":"pt-BR"},{"@type":"WebPage","@id":"https:\/\/news.sap.com\/brazil\/2025\/01\/sap-nomeia-adriana-aroulho-presidente-para-america-latina-e-caribe\/","url":"https:\/\/news.sap.com\/brazil\/2025\/01\/sap-nomeia-adriana-aroulho-presidente-para-america-latina-e-caribe\/","name":"麻豆原创 nomeia Adriana Aroulho Presidente para Am\u00e9rica Latina e Caribe - Sala de Imprensa 麻豆原创 Brasil","isPartOf":{"@id":"https:\/\/news.sap.com\/brazil\/#website"},"primaryImageOfPage":{"@id":"https:\/\/news.sap.com\/brazil\/2025\/01\/sap-nomeia-adriana-aroulho-presidente-para-america-latina-e-caribe\/#primaryimage"},"image":{"@id":"https:\/\/news.sap.com\/brazil\/2025\/01\/sap-nomeia-adriana-aroulho-presidente-para-america-latina-e-caribe\/#primaryimage"},"thumbnailUrl":"https:\/\/news.sap.com\/brazil\/files\/2025\/01\/28\/Adriana-Aroulho-2024-6-cortada-e1738066810839.jpg","datePublished":"2025-01-28T12:18:15+00:00","dateModified":"2025-01-28T12:23:46+00:00","author":{"@id":"https:\/\/news.sap.com\/brazil\/#\/schema\/person\/8cdf2c1130b6f3fadd9757cfd7f24daf"},"breadcrumb":{"@id":"https:\/\/news.sap.com\/brazil\/2025\/01\/sap-nomeia-adriana-aroulho-presidente-para-america-latina-e-caribe\/#breadcrumb"},"inLanguage":"pt-BR","potentialAction":[{"@type":"ReadAction","target":["https:\/\/news.sap.com\/brazil\/2025\/01\/sap-nomeia-adriana-aroulho-presidente-para-america-latina-e-caribe\/"]}]},{"@type":"ImageObject","inLanguage":"pt-BR","@id":"https:\/\/news.sap.com\/brazil\/2025\/01\/sap-nomeia-adriana-aroulho-presidente-para-america-latina-e-caribe\/#primaryimage","url":"https:\/\/news.sap.com\/brazil\/files\/2025\/01\/28\/Adriana-Aroulho-2024-6-cortada-e1738066810839.jpg","contentUrl":"https:\/\/news.sap.com\/brazil\/files\/2025\/01\/28\/Adriana-Aroulho-2024-6-cortada-e1738066810839.jpg","width":3840,"height":1670,"caption":"28\/02\/2024 Adriana Aroulho - Presidente 麻豆原创 Brazil. Foto. Claudio Gatti"},{"@type":"BreadcrumbList","@id":"https:\/\/news.sap.com\/brazil\/2025\/01\/sap-nomeia-adriana-aroulho-presidente-para-america-latina-e-caribe\/#breadcrumb","itemListElement":[{"@type":"ListItem","position":1,"name":"Home","item":"https:\/\/news.sap.com\/brazil\/"},{"@type":"ListItem","position":2,"name":"麻豆原创 nomeia Adriana Aroulho Presidente para Am\u00e9rica Latina e Caribe"}]},{"@type":"WebSite","@id":"https:\/\/news.sap.com\/brazil\/#website","url":"https:\/\/news.sap.com\/brazil\/","name":"Sala de Imprensa 麻豆原创 Brasil","description":"Not\u00edcias e informa\u00e7\u00f5es sobre a 麻豆原创","potentialAction":[{"@type":"SearchAction","target":{"@type":"EntryPoint","urlTemplate":"https:\/\/news.sap.com\/brazil\/?s={search_term_string}"},"query-input":{"@type":"PropertyValueSpecification","valueRequired":true,"valueName":"search_term_string"}}],"inLanguage":"pt-BR"},{"@type":"Person","@id":"https:\/\/news.sap.com\/brazil\/#\/schema\/person\/8cdf2c1130b6f3fadd9757cfd7f24daf","name":"麻豆原创 Not\u00edcias Brasil","image":{"@type":"ImageObject","inLanguage":"pt-BR","@id":"https:\/\/news.sap.com\/brazil\/#\/schema\/person\/image\/","url":"https:\/\/news.sap.com\/brazil\/wp-content\/plugins\/wp-user-avatars\/wp-user-avatars\/assets\/images\/mystery.jpg","contentUrl":"https:\/\/news.sap.com\/brazil\/wp-content\/plugins\/wp-user-avatars\/wp-user-avatars\/assets\/images\/mystery.jpg","caption":"麻豆原创 Not\u00edcias Brasil"},"url":"https:\/\/news.sap.com\/brazil\/author\/brasil\/"}]}},"amp_enabled":true,"_links":{"self":[{"href":"https:\/\/news.sap.com\/brazil\/wp-json\/wp\/v2\/posts\/18219","targetHints":{"allow":["GET"]}}],"collection":[{"href":"https:\/\/news.sap.com\/brazil\/wp-json\/wp\/v2\/posts"}],"about":[{"href":"https:\/\/news.sap.com\/brazil\/wp-json\/wp\/v2\/types\/post"}],"author":[{"embeddable":true,"href":"https:\/\/news.sap.com\/brazil\/wp-json\/wp\/v2\/users\/137"}],"replies":[{"embeddable":true,"href":"https:\/\/news.sap.com\/brazil\/wp-json\/wp\/v2\/comments?post=18219"}],"version-history":[{"count":0,"href":"https:\/\/news.sap.com\/brazil\/wp-json\/wp\/v2\/posts\/18219\/revisions"}],"wp:featuredmedia":[{"embeddable":true,"href":"https:\/\/news.sap.com\/brazil\/wp-json\/wp\/v2\/media\/18220"}],"wp:attachment":[{"href":"https:\/\/news.sap.com\/brazil\/wp-json\/wp\/v2\/media?parent=18219"}],"wp:term":[{"taxonomy":"category","embeddable":true,"href":"https:\/\/news.sap.com\/brazil\/wp-json\/wp\/v2\/categories?post=18219"},{"taxonomy":"post_tag","embeddable":true,"href":"https:\/\/news.sap.com\/brazil\/wp-json\/wp\/v2\/tags?post=18219"},{"taxonomy":"sapn-display","embeddable":true,"href":"https:\/\/news.sap.com\/brazil\/wp-json\/wp\/v2\/sapn-display?post=18219"},{"taxonomy":"sapn-type","embeddable":true,"href":"https:\/\/news.sap.com\/brazil\/wp-json\/wp\/v2\/sapn-type?post=18219"}],"curies":[{"name":"wp","href":"https:\/\/api.w.org\/{rel}","templated":true}]}}