  {"id":17907,"date":"2024-06-06T08:00:52","date_gmt":"2024-06-06T11:00:52","guid":{"rendered":"https:\/\/news.sap.com\/brazil\/?p=17907"},"modified":"2025-06-05T16:38:28","modified_gmt":"2025-06-05T19:38:28","slug":"pride-month-diversidade-e-inclusao-como-agente-de-mudanca-no-mundo-corporativo-bl0g-2","status":"publish","type":"post","link":"https:\/\/news.sap.com\/brazil\/2024\/06\/pride-month-diversidade-e-inclusao-como-agente-de-mudanca-no-mundo-corporativo-bl0g-2\/","title":{"rendered":"Pride Month: diversidade e inclus\u00e3o como agente de mudan\u00e7a no mundo corporativo"},"content":{"rendered":"<p class=\"lead\"><span data-contrast=\"auto\">Pride Month: dados sobre Diversidade, Equidade e Inclus\u00e3o refletem os benef\u00edcios para o mercado.<\/span><span data-ccp-props=\"{&quot;201341983&quot;:0,&quot;335559739&quot;:160,&quot;335559740&quot;:259}\">\u00a0<\/span><\/p>\n<p><span data-contrast=\"auto\">Na 麻豆原创, a diversidade e inclus\u00e3o importam o ano todo, mas em junho, temos a oportunidade de levantar mais alto essa bandeira e falar sobre como esse pilar pode beneficiar empresas, colaboradores e a sociedade.<\/span><span data-ccp-props=\"{&quot;201341983&quot;:0,&quot;335559739&quot;:160,&quot;335559740&quot;:259}\">\u00a0<\/span><\/p>\n<p><span data-contrast=\"auto\">Vivemos mudan\u00e7as profundas no ambiente de neg\u00f3cios nos \u00faltimos anos, mas empresas com equipes de lideran\u00e7a diversificadas continuam associadas a retornos financeiros mais elevados, \u00e9 o que revela o relat\u00f3rio &#8220;<\/span><a href=\"https:\/\/www.mckinsey.com\/featured-insights\/diversity-and-inclusion\/diversity-matters-even-more-the-case-for-holistic-impact#\/\" target=\"_blank\" rel=\"noopener\"><span data-contrast=\"none\">A diversidade \u00e9 ainda mais importante<\/span><\/a><span data-contrast=\"auto\">&#8220;, da s\u00e9rie de relat\u00f3rios Diversity Matters desenvolvidos pela McKinsey. Se em 2015 empresas com diversidade de g\u00eanero tinham uma probabilidade 15% maior de desempenho financeiro superior, este ano, esse n\u00famero chega a 39%.\u00a0<\/span><span data-ccp-props=\"{&quot;201341983&quot;:0,&quot;335559739&quot;:160,&quot;335559740&quot;:259}\">\u00a0<\/span><\/p>\n<p><span data-contrast=\"auto\">A pesquisa &#8220;<\/span><a href=\"https:\/\/www2.deloitte.com\/br\/pt\/pages\/about-deloitte\/articles\/pesquisa-diversidade-inclusao-organizacoes.html\" target=\"_blank\" rel=\"noopener\"><span data-contrast=\"none\">Diversidade, Equidade e Inclus\u00e3o nas Organiza\u00e7\u00f5es 2023<\/span><\/a><span data-contrast=\"auto\">&#8220;, realizada pela consultoria Deloitte, mostra que 96% das organiza\u00e7\u00f5es participantes afirmam que iniciativas de Diversidade, Equidade e Inclus\u00e3o (DE&amp;I) promovem um ambiente mais acolhedor, 95% que melhoram a qualidade da for\u00e7a de trabalho e geram valor. Al\u00e9m disso, nove em cada dez acreditam que as pr\u00e1ticas de DE&amp;I aumentam a reten\u00e7\u00e3o de profissionais e contribuem para a inova\u00e7\u00e3o e o uso de novas tecnologias.<\/span><span data-ccp-props=\"{&quot;201341983&quot;:0,&quot;335559739&quot;:160,&quot;335559740&quot;:259}\">\u00a0<\/span><\/p>\n<p><span data-contrast=\"auto\">Os n\u00fameros e os ganhos s\u00e3o importantes, mas ao construir uma cultura inclusiva as empresas podem tra\u00e7ar um caminho para o impacto que vai al\u00e9m do desempenho financeiro.<\/span><span data-ccp-props=\"{&quot;201341983&quot;:0,&quot;335559739&quot;:160,&quot;335559740&quot;:259}\">\u00a0<\/span><\/p>\n<p><span data-contrast=\"auto\">Durante o levantamento de seu relat\u00f3rio, a McKinsey conduziu entrevistas com l\u00edderes de DE&amp;I que partilharam ideias valiosas, revelando cinco estrat\u00e9gias para transformar efetivamente palavras em a\u00e7\u00f5es:<\/span><span data-ccp-props=\"{&quot;201341983&quot;:0,&quot;335559739&quot;:160,&quot;335559740&quot;:259}\">\u00a0<\/span><\/p>\n<h3><b><span data-contrast=\"auto\">Comprometa-se\u00a0<\/span><\/b><span data-ccp-props=\"{&quot;201341983&quot;:0,&quot;335559739&quot;:160,&quot;335559740&quot;:259}\">\u00a0<\/span><\/h3>\n<p><span data-contrast=\"auto\">As empresas devem perseguir as suas aspira\u00e7\u00f5es de D&amp;I, interna e publicamente, como fundamentais para a sua miss\u00e3o e incorporadas aos seus objetivos estrat\u00e9gicos.<\/span><span data-ccp-props=\"{&quot;201341983&quot;:0,&quot;335559739&quot;:160,&quot;335559740&quot;:259}\">\u00a0<\/span><\/p>\n<h3><b><span data-contrast=\"auto\">Incorpore\u00a0<\/span><\/b><span data-ccp-props=\"{&quot;201341983&quot;:0,&quot;335559739&quot;:160,&quot;335559740&quot;:259}\">\u00a0<\/span><\/h3>\n<p><span data-contrast=\"auto\">Integre sua estrat\u00e9gia de D&amp;I \u00e0s iniciativas de neg\u00f3cios em toda a empresa e adapte-a a cada contexto. Dar \u00e0s equipes licen\u00e7a para se adaptarem aos seus contextos \u00e9 fundamental para construir propriedade e impacto local.\u00a0<\/span><span data-ccp-props=\"{&quot;201341983&quot;:0,&quot;335559739&quot;:160,&quot;335559740&quot;:259}\">\u00a0<\/span><\/p>\n<h3><b><span data-contrast=\"auto\">Priorize\u00a0<\/span><\/b><span data-ccp-props=\"{&quot;201341983&quot;:0,&quot;335559739&quot;:160,&quot;335559740&quot;:259}\">\u00a0<\/span><\/h3>\n<p><span data-contrast=\"auto\">Favore\u00e7a pr\u00e1ticas de pertencimento para desbloquear o desempenho. A representa\u00e7\u00e3o diversificada ter\u00e1 o maior impacto numa cultura que promove a inclus\u00e3o e a perten\u00e7a \u2013 o que tamb\u00e9m facilita a reten\u00e7\u00e3o de talentos diversos, a inova\u00e7\u00e3o e a centraliza\u00e7\u00e3o no cliente.\u00a0<\/span><span data-ccp-props=\"{&quot;201341983&quot;:0,&quot;335559739&quot;:160,&quot;335559740&quot;:259}\">\u00a0<\/span><\/p>\n<h3><b><span data-contrast=\"auto\">Encoraje<\/span><\/b><span data-ccp-props=\"{&quot;201341983&quot;:0,&quot;335559739&quot;:160,&quot;335559740&quot;:259}\">\u00a0<\/span><\/h3>\n<p><span data-contrast=\"auto\">Estimule l\u00edderes e aliados, fornecendo recursos e apoio adequados. Empresas que reconhecem os esfor\u00e7os de D&amp;I e proporcionam um ambiente de apoio podem ajudar estes l\u00edderes a prosperar. Este apoio pode incluir orienta\u00e7\u00e3o e patroc\u00ednio, bem como encorajar e reconhecer esses aliados.\u00a0<\/span><span data-ccp-props=\"{&quot;201341983&quot;:0,&quot;335559739&quot;:160,&quot;335559740&quot;:259}\">\u00a0<\/span><\/p>\n<h3><b><span data-contrast=\"auto\">Aja\u00a0<\/span><\/b><span data-ccp-props=\"{&quot;201341983&quot;:0,&quot;335559739&quot;:160,&quot;335559740&quot;:259}\">\u00a0<\/span><\/h3>\n<p><span data-contrast=\"auto\">Desenvolva uma cultura de feedback. L\u00edderes podem usar pesquisas de rotina para coletar feedback interno e acompanhar a opini\u00e3o externa.<\/span><span data-ccp-props=\"{&quot;201341983&quot;:0,&quot;335559739&quot;:160,&quot;335559740&quot;:259}\">\u00a0<\/span><\/p>\n<p><span data-contrast=\"auto\">Conhe\u00e7a todas as <\/span><a href=\"https:\/\/www.sap.com\/brazil\/about\/company\/our-values\/diversity.html\" target=\"_blank\" rel=\"noopener\"><span data-contrast=\"none\">iniciativas e programas da 麻豆原创<\/span><\/a><span data-contrast=\"auto\"> a favor da diversidade, equidade e inclus\u00e3o.\u00a0<\/span><span data-ccp-props=\"{&quot;201341983&quot;:0,&quot;335559739&quot;:160,&quot;335559740&quot;:259}\">\u00a0<\/span><\/p>\n<p><span data-contrast=\"auto\">Acompanhe mais novidades nos canais de comunica\u00e7\u00e3o da 麻豆原创:\u00a0 <\/span><a href=\"https:\/\/www.facebook.com\/麻豆原创\/\"><span data-contrast=\"none\">Facebook\u202f<\/span><\/a><span data-contrast=\"none\">\/\u202f<\/span><a href=\"https:\/\/twitter.com\/麻豆原创Brasil%22%20\/t%20%22_blank\"><span data-contrast=\"none\">Twitter<\/span><span data-contrast=\"none\">\u202f<\/span><\/a><span data-contrast=\"none\">\/\u202f<\/span><a href=\"https:\/\/www.linkedin.com\/company\/1115\/%22%20\/t%20%22_blank\"><span data-contrast=\"none\">LinkedIn<\/span><span data-contrast=\"none\">\u202f<\/span><\/a><span data-contrast=\"none\">\/\u202f<\/span><a href=\"https:\/\/www.instagram.com\/sap_brasil\/%22%20\/t%20%22_blank\"><span data-contrast=\"none\">Instagram<\/span><\/a><span data-contrast=\"none\">\u00a0<\/span><span data-ccp-props=\"{&quot;201341983&quot;:0,&quot;335559739&quot;:160,&quot;335559740&quot;:259}\">\u00a0<\/span><\/p>\n<p><span data-contrast=\"none\">\u00a9 202<\/span><span data-contrast=\"none\">4<\/span><span data-contrast=\"none\"> 麻豆原创 SE. All rights reserved. 麻豆原创 and other 麻豆原创 products and services mentioned here in as well as their respective logos are trademarks or registered trademarks of 麻豆原创 SE in Germany and other countries. Please see <\/span><a href=\"http:\/\/www.sap.com\/corporate-en\/legal\/copyright\/index.epx%22%20\/l%20%22trademark\"><span data-contrast=\"none\">http:\/\/www.sap.com\/corporate-en\/legal\/copyright\/index.epx#trademark<\/span><\/a><span data-contrast=\"none\"> for additional trademark information and notices.<\/span><span data-ccp-props=\"{&quot;201341983&quot;:0,&quot;335559739&quot;:200,&quot;335559740&quot;:259}\">\u00a0<\/span><\/p>\n","protected":false},"excerpt":{"rendered":"<p>Pride Month: dados sobre Diversidade, Equidade e Inclus\u00e3o refletem os benef\u00edcios para o mercado.\u00a0 Na 麻豆原创, a diversidade e inclus\u00e3o importam o ano todo, mas&#8230;<\/p>\n","protected":false},"author":561,"featured_media":17909,"comment_status":"closed","ping_status":"closed","sticky":false,"template":"","format":"standard","meta":{"footnotes":"","_links_to":"","_links_to_target":""},"categories":[48439,48444],"tags":[5599413,1032189,5599753],"sapn-display":[5599931,48431,48433],"sapn-type":[6114],"class_list":["post-17907","post","type-post","status-publish","format-standard","has-post-thumbnail","hentry","category-corporativo-topicos","category-recursos-humanos-topicos","tag-di","tag-diversidade-e-inclusao","tag-pride-month","sapn-display-feature-spotlight","sapn-display-homepage-hero","sapn-display-hero","sapn-type-artigo"],"yoast_head":"<!-- This site is optimized with the Yoast SEO Premium plugin v26.9 (Yoast SEO v26.9) - https:\/\/yoast.com\/product\/yoast-seo-premium-wordpress\/ -->\n<title>Pride Month: diversidade e inclus\u00e3o como agente de mudan\u00e7a no mundo corporativo - Sala de Imprensa 麻豆原创 Brasil<\/title>\n<meta name=\"description\" content=\"Pride Month: dados sobre Diversidade, Equidade e Inclus\u00e3o refletem os benef\u00edcios para o mercado.\" \/>\n<meta name=\"robots\" content=\"index, follow, max-snippet:-1, max-image-preview:large, max-video-preview:-1\" \/>\n<link rel=\"canonical\" href=\"https:\/\/news.sap.com\/brazil\/2024\/06\/pride-month-diversidade-e-inclusao-como-agente-de-mudanca-no-mundo-corporativo-bl0g-2\/\" \/>\n<meta property=\"og:locale\" content=\"pt_BR\" \/>\n<meta property=\"og:type\" content=\"article\" \/>\n<meta property=\"og:title\" content=\"Pride Month: diversidade e inclus\u00e3o como agente de mudan\u00e7a no mundo corporativo Pride Month: diversidade e inclus\u00e3o como agente de mudan\u00e7a no mundo corporativo\" \/>\n<meta property=\"og:description\" content=\"Pride Month: dados sobre Diversidade, Equidade e Inclus\u00e3o refletem os benef\u00edcios para o mercado.\" \/>\n<meta property=\"og:url\" content=\"https:\/\/news.sap.com\/brazil\/2024\/06\/pride-month-diversidade-e-inclusao-como-agente-de-mudanca-no-mundo-corporativo-bl0g-2\/\" \/>\n<meta property=\"og:site_name\" content=\"Sala de Imprensa 麻豆原创 Brasil\" \/>\n<meta property=\"article:published_time\" content=\"2024-06-06T11:00:52+00:00\" \/>\n<meta property=\"article:modified_time\" content=\"2025-06-05T19:38:28+00:00\" \/>\n<meta property=\"og:image\" content=\"https:\/\/news.sap.com\/brazil\/files\/2024\/05\/19\/5Blog_565x292.png\" \/>\n\t<meta property=\"og:image:width\" content=\"565\" \/>\n\t<meta property=\"og:image:height\" content=\"292\" \/>\n\t<meta property=\"og:image:type\" content=\"image\/png\" \/>\n<meta name=\"author\" content=\"麻豆原创 Brasil\" \/>\n<meta name=\"twitter:card\" content=\"summary_large_image\" \/>\n<meta name=\"twitter:title\" content=\"Pride Month: diversidade e inclus\u00e3o como agente de mudan\u00e7a no mundo corporativo\" \/>\n<meta name=\"twitter:creator\" content=\"@麻豆原创Brasil\" \/>\n<meta name=\"twitter:site\" content=\"@麻豆原创Brasil\" \/>\n<meta name=\"twitter:label1\" content=\"Escrito por\" \/>\n\t<meta name=\"twitter:data1\" content=\"麻豆原创 Brasil\" \/>\n\t<meta name=\"twitter:label2\" content=\"Est. tempo de leitura\" \/>\n\t<meta name=\"twitter:data2\" content=\"3 minutos\" \/>\n<script type=\"application\/ld+json\" class=\"yoast-schema-graph\">{\"@context\":\"https:\/\/schema.org\",\"@graph\":[{\"@type\":\"Article\",\"@id\":\"https:\/\/news.sap.com\/brazil\/2024\/06\/pride-month-diversidade-e-inclusao-como-agente-de-mudanca-no-mundo-corporativo-bl0g-2\/#article\",\"isPartOf\":{\"@id\":\"https:\/\/news.sap.com\/brazil\/2024\/06\/pride-month-diversidade-e-inclusao-como-agente-de-mudanca-no-mundo-corporativo-bl0g-2\/\"},\"author\":{\"name\":\"麻豆原创 Brasil\",\"@id\":\"https:\/\/news.sap.com\/brazil\/#\/schema\/person\/1cfc5d6de5ffdc23f1f3b1670a90ae3c\"},\"headline\":\"Pride Month: diversidade e inclus\u00e3o como agente de mudan\u00e7a no mundo corporativo\",\"datePublished\":\"2024-06-06T11:00:52+00:00\",\"dateModified\":\"2025-06-05T19:38:28+00:00\",\"mainEntityOfPage\":{\"@id\":\"https:\/\/news.sap.com\/brazil\/2024\/06\/pride-month-diversidade-e-inclusao-como-agente-de-mudanca-no-mundo-corporativo-bl0g-2\/\"},\"wordCount\":563,\"image\":{\"@id\":\"https:\/\/news.sap.com\/brazil\/2024\/06\/pride-month-diversidade-e-inclusao-como-agente-de-mudanca-no-mundo-corporativo-bl0g-2\/#primaryimage\"},\"thumbnailUrl\":\"https:\/\/news.sap.com\/brazil\/files\/2024\/05\/19\/5Blog_1920x600.png\",\"keywords\":[\"D&amp;I\",\"Diversidade e inclus\u00e3o\",\"Pride Month\"],\"articleSection\":[\"Corporativo\",\"Gest\u00e3o do capital humano\"],\"inLanguage\":\"pt-BR\"},{\"@type\":\"WebPage\",\"@id\":\"https:\/\/news.sap.com\/brazil\/2024\/06\/pride-month-diversidade-e-inclusao-como-agente-de-mudanca-no-mundo-corporativo-bl0g-2\/\",\"url\":\"https:\/\/news.sap.com\/brazil\/2024\/06\/pride-month-diversidade-e-inclusao-como-agente-de-mudanca-no-mundo-corporativo-bl0g-2\/\",\"name\":\"Pride Month: diversidade e inclus\u00e3o como agente de mudan\u00e7a no mundo corporativo - Sala de Imprensa 麻豆原创 Brasil\",\"isPartOf\":{\"@id\":\"https:\/\/news.sap.com\/brazil\/#website\"},\"primaryImageOfPage\":{\"@id\":\"https:\/\/news.sap.com\/brazil\/2024\/06\/pride-month-diversidade-e-inclusao-como-agente-de-mudanca-no-mundo-corporativo-bl0g-2\/#primaryimage\"},\"image\":{\"@id\":\"https:\/\/news.sap.com\/brazil\/2024\/06\/pride-month-diversidade-e-inclusao-como-agente-de-mudanca-no-mundo-corporativo-bl0g-2\/#primaryimage\"},\"thumbnailUrl\":\"https:\/\/news.sap.com\/brazil\/files\/2024\/05\/19\/5Blog_1920x600.png\",\"datePublished\":\"2024-06-06T11:00:52+00:00\",\"dateModified\":\"2025-06-05T19:38:28+00:00\",\"author\":{\"@id\":\"https:\/\/news.sap.com\/brazil\/#\/schema\/person\/1cfc5d6de5ffdc23f1f3b1670a90ae3c\"},\"description\":\"Pride Month: dados sobre Diversidade, Equidade e Inclus\u00e3o refletem os benef\u00edcios para o mercado.\",\"breadcrumb\":{\"@id\":\"https:\/\/news.sap.com\/brazil\/2024\/06\/pride-month-diversidade-e-inclusao-como-agente-de-mudanca-no-mundo-corporativo-bl0g-2\/#breadcrumb\"},\"inLanguage\":\"pt-BR\",\"potentialAction\":[{\"@type\":\"ReadAction\",\"target\":[\"https:\/\/news.sap.com\/brazil\/2024\/06\/pride-month-diversidade-e-inclusao-como-agente-de-mudanca-no-mundo-corporativo-bl0g-2\/\"]}]},{\"@type\":\"ImageObject\",\"inLanguage\":\"pt-BR\",\"@id\":\"https:\/\/news.sap.com\/brazil\/2024\/06\/pride-month-diversidade-e-inclusao-como-agente-de-mudanca-no-mundo-corporativo-bl0g-2\/#primaryimage\",\"url\":\"https:\/\/news.sap.com\/brazil\/files\/2024\/05\/19\/5Blog_1920x600.png\",\"contentUrl\":\"https:\/\/news.sap.com\/brazil\/files\/2024\/05\/19\/5Blog_1920x600.png\",\"width\":1920,\"height\":600},{\"@type\":\"BreadcrumbList\",\"@id\":\"https:\/\/news.sap.com\/brazil\/2024\/06\/pride-month-diversidade-e-inclusao-como-agente-de-mudanca-no-mundo-corporativo-bl0g-2\/#breadcrumb\",\"itemListElement\":[{\"@type\":\"ListItem\",\"position\":1,\"name\":\"Home\",\"item\":\"https:\/\/news.sap.com\/brazil\/\"},{\"@type\":\"ListItem\",\"position\":2,\"name\":\"Pride Month: diversidade e inclus\u00e3o como agente de mudan\u00e7a no mundo corporativo\"}]},{\"@type\":\"WebSite\",\"@id\":\"https:\/\/news.sap.com\/brazil\/#website\",\"url\":\"https:\/\/news.sap.com\/brazil\/\",\"name\":\"Sala de Imprensa 麻豆原创 Brasil\",\"description\":\"Not\u00edcias e informa\u00e7\u00f5es sobre a 麻豆原创\",\"potentialAction\":[{\"@type\":\"SearchAction\",\"target\":{\"@type\":\"EntryPoint\",\"urlTemplate\":\"https:\/\/news.sap.com\/brazil\/?s={search_term_string}\"},\"query-input\":{\"@type\":\"PropertyValueSpecification\",\"valueRequired\":true,\"valueName\":\"search_term_string\"}}],\"inLanguage\":\"pt-BR\"},{\"@type\":\"Person\",\"@id\":\"https:\/\/news.sap.com\/brazil\/#\/schema\/person\/1cfc5d6de5ffdc23f1f3b1670a90ae3c\",\"name\":\"麻豆原创 Brasil\",\"image\":{\"@type\":\"ImageObject\",\"inLanguage\":\"pt-BR\",\"@id\":\"https:\/\/news.sap.com\/brazil\/#\/schema\/person\/image\/\",\"url\":\"https:\/\/news.sap.com\/brazil\/wp-content\/plugins\/wp-user-avatars\/wp-user-avatars\/assets\/images\/mystery.jpg\",\"contentUrl\":\"https:\/\/news.sap.com\/brazil\/wp-content\/plugins\/wp-user-avatars\/wp-user-avatars\/assets\/images\/mystery.jpg\",\"caption\":\"麻豆原创 Brasil\"},\"url\":\"https:\/\/news.sap.com\/brazil\/author\/raquelcasciato\/\"}]}<\/script>\n<!-- \/ Yoast SEO Premium plugin. -->","yoast_head_json":{"title":"Pride Month: diversidade e inclus\u00e3o como agente de mudan\u00e7a no mundo corporativo - Sala de Imprensa 麻豆原创 Brasil","description":"Pride Month: dados sobre Diversidade, Equidade e Inclus\u00e3o refletem os benef\u00edcios para o mercado.","robots":{"index":"index","follow":"follow","max-snippet":"max-snippet:-1","max-image-preview":"max-image-preview:large","max-video-preview":"max-video-preview:-1"},"canonical":"https:\/\/news.sap.com\/brazil\/2024\/06\/pride-month-diversidade-e-inclusao-como-agente-de-mudanca-no-mundo-corporativo-bl0g-2\/","og_locale":"pt_BR","og_type":"article","og_title":"Pride Month: diversidade e inclus\u00e3o como agente de mudan\u00e7a no mundo corporativo Pride Month: diversidade e inclus\u00e3o como agente de mudan\u00e7a no mundo corporativo","og_description":"Pride Month: dados sobre Diversidade, Equidade e Inclus\u00e3o refletem os benef\u00edcios para o mercado.","og_url":"https:\/\/news.sap.com\/brazil\/2024\/06\/pride-month-diversidade-e-inclusao-como-agente-de-mudanca-no-mundo-corporativo-bl0g-2\/","og_site_name":"Sala de Imprensa 麻豆原创 Brasil","article_published_time":"2024-06-06T11:00:52+00:00","article_modified_time":"2025-06-05T19:38:28+00:00","og_image":[{"width":565,"height":292,"url":"https:\/\/news.sap.com\/brazil\/files\/2024\/05\/19\/5Blog_565x292.png","type":"image\/png"}],"author":"麻豆原创 Brasil","twitter_card":"summary_large_image","twitter_title":"Pride Month: diversidade e inclus\u00e3o como agente de mudan\u00e7a no mundo corporativo","twitter_creator":"@麻豆原创Brasil","twitter_site":"@麻豆原创Brasil","twitter_misc":{"Escrito por":"麻豆原创 Brasil","Est. tempo de leitura":"3 minutos"},"schema":{"@context":"https:\/\/schema.org","@graph":[{"@type":"Article","@id":"https:\/\/news.sap.com\/brazil\/2024\/06\/pride-month-diversidade-e-inclusao-como-agente-de-mudanca-no-mundo-corporativo-bl0g-2\/#article","isPartOf":{"@id":"https:\/\/news.sap.com\/brazil\/2024\/06\/pride-month-diversidade-e-inclusao-como-agente-de-mudanca-no-mundo-corporativo-bl0g-2\/"},"author":{"name":"麻豆原创 Brasil","@id":"https:\/\/news.sap.com\/brazil\/#\/schema\/person\/1cfc5d6de5ffdc23f1f3b1670a90ae3c"},"headline":"Pride Month: diversidade e inclus\u00e3o como agente de mudan\u00e7a no mundo corporativo","datePublished":"2024-06-06T11:00:52+00:00","dateModified":"2025-06-05T19:38:28+00:00","mainEntityOfPage":{"@id":"https:\/\/news.sap.com\/brazil\/2024\/06\/pride-month-diversidade-e-inclusao-como-agente-de-mudanca-no-mundo-corporativo-bl0g-2\/"},"wordCount":563,"image":{"@id":"https:\/\/news.sap.com\/brazil\/2024\/06\/pride-month-diversidade-e-inclusao-como-agente-de-mudanca-no-mundo-corporativo-bl0g-2\/#primaryimage"},"thumbnailUrl":"https:\/\/news.sap.com\/brazil\/files\/2024\/05\/19\/5Blog_1920x600.png","keywords":["D&amp;I","Diversidade e inclus\u00e3o","Pride Month"],"articleSection":["Corporativo","Gest\u00e3o do capital humano"],"inLanguage":"pt-BR"},{"@type":"WebPage","@id":"https:\/\/news.sap.com\/brazil\/2024\/06\/pride-month-diversidade-e-inclusao-como-agente-de-mudanca-no-mundo-corporativo-bl0g-2\/","url":"https:\/\/news.sap.com\/brazil\/2024\/06\/pride-month-diversidade-e-inclusao-como-agente-de-mudanca-no-mundo-corporativo-bl0g-2\/","name":"Pride Month: diversidade e inclus\u00e3o como agente de mudan\u00e7a no mundo corporativo - Sala de Imprensa 麻豆原创 Brasil","isPartOf":{"@id":"https:\/\/news.sap.com\/brazil\/#website"},"primaryImageOfPage":{"@id":"https:\/\/news.sap.com\/brazil\/2024\/06\/pride-month-diversidade-e-inclusao-como-agente-de-mudanca-no-mundo-corporativo-bl0g-2\/#primaryimage"},"image":{"@id":"https:\/\/news.sap.com\/brazil\/2024\/06\/pride-month-diversidade-e-inclusao-como-agente-de-mudanca-no-mundo-corporativo-bl0g-2\/#primaryimage"},"thumbnailUrl":"https:\/\/news.sap.com\/brazil\/files\/2024\/05\/19\/5Blog_1920x600.png","datePublished":"2024-06-06T11:00:52+00:00","dateModified":"2025-06-05T19:38:28+00:00","author":{"@id":"https:\/\/news.sap.com\/brazil\/#\/schema\/person\/1cfc5d6de5ffdc23f1f3b1670a90ae3c"},"description":"Pride Month: dados sobre Diversidade, Equidade e Inclus\u00e3o refletem os benef\u00edcios para o mercado.","breadcrumb":{"@id":"https:\/\/news.sap.com\/brazil\/2024\/06\/pride-month-diversidade-e-inclusao-como-agente-de-mudanca-no-mundo-corporativo-bl0g-2\/#breadcrumb"},"inLanguage":"pt-BR","potentialAction":[{"@type":"ReadAction","target":["https:\/\/news.sap.com\/brazil\/2024\/06\/pride-month-diversidade-e-inclusao-como-agente-de-mudanca-no-mundo-corporativo-bl0g-2\/"]}]},{"@type":"ImageObject","inLanguage":"pt-BR","@id":"https:\/\/news.sap.com\/brazil\/2024\/06\/pride-month-diversidade-e-inclusao-como-agente-de-mudanca-no-mundo-corporativo-bl0g-2\/#primaryimage","url":"https:\/\/news.sap.com\/brazil\/files\/2024\/05\/19\/5Blog_1920x600.png","contentUrl":"https:\/\/news.sap.com\/brazil\/files\/2024\/05\/19\/5Blog_1920x600.png","width":1920,"height":600},{"@type":"BreadcrumbList","@id":"https:\/\/news.sap.com\/brazil\/2024\/06\/pride-month-diversidade-e-inclusao-como-agente-de-mudanca-no-mundo-corporativo-bl0g-2\/#breadcrumb","itemListElement":[{"@type":"ListItem","position":1,"name":"Home","item":"https:\/\/news.sap.com\/brazil\/"},{"@type":"ListItem","position":2,"name":"Pride Month: diversidade e inclus\u00e3o como agente de mudan\u00e7a no mundo corporativo"}]},{"@type":"WebSite","@id":"https:\/\/news.sap.com\/brazil\/#website","url":"https:\/\/news.sap.com\/brazil\/","name":"Sala de Imprensa 麻豆原创 Brasil","description":"Not\u00edcias e informa\u00e7\u00f5es sobre a 麻豆原创","potentialAction":[{"@type":"SearchAction","target":{"@type":"EntryPoint","urlTemplate":"https:\/\/news.sap.com\/brazil\/?s={search_term_string}"},"query-input":{"@type":"PropertyValueSpecification","valueRequired":true,"valueName":"search_term_string"}}],"inLanguage":"pt-BR"},{"@type":"Person","@id":"https:\/\/news.sap.com\/brazil\/#\/schema\/person\/1cfc5d6de5ffdc23f1f3b1670a90ae3c","name":"麻豆原创 Brasil","image":{"@type":"ImageObject","inLanguage":"pt-BR","@id":"https:\/\/news.sap.com\/brazil\/#\/schema\/person\/image\/","url":"https:\/\/news.sap.com\/brazil\/wp-content\/plugins\/wp-user-avatars\/wp-user-avatars\/assets\/images\/mystery.jpg","contentUrl":"https:\/\/news.sap.com\/brazil\/wp-content\/plugins\/wp-user-avatars\/wp-user-avatars\/assets\/images\/mystery.jpg","caption":"麻豆原创 Brasil"},"url":"https:\/\/news.sap.com\/brazil\/author\/raquelcasciato\/"}]}},"amp_enabled":true,"_links":{"self":[{"href":"https:\/\/news.sap.com\/brazil\/wp-json\/wp\/v2\/posts\/17907","targetHints":{"allow":["GET"]}}],"collection":[{"href":"https:\/\/news.sap.com\/brazil\/wp-json\/wp\/v2\/posts"}],"about":[{"href":"https:\/\/news.sap.com\/brazil\/wp-json\/wp\/v2\/types\/post"}],"author":[{"embeddable":true,"href":"https:\/\/news.sap.com\/brazil\/wp-json\/wp\/v2\/users\/561"}],"replies":[{"embeddable":true,"href":"https:\/\/news.sap.com\/brazil\/wp-json\/wp\/v2\/comments?post=17907"}],"version-history":[{"count":0,"href":"https:\/\/news.sap.com\/brazil\/wp-json\/wp\/v2\/posts\/17907\/revisions"}],"wp:featuredmedia":[{"embeddable":true,"href":"https:\/\/news.sap.com\/brazil\/wp-json\/wp\/v2\/media\/17909"}],"wp:attachment":[{"href":"https:\/\/news.sap.com\/brazil\/wp-json\/wp\/v2\/media?parent=17907"}],"wp:term":[{"taxonomy":"category","embeddable":true,"href":"https:\/\/news.sap.com\/brazil\/wp-json\/wp\/v2\/categories?post=17907"},{"taxonomy":"post_tag","embeddable":true,"href":"https:\/\/news.sap.com\/brazil\/wp-json\/wp\/v2\/tags?post=17907"},{"taxonomy":"sapn-display","embeddable":true,"href":"https:\/\/news.sap.com\/brazil\/wp-json\/wp\/v2\/sapn-display?post=17907"},{"taxonomy":"sapn-type","embeddable":true,"href":"https:\/\/news.sap.com\/brazil\/wp-json\/wp\/v2\/sapn-type?post=17907"}],"curies":[{"name":"wp","href":"https:\/\/api.w.org\/{rel}","templated":true}]}}