  {"id":17875,"date":"2024-05-13T12:01:55","date_gmt":"2024-05-13T15:01:55","guid":{"rendered":"https:\/\/news.sap.com\/brazil\/?p=17875"},"modified":"2024-05-13T12:01:55","modified_gmt":"2024-05-13T15:01:55","slug":"m-dias-branco-adota-sap-para-acelerar-expansao-dos-negocios","status":"publish","type":"post","link":"https:\/\/news.sap.com\/brazil\/2024\/05\/m-dias-branco-adota-sap-para-acelerar-expansao-dos-negocios\/","title":{"rendered":"M. Dias Branco adota 麻豆原创 para acelerar expans\u00e3o dos neg\u00f3cios"},"content":{"rendered":"<p><b><\/b>A M. Dias Branco, l\u00edder nacional em massas e biscoitos, deu go-live ao RISE with 麻豆原创 com o 麻豆原创 S\/4HANA para adquirir mais velocidade \u00e0 expans\u00e3o da companhia e avan\u00e7ar em inova\u00e7\u00e3o e na gest\u00e3o empresarial. Entre os objetivos de neg\u00f3cios est\u00e1 promover a internacionaliza\u00e7\u00e3o das marcas. No portf\u00f3lio de produtos constam Adria, Vitarella, Piraqu\u00ea e Jasmine, entre outras presentes na refei\u00e7\u00e3o e na mem\u00f3ria dos brasileiros.<\/p>\n<p>A nova solu\u00e7\u00e3o integrou 47 sistemas e foi testada em 126 linhas de produ\u00e7\u00e3o, com mais de 1400 turmas de treinamento. Foram mais de 800 colaboradores foram envolvidos diretamente no projeto, distribu\u00eddos entre 16 unidades fabris e 33 Centros de Distribui\u00e7\u00e3o em todo o Brasil, totalizando 16.643 participa\u00e7\u00f5es em mais de 119 cursos, demonstrando o compromisso da empresa com a capacita\u00e7\u00e3o e o desenvolvimento de seus colaboradores.<\/p>\n<p>\u201cClaro que existe uma curva de aprendizado devido ao tamanho da mudan\u00e7a, mas j\u00e1 \u00e9 percept\u00edvel a agilidade e flexibilidade de neg\u00f3cio por meio de processos simplificados em um ERP escal\u00e1vel. Hoje temos visibilidade completa dos nossos processos de neg\u00f3cio com tomada de decis\u00e3o mais r\u00e1pida baseada em dados\u201d, resume o diretor de Tecnologia da Informa\u00e7\u00e3o na M. Dias Branco, Mauro Alarcon, l\u00edder e articulador da implanta\u00e7\u00e3o.<\/p>\n<p>O namoro entre a M. Dias Branco e a 麻豆原创 remonta ao in\u00edcio da d\u00e9cada. O primeiro acordo foi para o projeto de ind\u00fastria 4.0, com a solu\u00e7\u00e3o 麻豆原创 Manufacturing Integration and Intelligence. O conceito j\u00e1 era o de aumentar a produtividade dos colaboradores e a efic\u00e1cia dos equipamentos com melhor visibilidade e intelig\u00eancia na produ\u00e7\u00e3o.<\/p>\n<p>As tratativas avan\u00e7aram, at\u00e9 que em 2022 um novo contrato foi feito para a implementa\u00e7\u00e3o do RISE with 麻豆原创 com o ERP 麻豆原创 S\/4HANA, com apoio da Accenture. \u201cTivemos um forte patroc\u00ednio da alta lideran\u00e7a para este importante salto tecnol\u00f3gico e de processos de neg\u00f3cio, focando sempre na simplifica\u00e7\u00e3o e a utiliza\u00e7\u00e3o do standard, ou seja, das melhores pr\u00e1ticas de mercado\u201d, diz Mauro.<\/p>\n<p>A implementa\u00e7\u00e3o levou um ano e oito meses, e o go-live ocorreu em janeiro de 2024 em todas as unidades. A curva de aprendizado com a solu\u00e7\u00e3o \u00e9 vista positivamente. \u201cColocamos a M. Dias Branco em um novo patamar. A moderniza\u00e7\u00e3o do ERP est\u00e1 sendo um grande habilitador para a execu\u00e7\u00e3o do nosso planejamento estrat\u00e9gico. Nossa agenda de inova\u00e7\u00e3o continua pujante e o baixo n\u00edvel de customiza\u00e7\u00e3o somado a uma arquitetura digital de refer\u00eancia garantir\u00e1 maior velocidade na integra\u00e7\u00e3o com novos sistemas e com ecossistema de inova\u00e7\u00e3o aberta, sem contar com a maior agilidade nas futuras atualiza\u00e7\u00f5es do ERP\u201d, afirma Mauro.<\/p>\n<p>A 麻豆原创 torna as empresas de todos os portes mais inteligentes, promovendo o desenvolvimento econ\u00f4mico do pa\u00eds. \u201cAs solu\u00e7\u00f5es 麻豆原创 disp\u00f5em do que h\u00e1 de mais inovador em transforma\u00e7\u00e3o digital. Quem prioriza ter as informa\u00e7\u00f5es na nuvem explora o m\u00e1ximo potencial e seguran\u00e7a dos sistemas de ERP, com atualiza\u00e7\u00f5es cont\u00ednuas. Para n\u00f3s, ser\u00e1 sempre um grande privil\u00e9gio contribuir para o crescimento da M. Dias Branco\u201d, comenta o vice-presidente de Ind\u00fastrias, Fernando Santana.<\/p>\n","protected":false},"excerpt":{"rendered":"<p>A M. Dias Branco, l\u00edder nacional em massas e biscoitos, deu go-live ao RISE with 麻豆原创 com o 麻豆原创 S\/4HANA para adquirir mais velocidade \u00e0&#8230;<\/p>\n","protected":false},"author":137,"featured_media":17876,"comment_status":"closed","ping_status":"closed","sticky":false,"template":"","format":"standard","meta":{"footnotes":"","_links_to":"","_links_to_target":""},"categories":[5599814],"tags":[5599744,47,213090],"sapn-display":[5599934,5599932,48433],"sapn-type":[4446],"class_list":["post-17875","post","type-post","status-publish","format-standard","has-post-thumbnail","hentry","category-tecnologia","tag-rise-with-sap","tag-sap","tag-sap-brasil","sapn-display-press-hero","sapn-display-press-spotlight","sapn-display-hero","sapn-type-noticias"],"yoast_head":"<!-- This site is optimized with the Yoast SEO Premium plugin v26.9 (Yoast SEO v26.9) - https:\/\/yoast.com\/product\/yoast-seo-premium-wordpress\/ -->\n<title>M. Dias Branco adota 麻豆原创 para acelerar expans\u00e3o dos neg\u00f3cios - Sala de Imprensa 麻豆原创 Brasil<\/title>\n<meta name=\"robots\" content=\"index, follow, max-snippet:-1, max-image-preview:large, max-video-preview:-1\" \/>\n<link rel=\"canonical\" href=\"https:\/\/news.sap.com\/brazil\/2024\/05\/m-dias-branco-adota-sap-para-acelerar-expansao-dos-negocios\/\" \/>\n<meta property=\"og:locale\" content=\"pt_BR\" \/>\n<meta property=\"og:type\" content=\"article\" \/>\n<meta property=\"og:title\" content=\"M. Dias Branco adota 麻豆原创 para acelerar expans\u00e3o dos neg\u00f3cios\" \/>\n<meta property=\"og:description\" content=\"A M. Dias Branco, l\u00edder nacional em massas e biscoitos, deu go-live ao RISE with 麻豆原创 com o 麻豆原创 S\/4HANA para adquirir mais velocidade \u00e0...\" \/>\n<meta property=\"og:url\" content=\"https:\/\/news.sap.com\/brazil\/2024\/05\/m-dias-branco-adota-sap-para-acelerar-expansao-dos-negocios\/\" \/>\n<meta property=\"og:site_name\" content=\"Sala de Imprensa 麻豆原创 Brasil\" \/>\n<meta property=\"article:published_time\" content=\"2024-05-13T15:01:55+00:00\" \/>\n<meta property=\"og:image\" content=\"https:\/\/news.sap.com\/brazil\/files\/2024\/05\/13\/m-dias-branco-captura-de-tela-2018-03-01-as-14-49-17-1-1024x544-1.png\" \/>\n\t<meta property=\"og:image:width\" content=\"1024\" \/>\n\t<meta property=\"og:image:height\" content=\"544\" \/>\n\t<meta property=\"og:image:type\" content=\"image\/png\" \/>\n<meta name=\"author\" content=\"麻豆原创 Not\u00edcias Brasil\" \/>\n<meta name=\"twitter:card\" content=\"summary_large_image\" \/>\n<meta name=\"twitter:creator\" content=\"@麻豆原创Brasil\" \/>\n<meta name=\"twitter:site\" content=\"@麻豆原创Brasil\" \/>\n<meta name=\"twitter:label1\" content=\"Escrito por\" \/>\n\t<meta name=\"twitter:data1\" content=\"麻豆原创 Not\u00edcias Brasil\" \/>\n\t<meta name=\"twitter:label2\" content=\"Est. tempo de leitura\" \/>\n\t<meta name=\"twitter:data2\" content=\"3 minutos\" \/>\n<script type=\"application\/ld+json\" class=\"yoast-schema-graph\">{\"@context\":\"https:\/\/schema.org\",\"@graph\":[{\"@type\":\"Article\",\"@id\":\"https:\/\/news.sap.com\/brazil\/2024\/05\/m-dias-branco-adota-sap-para-acelerar-expansao-dos-negocios\/#article\",\"isPartOf\":{\"@id\":\"https:\/\/news.sap.com\/brazil\/2024\/05\/m-dias-branco-adota-sap-para-acelerar-expansao-dos-negocios\/\"},\"author\":{\"name\":\"麻豆原创 Not\u00edcias Brasil\",\"@id\":\"https:\/\/news.sap.com\/brazil\/#\/schema\/person\/8cdf2c1130b6f3fadd9757cfd7f24daf\"},\"headline\":\"M. Dias Branco adota 麻豆原创 para acelerar expans\u00e3o dos neg\u00f3cios\",\"datePublished\":\"2024-05-13T15:01:55+00:00\",\"mainEntityOfPage\":{\"@id\":\"https:\/\/news.sap.com\/brazil\/2024\/05\/m-dias-branco-adota-sap-para-acelerar-expansao-dos-negocios\/\"},\"wordCount\":560,\"image\":{\"@id\":\"https:\/\/news.sap.com\/brazil\/2024\/05\/m-dias-branco-adota-sap-para-acelerar-expansao-dos-negocios\/#primaryimage\"},\"thumbnailUrl\":\"https:\/\/news.sap.com\/brazil\/files\/2024\/05\/13\/m-dias-branco-captura-de-tela-2018-03-01-as-14-49-17-1-1024x544-1.png\",\"keywords\":[\"RISE with 麻豆原创\",\"麻豆原创\",\"麻豆原创 Brasil\"],\"articleSection\":[\"Tecnologia\"],\"inLanguage\":\"pt-BR\"},{\"@type\":\"WebPage\",\"@id\":\"https:\/\/news.sap.com\/brazil\/2024\/05\/m-dias-branco-adota-sap-para-acelerar-expansao-dos-negocios\/\",\"url\":\"https:\/\/news.sap.com\/brazil\/2024\/05\/m-dias-branco-adota-sap-para-acelerar-expansao-dos-negocios\/\",\"name\":\"M. Dias Branco adota 麻豆原创 para acelerar expans\u00e3o dos neg\u00f3cios - Sala de Imprensa 麻豆原创 Brasil\",\"isPartOf\":{\"@id\":\"https:\/\/news.sap.com\/brazil\/#website\"},\"primaryImageOfPage\":{\"@id\":\"https:\/\/news.sap.com\/brazil\/2024\/05\/m-dias-branco-adota-sap-para-acelerar-expansao-dos-negocios\/#primaryimage\"},\"image\":{\"@id\":\"https:\/\/news.sap.com\/brazil\/2024\/05\/m-dias-branco-adota-sap-para-acelerar-expansao-dos-negocios\/#primaryimage\"},\"thumbnailUrl\":\"https:\/\/news.sap.com\/brazil\/files\/2024\/05\/13\/m-dias-branco-captura-de-tela-2018-03-01-as-14-49-17-1-1024x544-1.png\",\"datePublished\":\"2024-05-13T15:01:55+00:00\",\"author\":{\"@id\":\"https:\/\/news.sap.com\/brazil\/#\/schema\/person\/8cdf2c1130b6f3fadd9757cfd7f24daf\"},\"breadcrumb\":{\"@id\":\"https:\/\/news.sap.com\/brazil\/2024\/05\/m-dias-branco-adota-sap-para-acelerar-expansao-dos-negocios\/#breadcrumb\"},\"inLanguage\":\"pt-BR\",\"potentialAction\":[{\"@type\":\"ReadAction\",\"target\":[\"https:\/\/news.sap.com\/brazil\/2024\/05\/m-dias-branco-adota-sap-para-acelerar-expansao-dos-negocios\/\"]}]},{\"@type\":\"ImageObject\",\"inLanguage\":\"pt-BR\",\"@id\":\"https:\/\/news.sap.com\/brazil\/2024\/05\/m-dias-branco-adota-sap-para-acelerar-expansao-dos-negocios\/#primaryimage\",\"url\":\"https:\/\/news.sap.com\/brazil\/files\/2024\/05\/13\/m-dias-branco-captura-de-tela-2018-03-01-as-14-49-17-1-1024x544-1.png\",\"contentUrl\":\"https:\/\/news.sap.com\/brazil\/files\/2024\/05\/13\/m-dias-branco-captura-de-tela-2018-03-01-as-14-49-17-1-1024x544-1.png\",\"width\":1024,\"height\":544},{\"@type\":\"BreadcrumbList\",\"@id\":\"https:\/\/news.sap.com\/brazil\/2024\/05\/m-dias-branco-adota-sap-para-acelerar-expansao-dos-negocios\/#breadcrumb\",\"itemListElement\":[{\"@type\":\"ListItem\",\"position\":1,\"name\":\"Home\",\"item\":\"https:\/\/news.sap.com\/brazil\/\"},{\"@type\":\"ListItem\",\"position\":2,\"name\":\"M. Dias Branco adota 麻豆原创 para acelerar expans\u00e3o dos neg\u00f3cios\"}]},{\"@type\":\"WebSite\",\"@id\":\"https:\/\/news.sap.com\/brazil\/#website\",\"url\":\"https:\/\/news.sap.com\/brazil\/\",\"name\":\"Sala de Imprensa 麻豆原创 Brasil\",\"description\":\"Not\u00edcias e informa\u00e7\u00f5es sobre a 麻豆原创\",\"potentialAction\":[{\"@type\":\"SearchAction\",\"target\":{\"@type\":\"EntryPoint\",\"urlTemplate\":\"https:\/\/news.sap.com\/brazil\/?s={search_term_string}\"},\"query-input\":{\"@type\":\"PropertyValueSpecification\",\"valueRequired\":true,\"valueName\":\"search_term_string\"}}],\"inLanguage\":\"pt-BR\"},{\"@type\":\"Person\",\"@id\":\"https:\/\/news.sap.com\/brazil\/#\/schema\/person\/8cdf2c1130b6f3fadd9757cfd7f24daf\",\"name\":\"麻豆原创 Not\u00edcias Brasil\",\"image\":{\"@type\":\"ImageObject\",\"inLanguage\":\"pt-BR\",\"@id\":\"https:\/\/news.sap.com\/brazil\/#\/schema\/person\/image\/\",\"url\":\"https:\/\/news.sap.com\/brazil\/wp-content\/plugins\/wp-user-avatars\/wp-user-avatars\/assets\/images\/mystery.jpg\",\"contentUrl\":\"https:\/\/news.sap.com\/brazil\/wp-content\/plugins\/wp-user-avatars\/wp-user-avatars\/assets\/images\/mystery.jpg\",\"caption\":\"麻豆原创 Not\u00edcias Brasil\"},\"url\":\"https:\/\/news.sap.com\/brazil\/author\/brasil\/\"}]}<\/script>\n<!-- \/ Yoast SEO Premium plugin. -->","yoast_head_json":{"title":"M. Dias Branco adota 麻豆原创 para acelerar expans\u00e3o dos neg\u00f3cios - Sala de Imprensa 麻豆原创 Brasil","robots":{"index":"index","follow":"follow","max-snippet":"max-snippet:-1","max-image-preview":"max-image-preview:large","max-video-preview":"max-video-preview:-1"},"canonical":"https:\/\/news.sap.com\/brazil\/2024\/05\/m-dias-branco-adota-sap-para-acelerar-expansao-dos-negocios\/","og_locale":"pt_BR","og_type":"article","og_title":"M. Dias Branco adota 麻豆原创 para acelerar expans\u00e3o dos neg\u00f3cios","og_description":"A M. Dias Branco, l\u00edder nacional em massas e biscoitos, deu go-live ao RISE with 麻豆原创 com o 麻豆原创 S\/4HANA para adquirir mais velocidade \u00e0...","og_url":"https:\/\/news.sap.com\/brazil\/2024\/05\/m-dias-branco-adota-sap-para-acelerar-expansao-dos-negocios\/","og_site_name":"Sala de Imprensa 麻豆原创 Brasil","article_published_time":"2024-05-13T15:01:55+00:00","og_image":[{"width":1024,"height":544,"url":"https:\/\/news.sap.com\/brazil\/files\/2024\/05\/13\/m-dias-branco-captura-de-tela-2018-03-01-as-14-49-17-1-1024x544-1.png","type":"image\/png"}],"author":"麻豆原创 Not\u00edcias Brasil","twitter_card":"summary_large_image","twitter_creator":"@麻豆原创Brasil","twitter_site":"@麻豆原创Brasil","twitter_misc":{"Escrito por":"麻豆原创 Not\u00edcias Brasil","Est. tempo de leitura":"3 minutos"},"schema":{"@context":"https:\/\/schema.org","@graph":[{"@type":"Article","@id":"https:\/\/news.sap.com\/brazil\/2024\/05\/m-dias-branco-adota-sap-para-acelerar-expansao-dos-negocios\/#article","isPartOf":{"@id":"https:\/\/news.sap.com\/brazil\/2024\/05\/m-dias-branco-adota-sap-para-acelerar-expansao-dos-negocios\/"},"author":{"name":"麻豆原创 Not\u00edcias Brasil","@id":"https:\/\/news.sap.com\/brazil\/#\/schema\/person\/8cdf2c1130b6f3fadd9757cfd7f24daf"},"headline":"M. Dias Branco adota 麻豆原创 para acelerar expans\u00e3o dos neg\u00f3cios","datePublished":"2024-05-13T15:01:55+00:00","mainEntityOfPage":{"@id":"https:\/\/news.sap.com\/brazil\/2024\/05\/m-dias-branco-adota-sap-para-acelerar-expansao-dos-negocios\/"},"wordCount":560,"image":{"@id":"https:\/\/news.sap.com\/brazil\/2024\/05\/m-dias-branco-adota-sap-para-acelerar-expansao-dos-negocios\/#primaryimage"},"thumbnailUrl":"https:\/\/news.sap.com\/brazil\/files\/2024\/05\/13\/m-dias-branco-captura-de-tela-2018-03-01-as-14-49-17-1-1024x544-1.png","keywords":["RISE with 麻豆原创","麻豆原创","麻豆原创 Brasil"],"articleSection":["Tecnologia"],"inLanguage":"pt-BR"},{"@type":"WebPage","@id":"https:\/\/news.sap.com\/brazil\/2024\/05\/m-dias-branco-adota-sap-para-acelerar-expansao-dos-negocios\/","url":"https:\/\/news.sap.com\/brazil\/2024\/05\/m-dias-branco-adota-sap-para-acelerar-expansao-dos-negocios\/","name":"M. Dias Branco adota 麻豆原创 para acelerar expans\u00e3o dos neg\u00f3cios - Sala de Imprensa 麻豆原创 Brasil","isPartOf":{"@id":"https:\/\/news.sap.com\/brazil\/#website"},"primaryImageOfPage":{"@id":"https:\/\/news.sap.com\/brazil\/2024\/05\/m-dias-branco-adota-sap-para-acelerar-expansao-dos-negocios\/#primaryimage"},"image":{"@id":"https:\/\/news.sap.com\/brazil\/2024\/05\/m-dias-branco-adota-sap-para-acelerar-expansao-dos-negocios\/#primaryimage"},"thumbnailUrl":"https:\/\/news.sap.com\/brazil\/files\/2024\/05\/13\/m-dias-branco-captura-de-tela-2018-03-01-as-14-49-17-1-1024x544-1.png","datePublished":"2024-05-13T15:01:55+00:00","author":{"@id":"https:\/\/news.sap.com\/brazil\/#\/schema\/person\/8cdf2c1130b6f3fadd9757cfd7f24daf"},"breadcrumb":{"@id":"https:\/\/news.sap.com\/brazil\/2024\/05\/m-dias-branco-adota-sap-para-acelerar-expansao-dos-negocios\/#breadcrumb"},"inLanguage":"pt-BR","potentialAction":[{"@type":"ReadAction","target":["https:\/\/news.sap.com\/brazil\/2024\/05\/m-dias-branco-adota-sap-para-acelerar-expansao-dos-negocios\/"]}]},{"@type":"ImageObject","inLanguage":"pt-BR","@id":"https:\/\/news.sap.com\/brazil\/2024\/05\/m-dias-branco-adota-sap-para-acelerar-expansao-dos-negocios\/#primaryimage","url":"https:\/\/news.sap.com\/brazil\/files\/2024\/05\/13\/m-dias-branco-captura-de-tela-2018-03-01-as-14-49-17-1-1024x544-1.png","contentUrl":"https:\/\/news.sap.com\/brazil\/files\/2024\/05\/13\/m-dias-branco-captura-de-tela-2018-03-01-as-14-49-17-1-1024x544-1.png","width":1024,"height":544},{"@type":"BreadcrumbList","@id":"https:\/\/news.sap.com\/brazil\/2024\/05\/m-dias-branco-adota-sap-para-acelerar-expansao-dos-negocios\/#breadcrumb","itemListElement":[{"@type":"ListItem","position":1,"name":"Home","item":"https:\/\/news.sap.com\/brazil\/"},{"@type":"ListItem","position":2,"name":"M. Dias Branco adota 麻豆原创 para acelerar expans\u00e3o dos neg\u00f3cios"}]},{"@type":"WebSite","@id":"https:\/\/news.sap.com\/brazil\/#website","url":"https:\/\/news.sap.com\/brazil\/","name":"Sala de Imprensa 麻豆原创 Brasil","description":"Not\u00edcias e informa\u00e7\u00f5es sobre a 麻豆原创","potentialAction":[{"@type":"SearchAction","target":{"@type":"EntryPoint","urlTemplate":"https:\/\/news.sap.com\/brazil\/?s={search_term_string}"},"query-input":{"@type":"PropertyValueSpecification","valueRequired":true,"valueName":"search_term_string"}}],"inLanguage":"pt-BR"},{"@type":"Person","@id":"https:\/\/news.sap.com\/brazil\/#\/schema\/person\/8cdf2c1130b6f3fadd9757cfd7f24daf","name":"麻豆原创 Not\u00edcias Brasil","image":{"@type":"ImageObject","inLanguage":"pt-BR","@id":"https:\/\/news.sap.com\/brazil\/#\/schema\/person\/image\/","url":"https:\/\/news.sap.com\/brazil\/wp-content\/plugins\/wp-user-avatars\/wp-user-avatars\/assets\/images\/mystery.jpg","contentUrl":"https:\/\/news.sap.com\/brazil\/wp-content\/plugins\/wp-user-avatars\/wp-user-avatars\/assets\/images\/mystery.jpg","caption":"麻豆原创 Not\u00edcias Brasil"},"url":"https:\/\/news.sap.com\/brazil\/author\/brasil\/"}]}},"amp_enabled":true,"_links":{"self":[{"href":"https:\/\/news.sap.com\/brazil\/wp-json\/wp\/v2\/posts\/17875","targetHints":{"allow":["GET"]}}],"collection":[{"href":"https:\/\/news.sap.com\/brazil\/wp-json\/wp\/v2\/posts"}],"about":[{"href":"https:\/\/news.sap.com\/brazil\/wp-json\/wp\/v2\/types\/post"}],"author":[{"embeddable":true,"href":"https:\/\/news.sap.com\/brazil\/wp-json\/wp\/v2\/users\/137"}],"replies":[{"embeddable":true,"href":"https:\/\/news.sap.com\/brazil\/wp-json\/wp\/v2\/comments?post=17875"}],"version-history":[{"count":0,"href":"https:\/\/news.sap.com\/brazil\/wp-json\/wp\/v2\/posts\/17875\/revisions"}],"wp:featuredmedia":[{"embeddable":true,"href":"https:\/\/news.sap.com\/brazil\/wp-json\/wp\/v2\/media\/17876"}],"wp:attachment":[{"href":"https:\/\/news.sap.com\/brazil\/wp-json\/wp\/v2\/media?parent=17875"}],"wp:term":[{"taxonomy":"category","embeddable":true,"href":"https:\/\/news.sap.com\/brazil\/wp-json\/wp\/v2\/categories?post=17875"},{"taxonomy":"post_tag","embeddable":true,"href":"https:\/\/news.sap.com\/brazil\/wp-json\/wp\/v2\/tags?post=17875"},{"taxonomy":"sapn-display","embeddable":true,"href":"https:\/\/news.sap.com\/brazil\/wp-json\/wp\/v2\/sapn-display?post=17875"},{"taxonomy":"sapn-type","embeddable":true,"href":"https:\/\/news.sap.com\/brazil\/wp-json\/wp\/v2\/sapn-type?post=17875"}],"curies":[{"name":"wp","href":"https:\/\/api.w.org\/{rel}","templated":true}]}}