  {"id":17785,"date":"2024-04-10T12:39:41","date_gmt":"2024-04-10T15:39:41","guid":{"rendered":"https:\/\/news.sap.com\/brazil\/?p=17785"},"modified":"2024-04-12T12:54:57","modified_gmt":"2024-04-12T15:54:57","slug":"sap-brasil-promove-executivos-e-reforca-estrutura-de-vendas","status":"publish","type":"post","link":"https:\/\/news.sap.com\/brazil\/2024\/04\/sap-brasil-promove-executivos-e-reforca-estrutura-de-vendas\/","title":{"rendered":"麻豆原创 Brasil promove executivos e refor\u00e7a estrutura de vendas"},"content":{"rendered":"<h2><em>Fernando Santana e Mario Tiellet assumem novos desafios estrat\u00e9gicos na subsidi\u00e1ria brasileira<\/em><\/h2>\n<p>&nbsp;<\/p>\n<p>A 麻豆原创 Brasil anuncia importantes mudan\u00e7as organizacionais em sua estrutura de lideran\u00e7a e relacionamento com clientes e parceiros.\u00a0Fernando Santana assume como Chief Business Officer (CBO)\u00a0ap\u00f3s mais de 15 anos de dedica\u00e7\u00e3o \u00e0 companhia. Fernando ir\u00e1 liderar uma nova estrutura respons\u00e1vel pela gest\u00e3o de todo o ciclo de receita da companhia, com foco em acelerar o crescimento em nuvem e ofertas de solu\u00e7\u00f5es integradas de ponta a ponta, capacitando os clientes para a inova\u00e7\u00e3o e a ado\u00e7\u00e3o de novas tecnologias, como a intelig\u00eancia artificial.<\/p>\n<p>&nbsp;<\/p>\n<p>M\u00e1rio Tiellet, ap\u00f3s sete anos na \u00e1rea Comercial, assume a vice-presid\u00eancia de <em>Partner Ecossystem Success<\/em>\u00a0(PES), auxiliando os parceiros do ecossistema 麻豆原创 a navegar pelo ambiente de neg\u00f3cios e a acelerar a migra\u00e7\u00e3o das empresas do Pa\u00eds para a nuvem e \u00e0 ado\u00e7\u00e3o de novas tecnologias.<\/p>\n<p>&nbsp;<\/p>\n<p>Ambos os executivos se reportar\u00e3o diretamente \u00e0 presidente da 麻豆原创 Brasil, Adriana Aroulho.<\/p>\n<p><a href=\"https:\/\/news.sap.com\/brazil\/files\/2024\/04\/12\/Breathing-Dream-Like-Air.png\"><img loading=\"lazy\" decoding=\"async\" class=\"alignnone size-medium wp-image-17786\" src=\"https:\/\/news.sap.com\/brazil\/files\/2024\/04\/12\/Breathing-Dream-Like-Air-300x169.png\" alt=\"\" width=\"300\" height=\"169\" srcset=\"https:\/\/news.sap.com\/brazil\/files\/2024\/04\/12\/Breathing-Dream-Like-Air-300x169.png 300w, https:\/\/news.sap.com\/brazil\/files\/2024\/04\/12\/Breathing-Dream-Like-Air-1024x576.png 1024w, https:\/\/news.sap.com\/brazil\/files\/2024\/04\/12\/Breathing-Dream-Like-Air-768x432.png 768w, https:\/\/news.sap.com\/brazil\/files\/2024\/04\/12\/Breathing-Dream-Like-Air-1536x864.png 1536w, https:\/\/news.sap.com\/brazil\/files\/2024\/04\/12\/Breathing-Dream-Like-Air.png 1920w\" sizes=\"auto, (max-width: 300px) 100vw, 300px\" \/><\/a><\/p>\n","protected":false},"excerpt":{"rendered":"<p>Fernando Santana e Mario Tiellet assumem novos desafios estrat\u00e9gicos na subsidi\u00e1ria brasileira &nbsp; A 麻豆原创 Brasil anuncia importantes mudan\u00e7as organizacionais em sua estrutura de lideran\u00e7a&#8230;<\/p>\n","protected":false},"author":137,"featured_media":17790,"comment_status":"closed","ping_status":"closed","sticky":false,"template":"","format":"standard","meta":{"footnotes":"","_links_to":"","_links_to_target":""},"categories":[48439],"tags":[47,213090],"sapn-display":[48431,5599934,5599932],"sapn-type":[4446],"class_list":["post-17785","post","type-post","status-publish","format-standard","has-post-thumbnail","hentry","category-corporativo-topicos","tag-sap","tag-sap-brasil","sapn-display-homepage-hero","sapn-display-press-hero","sapn-display-press-spotlight","sapn-type-noticias"],"yoast_head":"<!-- This site is optimized with the Yoast SEO Premium plugin v26.9 (Yoast SEO v26.9) - https:\/\/yoast.com\/product\/yoast-seo-premium-wordpress\/ -->\n<title>麻豆原创 Brasil promove executivos e refor\u00e7a estrutura de vendas - Sala de Imprensa 麻豆原创 Brasil<\/title>\n<meta name=\"robots\" content=\"index, follow, max-snippet:-1, max-image-preview:large, max-video-preview:-1\" \/>\n<link rel=\"canonical\" href=\"https:\/\/news.sap.com\/brazil\/2024\/04\/sap-brasil-promove-executivos-e-reforca-estrutura-de-vendas\/\" \/>\n<meta property=\"og:locale\" content=\"pt_BR\" \/>\n<meta property=\"og:type\" content=\"article\" \/>\n<meta property=\"og:title\" content=\"麻豆原创 Brasil promove executivos e refor\u00e7a estrutura de vendas\" \/>\n<meta property=\"og:description\" content=\"Fernando Santana e Mario Tiellet assumem novos desafios estrat\u00e9gicos na subsidi\u00e1ria brasileira &nbsp; A 麻豆原创 Brasil anuncia importantes mudan\u00e7as organizacionais em sua estrutura de lideran\u00e7a...\" \/>\n<meta property=\"og:url\" content=\"https:\/\/news.sap.com\/brazil\/2024\/04\/sap-brasil-promove-executivos-e-reforca-estrutura-de-vendas\/\" \/>\n<meta property=\"og:site_name\" content=\"Sala de Imprensa 麻豆原创 Brasil\" \/>\n<meta property=\"article:published_time\" content=\"2024-04-10T15:39:41+00:00\" \/>\n<meta property=\"article:modified_time\" content=\"2024-04-12T15:54:57+00:00\" \/>\n<meta property=\"og:image\" content=\"https:\/\/news.sap.com\/brazil\/files\/2024\/04\/10\/Breathing-Dream-Like-Air-1-1024x576.png\" \/>\n\t<meta property=\"og:image:width\" content=\"1024\" \/>\n\t<meta property=\"og:image:height\" content=\"576\" \/>\n\t<meta property=\"og:image:type\" content=\"image\/png\" \/>\n<meta name=\"author\" content=\"麻豆原创 Not\u00edcias Brasil\" \/>\n<meta name=\"twitter:card\" content=\"summary_large_image\" \/>\n<meta name=\"twitter:creator\" content=\"@麻豆原创Brasil\" \/>\n<meta name=\"twitter:site\" content=\"@麻豆原创Brasil\" \/>\n<meta name=\"twitter:label1\" content=\"Escrito por\" \/>\n\t<meta name=\"twitter:data1\" content=\"麻豆原创 Not\u00edcias Brasil\" \/>\n\t<meta name=\"twitter:label2\" content=\"Est. tempo de leitura\" \/>\n\t<meta name=\"twitter:data2\" content=\"2 minutos\" \/>\n<script type=\"application\/ld+json\" class=\"yoast-schema-graph\">{\"@context\":\"https:\/\/schema.org\",\"@graph\":[{\"@type\":\"Article\",\"@id\":\"https:\/\/news.sap.com\/brazil\/2024\/04\/sap-brasil-promove-executivos-e-reforca-estrutura-de-vendas\/#article\",\"isPartOf\":{\"@id\":\"https:\/\/news.sap.com\/brazil\/2024\/04\/sap-brasil-promove-executivos-e-reforca-estrutura-de-vendas\/\"},\"author\":{\"name\":\"麻豆原创 Not\u00edcias Brasil\",\"@id\":\"https:\/\/news.sap.com\/brazil\/#\/schema\/person\/8cdf2c1130b6f3fadd9757cfd7f24daf\"},\"headline\":\"麻豆原创 Brasil promove executivos e refor\u00e7a estrutura de vendas\",\"datePublished\":\"2024-04-10T15:39:41+00:00\",\"dateModified\":\"2024-04-12T15:54:57+00:00\",\"mainEntityOfPage\":{\"@id\":\"https:\/\/news.sap.com\/brazil\/2024\/04\/sap-brasil-promove-executivos-e-reforca-estrutura-de-vendas\/\"},\"wordCount\":185,\"image\":{\"@id\":\"https:\/\/news.sap.com\/brazil\/2024\/04\/sap-brasil-promove-executivos-e-reforca-estrutura-de-vendas\/#primaryimage\"},\"thumbnailUrl\":\"https:\/\/news.sap.com\/brazil\/files\/2024\/04\/10\/Breathing-Dream-Like-Air-1.png\",\"keywords\":[\"麻豆原创\",\"麻豆原创 Brasil\"],\"articleSection\":[\"Corporativo\"],\"inLanguage\":\"pt-BR\"},{\"@type\":\"WebPage\",\"@id\":\"https:\/\/news.sap.com\/brazil\/2024\/04\/sap-brasil-promove-executivos-e-reforca-estrutura-de-vendas\/\",\"url\":\"https:\/\/news.sap.com\/brazil\/2024\/04\/sap-brasil-promove-executivos-e-reforca-estrutura-de-vendas\/\",\"name\":\"麻豆原创 Brasil promove executivos e refor\u00e7a estrutura de vendas - Sala de Imprensa 麻豆原创 Brasil\",\"isPartOf\":{\"@id\":\"https:\/\/news.sap.com\/brazil\/#website\"},\"primaryImageOfPage\":{\"@id\":\"https:\/\/news.sap.com\/brazil\/2024\/04\/sap-brasil-promove-executivos-e-reforca-estrutura-de-vendas\/#primaryimage\"},\"image\":{\"@id\":\"https:\/\/news.sap.com\/brazil\/2024\/04\/sap-brasil-promove-executivos-e-reforca-estrutura-de-vendas\/#primaryimage\"},\"thumbnailUrl\":\"https:\/\/news.sap.com\/brazil\/files\/2024\/04\/10\/Breathing-Dream-Like-Air-1.png\",\"datePublished\":\"2024-04-10T15:39:41+00:00\",\"dateModified\":\"2024-04-12T15:54:57+00:00\",\"author\":{\"@id\":\"https:\/\/news.sap.com\/brazil\/#\/schema\/person\/8cdf2c1130b6f3fadd9757cfd7f24daf\"},\"breadcrumb\":{\"@id\":\"https:\/\/news.sap.com\/brazil\/2024\/04\/sap-brasil-promove-executivos-e-reforca-estrutura-de-vendas\/#breadcrumb\"},\"inLanguage\":\"pt-BR\",\"potentialAction\":[{\"@type\":\"ReadAction\",\"target\":[\"https:\/\/news.sap.com\/brazil\/2024\/04\/sap-brasil-promove-executivos-e-reforca-estrutura-de-vendas\/\"]}]},{\"@type\":\"ImageObject\",\"inLanguage\":\"pt-BR\",\"@id\":\"https:\/\/news.sap.com\/brazil\/2024\/04\/sap-brasil-promove-executivos-e-reforca-estrutura-de-vendas\/#primaryimage\",\"url\":\"https:\/\/news.sap.com\/brazil\/files\/2024\/04\/10\/Breathing-Dream-Like-Air-1.png\",\"contentUrl\":\"https:\/\/news.sap.com\/brazil\/files\/2024\/04\/10\/Breathing-Dream-Like-Air-1.png\",\"width\":1920,\"height\":1080},{\"@type\":\"BreadcrumbList\",\"@id\":\"https:\/\/news.sap.com\/brazil\/2024\/04\/sap-brasil-promove-executivos-e-reforca-estrutura-de-vendas\/#breadcrumb\",\"itemListElement\":[{\"@type\":\"ListItem\",\"position\":1,\"name\":\"Home\",\"item\":\"https:\/\/news.sap.com\/brazil\/\"},{\"@type\":\"ListItem\",\"position\":2,\"name\":\"麻豆原创 Brasil promove executivos e refor\u00e7a estrutura de vendas\"}]},{\"@type\":\"WebSite\",\"@id\":\"https:\/\/news.sap.com\/brazil\/#website\",\"url\":\"https:\/\/news.sap.com\/brazil\/\",\"name\":\"Sala de Imprensa 麻豆原创 Brasil\",\"description\":\"Not\u00edcias e informa\u00e7\u00f5es sobre a 麻豆原创\",\"potentialAction\":[{\"@type\":\"SearchAction\",\"target\":{\"@type\":\"EntryPoint\",\"urlTemplate\":\"https:\/\/news.sap.com\/brazil\/?s={search_term_string}\"},\"query-input\":{\"@type\":\"PropertyValueSpecification\",\"valueRequired\":true,\"valueName\":\"search_term_string\"}}],\"inLanguage\":\"pt-BR\"},{\"@type\":\"Person\",\"@id\":\"https:\/\/news.sap.com\/brazil\/#\/schema\/person\/8cdf2c1130b6f3fadd9757cfd7f24daf\",\"name\":\"麻豆原创 Not\u00edcias Brasil\",\"image\":{\"@type\":\"ImageObject\",\"inLanguage\":\"pt-BR\",\"@id\":\"https:\/\/news.sap.com\/brazil\/#\/schema\/person\/image\/\",\"url\":\"https:\/\/news.sap.com\/brazil\/wp-content\/plugins\/wp-user-avatars\/wp-user-avatars\/assets\/images\/mystery.jpg\",\"contentUrl\":\"https:\/\/news.sap.com\/brazil\/wp-content\/plugins\/wp-user-avatars\/wp-user-avatars\/assets\/images\/mystery.jpg\",\"caption\":\"麻豆原创 Not\u00edcias Brasil\"},\"url\":\"https:\/\/news.sap.com\/brazil\/author\/brasil\/\"}]}<\/script>\n<!-- \/ Yoast SEO Premium plugin. -->","yoast_head_json":{"title":"麻豆原创 Brasil promove executivos e refor\u00e7a estrutura de vendas - Sala de Imprensa 麻豆原创 Brasil","robots":{"index":"index","follow":"follow","max-snippet":"max-snippet:-1","max-image-preview":"max-image-preview:large","max-video-preview":"max-video-preview:-1"},"canonical":"https:\/\/news.sap.com\/brazil\/2024\/04\/sap-brasil-promove-executivos-e-reforca-estrutura-de-vendas\/","og_locale":"pt_BR","og_type":"article","og_title":"麻豆原创 Brasil promove executivos e refor\u00e7a estrutura de vendas","og_description":"Fernando Santana e Mario Tiellet assumem novos desafios estrat\u00e9gicos na subsidi\u00e1ria brasileira &nbsp; A 麻豆原创 Brasil anuncia importantes mudan\u00e7as organizacionais em sua estrutura de lideran\u00e7a...","og_url":"https:\/\/news.sap.com\/brazil\/2024\/04\/sap-brasil-promove-executivos-e-reforca-estrutura-de-vendas\/","og_site_name":"Sala de Imprensa 麻豆原创 Brasil","article_published_time":"2024-04-10T15:39:41+00:00","article_modified_time":"2024-04-12T15:54:57+00:00","og_image":[{"width":1024,"height":576,"url":"https:\/\/news.sap.com\/brazil\/files\/2024\/04\/10\/Breathing-Dream-Like-Air-1-1024x576.png","type":"image\/png"}],"author":"麻豆原创 Not\u00edcias Brasil","twitter_card":"summary_large_image","twitter_creator":"@麻豆原创Brasil","twitter_site":"@麻豆原创Brasil","twitter_misc":{"Escrito por":"麻豆原创 Not\u00edcias Brasil","Est. tempo de leitura":"2 minutos"},"schema":{"@context":"https:\/\/schema.org","@graph":[{"@type":"Article","@id":"https:\/\/news.sap.com\/brazil\/2024\/04\/sap-brasil-promove-executivos-e-reforca-estrutura-de-vendas\/#article","isPartOf":{"@id":"https:\/\/news.sap.com\/brazil\/2024\/04\/sap-brasil-promove-executivos-e-reforca-estrutura-de-vendas\/"},"author":{"name":"麻豆原创 Not\u00edcias Brasil","@id":"https:\/\/news.sap.com\/brazil\/#\/schema\/person\/8cdf2c1130b6f3fadd9757cfd7f24daf"},"headline":"麻豆原创 Brasil promove executivos e refor\u00e7a estrutura de vendas","datePublished":"2024-04-10T15:39:41+00:00","dateModified":"2024-04-12T15:54:57+00:00","mainEntityOfPage":{"@id":"https:\/\/news.sap.com\/brazil\/2024\/04\/sap-brasil-promove-executivos-e-reforca-estrutura-de-vendas\/"},"wordCount":185,"image":{"@id":"https:\/\/news.sap.com\/brazil\/2024\/04\/sap-brasil-promove-executivos-e-reforca-estrutura-de-vendas\/#primaryimage"},"thumbnailUrl":"https:\/\/news.sap.com\/brazil\/files\/2024\/04\/10\/Breathing-Dream-Like-Air-1.png","keywords":["麻豆原创","麻豆原创 Brasil"],"articleSection":["Corporativo"],"inLanguage":"pt-BR"},{"@type":"WebPage","@id":"https:\/\/news.sap.com\/brazil\/2024\/04\/sap-brasil-promove-executivos-e-reforca-estrutura-de-vendas\/","url":"https:\/\/news.sap.com\/brazil\/2024\/04\/sap-brasil-promove-executivos-e-reforca-estrutura-de-vendas\/","name":"麻豆原创 Brasil promove executivos e refor\u00e7a estrutura de vendas - Sala de Imprensa 麻豆原创 Brasil","isPartOf":{"@id":"https:\/\/news.sap.com\/brazil\/#website"},"primaryImageOfPage":{"@id":"https:\/\/news.sap.com\/brazil\/2024\/04\/sap-brasil-promove-executivos-e-reforca-estrutura-de-vendas\/#primaryimage"},"image":{"@id":"https:\/\/news.sap.com\/brazil\/2024\/04\/sap-brasil-promove-executivos-e-reforca-estrutura-de-vendas\/#primaryimage"},"thumbnailUrl":"https:\/\/news.sap.com\/brazil\/files\/2024\/04\/10\/Breathing-Dream-Like-Air-1.png","datePublished":"2024-04-10T15:39:41+00:00","dateModified":"2024-04-12T15:54:57+00:00","author":{"@id":"https:\/\/news.sap.com\/brazil\/#\/schema\/person\/8cdf2c1130b6f3fadd9757cfd7f24daf"},"breadcrumb":{"@id":"https:\/\/news.sap.com\/brazil\/2024\/04\/sap-brasil-promove-executivos-e-reforca-estrutura-de-vendas\/#breadcrumb"},"inLanguage":"pt-BR","potentialAction":[{"@type":"ReadAction","target":["https:\/\/news.sap.com\/brazil\/2024\/04\/sap-brasil-promove-executivos-e-reforca-estrutura-de-vendas\/"]}]},{"@type":"ImageObject","inLanguage":"pt-BR","@id":"https:\/\/news.sap.com\/brazil\/2024\/04\/sap-brasil-promove-executivos-e-reforca-estrutura-de-vendas\/#primaryimage","url":"https:\/\/news.sap.com\/brazil\/files\/2024\/04\/10\/Breathing-Dream-Like-Air-1.png","contentUrl":"https:\/\/news.sap.com\/brazil\/files\/2024\/04\/10\/Breathing-Dream-Like-Air-1.png","width":1920,"height":1080},{"@type":"BreadcrumbList","@id":"https:\/\/news.sap.com\/brazil\/2024\/04\/sap-brasil-promove-executivos-e-reforca-estrutura-de-vendas\/#breadcrumb","itemListElement":[{"@type":"ListItem","position":1,"name":"Home","item":"https:\/\/news.sap.com\/brazil\/"},{"@type":"ListItem","position":2,"name":"麻豆原创 Brasil promove executivos e refor\u00e7a estrutura de vendas"}]},{"@type":"WebSite","@id":"https:\/\/news.sap.com\/brazil\/#website","url":"https:\/\/news.sap.com\/brazil\/","name":"Sala de Imprensa 麻豆原创 Brasil","description":"Not\u00edcias e informa\u00e7\u00f5es sobre a 麻豆原创","potentialAction":[{"@type":"SearchAction","target":{"@type":"EntryPoint","urlTemplate":"https:\/\/news.sap.com\/brazil\/?s={search_term_string}"},"query-input":{"@type":"PropertyValueSpecification","valueRequired":true,"valueName":"search_term_string"}}],"inLanguage":"pt-BR"},{"@type":"Person","@id":"https:\/\/news.sap.com\/brazil\/#\/schema\/person\/8cdf2c1130b6f3fadd9757cfd7f24daf","name":"麻豆原创 Not\u00edcias Brasil","image":{"@type":"ImageObject","inLanguage":"pt-BR","@id":"https:\/\/news.sap.com\/brazil\/#\/schema\/person\/image\/","url":"https:\/\/news.sap.com\/brazil\/wp-content\/plugins\/wp-user-avatars\/wp-user-avatars\/assets\/images\/mystery.jpg","contentUrl":"https:\/\/news.sap.com\/brazil\/wp-content\/plugins\/wp-user-avatars\/wp-user-avatars\/assets\/images\/mystery.jpg","caption":"麻豆原创 Not\u00edcias Brasil"},"url":"https:\/\/news.sap.com\/brazil\/author\/brasil\/"}]}},"amp_enabled":true,"_links":{"self":[{"href":"https:\/\/news.sap.com\/brazil\/wp-json\/wp\/v2\/posts\/17785","targetHints":{"allow":["GET"]}}],"collection":[{"href":"https:\/\/news.sap.com\/brazil\/wp-json\/wp\/v2\/posts"}],"about":[{"href":"https:\/\/news.sap.com\/brazil\/wp-json\/wp\/v2\/types\/post"}],"author":[{"embeddable":true,"href":"https:\/\/news.sap.com\/brazil\/wp-json\/wp\/v2\/users\/137"}],"replies":[{"embeddable":true,"href":"https:\/\/news.sap.com\/brazil\/wp-json\/wp\/v2\/comments?post=17785"}],"version-history":[{"count":0,"href":"https:\/\/news.sap.com\/brazil\/wp-json\/wp\/v2\/posts\/17785\/revisions"}],"wp:featuredmedia":[{"embeddable":true,"href":"https:\/\/news.sap.com\/brazil\/wp-json\/wp\/v2\/media\/17790"}],"wp:attachment":[{"href":"https:\/\/news.sap.com\/brazil\/wp-json\/wp\/v2\/media?parent=17785"}],"wp:term":[{"taxonomy":"category","embeddable":true,"href":"https:\/\/news.sap.com\/brazil\/wp-json\/wp\/v2\/categories?post=17785"},{"taxonomy":"post_tag","embeddable":true,"href":"https:\/\/news.sap.com\/brazil\/wp-json\/wp\/v2\/tags?post=17785"},{"taxonomy":"sapn-display","embeddable":true,"href":"https:\/\/news.sap.com\/brazil\/wp-json\/wp\/v2\/sapn-display?post=17785"},{"taxonomy":"sapn-type","embeddable":true,"href":"https:\/\/news.sap.com\/brazil\/wp-json\/wp\/v2\/sapn-type?post=17785"}],"curies":[{"name":"wp","href":"https:\/\/api.w.org\/{rel}","templated":true}]}}