  {"id":17778,"date":"2024-04-02T11:11:59","date_gmt":"2024-04-02T14:11:59","guid":{"rendered":"https:\/\/news.sap.com\/brazil\/?p=17778"},"modified":"2024-04-02T11:13:07","modified_gmt":"2024-04-02T14:13:07","slug":"fundacao-amazonia-sustentavel-adota-gestao-inteligente-de-dados-para-alavancar-o-crescimento-sustentavel-da-regiao","status":"publish","type":"post","link":"https:\/\/news.sap.com\/brazil\/2024\/04\/fundacao-amazonia-sustentavel-adota-gestao-inteligente-de-dados-para-alavancar-o-crescimento-sustentavel-da-regiao\/","title":{"rendered":"Funda\u00e7\u00e3o Amaz\u00f4nia Sustent\u00e1vel adota gest\u00e3o inteligente de dados para alavancar o crescimento sustent\u00e1vel da regi\u00e3o"},"content":{"rendered":"<div class=\"mceTemp\"><\/div>\n<h2><em>Projeto in\u00e9dito de consolida\u00e7\u00e3o e an\u00e1lise de informa\u00e7\u00f5es, com uso de tecnologia da 麻豆原创, amplia efici\u00eancia e transpar\u00eancia<\/em><\/h2>\n<p><strong>\u00a0<\/strong><\/p>\n<p>A 麻豆原创 e a Funda\u00e7\u00e3o Amaz\u00f4nia Sustent\u00e1vel (FAS) implementaram um projeto inovador para a coleta, cruzamento e an\u00e1lise de dados relacionados \u00e0s 21 mil fam\u00edlias atendidas pela FAS na regi\u00e3o Amaz\u00f4nica. A parceria entre FAS e 麻豆原创 levou \u00e0 cria\u00e7\u00e3o de um novo sistema de gest\u00e3o do conhecimento que amplia a efici\u00eancia e a transpar\u00eancia sobre a aloca\u00e7\u00e3o de recursos na regi\u00e3o.<\/p>\n<p>O projeto \u00e9 baseado em tr\u00eas ferramentas de ponta da 麻豆原创: o 麻豆原创 Datasphere, que integra diferentes bancos de dados para oferecer an\u00e1lises consistentes e amplas sobre as diferentes atividades da FAS; o 麻豆原创 Analytics Cloud, que oferece intelig\u00eancia de dados e an\u00e1lise preditiva para o planejamento de a\u00e7\u00f5es futuras, e o 麻豆原创 Sustainability Control Tower, que monitora e analisa dados de forma customizada para medir o impacto das a\u00e7\u00f5es da FAS em sua miss\u00e3o de atingir os Objetivos de Desenvolvimento Sustent\u00e1vel (ODS) definidos pela ONU.<\/p>\n<p>\u201cAo adotar tecnologias modernas de gest\u00e3o de dados, a FAS amplia a sua capacidade de servir \u00e0 popula\u00e7\u00e3o da Amaz\u00f4nia, obtendo conhecimento relevante sobre a efetividade de cada um dos nossos programas ao longo do tempo e, de maneira individual, nos territ\u00f3rios de atua\u00e7\u00e3o\u201d, disse Michelle Costa, Superintendente de Gest\u00e3o de Planejamento da FAS. \u201cAl\u00e9m disso, tamb\u00e9m passamos a entregar ainda mais transpar\u00eancia aos nossos mantenedores, doadores e parceiros, por meio de uma vis\u00e3o muito mais ampla e integrada dos investimentos realizados, bem como do impacto socioambiental gerado.\u201d<\/p>\n<p>\u201cA intelig\u00eancia de dados ser\u00e1 uma arma poderosa para a conserva\u00e7\u00e3o da Amaz\u00f4nia e o crescimento sustent\u00e1vel das comunidades da floresta, pois ela entrega \u00e0 FAS um n\u00edvel in\u00e9dito de entendimento sobre a efetividade dos projetos e seu impacto real na vida das pessoas\u201d avaliou Junior Freitas, vice-presidente de Business Technology Platform da 麻豆原创 Brasil. \u201cA FAS agora faz uso do que existe de mais moderno na gest\u00e3o da informa\u00e7\u00e3o, e isso se traduz em mais efici\u00eancia e transpar\u00eancia na aloca\u00e7\u00e3o de recursos. \u00c9 um projeto que tem o potencial de transformar milhares de vidas e ampliar nossa capacidade de monitorar e mitigar os danos \u00e0 floresta e \u00e0s popula\u00e7\u00f5es ind\u00edgenas e ribeirinhas que habitam a regi\u00e3o\u201d.<\/p>\n<p><strong>Tomada de decis\u00e3o baseada em dados<\/strong><\/p>\n<p>O projeto de gest\u00e3o do conhecimento entrega para a FAS uma vis\u00e3o hol\u00edstica que possibilitar\u00e1 an\u00e1lises integradas de todas as opera\u00e7\u00f5es e programas, cruzando temporalidade e territ\u00f3rios de atua\u00e7\u00e3o. A integra\u00e7\u00e3o de bases de dados permite diferentes combina\u00e7\u00f5es e an\u00e1lises preditivas relacionadas \u00e0 aloca\u00e7\u00e3o de recursos contra o impacto real na comunidade.<\/p>\n<p>A FAS consegue gerar diversos pain\u00e9is de visualiza\u00e7\u00e3o de aplica\u00e7\u00e3o de recursos, possibilitando o detalhamento financeiro e an\u00e1lise de efetividade de cada um dos projetos operados pela FAS, utilizando dados completos sobre recebimento e uso do dinheiro captado via doa\u00e7\u00f5es e, assim, mensurando impactos sociais e ambientais nas diferentes comunidades, localidades e aldeias.<\/p>\n<p>Por meio do cruzamento de diferentes bases de dados, a FAS gera relat\u00f3rios completos sobre sua gest\u00e3o financeira, oferecendo aos seus parceiros intelig\u00eancia sobre a aloca\u00e7\u00e3o dos fundos entre os diferentes projetos \u2013 um salto na governan\u00e7a financeira e na transpar\u00eancia das presta\u00e7\u00f5es de contas da Funda\u00e7\u00e3o. Os parceiros da FAS tamb\u00e9m podem obter informa\u00e7\u00f5es precisas sobre o impacto social e ambiental relacionado \u00e0s suas doa\u00e7\u00f5es, ajudando as empresas parceiras a tangibilizar suas atua\u00e7\u00f5es na conserva\u00e7\u00e3o da floresta e no desenvolvimento sustent\u00e1vel.<\/p>\n<p>Agora, a FAS cria pain\u00e9is de dados com intelig\u00eancia din\u00e2mica sobre, por exemplo, a efici\u00eancia das cadeias produtivas das comunidades apoiadas pela FAS, que produzem e comercializam produtos como a\u00e7a\u00ed, guaran\u00e1, farinha de Uarini e outros. Tamb\u00e9m \u00e9 poss\u00edvel acompanhar dados referentes aos empreendimentos comunit\u00e1rios apoiados pela Funda\u00e7\u00e3o, monitorando desempenho de neg\u00f3cios, efici\u00eancia na produ\u00e7\u00e3o ou quantidade de turistas resultante dos movimentos de pequenos empreendedores. Por fim, a FAS conseguir\u00e1 acompanhar a evolu\u00e7\u00e3o de dados socioecon\u00f4micos de seus benefici\u00e1rios, entregando uma vis\u00e3o completa da efetividade dos projetos em cada uma das comunidades, localidades e aldeias atendidas, o que guiar\u00e1 a tomada de decis\u00e3o para investimentos futuros.<\/p>\n<p>&nbsp;<\/p>\n<p><strong>Novos projetos de gest\u00e3o do conhecimento em andamento<\/strong><\/p>\n<p>Com toda a plataforma tecnol\u00f3gica de gest\u00e3o de dados em atividade, a FAS est\u00e1 agora estudando todas as diferentes formas de utiliza\u00e7\u00e3o da tecnologia para ampliar a efici\u00eancia das opera\u00e7\u00f5es da Funda\u00e7\u00e3o e de seus projetos.<\/p>\n<p>Est\u00e3o em estudo e prototipagem novos pain\u00e9is de dados que ampliar\u00e3o a visibilidade da alta gest\u00e3o sobre as opera\u00e7\u00f5es da Funda\u00e7\u00e3o; pain\u00e9is sobre as alian\u00e7as de enfrentamento \u00e0s emerg\u00eancias socioambientais, a exemplo da Alian\u00e7a Amaz\u00f4nia Clima, um movimento cidad\u00e3o e coletivo de combate aos efeitos da crise clim\u00e1tica na regi\u00e3o Amaz\u00f4nica; sobre a estrat\u00e9gia de pagamento por servi\u00e7os ambientais, ser\u00e1 poss\u00edvel ter acesso a todos os dados hist\u00f3ricos dos programas e projetos que contribu\u00edram para a evolu\u00e7\u00e3o da renda dos beneficiados ao longo do tempo; um painel para a gest\u00e3o dos recursos humanos da FAS, com hist\u00f3rico de desempenho dos colaboradores; e um painel geral de gest\u00e3o voltado \u00e0 tomada de decis\u00f5es em futuros projetos.<\/p>\n<p>&nbsp;<\/p>\n<p><strong>Hist\u00f3rico da parceria entre 麻豆原创 e FAS<\/strong><\/p>\n<p>Desde 2015, a 麻豆原创 apoia um projeto de desenvolvimento sustent\u00e1vel e conserva\u00e7\u00e3o da Amaz\u00f4nia em parceria\u00a0com\u00a0a FAS por meio de tecnologia, educa\u00e7\u00e3o e empreendedorismo. O suporte da 麻豆原创 \u00e0s a\u00e7\u00f5es envolve doa\u00e7\u00f5es de software, organiza\u00e7\u00e3o de voluntariado presencial ou virtual, consultoria, <a href=\"https:\/\/youtu.be\/MFegN_hstYY\">inclus\u00e3o digital<\/a> e mentoria a pequenos empreendedores de neg\u00f3cios sustent\u00e1veis, envolvendo respectivamente o Programa de Gest\u00e3o e Transpar\u00eancia, Programa de Empreendedorismo e Neg\u00f3cios Sustent\u00e1veis da Amaz\u00f4nia (PENSA) e Incubadora de Neg\u00f3cios da FAZ.<\/p>\n<p>Na comunicade Bauana, situada na Reserva de Desenvolvimento Sustent\u00e1vel de Uacari, a 800\u00a0km de Manaus,\u00a0a <a href=\"https:\/\/www.youtube.com\/watch?v=268WFWeF8TI\">companhia apoiou\u00a0um grupo de jovens\u00a0<\/a>na cria\u00e7\u00e3o de\u00a0uma Empresa de Base Comunit\u00e1ria (EBC Bauana) com doa\u00e7\u00e3o de verba, mentoria e implementa\u00e7\u00e3o do software 麻豆原创 BusinessOne para gest\u00e3o do modelo de neg\u00f3cio. Trata-se de uma iniciativa empreendedora respons\u00e1vel pela organiza\u00e7\u00e3o produtiva e beneficiamento de sementes de andiroba e murumuru para <a href=\"https:\/\/fas-amazonia.org\/novosite\/wp-content\/uploads\/2022\/02\/solucoes-oleos-vegetais.pdf\">produ\u00e7\u00e3o de \u00f3leo vegetal<\/a>, que atualmente beneficia mais de 300 fam\u00edlias.<\/p>\n<p>Outros neg\u00f3cios apoiados pela incubadora da FAS nas comunidades ribeirinhas e ind\u00edgenas tamb\u00e9m recebem apoio da 麻豆原创 com voluntariado e investimento de capital semente: duas f\u00e1bricas de farinha, cadeia produtiva do cacau, turismo de pesca esportiva, manejo do Pirarucu, pousada para turismo sustent\u00e1vel e restaurante de comidas ind\u00edgenas.<\/p>\n<p>Em 2018, a incubadora recebeu mentoria de executivos da 麻豆原创 para a escolha e prioriza\u00e7\u00e3o de projetos. Durante a pandemia, a empresa apoiou esses neg\u00f3cios na resolu\u00e7\u00e3o de problemas e busca por novas fontes de renda envolvendo diretamente sua alta lideran\u00e7a, como uma sess\u00e3o de <em>design thinking<\/em> altamente qualificada realizada presencialmente em mar\u00e7o de 2022, em S\u00e3o Paulo, com cerca de 20 executivos da 麻豆原创 e tr\u00eas empreendedores que vieram da Amaz\u00f4nia para a ocasi\u00e3o.<\/p>\n","protected":false},"excerpt":{"rendered":"<p>Projeto in\u00e9dito de consolida\u00e7\u00e3o e an\u00e1lise de informa\u00e7\u00f5es, com uso de tecnologia da 麻豆原创, amplia efici\u00eancia e transpar\u00eancia \u00a0 A 麻豆原创 e a Funda\u00e7\u00e3o Amaz\u00f4nia&#8230;<\/p>\n","protected":false},"author":137,"featured_media":17779,"comment_status":"closed","ping_status":"closed","sticky":false,"template":"","format":"standard","meta":{"footnotes":"","_links_to":"","_links_to_target":""},"categories":[52858,5599814],"tags":[5599889,47,213090,16615],"sapn-display":[48431,5599932,48433],"sapn-type":[4446],"class_list":["post-17778","post","type-post","status-publish","format-standard","has-post-thumbnail","hentry","category-sustentabilidade-topicos","category-tecnologia","tag-s","tag-sap","tag-sap-brasil","tag-sustentabilidade","sapn-display-homepage-hero","sapn-display-press-spotlight","sapn-display-hero","sapn-type-noticias"],"yoast_head":"<!-- This site is optimized with the Yoast SEO Premium plugin v26.9 (Yoast SEO v26.9) - https:\/\/yoast.com\/product\/yoast-seo-premium-wordpress\/ -->\n<title>Funda\u00e7\u00e3o Amaz\u00f4nia Sustent\u00e1vel adota gest\u00e3o inteligente de dados para alavancar o crescimento sustent\u00e1vel da regi\u00e3o - Sala de Imprensa 麻豆原创 Brasil<\/title>\n<meta name=\"robots\" content=\"index, follow, max-snippet:-1, max-image-preview:large, max-video-preview:-1\" \/>\n<link rel=\"canonical\" href=\"https:\/\/news.sap.com\/brazil\/2024\/04\/fundacao-amazonia-sustentavel-adota-gestao-inteligente-de-dados-para-alavancar-o-crescimento-sustentavel-da-regiao\/\" \/>\n<meta property=\"og:locale\" content=\"pt_BR\" \/>\n<meta property=\"og:type\" content=\"article\" \/>\n<meta property=\"og:title\" content=\"Funda\u00e7\u00e3o Amaz\u00f4nia Sustent\u00e1vel adota gest\u00e3o inteligente de dados para alavancar o crescimento sustent\u00e1vel da regi\u00e3o\" \/>\n<meta property=\"og:description\" content=\"Projeto in\u00e9dito de consolida\u00e7\u00e3o e an\u00e1lise de informa\u00e7\u00f5es, com uso de tecnologia da 麻豆原创, amplia efici\u00eancia e transpar\u00eancia \u00a0 A 麻豆原创 e a Funda\u00e7\u00e3o Amaz\u00f4nia...\" \/>\n<meta property=\"og:url\" content=\"https:\/\/news.sap.com\/brazil\/2024\/04\/fundacao-amazonia-sustentavel-adota-gestao-inteligente-de-dados-para-alavancar-o-crescimento-sustentavel-da-regiao\/\" \/>\n<meta property=\"og:site_name\" content=\"Sala de Imprensa 麻豆原创 Brasil\" \/>\n<meta property=\"article:published_time\" content=\"2024-04-02T14:11:59+00:00\" \/>\n<meta property=\"article:modified_time\" content=\"2024-04-02T14:13:07+00:00\" \/>\n<meta property=\"og:image\" content=\"https:\/\/news.sap.com\/brazil\/files\/2024\/04\/02\/imagem-11-1024x813.jpg\" \/>\n\t<meta property=\"og:image:width\" content=\"1024\" \/>\n\t<meta property=\"og:image:height\" content=\"813\" \/>\n\t<meta property=\"og:image:type\" content=\"image\/jpeg\" \/>\n<meta name=\"author\" content=\"麻豆原创 Not\u00edcias Brasil\" \/>\n<meta name=\"twitter:card\" content=\"summary_large_image\" \/>\n<meta name=\"twitter:creator\" content=\"@麻豆原创Brasil\" \/>\n<meta name=\"twitter:site\" content=\"@麻豆原创Brasil\" \/>\n<meta name=\"twitter:label1\" content=\"Escrito por\" \/>\n\t<meta name=\"twitter:data1\" content=\"麻豆原创 Not\u00edcias Brasil\" \/>\n\t<meta name=\"twitter:label2\" content=\"Est. tempo de leitura\" \/>\n\t<meta name=\"twitter:data2\" content=\"7 minutos\" \/>\n<script type=\"application\/ld+json\" class=\"yoast-schema-graph\">{\"@context\":\"https:\/\/schema.org\",\"@graph\":[{\"@type\":\"Article\",\"@id\":\"https:\/\/news.sap.com\/brazil\/2024\/04\/fundacao-amazonia-sustentavel-adota-gestao-inteligente-de-dados-para-alavancar-o-crescimento-sustentavel-da-regiao\/#article\",\"isPartOf\":{\"@id\":\"https:\/\/news.sap.com\/brazil\/2024\/04\/fundacao-amazonia-sustentavel-adota-gestao-inteligente-de-dados-para-alavancar-o-crescimento-sustentavel-da-regiao\/\"},\"author\":{\"name\":\"麻豆原创 Not\u00edcias Brasil\",\"@id\":\"https:\/\/news.sap.com\/brazil\/#\/schema\/person\/8cdf2c1130b6f3fadd9757cfd7f24daf\"},\"headline\":\"Funda\u00e7\u00e3o Amaz\u00f4nia Sustent\u00e1vel adota gest\u00e3o inteligente de dados para alavancar o crescimento sustent\u00e1vel da regi\u00e3o\",\"datePublished\":\"2024-04-02T14:11:59+00:00\",\"dateModified\":\"2024-04-02T14:13:07+00:00\",\"mainEntityOfPage\":{\"@id\":\"https:\/\/news.sap.com\/brazil\/2024\/04\/fundacao-amazonia-sustentavel-adota-gestao-inteligente-de-dados-para-alavancar-o-crescimento-sustentavel-da-regiao\/\"},\"wordCount\":1295,\"image\":{\"@id\":\"https:\/\/news.sap.com\/brazil\/2024\/04\/fundacao-amazonia-sustentavel-adota-gestao-inteligente-de-dados-para-alavancar-o-crescimento-sustentavel-da-regiao\/#primaryimage\"},\"thumbnailUrl\":\"https:\/\/news.sap.com\/brazil\/files\/2024\/04\/02\/imagem-11.jpg\",\"keywords\":[\"s\/\",\"麻豆原创\",\"麻豆原创 Brasil\",\"sustentabilidade\"],\"articleSection\":[\"Sustentabilidade\",\"Tecnologia\"],\"inLanguage\":\"pt-BR\"},{\"@type\":\"WebPage\",\"@id\":\"https:\/\/news.sap.com\/brazil\/2024\/04\/fundacao-amazonia-sustentavel-adota-gestao-inteligente-de-dados-para-alavancar-o-crescimento-sustentavel-da-regiao\/\",\"url\":\"https:\/\/news.sap.com\/brazil\/2024\/04\/fundacao-amazonia-sustentavel-adota-gestao-inteligente-de-dados-para-alavancar-o-crescimento-sustentavel-da-regiao\/\",\"name\":\"Funda\u00e7\u00e3o Amaz\u00f4nia Sustent\u00e1vel adota gest\u00e3o inteligente de dados para alavancar o crescimento sustent\u00e1vel da regi\u00e3o - Sala de Imprensa 麻豆原创 Brasil\",\"isPartOf\":{\"@id\":\"https:\/\/news.sap.com\/brazil\/#website\"},\"primaryImageOfPage\":{\"@id\":\"https:\/\/news.sap.com\/brazil\/2024\/04\/fundacao-amazonia-sustentavel-adota-gestao-inteligente-de-dados-para-alavancar-o-crescimento-sustentavel-da-regiao\/#primaryimage\"},\"image\":{\"@id\":\"https:\/\/news.sap.com\/brazil\/2024\/04\/fundacao-amazonia-sustentavel-adota-gestao-inteligente-de-dados-para-alavancar-o-crescimento-sustentavel-da-regiao\/#primaryimage\"},\"thumbnailUrl\":\"https:\/\/news.sap.com\/brazil\/files\/2024\/04\/02\/imagem-11.jpg\",\"datePublished\":\"2024-04-02T14:11:59+00:00\",\"dateModified\":\"2024-04-02T14:13:07+00:00\",\"author\":{\"@id\":\"https:\/\/news.sap.com\/brazil\/#\/schema\/person\/8cdf2c1130b6f3fadd9757cfd7f24daf\"},\"breadcrumb\":{\"@id\":\"https:\/\/news.sap.com\/brazil\/2024\/04\/fundacao-amazonia-sustentavel-adota-gestao-inteligente-de-dados-para-alavancar-o-crescimento-sustentavel-da-regiao\/#breadcrumb\"},\"inLanguage\":\"pt-BR\",\"potentialAction\":[{\"@type\":\"ReadAction\",\"target\":[\"https:\/\/news.sap.com\/brazil\/2024\/04\/fundacao-amazonia-sustentavel-adota-gestao-inteligente-de-dados-para-alavancar-o-crescimento-sustentavel-da-regiao\/\"]}]},{\"@type\":\"ImageObject\",\"inLanguage\":\"pt-BR\",\"@id\":\"https:\/\/news.sap.com\/brazil\/2024\/04\/fundacao-amazonia-sustentavel-adota-gestao-inteligente-de-dados-para-alavancar-o-crescimento-sustentavel-da-regiao\/#primaryimage\",\"url\":\"https:\/\/news.sap.com\/brazil\/files\/2024\/04\/02\/imagem-11.jpg\",\"contentUrl\":\"https:\/\/news.sap.com\/brazil\/files\/2024\/04\/02\/imagem-11.jpg\",\"width\":6426,\"height\":5102,\"caption\":\"Brazil, Pantanal, water lilies (Victoria regia) sunrise --- Image by \u00a9 Ocean\/Corbis\"},{\"@type\":\"BreadcrumbList\",\"@id\":\"https:\/\/news.sap.com\/brazil\/2024\/04\/fundacao-amazonia-sustentavel-adota-gestao-inteligente-de-dados-para-alavancar-o-crescimento-sustentavel-da-regiao\/#breadcrumb\",\"itemListElement\":[{\"@type\":\"ListItem\",\"position\":1,\"name\":\"Home\",\"item\":\"https:\/\/news.sap.com\/brazil\/\"},{\"@type\":\"ListItem\",\"position\":2,\"name\":\"Funda\u00e7\u00e3o Amaz\u00f4nia Sustent\u00e1vel adota gest\u00e3o inteligente de dados para alavancar o crescimento sustent\u00e1vel da regi\u00e3o\"}]},{\"@type\":\"WebSite\",\"@id\":\"https:\/\/news.sap.com\/brazil\/#website\",\"url\":\"https:\/\/news.sap.com\/brazil\/\",\"name\":\"Sala de Imprensa 麻豆原创 Brasil\",\"description\":\"Not\u00edcias e informa\u00e7\u00f5es sobre a 麻豆原创\",\"potentialAction\":[{\"@type\":\"SearchAction\",\"target\":{\"@type\":\"EntryPoint\",\"urlTemplate\":\"https:\/\/news.sap.com\/brazil\/?s={search_term_string}\"},\"query-input\":{\"@type\":\"PropertyValueSpecification\",\"valueRequired\":true,\"valueName\":\"search_term_string\"}}],\"inLanguage\":\"pt-BR\"},{\"@type\":\"Person\",\"@id\":\"https:\/\/news.sap.com\/brazil\/#\/schema\/person\/8cdf2c1130b6f3fadd9757cfd7f24daf\",\"name\":\"麻豆原创 Not\u00edcias Brasil\",\"image\":{\"@type\":\"ImageObject\",\"inLanguage\":\"pt-BR\",\"@id\":\"https:\/\/news.sap.com\/brazil\/#\/schema\/person\/image\/\",\"url\":\"https:\/\/news.sap.com\/brazil\/wp-content\/plugins\/wp-user-avatars\/wp-user-avatars\/assets\/images\/mystery.jpg\",\"contentUrl\":\"https:\/\/news.sap.com\/brazil\/wp-content\/plugins\/wp-user-avatars\/wp-user-avatars\/assets\/images\/mystery.jpg\",\"caption\":\"麻豆原创 Not\u00edcias Brasil\"},\"url\":\"https:\/\/news.sap.com\/brazil\/author\/brasil\/\"}]}<\/script>\n<!-- \/ Yoast SEO Premium plugin. -->","yoast_head_json":{"title":"Funda\u00e7\u00e3o Amaz\u00f4nia Sustent\u00e1vel adota gest\u00e3o inteligente de dados para alavancar o crescimento sustent\u00e1vel da regi\u00e3o - Sala de Imprensa 麻豆原创 Brasil","robots":{"index":"index","follow":"follow","max-snippet":"max-snippet:-1","max-image-preview":"max-image-preview:large","max-video-preview":"max-video-preview:-1"},"canonical":"https:\/\/news.sap.com\/brazil\/2024\/04\/fundacao-amazonia-sustentavel-adota-gestao-inteligente-de-dados-para-alavancar-o-crescimento-sustentavel-da-regiao\/","og_locale":"pt_BR","og_type":"article","og_title":"Funda\u00e7\u00e3o Amaz\u00f4nia Sustent\u00e1vel adota gest\u00e3o inteligente de dados para alavancar o crescimento sustent\u00e1vel da regi\u00e3o","og_description":"Projeto in\u00e9dito de consolida\u00e7\u00e3o e an\u00e1lise de informa\u00e7\u00f5es, com uso de tecnologia da 麻豆原创, amplia efici\u00eancia e transpar\u00eancia \u00a0 A 麻豆原创 e a Funda\u00e7\u00e3o Amaz\u00f4nia...","og_url":"https:\/\/news.sap.com\/brazil\/2024\/04\/fundacao-amazonia-sustentavel-adota-gestao-inteligente-de-dados-para-alavancar-o-crescimento-sustentavel-da-regiao\/","og_site_name":"Sala de Imprensa 麻豆原创 Brasil","article_published_time":"2024-04-02T14:11:59+00:00","article_modified_time":"2024-04-02T14:13:07+00:00","og_image":[{"width":1024,"height":813,"url":"https:\/\/news.sap.com\/brazil\/files\/2024\/04\/02\/imagem-11-1024x813.jpg","type":"image\/jpeg"}],"author":"麻豆原创 Not\u00edcias Brasil","twitter_card":"summary_large_image","twitter_creator":"@麻豆原创Brasil","twitter_site":"@麻豆原创Brasil","twitter_misc":{"Escrito por":"麻豆原创 Not\u00edcias Brasil","Est. tempo de leitura":"7 minutos"},"schema":{"@context":"https:\/\/schema.org","@graph":[{"@type":"Article","@id":"https:\/\/news.sap.com\/brazil\/2024\/04\/fundacao-amazonia-sustentavel-adota-gestao-inteligente-de-dados-para-alavancar-o-crescimento-sustentavel-da-regiao\/#article","isPartOf":{"@id":"https:\/\/news.sap.com\/brazil\/2024\/04\/fundacao-amazonia-sustentavel-adota-gestao-inteligente-de-dados-para-alavancar-o-crescimento-sustentavel-da-regiao\/"},"author":{"name":"麻豆原创 Not\u00edcias Brasil","@id":"https:\/\/news.sap.com\/brazil\/#\/schema\/person\/8cdf2c1130b6f3fadd9757cfd7f24daf"},"headline":"Funda\u00e7\u00e3o Amaz\u00f4nia Sustent\u00e1vel adota gest\u00e3o inteligente de dados para alavancar o crescimento sustent\u00e1vel da regi\u00e3o","datePublished":"2024-04-02T14:11:59+00:00","dateModified":"2024-04-02T14:13:07+00:00","mainEntityOfPage":{"@id":"https:\/\/news.sap.com\/brazil\/2024\/04\/fundacao-amazonia-sustentavel-adota-gestao-inteligente-de-dados-para-alavancar-o-crescimento-sustentavel-da-regiao\/"},"wordCount":1295,"image":{"@id":"https:\/\/news.sap.com\/brazil\/2024\/04\/fundacao-amazonia-sustentavel-adota-gestao-inteligente-de-dados-para-alavancar-o-crescimento-sustentavel-da-regiao\/#primaryimage"},"thumbnailUrl":"https:\/\/news.sap.com\/brazil\/files\/2024\/04\/02\/imagem-11.jpg","keywords":["s\/","麻豆原创","麻豆原创 Brasil","sustentabilidade"],"articleSection":["Sustentabilidade","Tecnologia"],"inLanguage":"pt-BR"},{"@type":"WebPage","@id":"https:\/\/news.sap.com\/brazil\/2024\/04\/fundacao-amazonia-sustentavel-adota-gestao-inteligente-de-dados-para-alavancar-o-crescimento-sustentavel-da-regiao\/","url":"https:\/\/news.sap.com\/brazil\/2024\/04\/fundacao-amazonia-sustentavel-adota-gestao-inteligente-de-dados-para-alavancar-o-crescimento-sustentavel-da-regiao\/","name":"Funda\u00e7\u00e3o Amaz\u00f4nia Sustent\u00e1vel adota gest\u00e3o inteligente de dados para alavancar o crescimento sustent\u00e1vel da regi\u00e3o - Sala de Imprensa 麻豆原创 Brasil","isPartOf":{"@id":"https:\/\/news.sap.com\/brazil\/#website"},"primaryImageOfPage":{"@id":"https:\/\/news.sap.com\/brazil\/2024\/04\/fundacao-amazonia-sustentavel-adota-gestao-inteligente-de-dados-para-alavancar-o-crescimento-sustentavel-da-regiao\/#primaryimage"},"image":{"@id":"https:\/\/news.sap.com\/brazil\/2024\/04\/fundacao-amazonia-sustentavel-adota-gestao-inteligente-de-dados-para-alavancar-o-crescimento-sustentavel-da-regiao\/#primaryimage"},"thumbnailUrl":"https:\/\/news.sap.com\/brazil\/files\/2024\/04\/02\/imagem-11.jpg","datePublished":"2024-04-02T14:11:59+00:00","dateModified":"2024-04-02T14:13:07+00:00","author":{"@id":"https:\/\/news.sap.com\/brazil\/#\/schema\/person\/8cdf2c1130b6f3fadd9757cfd7f24daf"},"breadcrumb":{"@id":"https:\/\/news.sap.com\/brazil\/2024\/04\/fundacao-amazonia-sustentavel-adota-gestao-inteligente-de-dados-para-alavancar-o-crescimento-sustentavel-da-regiao\/#breadcrumb"},"inLanguage":"pt-BR","potentialAction":[{"@type":"ReadAction","target":["https:\/\/news.sap.com\/brazil\/2024\/04\/fundacao-amazonia-sustentavel-adota-gestao-inteligente-de-dados-para-alavancar-o-crescimento-sustentavel-da-regiao\/"]}]},{"@type":"ImageObject","inLanguage":"pt-BR","@id":"https:\/\/news.sap.com\/brazil\/2024\/04\/fundacao-amazonia-sustentavel-adota-gestao-inteligente-de-dados-para-alavancar-o-crescimento-sustentavel-da-regiao\/#primaryimage","url":"https:\/\/news.sap.com\/brazil\/files\/2024\/04\/02\/imagem-11.jpg","contentUrl":"https:\/\/news.sap.com\/brazil\/files\/2024\/04\/02\/imagem-11.jpg","width":6426,"height":5102,"caption":"Brazil, Pantanal, water lilies (Victoria regia) sunrise --- Image by \u00a9 Ocean\/Corbis"},{"@type":"BreadcrumbList","@id":"https:\/\/news.sap.com\/brazil\/2024\/04\/fundacao-amazonia-sustentavel-adota-gestao-inteligente-de-dados-para-alavancar-o-crescimento-sustentavel-da-regiao\/#breadcrumb","itemListElement":[{"@type":"ListItem","position":1,"name":"Home","item":"https:\/\/news.sap.com\/brazil\/"},{"@type":"ListItem","position":2,"name":"Funda\u00e7\u00e3o Amaz\u00f4nia Sustent\u00e1vel adota gest\u00e3o inteligente de dados para alavancar o crescimento sustent\u00e1vel da regi\u00e3o"}]},{"@type":"WebSite","@id":"https:\/\/news.sap.com\/brazil\/#website","url":"https:\/\/news.sap.com\/brazil\/","name":"Sala de Imprensa 麻豆原创 Brasil","description":"Not\u00edcias e informa\u00e7\u00f5es sobre a 麻豆原创","potentialAction":[{"@type":"SearchAction","target":{"@type":"EntryPoint","urlTemplate":"https:\/\/news.sap.com\/brazil\/?s={search_term_string}"},"query-input":{"@type":"PropertyValueSpecification","valueRequired":true,"valueName":"search_term_string"}}],"inLanguage":"pt-BR"},{"@type":"Person","@id":"https:\/\/news.sap.com\/brazil\/#\/schema\/person\/8cdf2c1130b6f3fadd9757cfd7f24daf","name":"麻豆原创 Not\u00edcias Brasil","image":{"@type":"ImageObject","inLanguage":"pt-BR","@id":"https:\/\/news.sap.com\/brazil\/#\/schema\/person\/image\/","url":"https:\/\/news.sap.com\/brazil\/wp-content\/plugins\/wp-user-avatars\/wp-user-avatars\/assets\/images\/mystery.jpg","contentUrl":"https:\/\/news.sap.com\/brazil\/wp-content\/plugins\/wp-user-avatars\/wp-user-avatars\/assets\/images\/mystery.jpg","caption":"麻豆原创 Not\u00edcias Brasil"},"url":"https:\/\/news.sap.com\/brazil\/author\/brasil\/"}]}},"amp_enabled":true,"_links":{"self":[{"href":"https:\/\/news.sap.com\/brazil\/wp-json\/wp\/v2\/posts\/17778","targetHints":{"allow":["GET"]}}],"collection":[{"href":"https:\/\/news.sap.com\/brazil\/wp-json\/wp\/v2\/posts"}],"about":[{"href":"https:\/\/news.sap.com\/brazil\/wp-json\/wp\/v2\/types\/post"}],"author":[{"embeddable":true,"href":"https:\/\/news.sap.com\/brazil\/wp-json\/wp\/v2\/users\/137"}],"replies":[{"embeddable":true,"href":"https:\/\/news.sap.com\/brazil\/wp-json\/wp\/v2\/comments?post=17778"}],"version-history":[{"count":0,"href":"https:\/\/news.sap.com\/brazil\/wp-json\/wp\/v2\/posts\/17778\/revisions"}],"wp:featuredmedia":[{"embeddable":true,"href":"https:\/\/news.sap.com\/brazil\/wp-json\/wp\/v2\/media\/17779"}],"wp:attachment":[{"href":"https:\/\/news.sap.com\/brazil\/wp-json\/wp\/v2\/media?parent=17778"}],"wp:term":[{"taxonomy":"category","embeddable":true,"href":"https:\/\/news.sap.com\/brazil\/wp-json\/wp\/v2\/categories?post=17778"},{"taxonomy":"post_tag","embeddable":true,"href":"https:\/\/news.sap.com\/brazil\/wp-json\/wp\/v2\/tags?post=17778"},{"taxonomy":"sapn-display","embeddable":true,"href":"https:\/\/news.sap.com\/brazil\/wp-json\/wp\/v2\/sapn-display?post=17778"},{"taxonomy":"sapn-type","embeddable":true,"href":"https:\/\/news.sap.com\/brazil\/wp-json\/wp\/v2\/sapn-type?post=17778"}],"curies":[{"name":"wp","href":"https:\/\/api.w.org\/{rel}","templated":true}]}}