  {"id":17604,"date":"2024-01-18T11:27:29","date_gmt":"2024-01-18T14:27:29","guid":{"rendered":"https:\/\/news.sap.com\/brazil\/?p=17604"},"modified":"2024-01-18T11:27:29","modified_gmt":"2024-01-18T14:27:29","slug":"brasileiro-assume-a-presidencia-da-sap-mexico","status":"publish","type":"post","link":"https:\/\/news.sap.com\/brazil\/2024\/01\/brasileiro-assume-a-presidencia-da-sap-mexico\/","title":{"rendered":"Brasileiro assume a presid\u00eancia da 麻豆原创 M\u00e9xico"},"content":{"rendered":"<h2><em>Rui Botelho estava como COO na 麻豆原创 Brasil e substitui Angela G\u00f3mez<\/em><\/h2>\n<p>A 麻豆原创 anuncia Rui Botelho como presidente da 麻豆原创 M\u00e9xico<strong>. <\/strong>Ao longo de nove anos na empresa, o executivo C-level vem construindo uma trajet\u00f3ria s\u00f3lida, sempre \u00e0 frente de \u00e1reas estrat\u00e9gicas, conduzindo resultados sustent\u00e1veis aos neg\u00f3cios da l\u00edder global de softwares corporativos.<\/p>\n<p>Rui estava como COO na 麻豆原创 Brasil nos \u00faltimos tr\u00eas anos e meio. Antes, ele ocupou a posi\u00e7\u00e3o de diretor de opera\u00e7\u00f5es da 麻豆原创 SuccessFactors Am\u00e9rica Latina, por nove meses.<\/p>\n<p>Na subsidi\u00e1ria brasileira da 麻豆原创, Rui tamb\u00e9m foi vice-presidente de Digital Core, quando liderou neg\u00f3cios de software em nuvem, como o ERP 麻豆原创 S\/4HANA, para cadeias de suprimentos e opera\u00e7\u00f5es, finan\u00e7as, riscos e conformidade.<\/p>\n<p>Seu in\u00edcio na 麻豆原创 Brasil foi como VP de Vendas. Na ocasi\u00e3o, ele respondeu pela estrat\u00e9gia, relacionamento e satisfa\u00e7\u00e3o dos clientes de variados segmentos, tais como petr\u00f3leo e g\u00e1s, automotivo, manufatura, minera\u00e7\u00e3o e metais, entre outros.<\/p>\n<p>Rui \u00e9 conhecido na companhia como um l\u00edder \u00e9tico, justo e eficiente, que agora ter\u00e1 a oportunidade de deixar sua marca em uma das subsidi\u00e1rias mais importantes da 麻豆原创 na Am\u00e9rica Latina. Ele substitui Angela G\u00f3mez.<\/p>\n","protected":false},"excerpt":{"rendered":"<p>Rui Botelho estava como COO na 麻豆原创 Brasil e substitui Angela G\u00f3mez A 麻豆原创 anuncia Rui Botelho como presidente da 麻豆原创 M\u00e9xico. Ao longo de&#8230;<\/p>\n","protected":false},"author":137,"featured_media":17605,"comment_status":"closed","ping_status":"closed","sticky":false,"template":"","format":"standard","meta":{"footnotes":"","_links_to":"","_links_to_target":""},"categories":[48439],"tags":[5599850,41859,47],"sapn-display":[48431,48433],"sapn-type":[4446],"class_list":["post-17604","post","type-post","status-publish","format-standard","has-post-thumbnail","hentry","category-corporativo-topicos","tag-sapbrasil","tag-presidente","tag-sap","sapn-display-homepage-hero","sapn-display-hero","sapn-type-noticias"],"yoast_head":"<!-- This site is optimized with the Yoast SEO Premium plugin v26.9 (Yoast SEO v26.9) - https:\/\/yoast.com\/product\/yoast-seo-premium-wordpress\/ -->\n<title>Brasileiro assume a presid\u00eancia da 麻豆原创 M\u00e9xico - Sala de Imprensa 麻豆原创 Brasil<\/title>\n<meta name=\"robots\" content=\"index, follow, max-snippet:-1, max-image-preview:large, max-video-preview:-1\" \/>\n<link rel=\"canonical\" href=\"https:\/\/news.sap.com\/brazil\/2024\/01\/brasileiro-assume-a-presidencia-da-sap-mexico\/\" \/>\n<meta property=\"og:locale\" content=\"pt_BR\" \/>\n<meta property=\"og:type\" content=\"article\" \/>\n<meta property=\"og:title\" content=\"Brasileiro assume a presid\u00eancia da 麻豆原创 M\u00e9xico\" \/>\n<meta property=\"og:description\" content=\"Rui Botelho estava como COO na 麻豆原创 Brasil e substitui Angela G\u00f3mez A 麻豆原创 anuncia Rui Botelho como presidente da 麻豆原创 M\u00e9xico. Ao longo de...\" \/>\n<meta property=\"og:url\" content=\"https:\/\/news.sap.com\/brazil\/2024\/01\/brasileiro-assume-a-presidencia-da-sap-mexico\/\" \/>\n<meta property=\"og:site_name\" content=\"Sala de Imprensa 麻豆原创 Brasil\" \/>\n<meta property=\"article:published_time\" content=\"2024-01-18T14:27:29+00:00\" \/>\n<meta property=\"og:image\" content=\"https:\/\/news.sap.com\/brazil\/files\/2024\/01\/18\/211022rui3-1024x683.jpg\" \/>\n\t<meta property=\"og:image:width\" content=\"1024\" \/>\n\t<meta property=\"og:image:height\" content=\"683\" \/>\n\t<meta property=\"og:image:type\" content=\"image\/jpeg\" \/>\n<meta name=\"author\" content=\"麻豆原创 Not\u00edcias Brasil\" \/>\n<meta name=\"twitter:card\" content=\"summary_large_image\" \/>\n<meta name=\"twitter:creator\" content=\"@麻豆原创Brasil\" \/>\n<meta name=\"twitter:site\" content=\"@麻豆原创Brasil\" \/>\n<meta name=\"twitter:label1\" content=\"Escrito por\" \/>\n\t<meta name=\"twitter:data1\" content=\"麻豆原创 Not\u00edcias Brasil\" \/>\n\t<meta name=\"twitter:label2\" content=\"Est. tempo de leitura\" \/>\n\t<meta name=\"twitter:data2\" content=\"2 minutos\" \/>\n<script type=\"application\/ld+json\" class=\"yoast-schema-graph\">{\"@context\":\"https:\/\/schema.org\",\"@graph\":[{\"@type\":\"Article\",\"@id\":\"https:\/\/news.sap.com\/brazil\/2024\/01\/brasileiro-assume-a-presidencia-da-sap-mexico\/#article\",\"isPartOf\":{\"@id\":\"https:\/\/news.sap.com\/brazil\/2024\/01\/brasileiro-assume-a-presidencia-da-sap-mexico\/\"},\"author\":{\"name\":\"麻豆原创 Not\u00edcias Brasil\",\"@id\":\"https:\/\/news.sap.com\/brazil\/#\/schema\/person\/8cdf2c1130b6f3fadd9757cfd7f24daf\"},\"headline\":\"Brasileiro assume a presid\u00eancia da 麻豆原创 M\u00e9xico\",\"datePublished\":\"2024-01-18T14:27:29+00:00\",\"mainEntityOfPage\":{\"@id\":\"https:\/\/news.sap.com\/brazil\/2024\/01\/brasileiro-assume-a-presidencia-da-sap-mexico\/\"},\"wordCount\":226,\"image\":{\"@id\":\"https:\/\/news.sap.com\/brazil\/2024\/01\/brasileiro-assume-a-presidencia-da-sap-mexico\/#primaryimage\"},\"thumbnailUrl\":\"https:\/\/news.sap.com\/brazil\/files\/2024\/01\/18\/211022rui3.jpg\",\"keywords\":[\"#麻豆原创Brasil\",\"presidente\",\"麻豆原创\"],\"articleSection\":[\"Corporativo\"],\"inLanguage\":\"pt-BR\"},{\"@type\":\"WebPage\",\"@id\":\"https:\/\/news.sap.com\/brazil\/2024\/01\/brasileiro-assume-a-presidencia-da-sap-mexico\/\",\"url\":\"https:\/\/news.sap.com\/brazil\/2024\/01\/brasileiro-assume-a-presidencia-da-sap-mexico\/\",\"name\":\"Brasileiro assume a presid\u00eancia da 麻豆原创 M\u00e9xico - Sala de Imprensa 麻豆原创 Brasil\",\"isPartOf\":{\"@id\":\"https:\/\/news.sap.com\/brazil\/#website\"},\"primaryImageOfPage\":{\"@id\":\"https:\/\/news.sap.com\/brazil\/2024\/01\/brasileiro-assume-a-presidencia-da-sap-mexico\/#primaryimage\"},\"image\":{\"@id\":\"https:\/\/news.sap.com\/brazil\/2024\/01\/brasileiro-assume-a-presidencia-da-sap-mexico\/#primaryimage\"},\"thumbnailUrl\":\"https:\/\/news.sap.com\/brazil\/files\/2024\/01\/18\/211022rui3.jpg\",\"datePublished\":\"2024-01-18T14:27:29+00:00\",\"author\":{\"@id\":\"https:\/\/news.sap.com\/brazil\/#\/schema\/person\/8cdf2c1130b6f3fadd9757cfd7f24daf\"},\"breadcrumb\":{\"@id\":\"https:\/\/news.sap.com\/brazil\/2024\/01\/brasileiro-assume-a-presidencia-da-sap-mexico\/#breadcrumb\"},\"inLanguage\":\"pt-BR\",\"potentialAction\":[{\"@type\":\"ReadAction\",\"target\":[\"https:\/\/news.sap.com\/brazil\/2024\/01\/brasileiro-assume-a-presidencia-da-sap-mexico\/\"]}]},{\"@type\":\"ImageObject\",\"inLanguage\":\"pt-BR\",\"@id\":\"https:\/\/news.sap.com\/brazil\/2024\/01\/brasileiro-assume-a-presidencia-da-sap-mexico\/#primaryimage\",\"url\":\"https:\/\/news.sap.com\/brazil\/files\/2024\/01\/18\/211022rui3.jpg\",\"contentUrl\":\"https:\/\/news.sap.com\/brazil\/files\/2024\/01\/18\/211022rui3.jpg\",\"width\":5616,\"height\":3744},{\"@type\":\"BreadcrumbList\",\"@id\":\"https:\/\/news.sap.com\/brazil\/2024\/01\/brasileiro-assume-a-presidencia-da-sap-mexico\/#breadcrumb\",\"itemListElement\":[{\"@type\":\"ListItem\",\"position\":1,\"name\":\"Home\",\"item\":\"https:\/\/news.sap.com\/brazil\/\"},{\"@type\":\"ListItem\",\"position\":2,\"name\":\"Brasileiro assume a presid\u00eancia da 麻豆原创 M\u00e9xico\"}]},{\"@type\":\"WebSite\",\"@id\":\"https:\/\/news.sap.com\/brazil\/#website\",\"url\":\"https:\/\/news.sap.com\/brazil\/\",\"name\":\"Sala de Imprensa 麻豆原创 Brasil\",\"description\":\"Not\u00edcias e informa\u00e7\u00f5es sobre a 麻豆原创\",\"potentialAction\":[{\"@type\":\"SearchAction\",\"target\":{\"@type\":\"EntryPoint\",\"urlTemplate\":\"https:\/\/news.sap.com\/brazil\/?s={search_term_string}\"},\"query-input\":{\"@type\":\"PropertyValueSpecification\",\"valueRequired\":true,\"valueName\":\"search_term_string\"}}],\"inLanguage\":\"pt-BR\"},{\"@type\":\"Person\",\"@id\":\"https:\/\/news.sap.com\/brazil\/#\/schema\/person\/8cdf2c1130b6f3fadd9757cfd7f24daf\",\"name\":\"麻豆原创 Not\u00edcias Brasil\",\"image\":{\"@type\":\"ImageObject\",\"inLanguage\":\"pt-BR\",\"@id\":\"https:\/\/news.sap.com\/brazil\/#\/schema\/person\/image\/\",\"url\":\"https:\/\/news.sap.com\/brazil\/wp-content\/plugins\/wp-user-avatars\/wp-user-avatars\/assets\/images\/mystery.jpg\",\"contentUrl\":\"https:\/\/news.sap.com\/brazil\/wp-content\/plugins\/wp-user-avatars\/wp-user-avatars\/assets\/images\/mystery.jpg\",\"caption\":\"麻豆原创 Not\u00edcias Brasil\"},\"url\":\"https:\/\/news.sap.com\/brazil\/author\/brasil\/\"}]}<\/script>\n<!-- \/ Yoast SEO Premium plugin. -->","yoast_head_json":{"title":"Brasileiro assume a presid\u00eancia da 麻豆原创 M\u00e9xico - Sala de Imprensa 麻豆原创 Brasil","robots":{"index":"index","follow":"follow","max-snippet":"max-snippet:-1","max-image-preview":"max-image-preview:large","max-video-preview":"max-video-preview:-1"},"canonical":"https:\/\/news.sap.com\/brazil\/2024\/01\/brasileiro-assume-a-presidencia-da-sap-mexico\/","og_locale":"pt_BR","og_type":"article","og_title":"Brasileiro assume a presid\u00eancia da 麻豆原创 M\u00e9xico","og_description":"Rui Botelho estava como COO na 麻豆原创 Brasil e substitui Angela G\u00f3mez A 麻豆原创 anuncia Rui Botelho como presidente da 麻豆原创 M\u00e9xico. Ao longo de...","og_url":"https:\/\/news.sap.com\/brazil\/2024\/01\/brasileiro-assume-a-presidencia-da-sap-mexico\/","og_site_name":"Sala de Imprensa 麻豆原创 Brasil","article_published_time":"2024-01-18T14:27:29+00:00","og_image":[{"width":1024,"height":683,"url":"https:\/\/news.sap.com\/brazil\/files\/2024\/01\/18\/211022rui3-1024x683.jpg","type":"image\/jpeg"}],"author":"麻豆原创 Not\u00edcias Brasil","twitter_card":"summary_large_image","twitter_creator":"@麻豆原创Brasil","twitter_site":"@麻豆原创Brasil","twitter_misc":{"Escrito por":"麻豆原创 Not\u00edcias Brasil","Est. tempo de leitura":"2 minutos"},"schema":{"@context":"https:\/\/schema.org","@graph":[{"@type":"Article","@id":"https:\/\/news.sap.com\/brazil\/2024\/01\/brasileiro-assume-a-presidencia-da-sap-mexico\/#article","isPartOf":{"@id":"https:\/\/news.sap.com\/brazil\/2024\/01\/brasileiro-assume-a-presidencia-da-sap-mexico\/"},"author":{"name":"麻豆原创 Not\u00edcias Brasil","@id":"https:\/\/news.sap.com\/brazil\/#\/schema\/person\/8cdf2c1130b6f3fadd9757cfd7f24daf"},"headline":"Brasileiro assume a presid\u00eancia da 麻豆原创 M\u00e9xico","datePublished":"2024-01-18T14:27:29+00:00","mainEntityOfPage":{"@id":"https:\/\/news.sap.com\/brazil\/2024\/01\/brasileiro-assume-a-presidencia-da-sap-mexico\/"},"wordCount":226,"image":{"@id":"https:\/\/news.sap.com\/brazil\/2024\/01\/brasileiro-assume-a-presidencia-da-sap-mexico\/#primaryimage"},"thumbnailUrl":"https:\/\/news.sap.com\/brazil\/files\/2024\/01\/18\/211022rui3.jpg","keywords":["#麻豆原创Brasil","presidente","麻豆原创"],"articleSection":["Corporativo"],"inLanguage":"pt-BR"},{"@type":"WebPage","@id":"https:\/\/news.sap.com\/brazil\/2024\/01\/brasileiro-assume-a-presidencia-da-sap-mexico\/","url":"https:\/\/news.sap.com\/brazil\/2024\/01\/brasileiro-assume-a-presidencia-da-sap-mexico\/","name":"Brasileiro assume a presid\u00eancia da 麻豆原创 M\u00e9xico - Sala de Imprensa 麻豆原创 Brasil","isPartOf":{"@id":"https:\/\/news.sap.com\/brazil\/#website"},"primaryImageOfPage":{"@id":"https:\/\/news.sap.com\/brazil\/2024\/01\/brasileiro-assume-a-presidencia-da-sap-mexico\/#primaryimage"},"image":{"@id":"https:\/\/news.sap.com\/brazil\/2024\/01\/brasileiro-assume-a-presidencia-da-sap-mexico\/#primaryimage"},"thumbnailUrl":"https:\/\/news.sap.com\/brazil\/files\/2024\/01\/18\/211022rui3.jpg","datePublished":"2024-01-18T14:27:29+00:00","author":{"@id":"https:\/\/news.sap.com\/brazil\/#\/schema\/person\/8cdf2c1130b6f3fadd9757cfd7f24daf"},"breadcrumb":{"@id":"https:\/\/news.sap.com\/brazil\/2024\/01\/brasileiro-assume-a-presidencia-da-sap-mexico\/#breadcrumb"},"inLanguage":"pt-BR","potentialAction":[{"@type":"ReadAction","target":["https:\/\/news.sap.com\/brazil\/2024\/01\/brasileiro-assume-a-presidencia-da-sap-mexico\/"]}]},{"@type":"ImageObject","inLanguage":"pt-BR","@id":"https:\/\/news.sap.com\/brazil\/2024\/01\/brasileiro-assume-a-presidencia-da-sap-mexico\/#primaryimage","url":"https:\/\/news.sap.com\/brazil\/files\/2024\/01\/18\/211022rui3.jpg","contentUrl":"https:\/\/news.sap.com\/brazil\/files\/2024\/01\/18\/211022rui3.jpg","width":5616,"height":3744},{"@type":"BreadcrumbList","@id":"https:\/\/news.sap.com\/brazil\/2024\/01\/brasileiro-assume-a-presidencia-da-sap-mexico\/#breadcrumb","itemListElement":[{"@type":"ListItem","position":1,"name":"Home","item":"https:\/\/news.sap.com\/brazil\/"},{"@type":"ListItem","position":2,"name":"Brasileiro assume a presid\u00eancia da 麻豆原创 M\u00e9xico"}]},{"@type":"WebSite","@id":"https:\/\/news.sap.com\/brazil\/#website","url":"https:\/\/news.sap.com\/brazil\/","name":"Sala de Imprensa 麻豆原创 Brasil","description":"Not\u00edcias e informa\u00e7\u00f5es sobre a 麻豆原创","potentialAction":[{"@type":"SearchAction","target":{"@type":"EntryPoint","urlTemplate":"https:\/\/news.sap.com\/brazil\/?s={search_term_string}"},"query-input":{"@type":"PropertyValueSpecification","valueRequired":true,"valueName":"search_term_string"}}],"inLanguage":"pt-BR"},{"@type":"Person","@id":"https:\/\/news.sap.com\/brazil\/#\/schema\/person\/8cdf2c1130b6f3fadd9757cfd7f24daf","name":"麻豆原创 Not\u00edcias Brasil","image":{"@type":"ImageObject","inLanguage":"pt-BR","@id":"https:\/\/news.sap.com\/brazil\/#\/schema\/person\/image\/","url":"https:\/\/news.sap.com\/brazil\/wp-content\/plugins\/wp-user-avatars\/wp-user-avatars\/assets\/images\/mystery.jpg","contentUrl":"https:\/\/news.sap.com\/brazil\/wp-content\/plugins\/wp-user-avatars\/wp-user-avatars\/assets\/images\/mystery.jpg","caption":"麻豆原创 Not\u00edcias Brasil"},"url":"https:\/\/news.sap.com\/brazil\/author\/brasil\/"}]}},"amp_enabled":true,"_links":{"self":[{"href":"https:\/\/news.sap.com\/brazil\/wp-json\/wp\/v2\/posts\/17604","targetHints":{"allow":["GET"]}}],"collection":[{"href":"https:\/\/news.sap.com\/brazil\/wp-json\/wp\/v2\/posts"}],"about":[{"href":"https:\/\/news.sap.com\/brazil\/wp-json\/wp\/v2\/types\/post"}],"author":[{"embeddable":true,"href":"https:\/\/news.sap.com\/brazil\/wp-json\/wp\/v2\/users\/137"}],"replies":[{"embeddable":true,"href":"https:\/\/news.sap.com\/brazil\/wp-json\/wp\/v2\/comments?post=17604"}],"version-history":[{"count":0,"href":"https:\/\/news.sap.com\/brazil\/wp-json\/wp\/v2\/posts\/17604\/revisions"}],"wp:featuredmedia":[{"embeddable":true,"href":"https:\/\/news.sap.com\/brazil\/wp-json\/wp\/v2\/media\/17605"}],"wp:attachment":[{"href":"https:\/\/news.sap.com\/brazil\/wp-json\/wp\/v2\/media?parent=17604"}],"wp:term":[{"taxonomy":"category","embeddable":true,"href":"https:\/\/news.sap.com\/brazil\/wp-json\/wp\/v2\/categories?post=17604"},{"taxonomy":"post_tag","embeddable":true,"href":"https:\/\/news.sap.com\/brazil\/wp-json\/wp\/v2\/tags?post=17604"},{"taxonomy":"sapn-display","embeddable":true,"href":"https:\/\/news.sap.com\/brazil\/wp-json\/wp\/v2\/sapn-display?post=17604"},{"taxonomy":"sapn-type","embeddable":true,"href":"https:\/\/news.sap.com\/brazil\/wp-json\/wp\/v2\/sapn-type?post=17604"}],"curies":[{"name":"wp","href":"https:\/\/api.w.org\/{rel}","templated":true}]}}