  {"id":17585,"date":"2024-01-23T09:00:33","date_gmt":"2024-01-23T12:00:33","guid":{"rendered":"https:\/\/news.sap.com\/brazil\/?p=17585"},"modified":"2024-01-03T15:34:09","modified_gmt":"2024-01-03T18:34:09","slug":"de-o-primeiro-passo-em-direcao-a-sustentabilidade-empresarial-bl0g","status":"publish","type":"post","link":"https:\/\/news.sap.com\/brazil\/2024\/01\/de-o-primeiro-passo-em-direcao-a-sustentabilidade-empresarial-bl0g\/","title":{"rendered":"D\u00ea o primeiro passo em dire\u00e7\u00e3o \u00e0 sustentabilidade empresarial"},"content":{"rendered":"<p class=\"lead\"><em><i>O caminho para a sustentabilidade empresarial integra pessoas, planeta e lucro. \u00a0\u00a0\u00a0\u00a0\u00a0<\/i><\/em><\/p>\n<p>No cen\u00e1rio corporativo atual,\u00a0a sustentabilidade j\u00e1 est\u00e1 deixando de ser escolha \u00e9tica para se tornar, por diversos motivos, uma necessidade. A redefini\u00e7\u00e3o do sucesso empresarial est\u00e1 intrinsecamente ligada \u00e0 compreens\u00e3o dos impactos que as organiza\u00e7\u00f5es causam no planeta e \u00e0 aplica\u00e7\u00e3o desses insights em decis\u00f5es estrat\u00e9gicas. Alguns fatores determinantes est\u00e3o moldando o futuro da sustentabilidade:<\/p>\n<h3><strong>Comprometimento com as partes interessadas<\/strong><\/h3>\n<p>Investir em\u00a0pr\u00e1ticas sustent\u00e1veis com o intuito de reduzir as\u00a0emiss\u00f5es de carbono\u00a0\u00e9 de extrema import\u00e2ncia, mas \u00e9 preciso ir al\u00e9m.\u00a0Expandir para abordagens mais abrangentes, como garantir pr\u00e1ticas laborais justas, \u00e9 essencial para promover o engajamento da causa. Al\u00e9m disso, comunicar constantemente os esfor\u00e7os aos acionistas, clientes e m\u00eddia\u00a0far\u00e1 com que os grupos interessados fiquem satisfeitos e se sintam inspirados.<\/p>\n<h3><strong>Lucratividade e sustentabilidade como um s\u00f3 pensamento<\/strong><\/h3>\n<p>L\u00edderes que possuem vis\u00e3o de m\u00e9dio e longo prazo reconhecem a liga\u00e7\u00e3o entre o\u00a0sucesso financeiro das empresas e a sa\u00fade do planeta. Por este motivo, analisar\u00a0n\u00e3o apenas os lucros, mas tamb\u00e9m o valor das a\u00e7\u00f5es\u00a0para meio ambiente e sociedade.<\/p>\n<h3><strong>Uso de ferramentas tecnol\u00f3gicas<\/strong><\/h3>\n<p>Investimentos em novas tecnologias, como IoT, <a href=\"https:\/\/www.sap.com\/brazil\/products\/artificial-intelligence.html?url_id=text-blogentry-innovationBlogBR-2024_blog-original-post-sapcom\" target=\"_blank\" rel=\"noopener\"><u>IA<\/u><\/a>\u00a0e an\u00e1lise de dados,\u00a0tornam poss\u00edvel medir o crescimento econ\u00f4mico de maneira sustent\u00e1vel. Por isso, uma dica importante \u00e9 implementar processos de design digital, maior transpar\u00eancia na cadeia de abastecimento e log\u00edstica de reciclagem eficiente.<\/p>\n<h3><strong>M\u00e9tricas de sustentabilidade e relat\u00f3rios Integrados<\/strong><\/h3>\n<p>O desenvolvimento de<strong>\u00a0<\/strong>m\u00e9tricas que incorporem impactos ambientais e sociais \u00e0s pr\u00e1ticas comerciais\u00a0\u00e9 essencial para as organiza\u00e7\u00f5es que querem tra\u00e7ar <a href=\"https:\/\/www.sap.com\/brazil\/sustainability\/esg-reporting.html?url_id=text-blogentry-innovationBlogBR-2024_blog-original-post-sapcom\" target=\"_blank\" rel=\"noopener\"><u>estrat\u00e9gias sustent\u00e1veis<\/u><\/a>. O objetivo deve ser reparar os danos causados ao planeta, mensurando o sucesso em rela\u00e7\u00e3o aos padr\u00f5es exigidos pelos \u00f3rg\u00e3os reguladores, investidores e sociedade.<\/p>\n<h3><strong>Compromisso com o cliente<\/strong><\/h3>\n<p>Grandes marcas est\u00e3o adotando padr\u00f5es de sustentabilidade para assim aumentar a visibilidade nas cadeias de suprimentos. Conquistar certifica\u00e7\u00f5es e adotar design inteligente de produtos s\u00e3o boas maneiras de ganhar a aten\u00e7\u00e3o dos consumidores e dos acionistas.<\/p>\n<h3><strong>Transporte e log\u00edstica sustent\u00e1veis<\/strong><\/h3>\n<p>Sistemas de entrega e log\u00edstica\u00a0s\u00e3o\u00a0oportunidades para implementar medidas ecol\u00f3gicas. Utilizar\u00a0tecnologias, como pain\u00e9is solares em ve\u00edculos e armaz\u00e9ns com energia renov\u00e1vel, ajudam a reduzir o carbono nas\u00a0cadeias\u00a0de abastecimento\u00a0e impactam positivamente o meio ambiente.<\/p>\n<h3><strong>T<\/strong><strong>rip\u00e9 da sustentabilidade<\/strong><\/h3>\n<p>Esse m\u00e9todo consiste em integrar\u00a0pessoas, planeta e lucro nas pr\u00e1ticas de neg\u00f3cios. Iniciativas de impacto real\u00a0\u2013 ex: solu\u00e7\u00f5es baseadas na prote\u00e7\u00e3o do meio ambiente e projetos sociais\u00a0\u2013\u00a0fortalecem o equil\u00edbrio entre desenvolvimento econ\u00f4mico e conserva\u00e7\u00e3o ambiental.<\/p>\n<p>O futuro empresarial \u00e9 sustent\u00e1vel. O conceito de <a href=\"#connect?url_id=text-blogentry-innovationBlogBR-2024_blog-original-post-sapcom\" target=\"_blank\" rel=\"noopener\"><u>responsabilidade corporativa<\/u><\/a>\u00a0est\u00e1 ganhando uma nova dimens\u00e3o, por isso \u00e9 importante estar preparado para se adaptar. Empresas e l\u00edderes preparados para essa transforma\u00e7\u00e3o n\u00e3o apenas prosperar\u00e3o nos novos tempos, mas tamb\u00e9m desempenhar\u00e3o um papel vital na constru\u00e7\u00e3o de um futuro mais sustent\u00e1vel para todos. Fa\u00e7a parte deste movimento com as <a href=\"https:\/\/www.sap.com\/brazil\/sustainability.html?url_id=text-blogentry-innovationBlogBR-2024_blog-original-post-sapcom\" target=\"_blank\" rel=\"noopener\"><u>solu\u00e7\u00f5es de sustentabilidade da 麻豆原创<\/u><\/a>.<\/p>\n<p>Acompanhe mais novidades nos canais de comunica\u00e7\u00e3o da 麻豆原创: \u00a0<a href=\"https:\/\/www.facebook.com\/麻豆原创\/\" target=\"_blank\" rel=\"noopener\"><u>Facebook\u00a0<\/u><\/a>\/\u00a0<a href=\"https:\/\/twitter.com\/麻豆原创Brasil\" target=\"_blank\" rel=\"noopener\"><u>Twitter<\/u><\/a><a href=\"https:\/\/twitter.com\/麻豆原创Brasil\"><u>\u00a0<\/u><\/a>\/\u00a0<a href=\"https:\/\/www.linkedin.com\/company\/1115\/\" target=\"_blank\" rel=\"noopener\"><u>LinkedIn<\/u><\/a><a href=\"https:\/\/www.linkedin.com\/company\/1115\/\"><u>\u00a0<\/u><\/a>\/\u00a0<a href=\"https:\/\/www.instagram.com\/sap_brasil\/\" target=\"_blank\" rel=\"noopener\"><u>Instagram<\/u><\/a><\/p>\n<p>\u00a9 2024 麻豆原创 SE. All rights reserved. 麻豆原创 and other 麻豆原创 products and services mentioned here in as well as their respective logos are trademarks or registered trademarks of 麻豆原创 SE in Germany and other countries. Please see <a href=\"http:\/\/www.sap.com\/corporate-en\/legal\/copyright\/index.epx#trademark\" target=\"_blank\" rel=\"noopener\"><u>http:\/\/www.sap.com\/corporate-en\/legal\/copyright\/index.epx#trademark<\/u><\/a>\u00a0for additional trademark information and notices.<\/p>\n","protected":false},"excerpt":{"rendered":"<p>O caminho para a sustentabilidade empresarial integra pessoas, planeta e lucro. \u00a0\u00a0\u00a0\u00a0\u00a0 No cen\u00e1rio corporativo atual,\u00a0a sustentabilidade j\u00e1 est\u00e1 deixando de ser escolha \u00e9tica para&#8230;<\/p>\n","protected":false},"author":561,"featured_media":17591,"comment_status":"closed","ping_status":"closed","sticky":false,"template":"","format":"standard","meta":{"footnotes":"","_links_to":"","_links_to_target":""},"categories":[52858],"tags":[5599356,16615,59223],"sapn-display":[48431,48433],"sapn-type":[6114],"class_list":["post-17585","post","type-post","status-publish","format-standard","has-post-thumbnail","hentry","category-sustentabilidade-topicos","tag-economia-circular","tag-sustentabilidade","tag-sustentabilidade-empresarial","sapn-display-homepage-hero","sapn-display-hero","sapn-type-artigo"],"yoast_head":"<!-- This site is optimized with the Yoast SEO Premium plugin v26.9 (Yoast SEO v26.9) - https:\/\/yoast.com\/product\/yoast-seo-premium-wordpress\/ -->\n<title>D\u00ea o primeiro passo em dire\u00e7\u00e3o \u00e0 sustentabilidade empresarial - Sala de Imprensa 麻豆原创 Brasil<\/title>\n<meta name=\"description\" content=\"O caminho para a sustentabilidade empresarial integra pessoas, planeta e lucro. Alguns fatores determinantes est\u00e3o moldando o futuro.\" \/>\n<meta name=\"robots\" content=\"index, follow, max-snippet:-1, max-image-preview:large, max-video-preview:-1\" \/>\n<link rel=\"canonical\" href=\"https:\/\/news.sap.com\/brazil\/2024\/01\/de-o-primeiro-passo-em-direcao-a-sustentabilidade-empresarial-bl0g\/\" \/>\n<meta property=\"og:locale\" content=\"pt_BR\" \/>\n<meta property=\"og:type\" content=\"article\" \/>\n<meta property=\"og:title\" content=\"D\u00ea o primeiro passo em dire\u00e7\u00e3o \u00e0 sustentabilidade empresarial\" \/>\n<meta property=\"og:description\" content=\"O caminho para a sustentabilidade empresarial integra pessoas, planeta e lucro.\" \/>\n<meta property=\"og:url\" content=\"https:\/\/news.sap.com\/brazil\/2024\/01\/de-o-primeiro-passo-em-direcao-a-sustentabilidade-empresarial-bl0g\/\" \/>\n<meta property=\"og:site_name\" content=\"Sala de Imprensa 麻豆原创 Brasil\" \/>\n<meta property=\"article:published_time\" content=\"2024-01-23T12:00:33+00:00\" \/>\n<meta property=\"og:image\" content=\"https:\/\/news.sap.com\/brazil\/files\/2024\/01\/03\/4_291248.png\" \/>\n\t<meta property=\"og:image:width\" content=\"1920\" \/>\n\t<meta property=\"og:image:height\" content=\"600\" \/>\n\t<meta property=\"og:image:type\" content=\"image\/png\" \/>\n<meta name=\"author\" content=\"麻豆原创 Brasil\" \/>\n<meta name=\"twitter:card\" content=\"summary_large_image\" \/>\n<meta name=\"twitter:title\" content=\"D\u00ea o primeiro passo em dire\u00e7\u00e3o \u00e0 sustentabilidade empresarial\" \/>\n<meta name=\"twitter:creator\" content=\"@麻豆原创Brasil\" \/>\n<meta name=\"twitter:site\" content=\"@麻豆原创Brasil\" \/>\n<meta name=\"twitter:label1\" content=\"Escrito por\" \/>\n\t<meta name=\"twitter:data1\" content=\"麻豆原创 Brasil\" \/>\n\t<meta name=\"twitter:label2\" content=\"Est. tempo de leitura\" \/>\n\t<meta name=\"twitter:data2\" content=\"3 minutos\" \/>\n<script type=\"application\/ld+json\" class=\"yoast-schema-graph\">{\"@context\":\"https:\/\/schema.org\",\"@graph\":[{\"@type\":\"Article\",\"@id\":\"https:\/\/news.sap.com\/brazil\/2024\/01\/de-o-primeiro-passo-em-direcao-a-sustentabilidade-empresarial-bl0g\/#article\",\"isPartOf\":{\"@id\":\"https:\/\/news.sap.com\/brazil\/2024\/01\/de-o-primeiro-passo-em-direcao-a-sustentabilidade-empresarial-bl0g\/\"},\"author\":{\"name\":\"麻豆原创 Brasil\",\"@id\":\"https:\/\/news.sap.com\/brazil\/#\/schema\/person\/1cfc5d6de5ffdc23f1f3b1670a90ae3c\"},\"headline\":\"D\u00ea o primeiro passo em dire\u00e7\u00e3o \u00e0 sustentabilidade empresarial\",\"datePublished\":\"2024-01-23T12:00:33+00:00\",\"mainEntityOfPage\":{\"@id\":\"https:\/\/news.sap.com\/brazil\/2024\/01\/de-o-primeiro-passo-em-direcao-a-sustentabilidade-empresarial-bl0g\/\"},\"wordCount\":612,\"image\":{\"@id\":\"https:\/\/news.sap.com\/brazil\/2024\/01\/de-o-primeiro-passo-em-direcao-a-sustentabilidade-empresarial-bl0g\/#primaryimage\"},\"thumbnailUrl\":\"https:\/\/news.sap.com\/brazil\/files\/2024\/01\/03\/4_291248.png\",\"keywords\":[\"Economia Circular\",\"sustentabilidade\",\"sustentabilidade empresarial\"],\"articleSection\":[\"Sustentabilidade\"],\"inLanguage\":\"pt-BR\"},{\"@type\":\"WebPage\",\"@id\":\"https:\/\/news.sap.com\/brazil\/2024\/01\/de-o-primeiro-passo-em-direcao-a-sustentabilidade-empresarial-bl0g\/\",\"url\":\"https:\/\/news.sap.com\/brazil\/2024\/01\/de-o-primeiro-passo-em-direcao-a-sustentabilidade-empresarial-bl0g\/\",\"name\":\"D\u00ea o primeiro passo em dire\u00e7\u00e3o \u00e0 sustentabilidade empresarial - Sala de Imprensa 麻豆原创 Brasil\",\"isPartOf\":{\"@id\":\"https:\/\/news.sap.com\/brazil\/#website\"},\"primaryImageOfPage\":{\"@id\":\"https:\/\/news.sap.com\/brazil\/2024\/01\/de-o-primeiro-passo-em-direcao-a-sustentabilidade-empresarial-bl0g\/#primaryimage\"},\"image\":{\"@id\":\"https:\/\/news.sap.com\/brazil\/2024\/01\/de-o-primeiro-passo-em-direcao-a-sustentabilidade-empresarial-bl0g\/#primaryimage\"},\"thumbnailUrl\":\"https:\/\/news.sap.com\/brazil\/files\/2024\/01\/03\/4_291248.png\",\"datePublished\":\"2024-01-23T12:00:33+00:00\",\"author\":{\"@id\":\"https:\/\/news.sap.com\/brazil\/#\/schema\/person\/1cfc5d6de5ffdc23f1f3b1670a90ae3c\"},\"description\":\"O caminho para a sustentabilidade empresarial integra pessoas, planeta e lucro. Alguns fatores determinantes est\u00e3o moldando o futuro.\",\"breadcrumb\":{\"@id\":\"https:\/\/news.sap.com\/brazil\/2024\/01\/de-o-primeiro-passo-em-direcao-a-sustentabilidade-empresarial-bl0g\/#breadcrumb\"},\"inLanguage\":\"pt-BR\",\"potentialAction\":[{\"@type\":\"ReadAction\",\"target\":[\"https:\/\/news.sap.com\/brazil\/2024\/01\/de-o-primeiro-passo-em-direcao-a-sustentabilidade-empresarial-bl0g\/\"]}]},{\"@type\":\"ImageObject\",\"inLanguage\":\"pt-BR\",\"@id\":\"https:\/\/news.sap.com\/brazil\/2024\/01\/de-o-primeiro-passo-em-direcao-a-sustentabilidade-empresarial-bl0g\/#primaryimage\",\"url\":\"https:\/\/news.sap.com\/brazil\/files\/2024\/01\/03\/4_291248.png\",\"contentUrl\":\"https:\/\/news.sap.com\/brazil\/files\/2024\/01\/03\/4_291248.png\",\"width\":1920,\"height\":600},{\"@type\":\"BreadcrumbList\",\"@id\":\"https:\/\/news.sap.com\/brazil\/2024\/01\/de-o-primeiro-passo-em-direcao-a-sustentabilidade-empresarial-bl0g\/#breadcrumb\",\"itemListElement\":[{\"@type\":\"ListItem\",\"position\":1,\"name\":\"Home\",\"item\":\"https:\/\/news.sap.com\/brazil\/\"},{\"@type\":\"ListItem\",\"position\":2,\"name\":\"D\u00ea o primeiro passo em dire\u00e7\u00e3o \u00e0 sustentabilidade empresarial\"}]},{\"@type\":\"WebSite\",\"@id\":\"https:\/\/news.sap.com\/brazil\/#website\",\"url\":\"https:\/\/news.sap.com\/brazil\/\",\"name\":\"Sala de Imprensa 麻豆原创 Brasil\",\"description\":\"Not\u00edcias e informa\u00e7\u00f5es sobre a 麻豆原创\",\"potentialAction\":[{\"@type\":\"SearchAction\",\"target\":{\"@type\":\"EntryPoint\",\"urlTemplate\":\"https:\/\/news.sap.com\/brazil\/?s={search_term_string}\"},\"query-input\":{\"@type\":\"PropertyValueSpecification\",\"valueRequired\":true,\"valueName\":\"search_term_string\"}}],\"inLanguage\":\"pt-BR\"},{\"@type\":\"Person\",\"@id\":\"https:\/\/news.sap.com\/brazil\/#\/schema\/person\/1cfc5d6de5ffdc23f1f3b1670a90ae3c\",\"name\":\"麻豆原创 Brasil\",\"image\":{\"@type\":\"ImageObject\",\"inLanguage\":\"pt-BR\",\"@id\":\"https:\/\/news.sap.com\/brazil\/#\/schema\/person\/image\/\",\"url\":\"https:\/\/news.sap.com\/brazil\/wp-content\/plugins\/wp-user-avatars\/wp-user-avatars\/assets\/images\/mystery.jpg\",\"contentUrl\":\"https:\/\/news.sap.com\/brazil\/wp-content\/plugins\/wp-user-avatars\/wp-user-avatars\/assets\/images\/mystery.jpg\",\"caption\":\"麻豆原创 Brasil\"},\"url\":\"https:\/\/news.sap.com\/brazil\/author\/raquelcasciato\/\"}]}<\/script>\n<!-- \/ Yoast SEO Premium plugin. -->","yoast_head_json":{"title":"D\u00ea o primeiro passo em dire\u00e7\u00e3o \u00e0 sustentabilidade empresarial - Sala de Imprensa 麻豆原创 Brasil","description":"O caminho para a sustentabilidade empresarial integra pessoas, planeta e lucro. Alguns fatores determinantes est\u00e3o moldando o futuro.","robots":{"index":"index","follow":"follow","max-snippet":"max-snippet:-1","max-image-preview":"max-image-preview:large","max-video-preview":"max-video-preview:-1"},"canonical":"https:\/\/news.sap.com\/brazil\/2024\/01\/de-o-primeiro-passo-em-direcao-a-sustentabilidade-empresarial-bl0g\/","og_locale":"pt_BR","og_type":"article","og_title":"D\u00ea o primeiro passo em dire\u00e7\u00e3o \u00e0 sustentabilidade empresarial","og_description":"O caminho para a sustentabilidade empresarial integra pessoas, planeta e lucro.","og_url":"https:\/\/news.sap.com\/brazil\/2024\/01\/de-o-primeiro-passo-em-direcao-a-sustentabilidade-empresarial-bl0g\/","og_site_name":"Sala de Imprensa 麻豆原创 Brasil","article_published_time":"2024-01-23T12:00:33+00:00","og_image":[{"width":1920,"height":600,"url":"https:\/\/news.sap.com\/brazil\/files\/2024\/01\/03\/4_291248.png","type":"image\/png"}],"author":"麻豆原创 Brasil","twitter_card":"summary_large_image","twitter_title":"D\u00ea o primeiro passo em dire\u00e7\u00e3o \u00e0 sustentabilidade empresarial","twitter_creator":"@麻豆原创Brasil","twitter_site":"@麻豆原创Brasil","twitter_misc":{"Escrito por":"麻豆原创 Brasil","Est. tempo de leitura":"3 minutos"},"schema":{"@context":"https:\/\/schema.org","@graph":[{"@type":"Article","@id":"https:\/\/news.sap.com\/brazil\/2024\/01\/de-o-primeiro-passo-em-direcao-a-sustentabilidade-empresarial-bl0g\/#article","isPartOf":{"@id":"https:\/\/news.sap.com\/brazil\/2024\/01\/de-o-primeiro-passo-em-direcao-a-sustentabilidade-empresarial-bl0g\/"},"author":{"name":"麻豆原创 Brasil","@id":"https:\/\/news.sap.com\/brazil\/#\/schema\/person\/1cfc5d6de5ffdc23f1f3b1670a90ae3c"},"headline":"D\u00ea o primeiro passo em dire\u00e7\u00e3o \u00e0 sustentabilidade empresarial","datePublished":"2024-01-23T12:00:33+00:00","mainEntityOfPage":{"@id":"https:\/\/news.sap.com\/brazil\/2024\/01\/de-o-primeiro-passo-em-direcao-a-sustentabilidade-empresarial-bl0g\/"},"wordCount":612,"image":{"@id":"https:\/\/news.sap.com\/brazil\/2024\/01\/de-o-primeiro-passo-em-direcao-a-sustentabilidade-empresarial-bl0g\/#primaryimage"},"thumbnailUrl":"https:\/\/news.sap.com\/brazil\/files\/2024\/01\/03\/4_291248.png","keywords":["Economia Circular","sustentabilidade","sustentabilidade empresarial"],"articleSection":["Sustentabilidade"],"inLanguage":"pt-BR"},{"@type":"WebPage","@id":"https:\/\/news.sap.com\/brazil\/2024\/01\/de-o-primeiro-passo-em-direcao-a-sustentabilidade-empresarial-bl0g\/","url":"https:\/\/news.sap.com\/brazil\/2024\/01\/de-o-primeiro-passo-em-direcao-a-sustentabilidade-empresarial-bl0g\/","name":"D\u00ea o primeiro passo em dire\u00e7\u00e3o \u00e0 sustentabilidade empresarial - Sala de Imprensa 麻豆原创 Brasil","isPartOf":{"@id":"https:\/\/news.sap.com\/brazil\/#website"},"primaryImageOfPage":{"@id":"https:\/\/news.sap.com\/brazil\/2024\/01\/de-o-primeiro-passo-em-direcao-a-sustentabilidade-empresarial-bl0g\/#primaryimage"},"image":{"@id":"https:\/\/news.sap.com\/brazil\/2024\/01\/de-o-primeiro-passo-em-direcao-a-sustentabilidade-empresarial-bl0g\/#primaryimage"},"thumbnailUrl":"https:\/\/news.sap.com\/brazil\/files\/2024\/01\/03\/4_291248.png","datePublished":"2024-01-23T12:00:33+00:00","author":{"@id":"https:\/\/news.sap.com\/brazil\/#\/schema\/person\/1cfc5d6de5ffdc23f1f3b1670a90ae3c"},"description":"O caminho para a sustentabilidade empresarial integra pessoas, planeta e lucro. Alguns fatores determinantes est\u00e3o moldando o futuro.","breadcrumb":{"@id":"https:\/\/news.sap.com\/brazil\/2024\/01\/de-o-primeiro-passo-em-direcao-a-sustentabilidade-empresarial-bl0g\/#breadcrumb"},"inLanguage":"pt-BR","potentialAction":[{"@type":"ReadAction","target":["https:\/\/news.sap.com\/brazil\/2024\/01\/de-o-primeiro-passo-em-direcao-a-sustentabilidade-empresarial-bl0g\/"]}]},{"@type":"ImageObject","inLanguage":"pt-BR","@id":"https:\/\/news.sap.com\/brazil\/2024\/01\/de-o-primeiro-passo-em-direcao-a-sustentabilidade-empresarial-bl0g\/#primaryimage","url":"https:\/\/news.sap.com\/brazil\/files\/2024\/01\/03\/4_291248.png","contentUrl":"https:\/\/news.sap.com\/brazil\/files\/2024\/01\/03\/4_291248.png","width":1920,"height":600},{"@type":"BreadcrumbList","@id":"https:\/\/news.sap.com\/brazil\/2024\/01\/de-o-primeiro-passo-em-direcao-a-sustentabilidade-empresarial-bl0g\/#breadcrumb","itemListElement":[{"@type":"ListItem","position":1,"name":"Home","item":"https:\/\/news.sap.com\/brazil\/"},{"@type":"ListItem","position":2,"name":"D\u00ea o primeiro passo em dire\u00e7\u00e3o \u00e0 sustentabilidade empresarial"}]},{"@type":"WebSite","@id":"https:\/\/news.sap.com\/brazil\/#website","url":"https:\/\/news.sap.com\/brazil\/","name":"Sala de Imprensa 麻豆原创 Brasil","description":"Not\u00edcias e informa\u00e7\u00f5es sobre a 麻豆原创","potentialAction":[{"@type":"SearchAction","target":{"@type":"EntryPoint","urlTemplate":"https:\/\/news.sap.com\/brazil\/?s={search_term_string}"},"query-input":{"@type":"PropertyValueSpecification","valueRequired":true,"valueName":"search_term_string"}}],"inLanguage":"pt-BR"},{"@type":"Person","@id":"https:\/\/news.sap.com\/brazil\/#\/schema\/person\/1cfc5d6de5ffdc23f1f3b1670a90ae3c","name":"麻豆原创 Brasil","image":{"@type":"ImageObject","inLanguage":"pt-BR","@id":"https:\/\/news.sap.com\/brazil\/#\/schema\/person\/image\/","url":"https:\/\/news.sap.com\/brazil\/wp-content\/plugins\/wp-user-avatars\/wp-user-avatars\/assets\/images\/mystery.jpg","contentUrl":"https:\/\/news.sap.com\/brazil\/wp-content\/plugins\/wp-user-avatars\/wp-user-avatars\/assets\/images\/mystery.jpg","caption":"麻豆原创 Brasil"},"url":"https:\/\/news.sap.com\/brazil\/author\/raquelcasciato\/"}]}},"amp_enabled":true,"_links":{"self":[{"href":"https:\/\/news.sap.com\/brazil\/wp-json\/wp\/v2\/posts\/17585","targetHints":{"allow":["GET"]}}],"collection":[{"href":"https:\/\/news.sap.com\/brazil\/wp-json\/wp\/v2\/posts"}],"about":[{"href":"https:\/\/news.sap.com\/brazil\/wp-json\/wp\/v2\/types\/post"}],"author":[{"embeddable":true,"href":"https:\/\/news.sap.com\/brazil\/wp-json\/wp\/v2\/users\/561"}],"replies":[{"embeddable":true,"href":"https:\/\/news.sap.com\/brazil\/wp-json\/wp\/v2\/comments?post=17585"}],"version-history":[{"count":0,"href":"https:\/\/news.sap.com\/brazil\/wp-json\/wp\/v2\/posts\/17585\/revisions"}],"wp:featuredmedia":[{"embeddable":true,"href":"https:\/\/news.sap.com\/brazil\/wp-json\/wp\/v2\/media\/17591"}],"wp:attachment":[{"href":"https:\/\/news.sap.com\/brazil\/wp-json\/wp\/v2\/media?parent=17585"}],"wp:term":[{"taxonomy":"category","embeddable":true,"href":"https:\/\/news.sap.com\/brazil\/wp-json\/wp\/v2\/categories?post=17585"},{"taxonomy":"post_tag","embeddable":true,"href":"https:\/\/news.sap.com\/brazil\/wp-json\/wp\/v2\/tags?post=17585"},{"taxonomy":"sapn-display","embeddable":true,"href":"https:\/\/news.sap.com\/brazil\/wp-json\/wp\/v2\/sapn-display?post=17585"},{"taxonomy":"sapn-type","embeddable":true,"href":"https:\/\/news.sap.com\/brazil\/wp-json\/wp\/v2\/sapn-type?post=17585"}],"curies":[{"name":"wp","href":"https:\/\/api.w.org\/{rel}","templated":true}]}}