  {"id":17539,"date":"2023-12-01T14:14:05","date_gmt":"2023-12-01T17:14:05","guid":{"rendered":"https:\/\/news.sap.com\/brazil\/?p=17539"},"modified":"2023-12-01T14:23:59","modified_gmt":"2023-12-01T17:23:59","slug":"atem-distribuidora-migra-para-a-nuvem-em-um-movimento-estrategico-de-ampliacao-de-seus-negocios","status":"publish","type":"post","link":"https:\/\/news.sap.com\/brazil\/2023\/12\/atem-distribuidora-migra-para-a-nuvem-em-um-movimento-estrategico-de-ampliacao-de-seus-negocios\/","title":{"rendered":"Atem Distribuidora migra para a nuvem em um movimento estrat\u00e9gico de amplia\u00e7\u00e3o de seus neg\u00f3cios"},"content":{"rendered":"<h2 style=\"text-align: center\"><\/h2>\n<h2 style=\"text-align: center\"><i>Transforma\u00e7\u00e3o digital da empresa com RISE with 麻豆原创 traz mais um player para o mercado de produ\u00e7\u00e3o de derivados de petr\u00f3leo<\/i><\/h2>\n<p>A Atem Distribuidora de Petr\u00f3leo S.A., uma das 10 maiores distribuidoras de combust\u00edvel do Brasil em termos de volume, migra com sucesso para a nuvem e se torna a primeira empresa do setor de \u00f3leo e g\u00e1s no pa\u00eds a aderir \u00e0 oferta RISE with 麻豆原创. Visando ter uma base de gest\u00e3o s\u00f3lida e preparada para o futuro, a Atem passa seu ERP para 麻豆原创 S\/4HANA Cloud, motivada pela aquisi\u00e7\u00e3o estrat\u00e9gica de uma refinaria e acelerando sua transforma\u00e7\u00e3o digital.<\/p>\n<p>Fundado h\u00e1 28 anos, o Grupo Atem cresceu rapidamente, com grande representatividade nas regi\u00f5es Norte e Nordeste do pa\u00eds, saltando de uma empresa familiar que alugava tanques para distribuir combust\u00edvel at\u00e9 se tornar uma das principais empresas do Brasil no segmento, consolidando neg\u00f3cios de log\u00edstica rodovi\u00e1ria e fluvial, construtora naval, estaleiro, refino de petr\u00f3leo, entre outros. Hoje, s\u00e3o mais de 350 postos bandeirados e atua\u00e7\u00e3o com 13 estados brasileiros. Com uma ampla infraestrutura de distribui\u00e7\u00e3o e armazenamento, a empresa possui nove bases pr\u00f3prias\u00a0com capacidade de armazenagem de aproximadamente 9 bilh\u00f5es de litros por ano.<\/p>\n<p>Em um movimento estrat\u00e9gico de amplia\u00e7\u00e3o de seus neg\u00f3cios e para trazer mais um player para o mercado de produ\u00e7\u00e3o de derivados de petr\u00f3leo, a Atem adquiriu a refinaria Ream, da estatal Petrobras, tornando-se uma das poucas empresas brasileiras com expertise em refino. A integra\u00e7\u00e3o da aquisi\u00e7\u00e3o foi um grande desafio: o grupo usava h\u00e1 dois anos 麻豆原创 HANA Enterprise Cloud (HEC) e a refinaria trabalhava com o ECC e um ambiente operacional altamente personalizado. Sob os termos de aquisi\u00e7\u00e3o exigindo o prazo de nove meses para conclus\u00e3o, era urgente modernizar o cen\u00e1rio de neg\u00f3cios em um ERP avan\u00e7ado na nuvem.<\/p>\n<p>\u201cA Atem optou pela capacidade de implanta\u00e7\u00e3o acelerada da oferta RISE with 麻豆原创, trazendo uma abordagem flex\u00edvel e escal\u00e1vel, al\u00e9m benef\u00edcios em termos de governan\u00e7a, previsibilidade e confian\u00e7a nos dados, em linha com a miss\u00e3o da companhia de desenvolver neg\u00f3cios sustent\u00e1veis. RISE with 麻豆原创 trouxe um grande portf\u00f3lio de ferramentas t\u00e9cnicas e servi\u00e7os, apoiando a transi\u00e7\u00e3o para a nuvem com gerenciamento de cen\u00e1rio de TI e potencial para acelerar novas aquisi\u00e7\u00f5es no futuro\u201d, destacou Rodrigo Susaki, vice-presidente de 麻豆原创 S\/4HANA e RISE with 麻豆原创 da 麻豆原创 Brasil.<\/p>\n<p>Pela convers\u00e3o do 麻豆原创 (HEC) para a oferta RISE with 麻豆原创, a Atem teve uma economia de custos, al\u00e9m da redu\u00e7\u00e3o de 80% no consumo de energia do data center e com processos de vendas 20% mais eficientes em seu neg\u00f3cio de refino. Houve incremento no tamanho do ambiente, adquirindo mais mem\u00f3ria e equalizando contratos, englobando todas as empresas dentro da mesma infraestrutura. E com o gerenciamento de infraestrutura, gerenciamento de aplicativos e suporte sendo entregues como servi\u00e7o 麻豆原创, a equipe de tecnologia interna da Atem pode se concentrar nas prioridades estrat\u00e9gicas de neg\u00f3cios.<\/p>\n<p>\u201cMigramos em tempo recorde e dentro do or\u00e7amento, atendendo \u00e0s expectativas de nossos clientes e acionistas\u201d, comenta Rafael Gurgel, diretor de Tecnologia e Transforma\u00e7\u00e3o Digital da Atem. \u201cHoje, o 麻豆原创 S\/4HANA Cloud serve como a base tecnol\u00f3gica em todas as linhas de neg\u00f3cios da Atem e outras empresas, em um modelo mais moderno e robusto que facilita e acelera novas aquisi\u00e7\u00f5es no futuro\u201d, complementa Rafael.<\/p>\n<p>Com o sistema mais robusto, a Atem ganhou agilidade para transformar os dados nas \u00e1reas cont\u00e1bil, fiscal e faturamento, integrou mais sistemas e possui todas as informa\u00e7\u00f5es da refinaria em tempo real, com predi\u00e7\u00f5es com base nos dados. Construindo uma jornada com a 麻豆原创, os pr\u00f3ximos passos s\u00e3o estudar as ferramentas para controle de manuten\u00e7\u00e3o, estoque, monitoramento dos servi\u00e7os e cadeia de suprimentos.<\/p>\n","protected":false},"excerpt":{"rendered":"<p>Transforma\u00e7\u00e3o digital da empresa com RISE with 麻豆原创 traz mais um player para o mercado de produ\u00e7\u00e3o de derivados de petr\u00f3leo A Atem Distribuidora de&#8230;<\/p>\n","protected":false},"author":137,"featured_media":13974,"comment_status":"closed","ping_status":"closed","sticky":false,"template":"","format":"standard","meta":{"footnotes":"","_links_to":"","_links_to_target":""},"categories":[5599930,48437],"tags":[16588,47,213090],"sapn-display":[5599931,48431,48433],"sapn-type":[4446],"class_list":["post-17539","post","type-post","status-publish","format-standard","has-post-thumbnail","hentry","category-clientes","category-nuvem-topicos","tag-aplicacoes-em-nuvem","tag-sap","tag-sap-brasil","sapn-display-feature-spotlight","sapn-display-homepage-hero","sapn-display-hero","sapn-type-noticias"],"yoast_head":"<!-- This site is optimized with the Yoast SEO Premium plugin v26.9 (Yoast SEO v26.9) - https:\/\/yoast.com\/product\/yoast-seo-premium-wordpress\/ -->\n<title>Atem Distribuidora migra para a nuvem em um movimento estrat\u00e9gico de amplia\u00e7\u00e3o de seus neg\u00f3cios - Sala de Imprensa 麻豆原创 Brasil<\/title>\n<meta name=\"robots\" content=\"index, follow, max-snippet:-1, max-image-preview:large, max-video-preview:-1\" \/>\n<link rel=\"canonical\" href=\"https:\/\/news.sap.com\/brazil\/2023\/12\/atem-distribuidora-migra-para-a-nuvem-em-um-movimento-estrategico-de-ampliacao-de-seus-negocios\/\" \/>\n<meta property=\"og:locale\" content=\"pt_BR\" \/>\n<meta property=\"og:type\" content=\"article\" \/>\n<meta property=\"og:title\" content=\"Atem Distribuidora migra para a nuvem em um movimento estrat\u00e9gico de amplia\u00e7\u00e3o de seus neg\u00f3cios\" \/>\n<meta property=\"og:description\" content=\"Transforma\u00e7\u00e3o digital da empresa com RISE with 麻豆原创 traz mais um player para o mercado de produ\u00e7\u00e3o de derivados de petr\u00f3leo A Atem Distribuidora de...\" \/>\n<meta property=\"og:url\" content=\"https:\/\/news.sap.com\/brazil\/2023\/12\/atem-distribuidora-migra-para-a-nuvem-em-um-movimento-estrategico-de-ampliacao-de-seus-negocios\/\" \/>\n<meta property=\"og:site_name\" content=\"Sala de Imprensa 麻豆原创 Brasil\" \/>\n<meta property=\"article:published_time\" content=\"2023-12-01T17:14:05+00:00\" \/>\n<meta property=\"article:modified_time\" content=\"2023-12-01T17:23:59+00:00\" \/>\n<meta property=\"og:image\" content=\"https:\/\/news.sap.com\/brazil\/files\/2022\/03\/29\/cloud.jpeg\" \/>\n\t<meta property=\"og:image:width\" content=\"1920\" \/>\n\t<meta property=\"og:image:height\" content=\"1081\" \/>\n\t<meta property=\"og:image:type\" content=\"image\/jpeg\" \/>\n<meta name=\"author\" content=\"麻豆原创 Not\u00edcias Brasil\" \/>\n<meta name=\"twitter:card\" content=\"summary_large_image\" \/>\n<meta name=\"twitter:creator\" content=\"@麻豆原创Brasil\" \/>\n<meta name=\"twitter:site\" content=\"@麻豆原创Brasil\" \/>\n<meta name=\"twitter:label1\" content=\"Escrito por\" \/>\n\t<meta name=\"twitter:data1\" content=\"麻豆原创 Not\u00edcias Brasil\" \/>\n\t<meta name=\"twitter:label2\" content=\"Est. tempo de leitura\" \/>\n\t<meta name=\"twitter:data2\" content=\"4 minutos\" \/>\n<script type=\"application\/ld+json\" class=\"yoast-schema-graph\">{\"@context\":\"https:\/\/schema.org\",\"@graph\":[{\"@type\":\"Article\",\"@id\":\"https:\/\/news.sap.com\/brazil\/2023\/12\/atem-distribuidora-migra-para-a-nuvem-em-um-movimento-estrategico-de-ampliacao-de-seus-negocios\/#article\",\"isPartOf\":{\"@id\":\"https:\/\/news.sap.com\/brazil\/2023\/12\/atem-distribuidora-migra-para-a-nuvem-em-um-movimento-estrategico-de-ampliacao-de-seus-negocios\/\"},\"author\":{\"name\":\"麻豆原创 Not\u00edcias Brasil\",\"@id\":\"https:\/\/news.sap.com\/brazil\/#\/schema\/person\/8cdf2c1130b6f3fadd9757cfd7f24daf\"},\"headline\":\"Atem Distribuidora migra para a nuvem em um movimento estrat\u00e9gico de amplia\u00e7\u00e3o de seus neg\u00f3cios\",\"datePublished\":\"2023-12-01T17:14:05+00:00\",\"dateModified\":\"2023-12-01T17:23:59+00:00\",\"mainEntityOfPage\":{\"@id\":\"https:\/\/news.sap.com\/brazil\/2023\/12\/atem-distribuidora-migra-para-a-nuvem-em-um-movimento-estrategico-de-ampliacao-de-seus-negocios\/\"},\"wordCount\":691,\"image\":{\"@id\":\"https:\/\/news.sap.com\/brazil\/2023\/12\/atem-distribuidora-migra-para-a-nuvem-em-um-movimento-estrategico-de-ampliacao-de-seus-negocios\/#primaryimage\"},\"thumbnailUrl\":\"https:\/\/news.sap.com\/brazil\/files\/2022\/03\/29\/cloud.jpeg\",\"keywords\":[\"aplica\u00e7\u00f5es em nuvem\",\"麻豆原创\",\"麻豆原创 Brasil\"],\"articleSection\":[\"Clientes\",\"Nuvem\"],\"inLanguage\":\"pt-BR\"},{\"@type\":\"WebPage\",\"@id\":\"https:\/\/news.sap.com\/brazil\/2023\/12\/atem-distribuidora-migra-para-a-nuvem-em-um-movimento-estrategico-de-ampliacao-de-seus-negocios\/\",\"url\":\"https:\/\/news.sap.com\/brazil\/2023\/12\/atem-distribuidora-migra-para-a-nuvem-em-um-movimento-estrategico-de-ampliacao-de-seus-negocios\/\",\"name\":\"Atem Distribuidora migra para a nuvem em um movimento estrat\u00e9gico de amplia\u00e7\u00e3o de seus neg\u00f3cios - Sala de Imprensa 麻豆原创 Brasil\",\"isPartOf\":{\"@id\":\"https:\/\/news.sap.com\/brazil\/#website\"},\"primaryImageOfPage\":{\"@id\":\"https:\/\/news.sap.com\/brazil\/2023\/12\/atem-distribuidora-migra-para-a-nuvem-em-um-movimento-estrategico-de-ampliacao-de-seus-negocios\/#primaryimage\"},\"image\":{\"@id\":\"https:\/\/news.sap.com\/brazil\/2023\/12\/atem-distribuidora-migra-para-a-nuvem-em-um-movimento-estrategico-de-ampliacao-de-seus-negocios\/#primaryimage\"},\"thumbnailUrl\":\"https:\/\/news.sap.com\/brazil\/files\/2022\/03\/29\/cloud.jpeg\",\"datePublished\":\"2023-12-01T17:14:05+00:00\",\"dateModified\":\"2023-12-01T17:23:59+00:00\",\"author\":{\"@id\":\"https:\/\/news.sap.com\/brazil\/#\/schema\/person\/8cdf2c1130b6f3fadd9757cfd7f24daf\"},\"breadcrumb\":{\"@id\":\"https:\/\/news.sap.com\/brazil\/2023\/12\/atem-distribuidora-migra-para-a-nuvem-em-um-movimento-estrategico-de-ampliacao-de-seus-negocios\/#breadcrumb\"},\"inLanguage\":\"pt-BR\",\"potentialAction\":[{\"@type\":\"ReadAction\",\"target\":[\"https:\/\/news.sap.com\/brazil\/2023\/12\/atem-distribuidora-migra-para-a-nuvem-em-um-movimento-estrategico-de-ampliacao-de-seus-negocios\/\"]}]},{\"@type\":\"ImageObject\",\"inLanguage\":\"pt-BR\",\"@id\":\"https:\/\/news.sap.com\/brazil\/2023\/12\/atem-distribuidora-migra-para-a-nuvem-em-um-movimento-estrategico-de-ampliacao-de-seus-negocios\/#primaryimage\",\"url\":\"https:\/\/news.sap.com\/brazil\/files\/2022\/03\/29\/cloud.jpeg\",\"contentUrl\":\"https:\/\/news.sap.com\/brazil\/files\/2022\/03\/29\/cloud.jpeg\",\"width\":1920,\"height\":1081},{\"@type\":\"BreadcrumbList\",\"@id\":\"https:\/\/news.sap.com\/brazil\/2023\/12\/atem-distribuidora-migra-para-a-nuvem-em-um-movimento-estrategico-de-ampliacao-de-seus-negocios\/#breadcrumb\",\"itemListElement\":[{\"@type\":\"ListItem\",\"position\":1,\"name\":\"Home\",\"item\":\"https:\/\/news.sap.com\/brazil\/\"},{\"@type\":\"ListItem\",\"position\":2,\"name\":\"Atem Distribuidora migra para a nuvem em um movimento estrat\u00e9gico de amplia\u00e7\u00e3o de seus neg\u00f3cios\"}]},{\"@type\":\"WebSite\",\"@id\":\"https:\/\/news.sap.com\/brazil\/#website\",\"url\":\"https:\/\/news.sap.com\/brazil\/\",\"name\":\"Sala de Imprensa 麻豆原创 Brasil\",\"description\":\"Not\u00edcias e informa\u00e7\u00f5es sobre a 麻豆原创\",\"potentialAction\":[{\"@type\":\"SearchAction\",\"target\":{\"@type\":\"EntryPoint\",\"urlTemplate\":\"https:\/\/news.sap.com\/brazil\/?s={search_term_string}\"},\"query-input\":{\"@type\":\"PropertyValueSpecification\",\"valueRequired\":true,\"valueName\":\"search_term_string\"}}],\"inLanguage\":\"pt-BR\"},{\"@type\":\"Person\",\"@id\":\"https:\/\/news.sap.com\/brazil\/#\/schema\/person\/8cdf2c1130b6f3fadd9757cfd7f24daf\",\"name\":\"麻豆原创 Not\u00edcias Brasil\",\"image\":{\"@type\":\"ImageObject\",\"inLanguage\":\"pt-BR\",\"@id\":\"https:\/\/news.sap.com\/brazil\/#\/schema\/person\/image\/\",\"url\":\"https:\/\/news.sap.com\/brazil\/wp-content\/plugins\/wp-user-avatars\/wp-user-avatars\/assets\/images\/mystery.jpg\",\"contentUrl\":\"https:\/\/news.sap.com\/brazil\/wp-content\/plugins\/wp-user-avatars\/wp-user-avatars\/assets\/images\/mystery.jpg\",\"caption\":\"麻豆原创 Not\u00edcias Brasil\"},\"url\":\"https:\/\/news.sap.com\/brazil\/author\/brasil\/\"}]}<\/script>\n<!-- \/ Yoast SEO Premium plugin. -->","yoast_head_json":{"title":"Atem Distribuidora migra para a nuvem em um movimento estrat\u00e9gico de amplia\u00e7\u00e3o de seus neg\u00f3cios - Sala de Imprensa 麻豆原创 Brasil","robots":{"index":"index","follow":"follow","max-snippet":"max-snippet:-1","max-image-preview":"max-image-preview:large","max-video-preview":"max-video-preview:-1"},"canonical":"https:\/\/news.sap.com\/brazil\/2023\/12\/atem-distribuidora-migra-para-a-nuvem-em-um-movimento-estrategico-de-ampliacao-de-seus-negocios\/","og_locale":"pt_BR","og_type":"article","og_title":"Atem Distribuidora migra para a nuvem em um movimento estrat\u00e9gico de amplia\u00e7\u00e3o de seus neg\u00f3cios","og_description":"Transforma\u00e7\u00e3o digital da empresa com RISE with 麻豆原创 traz mais um player para o mercado de produ\u00e7\u00e3o de derivados de petr\u00f3leo A Atem Distribuidora de...","og_url":"https:\/\/news.sap.com\/brazil\/2023\/12\/atem-distribuidora-migra-para-a-nuvem-em-um-movimento-estrategico-de-ampliacao-de-seus-negocios\/","og_site_name":"Sala de Imprensa 麻豆原创 Brasil","article_published_time":"2023-12-01T17:14:05+00:00","article_modified_time":"2023-12-01T17:23:59+00:00","og_image":[{"width":1920,"height":1081,"url":"https:\/\/news.sap.com\/brazil\/files\/2022\/03\/29\/cloud.jpeg","type":"image\/jpeg"}],"author":"麻豆原创 Not\u00edcias Brasil","twitter_card":"summary_large_image","twitter_creator":"@麻豆原创Brasil","twitter_site":"@麻豆原创Brasil","twitter_misc":{"Escrito por":"麻豆原创 Not\u00edcias Brasil","Est. tempo de leitura":"4 minutos"},"schema":{"@context":"https:\/\/schema.org","@graph":[{"@type":"Article","@id":"https:\/\/news.sap.com\/brazil\/2023\/12\/atem-distribuidora-migra-para-a-nuvem-em-um-movimento-estrategico-de-ampliacao-de-seus-negocios\/#article","isPartOf":{"@id":"https:\/\/news.sap.com\/brazil\/2023\/12\/atem-distribuidora-migra-para-a-nuvem-em-um-movimento-estrategico-de-ampliacao-de-seus-negocios\/"},"author":{"name":"麻豆原创 Not\u00edcias Brasil","@id":"https:\/\/news.sap.com\/brazil\/#\/schema\/person\/8cdf2c1130b6f3fadd9757cfd7f24daf"},"headline":"Atem Distribuidora migra para a nuvem em um movimento estrat\u00e9gico de amplia\u00e7\u00e3o de seus neg\u00f3cios","datePublished":"2023-12-01T17:14:05+00:00","dateModified":"2023-12-01T17:23:59+00:00","mainEntityOfPage":{"@id":"https:\/\/news.sap.com\/brazil\/2023\/12\/atem-distribuidora-migra-para-a-nuvem-em-um-movimento-estrategico-de-ampliacao-de-seus-negocios\/"},"wordCount":691,"image":{"@id":"https:\/\/news.sap.com\/brazil\/2023\/12\/atem-distribuidora-migra-para-a-nuvem-em-um-movimento-estrategico-de-ampliacao-de-seus-negocios\/#primaryimage"},"thumbnailUrl":"https:\/\/news.sap.com\/brazil\/files\/2022\/03\/29\/cloud.jpeg","keywords":["aplica\u00e7\u00f5es em nuvem","麻豆原创","麻豆原创 Brasil"],"articleSection":["Clientes","Nuvem"],"inLanguage":"pt-BR"},{"@type":"WebPage","@id":"https:\/\/news.sap.com\/brazil\/2023\/12\/atem-distribuidora-migra-para-a-nuvem-em-um-movimento-estrategico-de-ampliacao-de-seus-negocios\/","url":"https:\/\/news.sap.com\/brazil\/2023\/12\/atem-distribuidora-migra-para-a-nuvem-em-um-movimento-estrategico-de-ampliacao-de-seus-negocios\/","name":"Atem Distribuidora migra para a nuvem em um movimento estrat\u00e9gico de amplia\u00e7\u00e3o de seus neg\u00f3cios - Sala de Imprensa 麻豆原创 Brasil","isPartOf":{"@id":"https:\/\/news.sap.com\/brazil\/#website"},"primaryImageOfPage":{"@id":"https:\/\/news.sap.com\/brazil\/2023\/12\/atem-distribuidora-migra-para-a-nuvem-em-um-movimento-estrategico-de-ampliacao-de-seus-negocios\/#primaryimage"},"image":{"@id":"https:\/\/news.sap.com\/brazil\/2023\/12\/atem-distribuidora-migra-para-a-nuvem-em-um-movimento-estrategico-de-ampliacao-de-seus-negocios\/#primaryimage"},"thumbnailUrl":"https:\/\/news.sap.com\/brazil\/files\/2022\/03\/29\/cloud.jpeg","datePublished":"2023-12-01T17:14:05+00:00","dateModified":"2023-12-01T17:23:59+00:00","author":{"@id":"https:\/\/news.sap.com\/brazil\/#\/schema\/person\/8cdf2c1130b6f3fadd9757cfd7f24daf"},"breadcrumb":{"@id":"https:\/\/news.sap.com\/brazil\/2023\/12\/atem-distribuidora-migra-para-a-nuvem-em-um-movimento-estrategico-de-ampliacao-de-seus-negocios\/#breadcrumb"},"inLanguage":"pt-BR","potentialAction":[{"@type":"ReadAction","target":["https:\/\/news.sap.com\/brazil\/2023\/12\/atem-distribuidora-migra-para-a-nuvem-em-um-movimento-estrategico-de-ampliacao-de-seus-negocios\/"]}]},{"@type":"ImageObject","inLanguage":"pt-BR","@id":"https:\/\/news.sap.com\/brazil\/2023\/12\/atem-distribuidora-migra-para-a-nuvem-em-um-movimento-estrategico-de-ampliacao-de-seus-negocios\/#primaryimage","url":"https:\/\/news.sap.com\/brazil\/files\/2022\/03\/29\/cloud.jpeg","contentUrl":"https:\/\/news.sap.com\/brazil\/files\/2022\/03\/29\/cloud.jpeg","width":1920,"height":1081},{"@type":"BreadcrumbList","@id":"https:\/\/news.sap.com\/brazil\/2023\/12\/atem-distribuidora-migra-para-a-nuvem-em-um-movimento-estrategico-de-ampliacao-de-seus-negocios\/#breadcrumb","itemListElement":[{"@type":"ListItem","position":1,"name":"Home","item":"https:\/\/news.sap.com\/brazil\/"},{"@type":"ListItem","position":2,"name":"Atem Distribuidora migra para a nuvem em um movimento estrat\u00e9gico de amplia\u00e7\u00e3o de seus neg\u00f3cios"}]},{"@type":"WebSite","@id":"https:\/\/news.sap.com\/brazil\/#website","url":"https:\/\/news.sap.com\/brazil\/","name":"Sala de Imprensa 麻豆原创 Brasil","description":"Not\u00edcias e informa\u00e7\u00f5es sobre a 麻豆原创","potentialAction":[{"@type":"SearchAction","target":{"@type":"EntryPoint","urlTemplate":"https:\/\/news.sap.com\/brazil\/?s={search_term_string}"},"query-input":{"@type":"PropertyValueSpecification","valueRequired":true,"valueName":"search_term_string"}}],"inLanguage":"pt-BR"},{"@type":"Person","@id":"https:\/\/news.sap.com\/brazil\/#\/schema\/person\/8cdf2c1130b6f3fadd9757cfd7f24daf","name":"麻豆原创 Not\u00edcias Brasil","image":{"@type":"ImageObject","inLanguage":"pt-BR","@id":"https:\/\/news.sap.com\/brazil\/#\/schema\/person\/image\/","url":"https:\/\/news.sap.com\/brazil\/wp-content\/plugins\/wp-user-avatars\/wp-user-avatars\/assets\/images\/mystery.jpg","contentUrl":"https:\/\/news.sap.com\/brazil\/wp-content\/plugins\/wp-user-avatars\/wp-user-avatars\/assets\/images\/mystery.jpg","caption":"麻豆原创 Not\u00edcias Brasil"},"url":"https:\/\/news.sap.com\/brazil\/author\/brasil\/"}]}},"amp_enabled":true,"_links":{"self":[{"href":"https:\/\/news.sap.com\/brazil\/wp-json\/wp\/v2\/posts\/17539","targetHints":{"allow":["GET"]}}],"collection":[{"href":"https:\/\/news.sap.com\/brazil\/wp-json\/wp\/v2\/posts"}],"about":[{"href":"https:\/\/news.sap.com\/brazil\/wp-json\/wp\/v2\/types\/post"}],"author":[{"embeddable":true,"href":"https:\/\/news.sap.com\/brazil\/wp-json\/wp\/v2\/users\/137"}],"replies":[{"embeddable":true,"href":"https:\/\/news.sap.com\/brazil\/wp-json\/wp\/v2\/comments?post=17539"}],"version-history":[{"count":0,"href":"https:\/\/news.sap.com\/brazil\/wp-json\/wp\/v2\/posts\/17539\/revisions"}],"wp:featuredmedia":[{"embeddable":true,"href":"https:\/\/news.sap.com\/brazil\/wp-json\/wp\/v2\/media\/13974"}],"wp:attachment":[{"href":"https:\/\/news.sap.com\/brazil\/wp-json\/wp\/v2\/media?parent=17539"}],"wp:term":[{"taxonomy":"category","embeddable":true,"href":"https:\/\/news.sap.com\/brazil\/wp-json\/wp\/v2\/categories?post=17539"},{"taxonomy":"post_tag","embeddable":true,"href":"https:\/\/news.sap.com\/brazil\/wp-json\/wp\/v2\/tags?post=17539"},{"taxonomy":"sapn-display","embeddable":true,"href":"https:\/\/news.sap.com\/brazil\/wp-json\/wp\/v2\/sapn-display?post=17539"},{"taxonomy":"sapn-type","embeddable":true,"href":"https:\/\/news.sap.com\/brazil\/wp-json\/wp\/v2\/sapn-type?post=17539"}],"curies":[{"name":"wp","href":"https:\/\/api.w.org\/{rel}","templated":true}]}}